{"id":82890,"date":"2026-09-04T09:17:42","date_gmt":"2026-09-04T12:17:42","guid":{"rendered":"https:\/\/lifesgo.an9.com.br\/index.php\/2026\/09\/04\/orquestra-brasileira-de-musica-jamaicana-encontra-a-essencia-do-ska-e-do-reggae-em-gravacao-exclusiva-para-o-projeto-som-no-sebo\/"},"modified":"2026-09-04T09:17:43","modified_gmt":"2026-09-04T12:17:43","slug":"orquestra-brasileira-de-musica-jamaicana-encontra-a-essencia-do-ska-e-do-reggae-em-gravacao-exclusiva-para-o-projeto-som-no-sebo","status":"publish","type":"post","link":"https:\/\/lifesgo.an9.com.br\/index.php\/2026\/09\/04\/orquestra-brasileira-de-musica-jamaicana-encontra-a-essencia-do-ska-e-do-reggae-em-gravacao-exclusiva-para-o-projeto-som-no-sebo\/","title":{"rendered":"Orquestra Brasileira de M\u00fasica Jamaicana encontra a ess\u00eancia do SKA e do reggae em grava\u00e7\u00e3o exclusiva para o projeto &#8216;Som no Sebo&#8217;"},"content":{"rendered":"<p><strong>Com setlist exclusivo e uma sonoridade que resgata a est\u00e9tica simples e direta dos anos 60, a OBMJ une a energia dos palcos com a sensibilidade minimalista do audiovisual.<\/strong><\/p>\n<p>Refer\u00eancia absoluta no di\u00e1logo entre a m\u00fasica jamaicana e os ritmos brasileiros, a Orquestra Brasileira de M\u00fasica Jamaicana (OBMJ) lan\u00e7a sua participa\u00e7\u00e3o oficial no projeto Som no Sebo (SNS). Registrada em uma atmosfera intimista, a session captura a energia do baile tropical e a sofistica\u00e7\u00e3o instrumental do grupo, oferecendo uma experi\u00eancia audiovisual impec\u00e1vel.<\/p>\n<p>Para Felippe Pipeta, trompetista da OBMJ, gravar no Som no Sebo foi um retorno conceitual \u00e0s ra\u00edzes da pr\u00f3pria sonoridade do grupo. &#8220;A m\u00fasica que fazemos tem a raiz na Jamaica dos anos 60, com uma sonoridade forjada no simples, com equipamentos e realidade t\u00e9cnica de grava\u00e7\u00e3o muitas vezes limitados. Estarmos aqui, 60 anos depois, retoma muito essa ideia do simples \u2014 e funcionou muito bem&#8221; destaca. Ele complementa lembrando o conforto da banda no set: &#8220;Apesar de ser gravado ao vivo, a gente se sente muito \u00e0 vontade pra fazer nossa m\u00fasica, em uma qualidade incr\u00edvel dentro de uma proposta minimalista.&#8221;<\/p>\n<p>A sinergia foi rec\u00edproca. Para Daniela Kawanaka, curadora e produtora do Som no Sebo, o encontro superou as altas expectativas do projeto. &#8220;Fora o talento, a energia e a entrega dos m\u00fasicos foram incr\u00edveis. O material pronto s\u00f3 ressalta todo o cuidado do dia em entregar um registro com excel\u00eancia&#8221;, afirma.<\/p>\n<p>No repert\u00f3rio, a orquestra apresenta quatro faixas emblem\u00e1ticas que traduzem a for\u00e7a da sua fus\u00e3o sonora: as autorais &#8220;Pachamama&#8221;, &#8220;Tupinamb\u00e1&#8221; e &#8220;Maior&#8221;, al\u00e9m de uma releitura instrumental contagiante de &#8220;Aquele Abra\u00e7o&#8221;.<br \/>\nSOBRE A OBMJ Reconhecida por performances eletrizantes e por redefinir a sonoridade tropical, a OBMJ soma mais de uma d\u00e9cada de estrada com uma trajet\u00f3ria consolidada nacional e internacionalmente \u2014 acumulando turn\u00eas pelo Canad\u00e1 e M\u00e9xico, 4 discos lan\u00e7ados e apari\u00e7\u00f5es marcantes na TV, como na novela A Vida da Gente (Rede Globo) e no programa Altas Horas. A orquestra traz em seu curr\u00edculo colabora\u00e7\u00f5es com nomes expressivos da m\u00fasica brasileira, como Samuel Rosa, Nando Reis, Paralamas do Sucesso, BNeg\u00e3o, T\u00e1ssia Reis, Letieres Leite e Andr\u00e9 Abujamra.<\/p>\n<p>SOBRE O SOM NO SEBO Com curadoria focada na diversidade est\u00e9tica e geogr\u00e1fica, o Som no Sebo firma-se como uma das vitrines audiovisuais mais relevantes do circuito independente, promovendo o encontro da m\u00fasica ao vivo com cen\u00e1rios \u00fanicos e produ\u00e7\u00e3o t\u00e9cnica de alta qualidade.<\/p>\n<p><strong>FICHA T\u00c9CNICA<\/strong><\/p>\n<p>\u25cf\tM\u00fasicos (OBMJ): Andre Mitsuoka (Trombone), Fernando Bastos (Sax e Flauta), Lincoln Bretha (Baixo), Pedro Cunha (Teclados), Sergio Soffati (Guitarra), Igor Thomaz (Sax Alto e Bar\u00edtono), F\u00e1bio Luchs (Bateria), Otavio Nestares (Trompete), Felippe Pipeta (Trompete).<br \/>\n\u25cf\tDire\u00e7\u00e3o Art\u00edstica: Diego Oct\u00e1vio<br \/>\n\u25cf\tDire\u00e7\u00e3o de Fotografia: Joe Dumitriu &#038; Fabiano Battaglin<br \/>\n\u25cf\tProdu\u00e7\u00e3o Musical: Ariel Ataide<br \/>\n\u25cf\tC\u00e2meras: Joe Dumitriu, F\u00e1bio Nomura, Nicolas Sadoyama, Rafa Porto<br \/>\n\u25cf\tAssistentes de Som e C\u00e2mera: Kaliandra Robba\u00edna, Vini Toscano, Calif\u00f3rnia Ziglio<br \/>\n\u25cf\tEdi\u00e7\u00e3o: Fernando Dumitriu e Daniela Kawanaka<br \/>\n\u25cf\tProdu\u00e7\u00e3o Executiva: Cristiane Kawanaka<br \/>\n\u25cf\tProdu\u00e7\u00e3o e Cenografia: Daniela Kawanaka, Cristiane Kawanaka, Duda Andreetta<br \/>\n\u25cf\tStill: Fabiano Battaglin | Maquiagem: J\u00e9ssica Mendes | RP: Ivan Staicov<br \/>\n\u25cf\tMotion Graphics: Morocha | Dire\u00e7\u00e3o de Arte: Gustavo Leal | Design: Nedin Studio<br \/>\n\u25cf\tGest\u00e3o de Tr\u00e1fego: Thais Yna\u00ea<br \/>\n\u25cf\tCuradoria e Lan\u00e7amento Digital: Mar\u00e3 M\u00fasica<br \/>\n\u25cf\tApoio Jur\u00eddico: DMS Advogados<br \/>\n\u25cf\tEquipamentos e Apoio: Bianculli Produ\u00e7\u00f5es e Redstar<\/p>\n<p><a href=\"https:\/\/onerpm.link\/obmjsns\" target=\"_blank\" rel=\"noopener\">-&gt; ou\u00e7a o ep &lt;-<\/a><\/p>\n<figure style=\"text-align:center; margin:18px auto;\"><img decoding=\"async\" src=\"https:\/\/lifesgo.an9.com.br\/wp-content\/uploads\/2026\/09\/MCOM-PHOTO-092026-0223.jpg\" alt=\"\" style=\"max-width:100%; height:auto; display:block; margin-left:auto; margin-right:auto;\"><\/figure>\n<p><strong>CONFIRA AS M\u00daSICAS EXECUTADAS NA SESSION:<\/strong><br \/>\n1 -Pachamama<br \/>\n2 -Tupinamb\u00e1<br \/>\n3 &#8211; Maior<br \/>\n4 &#8211; Aquele abra\u00e7o <\/p>\n<p><strong>Sobre Mar\u00e3 M\u00fasica:<\/strong><\/p>\n<p>Empresa especializada em Marketing e Rela\u00e7\u00f5es P\u00fablicas, dentro do mercado da m\u00fasica, fundada em janeiro de 2018 na cidade de Jundia\u00ed, no estado de S\u00e3o Paulo. Idealizada e gerenciada por Henrique Roncoletta, vocalista e compositor da banda NDK, a Mar\u00e3 M\u00fasica atua na conex\u00e3o de artistas com marcas e empresas, al\u00e9m de atuar tamb\u00e9m na gest\u00e3o de imagem, carreiras, projetos, produ\u00e7\u00f5es art\u00edsticas e eventos culturais.<\/p>\n<p><strong>Links &#8211; Mar\u00e3 M\u00fasica<\/strong><\/p>\n<p><a href=\"https:\/\/maramusicamkt.com.br\" target=\"_blank\" rel=\"noopener\"><strong>Site<br \/>\noficial<\/strong><\/a><strong><\/strong><\/p>\n<p><a href=\"https:\/\/www.facebook.com\/maramusicamkt\/\" target=\"_blank\" rel=\"noopener\"><strong>Facebook<\/strong><\/a><strong><\/strong><\/p>\n<p><a href=\"https:\/\/www.instagram.com\/maramusicamkt\/\" target=\"_blank\" rel=\"noopener\"><strong>Instagram<\/strong><\/a><strong><\/strong><\/p>\n<p><a href=\"https:\/\/www.youtube.com\/c\/Mar%C3%A3M%C3%BAsicamkt\" target=\"_blank\" rel=\"noopener\"><strong>YouTube<\/strong><\/a><\/p>\n<p><strong>Sobre OBMJ:<\/strong><\/p>\n<p>Com touradas internacionais pelo Canad\u00e1 e M\u00e9xico, 4 discos lan\u00e7ados e apari\u00e7\u00f5es marcantes na TV \u2014 como na novela A Vida da Gente (Rede Globo) e no programa Altas Horas \u2014, a Orquestra Brasileira de M\u00fasica Jamaicana (OBMJ) \u00e9 refer\u00eancia na cena contempor\u00e2nea ao redefinir a sonoridade tropical. Famosa por seus bailes animados e performances energ\u00e9ticas, a OBMJ une a raiz do ska, reggae e rocksteady dos anos 60 aos ritmos brasileiros e composi\u00e7\u00f5es autorais, somando colabora\u00e7\u00f5es de peso com nomes como Samuel Rosa, Nando Reis, Paralamas do Sucesso, BNeg\u00e3o, T\u00e1ssia Reis e Letieres Leite.<\/p>\n<p><strong>Links \u2013 OBMJ<\/strong><\/p>\n<p><a href=\"https:\/\/open.spotify.com\/intl-pt\/artist\/28RBIZhnFFXuj6ST2ELsMS?si=kGIu60gER--puCEUKuxUXA\" target=\"_blank\" rel=\"noopener\"><strong>Spotify<\/strong><\/a><strong><br \/><\/strong><a href=\"https:\/\/www.instagram.com\/obmj\" target=\"_blank\" rel=\"noopener\"><strong>Instagram<\/strong><\/a><strong><br \/><\/strong><a href=\"https:\/\/www.youtube.com\/channel\/UChdT2Mm2auBumFJfAdftjqA\" target=\"_blank\" rel=\"noopener\"><strong>Youtube<\/strong><\/a><\/p>\n<p><strong>Sobre Som no Sebo:<\/strong><\/p>\n<p>O Som no Sebo (SNS) \u00e9 um projeto audiovisual independente que se destaca na cena musical pela curadoria cuidadosa e diversificada, reunindo artistas de diferentes estilos e regi\u00f5es do pa\u00eds em apresenta\u00e7\u00f5es intimistas e de alta qualidade t\u00e9cnica. Unindo a atmosfera afetiva e acolhedora do sebo a uma produ\u00e7\u00e3o de excel\u00eancia \u2014 que passa por cenografia, dire\u00e7\u00e3o de fotografia e mixagem primorosas \u2014, o SNS busca proporcionar um espa\u00e7o \u00fanico onde m\u00fasicos se sentem \u00e0 vontade para expressar sua arte, aproximando o p\u00fablico da ess\u00eancia viva da m\u00fasica ao vivo.<\/p>\n<p><strong>Links \u2013 OBMJ<\/strong><\/p>\n<p><a href=\"https:\/\/open.spotify.com\/intl-pt\/artist\/00ijnexzqcRdDN3w9hyMUU?si=gULcLEMRSLWINcK9ZVESqQ\" target=\"_blank\" rel=\"noopener\"><strong>Spotify<\/strong><\/a><strong><br \/><\/strong><a href=\"https:\/\/www.instagram.com\/somnosebo\" target=\"_blank\" rel=\"noopener\"><strong>Instagram<\/strong><\/a><strong><br \/><\/strong><a href=\"https:\/\/www.youtube.com\/channel\/UCTYBfMmrxRVP2IYfVJIjWrQ\" target=\"_blank\" rel=\"noopener\"><strong>Youtube<\/strong><\/a><\/p>\n<p><em>(Cr\u00e9dito: Divulga\u00e7\u00e3o)<\/em><\/p>\n","protected":false},"excerpt":{"rendered":"<p>Com setlist exclusivo e uma sonoridade que resgata a est\u00e9tica&#8230;<\/p>\n","protected":false},"author":1,"featured_media":82888,"comment_status":"open","ping_status":"open","sticky":false,"template":"","format":"standard","meta":{"_acf_changed":false,"footnotes":""},"categories":[27],"tags":[1440],"class_list":["post-82890","post","type-post","status-publish","format-standard","has-post-thumbnail","hentry","category-musica","tag-orquestra-brasileira-de-musica-jamaicana"],"acf":[],"yoast_head":"<!-- This site is optimized with the Yoast SEO plugin v28.4 - https:\/\/yoast.com\/product\/yoast-seo-wordpress\/ -->\n<title>Orquestra Brasileira de M\u00fasica Jamaicana encontra a ess\u00eancia do SKA e do reggae em grava\u00e7\u00e3o exclusiva para o projeto &#039;Som no Sebo&#039; - LifesGo<\/title>\n<meta name=\"robots\" content=\"index, follow, max-snippet:-1, max-image-preview:large, max-video-preview:-1\" \/>\n<link rel=\"canonical\" href=\"https:\/\/lifesgo.an9.com.br\/index.php\/2026\/09\/04\/orquestra-brasileira-de-musica-jamaicana-encontra-a-essencia-do-ska-e-do-reggae-em-gravacao-exclusiva-para-o-projeto-som-no-sebo\/\" \/>\n<meta property=\"og:locale\" content=\"pt_BR\" \/>\n<meta property=\"og:type\" content=\"article\" \/>\n<meta property=\"og:title\" content=\"Orquestra Brasileira de M\u00fasica Jamaicana encontra a ess\u00eancia do SKA e do reggae em grava\u00e7\u00e3o exclusiva para o projeto &#039;Som no Sebo&#039; - LifesGo\" \/>\n<meta property=\"og:description\" content=\"Com setlist exclusivo e uma sonoridade que resgata a est\u00e9tica...\" \/>\n<meta property=\"og:url\" content=\"https:\/\/lifesgo.an9.com.br\/index.php\/2026\/09\/04\/orquestra-brasileira-de-musica-jamaicana-encontra-a-essencia-do-ska-e-do-reggae-em-gravacao-exclusiva-para-o-projeto-som-no-sebo\/\" \/>\n<meta property=\"og:site_name\" content=\"LifesGo\" \/>\n<meta property=\"article:published_time\" content=\"2026-09-04T12:17:42+00:00\" \/>\n<meta property=\"article:modified_time\" content=\"2026-09-04T12:17:43+00:00\" \/>\n<meta property=\"og:image\" content=\"https:\/\/lifesgo.an9.com.br\/wp-content\/uploads\/2026\/09\/MCOM-PHOTO-092026-0222.jpg\" \/>\n\t<meta property=\"og:image:width\" content=\"800\" \/>\n\t<meta property=\"og:image:height\" content=\"492\" \/>\n\t<meta property=\"og:image:type\" content=\"image\/jpeg\" \/>\n<meta name=\"author\" content=\"LifesGo\" \/>\n<meta name=\"twitter:card\" content=\"summary_large_image\" \/>\n<meta name=\"twitter:label1\" content=\"Escrito por\" \/>\n\t<meta name=\"twitter:data1\" content=\"LifesGo\" \/>\n\t<meta name=\"twitter:label2\" content=\"Est. tempo de leitura\" \/>\n\t<meta name=\"twitter:data2\" content=\"5 minutos\" \/>\n<script type=\"application\/ld+json\" class=\"yoast-schema-graph\">{\"@context\":\"https:\\\/\\\/schema.org\",\"@graph\":[{\"@type\":\"Article\",\"@id\":\"https:\\\/\\\/lifesgo.an9.com.br\\\/index.php\\\/2026\\\/09\\\/04\\\/orquestra-brasileira-de-musica-jamaicana-encontra-a-essencia-do-ska-e-do-reggae-em-gravacao-exclusiva-para-o-projeto-som-no-sebo\\\/#article\",\"isPartOf\":{\"@id\":\"https:\\\/\\\/lifesgo.an9.com.br\\\/index.php\\\/2026\\\/09\\\/04\\\/orquestra-brasileira-de-musica-jamaicana-encontra-a-essencia-do-ska-e-do-reggae-em-gravacao-exclusiva-para-o-projeto-som-no-sebo\\\/\"},\"author\":{\"name\":\"LifesGo\",\"@id\":\"https:\\\/\\\/lifesgo.an9.com.br\\\/#\\\/schema\\\/person\\\/b34bfc24fce1f5cb9dc117e2efe61a07\"},\"headline\":\"Orquestra Brasileira de M\u00fasica Jamaicana encontra a ess\u00eancia do SKA e do reggae em grava\u00e7\u00e3o exclusiva para o projeto &#8216;Som no Sebo&#8217;\",\"datePublished\":\"2026-09-04T12:17:42+00:00\",\"dateModified\":\"2026-09-04T12:17:43+00:00\",\"mainEntityOfPage\":{\"@id\":\"https:\\\/\\\/lifesgo.an9.com.br\\\/index.php\\\/2026\\\/09\\\/04\\\/orquestra-brasileira-de-musica-jamaicana-encontra-a-essencia-do-ska-e-do-reggae-em-gravacao-exclusiva-para-o-projeto-som-no-sebo\\\/\"},\"wordCount\":947,\"commentCount\":0,\"image\":{\"@id\":\"https:\\\/\\\/lifesgo.an9.com.br\\\/index.php\\\/2026\\\/09\\\/04\\\/orquestra-brasileira-de-musica-jamaicana-encontra-a-essencia-do-ska-e-do-reggae-em-gravacao-exclusiva-para-o-projeto-som-no-sebo\\\/#primaryimage\"},\"thumbnailUrl\":\"https:\\\/\\\/lifesgo.an9.com.br\\\/wp-content\\\/uploads\\\/2026\\\/09\\\/MCOM-PHOTO-092026-0222.jpg\",\"keywords\":[\"Orquestra Brasileira de M\u00fasica Jamaicana\"],\"articleSection\":[\"M\u00fasica\"],\"inLanguage\":\"pt-BR\",\"potentialAction\":[{\"@type\":\"CommentAction\",\"name\":\"Comment\",\"target\":[\"https:\\\/\\\/lifesgo.an9.com.br\\\/index.php\\\/2026\\\/09\\\/04\\\/orquestra-brasileira-de-musica-jamaicana-encontra-a-essencia-do-ska-e-do-reggae-em-gravacao-exclusiva-para-o-projeto-som-no-sebo\\\/#respond\"]}]},{\"@type\":\"WebPage\",\"@id\":\"https:\\\/\\\/lifesgo.an9.com.br\\\/index.php\\\/2026\\\/09\\\/04\\\/orquestra-brasileira-de-musica-jamaicana-encontra-a-essencia-do-ska-e-do-reggae-em-gravacao-exclusiva-para-o-projeto-som-no-sebo\\\/\",\"url\":\"https:\\\/\\\/lifesgo.an9.com.br\\\/index.php\\\/2026\\\/09\\\/04\\\/orquestra-brasileira-de-musica-jamaicana-encontra-a-essencia-do-ska-e-do-reggae-em-gravacao-exclusiva-para-o-projeto-som-no-sebo\\\/\",\"name\":\"Orquestra Brasileira de M\u00fasica Jamaicana encontra a ess\u00eancia do SKA e do reggae em grava\u00e7\u00e3o exclusiva para o projeto 'Som no Sebo' - LifesGo\",\"isPartOf\":{\"@id\":\"https:\\\/\\\/lifesgo.an9.com.br\\\/#website\"},\"primaryImageOfPage\":{\"@id\":\"https:\\\/\\\/lifesgo.an9.com.br\\\/index.php\\\/2026\\\/09\\\/04\\\/orquestra-brasileira-de-musica-jamaicana-encontra-a-essencia-do-ska-e-do-reggae-em-gravacao-exclusiva-para-o-projeto-som-no-sebo\\\/#primaryimage\"},\"image\":{\"@id\":\"https:\\\/\\\/lifesgo.an9.com.br\\\/index.php\\\/2026\\\/09\\\/04\\\/orquestra-brasileira-de-musica-jamaicana-encontra-a-essencia-do-ska-e-do-reggae-em-gravacao-exclusiva-para-o-projeto-som-no-sebo\\\/#primaryimage\"},\"thumbnailUrl\":\"https:\\\/\\\/lifesgo.an9.com.br\\\/wp-content\\\/uploads\\\/2026\\\/09\\\/MCOM-PHOTO-092026-0222.jpg\",\"datePublished\":\"2026-09-04T12:17:42+00:00\",\"dateModified\":\"2026-09-04T12:17:43+00:00\",\"author\":{\"@id\":\"https:\\\/\\\/lifesgo.an9.com.br\\\/#\\\/schema\\\/person\\\/b34bfc24fce1f5cb9dc117e2efe61a07\"},\"breadcrumb\":{\"@id\":\"https:\\\/\\\/lifesgo.an9.com.br\\\/index.php\\\/2026\\\/09\\\/04\\\/orquestra-brasileira-de-musica-jamaicana-encontra-a-essencia-do-ska-e-do-reggae-em-gravacao-exclusiva-para-o-projeto-som-no-sebo\\\/#breadcrumb\"},\"inLanguage\":\"pt-BR\",\"potentialAction\":[{\"@type\":\"ReadAction\",\"target\":[\"https:\\\/\\\/lifesgo.an9.com.br\\\/index.php\\\/2026\\\/09\\\/04\\\/orquestra-brasileira-de-musica-jamaicana-encontra-a-essencia-do-ska-e-do-reggae-em-gravacao-exclusiva-para-o-projeto-som-no-sebo\\\/\"]}]},{\"@type\":\"ImageObject\",\"inLanguage\":\"pt-BR\",\"@id\":\"https:\\\/\\\/lifesgo.an9.com.br\\\/index.php\\\/2026\\\/09\\\/04\\\/orquestra-brasileira-de-musica-jamaicana-encontra-a-essencia-do-ska-e-do-reggae-em-gravacao-exclusiva-para-o-projeto-som-no-sebo\\\/#primaryimage\",\"url\":\"https:\\\/\\\/lifesgo.an9.com.br\\\/wp-content\\\/uploads\\\/2026\\\/09\\\/MCOM-PHOTO-092026-0222.jpg\",\"contentUrl\":\"https:\\\/\\\/lifesgo.an9.com.br\\\/wp-content\\\/uploads\\\/2026\\\/09\\\/MCOM-PHOTO-092026-0222.jpg\",\"width\":800,\"height\":492},{\"@type\":\"BreadcrumbList\",\"@id\":\"https:\\\/\\\/lifesgo.an9.com.br\\\/index.php\\\/2026\\\/09\\\/04\\\/orquestra-brasileira-de-musica-jamaicana-encontra-a-essencia-do-ska-e-do-reggae-em-gravacao-exclusiva-para-o-projeto-som-no-sebo\\\/#breadcrumb\",\"itemListElement\":[{\"@type\":\"ListItem\",\"position\":1,\"name\":\"In\u00edcio\",\"item\":\"https:\\\/\\\/lifesgo.an9.com.br\\\/\"},{\"@type\":\"ListItem\",\"position\":2,\"name\":\"Orquestra Brasileira de M\u00fasica Jamaicana encontra a ess\u00eancia do SKA e do reggae em grava\u00e7\u00e3o exclusiva para o projeto &#8216;Som no Sebo&#8217;\"}]},{\"@type\":\"WebSite\",\"@id\":\"https:\\\/\\\/lifesgo.an9.com.br\\\/#website\",\"url\":\"https:\\\/\\\/lifesgo.an9.com.br\\\/\",\"name\":\"LifesGo\",\"description\":\"\",\"potentialAction\":[{\"@type\":\"SearchAction\",\"target\":{\"@type\":\"EntryPoint\",\"urlTemplate\":\"https:\\\/\\\/lifesgo.an9.com.br\\\/?s={search_term_string}\"},\"query-input\":{\"@type\":\"PropertyValueSpecification\",\"valueRequired\":true,\"valueName\":\"search_term_string\"}}],\"inLanguage\":\"pt-BR\"},{\"@type\":\"Person\",\"@id\":\"https:\\\/\\\/lifesgo.an9.com.br\\\/#\\\/schema\\\/person\\\/b34bfc24fce1f5cb9dc117e2efe61a07\",\"name\":\"LifesGo\",\"image\":{\"@type\":\"ImageObject\",\"inLanguage\":\"pt-BR\",\"@id\":\"https:\\\/\\\/secure.gravatar.com\\\/avatar\\\/ed0fb6c2dc8ca8634274f12b6bcee558dbcb1b05612be222e7d40b115c40b4f2?s=96&d=mm&r=g\",\"url\":\"https:\\\/\\\/secure.gravatar.com\\\/avatar\\\/ed0fb6c2dc8ca8634274f12b6bcee558dbcb1b05612be222e7d40b115c40b4f2?s=96&d=mm&r=g\",\"contentUrl\":\"https:\\\/\\\/secure.gravatar.com\\\/avatar\\\/ed0fb6c2dc8ca8634274f12b6bcee558dbcb1b05612be222e7d40b115c40b4f2?s=96&d=mm&r=g\",\"caption\":\"LifesGo\"},\"sameAs\":[\"https:\\\/\\\/lifesgo.com.br\"],\"url\":\"https:\\\/\\\/lifesgo.an9.com.br\\\/index.php\\\/author\\\/lucamor\\\/\"}]}<\/script>\n<!-- \/ Yoast SEO plugin. -->","yoast_head_json":{"title":"Orquestra Brasileira de M\u00fasica Jamaicana encontra a ess\u00eancia do SKA e do reggae em grava\u00e7\u00e3o exclusiva para o projeto 'Som no Sebo' - LifesGo","robots":{"index":"index","follow":"follow","max-snippet":"max-snippet:-1","max-image-preview":"max-image-preview:large","max-video-preview":"max-video-preview:-1"},"canonical":"https:\/\/lifesgo.an9.com.br\/index.php\/2026\/09\/04\/orquestra-brasileira-de-musica-jamaicana-encontra-a-essencia-do-ska-e-do-reggae-em-gravacao-exclusiva-para-o-projeto-som-no-sebo\/","og_locale":"pt_BR","og_type":"article","og_title":"Orquestra Brasileira de M\u00fasica Jamaicana encontra a ess\u00eancia do SKA e do reggae em grava\u00e7\u00e3o exclusiva para o projeto 'Som no Sebo' - LifesGo","og_description":"Com setlist exclusivo e uma sonoridade que resgata a est\u00e9tica...","og_url":"https:\/\/lifesgo.an9.com.br\/index.php\/2026\/09\/04\/orquestra-brasileira-de-musica-jamaicana-encontra-a-essencia-do-ska-e-do-reggae-em-gravacao-exclusiva-para-o-projeto-som-no-sebo\/","og_site_name":"LifesGo","article_published_time":"2026-09-04T12:17:42+00:00","article_modified_time":"2026-09-04T12:17:43+00:00","og_image":[{"width":800,"height":492,"url":"https:\/\/lifesgo.an9.com.br\/wp-content\/uploads\/2026\/09\/MCOM-PHOTO-092026-0222.jpg","type":"image\/jpeg"}],"author":"LifesGo","twitter_card":"summary_large_image","twitter_misc":{"Escrito por":"LifesGo","Est. tempo de leitura":"5 minutos"},"schema":{"@context":"https:\/\/schema.org","@graph":[{"@type":"Article","@id":"https:\/\/lifesgo.an9.com.br\/index.php\/2026\/09\/04\/orquestra-brasileira-de-musica-jamaicana-encontra-a-essencia-do-ska-e-do-reggae-em-gravacao-exclusiva-para-o-projeto-som-no-sebo\/#article","isPartOf":{"@id":"https:\/\/lifesgo.an9.com.br\/index.php\/2026\/09\/04\/orquestra-brasileira-de-musica-jamaicana-encontra-a-essencia-do-ska-e-do-reggae-em-gravacao-exclusiva-para-o-projeto-som-no-sebo\/"},"author":{"name":"LifesGo","@id":"https:\/\/lifesgo.an9.com.br\/#\/schema\/person\/b34bfc24fce1f5cb9dc117e2efe61a07"},"headline":"Orquestra Brasileira de M\u00fasica Jamaicana encontra a ess\u00eancia do SKA e do reggae em grava\u00e7\u00e3o exclusiva para o projeto &#8216;Som no Sebo&#8217;","datePublished":"2026-09-04T12:17:42+00:00","dateModified":"2026-09-04T12:17:43+00:00","mainEntityOfPage":{"@id":"https:\/\/lifesgo.an9.com.br\/index.php\/2026\/09\/04\/orquestra-brasileira-de-musica-jamaicana-encontra-a-essencia-do-ska-e-do-reggae-em-gravacao-exclusiva-para-o-projeto-som-no-sebo\/"},"wordCount":947,"commentCount":0,"image":{"@id":"https:\/\/lifesgo.an9.com.br\/index.php\/2026\/09\/04\/orquestra-brasileira-de-musica-jamaicana-encontra-a-essencia-do-ska-e-do-reggae-em-gravacao-exclusiva-para-o-projeto-som-no-sebo\/#primaryimage"},"thumbnailUrl":"https:\/\/lifesgo.an9.com.br\/wp-content\/uploads\/2026\/09\/MCOM-PHOTO-092026-0222.jpg","keywords":["Orquestra Brasileira de M\u00fasica Jamaicana"],"articleSection":["M\u00fasica"],"inLanguage":"pt-BR","potentialAction":[{"@type":"CommentAction","name":"Comment","target":["https:\/\/lifesgo.an9.com.br\/index.php\/2026\/09\/04\/orquestra-brasileira-de-musica-jamaicana-encontra-a-essencia-do-ska-e-do-reggae-em-gravacao-exclusiva-para-o-projeto-som-no-sebo\/#respond"]}]},{"@type":"WebPage","@id":"https:\/\/lifesgo.an9.com.br\/index.php\/2026\/09\/04\/orquestra-brasileira-de-musica-jamaicana-encontra-a-essencia-do-ska-e-do-reggae-em-gravacao-exclusiva-para-o-projeto-som-no-sebo\/","url":"https:\/\/lifesgo.an9.com.br\/index.php\/2026\/09\/04\/orquestra-brasileira-de-musica-jamaicana-encontra-a-essencia-do-ska-e-do-reggae-em-gravacao-exclusiva-para-o-projeto-som-no-sebo\/","name":"Orquestra Brasileira de M\u00fasica Jamaicana encontra a ess\u00eancia do SKA e do reggae em grava\u00e7\u00e3o exclusiva para o projeto 'Som no Sebo' - LifesGo","isPartOf":{"@id":"https:\/\/lifesgo.an9.com.br\/#website"},"primaryImageOfPage":{"@id":"https:\/\/lifesgo.an9.com.br\/index.php\/2026\/09\/04\/orquestra-brasileira-de-musica-jamaicana-encontra-a-essencia-do-ska-e-do-reggae-em-gravacao-exclusiva-para-o-projeto-som-no-sebo\/#primaryimage"},"image":{"@id":"https:\/\/lifesgo.an9.com.br\/index.php\/2026\/09\/04\/orquestra-brasileira-de-musica-jamaicana-encontra-a-essencia-do-ska-e-do-reggae-em-gravacao-exclusiva-para-o-projeto-som-no-sebo\/#primaryimage"},"thumbnailUrl":"https:\/\/lifesgo.an9.com.br\/wp-content\/uploads\/2026\/09\/MCOM-PHOTO-092026-0222.jpg","datePublished":"2026-09-04T12:17:42+00:00","dateModified":"2026-09-04T12:17:43+00:00","author":{"@id":"https:\/\/lifesgo.an9.com.br\/#\/schema\/person\/b34bfc24fce1f5cb9dc117e2efe61a07"},"breadcrumb":{"@id":"https:\/\/lifesgo.an9.com.br\/index.php\/2026\/09\/04\/orquestra-brasileira-de-musica-jamaicana-encontra-a-essencia-do-ska-e-do-reggae-em-gravacao-exclusiva-para-o-projeto-som-no-sebo\/#breadcrumb"},"inLanguage":"pt-BR","potentialAction":[{"@type":"ReadAction","target":["https:\/\/lifesgo.an9.com.br\/index.php\/2026\/09\/04\/orquestra-brasileira-de-musica-jamaicana-encontra-a-essencia-do-ska-e-do-reggae-em-gravacao-exclusiva-para-o-projeto-som-no-sebo\/"]}]},{"@type":"ImageObject","inLanguage":"pt-BR","@id":"https:\/\/lifesgo.an9.com.br\/index.php\/2026\/09\/04\/orquestra-brasileira-de-musica-jamaicana-encontra-a-essencia-do-ska-e-do-reggae-em-gravacao-exclusiva-para-o-projeto-som-no-sebo\/#primaryimage","url":"https:\/\/lifesgo.an9.com.br\/wp-content\/uploads\/2026\/09\/MCOM-PHOTO-092026-0222.jpg","contentUrl":"https:\/\/lifesgo.an9.com.br\/wp-content\/uploads\/2026\/09\/MCOM-PHOTO-092026-0222.jpg","width":800,"height":492},{"@type":"BreadcrumbList","@id":"https:\/\/lifesgo.an9.com.br\/index.php\/2026\/09\/04\/orquestra-brasileira-de-musica-jamaicana-encontra-a-essencia-do-ska-e-do-reggae-em-gravacao-exclusiva-para-o-projeto-som-no-sebo\/#breadcrumb","itemListElement":[{"@type":"ListItem","position":1,"name":"In\u00edcio","item":"https:\/\/lifesgo.an9.com.br\/"},{"@type":"ListItem","position":2,"name":"Orquestra Brasileira de M\u00fasica Jamaicana encontra a ess\u00eancia do SKA e do reggae em grava\u00e7\u00e3o exclusiva para o projeto &#8216;Som no Sebo&#8217;"}]},{"@type":"WebSite","@id":"https:\/\/lifesgo.an9.com.br\/#website","url":"https:\/\/lifesgo.an9.com.br\/","name":"LifesGo","description":"","potentialAction":[{"@type":"SearchAction","target":{"@type":"EntryPoint","urlTemplate":"https:\/\/lifesgo.an9.com.br\/?s={search_term_string}"},"query-input":{"@type":"PropertyValueSpecification","valueRequired":true,"valueName":"search_term_string"}}],"inLanguage":"pt-BR"},{"@type":"Person","@id":"https:\/\/lifesgo.an9.com.br\/#\/schema\/person\/b34bfc24fce1f5cb9dc117e2efe61a07","name":"LifesGo","image":{"@type":"ImageObject","inLanguage":"pt-BR","@id":"https:\/\/secure.gravatar.com\/avatar\/ed0fb6c2dc8ca8634274f12b6bcee558dbcb1b05612be222e7d40b115c40b4f2?s=96&d=mm&r=g","url":"https:\/\/secure.gravatar.com\/avatar\/ed0fb6c2dc8ca8634274f12b6bcee558dbcb1b05612be222e7d40b115c40b4f2?s=96&d=mm&r=g","contentUrl":"https:\/\/secure.gravatar.com\/avatar\/ed0fb6c2dc8ca8634274f12b6bcee558dbcb1b05612be222e7d40b115c40b4f2?s=96&d=mm&r=g","caption":"LifesGo"},"sameAs":["https:\/\/lifesgo.com.br"],"url":"https:\/\/lifesgo.an9.com.br\/index.php\/author\/lucamor\/"}]}},"_links":{"self":[{"href":"https:\/\/lifesgo.an9.com.br\/index.php\/wp-json\/wp\/v2\/posts\/82890","targetHints":{"allow":["GET"]}}],"collection":[{"href":"https:\/\/lifesgo.an9.com.br\/index.php\/wp-json\/wp\/v2\/posts"}],"about":[{"href":"https:\/\/lifesgo.an9.com.br\/index.php\/wp-json\/wp\/v2\/types\/post"}],"author":[{"embeddable":true,"href":"https:\/\/lifesgo.an9.com.br\/index.php\/wp-json\/wp\/v2\/users\/1"}],"replies":[{"embeddable":true,"href":"https:\/\/lifesgo.an9.com.br\/index.php\/wp-json\/wp\/v2\/comments?post=82890"}],"version-history":[{"count":1,"href":"https:\/\/lifesgo.an9.com.br\/index.php\/wp-json\/wp\/v2\/posts\/82890\/revisions"}],"predecessor-version":[{"id":82891,"href":"https:\/\/lifesgo.an9.com.br\/index.php\/wp-json\/wp\/v2\/posts\/82890\/revisions\/82891"}],"wp:featuredmedia":[{"embeddable":true,"href":"https:\/\/lifesgo.an9.com.br\/index.php\/wp-json\/wp\/v2\/media\/82888"}],"wp:attachment":[{"href":"https:\/\/lifesgo.an9.com.br\/index.php\/wp-json\/wp\/v2\/media?parent=82890"}],"wp:term":[{"taxonomy":"category","embeddable":true,"href":"https:\/\/lifesgo.an9.com.br\/index.php\/wp-json\/wp\/v2\/categories?post=82890"},{"taxonomy":"post_tag","embeddable":true,"href":"https:\/\/lifesgo.an9.com.br\/index.php\/wp-json\/wp\/v2\/tags?post=82890"}],"curies":[{"name":"wp","href":"https:\/\/api.w.org\/{rel}","templated":true}]}}