{"id":82873,"date":"2026-09-03T15:42:29","date_gmt":"2026-09-03T18:42:29","guid":{"rendered":"https:\/\/lifesgo.an9.com.br\/index.php\/2026\/09\/03\/por-que-o-feito-a-mao-voltou-ao-centro-do-design-contemporaneo\/"},"modified":"2026-09-03T15:42:30","modified_gmt":"2026-09-03T18:42:30","slug":"por-que-o-feito-a-mao-voltou-ao-centro-do-design-contemporaneo","status":"publish","type":"post","link":"https:\/\/lifesgo.an9.com.br\/index.php\/2026\/09\/03\/por-que-o-feito-a-mao-voltou-ao-centro-do-design-contemporaneo\/","title":{"rendered":"Por que o feito \u00e0 m\u00e3o voltou ao centro do design contempor\u00e2neo"},"content":{"rendered":"<p><strong>Em plena era da intelig\u00eancia artificial e da produ\u00e7\u00e3o cada vez mais acelerada, processos artesanais voltam a ganhar protagonismo. Para a arquiteta Camila Pimenta, n\u00e3o \u00e9 nostalgia: \u00e9 uma nova percep\u00e7\u00e3o de valor.<\/strong><\/p>\n<p>Quanto mais a tecnologia acelera a cria\u00e7\u00e3o e torna poss\u00edvel reproduzir praticamente qualquer coisa, mais aten\u00e7\u00e3o o design contempor\u00e2neo parece dedicar \u00e0quilo que n\u00e3o pode ser replicado exatamente da mesma maneira.<\/p>\n<p>Vidros soprados individualmente, pedras trabalhadas como esculturas, metais moldados, marcenaria, bordados e pe\u00e7as produzidas em pequenas s\u00e9ries voltam a ocupar espa\u00e7o relevante na arquitetura.<\/p>\n<p>Para Camila Pimenta, esse movimento n\u00e3o representa uma rejei\u00e7\u00e3o \u00e0 tecnologia. Pelo contr\u00e1rio.<\/p>\n<p>\u201cA tecnologia amplia aquilo que podemos fazer. Mas repert\u00f3rio, sensibilidade e inten\u00e7\u00e3o continuam determinando o que realmente vale a pena fazer.\u201d<\/p>\n<figure style=\"text-align:center; margin:18px auto;\"><img decoding=\"async\" src=\"https:\/\/lifesgo.an9.com.br\/wp-content\/uploads\/2026\/09\/MCOM-PHOTO-092026-0165-scaled.jpeg\" alt=\"\" style=\"max-width:100%; height:auto; display:block; margin-left:auto; margin-right:auto;\"><\/figure>\n<p>A arquiteta acredita que o encontro entre processos tecnol\u00f3gicos e conhecimento artesanal ser\u00e1 cada vez mais importante. Uma pe\u00e7a pode nascer de modelagem digital e engenharia de alta precis\u00e3o e ainda depender das m\u00e3os de um artes\u00e3o para adquirir sua caracter\u00edstica mais especial.<\/p>\n<p>E, nesse cen\u00e1rio, at\u00e9 pequenas varia\u00e7\u00f5es passam a ter outro significado.<\/p>\n<p>\u201cExiste uma diferen\u00e7a enorme entre imperfeito e mal executado. O artesanal que me interessa tem precis\u00e3o, mas preserva aquilo que torna cada pe\u00e7a \u00fanica.\u201d<\/p>\n<figure style=\"text-align:center; margin:18px auto;\"><img decoding=\"async\" src=\"https:\/\/lifesgo.an9.com.br\/wp-content\/uploads\/2026\/09\/MCOM-PHOTO-092026-0166-scaled.jpeg\" alt=\"\" style=\"max-width:100%; height:auto; display:block; margin-left:auto; margin-right:auto;\"><\/figure>\n<p>A mudan\u00e7a tamb\u00e9m chega \u00e0 curadoria dos interiores. Al\u00e9m de perguntar quem assina determinado objeto, passa a importar onde ele foi produzido, quem o executou, qual t\u00e9cnica foi utilizada e qual hist\u00f3ria existe por tr\u00e1s dele.<\/p>\n<p>\u00c9 uma l\u00f3gica que Camila leva aos pr\u00f3prios projetos. Sua pesquisa atravessa fabricantes, galerias, artistas, artes\u00e3os e diferentes pa\u00edses em busca de algo espec\u00edfico para cada resid\u00eancia.<\/p>\n<p>E nem sempre a resposta est\u00e1 dispon\u00edvel no mercado.<\/p>\n<p>\u201c\u00c0s vezes procuramos no mundo inteiro e percebemos que a pe\u00e7a certa simplesmente n\u00e3o existe. Ent\u00e3o, precisamos cri\u00e1-la.\u201d<\/p>\n<figure style=\"text-align:center; margin:18px auto;\"><img decoding=\"async\" src=\"https:\/\/lifesgo.an9.com.br\/wp-content\/uploads\/2026\/09\/MCOM-PHOTO-092026-0167-scaled.jpeg\" alt=\"\" style=\"max-width:100%; height:auto; display:block; margin-left:auto; margin-right:auto;\"><\/figure>\n<p>\u00c9 justamente nesse ponto que arquitetura, interiores, arte e design de produto come\u00e7am a se aproximar. Em vez de uma resid\u00eancia constru\u00edda apenas a partir de escolhas de cat\u00e1logo, surgem pe\u00e7as desenvolvidas especificamente para aquele espa\u00e7o e aquela fam\u00edlia.<\/p>\n<p>Para Camila, o retorno do feito \u00e0 m\u00e3o, portanto, n\u00e3o deve ser entendido como uma tend\u00eancia est\u00e9tica. \u00c9 consequ\u00eancia de um momento em que autoria, proced\u00eancia e tempo voltam a participar da percep\u00e7\u00e3o de valor de um objeto.<\/p>\n<p>\u201cTalvez o futuro do design n\u00e3o esteja em escolher entre a m\u00e3o e a m\u00e1quina, mas em saber exatamente o que devemos pedir a cada uma delas.\u201d<\/p>\n<p><em>(Cr\u00e9dito: Arquivo Pessoal)<\/em><\/p>\n","protected":false},"excerpt":{"rendered":"<p>Em plena era da intelig\u00eancia artificial e da produ\u00e7\u00e3o cada&#8230;<\/p>\n","protected":false},"author":1,"featured_media":82869,"comment_status":"open","ping_status":"open","sticky":false,"template":"","format":"standard","meta":{"_acf_changed":false,"footnotes":""},"categories":[35],"tags":[533],"class_list":["post-82873","post","type-post","status-publish","format-standard","has-post-thumbnail","hentry","category-lifestyle","tag-camila-pimenta"],"acf":[],"yoast_head":"<!-- This site is optimized with the Yoast SEO plugin v28.4 - https:\/\/yoast.com\/product\/yoast-seo-wordpress\/ -->\n<title>Por que o feito \u00e0 m\u00e3o voltou ao centro do design contempor\u00e2neo - LifesGo<\/title>\n<meta name=\"robots\" content=\"index, follow, max-snippet:-1, max-image-preview:large, max-video-preview:-1\" \/>\n<link rel=\"canonical\" href=\"https:\/\/lifesgo.an9.com.br\/index.php\/2026\/09\/03\/por-que-o-feito-a-mao-voltou-ao-centro-do-design-contemporaneo\/\" \/>\n<meta property=\"og:locale\" content=\"pt_BR\" \/>\n<meta property=\"og:type\" content=\"article\" \/>\n<meta property=\"og:title\" content=\"Por que o feito \u00e0 m\u00e3o voltou ao centro do design contempor\u00e2neo - LifesGo\" \/>\n<meta property=\"og:description\" content=\"Em plena era da intelig\u00eancia artificial e da produ\u00e7\u00e3o cada...\" \/>\n<meta property=\"og:url\" content=\"https:\/\/lifesgo.an9.com.br\/index.php\/2026\/09\/03\/por-que-o-feito-a-mao-voltou-ao-centro-do-design-contemporaneo\/\" \/>\n<meta property=\"og:site_name\" content=\"LifesGo\" \/>\n<meta property=\"article:published_time\" content=\"2026-09-03T18:42:29+00:00\" \/>\n<meta property=\"article:modified_time\" content=\"2026-09-03T18:42:30+00:00\" \/>\n<meta property=\"og:image\" content=\"https:\/\/lifesgo.an9.com.br\/wp-content\/uploads\/2026\/09\/MCOM-PHOTO-092026-0168.jpeg\" \/>\n\t<meta property=\"og:image:width\" content=\"1086\" \/>\n\t<meta property=\"og:image:height\" content=\"668\" \/>\n\t<meta property=\"og:image:type\" content=\"image\/jpeg\" \/>\n<meta name=\"author\" content=\"LifesGo\" \/>\n<meta name=\"twitter:card\" content=\"summary_large_image\" \/>\n<meta name=\"twitter:label1\" content=\"Escrito por\" \/>\n\t<meta name=\"twitter:data1\" content=\"LifesGo\" \/>\n\t<meta name=\"twitter:label2\" content=\"Est. tempo de leitura\" \/>\n\t<meta name=\"twitter:data2\" content=\"2 minutos\" \/>\n<script type=\"application\/ld+json\" class=\"yoast-schema-graph\">{\"@context\":\"https:\\\/\\\/schema.org\",\"@graph\":[{\"@type\":\"Article\",\"@id\":\"https:\\\/\\\/lifesgo.an9.com.br\\\/index.php\\\/2026\\\/09\\\/03\\\/por-que-o-feito-a-mao-voltou-ao-centro-do-design-contemporaneo\\\/#article\",\"isPartOf\":{\"@id\":\"https:\\\/\\\/lifesgo.an9.com.br\\\/index.php\\\/2026\\\/09\\\/03\\\/por-que-o-feito-a-mao-voltou-ao-centro-do-design-contemporaneo\\\/\"},\"author\":{\"name\":\"LifesGo\",\"@id\":\"https:\\\/\\\/lifesgo.an9.com.br\\\/#\\\/schema\\\/person\\\/b34bfc24fce1f5cb9dc117e2efe61a07\"},\"headline\":\"Por que o feito \u00e0 m\u00e3o voltou ao centro do design contempor\u00e2neo\",\"datePublished\":\"2026-09-03T18:42:29+00:00\",\"dateModified\":\"2026-09-03T18:42:30+00:00\",\"mainEntityOfPage\":{\"@id\":\"https:\\\/\\\/lifesgo.an9.com.br\\\/index.php\\\/2026\\\/09\\\/03\\\/por-que-o-feito-a-mao-voltou-ao-centro-do-design-contemporaneo\\\/\"},\"wordCount\":465,\"commentCount\":0,\"image\":{\"@id\":\"https:\\\/\\\/lifesgo.an9.com.br\\\/index.php\\\/2026\\\/09\\\/03\\\/por-que-o-feito-a-mao-voltou-ao-centro-do-design-contemporaneo\\\/#primaryimage\"},\"thumbnailUrl\":\"https:\\\/\\\/lifesgo.an9.com.br\\\/wp-content\\\/uploads\\\/2026\\\/09\\\/MCOM-PHOTO-092026-0168.jpeg\",\"keywords\":[\"Camila Pimenta\"],\"articleSection\":[\"Lifestyle\"],\"inLanguage\":\"pt-BR\",\"potentialAction\":[{\"@type\":\"CommentAction\",\"name\":\"Comment\",\"target\":[\"https:\\\/\\\/lifesgo.an9.com.br\\\/index.php\\\/2026\\\/09\\\/03\\\/por-que-o-feito-a-mao-voltou-ao-centro-do-design-contemporaneo\\\/#respond\"]}]},{\"@type\":\"WebPage\",\"@id\":\"https:\\\/\\\/lifesgo.an9.com.br\\\/index.php\\\/2026\\\/09\\\/03\\\/por-que-o-feito-a-mao-voltou-ao-centro-do-design-contemporaneo\\\/\",\"url\":\"https:\\\/\\\/lifesgo.an9.com.br\\\/index.php\\\/2026\\\/09\\\/03\\\/por-que-o-feito-a-mao-voltou-ao-centro-do-design-contemporaneo\\\/\",\"name\":\"Por que o feito \u00e0 m\u00e3o voltou ao centro do design contempor\u00e2neo - LifesGo\",\"isPartOf\":{\"@id\":\"https:\\\/\\\/lifesgo.an9.com.br\\\/#website\"},\"primaryImageOfPage\":{\"@id\":\"https:\\\/\\\/lifesgo.an9.com.br\\\/index.php\\\/2026\\\/09\\\/03\\\/por-que-o-feito-a-mao-voltou-ao-centro-do-design-contemporaneo\\\/#primaryimage\"},\"image\":{\"@id\":\"https:\\\/\\\/lifesgo.an9.com.br\\\/index.php\\\/2026\\\/09\\\/03\\\/por-que-o-feito-a-mao-voltou-ao-centro-do-design-contemporaneo\\\/#primaryimage\"},\"thumbnailUrl\":\"https:\\\/\\\/lifesgo.an9.com.br\\\/wp-content\\\/uploads\\\/2026\\\/09\\\/MCOM-PHOTO-092026-0168.jpeg\",\"datePublished\":\"2026-09-03T18:42:29+00:00\",\"dateModified\":\"2026-09-03T18:42:30+00:00\",\"author\":{\"@id\":\"https:\\\/\\\/lifesgo.an9.com.br\\\/#\\\/schema\\\/person\\\/b34bfc24fce1f5cb9dc117e2efe61a07\"},\"breadcrumb\":{\"@id\":\"https:\\\/\\\/lifesgo.an9.com.br\\\/index.php\\\/2026\\\/09\\\/03\\\/por-que-o-feito-a-mao-voltou-ao-centro-do-design-contemporaneo\\\/#breadcrumb\"},\"inLanguage\":\"pt-BR\",\"potentialAction\":[{\"@type\":\"ReadAction\",\"target\":[\"https:\\\/\\\/lifesgo.an9.com.br\\\/index.php\\\/2026\\\/09\\\/03\\\/por-que-o-feito-a-mao-voltou-ao-centro-do-design-contemporaneo\\\/\"]}]},{\"@type\":\"ImageObject\",\"inLanguage\":\"pt-BR\",\"@id\":\"https:\\\/\\\/lifesgo.an9.com.br\\\/index.php\\\/2026\\\/09\\\/03\\\/por-que-o-feito-a-mao-voltou-ao-centro-do-design-contemporaneo\\\/#primaryimage\",\"url\":\"https:\\\/\\\/lifesgo.an9.com.br\\\/wp-content\\\/uploads\\\/2026\\\/09\\\/MCOM-PHOTO-092026-0168.jpeg\",\"contentUrl\":\"https:\\\/\\\/lifesgo.an9.com.br\\\/wp-content\\\/uploads\\\/2026\\\/09\\\/MCOM-PHOTO-092026-0168.jpeg\",\"width\":1086,\"height\":668},{\"@type\":\"BreadcrumbList\",\"@id\":\"https:\\\/\\\/lifesgo.an9.com.br\\\/index.php\\\/2026\\\/09\\\/03\\\/por-que-o-feito-a-mao-voltou-ao-centro-do-design-contemporaneo\\\/#breadcrumb\",\"itemListElement\":[{\"@type\":\"ListItem\",\"position\":1,\"name\":\"In\u00edcio\",\"item\":\"https:\\\/\\\/lifesgo.an9.com.br\\\/\"},{\"@type\":\"ListItem\",\"position\":2,\"name\":\"Por que o feito \u00e0 m\u00e3o voltou ao centro do design contempor\u00e2neo\"}]},{\"@type\":\"WebSite\",\"@id\":\"https:\\\/\\\/lifesgo.an9.com.br\\\/#website\",\"url\":\"https:\\\/\\\/lifesgo.an9.com.br\\\/\",\"name\":\"LifesGo\",\"description\":\"\",\"potentialAction\":[{\"@type\":\"SearchAction\",\"target\":{\"@type\":\"EntryPoint\",\"urlTemplate\":\"https:\\\/\\\/lifesgo.an9.com.br\\\/?s={search_term_string}\"},\"query-input\":{\"@type\":\"PropertyValueSpecification\",\"valueRequired\":true,\"valueName\":\"search_term_string\"}}],\"inLanguage\":\"pt-BR\"},{\"@type\":\"Person\",\"@id\":\"https:\\\/\\\/lifesgo.an9.com.br\\\/#\\\/schema\\\/person\\\/b34bfc24fce1f5cb9dc117e2efe61a07\",\"name\":\"LifesGo\",\"image\":{\"@type\":\"ImageObject\",\"inLanguage\":\"pt-BR\",\"@id\":\"https:\\\/\\\/secure.gravatar.com\\\/avatar\\\/ed0fb6c2dc8ca8634274f12b6bcee558dbcb1b05612be222e7d40b115c40b4f2?s=96&d=mm&r=g\",\"url\":\"https:\\\/\\\/secure.gravatar.com\\\/avatar\\\/ed0fb6c2dc8ca8634274f12b6bcee558dbcb1b05612be222e7d40b115c40b4f2?s=96&d=mm&r=g\",\"contentUrl\":\"https:\\\/\\\/secure.gravatar.com\\\/avatar\\\/ed0fb6c2dc8ca8634274f12b6bcee558dbcb1b05612be222e7d40b115c40b4f2?s=96&d=mm&r=g\",\"caption\":\"LifesGo\"},\"sameAs\":[\"https:\\\/\\\/lifesgo.com.br\"],\"url\":\"https:\\\/\\\/lifesgo.an9.com.br\\\/index.php\\\/author\\\/lucamor\\\/\"}]}<\/script>\n<!-- \/ Yoast SEO plugin. -->","yoast_head_json":{"title":"Por que o feito \u00e0 m\u00e3o voltou ao centro do design contempor\u00e2neo - LifesGo","robots":{"index":"index","follow":"follow","max-snippet":"max-snippet:-1","max-image-preview":"max-image-preview:large","max-video-preview":"max-video-preview:-1"},"canonical":"https:\/\/lifesgo.an9.com.br\/index.php\/2026\/09\/03\/por-que-o-feito-a-mao-voltou-ao-centro-do-design-contemporaneo\/","og_locale":"pt_BR","og_type":"article","og_title":"Por que o feito \u00e0 m\u00e3o voltou ao centro do design contempor\u00e2neo - LifesGo","og_description":"Em plena era da intelig\u00eancia artificial e da produ\u00e7\u00e3o cada...","og_url":"https:\/\/lifesgo.an9.com.br\/index.php\/2026\/09\/03\/por-que-o-feito-a-mao-voltou-ao-centro-do-design-contemporaneo\/","og_site_name":"LifesGo","article_published_time":"2026-09-03T18:42:29+00:00","article_modified_time":"2026-09-03T18:42:30+00:00","og_image":[{"width":1086,"height":668,"url":"https:\/\/lifesgo.an9.com.br\/wp-content\/uploads\/2026\/09\/MCOM-PHOTO-092026-0168.jpeg","type":"image\/jpeg"}],"author":"LifesGo","twitter_card":"summary_large_image","twitter_misc":{"Escrito por":"LifesGo","Est. tempo de leitura":"2 minutos"},"schema":{"@context":"https:\/\/schema.org","@graph":[{"@type":"Article","@id":"https:\/\/lifesgo.an9.com.br\/index.php\/2026\/09\/03\/por-que-o-feito-a-mao-voltou-ao-centro-do-design-contemporaneo\/#article","isPartOf":{"@id":"https:\/\/lifesgo.an9.com.br\/index.php\/2026\/09\/03\/por-que-o-feito-a-mao-voltou-ao-centro-do-design-contemporaneo\/"},"author":{"name":"LifesGo","@id":"https:\/\/lifesgo.an9.com.br\/#\/schema\/person\/b34bfc24fce1f5cb9dc117e2efe61a07"},"headline":"Por que o feito \u00e0 m\u00e3o voltou ao centro do design contempor\u00e2neo","datePublished":"2026-09-03T18:42:29+00:00","dateModified":"2026-09-03T18:42:30+00:00","mainEntityOfPage":{"@id":"https:\/\/lifesgo.an9.com.br\/index.php\/2026\/09\/03\/por-que-o-feito-a-mao-voltou-ao-centro-do-design-contemporaneo\/"},"wordCount":465,"commentCount":0,"image":{"@id":"https:\/\/lifesgo.an9.com.br\/index.php\/2026\/09\/03\/por-que-o-feito-a-mao-voltou-ao-centro-do-design-contemporaneo\/#primaryimage"},"thumbnailUrl":"https:\/\/lifesgo.an9.com.br\/wp-content\/uploads\/2026\/09\/MCOM-PHOTO-092026-0168.jpeg","keywords":["Camila Pimenta"],"articleSection":["Lifestyle"],"inLanguage":"pt-BR","potentialAction":[{"@type":"CommentAction","name":"Comment","target":["https:\/\/lifesgo.an9.com.br\/index.php\/2026\/09\/03\/por-que-o-feito-a-mao-voltou-ao-centro-do-design-contemporaneo\/#respond"]}]},{"@type":"WebPage","@id":"https:\/\/lifesgo.an9.com.br\/index.php\/2026\/09\/03\/por-que-o-feito-a-mao-voltou-ao-centro-do-design-contemporaneo\/","url":"https:\/\/lifesgo.an9.com.br\/index.php\/2026\/09\/03\/por-que-o-feito-a-mao-voltou-ao-centro-do-design-contemporaneo\/","name":"Por que o feito \u00e0 m\u00e3o voltou ao centro do design contempor\u00e2neo - LifesGo","isPartOf":{"@id":"https:\/\/lifesgo.an9.com.br\/#website"},"primaryImageOfPage":{"@id":"https:\/\/lifesgo.an9.com.br\/index.php\/2026\/09\/03\/por-que-o-feito-a-mao-voltou-ao-centro-do-design-contemporaneo\/#primaryimage"},"image":{"@id":"https:\/\/lifesgo.an9.com.br\/index.php\/2026\/09\/03\/por-que-o-feito-a-mao-voltou-ao-centro-do-design-contemporaneo\/#primaryimage"},"thumbnailUrl":"https:\/\/lifesgo.an9.com.br\/wp-content\/uploads\/2026\/09\/MCOM-PHOTO-092026-0168.jpeg","datePublished":"2026-09-03T18:42:29+00:00","dateModified":"2026-09-03T18:42:30+00:00","author":{"@id":"https:\/\/lifesgo.an9.com.br\/#\/schema\/person\/b34bfc24fce1f5cb9dc117e2efe61a07"},"breadcrumb":{"@id":"https:\/\/lifesgo.an9.com.br\/index.php\/2026\/09\/03\/por-que-o-feito-a-mao-voltou-ao-centro-do-design-contemporaneo\/#breadcrumb"},"inLanguage":"pt-BR","potentialAction":[{"@type":"ReadAction","target":["https:\/\/lifesgo.an9.com.br\/index.php\/2026\/09\/03\/por-que-o-feito-a-mao-voltou-ao-centro-do-design-contemporaneo\/"]}]},{"@type":"ImageObject","inLanguage":"pt-BR","@id":"https:\/\/lifesgo.an9.com.br\/index.php\/2026\/09\/03\/por-que-o-feito-a-mao-voltou-ao-centro-do-design-contemporaneo\/#primaryimage","url":"https:\/\/lifesgo.an9.com.br\/wp-content\/uploads\/2026\/09\/MCOM-PHOTO-092026-0168.jpeg","contentUrl":"https:\/\/lifesgo.an9.com.br\/wp-content\/uploads\/2026\/09\/MCOM-PHOTO-092026-0168.jpeg","width":1086,"height":668},{"@type":"BreadcrumbList","@id":"https:\/\/lifesgo.an9.com.br\/index.php\/2026\/09\/03\/por-que-o-feito-a-mao-voltou-ao-centro-do-design-contemporaneo\/#breadcrumb","itemListElement":[{"@type":"ListItem","position":1,"name":"In\u00edcio","item":"https:\/\/lifesgo.an9.com.br\/"},{"@type":"ListItem","position":2,"name":"Por que o feito \u00e0 m\u00e3o voltou ao centro do design contempor\u00e2neo"}]},{"@type":"WebSite","@id":"https:\/\/lifesgo.an9.com.br\/#website","url":"https:\/\/lifesgo.an9.com.br\/","name":"LifesGo","description":"","potentialAction":[{"@type":"SearchAction","target":{"@type":"EntryPoint","urlTemplate":"https:\/\/lifesgo.an9.com.br\/?s={search_term_string}"},"query-input":{"@type":"PropertyValueSpecification","valueRequired":true,"valueName":"search_term_string"}}],"inLanguage":"pt-BR"},{"@type":"Person","@id":"https:\/\/lifesgo.an9.com.br\/#\/schema\/person\/b34bfc24fce1f5cb9dc117e2efe61a07","name":"LifesGo","image":{"@type":"ImageObject","inLanguage":"pt-BR","@id":"https:\/\/secure.gravatar.com\/avatar\/ed0fb6c2dc8ca8634274f12b6bcee558dbcb1b05612be222e7d40b115c40b4f2?s=96&d=mm&r=g","url":"https:\/\/secure.gravatar.com\/avatar\/ed0fb6c2dc8ca8634274f12b6bcee558dbcb1b05612be222e7d40b115c40b4f2?s=96&d=mm&r=g","contentUrl":"https:\/\/secure.gravatar.com\/avatar\/ed0fb6c2dc8ca8634274f12b6bcee558dbcb1b05612be222e7d40b115c40b4f2?s=96&d=mm&r=g","caption":"LifesGo"},"sameAs":["https:\/\/lifesgo.com.br"],"url":"https:\/\/lifesgo.an9.com.br\/index.php\/author\/lucamor\/"}]}},"_links":{"self":[{"href":"https:\/\/lifesgo.an9.com.br\/index.php\/wp-json\/wp\/v2\/posts\/82873","targetHints":{"allow":["GET"]}}],"collection":[{"href":"https:\/\/lifesgo.an9.com.br\/index.php\/wp-json\/wp\/v2\/posts"}],"about":[{"href":"https:\/\/lifesgo.an9.com.br\/index.php\/wp-json\/wp\/v2\/types\/post"}],"author":[{"embeddable":true,"href":"https:\/\/lifesgo.an9.com.br\/index.php\/wp-json\/wp\/v2\/users\/1"}],"replies":[{"embeddable":true,"href":"https:\/\/lifesgo.an9.com.br\/index.php\/wp-json\/wp\/v2\/comments?post=82873"}],"version-history":[{"count":1,"href":"https:\/\/lifesgo.an9.com.br\/index.php\/wp-json\/wp\/v2\/posts\/82873\/revisions"}],"predecessor-version":[{"id":82874,"href":"https:\/\/lifesgo.an9.com.br\/index.php\/wp-json\/wp\/v2\/posts\/82873\/revisions\/82874"}],"wp:featuredmedia":[{"embeddable":true,"href":"https:\/\/lifesgo.an9.com.br\/index.php\/wp-json\/wp\/v2\/media\/82869"}],"wp:attachment":[{"href":"https:\/\/lifesgo.an9.com.br\/index.php\/wp-json\/wp\/v2\/media?parent=82873"}],"wp:term":[{"taxonomy":"category","embeddable":true,"href":"https:\/\/lifesgo.an9.com.br\/index.php\/wp-json\/wp\/v2\/categories?post=82873"},{"taxonomy":"post_tag","embeddable":true,"href":"https:\/\/lifesgo.an9.com.br\/index.php\/wp-json\/wp\/v2\/tags?post=82873"}],"curies":[{"name":"wp","href":"https:\/\/api.w.org\/{rel}","templated":true}]}}