{"id":82824,"date":"2026-09-02T14:51:50","date_gmt":"2026-09-02T17:51:50","guid":{"rendered":"https:\/\/lifesgo.an9.com.br\/index.php\/2026\/09\/02\/4o-festival-de-teatro-amir-haddad-tera-mais-de-80-atracoes-na-lapa-durante-a-semana-de-arte-do-rio\/"},"modified":"2026-09-02T14:51:51","modified_gmt":"2026-09-02T17:51:51","slug":"4o-festival-de-teatro-amir-haddad-tera-mais-de-80-atracoes-na-lapa-durante-a-semana-de-arte-do-rio","status":"publish","type":"post","link":"https:\/\/lifesgo.an9.com.br\/index.php\/2026\/09\/02\/4o-festival-de-teatro-amir-haddad-tera-mais-de-80-atracoes-na-lapa-durante-a-semana-de-arte-do-rio\/","title":{"rendered":"4\u00ba Festival de Teatro Amir Haddad ter\u00e1 mais de 80 atra\u00e7\u00f5es na Lapa durante a Semana de Arte do Rio"},"content":{"rendered":"<p><em>De 18 a 25 de setembro, festival ocupa os Arcos da Lapa e a Casa do T\u00e1 Na Rua com atra\u00e7\u00f5es de teatro, m\u00fasica, arte p\u00fablica, conversas e literatura<\/em><\/p>\n<p><em>Com o tema &#8220;Viva o Povo Brasileiro!&#8221;, o festival estreia como parte da Semana de Arte do Rio<\/em><\/p>\n<p>A Lapa se transforma, entre os dias 18 e 25 de setembro, em uma das maiores plataformas de teatro e arte p\u00fablica do pa\u00eds. Chega \u00e0 quarta edi\u00e7\u00e3o o<a href=\"https:\/\/www.instagram.com\/festivalamirhaddad\/\" target=\"_blank\" rel=\"noopener\"><strong>Festival de Teatro Amir Haddad<\/strong><\/a>, que este ano adota o tema <em>&#8220;Viva o Povo Brasileiro!&#8221;<\/em>, inspirado na obra de Jo\u00e3o Ubaldo Ribeiro, reunindo artistas, companhias e pensadores de diferentes regi\u00f5es do Brasil em torno de um mesmo territ\u00f3rio: a rua.<\/p>\n<p>S\u00e3o oito dias e cerca de 80 atra\u00e7\u00f5es distribu\u00eddas em oito frentes: teatro, arte p\u00fablica, m\u00fasica, conversas, oficinas, cinema, literatura e cenas curtas organizadas em dois atos. O primeiro, <strong><em>&#8220;A Rua&#8221;<\/em><\/strong>, ocupa a Pra\u00e7a Cardeal C\u00e2mara, sob os Arcos da Lapa, entre os dias 18 e 20 de setembro. O segundo, <strong><em>&#8220;A Casa&#8221;<\/em><\/strong>, leva a programa\u00e7\u00e3o para dentro da hist\u00f3rica sede do <a href=\"https:\/\/www.instagram.com\/grupotanarua\/\" target=\"_blank\" rel=\"noopener\"><strong>Grupo T\u00e1 Na Rua<\/strong><\/a>, na Avenida Mem de S\u00e1, entre os dias 21 e 25. Realizado pela primeira vez em setembro, o Festival passa a integrar a <strong><em>Semana de Arte do Rio<\/em><\/strong>, iniciativa da Prefeitura da Cidade do Rio de Janeiro e da Secretaria Municipal de Cultura.<\/p>\n<p>O Festival Amir Haddad prop\u00f5e um encontro entre teatro, cidade, m\u00fasica, pensamento e cultura brasileira. A edi\u00e7\u00e3o de 2026 aproxima teatro e carnaval, ancestralidade e povos origin\u00e1rios, diversidade LGBTQIAPN+, mem\u00f3ria e literatura promovendo o encontro entre diferentes Brasis dentro de um mesmo territ\u00f3rio hist\u00f3rico: os Arcos da Lapa, que funcionam n\u00e3o apenas como endere\u00e7o, mas como parte da dramaturgia do Festival.<\/p>\n<p>Um dos pontos altos da programa\u00e7\u00e3o \u00e9 a apresenta\u00e7\u00e3o gratuita de <strong>Faf\u00e1 de Bel\u00e9m<\/strong>, que celebra, em grande encontro musical nos Arcos da Lapa, os 50 anos de uma carreira que atravessou gera\u00e7\u00f5es da m\u00fasica popular brasileira.<\/p>\n<figure style=\"text-align:center; margin:18px auto;\"><img decoding=\"async\" src=\"https:\/\/lifesgo.an9.com.br\/wp-content\/uploads\/2026\/09\/MCOM-PHOTO-092026-0065-scaled.jpeg\" alt=\"Faf\u00e1 de Bel\u00e9m - Cr\u00e9dito Bruna Castanheira\" style=\"max-width:100%; height:auto; display:block; margin-left:auto; margin-right:auto;\"><figcaption style=\"text-align:center; font-size:14px; color:#666; margin-top:6px;\">(Faf\u00e1 de Bel\u00e9m &#8211; Cr\u00e9dito Bruna Castanheira)<\/figcaption><\/figure>\n<p>\u201cEm 2026, o Festival de Teatro Amir Haddad se consolida definitivamente no calend\u00e1rio cultural e simb\u00f3lico do Rio de Janeiro como o \u00fanico festival da cidade dedicado ao Teatro e \u00e0s Artes P\u00fablicas. Nossa maior miss\u00e3o \u00e9 dar continuidade ao legado de Amir Haddad: fazer um festival aberto, democr\u00e1tico, sem distin\u00e7\u00e3o de nenhuma esp\u00e9cie e sem vender aquilo que temos de melhor para dar. \u00c9 ocupar o cora\u00e7\u00e3o do Rio, a Lapa, e transform\u00e1-lo em um grande ponto de encontro para receber o Brasil inteiro: sua diversidade, seus artistas, suas hist\u00f3rias e suas muitas vozes. Ancestralidade e contemporaneidade caminham de m\u00e3os dadas, promovendo encontros entre gera\u00e7\u00f5es e abrindo espa\u00e7o para o debate, a troca e a constru\u00e7\u00e3o de novas possibilidades. \u00c9 isso que propomos: um festival que celebra, em toda a sua pot\u00eancia, o povo brasileiro\u201d, diz M\u00e1ximo Cutrim, idealizador, curador e diretor criativo da edi\u00e7\u00e3o 2026<\/p>\n<p>A edi\u00e7\u00e3o refor\u00e7a o car\u00e1ter nacional do Festival com a presen\u00e7a de companhias hist\u00f3ricas de outros estados. De Minas Gerais, o <strong>Grupo Galp\u00e3o<\/strong>, uma das refer\u00eancias mais longevas do teatro de rua brasileiro apresenta <em>&#8220;Cabar\u00e9 Coragem&#8221;<\/em>. Do Rio Grande do Norte, os <strong>Clowns de Shakespeare<\/strong> trazem &#8220;Ubu&#8221;, ampliando o di\u00e1logo do Festival para al\u00e9m do eixo Rio-S\u00e3o Paulo. A programa\u00e7\u00e3o musical soma nomes como <strong>Farofa Carioca<\/strong> e <strong>Africanoise<\/strong>, que apresenta o disco <em>&#8220;Caba\u00e7a&#8221;<\/em>, vencedor de Melhor Lan\u00e7amento Eletr\u00f4nico no 33\u00ba Pr\u00eamio da M\u00fasica Brasileira, al\u00e9m de festas como Xepa e V de Viad\u00e3o.<\/p>\n<p>A programa\u00e7\u00e3o dedica um eixo especial \u00e0 diversidade, aproximando diferentes gera\u00e7\u00f5es da cultura LGBTQIAPN+. Os <strong>Dzi Croquettes<\/strong> apresentam um document\u00e1rio sobre sua trajet\u00f3ria, seguido de conversa com os artistas. A Cultura Ballroom sobe \u00e0 cena com uma <strong>Vogue Night<\/strong>, e o <strong>Cabar\u00e9 T\u00e1 Na Rua<\/strong> apresenta <em>&#8220;\u00d3pera das Malandras&#8221;<\/em>, espet\u00e1culo nascido dentro do pr\u00f3prio Festival que chega ao quarto ano de temporadas lotadas no ano passado, foi a atra\u00e7\u00e3o de maior p\u00fablico da edi\u00e7\u00e3o. Criado por integrantes do Grupo T\u00e1 Na Rua com dez anos de pesquisa em teatro-cabar\u00e9, o espet\u00e1culo tem como protagonistas &#8220;as malandras, as bichas, as travestis, os bo\u00eamios e os personagens que fizeram da Lapa um territ\u00f3rio hist\u00f3rico de liberdade&#8221; e este ano ganha as ruas mais uma vez.<\/p>\n<figure style=\"text-align:center; margin:18px auto;\"><img decoding=\"async\" src=\"https:\/\/lifesgo.an9.com.br\/wp-content\/uploads\/2026\/09\/MCOM-PHOTO-092026-0066-scaled.jpeg\" alt=\"Grupo T\u00e1 Na Rua - Foto de pewerneck\" style=\"max-width:100%; height:auto; display:block; margin-left:auto; margin-right:auto;\"><figcaption style=\"text-align:center; font-size:14px; color:#666; margin-top:6px;\">(Grupo T\u00e1 Na Rua &#8211; Foto de pewerneck)<\/figcaption><\/figure>\n<p><strong>Amir Haddad, 89 anos e o legado da arte p\u00fablica<\/strong><\/p>\n<p>Diretor, ator e um dos nomes fundamentais da renova\u00e7\u00e3o do teatro brasileiro na segunda metade do s\u00e9culo XX, Amir Haddad d\u00e1 nome e \u00e9 o eixo simb\u00f3lico do Festival. Sua trajet\u00f3ria vai da funda\u00e7\u00e3o do Teatro Oficina, em 1958, \u00e0 cria\u00e7\u00e3o do Grupo T\u00e1 Na Rua, que completa 46 anos e segue sediado na Lapa. Aos 89 anos, Amir permanece em atividade art\u00edstica e intelectual, e o Festival que leva seu nome busca n\u00e3o apenas homenagear sua hist\u00f3ria, mas colocar seu pensamento sobre arte p\u00fablica em di\u00e1logo com novas gera\u00e7\u00f5es.<\/p>\n<p>\u201cNunca o festival esteve t\u00e3o concorrido, t\u00e3o bem frequentado, e nunca as artes brasileiras, em especial as artes p\u00fablicas estiveram t\u00e3o representadas quanto nesta quarta edi\u00e7\u00e3o do Amir Haddad. Nossas expectativas s\u00e3o as melhores poss\u00edveis: contaremos com a presen\u00e7a de Faf\u00e1 de Bel\u00e9m e de tantos outros nomes que fazem deste um evento de dimens\u00e3o verdadeiramente grandiosa. Confesso que me emociono ao ver o tamanho que este festival, que carrega meu nome, alcan\u00e7ou. Espero que tudo corra da melhor forma, e tenho total confian\u00e7a nisso, pois a equipe organizadora, liderada por M\u00e1ximo, \u00e9 de primeir\u00edssima qualidade. Fico apenas com boas expectativas e grandes esperan\u00e7as para esta edi\u00e7\u00e3o\u201d, concluiu Amir Haddad, diretor, ator e fundador do Grupo T\u00e1 Na Rua. Amir tamb\u00e9m estar\u00e1 em cena apresentando dois espet\u00e1culos autorais do grupo T\u00e1 Na Rua \u201cZaratustra: Umas transvalora\u00e7\u00e3o dos valores\u201d e a releitura de \u201cDar N\u00e3o D\u00f3i O Que D\u00f3i \u00c9 Resistir\u201d.<\/p>\n<p>Ao lado de Amir, M\u00e1ximo Cutrim assina a idealiza\u00e7\u00e3o, curadoria e dire\u00e7\u00e3o criativa da edi\u00e7\u00e3o de 2026, representando o encontro entre a mem\u00f3ria de quase sete d\u00e9cadas de teatro brasileiro e uma nova gera\u00e7\u00e3o que transforma esse legado em plataforma contempor\u00e2nea de arte, cidade e diversidade.<\/p>\n<p>A programa\u00e7\u00e3o de conversas conta com apoio da Funda\u00e7\u00e3o Casa de Rui Barbosa, reunindo debates sobre povos origin\u00e1rios, ancestralidade, mem\u00f3ria e as rela\u00e7\u00f5es entre teatro, cidade e cultura brasileira entre eles, um reencontro entre as hist\u00f3rias do Grupo T\u00e1 Na Rua e do Teatro Oficina. A programa\u00e7\u00e3o re\u00fane ainda nomes como Othon Bastos, Renato Borghi, Elisa Lucinda e Clarice Niskier, que celebra 20 anos de parceria com Amir Haddad em &#8220;A Alma Imoral&#8221;, al\u00e9m de Luiz Ant\u00f4nio Simas em aula\/palestra sobre \u201co evento da cultura e a cultura do evento\u201d e Milton Cunha, que prop\u00f5em um debate sobre a carnavaliza\u00e7\u00e3o do teatro e a teatraliza\u00e7\u00e3o do carnaval a partir do encontro entre Amir Haddad e Jo\u00e3osinho Trinta.<\/p>\n<figure style=\"text-align:center; margin:18px auto;\"><img decoding=\"async\" src=\"https:\/\/lifesgo.an9.com.br\/wp-content\/uploads\/2026\/09\/MCOM-PHOTO-092026-0067-scaled.jpeg\" alt=\"Amir Haddad - Foto de Vidafodona\" style=\"max-width:100%; height:auto; display:block; margin-left:auto; margin-right:auto;\"><figcaption style=\"text-align:center; font-size:14px; color:#666; margin-top:6px;\">(Amir Haddad &#8211; Foto de Vidafodona)<\/figcaption><\/figure>\n<p>&#8220;Celebrar os 20 Anos da pe\u00e7a A Alma Imoral no Festival Amir Haddad \u00e9 a alegria das alegrias. Desde 2004 Amir supervisiona este espet\u00e1culo. Sua super-vis\u00e3o me estrutura, me questiona, me amplia, dia a dia. Ele \u00e9 um dos pilares deste sucesso&#8221;. Clarice Niskier.<\/p>\n<p>O 4\u00ba Festival de Teatro Amir Haddad tem patroc\u00ednio do Governo Federal, Minist\u00e9rio da Cultura, Pol\u00edtica Nacional Aldir Blanc de Fomento \u00e0 Cultura, Prefeitura Municipal da Cidade do Rio de Janeiro, Secretaria Municipal da Cultura e Instituto T\u00e1 Na Rua. Parceria Cultural: Sesc RJ, Funda\u00e7\u00e3o Casa de Rui Barbosa e apoio: Funarte<\/p>\n<p><strong>Sobre a Semana de Arte do Rio <\/strong><\/p>\n<p>Entre os dias 16 e 27 de setembro de 2026, a primeira edi\u00e7\u00e3o da Semana de Arte do Rio reunir\u00e1 festivais de diferentes linguagens art\u00edsticas, al\u00e9m de exposi\u00e7\u00f5es, interven\u00e7\u00f5es urbanas e atividades culturais realizadas em equipamentos p\u00fablicos e privados da regi\u00e3o central da cidade. A programa\u00e7\u00e3o re\u00fane tanto projetos j\u00e1 consolidados na cena cultural carioca quanto festivais mais recentes, que refletem a diversidade e a produ\u00e7\u00e3o art\u00edstica contempor\u00e2nea. Concebida como uma plataforma continuada de integra\u00e7\u00e3o de pol\u00edticas culturais, a Semana de Arte do Rio articula cultura, turismo, desenvolvimento econ\u00f4mico e urbanismo em uma estrat\u00e9gia compartilhada da Prefeitura para fortalecer o ecossistema cultural da cidade. Ao integrar festivais, institui\u00e7\u00f5es culturais, artistas e agentes do setor em uma programa\u00e7\u00e3o calendarizada, diversificada e articulada, a iniciativa amplia o alcance das a\u00e7\u00f5es culturais, promove a ocupa\u00e7\u00e3o qualificada dos espa\u00e7os p\u00fablicos e refor\u00e7a a posi\u00e7\u00e3o do Rio de Janeiro como refer\u00eancia nacional e internacional na produ\u00e7\u00e3o art\u00edstica contempor\u00e2nea. Durante doze dias, espa\u00e7os culturais, museus, centros culturais, teatros, galerias e equipamentos p\u00fablicos da regi\u00e3o central receber\u00e3o uma programa\u00e7\u00e3o integrada que valoriza o patrim\u00f4nio material e imaterial da cidade, estimula a circula\u00e7\u00e3o de artistas e p\u00fablicos e fortalece a economia da cultura.<\/p>\n<p><strong>Servi\u00e7o<\/strong><strong><br \/><\/strong><strong><br \/><\/strong><strong> 4\u00ba Festival de Teatro Amir Haddad &#8211; Viva o Povo Brasileiro!<\/strong><\/p>\n<p>De 18 a 25 de setembro de 2026<\/p>\n<p><strong>O Ato I<\/strong> &#8211; A Rua acontece nos dias 18, 19 e 20 de setembro, na Pra\u00e7a Cardeal C\u00e2mara, sob os Arcos da Lapa, Rio de Janeiro. Com uma programa\u00e7\u00e3o inteiramente gratuita <\/p>\n<p><strong>O Ato II<\/strong> &#8211; A Casa acontece de 21 a 25 de setembro, no Centro Cultural Casa do T\u00e1 Na Rua, na Av. Mem de S\u00e1, 35, Lapa, Rio de Janeiro, com atividades culturais gratuitas e espet\u00e1culos teatrais a pre\u00e7os populares Os Ingresso dos espet\u00e1culo que ocorrer\u00e3o na Casa: est\u00e3o a partir de R$ 25,00 a meia e R$ 50,00 a inteira<\/p>\n<p>A programa\u00e7\u00e3o re\u00fane cerca de 80 atra\u00e7\u00f5es, entre teatro, arte p\u00fablica, m\u00fasica, conversas, oficinas, filmes, literatura e cenas curtas.<\/p>\n<p><a href=\"https:\/\/www.instagram.com\/festivalamirhaddad\/\" target=\"_blank\" rel=\"noopener\"><strong>Confira a programa\u00e7\u00e3o completa<\/strong><br \/><\/a><\/p>\n<p><em>(Cr\u00e9dito: Mariana P\u00eagas)<\/em><\/p>\n","protected":false},"excerpt":{"rendered":"<p>De 18 a 25 de setembro, festival ocupa os Arcos&#8230;<\/p>\n","protected":false},"author":1,"featured_media":82820,"comment_status":"open","ping_status":"open","sticky":false,"template":"","format":"standard","meta":{"_acf_changed":false,"footnotes":""},"categories":[29],"tags":[1428],"class_list":["post-82824","post","type-post","status-publish","format-standard","has-post-thumbnail","hentry","category-cultura","tag-festival-de-teatro-amir-haddad"],"acf":[],"yoast_head":"<!-- This site is optimized with the Yoast SEO plugin v28.4 - https:\/\/yoast.com\/product\/yoast-seo-wordpress\/ -->\n<title>4\u00ba Festival de Teatro Amir Haddad ter\u00e1 mais de 80 atra\u00e7\u00f5es na Lapa durante a Semana de Arte do Rio - LifesGo<\/title>\n<meta name=\"robots\" content=\"index, follow, max-snippet:-1, max-image-preview:large, max-video-preview:-1\" \/>\n<link rel=\"canonical\" href=\"https:\/\/lifesgo.an9.com.br\/index.php\/2026\/09\/02\/4o-festival-de-teatro-amir-haddad-tera-mais-de-80-atracoes-na-lapa-durante-a-semana-de-arte-do-rio\/\" \/>\n<meta property=\"og:locale\" content=\"pt_BR\" \/>\n<meta property=\"og:type\" content=\"article\" \/>\n<meta property=\"og:title\" content=\"4\u00ba Festival de Teatro Amir Haddad ter\u00e1 mais de 80 atra\u00e7\u00f5es na Lapa durante a Semana de Arte do Rio - LifesGo\" \/>\n<meta property=\"og:description\" content=\"De 18 a 25 de setembro, festival ocupa os Arcos...\" \/>\n<meta property=\"og:url\" content=\"https:\/\/lifesgo.an9.com.br\/index.php\/2026\/09\/02\/4o-festival-de-teatro-amir-haddad-tera-mais-de-80-atracoes-na-lapa-durante-a-semana-de-arte-do-rio\/\" \/>\n<meta property=\"og:site_name\" content=\"LifesGo\" \/>\n<meta property=\"article:published_time\" content=\"2026-09-02T17:51:50+00:00\" \/>\n<meta property=\"article:modified_time\" content=\"2026-09-02T17:51:51+00:00\" \/>\n<meta property=\"og:image\" content=\"https:\/\/lifesgo.an9.com.br\/wp-content\/uploads\/2026\/09\/MCOM-PHOTO-092026-0064.jpg\" \/>\n\t<meta property=\"og:image:width\" content=\"1086\" \/>\n\t<meta property=\"og:image:height\" content=\"668\" \/>\n\t<meta property=\"og:image:type\" content=\"image\/jpeg\" \/>\n<meta name=\"author\" content=\"LifesGo\" \/>\n<meta name=\"twitter:card\" content=\"summary_large_image\" \/>\n<meta name=\"twitter:label1\" content=\"Escrito por\" \/>\n\t<meta name=\"twitter:data1\" content=\"LifesGo\" \/>\n\t<meta name=\"twitter:label2\" content=\"Est. tempo de leitura\" \/>\n\t<meta name=\"twitter:data2\" content=\"9 minutos\" \/>\n<script type=\"application\/ld+json\" class=\"yoast-schema-graph\">{\"@context\":\"https:\\\/\\\/schema.org\",\"@graph\":[{\"@type\":\"Article\",\"@id\":\"https:\\\/\\\/lifesgo.an9.com.br\\\/index.php\\\/2026\\\/09\\\/02\\\/4o-festival-de-teatro-amir-haddad-tera-mais-de-80-atracoes-na-lapa-durante-a-semana-de-arte-do-rio\\\/#article\",\"isPartOf\":{\"@id\":\"https:\\\/\\\/lifesgo.an9.com.br\\\/index.php\\\/2026\\\/09\\\/02\\\/4o-festival-de-teatro-amir-haddad-tera-mais-de-80-atracoes-na-lapa-durante-a-semana-de-arte-do-rio\\\/\"},\"author\":{\"name\":\"LifesGo\",\"@id\":\"https:\\\/\\\/lifesgo.an9.com.br\\\/#\\\/schema\\\/person\\\/b34bfc24fce1f5cb9dc117e2efe61a07\"},\"headline\":\"4\u00ba Festival de Teatro Amir Haddad ter\u00e1 mais de 80 atra\u00e7\u00f5es na Lapa durante a Semana de Arte do Rio\",\"datePublished\":\"2026-09-02T17:51:50+00:00\",\"dateModified\":\"2026-09-02T17:51:51+00:00\",\"mainEntityOfPage\":{\"@id\":\"https:\\\/\\\/lifesgo.an9.com.br\\\/index.php\\\/2026\\\/09\\\/02\\\/4o-festival-de-teatro-amir-haddad-tera-mais-de-80-atracoes-na-lapa-durante-a-semana-de-arte-do-rio\\\/\"},\"wordCount\":1724,\"commentCount\":0,\"image\":{\"@id\":\"https:\\\/\\\/lifesgo.an9.com.br\\\/index.php\\\/2026\\\/09\\\/02\\\/4o-festival-de-teatro-amir-haddad-tera-mais-de-80-atracoes-na-lapa-durante-a-semana-de-arte-do-rio\\\/#primaryimage\"},\"thumbnailUrl\":\"https:\\\/\\\/lifesgo.an9.com.br\\\/wp-content\\\/uploads\\\/2026\\\/09\\\/MCOM-PHOTO-092026-0064.jpg\",\"keywords\":[\"Festival de Teatro Amir Haddad\"],\"articleSection\":[\"Cultura\"],\"inLanguage\":\"pt-BR\",\"potentialAction\":[{\"@type\":\"CommentAction\",\"name\":\"Comment\",\"target\":[\"https:\\\/\\\/lifesgo.an9.com.br\\\/index.php\\\/2026\\\/09\\\/02\\\/4o-festival-de-teatro-amir-haddad-tera-mais-de-80-atracoes-na-lapa-durante-a-semana-de-arte-do-rio\\\/#respond\"]}]},{\"@type\":\"WebPage\",\"@id\":\"https:\\\/\\\/lifesgo.an9.com.br\\\/index.php\\\/2026\\\/09\\\/02\\\/4o-festival-de-teatro-amir-haddad-tera-mais-de-80-atracoes-na-lapa-durante-a-semana-de-arte-do-rio\\\/\",\"url\":\"https:\\\/\\\/lifesgo.an9.com.br\\\/index.php\\\/2026\\\/09\\\/02\\\/4o-festival-de-teatro-amir-haddad-tera-mais-de-80-atracoes-na-lapa-durante-a-semana-de-arte-do-rio\\\/\",\"name\":\"4\u00ba Festival de Teatro Amir Haddad ter\u00e1 mais de 80 atra\u00e7\u00f5es na Lapa durante a Semana de Arte do Rio - LifesGo\",\"isPartOf\":{\"@id\":\"https:\\\/\\\/lifesgo.an9.com.br\\\/#website\"},\"primaryImageOfPage\":{\"@id\":\"https:\\\/\\\/lifesgo.an9.com.br\\\/index.php\\\/2026\\\/09\\\/02\\\/4o-festival-de-teatro-amir-haddad-tera-mais-de-80-atracoes-na-lapa-durante-a-semana-de-arte-do-rio\\\/#primaryimage\"},\"image\":{\"@id\":\"https:\\\/\\\/lifesgo.an9.com.br\\\/index.php\\\/2026\\\/09\\\/02\\\/4o-festival-de-teatro-amir-haddad-tera-mais-de-80-atracoes-na-lapa-durante-a-semana-de-arte-do-rio\\\/#primaryimage\"},\"thumbnailUrl\":\"https:\\\/\\\/lifesgo.an9.com.br\\\/wp-content\\\/uploads\\\/2026\\\/09\\\/MCOM-PHOTO-092026-0064.jpg\",\"datePublished\":\"2026-09-02T17:51:50+00:00\",\"dateModified\":\"2026-09-02T17:51:51+00:00\",\"author\":{\"@id\":\"https:\\\/\\\/lifesgo.an9.com.br\\\/#\\\/schema\\\/person\\\/b34bfc24fce1f5cb9dc117e2efe61a07\"},\"breadcrumb\":{\"@id\":\"https:\\\/\\\/lifesgo.an9.com.br\\\/index.php\\\/2026\\\/09\\\/02\\\/4o-festival-de-teatro-amir-haddad-tera-mais-de-80-atracoes-na-lapa-durante-a-semana-de-arte-do-rio\\\/#breadcrumb\"},\"inLanguage\":\"pt-BR\",\"potentialAction\":[{\"@type\":\"ReadAction\",\"target\":[\"https:\\\/\\\/lifesgo.an9.com.br\\\/index.php\\\/2026\\\/09\\\/02\\\/4o-festival-de-teatro-amir-haddad-tera-mais-de-80-atracoes-na-lapa-durante-a-semana-de-arte-do-rio\\\/\"]}]},{\"@type\":\"ImageObject\",\"inLanguage\":\"pt-BR\",\"@id\":\"https:\\\/\\\/lifesgo.an9.com.br\\\/index.php\\\/2026\\\/09\\\/02\\\/4o-festival-de-teatro-amir-haddad-tera-mais-de-80-atracoes-na-lapa-durante-a-semana-de-arte-do-rio\\\/#primaryimage\",\"url\":\"https:\\\/\\\/lifesgo.an9.com.br\\\/wp-content\\\/uploads\\\/2026\\\/09\\\/MCOM-PHOTO-092026-0064.jpg\",\"contentUrl\":\"https:\\\/\\\/lifesgo.an9.com.br\\\/wp-content\\\/uploads\\\/2026\\\/09\\\/MCOM-PHOTO-092026-0064.jpg\",\"width\":1086,\"height\":668,\"caption\":\"Abertura do Festival de Teatro Amir Haddad em 2025 - Amir Haddad, Fernanda Montenegro e Grupo T\u00e1 Na Rua\"},{\"@type\":\"BreadcrumbList\",\"@id\":\"https:\\\/\\\/lifesgo.an9.com.br\\\/index.php\\\/2026\\\/09\\\/02\\\/4o-festival-de-teatro-amir-haddad-tera-mais-de-80-atracoes-na-lapa-durante-a-semana-de-arte-do-rio\\\/#breadcrumb\",\"itemListElement\":[{\"@type\":\"ListItem\",\"position\":1,\"name\":\"In\u00edcio\",\"item\":\"https:\\\/\\\/lifesgo.an9.com.br\\\/\"},{\"@type\":\"ListItem\",\"position\":2,\"name\":\"4\u00ba Festival de Teatro Amir Haddad ter\u00e1 mais de 80 atra\u00e7\u00f5es na Lapa durante a Semana de Arte do Rio\"}]},{\"@type\":\"WebSite\",\"@id\":\"https:\\\/\\\/lifesgo.an9.com.br\\\/#website\",\"url\":\"https:\\\/\\\/lifesgo.an9.com.br\\\/\",\"name\":\"LifesGo\",\"description\":\"\",\"potentialAction\":[{\"@type\":\"SearchAction\",\"target\":{\"@type\":\"EntryPoint\",\"urlTemplate\":\"https:\\\/\\\/lifesgo.an9.com.br\\\/?s={search_term_string}\"},\"query-input\":{\"@type\":\"PropertyValueSpecification\",\"valueRequired\":true,\"valueName\":\"search_term_string\"}}],\"inLanguage\":\"pt-BR\"},{\"@type\":\"Person\",\"@id\":\"https:\\\/\\\/lifesgo.an9.com.br\\\/#\\\/schema\\\/person\\\/b34bfc24fce1f5cb9dc117e2efe61a07\",\"name\":\"LifesGo\",\"image\":{\"@type\":\"ImageObject\",\"inLanguage\":\"pt-BR\",\"@id\":\"https:\\\/\\\/secure.gravatar.com\\\/avatar\\\/ed0fb6c2dc8ca8634274f12b6bcee558dbcb1b05612be222e7d40b115c40b4f2?s=96&d=mm&r=g\",\"url\":\"https:\\\/\\\/secure.gravatar.com\\\/avatar\\\/ed0fb6c2dc8ca8634274f12b6bcee558dbcb1b05612be222e7d40b115c40b4f2?s=96&d=mm&r=g\",\"contentUrl\":\"https:\\\/\\\/secure.gravatar.com\\\/avatar\\\/ed0fb6c2dc8ca8634274f12b6bcee558dbcb1b05612be222e7d40b115c40b4f2?s=96&d=mm&r=g\",\"caption\":\"LifesGo\"},\"sameAs\":[\"https:\\\/\\\/lifesgo.com.br\"],\"url\":\"https:\\\/\\\/lifesgo.an9.com.br\\\/index.php\\\/author\\\/lucamor\\\/\"}]}<\/script>\n<!-- \/ Yoast SEO plugin. -->","yoast_head_json":{"title":"4\u00ba Festival de Teatro Amir Haddad ter\u00e1 mais de 80 atra\u00e7\u00f5es na Lapa durante a Semana de Arte do Rio - LifesGo","robots":{"index":"index","follow":"follow","max-snippet":"max-snippet:-1","max-image-preview":"max-image-preview:large","max-video-preview":"max-video-preview:-1"},"canonical":"https:\/\/lifesgo.an9.com.br\/index.php\/2026\/09\/02\/4o-festival-de-teatro-amir-haddad-tera-mais-de-80-atracoes-na-lapa-durante-a-semana-de-arte-do-rio\/","og_locale":"pt_BR","og_type":"article","og_title":"4\u00ba Festival de Teatro Amir Haddad ter\u00e1 mais de 80 atra\u00e7\u00f5es na Lapa durante a Semana de Arte do Rio - LifesGo","og_description":"De 18 a 25 de setembro, festival ocupa os Arcos...","og_url":"https:\/\/lifesgo.an9.com.br\/index.php\/2026\/09\/02\/4o-festival-de-teatro-amir-haddad-tera-mais-de-80-atracoes-na-lapa-durante-a-semana-de-arte-do-rio\/","og_site_name":"LifesGo","article_published_time":"2026-09-02T17:51:50+00:00","article_modified_time":"2026-09-02T17:51:51+00:00","og_image":[{"width":1086,"height":668,"url":"https:\/\/lifesgo.an9.com.br\/wp-content\/uploads\/2026\/09\/MCOM-PHOTO-092026-0064.jpg","type":"image\/jpeg"}],"author":"LifesGo","twitter_card":"summary_large_image","twitter_misc":{"Escrito por":"LifesGo","Est. tempo de leitura":"9 minutos"},"schema":{"@context":"https:\/\/schema.org","@graph":[{"@type":"Article","@id":"https:\/\/lifesgo.an9.com.br\/index.php\/2026\/09\/02\/4o-festival-de-teatro-amir-haddad-tera-mais-de-80-atracoes-na-lapa-durante-a-semana-de-arte-do-rio\/#article","isPartOf":{"@id":"https:\/\/lifesgo.an9.com.br\/index.php\/2026\/09\/02\/4o-festival-de-teatro-amir-haddad-tera-mais-de-80-atracoes-na-lapa-durante-a-semana-de-arte-do-rio\/"},"author":{"name":"LifesGo","@id":"https:\/\/lifesgo.an9.com.br\/#\/schema\/person\/b34bfc24fce1f5cb9dc117e2efe61a07"},"headline":"4\u00ba Festival de Teatro Amir Haddad ter\u00e1 mais de 80 atra\u00e7\u00f5es na Lapa durante a Semana de Arte do Rio","datePublished":"2026-09-02T17:51:50+00:00","dateModified":"2026-09-02T17:51:51+00:00","mainEntityOfPage":{"@id":"https:\/\/lifesgo.an9.com.br\/index.php\/2026\/09\/02\/4o-festival-de-teatro-amir-haddad-tera-mais-de-80-atracoes-na-lapa-durante-a-semana-de-arte-do-rio\/"},"wordCount":1724,"commentCount":0,"image":{"@id":"https:\/\/lifesgo.an9.com.br\/index.php\/2026\/09\/02\/4o-festival-de-teatro-amir-haddad-tera-mais-de-80-atracoes-na-lapa-durante-a-semana-de-arte-do-rio\/#primaryimage"},"thumbnailUrl":"https:\/\/lifesgo.an9.com.br\/wp-content\/uploads\/2026\/09\/MCOM-PHOTO-092026-0064.jpg","keywords":["Festival de Teatro Amir Haddad"],"articleSection":["Cultura"],"inLanguage":"pt-BR","potentialAction":[{"@type":"CommentAction","name":"Comment","target":["https:\/\/lifesgo.an9.com.br\/index.php\/2026\/09\/02\/4o-festival-de-teatro-amir-haddad-tera-mais-de-80-atracoes-na-lapa-durante-a-semana-de-arte-do-rio\/#respond"]}]},{"@type":"WebPage","@id":"https:\/\/lifesgo.an9.com.br\/index.php\/2026\/09\/02\/4o-festival-de-teatro-amir-haddad-tera-mais-de-80-atracoes-na-lapa-durante-a-semana-de-arte-do-rio\/","url":"https:\/\/lifesgo.an9.com.br\/index.php\/2026\/09\/02\/4o-festival-de-teatro-amir-haddad-tera-mais-de-80-atracoes-na-lapa-durante-a-semana-de-arte-do-rio\/","name":"4\u00ba Festival de Teatro Amir Haddad ter\u00e1 mais de 80 atra\u00e7\u00f5es na Lapa durante a Semana de Arte do Rio - LifesGo","isPartOf":{"@id":"https:\/\/lifesgo.an9.com.br\/#website"},"primaryImageOfPage":{"@id":"https:\/\/lifesgo.an9.com.br\/index.php\/2026\/09\/02\/4o-festival-de-teatro-amir-haddad-tera-mais-de-80-atracoes-na-lapa-durante-a-semana-de-arte-do-rio\/#primaryimage"},"image":{"@id":"https:\/\/lifesgo.an9.com.br\/index.php\/2026\/09\/02\/4o-festival-de-teatro-amir-haddad-tera-mais-de-80-atracoes-na-lapa-durante-a-semana-de-arte-do-rio\/#primaryimage"},"thumbnailUrl":"https:\/\/lifesgo.an9.com.br\/wp-content\/uploads\/2026\/09\/MCOM-PHOTO-092026-0064.jpg","datePublished":"2026-09-02T17:51:50+00:00","dateModified":"2026-09-02T17:51:51+00:00","author":{"@id":"https:\/\/lifesgo.an9.com.br\/#\/schema\/person\/b34bfc24fce1f5cb9dc117e2efe61a07"},"breadcrumb":{"@id":"https:\/\/lifesgo.an9.com.br\/index.php\/2026\/09\/02\/4o-festival-de-teatro-amir-haddad-tera-mais-de-80-atracoes-na-lapa-durante-a-semana-de-arte-do-rio\/#breadcrumb"},"inLanguage":"pt-BR","potentialAction":[{"@type":"ReadAction","target":["https:\/\/lifesgo.an9.com.br\/index.php\/2026\/09\/02\/4o-festival-de-teatro-amir-haddad-tera-mais-de-80-atracoes-na-lapa-durante-a-semana-de-arte-do-rio\/"]}]},{"@type":"ImageObject","inLanguage":"pt-BR","@id":"https:\/\/lifesgo.an9.com.br\/index.php\/2026\/09\/02\/4o-festival-de-teatro-amir-haddad-tera-mais-de-80-atracoes-na-lapa-durante-a-semana-de-arte-do-rio\/#primaryimage","url":"https:\/\/lifesgo.an9.com.br\/wp-content\/uploads\/2026\/09\/MCOM-PHOTO-092026-0064.jpg","contentUrl":"https:\/\/lifesgo.an9.com.br\/wp-content\/uploads\/2026\/09\/MCOM-PHOTO-092026-0064.jpg","width":1086,"height":668,"caption":"Abertura do Festival de Teatro Amir Haddad em 2025 - Amir Haddad, Fernanda Montenegro e Grupo T\u00e1 Na Rua"},{"@type":"BreadcrumbList","@id":"https:\/\/lifesgo.an9.com.br\/index.php\/2026\/09\/02\/4o-festival-de-teatro-amir-haddad-tera-mais-de-80-atracoes-na-lapa-durante-a-semana-de-arte-do-rio\/#breadcrumb","itemListElement":[{"@type":"ListItem","position":1,"name":"In\u00edcio","item":"https:\/\/lifesgo.an9.com.br\/"},{"@type":"ListItem","position":2,"name":"4\u00ba Festival de Teatro Amir Haddad ter\u00e1 mais de 80 atra\u00e7\u00f5es na Lapa durante a Semana de Arte do Rio"}]},{"@type":"WebSite","@id":"https:\/\/lifesgo.an9.com.br\/#website","url":"https:\/\/lifesgo.an9.com.br\/","name":"LifesGo","description":"","potentialAction":[{"@type":"SearchAction","target":{"@type":"EntryPoint","urlTemplate":"https:\/\/lifesgo.an9.com.br\/?s={search_term_string}"},"query-input":{"@type":"PropertyValueSpecification","valueRequired":true,"valueName":"search_term_string"}}],"inLanguage":"pt-BR"},{"@type":"Person","@id":"https:\/\/lifesgo.an9.com.br\/#\/schema\/person\/b34bfc24fce1f5cb9dc117e2efe61a07","name":"LifesGo","image":{"@type":"ImageObject","inLanguage":"pt-BR","@id":"https:\/\/secure.gravatar.com\/avatar\/ed0fb6c2dc8ca8634274f12b6bcee558dbcb1b05612be222e7d40b115c40b4f2?s=96&d=mm&r=g","url":"https:\/\/secure.gravatar.com\/avatar\/ed0fb6c2dc8ca8634274f12b6bcee558dbcb1b05612be222e7d40b115c40b4f2?s=96&d=mm&r=g","contentUrl":"https:\/\/secure.gravatar.com\/avatar\/ed0fb6c2dc8ca8634274f12b6bcee558dbcb1b05612be222e7d40b115c40b4f2?s=96&d=mm&r=g","caption":"LifesGo"},"sameAs":["https:\/\/lifesgo.com.br"],"url":"https:\/\/lifesgo.an9.com.br\/index.php\/author\/lucamor\/"}]}},"_links":{"self":[{"href":"https:\/\/lifesgo.an9.com.br\/index.php\/wp-json\/wp\/v2\/posts\/82824","targetHints":{"allow":["GET"]}}],"collection":[{"href":"https:\/\/lifesgo.an9.com.br\/index.php\/wp-json\/wp\/v2\/posts"}],"about":[{"href":"https:\/\/lifesgo.an9.com.br\/index.php\/wp-json\/wp\/v2\/types\/post"}],"author":[{"embeddable":true,"href":"https:\/\/lifesgo.an9.com.br\/index.php\/wp-json\/wp\/v2\/users\/1"}],"replies":[{"embeddable":true,"href":"https:\/\/lifesgo.an9.com.br\/index.php\/wp-json\/wp\/v2\/comments?post=82824"}],"version-history":[{"count":1,"href":"https:\/\/lifesgo.an9.com.br\/index.php\/wp-json\/wp\/v2\/posts\/82824\/revisions"}],"predecessor-version":[{"id":82825,"href":"https:\/\/lifesgo.an9.com.br\/index.php\/wp-json\/wp\/v2\/posts\/82824\/revisions\/82825"}],"wp:featuredmedia":[{"embeddable":true,"href":"https:\/\/lifesgo.an9.com.br\/index.php\/wp-json\/wp\/v2\/media\/82820"}],"wp:attachment":[{"href":"https:\/\/lifesgo.an9.com.br\/index.php\/wp-json\/wp\/v2\/media?parent=82824"}],"wp:term":[{"taxonomy":"category","embeddable":true,"href":"https:\/\/lifesgo.an9.com.br\/index.php\/wp-json\/wp\/v2\/categories?post=82824"},{"taxonomy":"post_tag","embeddable":true,"href":"https:\/\/lifesgo.an9.com.br\/index.php\/wp-json\/wp\/v2\/tags?post=82824"}],"curies":[{"name":"wp","href":"https:\/\/api.w.org\/{rel}","templated":true}]}}