{"id":82818,"date":"2026-09-02T09:41:47","date_gmt":"2026-09-02T12:41:47","guid":{"rendered":"https:\/\/lifesgo.an9.com.br\/index.php\/2026\/09\/02\/rede-ronaldo-lanca-40-por-40-e-reune-liderancas-da-varzea-paulista-em-sao-paulo\/"},"modified":"2026-09-02T09:41:48","modified_gmt":"2026-09-02T12:41:48","slug":"rede-ronaldo-lanca-40-por-40-e-reune-liderancas-da-varzea-paulista-em-sao-paulo","status":"publish","type":"post","link":"https:\/\/lifesgo.an9.com.br\/index.php\/2026\/09\/02\/rede-ronaldo-lanca-40-por-40-e-reune-liderancas-da-varzea-paulista-em-sao-paulo\/","title":{"rendered":"Rede Ronaldo lan\u00e7a \u201c40 por 40\u201d e re\u00fane lideran\u00e7as da v\u00e1rzea paulista em S\u00e3o Paulo"},"content":{"rendered":"<p><strong>Novo programa mergulha no futebol amador, valoriza os campeonatos de v\u00e1rzea e destaca a periferia como um dos principais ber\u00e7os de talentos do futebol brasileiro<\/strong><\/p>\n<p>S\u00e3o Paulo, SP \u2013 A Rede Ronaldo reuniu dirigentes, organizadores e representantes de alguns dos principais e mais tradicionais campeonatos de v\u00e1rzea de S\u00e3o Paulo e da Grande S\u00e3o Paulo para o lan\u00e7amento oficial do programa \u201c40 por 40\u201d, nova atra\u00e7\u00e3o dedicada ao universo do futebol amador e \u00e0 cultura das periferias.<\/p>\n<p>O encontro aconteceu na sede da Rede Ronaldo, na capital paulista, e marcou a apresenta\u00e7\u00e3o oficial do projeto. Durante o coquetel, os convidados puderam assistir, em primeira m\u00e3o, ao epis\u00f3dio de estreia e conhecer a proposta da nova produ\u00e7\u00e3o.<\/p>\n<p>Mais do que destacar jogadores individualmente, o \u201c40 por 40\u201d nasce com a miss\u00e3o de ampliar os holofotes sobre todo o ecossistema da v\u00e1rzea: seus campeonatos, ligas, dirigentes, organizadores, torcedores, comunidades e personagens que mant\u00eam viva uma das manifesta\u00e7\u00f5es mais tradicionais do futebol brasileiro.<\/p>\n<p>A atra\u00e7\u00e3o tamb\u00e9m busca mostrar como a periferia exerce papel fundamental na forma\u00e7\u00e3o esportiva e cultural do pa\u00eds. \u00c9 nos campos de bairros e nos campeonatos comunit\u00e1rios que milhares de jovens t\u00eam seus primeiros contatos com o futebol competitivo e onde, historicamente, surgem talentos que posteriormente chegam \u00e0s categorias de base e ao futebol profissional.<\/p>\n<figure style=\"text-align:center; margin:18px auto;\"><img decoding=\"async\" src=\"https:\/\/lifesgo.an9.com.br\/wp-content\/uploads\/2026\/09\/MCOM-PHOTO-092026-0037.jpeg\" alt=\"\" style=\"max-width:100%; height:auto; display:block; margin-left:auto; margin-right:auto;\"><\/figure>\n<p><strong>V\u00e1rzea al\u00e9m das quatro linhas<\/strong><\/p>\n<p>O \u201c40 por 40\u201d pretende apresentar ao p\u00fablico hist\u00f3rias que v\u00e3o al\u00e9m dos resultados dentro de campo. O programa acompanha a paix\u00e3o dos bairros, a organiza\u00e7\u00e3o das competi\u00e7\u00f5es, a mobiliza\u00e7\u00e3o das comunidades e o impacto social e econ\u00f4mico provocado pelo futebol amador.<\/p>\n<p>A proposta \u00e9 registrar a v\u00e1rzea como parte importante da identidade cultural das periferias brasileiras, mostrando personagens e estruturas que normalmente recebem menos espa\u00e7o na grande m\u00eddia, apesar da dimens\u00e3o e da relev\u00e2ncia que possuem.<\/p>\n<p>O lan\u00e7amento reuniu justamente algumas das lideran\u00e7as respons\u00e1veis por movimentar esse cen\u00e1rio em S\u00e3o Paulo, aproximando diferentes campeonatos e representantes em torno da valoriza\u00e7\u00e3o do futebol de raiz.<\/p>\n<p>A exibi\u00e7\u00e3o do epis\u00f3dio inaugural durante o evento marcou tamb\u00e9m o in\u00edcio oficial das transmiss\u00f5es do \u201c40 por 40\u201d. O primeiro conte\u00fado j\u00e1 est\u00e1 dispon\u00edvel no canal da Rede Ronaldo.<\/p>\n<p><strong>Sobre o \u201c40 por 40\u201d<\/strong><\/p>\n<p>O \u201c40 por 40\u201d \u00e9 uma produ\u00e7\u00e3o dedicada a mapear, registrar e exaltar a cultura do futebol de v\u00e1rzea, seus campeonatos, suas comunidades e seus principais personagens. A atra\u00e7\u00e3o busca revelar a dimens\u00e3o esportiva, cultural e social da v\u00e1rzea e refor\u00e7ar o papel fundamental das periferias na constru\u00e7\u00e3o e renova\u00e7\u00e3o do futebol brasileiro.<\/p>\n<p><em>(Cr\u00e9dito: Divulga\u00e7\u00e3o)<\/em><\/p>\n","protected":false},"excerpt":{"rendered":"<p>Novo programa mergulha no futebol amador, valoriza os campeonatos de&#8230;<\/p>\n","protected":false},"author":1,"featured_media":82816,"comment_status":"open","ping_status":"open","sticky":false,"template":"","format":"standard","meta":{"_acf_changed":false,"footnotes":""},"categories":[41],"tags":[685],"class_list":["post-82818","post","type-post","status-publish","format-standard","has-post-thumbnail","hentry","category-esportes","tag-rede-ronaldo"],"acf":[],"yoast_head":"<!-- This site is optimized with the Yoast SEO plugin v28.4 - https:\/\/yoast.com\/product\/yoast-seo-wordpress\/ -->\n<title>Rede Ronaldo lan\u00e7a \u201c40 por 40\u201d e re\u00fane lideran\u00e7as da v\u00e1rzea paulista em S\u00e3o Paulo - LifesGo<\/title>\n<meta name=\"robots\" content=\"index, follow, max-snippet:-1, max-image-preview:large, max-video-preview:-1\" \/>\n<link rel=\"canonical\" href=\"https:\/\/lifesgo.an9.com.br\/index.php\/2026\/09\/02\/rede-ronaldo-lanca-40-por-40-e-reune-liderancas-da-varzea-paulista-em-sao-paulo\/\" \/>\n<meta property=\"og:locale\" content=\"pt_BR\" \/>\n<meta property=\"og:type\" content=\"article\" \/>\n<meta property=\"og:title\" content=\"Rede Ronaldo lan\u00e7a \u201c40 por 40\u201d e re\u00fane lideran\u00e7as da v\u00e1rzea paulista em S\u00e3o Paulo - LifesGo\" \/>\n<meta property=\"og:description\" content=\"Novo programa mergulha no futebol amador, valoriza os campeonatos de...\" \/>\n<meta property=\"og:url\" content=\"https:\/\/lifesgo.an9.com.br\/index.php\/2026\/09\/02\/rede-ronaldo-lanca-40-por-40-e-reune-liderancas-da-varzea-paulista-em-sao-paulo\/\" \/>\n<meta property=\"og:site_name\" content=\"LifesGo\" \/>\n<meta property=\"article:published_time\" content=\"2026-09-02T12:41:47+00:00\" \/>\n<meta property=\"article:modified_time\" content=\"2026-09-02T12:41:48+00:00\" \/>\n<meta property=\"og:image\" content=\"https:\/\/lifesgo.an9.com.br\/wp-content\/uploads\/2026\/09\/MCOM-PHOTO-092026-0036.jpeg\" \/>\n\t<meta property=\"og:image:width\" content=\"1086\" \/>\n\t<meta property=\"og:image:height\" content=\"668\" \/>\n\t<meta property=\"og:image:type\" content=\"image\/jpeg\" \/>\n<meta name=\"author\" content=\"LifesGo\" \/>\n<meta name=\"twitter:card\" content=\"summary_large_image\" \/>\n<meta name=\"twitter:label1\" content=\"Escrito por\" \/>\n\t<meta name=\"twitter:data1\" content=\"LifesGo\" \/>\n\t<meta name=\"twitter:label2\" content=\"Est. tempo de leitura\" \/>\n\t<meta name=\"twitter:data2\" content=\"2 minutos\" \/>\n<script type=\"application\/ld+json\" class=\"yoast-schema-graph\">{\"@context\":\"https:\\\/\\\/schema.org\",\"@graph\":[{\"@type\":\"Article\",\"@id\":\"https:\\\/\\\/lifesgo.an9.com.br\\\/index.php\\\/2026\\\/09\\\/02\\\/rede-ronaldo-lanca-40-por-40-e-reune-liderancas-da-varzea-paulista-em-sao-paulo\\\/#article\",\"isPartOf\":{\"@id\":\"https:\\\/\\\/lifesgo.an9.com.br\\\/index.php\\\/2026\\\/09\\\/02\\\/rede-ronaldo-lanca-40-por-40-e-reune-liderancas-da-varzea-paulista-em-sao-paulo\\\/\"},\"author\":{\"name\":\"LifesGo\",\"@id\":\"https:\\\/\\\/lifesgo.an9.com.br\\\/#\\\/schema\\\/person\\\/b34bfc24fce1f5cb9dc117e2efe61a07\"},\"headline\":\"Rede Ronaldo lan\u00e7a \u201c40 por 40\u201d e re\u00fane lideran\u00e7as da v\u00e1rzea paulista em S\u00e3o Paulo\",\"datePublished\":\"2026-09-02T12:41:47+00:00\",\"dateModified\":\"2026-09-02T12:41:48+00:00\",\"mainEntityOfPage\":{\"@id\":\"https:\\\/\\\/lifesgo.an9.com.br\\\/index.php\\\/2026\\\/09\\\/02\\\/rede-ronaldo-lanca-40-por-40-e-reune-liderancas-da-varzea-paulista-em-sao-paulo\\\/\"},\"wordCount\":477,\"commentCount\":0,\"image\":{\"@id\":\"https:\\\/\\\/lifesgo.an9.com.br\\\/index.php\\\/2026\\\/09\\\/02\\\/rede-ronaldo-lanca-40-por-40-e-reune-liderancas-da-varzea-paulista-em-sao-paulo\\\/#primaryimage\"},\"thumbnailUrl\":\"https:\\\/\\\/lifesgo.an9.com.br\\\/wp-content\\\/uploads\\\/2026\\\/09\\\/MCOM-PHOTO-092026-0036.jpeg\",\"keywords\":[\"Rede Ronaldo\"],\"articleSection\":[\"Esportes\"],\"inLanguage\":\"pt-BR\",\"potentialAction\":[{\"@type\":\"CommentAction\",\"name\":\"Comment\",\"target\":[\"https:\\\/\\\/lifesgo.an9.com.br\\\/index.php\\\/2026\\\/09\\\/02\\\/rede-ronaldo-lanca-40-por-40-e-reune-liderancas-da-varzea-paulista-em-sao-paulo\\\/#respond\"]}]},{\"@type\":\"WebPage\",\"@id\":\"https:\\\/\\\/lifesgo.an9.com.br\\\/index.php\\\/2026\\\/09\\\/02\\\/rede-ronaldo-lanca-40-por-40-e-reune-liderancas-da-varzea-paulista-em-sao-paulo\\\/\",\"url\":\"https:\\\/\\\/lifesgo.an9.com.br\\\/index.php\\\/2026\\\/09\\\/02\\\/rede-ronaldo-lanca-40-por-40-e-reune-liderancas-da-varzea-paulista-em-sao-paulo\\\/\",\"name\":\"Rede Ronaldo lan\u00e7a \u201c40 por 40\u201d e re\u00fane lideran\u00e7as da v\u00e1rzea paulista em S\u00e3o Paulo - LifesGo\",\"isPartOf\":{\"@id\":\"https:\\\/\\\/lifesgo.an9.com.br\\\/#website\"},\"primaryImageOfPage\":{\"@id\":\"https:\\\/\\\/lifesgo.an9.com.br\\\/index.php\\\/2026\\\/09\\\/02\\\/rede-ronaldo-lanca-40-por-40-e-reune-liderancas-da-varzea-paulista-em-sao-paulo\\\/#primaryimage\"},\"image\":{\"@id\":\"https:\\\/\\\/lifesgo.an9.com.br\\\/index.php\\\/2026\\\/09\\\/02\\\/rede-ronaldo-lanca-40-por-40-e-reune-liderancas-da-varzea-paulista-em-sao-paulo\\\/#primaryimage\"},\"thumbnailUrl\":\"https:\\\/\\\/lifesgo.an9.com.br\\\/wp-content\\\/uploads\\\/2026\\\/09\\\/MCOM-PHOTO-092026-0036.jpeg\",\"datePublished\":\"2026-09-02T12:41:47+00:00\",\"dateModified\":\"2026-09-02T12:41:48+00:00\",\"author\":{\"@id\":\"https:\\\/\\\/lifesgo.an9.com.br\\\/#\\\/schema\\\/person\\\/b34bfc24fce1f5cb9dc117e2efe61a07\"},\"breadcrumb\":{\"@id\":\"https:\\\/\\\/lifesgo.an9.com.br\\\/index.php\\\/2026\\\/09\\\/02\\\/rede-ronaldo-lanca-40-por-40-e-reune-liderancas-da-varzea-paulista-em-sao-paulo\\\/#breadcrumb\"},\"inLanguage\":\"pt-BR\",\"potentialAction\":[{\"@type\":\"ReadAction\",\"target\":[\"https:\\\/\\\/lifesgo.an9.com.br\\\/index.php\\\/2026\\\/09\\\/02\\\/rede-ronaldo-lanca-40-por-40-e-reune-liderancas-da-varzea-paulista-em-sao-paulo\\\/\"]}]},{\"@type\":\"ImageObject\",\"inLanguage\":\"pt-BR\",\"@id\":\"https:\\\/\\\/lifesgo.an9.com.br\\\/index.php\\\/2026\\\/09\\\/02\\\/rede-ronaldo-lanca-40-por-40-e-reune-liderancas-da-varzea-paulista-em-sao-paulo\\\/#primaryimage\",\"url\":\"https:\\\/\\\/lifesgo.an9.com.br\\\/wp-content\\\/uploads\\\/2026\\\/09\\\/MCOM-PHOTO-092026-0036.jpeg\",\"contentUrl\":\"https:\\\/\\\/lifesgo.an9.com.br\\\/wp-content\\\/uploads\\\/2026\\\/09\\\/MCOM-PHOTO-092026-0036.jpeg\",\"width\":1086,\"height\":668},{\"@type\":\"BreadcrumbList\",\"@id\":\"https:\\\/\\\/lifesgo.an9.com.br\\\/index.php\\\/2026\\\/09\\\/02\\\/rede-ronaldo-lanca-40-por-40-e-reune-liderancas-da-varzea-paulista-em-sao-paulo\\\/#breadcrumb\",\"itemListElement\":[{\"@type\":\"ListItem\",\"position\":1,\"name\":\"In\u00edcio\",\"item\":\"https:\\\/\\\/lifesgo.an9.com.br\\\/\"},{\"@type\":\"ListItem\",\"position\":2,\"name\":\"Rede Ronaldo lan\u00e7a \u201c40 por 40\u201d e re\u00fane lideran\u00e7as da v\u00e1rzea paulista em S\u00e3o Paulo\"}]},{\"@type\":\"WebSite\",\"@id\":\"https:\\\/\\\/lifesgo.an9.com.br\\\/#website\",\"url\":\"https:\\\/\\\/lifesgo.an9.com.br\\\/\",\"name\":\"LifesGo\",\"description\":\"\",\"potentialAction\":[{\"@type\":\"SearchAction\",\"target\":{\"@type\":\"EntryPoint\",\"urlTemplate\":\"https:\\\/\\\/lifesgo.an9.com.br\\\/?s={search_term_string}\"},\"query-input\":{\"@type\":\"PropertyValueSpecification\",\"valueRequired\":true,\"valueName\":\"search_term_string\"}}],\"inLanguage\":\"pt-BR\"},{\"@type\":\"Person\",\"@id\":\"https:\\\/\\\/lifesgo.an9.com.br\\\/#\\\/schema\\\/person\\\/b34bfc24fce1f5cb9dc117e2efe61a07\",\"name\":\"LifesGo\",\"image\":{\"@type\":\"ImageObject\",\"inLanguage\":\"pt-BR\",\"@id\":\"https:\\\/\\\/secure.gravatar.com\\\/avatar\\\/ed0fb6c2dc8ca8634274f12b6bcee558dbcb1b05612be222e7d40b115c40b4f2?s=96&d=mm&r=g\",\"url\":\"https:\\\/\\\/secure.gravatar.com\\\/avatar\\\/ed0fb6c2dc8ca8634274f12b6bcee558dbcb1b05612be222e7d40b115c40b4f2?s=96&d=mm&r=g\",\"contentUrl\":\"https:\\\/\\\/secure.gravatar.com\\\/avatar\\\/ed0fb6c2dc8ca8634274f12b6bcee558dbcb1b05612be222e7d40b115c40b4f2?s=96&d=mm&r=g\",\"caption\":\"LifesGo\"},\"sameAs\":[\"https:\\\/\\\/lifesgo.com.br\"],\"url\":\"https:\\\/\\\/lifesgo.an9.com.br\\\/index.php\\\/author\\\/lucamor\\\/\"}]}<\/script>\n<!-- \/ Yoast SEO plugin. -->","yoast_head_json":{"title":"Rede Ronaldo lan\u00e7a \u201c40 por 40\u201d e re\u00fane lideran\u00e7as da v\u00e1rzea paulista em S\u00e3o Paulo - LifesGo","robots":{"index":"index","follow":"follow","max-snippet":"max-snippet:-1","max-image-preview":"max-image-preview:large","max-video-preview":"max-video-preview:-1"},"canonical":"https:\/\/lifesgo.an9.com.br\/index.php\/2026\/09\/02\/rede-ronaldo-lanca-40-por-40-e-reune-liderancas-da-varzea-paulista-em-sao-paulo\/","og_locale":"pt_BR","og_type":"article","og_title":"Rede Ronaldo lan\u00e7a \u201c40 por 40\u201d e re\u00fane lideran\u00e7as da v\u00e1rzea paulista em S\u00e3o Paulo - LifesGo","og_description":"Novo programa mergulha no futebol amador, valoriza os campeonatos de...","og_url":"https:\/\/lifesgo.an9.com.br\/index.php\/2026\/09\/02\/rede-ronaldo-lanca-40-por-40-e-reune-liderancas-da-varzea-paulista-em-sao-paulo\/","og_site_name":"LifesGo","article_published_time":"2026-09-02T12:41:47+00:00","article_modified_time":"2026-09-02T12:41:48+00:00","og_image":[{"width":1086,"height":668,"url":"https:\/\/lifesgo.an9.com.br\/wp-content\/uploads\/2026\/09\/MCOM-PHOTO-092026-0036.jpeg","type":"image\/jpeg"}],"author":"LifesGo","twitter_card":"summary_large_image","twitter_misc":{"Escrito por":"LifesGo","Est. tempo de leitura":"2 minutos"},"schema":{"@context":"https:\/\/schema.org","@graph":[{"@type":"Article","@id":"https:\/\/lifesgo.an9.com.br\/index.php\/2026\/09\/02\/rede-ronaldo-lanca-40-por-40-e-reune-liderancas-da-varzea-paulista-em-sao-paulo\/#article","isPartOf":{"@id":"https:\/\/lifesgo.an9.com.br\/index.php\/2026\/09\/02\/rede-ronaldo-lanca-40-por-40-e-reune-liderancas-da-varzea-paulista-em-sao-paulo\/"},"author":{"name":"LifesGo","@id":"https:\/\/lifesgo.an9.com.br\/#\/schema\/person\/b34bfc24fce1f5cb9dc117e2efe61a07"},"headline":"Rede Ronaldo lan\u00e7a \u201c40 por 40\u201d e re\u00fane lideran\u00e7as da v\u00e1rzea paulista em S\u00e3o Paulo","datePublished":"2026-09-02T12:41:47+00:00","dateModified":"2026-09-02T12:41:48+00:00","mainEntityOfPage":{"@id":"https:\/\/lifesgo.an9.com.br\/index.php\/2026\/09\/02\/rede-ronaldo-lanca-40-por-40-e-reune-liderancas-da-varzea-paulista-em-sao-paulo\/"},"wordCount":477,"commentCount":0,"image":{"@id":"https:\/\/lifesgo.an9.com.br\/index.php\/2026\/09\/02\/rede-ronaldo-lanca-40-por-40-e-reune-liderancas-da-varzea-paulista-em-sao-paulo\/#primaryimage"},"thumbnailUrl":"https:\/\/lifesgo.an9.com.br\/wp-content\/uploads\/2026\/09\/MCOM-PHOTO-092026-0036.jpeg","keywords":["Rede Ronaldo"],"articleSection":["Esportes"],"inLanguage":"pt-BR","potentialAction":[{"@type":"CommentAction","name":"Comment","target":["https:\/\/lifesgo.an9.com.br\/index.php\/2026\/09\/02\/rede-ronaldo-lanca-40-por-40-e-reune-liderancas-da-varzea-paulista-em-sao-paulo\/#respond"]}]},{"@type":"WebPage","@id":"https:\/\/lifesgo.an9.com.br\/index.php\/2026\/09\/02\/rede-ronaldo-lanca-40-por-40-e-reune-liderancas-da-varzea-paulista-em-sao-paulo\/","url":"https:\/\/lifesgo.an9.com.br\/index.php\/2026\/09\/02\/rede-ronaldo-lanca-40-por-40-e-reune-liderancas-da-varzea-paulista-em-sao-paulo\/","name":"Rede Ronaldo lan\u00e7a \u201c40 por 40\u201d e re\u00fane lideran\u00e7as da v\u00e1rzea paulista em S\u00e3o Paulo - LifesGo","isPartOf":{"@id":"https:\/\/lifesgo.an9.com.br\/#website"},"primaryImageOfPage":{"@id":"https:\/\/lifesgo.an9.com.br\/index.php\/2026\/09\/02\/rede-ronaldo-lanca-40-por-40-e-reune-liderancas-da-varzea-paulista-em-sao-paulo\/#primaryimage"},"image":{"@id":"https:\/\/lifesgo.an9.com.br\/index.php\/2026\/09\/02\/rede-ronaldo-lanca-40-por-40-e-reune-liderancas-da-varzea-paulista-em-sao-paulo\/#primaryimage"},"thumbnailUrl":"https:\/\/lifesgo.an9.com.br\/wp-content\/uploads\/2026\/09\/MCOM-PHOTO-092026-0036.jpeg","datePublished":"2026-09-02T12:41:47+00:00","dateModified":"2026-09-02T12:41:48+00:00","author":{"@id":"https:\/\/lifesgo.an9.com.br\/#\/schema\/person\/b34bfc24fce1f5cb9dc117e2efe61a07"},"breadcrumb":{"@id":"https:\/\/lifesgo.an9.com.br\/index.php\/2026\/09\/02\/rede-ronaldo-lanca-40-por-40-e-reune-liderancas-da-varzea-paulista-em-sao-paulo\/#breadcrumb"},"inLanguage":"pt-BR","potentialAction":[{"@type":"ReadAction","target":["https:\/\/lifesgo.an9.com.br\/index.php\/2026\/09\/02\/rede-ronaldo-lanca-40-por-40-e-reune-liderancas-da-varzea-paulista-em-sao-paulo\/"]}]},{"@type":"ImageObject","inLanguage":"pt-BR","@id":"https:\/\/lifesgo.an9.com.br\/index.php\/2026\/09\/02\/rede-ronaldo-lanca-40-por-40-e-reune-liderancas-da-varzea-paulista-em-sao-paulo\/#primaryimage","url":"https:\/\/lifesgo.an9.com.br\/wp-content\/uploads\/2026\/09\/MCOM-PHOTO-092026-0036.jpeg","contentUrl":"https:\/\/lifesgo.an9.com.br\/wp-content\/uploads\/2026\/09\/MCOM-PHOTO-092026-0036.jpeg","width":1086,"height":668},{"@type":"BreadcrumbList","@id":"https:\/\/lifesgo.an9.com.br\/index.php\/2026\/09\/02\/rede-ronaldo-lanca-40-por-40-e-reune-liderancas-da-varzea-paulista-em-sao-paulo\/#breadcrumb","itemListElement":[{"@type":"ListItem","position":1,"name":"In\u00edcio","item":"https:\/\/lifesgo.an9.com.br\/"},{"@type":"ListItem","position":2,"name":"Rede Ronaldo lan\u00e7a \u201c40 por 40\u201d e re\u00fane lideran\u00e7as da v\u00e1rzea paulista em S\u00e3o Paulo"}]},{"@type":"WebSite","@id":"https:\/\/lifesgo.an9.com.br\/#website","url":"https:\/\/lifesgo.an9.com.br\/","name":"LifesGo","description":"","potentialAction":[{"@type":"SearchAction","target":{"@type":"EntryPoint","urlTemplate":"https:\/\/lifesgo.an9.com.br\/?s={search_term_string}"},"query-input":{"@type":"PropertyValueSpecification","valueRequired":true,"valueName":"search_term_string"}}],"inLanguage":"pt-BR"},{"@type":"Person","@id":"https:\/\/lifesgo.an9.com.br\/#\/schema\/person\/b34bfc24fce1f5cb9dc117e2efe61a07","name":"LifesGo","image":{"@type":"ImageObject","inLanguage":"pt-BR","@id":"https:\/\/secure.gravatar.com\/avatar\/ed0fb6c2dc8ca8634274f12b6bcee558dbcb1b05612be222e7d40b115c40b4f2?s=96&d=mm&r=g","url":"https:\/\/secure.gravatar.com\/avatar\/ed0fb6c2dc8ca8634274f12b6bcee558dbcb1b05612be222e7d40b115c40b4f2?s=96&d=mm&r=g","contentUrl":"https:\/\/secure.gravatar.com\/avatar\/ed0fb6c2dc8ca8634274f12b6bcee558dbcb1b05612be222e7d40b115c40b4f2?s=96&d=mm&r=g","caption":"LifesGo"},"sameAs":["https:\/\/lifesgo.com.br"],"url":"https:\/\/lifesgo.an9.com.br\/index.php\/author\/lucamor\/"}]}},"_links":{"self":[{"href":"https:\/\/lifesgo.an9.com.br\/index.php\/wp-json\/wp\/v2\/posts\/82818","targetHints":{"allow":["GET"]}}],"collection":[{"href":"https:\/\/lifesgo.an9.com.br\/index.php\/wp-json\/wp\/v2\/posts"}],"about":[{"href":"https:\/\/lifesgo.an9.com.br\/index.php\/wp-json\/wp\/v2\/types\/post"}],"author":[{"embeddable":true,"href":"https:\/\/lifesgo.an9.com.br\/index.php\/wp-json\/wp\/v2\/users\/1"}],"replies":[{"embeddable":true,"href":"https:\/\/lifesgo.an9.com.br\/index.php\/wp-json\/wp\/v2\/comments?post=82818"}],"version-history":[{"count":1,"href":"https:\/\/lifesgo.an9.com.br\/index.php\/wp-json\/wp\/v2\/posts\/82818\/revisions"}],"predecessor-version":[{"id":82819,"href":"https:\/\/lifesgo.an9.com.br\/index.php\/wp-json\/wp\/v2\/posts\/82818\/revisions\/82819"}],"wp:featuredmedia":[{"embeddable":true,"href":"https:\/\/lifesgo.an9.com.br\/index.php\/wp-json\/wp\/v2\/media\/82816"}],"wp:attachment":[{"href":"https:\/\/lifesgo.an9.com.br\/index.php\/wp-json\/wp\/v2\/media?parent=82818"}],"wp:term":[{"taxonomy":"category","embeddable":true,"href":"https:\/\/lifesgo.an9.com.br\/index.php\/wp-json\/wp\/v2\/categories?post=82818"},{"taxonomy":"post_tag","embeddable":true,"href":"https:\/\/lifesgo.an9.com.br\/index.php\/wp-json\/wp\/v2\/tags?post=82818"}],"curies":[{"name":"wp","href":"https:\/\/api.w.org\/{rel}","templated":true}]}}