{"id":82814,"date":"2026-09-02T09:15:17","date_gmt":"2026-09-02T12:15:17","guid":{"rendered":"https:\/\/lifesgo.an9.com.br\/index.php\/2026\/09\/02\/intestino-nao-tem-idade-aumento-de-casos-entre-adultos-mais-jovens-acende-alerta-para-sintomas\/"},"modified":"2026-09-02T09:15:18","modified_gmt":"2026-09-02T12:15:18","slug":"intestino-nao-tem-idade-aumento-de-casos-entre-adultos-mais-jovens-acende-alerta-para-sintomas","status":"publish","type":"post","link":"https:\/\/lifesgo.an9.com.br\/index.php\/2026\/09\/02\/intestino-nao-tem-idade-aumento-de-casos-entre-adultos-mais-jovens-acende-alerta-para-sintomas\/","title":{"rendered":"Intestino n\u00e3o tem idade: aumento de casos entre adultos mais jovens acende alerta para sintomas"},"content":{"rendered":"<p><strong>Embora a maior parte dos diagn\u00f3sticos de c\u00e2ncer colorretal ainda ocorra ap\u00f3s os 50 anos, OMS aponta crescimento da carga da doen\u00e7a entre adultos de 30 a 50 anos em alguns pa\u00edses<\/strong><\/p>\n<p>Durante d\u00e9cadas, o c\u00e2ncer colorretal esteve fortemente associado ao envelhecimento. A idade continua sendo um dos principais fatores de risco para a doen\u00e7a, mas o cen\u00e1rio vem passando por mudan\u00e7as que merecem aten\u00e7\u00e3o. A Organiza\u00e7\u00e3o Mundial da Sa\u00fade (OMS) destaca que, embora a maioria dos casos ainda ocorra em pessoas com 50 anos ou mais, alguns pa\u00edses t\u00eam registrado aumento da incid\u00eancia e da carga da doen\u00e7a entre adultos mais jovens, especialmente na faixa dos 30 aos 50 anos.<\/p>\n<p>O c\u00e2ncer colorretal est\u00e1 entre os tumores de maior impacto no mundo. Dados divulgados pela OMS em 2026 mostram que cerca de 1,9 milh\u00e3o de novos casos foram registrados globalmente em 2022, al\u00e9m de mais de 900 mil mortes. A doen\u00e7a \u00e9 o terceiro tipo de c\u00e2ncer mais comum no planeta e a segunda principal causa de morte relacionada ao c\u00e2ncer. Entre os fatores associados ao risco est\u00e3o alimenta\u00e7\u00e3o rica em carnes processadas e vermelhas, baixo consumo de frutas e vegetais, sedentarismo, excesso de peso, tabagismo e consumo de bebidas alco\u00f3licas.<\/p>\n<p>No Brasil, os n\u00fameros tamb\u00e9m chamam a aten\u00e7\u00e3o. A Estimativa 2026\u20132028 do Instituto Nacional de C\u00e2ncer (INCA) projeta 53.810 novos casos de c\u00e2ncer de c\u00f3lon e reto por ano, sendo 26.270 entre homens e 27.540 entre mulheres. <\/p>\n<p>Desconsiderando os tumores de pele n\u00e3o melanoma, o c\u00e2ncer colorretal ocupa a terceira posi\u00e7\u00e3o entre os tipos de c\u00e2ncer mais frequentes no pa\u00eds. Em Goi\u00e2nia, a estimativa para 2026 \u00e9 de aproximadamente 530 novos casos, sendo 260 em homens e 270 em mulheres.<\/p>\n<p>Entre os adultos mais jovens, um dos desafios \u00e9 justamente a possibilidade de os sinais serem inicialmente associados a condi\u00e7\u00f5es menos graves. Sangramento nas fezes pode ser atribu\u00eddo automaticamente a hemorroidas; mudan\u00e7as no funcionamento intestinal, \u00e0 alimenta\u00e7\u00e3o; e dores ou desconfortos abdominais, ao estresse. Embora esses sintomas possam ter diversas causas benignas, altera\u00e7\u00f5es persistentes precisam ser avaliadas. <\/p>\n<p>Diarreia ou constipa\u00e7\u00e3o prolongadas, sangue nas fezes, dor abdominal, perda de peso sem explica\u00e7\u00e3o, cansa\u00e7o e n\u00edveis baixos de ferro est\u00e3o entre os sinais que podem estar associados \u00e0 doen\u00e7a.<br \/>\n\u201cSer jovem n\u00e3o significa estar autorizado a ignorar o pr\u00f3prio corpo. Quando existe sangramento recorrente, mudan\u00e7a persistente do h\u00e1bito intestinal, perda de peso sem explica\u00e7\u00e3o ou qualquer sintoma que foge do padr\u00e3o habitual, precisamos investigar a causa, independentemente da idade. Na maioria das vezes, esses sintomas podem estar relacionados a outras condi\u00e7\u00f5es, mas somente uma avalia\u00e7\u00e3o adequada permite esclarecer o quadro\u201d, afirma a m\u00e9dica proctologista Dra. Camila Lima.<\/p>\n<p>O alerta, segundo a especialista, n\u00e3o significa que toda pessoa jovem deva realizar colonoscopia de forma indiscriminada. Existe diferen\u00e7a entre o rastreamento de indiv\u00edduos assintom\u00e1ticos e a investiga\u00e7\u00e3o de pacientes que apresentam sintomas ou fatores de risco. Hist\u00f3rico familiar de c\u00e2ncer colorretal, doen\u00e7as inflamat\u00f3rias intestinais e determinadas condi\u00e7\u00f5es heredit\u00e1rias, por exemplo, podem exigir acompanhamento individualizado e in\u00edcio da investiga\u00e7\u00e3o em idades diferentes.<\/p>\n<p>\u201cQuando h\u00e1 sintomas, n\u00e3o estamos falando apenas de rastreamento, mas de investiga\u00e7\u00e3o diagn\u00f3stica. A idade n\u00e3o deve ser usada isoladamente para descartar a necessidade de avalia\u00e7\u00e3o. O mais importante \u00e9 observar a dura\u00e7\u00e3o dos sintomas, suas caracter\u00edsticas, os antecedentes pessoais e familiares e, a partir disso, definir a melhor estrat\u00e9gia para cada paciente\u201d, explica Dra. Camila Lima.<br \/>\nA mensagem ganha import\u00e2ncia diante das mudan\u00e7as observadas no perfil epidemiol\u00f3gico da doen\u00e7a. Ser jovem ainda representa menor risco quando comparado \u00e0s faixas et\u00e1rias mais avan\u00e7adas, mas n\u00e3o significa imunidade. Conhecer o pr\u00f3prio funcionamento intestinal, observar altera\u00e7\u00f5es persistentes e procurar atendimento m\u00e9dico quando algo muda pode contribuir para diagn\u00f3sticos mais oportunos e evitar que sinais importantes permane\u00e7am meses sem investiga\u00e7\u00e3o.<\/p>\n<p><strong>SERVI\u00c7O<\/strong><br \/>\nPauta: Intestino n\u00e3o tem idade: jovens tamb\u00e9m precisam prestar aten\u00e7\u00e3o aos sinais<br \/>\nFonte: Dra. Camila Lima, m\u00e9dica proctologista<br \/>\nInstagram: @dracamilalimaprocto<\/p>\n<p><em>(Cr\u00e9dito: Arquivo Pessoal)<\/em><\/p>\n","protected":false},"excerpt":{"rendered":"<p>Embora a maior parte dos diagn\u00f3sticos de c\u00e2ncer colorretal ainda&#8230;<\/p>\n","protected":false},"author":1,"featured_media":82813,"comment_status":"open","ping_status":"open","sticky":false,"template":"","format":"standard","meta":{"_acf_changed":false,"footnotes":""},"categories":[31],"tags":[122],"class_list":["post-82814","post","type-post","status-publish","format-standard","has-post-thumbnail","hentry","category-saude","tag-saude"],"acf":[],"yoast_head":"<!-- This site is optimized with the Yoast SEO plugin v28.4 - https:\/\/yoast.com\/product\/yoast-seo-wordpress\/ -->\n<title>Intestino n\u00e3o tem idade: aumento de casos entre adultos mais jovens acende alerta para sintomas - LifesGo<\/title>\n<meta name=\"robots\" content=\"index, follow, max-snippet:-1, max-image-preview:large, max-video-preview:-1\" \/>\n<link rel=\"canonical\" href=\"https:\/\/lifesgo.an9.com.br\/index.php\/2026\/09\/02\/intestino-nao-tem-idade-aumento-de-casos-entre-adultos-mais-jovens-acende-alerta-para-sintomas\/\" \/>\n<meta property=\"og:locale\" content=\"pt_BR\" \/>\n<meta property=\"og:type\" content=\"article\" \/>\n<meta property=\"og:title\" content=\"Intestino n\u00e3o tem idade: aumento de casos entre adultos mais jovens acende alerta para sintomas - LifesGo\" \/>\n<meta property=\"og:description\" content=\"Embora a maior parte dos diagn\u00f3sticos de c\u00e2ncer colorretal ainda...\" \/>\n<meta property=\"og:url\" content=\"https:\/\/lifesgo.an9.com.br\/index.php\/2026\/09\/02\/intestino-nao-tem-idade-aumento-de-casos-entre-adultos-mais-jovens-acende-alerta-para-sintomas\/\" \/>\n<meta property=\"og:site_name\" content=\"LifesGo\" \/>\n<meta property=\"article:published_time\" content=\"2026-09-02T12:15:17+00:00\" \/>\n<meta property=\"article:modified_time\" content=\"2026-09-02T12:15:18+00:00\" \/>\n<meta property=\"og:image\" content=\"https:\/\/lifesgo.an9.com.br\/wp-content\/uploads\/2026\/09\/MCOM-PHOTO-092026-0022.jpeg\" \/>\n\t<meta property=\"og:image:width\" content=\"1086\" \/>\n\t<meta property=\"og:image:height\" content=\"668\" \/>\n\t<meta property=\"og:image:type\" content=\"image\/jpeg\" \/>\n<meta name=\"author\" content=\"LifesGo\" \/>\n<meta name=\"twitter:card\" content=\"summary_large_image\" \/>\n<meta name=\"twitter:label1\" content=\"Escrito por\" \/>\n\t<meta name=\"twitter:data1\" content=\"LifesGo\" \/>\n\t<meta name=\"twitter:label2\" content=\"Est. tempo de leitura\" \/>\n\t<meta name=\"twitter:data2\" content=\"4 minutos\" \/>\n<script type=\"application\/ld+json\" class=\"yoast-schema-graph\">{\"@context\":\"https:\\\/\\\/schema.org\",\"@graph\":[{\"@type\":\"Article\",\"@id\":\"https:\\\/\\\/lifesgo.an9.com.br\\\/index.php\\\/2026\\\/09\\\/02\\\/intestino-nao-tem-idade-aumento-de-casos-entre-adultos-mais-jovens-acende-alerta-para-sintomas\\\/#article\",\"isPartOf\":{\"@id\":\"https:\\\/\\\/lifesgo.an9.com.br\\\/index.php\\\/2026\\\/09\\\/02\\\/intestino-nao-tem-idade-aumento-de-casos-entre-adultos-mais-jovens-acende-alerta-para-sintomas\\\/\"},\"author\":{\"name\":\"LifesGo\",\"@id\":\"https:\\\/\\\/lifesgo.an9.com.br\\\/#\\\/schema\\\/person\\\/b34bfc24fce1f5cb9dc117e2efe61a07\"},\"headline\":\"Intestino n\u00e3o tem idade: aumento de casos entre adultos mais jovens acende alerta para sintomas\",\"datePublished\":\"2026-09-02T12:15:17+00:00\",\"dateModified\":\"2026-09-02T12:15:18+00:00\",\"mainEntityOfPage\":{\"@id\":\"https:\\\/\\\/lifesgo.an9.com.br\\\/index.php\\\/2026\\\/09\\\/02\\\/intestino-nao-tem-idade-aumento-de-casos-entre-adultos-mais-jovens-acende-alerta-para-sintomas\\\/\"},\"wordCount\":730,\"commentCount\":0,\"image\":{\"@id\":\"https:\\\/\\\/lifesgo.an9.com.br\\\/index.php\\\/2026\\\/09\\\/02\\\/intestino-nao-tem-idade-aumento-de-casos-entre-adultos-mais-jovens-acende-alerta-para-sintomas\\\/#primaryimage\"},\"thumbnailUrl\":\"https:\\\/\\\/lifesgo.an9.com.br\\\/wp-content\\\/uploads\\\/2026\\\/09\\\/MCOM-PHOTO-092026-0022.jpeg\",\"keywords\":[\"Sa\u00fade\"],\"articleSection\":[\"Sa\u00fade\"],\"inLanguage\":\"pt-BR\",\"potentialAction\":[{\"@type\":\"CommentAction\",\"name\":\"Comment\",\"target\":[\"https:\\\/\\\/lifesgo.an9.com.br\\\/index.php\\\/2026\\\/09\\\/02\\\/intestino-nao-tem-idade-aumento-de-casos-entre-adultos-mais-jovens-acende-alerta-para-sintomas\\\/#respond\"]}]},{\"@type\":\"WebPage\",\"@id\":\"https:\\\/\\\/lifesgo.an9.com.br\\\/index.php\\\/2026\\\/09\\\/02\\\/intestino-nao-tem-idade-aumento-de-casos-entre-adultos-mais-jovens-acende-alerta-para-sintomas\\\/\",\"url\":\"https:\\\/\\\/lifesgo.an9.com.br\\\/index.php\\\/2026\\\/09\\\/02\\\/intestino-nao-tem-idade-aumento-de-casos-entre-adultos-mais-jovens-acende-alerta-para-sintomas\\\/\",\"name\":\"Intestino n\u00e3o tem idade: aumento de casos entre adultos mais jovens acende alerta para sintomas - LifesGo\",\"isPartOf\":{\"@id\":\"https:\\\/\\\/lifesgo.an9.com.br\\\/#website\"},\"primaryImageOfPage\":{\"@id\":\"https:\\\/\\\/lifesgo.an9.com.br\\\/index.php\\\/2026\\\/09\\\/02\\\/intestino-nao-tem-idade-aumento-de-casos-entre-adultos-mais-jovens-acende-alerta-para-sintomas\\\/#primaryimage\"},\"image\":{\"@id\":\"https:\\\/\\\/lifesgo.an9.com.br\\\/index.php\\\/2026\\\/09\\\/02\\\/intestino-nao-tem-idade-aumento-de-casos-entre-adultos-mais-jovens-acende-alerta-para-sintomas\\\/#primaryimage\"},\"thumbnailUrl\":\"https:\\\/\\\/lifesgo.an9.com.br\\\/wp-content\\\/uploads\\\/2026\\\/09\\\/MCOM-PHOTO-092026-0022.jpeg\",\"datePublished\":\"2026-09-02T12:15:17+00:00\",\"dateModified\":\"2026-09-02T12:15:18+00:00\",\"author\":{\"@id\":\"https:\\\/\\\/lifesgo.an9.com.br\\\/#\\\/schema\\\/person\\\/b34bfc24fce1f5cb9dc117e2efe61a07\"},\"breadcrumb\":{\"@id\":\"https:\\\/\\\/lifesgo.an9.com.br\\\/index.php\\\/2026\\\/09\\\/02\\\/intestino-nao-tem-idade-aumento-de-casos-entre-adultos-mais-jovens-acende-alerta-para-sintomas\\\/#breadcrumb\"},\"inLanguage\":\"pt-BR\",\"potentialAction\":[{\"@type\":\"ReadAction\",\"target\":[\"https:\\\/\\\/lifesgo.an9.com.br\\\/index.php\\\/2026\\\/09\\\/02\\\/intestino-nao-tem-idade-aumento-de-casos-entre-adultos-mais-jovens-acende-alerta-para-sintomas\\\/\"]}]},{\"@type\":\"ImageObject\",\"inLanguage\":\"pt-BR\",\"@id\":\"https:\\\/\\\/lifesgo.an9.com.br\\\/index.php\\\/2026\\\/09\\\/02\\\/intestino-nao-tem-idade-aumento-de-casos-entre-adultos-mais-jovens-acende-alerta-para-sintomas\\\/#primaryimage\",\"url\":\"https:\\\/\\\/lifesgo.an9.com.br\\\/wp-content\\\/uploads\\\/2026\\\/09\\\/MCOM-PHOTO-092026-0022.jpeg\",\"contentUrl\":\"https:\\\/\\\/lifesgo.an9.com.br\\\/wp-content\\\/uploads\\\/2026\\\/09\\\/MCOM-PHOTO-092026-0022.jpeg\",\"width\":1086,\"height\":668},{\"@type\":\"BreadcrumbList\",\"@id\":\"https:\\\/\\\/lifesgo.an9.com.br\\\/index.php\\\/2026\\\/09\\\/02\\\/intestino-nao-tem-idade-aumento-de-casos-entre-adultos-mais-jovens-acende-alerta-para-sintomas\\\/#breadcrumb\",\"itemListElement\":[{\"@type\":\"ListItem\",\"position\":1,\"name\":\"In\u00edcio\",\"item\":\"https:\\\/\\\/lifesgo.an9.com.br\\\/\"},{\"@type\":\"ListItem\",\"position\":2,\"name\":\"Intestino n\u00e3o tem idade: aumento de casos entre adultos mais jovens acende alerta para sintomas\"}]},{\"@type\":\"WebSite\",\"@id\":\"https:\\\/\\\/lifesgo.an9.com.br\\\/#website\",\"url\":\"https:\\\/\\\/lifesgo.an9.com.br\\\/\",\"name\":\"LifesGo\",\"description\":\"\",\"potentialAction\":[{\"@type\":\"SearchAction\",\"target\":{\"@type\":\"EntryPoint\",\"urlTemplate\":\"https:\\\/\\\/lifesgo.an9.com.br\\\/?s={search_term_string}\"},\"query-input\":{\"@type\":\"PropertyValueSpecification\",\"valueRequired\":true,\"valueName\":\"search_term_string\"}}],\"inLanguage\":\"pt-BR\"},{\"@type\":\"Person\",\"@id\":\"https:\\\/\\\/lifesgo.an9.com.br\\\/#\\\/schema\\\/person\\\/b34bfc24fce1f5cb9dc117e2efe61a07\",\"name\":\"LifesGo\",\"image\":{\"@type\":\"ImageObject\",\"inLanguage\":\"pt-BR\",\"@id\":\"https:\\\/\\\/secure.gravatar.com\\\/avatar\\\/ed0fb6c2dc8ca8634274f12b6bcee558dbcb1b05612be222e7d40b115c40b4f2?s=96&d=mm&r=g\",\"url\":\"https:\\\/\\\/secure.gravatar.com\\\/avatar\\\/ed0fb6c2dc8ca8634274f12b6bcee558dbcb1b05612be222e7d40b115c40b4f2?s=96&d=mm&r=g\",\"contentUrl\":\"https:\\\/\\\/secure.gravatar.com\\\/avatar\\\/ed0fb6c2dc8ca8634274f12b6bcee558dbcb1b05612be222e7d40b115c40b4f2?s=96&d=mm&r=g\",\"caption\":\"LifesGo\"},\"sameAs\":[\"https:\\\/\\\/lifesgo.com.br\"],\"url\":\"https:\\\/\\\/lifesgo.an9.com.br\\\/index.php\\\/author\\\/lucamor\\\/\"}]}<\/script>\n<!-- \/ Yoast SEO plugin. -->","yoast_head_json":{"title":"Intestino n\u00e3o tem idade: aumento de casos entre adultos mais jovens acende alerta para sintomas - LifesGo","robots":{"index":"index","follow":"follow","max-snippet":"max-snippet:-1","max-image-preview":"max-image-preview:large","max-video-preview":"max-video-preview:-1"},"canonical":"https:\/\/lifesgo.an9.com.br\/index.php\/2026\/09\/02\/intestino-nao-tem-idade-aumento-de-casos-entre-adultos-mais-jovens-acende-alerta-para-sintomas\/","og_locale":"pt_BR","og_type":"article","og_title":"Intestino n\u00e3o tem idade: aumento de casos entre adultos mais jovens acende alerta para sintomas - LifesGo","og_description":"Embora a maior parte dos diagn\u00f3sticos de c\u00e2ncer colorretal ainda...","og_url":"https:\/\/lifesgo.an9.com.br\/index.php\/2026\/09\/02\/intestino-nao-tem-idade-aumento-de-casos-entre-adultos-mais-jovens-acende-alerta-para-sintomas\/","og_site_name":"LifesGo","article_published_time":"2026-09-02T12:15:17+00:00","article_modified_time":"2026-09-02T12:15:18+00:00","og_image":[{"width":1086,"height":668,"url":"https:\/\/lifesgo.an9.com.br\/wp-content\/uploads\/2026\/09\/MCOM-PHOTO-092026-0022.jpeg","type":"image\/jpeg"}],"author":"LifesGo","twitter_card":"summary_large_image","twitter_misc":{"Escrito por":"LifesGo","Est. tempo de leitura":"4 minutos"},"schema":{"@context":"https:\/\/schema.org","@graph":[{"@type":"Article","@id":"https:\/\/lifesgo.an9.com.br\/index.php\/2026\/09\/02\/intestino-nao-tem-idade-aumento-de-casos-entre-adultos-mais-jovens-acende-alerta-para-sintomas\/#article","isPartOf":{"@id":"https:\/\/lifesgo.an9.com.br\/index.php\/2026\/09\/02\/intestino-nao-tem-idade-aumento-de-casos-entre-adultos-mais-jovens-acende-alerta-para-sintomas\/"},"author":{"name":"LifesGo","@id":"https:\/\/lifesgo.an9.com.br\/#\/schema\/person\/b34bfc24fce1f5cb9dc117e2efe61a07"},"headline":"Intestino n\u00e3o tem idade: aumento de casos entre adultos mais jovens acende alerta para sintomas","datePublished":"2026-09-02T12:15:17+00:00","dateModified":"2026-09-02T12:15:18+00:00","mainEntityOfPage":{"@id":"https:\/\/lifesgo.an9.com.br\/index.php\/2026\/09\/02\/intestino-nao-tem-idade-aumento-de-casos-entre-adultos-mais-jovens-acende-alerta-para-sintomas\/"},"wordCount":730,"commentCount":0,"image":{"@id":"https:\/\/lifesgo.an9.com.br\/index.php\/2026\/09\/02\/intestino-nao-tem-idade-aumento-de-casos-entre-adultos-mais-jovens-acende-alerta-para-sintomas\/#primaryimage"},"thumbnailUrl":"https:\/\/lifesgo.an9.com.br\/wp-content\/uploads\/2026\/09\/MCOM-PHOTO-092026-0022.jpeg","keywords":["Sa\u00fade"],"articleSection":["Sa\u00fade"],"inLanguage":"pt-BR","potentialAction":[{"@type":"CommentAction","name":"Comment","target":["https:\/\/lifesgo.an9.com.br\/index.php\/2026\/09\/02\/intestino-nao-tem-idade-aumento-de-casos-entre-adultos-mais-jovens-acende-alerta-para-sintomas\/#respond"]}]},{"@type":"WebPage","@id":"https:\/\/lifesgo.an9.com.br\/index.php\/2026\/09\/02\/intestino-nao-tem-idade-aumento-de-casos-entre-adultos-mais-jovens-acende-alerta-para-sintomas\/","url":"https:\/\/lifesgo.an9.com.br\/index.php\/2026\/09\/02\/intestino-nao-tem-idade-aumento-de-casos-entre-adultos-mais-jovens-acende-alerta-para-sintomas\/","name":"Intestino n\u00e3o tem idade: aumento de casos entre adultos mais jovens acende alerta para sintomas - LifesGo","isPartOf":{"@id":"https:\/\/lifesgo.an9.com.br\/#website"},"primaryImageOfPage":{"@id":"https:\/\/lifesgo.an9.com.br\/index.php\/2026\/09\/02\/intestino-nao-tem-idade-aumento-de-casos-entre-adultos-mais-jovens-acende-alerta-para-sintomas\/#primaryimage"},"image":{"@id":"https:\/\/lifesgo.an9.com.br\/index.php\/2026\/09\/02\/intestino-nao-tem-idade-aumento-de-casos-entre-adultos-mais-jovens-acende-alerta-para-sintomas\/#primaryimage"},"thumbnailUrl":"https:\/\/lifesgo.an9.com.br\/wp-content\/uploads\/2026\/09\/MCOM-PHOTO-092026-0022.jpeg","datePublished":"2026-09-02T12:15:17+00:00","dateModified":"2026-09-02T12:15:18+00:00","author":{"@id":"https:\/\/lifesgo.an9.com.br\/#\/schema\/person\/b34bfc24fce1f5cb9dc117e2efe61a07"},"breadcrumb":{"@id":"https:\/\/lifesgo.an9.com.br\/index.php\/2026\/09\/02\/intestino-nao-tem-idade-aumento-de-casos-entre-adultos-mais-jovens-acende-alerta-para-sintomas\/#breadcrumb"},"inLanguage":"pt-BR","potentialAction":[{"@type":"ReadAction","target":["https:\/\/lifesgo.an9.com.br\/index.php\/2026\/09\/02\/intestino-nao-tem-idade-aumento-de-casos-entre-adultos-mais-jovens-acende-alerta-para-sintomas\/"]}]},{"@type":"ImageObject","inLanguage":"pt-BR","@id":"https:\/\/lifesgo.an9.com.br\/index.php\/2026\/09\/02\/intestino-nao-tem-idade-aumento-de-casos-entre-adultos-mais-jovens-acende-alerta-para-sintomas\/#primaryimage","url":"https:\/\/lifesgo.an9.com.br\/wp-content\/uploads\/2026\/09\/MCOM-PHOTO-092026-0022.jpeg","contentUrl":"https:\/\/lifesgo.an9.com.br\/wp-content\/uploads\/2026\/09\/MCOM-PHOTO-092026-0022.jpeg","width":1086,"height":668},{"@type":"BreadcrumbList","@id":"https:\/\/lifesgo.an9.com.br\/index.php\/2026\/09\/02\/intestino-nao-tem-idade-aumento-de-casos-entre-adultos-mais-jovens-acende-alerta-para-sintomas\/#breadcrumb","itemListElement":[{"@type":"ListItem","position":1,"name":"In\u00edcio","item":"https:\/\/lifesgo.an9.com.br\/"},{"@type":"ListItem","position":2,"name":"Intestino n\u00e3o tem idade: aumento de casos entre adultos mais jovens acende alerta para sintomas"}]},{"@type":"WebSite","@id":"https:\/\/lifesgo.an9.com.br\/#website","url":"https:\/\/lifesgo.an9.com.br\/","name":"LifesGo","description":"","potentialAction":[{"@type":"SearchAction","target":{"@type":"EntryPoint","urlTemplate":"https:\/\/lifesgo.an9.com.br\/?s={search_term_string}"},"query-input":{"@type":"PropertyValueSpecification","valueRequired":true,"valueName":"search_term_string"}}],"inLanguage":"pt-BR"},{"@type":"Person","@id":"https:\/\/lifesgo.an9.com.br\/#\/schema\/person\/b34bfc24fce1f5cb9dc117e2efe61a07","name":"LifesGo","image":{"@type":"ImageObject","inLanguage":"pt-BR","@id":"https:\/\/secure.gravatar.com\/avatar\/ed0fb6c2dc8ca8634274f12b6bcee558dbcb1b05612be222e7d40b115c40b4f2?s=96&d=mm&r=g","url":"https:\/\/secure.gravatar.com\/avatar\/ed0fb6c2dc8ca8634274f12b6bcee558dbcb1b05612be222e7d40b115c40b4f2?s=96&d=mm&r=g","contentUrl":"https:\/\/secure.gravatar.com\/avatar\/ed0fb6c2dc8ca8634274f12b6bcee558dbcb1b05612be222e7d40b115c40b4f2?s=96&d=mm&r=g","caption":"LifesGo"},"sameAs":["https:\/\/lifesgo.com.br"],"url":"https:\/\/lifesgo.an9.com.br\/index.php\/author\/lucamor\/"}]}},"_links":{"self":[{"href":"https:\/\/lifesgo.an9.com.br\/index.php\/wp-json\/wp\/v2\/posts\/82814","targetHints":{"allow":["GET"]}}],"collection":[{"href":"https:\/\/lifesgo.an9.com.br\/index.php\/wp-json\/wp\/v2\/posts"}],"about":[{"href":"https:\/\/lifesgo.an9.com.br\/index.php\/wp-json\/wp\/v2\/types\/post"}],"author":[{"embeddable":true,"href":"https:\/\/lifesgo.an9.com.br\/index.php\/wp-json\/wp\/v2\/users\/1"}],"replies":[{"embeddable":true,"href":"https:\/\/lifesgo.an9.com.br\/index.php\/wp-json\/wp\/v2\/comments?post=82814"}],"version-history":[{"count":1,"href":"https:\/\/lifesgo.an9.com.br\/index.php\/wp-json\/wp\/v2\/posts\/82814\/revisions"}],"predecessor-version":[{"id":82815,"href":"https:\/\/lifesgo.an9.com.br\/index.php\/wp-json\/wp\/v2\/posts\/82814\/revisions\/82815"}],"wp:featuredmedia":[{"embeddable":true,"href":"https:\/\/lifesgo.an9.com.br\/index.php\/wp-json\/wp\/v2\/media\/82813"}],"wp:attachment":[{"href":"https:\/\/lifesgo.an9.com.br\/index.php\/wp-json\/wp\/v2\/media?parent=82814"}],"wp:term":[{"taxonomy":"category","embeddable":true,"href":"https:\/\/lifesgo.an9.com.br\/index.php\/wp-json\/wp\/v2\/categories?post=82814"},{"taxonomy":"post_tag","embeddable":true,"href":"https:\/\/lifesgo.an9.com.br\/index.php\/wp-json\/wp\/v2\/tags?post=82814"}],"curies":[{"name":"wp","href":"https:\/\/api.w.org\/{rel}","templated":true}]}}