{"id":82808,"date":"2026-09-02T09:04:19","date_gmt":"2026-09-02T12:04:19","guid":{"rendered":"https:\/\/lifesgo.an9.com.br\/index.php\/2026\/09\/02\/murilo-muraah-explora-os-labirintos-da-mente-e-a-psicodelia-da-meditacao-no-clipe-de-percepcao\/"},"modified":"2026-09-02T09:04:21","modified_gmt":"2026-09-02T12:04:21","slug":"murilo-muraah-explora-os-labirintos-da-mente-e-a-psicodelia-da-meditacao-no-clipe-de-percepcao","status":"publish","type":"post","link":"https:\/\/lifesgo.an9.com.br\/index.php\/2026\/09\/02\/murilo-muraah-explora-os-labirintos-da-mente-e-a-psicodelia-da-meditacao-no-clipe-de-percepcao\/","title":{"rendered":"Murilo Muraah explora os labirintos da mente e a psicodelia da medita\u00e7\u00e3o no clipe de \u201cPercep\u00e7\u00e3o\u201d"},"content":{"rendered":"<p><strong>Faixa do artista paulistano ganha clipe surrealista com produ\u00e7\u00e3o da Fruuto e lan\u00e7amento em parceria com a Mar\u00e3 M\u00fasica.<\/strong><\/p>\n<p><a href=\"https:\/\/www.youtube.com\/watch?v=28puc8XG7v4\" target=\"_blank\" rel=\"noopener\"><strong><em>Assista<\/em><\/strong><\/a><a href=\"https:\/\/www.youtube.com\/watch?v=28puc8XG7v4\" target=\"_blank\" rel=\"noopener\"> o<br \/>\nclipe<\/a><a href=\"https:\/\/www.youtube.com\/watch?v=28puc8XG7v4\" target=\"_blank\" rel=\"noopener\"><strong><em><\/em><\/strong><\/a><\/p>\n<p>&#8220;Percep\u00e7\u00e3o&#8221; foi a faixa escolhida por Murilo Muraah para reapresentar sua identidade art\u00edstica ao p\u00fablico nesta nova fase de seu projeto solo. A m\u00fasica traz um retrato visceral, din\u00e2mico e exagerado da mente durante uma sess\u00e3o de medita\u00e7\u00e3o \u2014 uma jornada de percep\u00e7\u00e3o do &#8220;eu&#8221; tanto de forma isolada quanto como parte do Todo imanente.<\/p>\n<p>Com arranjos que equilibram a acelera\u00e7\u00e3o dos pensamentos e o sil\u00eancio da contempla\u00e7\u00e3o, o single utiliza sintetizadores e efeitos sonoros para recriar ru\u00eddos on\u00edricos. O riff marcante de guitarra simula a mente inquieta, enquanto a ponte instrumental traz o al\u00edvio e a calmaria caracter\u00edsticos da busca pelo equil\u00edbrio.<\/p>\n<figure style=\"text-align:center; margin:18px auto;\"><img decoding=\"async\" src=\"https:\/\/lifesgo.an9.com.br\/wp-content\/uploads\/2026\/09\/MCOM-PHOTO-092026-0045.jpg\" alt=\"\" style=\"max-width:100%; height:auto; display:block; margin-left:auto; margin-right:auto;\"><\/figure>\n<p>Constru\u00eddo a partir de um mergulho profundo na letra e na sonoridade, o videoclipe transforma esses conceitos abstratos em imagens marcantes. Produzido pela Fruuto, sob dire\u00e7\u00e3o criativa de Rodolfo Lacerda e impec\u00e1vel dire\u00e7\u00e3o de arte de Ana Mori, o clipe utiliza elementos do surrealismo e da psicodelia misturados a objetos do cotidiano para questionar a relatividade do tempo, do ego e dos sentidos.<\/p>\n<p>O processo de grava\u00e7\u00e3o exigiu intensa entrega do artista, que precisou atuar sob a dire\u00e7\u00e3o da equipe em diversos takes e em v\u00e1rias cenas com os olhos totalmente cobertos. Um dos destaques das grava\u00e7\u00f5es foi a cena em que Muraah estoura um bal\u00e3o com a palavra EGO gravada, simbolizando a ruptura da mente meditativa.<\/p>\n<p>&#8220;A composi\u00e7\u00e3o nasceu da minha experi\u00eancia em sess\u00f5es de medita\u00e7\u00e3o e do contato com filosofias como o hindu\u00edsmo e o budismo. \u00c9 quase como se eu estivesse correndo atr\u00e1s do meu pr\u00f3prio ego durante a medita\u00e7\u00e3o, mas ele estivesse sempre dez passos na minha frente. A m\u00fasica e o clipe foram feitos para retratar esses choques e as pegadinhas que a nossa pr\u00f3pria percep\u00e7\u00e3o nos d\u00e1.&#8221;<br \/>\n\u2014 Murilo Muraah<\/p>\n<p>Para o cantor e compositor, a medita\u00e7\u00e3o surge como uma forma de romper com a din\u00e2mica acelerada do modelo social contempor\u00e2neo. Desmistificando a pr\u00e1tica r\u00edgida e religiosa, Muraah aborda a experi\u00eancia como uma investiga\u00e7\u00e3o interna pessoal, pautada por imers\u00e3o, paci\u00eancia e autoconhecimento.<br \/>\nAp\u00f3s o sucesso dos visualizers lan\u00e7ados em fevereiro de 2025, a chegada do videoclipe oficial consolida este importante cap\u00edtulo da trajet\u00f3ria de Murilo Muraah, preparando o terreno para os pr\u00f3ximos passos de sua carreira.<\/p>\n<p><strong>Ficha T\u00e9cnica<\/strong><\/p>\n<p>M\u00fasica<br \/>\n\u25cf\tComposi\u00e7\u00e3o, Voz, Guitarras, Viol\u00e3o e Programa\u00e7\u00f5es: Murilo Muraah (@murilomuraah)<br \/>\n\u25cf\tBateria: Andr\u00e9 Ara\u00fajo (@andrearaujo_baterista)<br \/>\n\u25cf\tProdu\u00e7\u00e3o Musical, Grava\u00e7\u00e3o e Mixagem: Murilo Muraah (Home Studio Muraah Produ\u00e7\u00f5es &#8211; S\u00e3o Paulo\/SP)<br \/>\n\u25cf\tMasteriza\u00e7\u00e3o: Eduardo Pinheiro (Est\u00fadios Megafone &#8211; Natal\/RN) (@eduardopynheiro | @estudiosmegafone)<br \/>\n\u25cf\tSelo: Mar\u00e3 M\u00fasica (@maramusicamkt)<br \/>\n\u25cf\tDistribui\u00e7\u00e3o: OneRPM (@onerpmbr)<br \/>\nAudiovisual<br \/>\n\u25cf\tProdu\u00e7\u00e3o Visual: Fruuto (@fruuto)<br \/>\n\u25cf\tConceito Criativo e Dire\u00e7\u00e3o: Rodolfo Lacerda (@rodolfolacerdax)<br \/>\n\u25cf\tDire\u00e7\u00e3o de Fotografia: Juan Cazes (@juancazesphoto)<br \/>\n\u25cf\tDire\u00e7\u00e3o de Arte: Ana Mori (@anamori)<br \/>\n\u25cf\t\u00c1udio Direto: Kil Luciano<br \/>\n\u25cf\tProdu\u00e7\u00e3o Executiva: Patricia Ferreira (@pattyprodutora)<br \/>\n\u25cf\tFotografia e Still: Andr\u00e9 Hoff (@andrehoff)<br \/>\n\u25cf\tStyling: Raphael Yud\u00e3o (@yudao.sadmouse)<br \/>\n\u25cf\tEdi\u00e7\u00e3o: J\u00falio Neves Pires (@juliopiresmusica)<br \/>\n\u25cf\tMarketing: Mar\u00e3 M\u00fasica (@maramusicamkt)<\/p>\n<p><strong>CONFIRA A LETRA DE \u201cPERCEP\u00c7\u00c3O\u201d:<\/strong><\/p>\n<p>\u00c0s vezes pego meu ego no pulo<br \/>\nNum pulo me pego pensando outra vez<br \/>\nMe entrego, n\u00e3o nego, a sonhos obscuros<br \/>\nMe aquieto e o ego se faz de cort\u00eas<\/p>\n<p>\u00c0s vezes ego, \u00e0s vezes tudo<br \/>\nTudo parece t\u00e3o calmo e tranquilo<br \/>\nLogo retorno ao sonho obscuro<br \/>\nT\u00e3o pouco tudo, tanto Murilo<\/p>\n<p>Ah\u2026 se sei que estou desperto<br \/>\nSei que \u00e9 o ego<br \/>\n\u00c9 o ego que sabe<\/p>\n<p>Ah\u2026 acho que s\u00f3 estou desperto<br \/>\nQuando estou consciente<br \/>\nSem de fato estar<\/p>\n<p>\u00c9<br \/>\nTudo \u00e9<br \/>\nTudo ego<br \/>\nEm minha percep\u00e7\u00e3o<\/p>\n<p>\u00c9<br \/>\nTudo \u00e9<br \/>\nTudo erro<br \/>\nEm minha percep\u00e7\u00e3o<\/p>\n<p>\u00c9<br \/>\nTudo \u00e9<br \/>\nTudo \u00e9 tudo<br \/>\nSem minha percep\u00e7\u00e3o<\/p>\n<p>\u00c9<br \/>\nTudo \u00e9<br \/>\nTudo \u00c9<\/p>\n<p>\u00c0s vezes pego meu ego no pulo<br \/>\nNum pulo me pego pensando outra vez<br \/>\nMe entrego, n\u00e3o nego, a sonhos obscuros<br \/>\nMe aquieto e o ego se faz de cort\u00eas<\/p>\n<p>\u00c0s vezes ego, \u00e0s vezes tudo<br \/>\nTudo parece t\u00e3o calmo e tranquilo<br \/>\nLogo retorno ao sonho obscuro<br \/>\nT\u00e3o pouco tudo, tanto Murilo<\/p>\n<p>\u00c0s vezes pego meu ego no pulo<br \/>\nNum pulo me pego pensando outra vez<br \/>\nMe entrego, n\u00e3o nego, a sonhos obscuros<br \/>\nMe aquieto e o ego se faz de cort\u00eas<\/p>\n<p>\u00c0s vezes pego meu ego<br \/>\n\u00c0s vezes pego, \u00e0s vezes pego<br \/>\n\u00c0s vezes pego, \u00e0s vezes erro<\/p>\n<p>\u00c9<br \/>\nTudo \u00e9<br \/>\nTudo ego<br \/>\nEm minha percep\u00e7\u00e3o<\/p>\n<p>\u00c9<br \/>\nTudo \u00e9<br \/>\nTudo erro<br \/>\nEm minha percep\u00e7\u00e3o<\/p>\n<p>\u00c9<br \/>\nTudo \u00e9<br \/>\nTudo \u00e9 tudo<br \/>\nSem minha percep\u00e7\u00e3o<\/p>\n<p>\u00c9<br \/>\nTudo \u00e9<br \/>\nTudo \u00c9<\/p>\n<p><strong>Sobre Mar\u00e3 M\u00fasica:<\/strong><\/p>\n<p>Empresa especializada em Marketing e Rela\u00e7\u00f5es P\u00fablicas, dentro do mercado da m\u00fasica, fundada em janeiro de 2018 na cidade de Jundia\u00ed, no estado de S\u00e3o Paulo. Idealizada e gerenciada por Henrique Roncoletta, vocalista e compositor da banda NDK, a Mar\u00e3 M\u00fasica atua na conex\u00e3o de artistas com marcas e empresas, al\u00e9m de atuar tamb\u00e9m na gest\u00e3o de imagem, carreiras, projetos, produ\u00e7\u00f5es art\u00edsticas e eventos culturais.<\/p>\n<p><strong>Links &#8211; Mar\u00e3 M\u00fasica<\/strong><\/p>\n<p><a href=\"https:\/\/maramusicamkt.com.br\" target=\"_blank\" rel=\"noopener\"><strong>Site<br \/>\noficial<\/strong><\/a><strong><\/strong><\/p>\n<p><a href=\"https:\/\/www.facebook.com\/maramusicamkt\/\" target=\"_blank\" rel=\"noopener\"><strong>Facebook<\/strong><\/a><strong><\/strong><\/p>\n<p><a href=\"https:\/\/www.instagram.com\/maramusicamkt\/\" target=\"_blank\" rel=\"noopener\"><strong>Instagram<\/strong><\/a><strong><\/strong><\/p>\n<p><a href=\"https:\/\/www.youtube.com\/c\/Mar%C3%A3M%C3%BAsicamkt\" target=\"_blank\" rel=\"noopener\"><strong>YouTube<\/strong><\/a><\/p>\n<p><strong>Sobre Murilo Muraah:<\/strong><\/p>\n<p>Murilo Muraah \u00e9 cantor, compositor e produtor musical paulistano. Em sua trajet\u00f3ria autoral, transforma inquieta\u00e7\u00f5es profundas em can\u00e7\u00f5es que transitam entre a MPB, o pop rock e o rock alternativo, dialogando com temas de autoconhecimento, espiritualidade e filosofia. Marcando seu retorno aos palcos e aos lan\u00e7amentos autorais, o artista constr\u00f3i uma nova fase criativa que une texturas sonoras org\u00e2nicas e eletr\u00f4nicas a universos visuais de forte identidade conceitual.<\/p>\n<p><strong>Links \u2013 Murilo Muraah<\/strong><\/p>\n<p><a href=\"https:\/\/www.murilomuraah.com.br\/home\" target=\"_blank\" rel=\"noopener\"><strong>Site Oficial<\/strong><\/a><strong><br \/><\/strong><a href=\"https:\/\/www.facebook.com\/murilo.muraah\" target=\"_blank\" rel=\"noopener\"><strong>Facebook<\/strong><\/a><strong><br \/><\/strong><a href=\"https:\/\/www.instagram.com\/murilomuraah\/\" target=\"_blank\" rel=\"noopener\"><strong>Instagram<\/strong><\/a><strong><br \/><\/strong><a href=\"https:\/\/www.youtube.com\/channel\/UCB2CQ97s029i2zR4jn1PydA\" target=\"_blank\" rel=\"noopener\"><strong>Youtube<\/strong><\/a><strong><\/strong><\/p>\n<p><em>(Cr\u00e9dito: Andr\u00e9 Hoff)<\/em><\/p>\n","protected":false},"excerpt":{"rendered":"<p>Faixa do artista paulistano ganha clipe surrealista com produ\u00e7\u00e3o da&#8230;<\/p>\n","protected":false},"author":1,"featured_media":82806,"comment_status":"open","ping_status":"open","sticky":false,"template":"","format":"standard","meta":{"_acf_changed":false,"footnotes":""},"categories":[27],"tags":[817],"class_list":["post-82808","post","type-post","status-publish","format-standard","has-post-thumbnail","hentry","category-musica","tag-murilo-muraah"],"acf":[],"yoast_head":"<!-- This site is optimized with the Yoast SEO plugin v28.4 - https:\/\/yoast.com\/product\/yoast-seo-wordpress\/ -->\n<title>Murilo Muraah explora os labirintos da mente e a psicodelia da medita\u00e7\u00e3o no clipe de \u201cPercep\u00e7\u00e3o\u201d - LifesGo<\/title>\n<meta name=\"robots\" content=\"index, follow, max-snippet:-1, max-image-preview:large, max-video-preview:-1\" \/>\n<link rel=\"canonical\" href=\"https:\/\/lifesgo.an9.com.br\/index.php\/2026\/09\/02\/murilo-muraah-explora-os-labirintos-da-mente-e-a-psicodelia-da-meditacao-no-clipe-de-percepcao\/\" \/>\n<meta property=\"og:locale\" content=\"pt_BR\" \/>\n<meta property=\"og:type\" content=\"article\" \/>\n<meta property=\"og:title\" content=\"Murilo Muraah explora os labirintos da mente e a psicodelia da medita\u00e7\u00e3o no clipe de \u201cPercep\u00e7\u00e3o\u201d - LifesGo\" \/>\n<meta property=\"og:description\" content=\"Faixa do artista paulistano ganha clipe surrealista com produ\u00e7\u00e3o da...\" \/>\n<meta property=\"og:url\" content=\"https:\/\/lifesgo.an9.com.br\/index.php\/2026\/09\/02\/murilo-muraah-explora-os-labirintos-da-mente-e-a-psicodelia-da-meditacao-no-clipe-de-percepcao\/\" \/>\n<meta property=\"og:site_name\" content=\"LifesGo\" \/>\n<meta property=\"article:published_time\" content=\"2026-09-02T12:04:19+00:00\" \/>\n<meta property=\"article:modified_time\" content=\"2026-09-02T12:04:21+00:00\" \/>\n<meta property=\"og:image\" content=\"https:\/\/lifesgo.an9.com.br\/wp-content\/uploads\/2026\/09\/MCOM-PHOTO-092026-0044.jpg\" \/>\n\t<meta property=\"og:image:width\" content=\"800\" \/>\n\t<meta property=\"og:image:height\" content=\"492\" \/>\n\t<meta property=\"og:image:type\" content=\"image\/jpeg\" \/>\n<meta name=\"author\" content=\"LifesGo\" \/>\n<meta name=\"twitter:card\" content=\"summary_large_image\" \/>\n<meta name=\"twitter:label1\" content=\"Escrito por\" \/>\n\t<meta name=\"twitter:data1\" content=\"LifesGo\" \/>\n\t<meta name=\"twitter:label2\" content=\"Est. tempo de leitura\" \/>\n\t<meta name=\"twitter:data2\" content=\"5 minutos\" \/>\n<script type=\"application\/ld+json\" class=\"yoast-schema-graph\">{\"@context\":\"https:\\\/\\\/schema.org\",\"@graph\":[{\"@type\":\"Article\",\"@id\":\"https:\\\/\\\/lifesgo.an9.com.br\\\/index.php\\\/2026\\\/09\\\/02\\\/murilo-muraah-explora-os-labirintos-da-mente-e-a-psicodelia-da-meditacao-no-clipe-de-percepcao\\\/#article\",\"isPartOf\":{\"@id\":\"https:\\\/\\\/lifesgo.an9.com.br\\\/index.php\\\/2026\\\/09\\\/02\\\/murilo-muraah-explora-os-labirintos-da-mente-e-a-psicodelia-da-meditacao-no-clipe-de-percepcao\\\/\"},\"author\":{\"name\":\"LifesGo\",\"@id\":\"https:\\\/\\\/lifesgo.an9.com.br\\\/#\\\/schema\\\/person\\\/b34bfc24fce1f5cb9dc117e2efe61a07\"},\"headline\":\"Murilo Muraah explora os labirintos da mente e a psicodelia da medita\u00e7\u00e3o no clipe de \u201cPercep\u00e7\u00e3o\u201d\",\"datePublished\":\"2026-09-02T12:04:19+00:00\",\"dateModified\":\"2026-09-02T12:04:21+00:00\",\"mainEntityOfPage\":{\"@id\":\"https:\\\/\\\/lifesgo.an9.com.br\\\/index.php\\\/2026\\\/09\\\/02\\\/murilo-muraah-explora-os-labirintos-da-mente-e-a-psicodelia-da-meditacao-no-clipe-de-percepcao\\\/\"},\"wordCount\":997,\"commentCount\":0,\"image\":{\"@id\":\"https:\\\/\\\/lifesgo.an9.com.br\\\/index.php\\\/2026\\\/09\\\/02\\\/murilo-muraah-explora-os-labirintos-da-mente-e-a-psicodelia-da-meditacao-no-clipe-de-percepcao\\\/#primaryimage\"},\"thumbnailUrl\":\"https:\\\/\\\/lifesgo.an9.com.br\\\/wp-content\\\/uploads\\\/2026\\\/09\\\/MCOM-PHOTO-092026-0044.jpg\",\"keywords\":[\"Murilo Muraah\"],\"articleSection\":[\"M\u00fasica\"],\"inLanguage\":\"pt-BR\",\"potentialAction\":[{\"@type\":\"CommentAction\",\"name\":\"Comment\",\"target\":[\"https:\\\/\\\/lifesgo.an9.com.br\\\/index.php\\\/2026\\\/09\\\/02\\\/murilo-muraah-explora-os-labirintos-da-mente-e-a-psicodelia-da-meditacao-no-clipe-de-percepcao\\\/#respond\"]}]},{\"@type\":\"WebPage\",\"@id\":\"https:\\\/\\\/lifesgo.an9.com.br\\\/index.php\\\/2026\\\/09\\\/02\\\/murilo-muraah-explora-os-labirintos-da-mente-e-a-psicodelia-da-meditacao-no-clipe-de-percepcao\\\/\",\"url\":\"https:\\\/\\\/lifesgo.an9.com.br\\\/index.php\\\/2026\\\/09\\\/02\\\/murilo-muraah-explora-os-labirintos-da-mente-e-a-psicodelia-da-meditacao-no-clipe-de-percepcao\\\/\",\"name\":\"Murilo Muraah explora os labirintos da mente e a psicodelia da medita\u00e7\u00e3o no clipe de \u201cPercep\u00e7\u00e3o\u201d - LifesGo\",\"isPartOf\":{\"@id\":\"https:\\\/\\\/lifesgo.an9.com.br\\\/#website\"},\"primaryImageOfPage\":{\"@id\":\"https:\\\/\\\/lifesgo.an9.com.br\\\/index.php\\\/2026\\\/09\\\/02\\\/murilo-muraah-explora-os-labirintos-da-mente-e-a-psicodelia-da-meditacao-no-clipe-de-percepcao\\\/#primaryimage\"},\"image\":{\"@id\":\"https:\\\/\\\/lifesgo.an9.com.br\\\/index.php\\\/2026\\\/09\\\/02\\\/murilo-muraah-explora-os-labirintos-da-mente-e-a-psicodelia-da-meditacao-no-clipe-de-percepcao\\\/#primaryimage\"},\"thumbnailUrl\":\"https:\\\/\\\/lifesgo.an9.com.br\\\/wp-content\\\/uploads\\\/2026\\\/09\\\/MCOM-PHOTO-092026-0044.jpg\",\"datePublished\":\"2026-09-02T12:04:19+00:00\",\"dateModified\":\"2026-09-02T12:04:21+00:00\",\"author\":{\"@id\":\"https:\\\/\\\/lifesgo.an9.com.br\\\/#\\\/schema\\\/person\\\/b34bfc24fce1f5cb9dc117e2efe61a07\"},\"breadcrumb\":{\"@id\":\"https:\\\/\\\/lifesgo.an9.com.br\\\/index.php\\\/2026\\\/09\\\/02\\\/murilo-muraah-explora-os-labirintos-da-mente-e-a-psicodelia-da-meditacao-no-clipe-de-percepcao\\\/#breadcrumb\"},\"inLanguage\":\"pt-BR\",\"potentialAction\":[{\"@type\":\"ReadAction\",\"target\":[\"https:\\\/\\\/lifesgo.an9.com.br\\\/index.php\\\/2026\\\/09\\\/02\\\/murilo-muraah-explora-os-labirintos-da-mente-e-a-psicodelia-da-meditacao-no-clipe-de-percepcao\\\/\"]}]},{\"@type\":\"ImageObject\",\"inLanguage\":\"pt-BR\",\"@id\":\"https:\\\/\\\/lifesgo.an9.com.br\\\/index.php\\\/2026\\\/09\\\/02\\\/murilo-muraah-explora-os-labirintos-da-mente-e-a-psicodelia-da-meditacao-no-clipe-de-percepcao\\\/#primaryimage\",\"url\":\"https:\\\/\\\/lifesgo.an9.com.br\\\/wp-content\\\/uploads\\\/2026\\\/09\\\/MCOM-PHOTO-092026-0044.jpg\",\"contentUrl\":\"https:\\\/\\\/lifesgo.an9.com.br\\\/wp-content\\\/uploads\\\/2026\\\/09\\\/MCOM-PHOTO-092026-0044.jpg\",\"width\":800,\"height\":492},{\"@type\":\"BreadcrumbList\",\"@id\":\"https:\\\/\\\/lifesgo.an9.com.br\\\/index.php\\\/2026\\\/09\\\/02\\\/murilo-muraah-explora-os-labirintos-da-mente-e-a-psicodelia-da-meditacao-no-clipe-de-percepcao\\\/#breadcrumb\",\"itemListElement\":[{\"@type\":\"ListItem\",\"position\":1,\"name\":\"In\u00edcio\",\"item\":\"https:\\\/\\\/lifesgo.an9.com.br\\\/\"},{\"@type\":\"ListItem\",\"position\":2,\"name\":\"Murilo Muraah explora os labirintos da mente e a psicodelia da medita\u00e7\u00e3o no clipe de \u201cPercep\u00e7\u00e3o\u201d\"}]},{\"@type\":\"WebSite\",\"@id\":\"https:\\\/\\\/lifesgo.an9.com.br\\\/#website\",\"url\":\"https:\\\/\\\/lifesgo.an9.com.br\\\/\",\"name\":\"LifesGo\",\"description\":\"\",\"potentialAction\":[{\"@type\":\"SearchAction\",\"target\":{\"@type\":\"EntryPoint\",\"urlTemplate\":\"https:\\\/\\\/lifesgo.an9.com.br\\\/?s={search_term_string}\"},\"query-input\":{\"@type\":\"PropertyValueSpecification\",\"valueRequired\":true,\"valueName\":\"search_term_string\"}}],\"inLanguage\":\"pt-BR\"},{\"@type\":\"Person\",\"@id\":\"https:\\\/\\\/lifesgo.an9.com.br\\\/#\\\/schema\\\/person\\\/b34bfc24fce1f5cb9dc117e2efe61a07\",\"name\":\"LifesGo\",\"image\":{\"@type\":\"ImageObject\",\"inLanguage\":\"pt-BR\",\"@id\":\"https:\\\/\\\/secure.gravatar.com\\\/avatar\\\/ed0fb6c2dc8ca8634274f12b6bcee558dbcb1b05612be222e7d40b115c40b4f2?s=96&d=mm&r=g\",\"url\":\"https:\\\/\\\/secure.gravatar.com\\\/avatar\\\/ed0fb6c2dc8ca8634274f12b6bcee558dbcb1b05612be222e7d40b115c40b4f2?s=96&d=mm&r=g\",\"contentUrl\":\"https:\\\/\\\/secure.gravatar.com\\\/avatar\\\/ed0fb6c2dc8ca8634274f12b6bcee558dbcb1b05612be222e7d40b115c40b4f2?s=96&d=mm&r=g\",\"caption\":\"LifesGo\"},\"sameAs\":[\"https:\\\/\\\/lifesgo.com.br\"],\"url\":\"https:\\\/\\\/lifesgo.an9.com.br\\\/index.php\\\/author\\\/lucamor\\\/\"}]}<\/script>\n<!-- \/ Yoast SEO plugin. -->","yoast_head_json":{"title":"Murilo Muraah explora os labirintos da mente e a psicodelia da medita\u00e7\u00e3o no clipe de \u201cPercep\u00e7\u00e3o\u201d - LifesGo","robots":{"index":"index","follow":"follow","max-snippet":"max-snippet:-1","max-image-preview":"max-image-preview:large","max-video-preview":"max-video-preview:-1"},"canonical":"https:\/\/lifesgo.an9.com.br\/index.php\/2026\/09\/02\/murilo-muraah-explora-os-labirintos-da-mente-e-a-psicodelia-da-meditacao-no-clipe-de-percepcao\/","og_locale":"pt_BR","og_type":"article","og_title":"Murilo Muraah explora os labirintos da mente e a psicodelia da medita\u00e7\u00e3o no clipe de \u201cPercep\u00e7\u00e3o\u201d - LifesGo","og_description":"Faixa do artista paulistano ganha clipe surrealista com produ\u00e7\u00e3o da...","og_url":"https:\/\/lifesgo.an9.com.br\/index.php\/2026\/09\/02\/murilo-muraah-explora-os-labirintos-da-mente-e-a-psicodelia-da-meditacao-no-clipe-de-percepcao\/","og_site_name":"LifesGo","article_published_time":"2026-09-02T12:04:19+00:00","article_modified_time":"2026-09-02T12:04:21+00:00","og_image":[{"width":800,"height":492,"url":"https:\/\/lifesgo.an9.com.br\/wp-content\/uploads\/2026\/09\/MCOM-PHOTO-092026-0044.jpg","type":"image\/jpeg"}],"author":"LifesGo","twitter_card":"summary_large_image","twitter_misc":{"Escrito por":"LifesGo","Est. tempo de leitura":"5 minutos"},"schema":{"@context":"https:\/\/schema.org","@graph":[{"@type":"Article","@id":"https:\/\/lifesgo.an9.com.br\/index.php\/2026\/09\/02\/murilo-muraah-explora-os-labirintos-da-mente-e-a-psicodelia-da-meditacao-no-clipe-de-percepcao\/#article","isPartOf":{"@id":"https:\/\/lifesgo.an9.com.br\/index.php\/2026\/09\/02\/murilo-muraah-explora-os-labirintos-da-mente-e-a-psicodelia-da-meditacao-no-clipe-de-percepcao\/"},"author":{"name":"LifesGo","@id":"https:\/\/lifesgo.an9.com.br\/#\/schema\/person\/b34bfc24fce1f5cb9dc117e2efe61a07"},"headline":"Murilo Muraah explora os labirintos da mente e a psicodelia da medita\u00e7\u00e3o no clipe de \u201cPercep\u00e7\u00e3o\u201d","datePublished":"2026-09-02T12:04:19+00:00","dateModified":"2026-09-02T12:04:21+00:00","mainEntityOfPage":{"@id":"https:\/\/lifesgo.an9.com.br\/index.php\/2026\/09\/02\/murilo-muraah-explora-os-labirintos-da-mente-e-a-psicodelia-da-meditacao-no-clipe-de-percepcao\/"},"wordCount":997,"commentCount":0,"image":{"@id":"https:\/\/lifesgo.an9.com.br\/index.php\/2026\/09\/02\/murilo-muraah-explora-os-labirintos-da-mente-e-a-psicodelia-da-meditacao-no-clipe-de-percepcao\/#primaryimage"},"thumbnailUrl":"https:\/\/lifesgo.an9.com.br\/wp-content\/uploads\/2026\/09\/MCOM-PHOTO-092026-0044.jpg","keywords":["Murilo Muraah"],"articleSection":["M\u00fasica"],"inLanguage":"pt-BR","potentialAction":[{"@type":"CommentAction","name":"Comment","target":["https:\/\/lifesgo.an9.com.br\/index.php\/2026\/09\/02\/murilo-muraah-explora-os-labirintos-da-mente-e-a-psicodelia-da-meditacao-no-clipe-de-percepcao\/#respond"]}]},{"@type":"WebPage","@id":"https:\/\/lifesgo.an9.com.br\/index.php\/2026\/09\/02\/murilo-muraah-explora-os-labirintos-da-mente-e-a-psicodelia-da-meditacao-no-clipe-de-percepcao\/","url":"https:\/\/lifesgo.an9.com.br\/index.php\/2026\/09\/02\/murilo-muraah-explora-os-labirintos-da-mente-e-a-psicodelia-da-meditacao-no-clipe-de-percepcao\/","name":"Murilo Muraah explora os labirintos da mente e a psicodelia da medita\u00e7\u00e3o no clipe de \u201cPercep\u00e7\u00e3o\u201d - LifesGo","isPartOf":{"@id":"https:\/\/lifesgo.an9.com.br\/#website"},"primaryImageOfPage":{"@id":"https:\/\/lifesgo.an9.com.br\/index.php\/2026\/09\/02\/murilo-muraah-explora-os-labirintos-da-mente-e-a-psicodelia-da-meditacao-no-clipe-de-percepcao\/#primaryimage"},"image":{"@id":"https:\/\/lifesgo.an9.com.br\/index.php\/2026\/09\/02\/murilo-muraah-explora-os-labirintos-da-mente-e-a-psicodelia-da-meditacao-no-clipe-de-percepcao\/#primaryimage"},"thumbnailUrl":"https:\/\/lifesgo.an9.com.br\/wp-content\/uploads\/2026\/09\/MCOM-PHOTO-092026-0044.jpg","datePublished":"2026-09-02T12:04:19+00:00","dateModified":"2026-09-02T12:04:21+00:00","author":{"@id":"https:\/\/lifesgo.an9.com.br\/#\/schema\/person\/b34bfc24fce1f5cb9dc117e2efe61a07"},"breadcrumb":{"@id":"https:\/\/lifesgo.an9.com.br\/index.php\/2026\/09\/02\/murilo-muraah-explora-os-labirintos-da-mente-e-a-psicodelia-da-meditacao-no-clipe-de-percepcao\/#breadcrumb"},"inLanguage":"pt-BR","potentialAction":[{"@type":"ReadAction","target":["https:\/\/lifesgo.an9.com.br\/index.php\/2026\/09\/02\/murilo-muraah-explora-os-labirintos-da-mente-e-a-psicodelia-da-meditacao-no-clipe-de-percepcao\/"]}]},{"@type":"ImageObject","inLanguage":"pt-BR","@id":"https:\/\/lifesgo.an9.com.br\/index.php\/2026\/09\/02\/murilo-muraah-explora-os-labirintos-da-mente-e-a-psicodelia-da-meditacao-no-clipe-de-percepcao\/#primaryimage","url":"https:\/\/lifesgo.an9.com.br\/wp-content\/uploads\/2026\/09\/MCOM-PHOTO-092026-0044.jpg","contentUrl":"https:\/\/lifesgo.an9.com.br\/wp-content\/uploads\/2026\/09\/MCOM-PHOTO-092026-0044.jpg","width":800,"height":492},{"@type":"BreadcrumbList","@id":"https:\/\/lifesgo.an9.com.br\/index.php\/2026\/09\/02\/murilo-muraah-explora-os-labirintos-da-mente-e-a-psicodelia-da-meditacao-no-clipe-de-percepcao\/#breadcrumb","itemListElement":[{"@type":"ListItem","position":1,"name":"In\u00edcio","item":"https:\/\/lifesgo.an9.com.br\/"},{"@type":"ListItem","position":2,"name":"Murilo Muraah explora os labirintos da mente e a psicodelia da medita\u00e7\u00e3o no clipe de \u201cPercep\u00e7\u00e3o\u201d"}]},{"@type":"WebSite","@id":"https:\/\/lifesgo.an9.com.br\/#website","url":"https:\/\/lifesgo.an9.com.br\/","name":"LifesGo","description":"","potentialAction":[{"@type":"SearchAction","target":{"@type":"EntryPoint","urlTemplate":"https:\/\/lifesgo.an9.com.br\/?s={search_term_string}"},"query-input":{"@type":"PropertyValueSpecification","valueRequired":true,"valueName":"search_term_string"}}],"inLanguage":"pt-BR"},{"@type":"Person","@id":"https:\/\/lifesgo.an9.com.br\/#\/schema\/person\/b34bfc24fce1f5cb9dc117e2efe61a07","name":"LifesGo","image":{"@type":"ImageObject","inLanguage":"pt-BR","@id":"https:\/\/secure.gravatar.com\/avatar\/ed0fb6c2dc8ca8634274f12b6bcee558dbcb1b05612be222e7d40b115c40b4f2?s=96&d=mm&r=g","url":"https:\/\/secure.gravatar.com\/avatar\/ed0fb6c2dc8ca8634274f12b6bcee558dbcb1b05612be222e7d40b115c40b4f2?s=96&d=mm&r=g","contentUrl":"https:\/\/secure.gravatar.com\/avatar\/ed0fb6c2dc8ca8634274f12b6bcee558dbcb1b05612be222e7d40b115c40b4f2?s=96&d=mm&r=g","caption":"LifesGo"},"sameAs":["https:\/\/lifesgo.com.br"],"url":"https:\/\/lifesgo.an9.com.br\/index.php\/author\/lucamor\/"}]}},"_links":{"self":[{"href":"https:\/\/lifesgo.an9.com.br\/index.php\/wp-json\/wp\/v2\/posts\/82808","targetHints":{"allow":["GET"]}}],"collection":[{"href":"https:\/\/lifesgo.an9.com.br\/index.php\/wp-json\/wp\/v2\/posts"}],"about":[{"href":"https:\/\/lifesgo.an9.com.br\/index.php\/wp-json\/wp\/v2\/types\/post"}],"author":[{"embeddable":true,"href":"https:\/\/lifesgo.an9.com.br\/index.php\/wp-json\/wp\/v2\/users\/1"}],"replies":[{"embeddable":true,"href":"https:\/\/lifesgo.an9.com.br\/index.php\/wp-json\/wp\/v2\/comments?post=82808"}],"version-history":[{"count":1,"href":"https:\/\/lifesgo.an9.com.br\/index.php\/wp-json\/wp\/v2\/posts\/82808\/revisions"}],"predecessor-version":[{"id":82809,"href":"https:\/\/lifesgo.an9.com.br\/index.php\/wp-json\/wp\/v2\/posts\/82808\/revisions\/82809"}],"wp:featuredmedia":[{"embeddable":true,"href":"https:\/\/lifesgo.an9.com.br\/index.php\/wp-json\/wp\/v2\/media\/82806"}],"wp:attachment":[{"href":"https:\/\/lifesgo.an9.com.br\/index.php\/wp-json\/wp\/v2\/media?parent=82808"}],"wp:term":[{"taxonomy":"category","embeddable":true,"href":"https:\/\/lifesgo.an9.com.br\/index.php\/wp-json\/wp\/v2\/categories?post=82808"},{"taxonomy":"post_tag","embeddable":true,"href":"https:\/\/lifesgo.an9.com.br\/index.php\/wp-json\/wp\/v2\/tags?post=82808"}],"curies":[{"name":"wp","href":"https:\/\/api.w.org\/{rel}","templated":true}]}}