{"id":82768,"date":"2026-09-01T15:49:30","date_gmt":"2026-09-01T18:49:30","guid":{"rendered":"https:\/\/lifesgo.an9.com.br\/index.php\/2026\/09\/01\/estudo-revela-baixa-transparencia-no-uso-do-reconhecimento-facial-em-decisoes-da-justica-criminal\/"},"modified":"2026-09-01T15:49:30","modified_gmt":"2026-09-01T18:49:30","slug":"estudo-revela-baixa-transparencia-no-uso-do-reconhecimento-facial-em-decisoes-da-justica-criminal","status":"publish","type":"post","link":"https:\/\/lifesgo.an9.com.br\/index.php\/2026\/09\/01\/estudo-revela-baixa-transparencia-no-uso-do-reconhecimento-facial-em-decisoes-da-justica-criminal\/","title":{"rendered":"Estudo revela baixa transpar\u00eancia no uso do reconhecimento facial em decis\u00f5es da Justi\u00e7a Criminal"},"content":{"rendered":"<p><strong><em>An\u00e1lise de 52 ac\u00f3rd\u00e3os de segunda inst\u00e2ncia dos Tribunais de<br \/>\nJusti\u00e7a de S\u00e3o Paulo, Rio de Janeiro, Distrito Federal, Santa Catarina e Goi\u00e1s<br \/>\nalerta para uma \u201ccaixa-preta\u201d no uso da tecnologia. Falta de informa\u00e7\u00f5es sobre<br \/>\nas identifica\u00e7\u00f5es pode dificultar que pessoas acusadas contestem a prova usada<br \/>\ncontra elas.<\/em><\/strong><\/p>\n<p>Ao<br \/>\nanalisar 52 ac\u00f3rd\u00e3os de segunda inst\u00e2ncia dos Tribunais de Justi\u00e7a de S\u00e3o<br \/>\nPaulo, Rio de Janeiro, Distrito Federal, Santa Catarina e Goi\u00e1s, uma pesquisa<br \/>\nin\u00e9dita desenvolvida pelo Centro de Estudos de Seguran\u00e7a e Cidadania (CESeC),<br \/>\nidentificou que 33 decis\u00f5es (63,5%) mencionam o reconhecimento facial sem<br \/>\napresentar qualquer um dos tr\u00eas elementos considerados m\u00ednimos para avaliar a<br \/>\nconfiabilidade da tecnologia: o sistema ou software utilizado, a base de dados<br \/>\nconsultada ou um laudo t\u00e9cnico espec\u00edfico sobre o processamento das imagens. Os<br \/>\ndados do estudo est\u00e3o dispon\u00edveis <a href=\"https:\/\/cesecseguranca.com.br\/textodownload\/algoritmos-e-direitos-reconhecimento-facial-na-justica-criminal\/\" target=\"_blank\" rel=\"noopener\">aqui<\/a>.<\/p>\n<p>Os<br \/>\nresultados do estudo <em>Algoritmos e Direitos: Reconhecimento Facial na Justi\u00e7a<br \/>\nCriminal<\/em>, segundo os pesquisadores, revelam uma contradi\u00e7\u00e3o crescente. Ao<br \/>\nmesmo tempo em que o reconhecimento facial passa a desempenhar um papel cada<br \/>\nvez mais relevante na investiga\u00e7\u00e3o e na atribui\u00e7\u00e3o de autoria criminal, as<br \/>\ninforma\u00e7\u00f5es necess\u00e1rias para verificar sua confiabilidade permanecem<br \/>\npraticamente invis\u00edveis dentro dos processos judiciais.<\/p>\n<figure style=\"text-align:center; margin:18px auto;\"><img decoding=\"async\" src=\"https:\/\/lifesgo.an9.com.br\/wp-content\/uploads\/2026\/09\/WhatsApp-Image-2026-09-01-at-15.01.32.jpg\" alt=\"Fonte: Algoritmos e Direitos: Reconhecimento Facial na Justi\u00e7a Criminal. CESeC, 2026.\" style=\"max-width:100%; height:auto; display:block; margin-left:auto; margin-right:auto;\"><figcaption style=\"text-align:center; font-size:14px; color:#666; margin-top:6px;\">(Fonte: Algoritmos e Direitos: Reconhecimento Facial na Justi\u00e7a Criminal. CESeC, 2026.)<\/figcaption><\/figure>\n<p>Na<br \/>\npr\u00e1tica, a falta dessas informa\u00e7\u00f5es pode comprometer uma etapa fundamental do<br \/>\nprocesso penal: a possibilidade de a pessoa acusada contestar a prova<br \/>\napresentada contra ela. Sem saber qual sistema produziu a identifica\u00e7\u00e3o, qual<br \/>\nimagem foi comparada, qual banco de dados foi utilizado ou quais crit\u00e9rios<br \/>\nlevaram o algoritmo a apontar uma correspond\u00eancia, a defesa n\u00e3o disp\u00f5e dos<br \/>\nelementos necess\u00e1rios para verificar a confiabilidade do resultado ou<br \/>\nsubmet\u00ea-lo a uma an\u00e1lise t\u00e9cnica independente. O problema, portanto, n\u00e3o \u00e9<br \/>\napenas de transpar\u00eancia sobre o uso da tecnologia, mas de acesso aos elementos<br \/>\nque permitem questionar uma evid\u00eancia potencialmente relevante para a<br \/>\natribui\u00e7\u00e3o de autoria.<\/p>\n<p>\u201cQuando<br \/>\nafirmamos que 63,5% dos ac\u00f3rd\u00e3os n\u00e3o apresentam nenhuma informa\u00e7\u00e3o t\u00e9cnica<br \/>\nm\u00ednima, n\u00e3o estamos falando apenas de uma falta de transpar\u00eancia<br \/>\nadministrativa. Estamos falando de uma limita\u00e7\u00e3o concreta ao exerc\u00edcio da<br \/>\ndefesa. Na pr\u00e1tica, o r\u00e9u sabe que um sistema teria indicado o seu rosto, mas<br \/>\nmuitas vezes n\u00e3o consegue saber qual software foi utilizado, qual imagem foi<br \/>\ninserida, qual banco de dados foi consultado, qual foi o resultado num\u00e9rico da<br \/>\ncompara\u00e7\u00e3o ou que par\u00e2metro permitiu considerar aquela correspond\u00eancia<br \/>\nrelevante&#8221;, afirma Pablo Nunes, coordenador do projeto O Pan\u00f3ptico.<\/p>\n<figure style=\"text-align:center; margin:18px auto;\"><img decoding=\"async\" src=\"https:\/\/lifesgo.an9.com.br\/wp-content\/uploads\/2026\/09\/WhatsApp-Image-2026-09-01-at-15.28.19-1.jpg\" alt=\"\" style=\"max-width:100%; height:auto; display:block; margin-left:auto; margin-right:auto;\"><\/figure>\n<p>O<br \/>\nestudo identificou que essa din\u00e2mica n\u00e3o se limita a sistemas utilizados<br \/>\ndiretamente por \u00f3rg\u00e3os p\u00fablicos. Um dos casos mais emblem\u00e1ticos identificados<br \/>\nno levantamento ocorreu no Rio de Janeiro &#8211; uma identifica\u00e7\u00e3o produzida por um<br \/>\nsistema de reconhecimento facial de uma loja da rede varejista Havan foi<br \/>\nposteriormente incorporada a um processo criminal, sem que o ac\u00f3rd\u00e3o trouxesse<br \/>\ninforma\u00e7\u00f5es suficientes sobre a tecnologia empregada, a base de dados<br \/>\nconsultada ou os crit\u00e9rios utilizados para a compara\u00e7\u00e3o biom\u00e9trica.<\/p>\n<p>O caso<br \/>\nda loja Havan amplia o problema ao deslocar a produ\u00e7\u00e3o inicial da suspeita para<br \/>\numa infraestrutura privada de vigil\u00e2ncia. No ac\u00f3rd\u00e3o, a identifica\u00e7\u00e3o da r\u00e9<br \/>\naparece a partir da afirma\u00e7\u00e3o de que a empresa \u201cpossui sistema de<br \/>\nreconhecimento facial\u201d e que, por isso, ela teria sido associada a outras<br \/>\ncompras realizadas com documentos falsos.<\/p>\n<p>A<br \/>\nquest\u00e3o central n\u00e3o \u00e9 apenas a participa\u00e7\u00e3o de uma empresa privada na produ\u00e7\u00e3o<br \/>\nde informa\u00e7\u00e3o relevante para a persecu\u00e7\u00e3o penal, mas o modo como essa<br \/>\ninforma\u00e7\u00e3o entra no processo: sem esclarecimento sobre a base de dados<br \/>\nutilizada, os crit\u00e9rios de correspond\u00eancia, a taxa de erro, a finalidade<br \/>\noriginal da coleta, os procedimentos de auditoria ou a revis\u00e3o humana do<br \/>\nresultado. O caso evidencia uma dimens\u00e3o espec\u00edfica da passagem entre pista e<br \/>\nprova &#8211; a suspeita n\u00e3o nasce diretamente de uma dilig\u00eancia policial, mas de um<br \/>\ncircuito empresarial orientado por l\u00f3gicas de seguran\u00e7a patrimonial, preven\u00e7\u00e3o<br \/>\nde perdas e controle de consumidores.<\/p>\n<p>Entrevistas<br \/>\nrealizadas na elabora\u00e7\u00e3o do estudo revelaram outro aspecto que chamou a<br \/>\naten\u00e7\u00e3o: a exist\u00eancia de pr\u00e1ticas informais de circula\u00e7\u00e3o de imagens entre<br \/>\nagentes p\u00fablicos. Segundo relatos colhidos durante o estudo, policiais e<br \/>\nguardas municipais fotografam pessoas abordadas em situa\u00e7\u00f5es diversas e<br \/>\ncompartilham essas imagens em grupos de mensagens para tentar identificar<br \/>\nposs\u00edveis antecedentes ou v\u00ednculos com investiga\u00e7\u00f5es. Embora os pesquisadores<br \/>\nressaltem que os depoimentos n\u00e3o permitem afirmar que essas pr\u00e1ticas sejam<br \/>\ngeneralizadas, eles apontam para a exist\u00eancia de circuitos paralelos de<br \/>\nprodu\u00e7\u00e3o e circula\u00e7\u00e3o de imagens biom\u00e9tricas, muitas vezes sem protocolos<br \/>\nclaros sobre finalidade, armazenamento, controle ou descarte.<\/p>\n<p>Esses<br \/>\nrelatos ampliam a discuss\u00e3o sobre reconhecimento facial para al\u00e9m dos bancos de<br \/>\ndados oficiais. Se fotografias produzidas durante abordagens policiais, imagens<br \/>\ncaptadas por empresas privadas, registros obtidos em redes sociais e bancos<br \/>\ninstitucionais podem alimentar investiga\u00e7\u00f5es, compreender a origem dessas<br \/>\nimagens torna-se t\u00e3o importante quanto avaliar o desempenho do algoritmo<br \/>\nrespons\u00e1vel pela compara\u00e7\u00e3o biom\u00e9trica.<\/p>\n<p>Vale<br \/>\nressaltar que imagens faciais constituem dados biom\u00e9tricos classificados como<br \/>\nsens\u00edveis pela Lei Geral de Prote\u00e7\u00e3o de Dados (LGPD), o que refor\u00e7a a<br \/>\nimport\u00e2ncia de conhecer quem controla essas bases, quais registros s\u00e3o<br \/>\nutilizados e em quais condi\u00e7\u00f5es esses dados podem ser compartilhados ou<br \/>\nreutilizados. Apesar da relev\u00e2ncia e do uso cada vez mais disseminado de dados<br \/>\nbiom\u00e9tricos por agentes policiais, a LGPD n\u00e3o se aplica totalmente \u00e0 esfera da<br \/>\nseguran\u00e7a p\u00fablica e \u00e0 defesa nacional.<\/p>\n<p><strong><strong>Tecnologia influencia processos,<br \/>\nmas quase n\u00e3o \u00e9 debatida<\/strong><\/strong><\/p>\n<p>O<br \/>\nestudo mostra que o reconhecimento facial frequentemente aparece nas decis\u00f5es<br \/>\ncomo uma tecnologia naturalmente confi\u00e1vel, sem que os desembargadores discutam<br \/>\nseu funcionamento, suas limita\u00e7\u00f5es ou suas margens de erro. Em apenas sete dos<br \/>\n52 ac\u00f3rd\u00e3os analisados houve alguma discuss\u00e3o direta sobre aspectos t\u00e9cnicos do<br \/>\nreconhecimento facial, como crit\u00e9rios de correspond\u00eancia, qualidade das<br \/>\nimagens, confiabilidade dos resultados ou limita\u00e7\u00f5es dos sistemas utilizados.<\/p>\n<p>Na<br \/>\nmaioria dos casos, a tecnologia \u00e9 apenas mencionada como parte da investiga\u00e7\u00e3o<br \/>\npolicial ou incorporada \u00e0 narrativa acusat\u00f3ria, sem explica\u00e7\u00f5es sobre perguntas<br \/>\nfundamentais, como:<\/p>\n<p>\u25cf qual algoritmo realizou a compara\u00e7\u00e3o;<\/p>\n<p>\u25cf qual banco de imagens foi utilizado;<\/p>\n<p>\u25cf qual foi o \u00edndice de similaridade encontrado;<\/p>\n<p>\u25cf quais crit\u00e9rios levaram \u00e0 identifica\u00e7\u00e3o do<br \/>\nsuspeito;<\/p>\n<p>\u25cf se houve valida\u00e7\u00e3o independente do resultado.<\/p>\n<p>Para os pesquisadores, esse cen\u00e1rio cria uma esp\u00e9cie de<br \/>\n&#8220;caixa-preta&#8221; da prova digital: a conclus\u00e3o produzida pelo sistema<br \/>\nchega ao processo judicial, mas o caminho percorrido at\u00e9 ela permanece<br \/>\ndesconhecido. Essa falta de transpar\u00eancia dificulta tanto o controle judicial<br \/>\nquanto o exerc\u00edcio do contradit\u00f3rio pela defesa, j\u00e1 que informa\u00e7\u00f5es essenciais<br \/>\npara avaliar a integridade da evid\u00eancia simplesmente n\u00e3o aparecem nos autos.<\/p>\n<p>\u201cO que<br \/>\nestamos chamando de \u2018caixa-preta\u2019, portanto, n\u00e3o est\u00e1 apenas dentro do<br \/>\nalgoritmo. Ela tamb\u00e9m \u00e9 produzida pela forma como o reconhecimento facial \u00e9<br \/>\nregistrado nos documentos policiais e judiciais. Quando o ac\u00f3rd\u00e3o apenas diz<br \/>\nque houve uma \u2018identifica\u00e7\u00e3o positiva\u2019, sem explicar como ela foi produzida, a<br \/>\ntecnologia adquire apar\u00eancia de certeza, embora o resultado seja probabil\u00edstico<br \/>\ne dependa de uma s\u00e9rie de decis\u00f5es humanas e t\u00e9cnicas&#8221;, alerta Thallita<br \/>\nLima, coordenadora de pesquisa do projeto O Pan\u00f3ptico.<strong><\/strong><\/p>\n<p><strong><strong>A &#8220;caixa-preta&#8221; da<br \/>\nidentifica\u00e7\u00e3o<\/strong><\/strong><\/p>\n<p>Para<br \/>\navaliar o grau de transpar\u00eancia presente nas decis\u00f5es judiciais, o estudo<br \/>\ndesenvolveu um indicador in\u00e9dito de auditabilidade. Em vez de medir a precis\u00e3o<br \/>\ndos algoritmos, o \u00edndice procura responder a uma pergunta: os tribunais<br \/>\nfornecem informa\u00e7\u00f5es suficientes para que seja poss\u00edvel compreender como o<br \/>\nreconhecimento facial foi realizado? O indicador considera tr\u00eas elementos<br \/>\nconsiderados m\u00ednimos:<\/p>\n<p>\u25cf identifica\u00e7\u00e3o do software ou sistema<br \/>\nutilizado;<\/p>\n<p>\u25cf indica\u00e7\u00e3o da base de dados consultada;<\/p>\n<p>\u25cf exist\u00eancia de laudo t\u00e9cnico ou relat\u00f3rio<br \/>\npericial espec\u00edfico sobre o processamento das imagens.<\/p>\n<p>A<br \/>\npontua\u00e7\u00e3o varia de zero a tr\u00eas e o resultado revelou um cen\u00e1rio de baixa<br \/>\ndocumenta\u00e7\u00e3o t\u00e9cnica &#8211; a m\u00e9dia geral foi de apenas 0,42. Dos 52 ac\u00f3rd\u00e3os<br \/>\nanalisados:<\/p>\n<p>\u25cf 33 (63,5%) receberam nota zero, sem apresentar<br \/>\nnenhum dos tr\u00eas elementos m\u00ednimos de auditabilidade;<\/p>\n<p>\u25cf 16 (30,8%) receberam nota um;<\/p>\n<p>\u25cf apenas tr\u00eas (5,8%) receberam nota dois;<\/p>\n<p>\u25cf nenhum ac\u00f3rd\u00e3o alcan\u00e7ou a pontua\u00e7\u00e3o m\u00e1xima.<\/p>\n<p>Quando<br \/>\ncada crit\u00e9rio \u00e9 analisado isoladamente, os n\u00fameros tamb\u00e9m chamam aten\u00e7\u00e3o. O<br \/>\nnome do software utilizado apareceu em apenas oito decis\u00f5es (15,4%); a base de<br \/>\ndados consultada foi identificada em somente quatro casos (7,7%); j\u00e1 a<br \/>\nexist\u00eancia de laudo t\u00e9cnico espec\u00edfico relacionado ao reconhecimento facial foi<br \/>\nmencionada em dez ac\u00f3rd\u00e3os (19,2%).<\/p>\n<p>Nenhuma<br \/>\ndecis\u00e3o apresentou simultaneamente as tr\u00eas informa\u00e7\u00f5es. Para os pesquisadores,<br \/>\nisso significa que, mesmo quando o reconhecimento facial desempenha papel<br \/>\nrelevante na investiga\u00e7\u00e3o, raramente \u00e9 poss\u00edvel reconstruir tecnicamente como<br \/>\naquela identifica\u00e7\u00e3o foi produzida.<\/p>\n<p>\u201cCriamos<br \/>\no indicador para transformar a ideia de \u2018caixa-preta\u2019 em uma medida concreta. O<br \/>\nindicador n\u00e3o mede se o sistema \u00e9 tecnicamente bom, se o laudo \u00e9 consistente ou<br \/>\nse a identifica\u00e7\u00e3o est\u00e1 correta. Ele mede algo anterior e fundamental: se<br \/>\nexistem informa\u00e7\u00f5es suficientes para que a defesa, o Judici\u00e1rio ou um perito<br \/>\nindependente possam compreender como aquele resultado foi produzido e, a partir<br \/>\ndisso, question\u00e1-lo&#8221;, analisa Thallita Lima, coordenadora de pesquisa do<br \/>\nprojeto O Pan\u00f3ptico.<strong><\/strong><\/p>\n<p><em>(Cr\u00e9dito: Imagem criada por IA)<\/em><\/p>\n","protected":false},"excerpt":{"rendered":"<p>An\u00e1lise de 52 ac\u00f3rd\u00e3os de segunda inst\u00e2ncia dos Tribunais de&#8230;<\/p>\n","protected":false},"author":1,"featured_media":82765,"comment_status":"open","ping_status":"open","sticky":false,"template":"","format":"standard","meta":{"_acf_changed":false,"footnotes":""},"categories":[56],"tags":[1416,1417],"class_list":["post-82768","post","type-post","status-publish","format-standard","has-post-thumbnail","hentry","category-tecnologia","tag-justica-criminal","tag-reconhecimento-facial"],"acf":[],"yoast_head":"<!-- This site is optimized with the Yoast SEO plugin v28.4 - https:\/\/yoast.com\/product\/yoast-seo-wordpress\/ -->\n<title>Estudo revela baixa transpar\u00eancia no uso do reconhecimento facial em decis\u00f5es da Justi\u00e7a Criminal - LifesGo<\/title>\n<meta name=\"robots\" content=\"index, follow, max-snippet:-1, max-image-preview:large, max-video-preview:-1\" \/>\n<link rel=\"canonical\" href=\"https:\/\/lifesgo.an9.com.br\/index.php\/2026\/09\/01\/estudo-revela-baixa-transparencia-no-uso-do-reconhecimento-facial-em-decisoes-da-justica-criminal\/\" \/>\n<meta property=\"og:locale\" content=\"pt_BR\" \/>\n<meta property=\"og:type\" content=\"article\" \/>\n<meta property=\"og:title\" content=\"Estudo revela baixa transpar\u00eancia no uso do reconhecimento facial em decis\u00f5es da Justi\u00e7a Criminal - LifesGo\" \/>\n<meta property=\"og:description\" content=\"An\u00e1lise de 52 ac\u00f3rd\u00e3os de segunda inst\u00e2ncia dos Tribunais de...\" \/>\n<meta property=\"og:url\" content=\"https:\/\/lifesgo.an9.com.br\/index.php\/2026\/09\/01\/estudo-revela-baixa-transparencia-no-uso-do-reconhecimento-facial-em-decisoes-da-justica-criminal\/\" \/>\n<meta property=\"og:site_name\" content=\"LifesGo\" \/>\n<meta property=\"article:published_time\" content=\"2026-09-01T18:49:30+00:00\" \/>\n<meta property=\"og:image\" content=\"https:\/\/lifesgo.an9.com.br\/wp-content\/uploads\/2026\/09\/31082026-27.jpg\" \/>\n\t<meta property=\"og:image:width\" content=\"800\" \/>\n\t<meta property=\"og:image:height\" content=\"492\" \/>\n\t<meta property=\"og:image:type\" content=\"image\/jpeg\" \/>\n<meta name=\"author\" content=\"LifesGo\" \/>\n<meta name=\"twitter:card\" content=\"summary_large_image\" \/>\n<meta name=\"twitter:label1\" content=\"Escrito por\" \/>\n\t<meta name=\"twitter:data1\" content=\"LifesGo\" \/>\n\t<meta name=\"twitter:label2\" content=\"Est. tempo de leitura\" \/>\n\t<meta name=\"twitter:data2\" content=\"8 minutos\" \/>\n<script type=\"application\/ld+json\" class=\"yoast-schema-graph\">{\"@context\":\"https:\\\/\\\/schema.org\",\"@graph\":[{\"@type\":\"Article\",\"@id\":\"https:\\\/\\\/lifesgo.an9.com.br\\\/index.php\\\/2026\\\/09\\\/01\\\/estudo-revela-baixa-transparencia-no-uso-do-reconhecimento-facial-em-decisoes-da-justica-criminal\\\/#article\",\"isPartOf\":{\"@id\":\"https:\\\/\\\/lifesgo.an9.com.br\\\/index.php\\\/2026\\\/09\\\/01\\\/estudo-revela-baixa-transparencia-no-uso-do-reconhecimento-facial-em-decisoes-da-justica-criminal\\\/\"},\"author\":{\"name\":\"LifesGo\",\"@id\":\"https:\\\/\\\/lifesgo.an9.com.br\\\/#\\\/schema\\\/person\\\/b34bfc24fce1f5cb9dc117e2efe61a07\"},\"headline\":\"Estudo revela baixa transpar\u00eancia no uso do reconhecimento facial em decis\u00f5es da Justi\u00e7a Criminal\",\"datePublished\":\"2026-09-01T18:49:30+00:00\",\"mainEntityOfPage\":{\"@id\":\"https:\\\/\\\/lifesgo.an9.com.br\\\/index.php\\\/2026\\\/09\\\/01\\\/estudo-revela-baixa-transparencia-no-uso-do-reconhecimento-facial-em-decisoes-da-justica-criminal\\\/\"},\"wordCount\":1646,\"commentCount\":0,\"image\":{\"@id\":\"https:\\\/\\\/lifesgo.an9.com.br\\\/index.php\\\/2026\\\/09\\\/01\\\/estudo-revela-baixa-transparencia-no-uso-do-reconhecimento-facial-em-decisoes-da-justica-criminal\\\/#primaryimage\"},\"thumbnailUrl\":\"https:\\\/\\\/lifesgo.an9.com.br\\\/wp-content\\\/uploads\\\/2026\\\/09\\\/31082026-27.jpg\",\"keywords\":[\"Justi\u00e7a Criminal\",\"reconhecimento facial\"],\"articleSection\":[\"Tecnologia\"],\"inLanguage\":\"pt-BR\",\"potentialAction\":[{\"@type\":\"CommentAction\",\"name\":\"Comment\",\"target\":[\"https:\\\/\\\/lifesgo.an9.com.br\\\/index.php\\\/2026\\\/09\\\/01\\\/estudo-revela-baixa-transparencia-no-uso-do-reconhecimento-facial-em-decisoes-da-justica-criminal\\\/#respond\"]}]},{\"@type\":\"WebPage\",\"@id\":\"https:\\\/\\\/lifesgo.an9.com.br\\\/index.php\\\/2026\\\/09\\\/01\\\/estudo-revela-baixa-transparencia-no-uso-do-reconhecimento-facial-em-decisoes-da-justica-criminal\\\/\",\"url\":\"https:\\\/\\\/lifesgo.an9.com.br\\\/index.php\\\/2026\\\/09\\\/01\\\/estudo-revela-baixa-transparencia-no-uso-do-reconhecimento-facial-em-decisoes-da-justica-criminal\\\/\",\"name\":\"Estudo revela baixa transpar\u00eancia no uso do reconhecimento facial em decis\u00f5es da Justi\u00e7a Criminal - LifesGo\",\"isPartOf\":{\"@id\":\"https:\\\/\\\/lifesgo.an9.com.br\\\/#website\"},\"primaryImageOfPage\":{\"@id\":\"https:\\\/\\\/lifesgo.an9.com.br\\\/index.php\\\/2026\\\/09\\\/01\\\/estudo-revela-baixa-transparencia-no-uso-do-reconhecimento-facial-em-decisoes-da-justica-criminal\\\/#primaryimage\"},\"image\":{\"@id\":\"https:\\\/\\\/lifesgo.an9.com.br\\\/index.php\\\/2026\\\/09\\\/01\\\/estudo-revela-baixa-transparencia-no-uso-do-reconhecimento-facial-em-decisoes-da-justica-criminal\\\/#primaryimage\"},\"thumbnailUrl\":\"https:\\\/\\\/lifesgo.an9.com.br\\\/wp-content\\\/uploads\\\/2026\\\/09\\\/31082026-27.jpg\",\"datePublished\":\"2026-09-01T18:49:30+00:00\",\"author\":{\"@id\":\"https:\\\/\\\/lifesgo.an9.com.br\\\/#\\\/schema\\\/person\\\/b34bfc24fce1f5cb9dc117e2efe61a07\"},\"breadcrumb\":{\"@id\":\"https:\\\/\\\/lifesgo.an9.com.br\\\/index.php\\\/2026\\\/09\\\/01\\\/estudo-revela-baixa-transparencia-no-uso-do-reconhecimento-facial-em-decisoes-da-justica-criminal\\\/#breadcrumb\"},\"inLanguage\":\"pt-BR\",\"potentialAction\":[{\"@type\":\"ReadAction\",\"target\":[\"https:\\\/\\\/lifesgo.an9.com.br\\\/index.php\\\/2026\\\/09\\\/01\\\/estudo-revela-baixa-transparencia-no-uso-do-reconhecimento-facial-em-decisoes-da-justica-criminal\\\/\"]}]},{\"@type\":\"ImageObject\",\"inLanguage\":\"pt-BR\",\"@id\":\"https:\\\/\\\/lifesgo.an9.com.br\\\/index.php\\\/2026\\\/09\\\/01\\\/estudo-revela-baixa-transparencia-no-uso-do-reconhecimento-facial-em-decisoes-da-justica-criminal\\\/#primaryimage\",\"url\":\"https:\\\/\\\/lifesgo.an9.com.br\\\/wp-content\\\/uploads\\\/2026\\\/09\\\/31082026-27.jpg\",\"contentUrl\":\"https:\\\/\\\/lifesgo.an9.com.br\\\/wp-content\\\/uploads\\\/2026\\\/09\\\/31082026-27.jpg\",\"width\":800,\"height\":492},{\"@type\":\"BreadcrumbList\",\"@id\":\"https:\\\/\\\/lifesgo.an9.com.br\\\/index.php\\\/2026\\\/09\\\/01\\\/estudo-revela-baixa-transparencia-no-uso-do-reconhecimento-facial-em-decisoes-da-justica-criminal\\\/#breadcrumb\",\"itemListElement\":[{\"@type\":\"ListItem\",\"position\":1,\"name\":\"In\u00edcio\",\"item\":\"https:\\\/\\\/lifesgo.an9.com.br\\\/\"},{\"@type\":\"ListItem\",\"position\":2,\"name\":\"Estudo revela baixa transpar\u00eancia no uso do reconhecimento facial em decis\u00f5es da Justi\u00e7a Criminal\"}]},{\"@type\":\"WebSite\",\"@id\":\"https:\\\/\\\/lifesgo.an9.com.br\\\/#website\",\"url\":\"https:\\\/\\\/lifesgo.an9.com.br\\\/\",\"name\":\"LifesGo\",\"description\":\"\",\"potentialAction\":[{\"@type\":\"SearchAction\",\"target\":{\"@type\":\"EntryPoint\",\"urlTemplate\":\"https:\\\/\\\/lifesgo.an9.com.br\\\/?s={search_term_string}\"},\"query-input\":{\"@type\":\"PropertyValueSpecification\",\"valueRequired\":true,\"valueName\":\"search_term_string\"}}],\"inLanguage\":\"pt-BR\"},{\"@type\":\"Person\",\"@id\":\"https:\\\/\\\/lifesgo.an9.com.br\\\/#\\\/schema\\\/person\\\/b34bfc24fce1f5cb9dc117e2efe61a07\",\"name\":\"LifesGo\",\"image\":{\"@type\":\"ImageObject\",\"inLanguage\":\"pt-BR\",\"@id\":\"https:\\\/\\\/secure.gravatar.com\\\/avatar\\\/ed0fb6c2dc8ca8634274f12b6bcee558dbcb1b05612be222e7d40b115c40b4f2?s=96&d=mm&r=g\",\"url\":\"https:\\\/\\\/secure.gravatar.com\\\/avatar\\\/ed0fb6c2dc8ca8634274f12b6bcee558dbcb1b05612be222e7d40b115c40b4f2?s=96&d=mm&r=g\",\"contentUrl\":\"https:\\\/\\\/secure.gravatar.com\\\/avatar\\\/ed0fb6c2dc8ca8634274f12b6bcee558dbcb1b05612be222e7d40b115c40b4f2?s=96&d=mm&r=g\",\"caption\":\"LifesGo\"},\"sameAs\":[\"https:\\\/\\\/lifesgo.com.br\"],\"url\":\"https:\\\/\\\/lifesgo.an9.com.br\\\/index.php\\\/author\\\/lucamor\\\/\"}]}<\/script>\n<!-- \/ Yoast SEO plugin. -->","yoast_head_json":{"title":"Estudo revela baixa transpar\u00eancia no uso do reconhecimento facial em decis\u00f5es da Justi\u00e7a Criminal - LifesGo","robots":{"index":"index","follow":"follow","max-snippet":"max-snippet:-1","max-image-preview":"max-image-preview:large","max-video-preview":"max-video-preview:-1"},"canonical":"https:\/\/lifesgo.an9.com.br\/index.php\/2026\/09\/01\/estudo-revela-baixa-transparencia-no-uso-do-reconhecimento-facial-em-decisoes-da-justica-criminal\/","og_locale":"pt_BR","og_type":"article","og_title":"Estudo revela baixa transpar\u00eancia no uso do reconhecimento facial em decis\u00f5es da Justi\u00e7a Criminal - LifesGo","og_description":"An\u00e1lise de 52 ac\u00f3rd\u00e3os de segunda inst\u00e2ncia dos Tribunais de...","og_url":"https:\/\/lifesgo.an9.com.br\/index.php\/2026\/09\/01\/estudo-revela-baixa-transparencia-no-uso-do-reconhecimento-facial-em-decisoes-da-justica-criminal\/","og_site_name":"LifesGo","article_published_time":"2026-09-01T18:49:30+00:00","og_image":[{"width":800,"height":492,"url":"https:\/\/lifesgo.an9.com.br\/wp-content\/uploads\/2026\/09\/31082026-27.jpg","type":"image\/jpeg"}],"author":"LifesGo","twitter_card":"summary_large_image","twitter_misc":{"Escrito por":"LifesGo","Est. tempo de leitura":"8 minutos"},"schema":{"@context":"https:\/\/schema.org","@graph":[{"@type":"Article","@id":"https:\/\/lifesgo.an9.com.br\/index.php\/2026\/09\/01\/estudo-revela-baixa-transparencia-no-uso-do-reconhecimento-facial-em-decisoes-da-justica-criminal\/#article","isPartOf":{"@id":"https:\/\/lifesgo.an9.com.br\/index.php\/2026\/09\/01\/estudo-revela-baixa-transparencia-no-uso-do-reconhecimento-facial-em-decisoes-da-justica-criminal\/"},"author":{"name":"LifesGo","@id":"https:\/\/lifesgo.an9.com.br\/#\/schema\/person\/b34bfc24fce1f5cb9dc117e2efe61a07"},"headline":"Estudo revela baixa transpar\u00eancia no uso do reconhecimento facial em decis\u00f5es da Justi\u00e7a Criminal","datePublished":"2026-09-01T18:49:30+00:00","mainEntityOfPage":{"@id":"https:\/\/lifesgo.an9.com.br\/index.php\/2026\/09\/01\/estudo-revela-baixa-transparencia-no-uso-do-reconhecimento-facial-em-decisoes-da-justica-criminal\/"},"wordCount":1646,"commentCount":0,"image":{"@id":"https:\/\/lifesgo.an9.com.br\/index.php\/2026\/09\/01\/estudo-revela-baixa-transparencia-no-uso-do-reconhecimento-facial-em-decisoes-da-justica-criminal\/#primaryimage"},"thumbnailUrl":"https:\/\/lifesgo.an9.com.br\/wp-content\/uploads\/2026\/09\/31082026-27.jpg","keywords":["Justi\u00e7a Criminal","reconhecimento facial"],"articleSection":["Tecnologia"],"inLanguage":"pt-BR","potentialAction":[{"@type":"CommentAction","name":"Comment","target":["https:\/\/lifesgo.an9.com.br\/index.php\/2026\/09\/01\/estudo-revela-baixa-transparencia-no-uso-do-reconhecimento-facial-em-decisoes-da-justica-criminal\/#respond"]}]},{"@type":"WebPage","@id":"https:\/\/lifesgo.an9.com.br\/index.php\/2026\/09\/01\/estudo-revela-baixa-transparencia-no-uso-do-reconhecimento-facial-em-decisoes-da-justica-criminal\/","url":"https:\/\/lifesgo.an9.com.br\/index.php\/2026\/09\/01\/estudo-revela-baixa-transparencia-no-uso-do-reconhecimento-facial-em-decisoes-da-justica-criminal\/","name":"Estudo revela baixa transpar\u00eancia no uso do reconhecimento facial em decis\u00f5es da Justi\u00e7a Criminal - LifesGo","isPartOf":{"@id":"https:\/\/lifesgo.an9.com.br\/#website"},"primaryImageOfPage":{"@id":"https:\/\/lifesgo.an9.com.br\/index.php\/2026\/09\/01\/estudo-revela-baixa-transparencia-no-uso-do-reconhecimento-facial-em-decisoes-da-justica-criminal\/#primaryimage"},"image":{"@id":"https:\/\/lifesgo.an9.com.br\/index.php\/2026\/09\/01\/estudo-revela-baixa-transparencia-no-uso-do-reconhecimento-facial-em-decisoes-da-justica-criminal\/#primaryimage"},"thumbnailUrl":"https:\/\/lifesgo.an9.com.br\/wp-content\/uploads\/2026\/09\/31082026-27.jpg","datePublished":"2026-09-01T18:49:30+00:00","author":{"@id":"https:\/\/lifesgo.an9.com.br\/#\/schema\/person\/b34bfc24fce1f5cb9dc117e2efe61a07"},"breadcrumb":{"@id":"https:\/\/lifesgo.an9.com.br\/index.php\/2026\/09\/01\/estudo-revela-baixa-transparencia-no-uso-do-reconhecimento-facial-em-decisoes-da-justica-criminal\/#breadcrumb"},"inLanguage":"pt-BR","potentialAction":[{"@type":"ReadAction","target":["https:\/\/lifesgo.an9.com.br\/index.php\/2026\/09\/01\/estudo-revela-baixa-transparencia-no-uso-do-reconhecimento-facial-em-decisoes-da-justica-criminal\/"]}]},{"@type":"ImageObject","inLanguage":"pt-BR","@id":"https:\/\/lifesgo.an9.com.br\/index.php\/2026\/09\/01\/estudo-revela-baixa-transparencia-no-uso-do-reconhecimento-facial-em-decisoes-da-justica-criminal\/#primaryimage","url":"https:\/\/lifesgo.an9.com.br\/wp-content\/uploads\/2026\/09\/31082026-27.jpg","contentUrl":"https:\/\/lifesgo.an9.com.br\/wp-content\/uploads\/2026\/09\/31082026-27.jpg","width":800,"height":492},{"@type":"BreadcrumbList","@id":"https:\/\/lifesgo.an9.com.br\/index.php\/2026\/09\/01\/estudo-revela-baixa-transparencia-no-uso-do-reconhecimento-facial-em-decisoes-da-justica-criminal\/#breadcrumb","itemListElement":[{"@type":"ListItem","position":1,"name":"In\u00edcio","item":"https:\/\/lifesgo.an9.com.br\/"},{"@type":"ListItem","position":2,"name":"Estudo revela baixa transpar\u00eancia no uso do reconhecimento facial em decis\u00f5es da Justi\u00e7a Criminal"}]},{"@type":"WebSite","@id":"https:\/\/lifesgo.an9.com.br\/#website","url":"https:\/\/lifesgo.an9.com.br\/","name":"LifesGo","description":"","potentialAction":[{"@type":"SearchAction","target":{"@type":"EntryPoint","urlTemplate":"https:\/\/lifesgo.an9.com.br\/?s={search_term_string}"},"query-input":{"@type":"PropertyValueSpecification","valueRequired":true,"valueName":"search_term_string"}}],"inLanguage":"pt-BR"},{"@type":"Person","@id":"https:\/\/lifesgo.an9.com.br\/#\/schema\/person\/b34bfc24fce1f5cb9dc117e2efe61a07","name":"LifesGo","image":{"@type":"ImageObject","inLanguage":"pt-BR","@id":"https:\/\/secure.gravatar.com\/avatar\/ed0fb6c2dc8ca8634274f12b6bcee558dbcb1b05612be222e7d40b115c40b4f2?s=96&d=mm&r=g","url":"https:\/\/secure.gravatar.com\/avatar\/ed0fb6c2dc8ca8634274f12b6bcee558dbcb1b05612be222e7d40b115c40b4f2?s=96&d=mm&r=g","contentUrl":"https:\/\/secure.gravatar.com\/avatar\/ed0fb6c2dc8ca8634274f12b6bcee558dbcb1b05612be222e7d40b115c40b4f2?s=96&d=mm&r=g","caption":"LifesGo"},"sameAs":["https:\/\/lifesgo.com.br"],"url":"https:\/\/lifesgo.an9.com.br\/index.php\/author\/lucamor\/"}]}},"_links":{"self":[{"href":"https:\/\/lifesgo.an9.com.br\/index.php\/wp-json\/wp\/v2\/posts\/82768","targetHints":{"allow":["GET"]}}],"collection":[{"href":"https:\/\/lifesgo.an9.com.br\/index.php\/wp-json\/wp\/v2\/posts"}],"about":[{"href":"https:\/\/lifesgo.an9.com.br\/index.php\/wp-json\/wp\/v2\/types\/post"}],"author":[{"embeddable":true,"href":"https:\/\/lifesgo.an9.com.br\/index.php\/wp-json\/wp\/v2\/users\/1"}],"replies":[{"embeddable":true,"href":"https:\/\/lifesgo.an9.com.br\/index.php\/wp-json\/wp\/v2\/comments?post=82768"}],"version-history":[{"count":1,"href":"https:\/\/lifesgo.an9.com.br\/index.php\/wp-json\/wp\/v2\/posts\/82768\/revisions"}],"predecessor-version":[{"id":82769,"href":"https:\/\/lifesgo.an9.com.br\/index.php\/wp-json\/wp\/v2\/posts\/82768\/revisions\/82769"}],"wp:featuredmedia":[{"embeddable":true,"href":"https:\/\/lifesgo.an9.com.br\/index.php\/wp-json\/wp\/v2\/media\/82765"}],"wp:attachment":[{"href":"https:\/\/lifesgo.an9.com.br\/index.php\/wp-json\/wp\/v2\/media?parent=82768"}],"wp:term":[{"taxonomy":"category","embeddable":true,"href":"https:\/\/lifesgo.an9.com.br\/index.php\/wp-json\/wp\/v2\/categories?post=82768"},{"taxonomy":"post_tag","embeddable":true,"href":"https:\/\/lifesgo.an9.com.br\/index.php\/wp-json\/wp\/v2\/tags?post=82768"}],"curies":[{"name":"wp","href":"https:\/\/api.w.org\/{rel}","templated":true}]}}