{"id":82740,"date":"2026-08-31T22:44:29","date_gmt":"2026-09-01T01:44:29","guid":{"rendered":"https:\/\/lifesgo.an9.com.br\/index.php\/2026\/08\/31\/a-doenca-da-vergonha-do-reconhecimento-ao-tratamento-do-transtorno-obsessivo-compulsivo\/"},"modified":"2026-08-31T22:44:30","modified_gmt":"2026-09-01T01:44:30","slug":"a-doenca-da-vergonha-do-reconhecimento-ao-tratamento-do-transtorno-obsessivo-compulsivo","status":"publish","type":"post","link":"https:\/\/lifesgo.an9.com.br\/index.php\/2026\/08\/31\/a-doenca-da-vergonha-do-reconhecimento-ao-tratamento-do-transtorno-obsessivo-compulsivo\/","title":{"rendered":"A Doen\u00e7a da Vergonha: Do reconhecimento ao tratamento do transtorno obsessivo-compulsivo"},"content":{"rendered":"<p><strong>Psiquiatra Ra\u00edza Alves Pereira explica como a vergonha pode ocultar sintomas e atrasar o diagn\u00f3stico e o tratamento do TOC<\/strong><\/p>\n<p>D\u00favidas incessantes sobre ter deixado a porta destrancada ou a torneira aberta. Medo de contamina\u00e7\u00e3o que leva a higienizar as m\u00e3os at\u00e9 feri-las. Revisar mentalmente conversas ou acontecimentos para ter certeza de que n\u00e3o disse algo inadequado ou n\u00e3o cometeu algum erro. Evitar dirigir por medo de atropelar algu\u00e9m sem perceber. Contar passos ou rezar em uma sequ\u00eancia espec\u00edfica. Tocar repetidas vezes uma ma\u00e7aneta, acender e apagar uma l\u00e2mpada ou repetir uma ora\u00e7\u00e3o at\u00e9 sentir: \u201cUfa! Agora ficou certo\u201d. Evitar pegar um beb\u00ea no colo por medo de machuc\u00e1-lo. Pensamentos sexuais involunt\u00e1rios, profundamente repugnantes e incompat\u00edveis com seus valores. <\/p>\n<p>Segundo a psiquiatra e coordenadora do Programa TOC e Transtornos do Espectro Obsessivo-Compulsivo da Holiste Psiquiatria e Mestre em Medicina e Sa\u00fade, Ra\u00edza Alves Pereira, \u00e0 primeira vista, essas experi\u00eancias parecem n\u00e3o ter rela\u00e7\u00e3o entre si. Podem soar como manias ou idiossincrasias. \u201cNo entanto, todas podem ser manifesta\u00e7\u00f5es do transtorno obsessivo-compulsivo (TOC). Trata-se de uma condi\u00e7\u00e3o marcada pela presen\u00e7a de obsess\u00f5es \u2014 pensamentos, imagens ou impulsos intrusivos, indesejados e recorrentes \u2014 frequentemente acompanhadas de compuls\u00f5es, comportamentos ou atos mentais realizados na tentativa de aliviar o sofrimento que provocam\u201d, explica.<\/p>\n<p>De acordo com a m\u00e9dica, o TOC costuma surgir cedo, muitas vezes em fases decisivas do desenvolvimento, como a inf\u00e2ncia e a adolesc\u00eancia. \u201cApesar disso, seu reconhecimento costuma demorar anos\u201d, enfatiza a especialista da Holiste Psiquiatria. Em um estudo norte-americano com adultos com TOC, o intervalo m\u00e9dio entre o in\u00edcio do transtorno e o diagn\u00f3stico foi de aproximadamente sete anos. Assim, o adoecimento atravessa diferentes etapas da vida, interferindo na trajet\u00f3ria escolar, nos relacionamentos, na inser\u00e7\u00e3o profissional e na autonomia. A psiquiatria ressalta que o impacto sobre a qualidade de vida \u00e9 compar\u00e1vel ao observado em pessoas com esquizofrenia. \u201cAinda assim, a doen\u00e7a continua sendo lembrada, no imagin\u00e1rio popular, quase exclusivamente pela caricatura da \u201cmania de limpeza\u201d. Quando aquilo que uma pessoa vive n\u00e3o se parece com essa imagem, reconhecer-se como algu\u00e9m que pode ter TOC torna-se ainda mais dif\u00edcil\u201d, salienta.<\/p>\n<p>A vergonha \u00e9 um componente central do TOC.  A maioria dos pacientes reconhece que seus pensamentos s\u00e3o excessivos e incongruentes com o que acreditam. Muitos passam a interpret\u00e1-los como evid\u00eancia de um defeito moral, como se um pensamento tivesse o mesmo peso que uma a\u00e7\u00e3o. <\/p>\n<p>\u00c9 frequente que o conte\u00fado das obsess\u00f5es envolva justamente aquilo que a pessoa mais valoriza: seus filhos, sua f\u00e9, sua moralidade, sua responsabilidade ou sua identidade. Por isso, pensamentos intrusivos podem ser interpretados n\u00e3o como sintomas, mas como revela\u00e7\u00f5es sobre quem se \u00e9. O transtorno deixa de produzir d\u00favidas apenas sobre o mundo e passa a produzir d\u00favidas sobre si mesmo: \u201cE se eu for uma pessoa ruim?\u201d, \u201cO que \u00e9 meu e o que \u00e9 do TOC?\u201d. A vergonha alimenta o isolamento, favorece a oculta\u00e7\u00e3o dos sintomas e pode fazer parte do ciclo de manuten\u00e7\u00e3o do transtorno, refor\u00e7ando as compuls\u00f5es. <\/p>\n<p>H\u00e1, de um lado, sintomas dif\u00edceis de revelar e, do outro, manifesta\u00e7\u00f5es cl\u00ednicas que nem sempre s\u00e3o investigadas. Esse desencontro pode adiar por anos o diagn\u00f3stico e o tratamento adequados. A vergonha costuma ser uma das primeiras barreiras ao tratamento do TOC. Entender que pensar em algo n\u00e3o \u00e9 o mesmo que desejar ou agir, e que esses pensamentos s\u00e3o manifesta\u00e7\u00f5es de um transtorno, n\u00e3o reflexos do car\u00e1ter, pode transformar a maneira como os pacientes se relacionam com seus sintomas. Tratar esses sintomas come\u00e7a por torn\u00e1-los reconhec\u00edveis e permitir que aquilo que permaneceu escondido por anos seja finalmente dito.<\/p>\n<p><em>(Cr\u00e9dito: Divulga\u00e7\u00e3o\/Mkt da Holiste Psiquiatria)<\/em><\/p>\n","protected":false},"excerpt":{"rendered":"<p>Psiquiatra Ra\u00edza Alves Pereira explica como a vergonha pode ocultar&#8230;<\/p>\n","protected":false},"author":1,"featured_media":82739,"comment_status":"open","ping_status":"open","sticky":false,"template":"","format":"standard","meta":{"_acf_changed":false,"footnotes":""},"categories":[31],"tags":[1414,1413],"class_list":["post-82740","post","type-post","status-publish","format-standard","has-post-thumbnail","hentry","category-saude","tag-raiza-alves-pereira","tag-vergonha"],"acf":[],"yoast_head":"<!-- This site is optimized with the Yoast SEO plugin v28.4 - https:\/\/yoast.com\/product\/yoast-seo-wordpress\/ -->\n<title>A Doen\u00e7a da Vergonha: Do reconhecimento ao tratamento do transtorno obsessivo-compulsivo - LifesGo<\/title>\n<meta name=\"robots\" content=\"index, follow, max-snippet:-1, max-image-preview:large, max-video-preview:-1\" \/>\n<link rel=\"canonical\" href=\"https:\/\/lifesgo.an9.com.br\/index.php\/2026\/08\/31\/a-doenca-da-vergonha-do-reconhecimento-ao-tratamento-do-transtorno-obsessivo-compulsivo\/\" \/>\n<meta property=\"og:locale\" content=\"pt_BR\" \/>\n<meta property=\"og:type\" content=\"article\" \/>\n<meta property=\"og:title\" content=\"A Doen\u00e7a da Vergonha: Do reconhecimento ao tratamento do transtorno obsessivo-compulsivo - LifesGo\" \/>\n<meta property=\"og:description\" content=\"Psiquiatra Ra\u00edza Alves Pereira explica como a vergonha pode ocultar...\" \/>\n<meta property=\"og:url\" content=\"https:\/\/lifesgo.an9.com.br\/index.php\/2026\/08\/31\/a-doenca-da-vergonha-do-reconhecimento-ao-tratamento-do-transtorno-obsessivo-compulsivo\/\" \/>\n<meta property=\"og:site_name\" content=\"LifesGo\" \/>\n<meta property=\"article:published_time\" content=\"2026-09-01T01:44:29+00:00\" \/>\n<meta property=\"article:modified_time\" content=\"2026-09-01T01:44:30+00:00\" \/>\n<meta property=\"og:image\" content=\"https:\/\/lifesgo.an9.com.br\/wp-content\/uploads\/2026\/08\/31082026.jpg\" \/>\n\t<meta property=\"og:image:width\" content=\"800\" \/>\n\t<meta property=\"og:image:height\" content=\"492\" \/>\n\t<meta property=\"og:image:type\" content=\"image\/jpeg\" \/>\n<meta name=\"author\" content=\"LifesGo\" \/>\n<meta name=\"twitter:card\" content=\"summary_large_image\" \/>\n<meta name=\"twitter:label1\" content=\"Escrito por\" \/>\n\t<meta name=\"twitter:data1\" content=\"LifesGo\" \/>\n\t<meta name=\"twitter:label2\" content=\"Est. tempo de leitura\" \/>\n\t<meta name=\"twitter:data2\" content=\"3 minutos\" \/>\n<script type=\"application\/ld+json\" class=\"yoast-schema-graph\">{\"@context\":\"https:\\\/\\\/schema.org\",\"@graph\":[{\"@type\":\"Article\",\"@id\":\"https:\\\/\\\/lifesgo.an9.com.br\\\/index.php\\\/2026\\\/08\\\/31\\\/a-doenca-da-vergonha-do-reconhecimento-ao-tratamento-do-transtorno-obsessivo-compulsivo\\\/#article\",\"isPartOf\":{\"@id\":\"https:\\\/\\\/lifesgo.an9.com.br\\\/index.php\\\/2026\\\/08\\\/31\\\/a-doenca-da-vergonha-do-reconhecimento-ao-tratamento-do-transtorno-obsessivo-compulsivo\\\/\"},\"author\":{\"name\":\"LifesGo\",\"@id\":\"https:\\\/\\\/lifesgo.an9.com.br\\\/#\\\/schema\\\/person\\\/b34bfc24fce1f5cb9dc117e2efe61a07\"},\"headline\":\"A Doen\u00e7a da Vergonha: Do reconhecimento ao tratamento do transtorno obsessivo-compulsivo\",\"datePublished\":\"2026-09-01T01:44:29+00:00\",\"dateModified\":\"2026-09-01T01:44:30+00:00\",\"mainEntityOfPage\":{\"@id\":\"https:\\\/\\\/lifesgo.an9.com.br\\\/index.php\\\/2026\\\/08\\\/31\\\/a-doenca-da-vergonha-do-reconhecimento-ao-tratamento-do-transtorno-obsessivo-compulsivo\\\/\"},\"wordCount\":671,\"commentCount\":0,\"image\":{\"@id\":\"https:\\\/\\\/lifesgo.an9.com.br\\\/index.php\\\/2026\\\/08\\\/31\\\/a-doenca-da-vergonha-do-reconhecimento-ao-tratamento-do-transtorno-obsessivo-compulsivo\\\/#primaryimage\"},\"thumbnailUrl\":\"https:\\\/\\\/lifesgo.an9.com.br\\\/wp-content\\\/uploads\\\/2026\\\/08\\\/31082026.jpg\",\"keywords\":[\"Ra\u00edza Alves Pereira\",\"vergonha\"],\"articleSection\":[\"Sa\u00fade\"],\"inLanguage\":\"pt-BR\",\"potentialAction\":[{\"@type\":\"CommentAction\",\"name\":\"Comment\",\"target\":[\"https:\\\/\\\/lifesgo.an9.com.br\\\/index.php\\\/2026\\\/08\\\/31\\\/a-doenca-da-vergonha-do-reconhecimento-ao-tratamento-do-transtorno-obsessivo-compulsivo\\\/#respond\"]}]},{\"@type\":\"WebPage\",\"@id\":\"https:\\\/\\\/lifesgo.an9.com.br\\\/index.php\\\/2026\\\/08\\\/31\\\/a-doenca-da-vergonha-do-reconhecimento-ao-tratamento-do-transtorno-obsessivo-compulsivo\\\/\",\"url\":\"https:\\\/\\\/lifesgo.an9.com.br\\\/index.php\\\/2026\\\/08\\\/31\\\/a-doenca-da-vergonha-do-reconhecimento-ao-tratamento-do-transtorno-obsessivo-compulsivo\\\/\",\"name\":\"A Doen\u00e7a da Vergonha: Do reconhecimento ao tratamento do transtorno obsessivo-compulsivo - LifesGo\",\"isPartOf\":{\"@id\":\"https:\\\/\\\/lifesgo.an9.com.br\\\/#website\"},\"primaryImageOfPage\":{\"@id\":\"https:\\\/\\\/lifesgo.an9.com.br\\\/index.php\\\/2026\\\/08\\\/31\\\/a-doenca-da-vergonha-do-reconhecimento-ao-tratamento-do-transtorno-obsessivo-compulsivo\\\/#primaryimage\"},\"image\":{\"@id\":\"https:\\\/\\\/lifesgo.an9.com.br\\\/index.php\\\/2026\\\/08\\\/31\\\/a-doenca-da-vergonha-do-reconhecimento-ao-tratamento-do-transtorno-obsessivo-compulsivo\\\/#primaryimage\"},\"thumbnailUrl\":\"https:\\\/\\\/lifesgo.an9.com.br\\\/wp-content\\\/uploads\\\/2026\\\/08\\\/31082026.jpg\",\"datePublished\":\"2026-09-01T01:44:29+00:00\",\"dateModified\":\"2026-09-01T01:44:30+00:00\",\"author\":{\"@id\":\"https:\\\/\\\/lifesgo.an9.com.br\\\/#\\\/schema\\\/person\\\/b34bfc24fce1f5cb9dc117e2efe61a07\"},\"breadcrumb\":{\"@id\":\"https:\\\/\\\/lifesgo.an9.com.br\\\/index.php\\\/2026\\\/08\\\/31\\\/a-doenca-da-vergonha-do-reconhecimento-ao-tratamento-do-transtorno-obsessivo-compulsivo\\\/#breadcrumb\"},\"inLanguage\":\"pt-BR\",\"potentialAction\":[{\"@type\":\"ReadAction\",\"target\":[\"https:\\\/\\\/lifesgo.an9.com.br\\\/index.php\\\/2026\\\/08\\\/31\\\/a-doenca-da-vergonha-do-reconhecimento-ao-tratamento-do-transtorno-obsessivo-compulsivo\\\/\"]}]},{\"@type\":\"ImageObject\",\"inLanguage\":\"pt-BR\",\"@id\":\"https:\\\/\\\/lifesgo.an9.com.br\\\/index.php\\\/2026\\\/08\\\/31\\\/a-doenca-da-vergonha-do-reconhecimento-ao-tratamento-do-transtorno-obsessivo-compulsivo\\\/#primaryimage\",\"url\":\"https:\\\/\\\/lifesgo.an9.com.br\\\/wp-content\\\/uploads\\\/2026\\\/08\\\/31082026.jpg\",\"contentUrl\":\"https:\\\/\\\/lifesgo.an9.com.br\\\/wp-content\\\/uploads\\\/2026\\\/08\\\/31082026.jpg\",\"width\":800,\"height\":492},{\"@type\":\"BreadcrumbList\",\"@id\":\"https:\\\/\\\/lifesgo.an9.com.br\\\/index.php\\\/2026\\\/08\\\/31\\\/a-doenca-da-vergonha-do-reconhecimento-ao-tratamento-do-transtorno-obsessivo-compulsivo\\\/#breadcrumb\",\"itemListElement\":[{\"@type\":\"ListItem\",\"position\":1,\"name\":\"In\u00edcio\",\"item\":\"https:\\\/\\\/lifesgo.an9.com.br\\\/\"},{\"@type\":\"ListItem\",\"position\":2,\"name\":\"A Doen\u00e7a da Vergonha: Do reconhecimento ao tratamento do transtorno obsessivo-compulsivo\"}]},{\"@type\":\"WebSite\",\"@id\":\"https:\\\/\\\/lifesgo.an9.com.br\\\/#website\",\"url\":\"https:\\\/\\\/lifesgo.an9.com.br\\\/\",\"name\":\"LifesGo\",\"description\":\"\",\"potentialAction\":[{\"@type\":\"SearchAction\",\"target\":{\"@type\":\"EntryPoint\",\"urlTemplate\":\"https:\\\/\\\/lifesgo.an9.com.br\\\/?s={search_term_string}\"},\"query-input\":{\"@type\":\"PropertyValueSpecification\",\"valueRequired\":true,\"valueName\":\"search_term_string\"}}],\"inLanguage\":\"pt-BR\"},{\"@type\":\"Person\",\"@id\":\"https:\\\/\\\/lifesgo.an9.com.br\\\/#\\\/schema\\\/person\\\/b34bfc24fce1f5cb9dc117e2efe61a07\",\"name\":\"LifesGo\",\"image\":{\"@type\":\"ImageObject\",\"inLanguage\":\"pt-BR\",\"@id\":\"https:\\\/\\\/secure.gravatar.com\\\/avatar\\\/ed0fb6c2dc8ca8634274f12b6bcee558dbcb1b05612be222e7d40b115c40b4f2?s=96&d=mm&r=g\",\"url\":\"https:\\\/\\\/secure.gravatar.com\\\/avatar\\\/ed0fb6c2dc8ca8634274f12b6bcee558dbcb1b05612be222e7d40b115c40b4f2?s=96&d=mm&r=g\",\"contentUrl\":\"https:\\\/\\\/secure.gravatar.com\\\/avatar\\\/ed0fb6c2dc8ca8634274f12b6bcee558dbcb1b05612be222e7d40b115c40b4f2?s=96&d=mm&r=g\",\"caption\":\"LifesGo\"},\"sameAs\":[\"https:\\\/\\\/lifesgo.com.br\"],\"url\":\"https:\\\/\\\/lifesgo.an9.com.br\\\/index.php\\\/author\\\/lucamor\\\/\"}]}<\/script>\n<!-- \/ Yoast SEO plugin. -->","yoast_head_json":{"title":"A Doen\u00e7a da Vergonha: Do reconhecimento ao tratamento do transtorno obsessivo-compulsivo - LifesGo","robots":{"index":"index","follow":"follow","max-snippet":"max-snippet:-1","max-image-preview":"max-image-preview:large","max-video-preview":"max-video-preview:-1"},"canonical":"https:\/\/lifesgo.an9.com.br\/index.php\/2026\/08\/31\/a-doenca-da-vergonha-do-reconhecimento-ao-tratamento-do-transtorno-obsessivo-compulsivo\/","og_locale":"pt_BR","og_type":"article","og_title":"A Doen\u00e7a da Vergonha: Do reconhecimento ao tratamento do transtorno obsessivo-compulsivo - LifesGo","og_description":"Psiquiatra Ra\u00edza Alves Pereira explica como a vergonha pode ocultar...","og_url":"https:\/\/lifesgo.an9.com.br\/index.php\/2026\/08\/31\/a-doenca-da-vergonha-do-reconhecimento-ao-tratamento-do-transtorno-obsessivo-compulsivo\/","og_site_name":"LifesGo","article_published_time":"2026-09-01T01:44:29+00:00","article_modified_time":"2026-09-01T01:44:30+00:00","og_image":[{"width":800,"height":492,"url":"https:\/\/lifesgo.an9.com.br\/wp-content\/uploads\/2026\/08\/31082026.jpg","type":"image\/jpeg"}],"author":"LifesGo","twitter_card":"summary_large_image","twitter_misc":{"Escrito por":"LifesGo","Est. tempo de leitura":"3 minutos"},"schema":{"@context":"https:\/\/schema.org","@graph":[{"@type":"Article","@id":"https:\/\/lifesgo.an9.com.br\/index.php\/2026\/08\/31\/a-doenca-da-vergonha-do-reconhecimento-ao-tratamento-do-transtorno-obsessivo-compulsivo\/#article","isPartOf":{"@id":"https:\/\/lifesgo.an9.com.br\/index.php\/2026\/08\/31\/a-doenca-da-vergonha-do-reconhecimento-ao-tratamento-do-transtorno-obsessivo-compulsivo\/"},"author":{"name":"LifesGo","@id":"https:\/\/lifesgo.an9.com.br\/#\/schema\/person\/b34bfc24fce1f5cb9dc117e2efe61a07"},"headline":"A Doen\u00e7a da Vergonha: Do reconhecimento ao tratamento do transtorno obsessivo-compulsivo","datePublished":"2026-09-01T01:44:29+00:00","dateModified":"2026-09-01T01:44:30+00:00","mainEntityOfPage":{"@id":"https:\/\/lifesgo.an9.com.br\/index.php\/2026\/08\/31\/a-doenca-da-vergonha-do-reconhecimento-ao-tratamento-do-transtorno-obsessivo-compulsivo\/"},"wordCount":671,"commentCount":0,"image":{"@id":"https:\/\/lifesgo.an9.com.br\/index.php\/2026\/08\/31\/a-doenca-da-vergonha-do-reconhecimento-ao-tratamento-do-transtorno-obsessivo-compulsivo\/#primaryimage"},"thumbnailUrl":"https:\/\/lifesgo.an9.com.br\/wp-content\/uploads\/2026\/08\/31082026.jpg","keywords":["Ra\u00edza Alves Pereira","vergonha"],"articleSection":["Sa\u00fade"],"inLanguage":"pt-BR","potentialAction":[{"@type":"CommentAction","name":"Comment","target":["https:\/\/lifesgo.an9.com.br\/index.php\/2026\/08\/31\/a-doenca-da-vergonha-do-reconhecimento-ao-tratamento-do-transtorno-obsessivo-compulsivo\/#respond"]}]},{"@type":"WebPage","@id":"https:\/\/lifesgo.an9.com.br\/index.php\/2026\/08\/31\/a-doenca-da-vergonha-do-reconhecimento-ao-tratamento-do-transtorno-obsessivo-compulsivo\/","url":"https:\/\/lifesgo.an9.com.br\/index.php\/2026\/08\/31\/a-doenca-da-vergonha-do-reconhecimento-ao-tratamento-do-transtorno-obsessivo-compulsivo\/","name":"A Doen\u00e7a da Vergonha: Do reconhecimento ao tratamento do transtorno obsessivo-compulsivo - LifesGo","isPartOf":{"@id":"https:\/\/lifesgo.an9.com.br\/#website"},"primaryImageOfPage":{"@id":"https:\/\/lifesgo.an9.com.br\/index.php\/2026\/08\/31\/a-doenca-da-vergonha-do-reconhecimento-ao-tratamento-do-transtorno-obsessivo-compulsivo\/#primaryimage"},"image":{"@id":"https:\/\/lifesgo.an9.com.br\/index.php\/2026\/08\/31\/a-doenca-da-vergonha-do-reconhecimento-ao-tratamento-do-transtorno-obsessivo-compulsivo\/#primaryimage"},"thumbnailUrl":"https:\/\/lifesgo.an9.com.br\/wp-content\/uploads\/2026\/08\/31082026.jpg","datePublished":"2026-09-01T01:44:29+00:00","dateModified":"2026-09-01T01:44:30+00:00","author":{"@id":"https:\/\/lifesgo.an9.com.br\/#\/schema\/person\/b34bfc24fce1f5cb9dc117e2efe61a07"},"breadcrumb":{"@id":"https:\/\/lifesgo.an9.com.br\/index.php\/2026\/08\/31\/a-doenca-da-vergonha-do-reconhecimento-ao-tratamento-do-transtorno-obsessivo-compulsivo\/#breadcrumb"},"inLanguage":"pt-BR","potentialAction":[{"@type":"ReadAction","target":["https:\/\/lifesgo.an9.com.br\/index.php\/2026\/08\/31\/a-doenca-da-vergonha-do-reconhecimento-ao-tratamento-do-transtorno-obsessivo-compulsivo\/"]}]},{"@type":"ImageObject","inLanguage":"pt-BR","@id":"https:\/\/lifesgo.an9.com.br\/index.php\/2026\/08\/31\/a-doenca-da-vergonha-do-reconhecimento-ao-tratamento-do-transtorno-obsessivo-compulsivo\/#primaryimage","url":"https:\/\/lifesgo.an9.com.br\/wp-content\/uploads\/2026\/08\/31082026.jpg","contentUrl":"https:\/\/lifesgo.an9.com.br\/wp-content\/uploads\/2026\/08\/31082026.jpg","width":800,"height":492},{"@type":"BreadcrumbList","@id":"https:\/\/lifesgo.an9.com.br\/index.php\/2026\/08\/31\/a-doenca-da-vergonha-do-reconhecimento-ao-tratamento-do-transtorno-obsessivo-compulsivo\/#breadcrumb","itemListElement":[{"@type":"ListItem","position":1,"name":"In\u00edcio","item":"https:\/\/lifesgo.an9.com.br\/"},{"@type":"ListItem","position":2,"name":"A Doen\u00e7a da Vergonha: Do reconhecimento ao tratamento do transtorno obsessivo-compulsivo"}]},{"@type":"WebSite","@id":"https:\/\/lifesgo.an9.com.br\/#website","url":"https:\/\/lifesgo.an9.com.br\/","name":"LifesGo","description":"","potentialAction":[{"@type":"SearchAction","target":{"@type":"EntryPoint","urlTemplate":"https:\/\/lifesgo.an9.com.br\/?s={search_term_string}"},"query-input":{"@type":"PropertyValueSpecification","valueRequired":true,"valueName":"search_term_string"}}],"inLanguage":"pt-BR"},{"@type":"Person","@id":"https:\/\/lifesgo.an9.com.br\/#\/schema\/person\/b34bfc24fce1f5cb9dc117e2efe61a07","name":"LifesGo","image":{"@type":"ImageObject","inLanguage":"pt-BR","@id":"https:\/\/secure.gravatar.com\/avatar\/ed0fb6c2dc8ca8634274f12b6bcee558dbcb1b05612be222e7d40b115c40b4f2?s=96&d=mm&r=g","url":"https:\/\/secure.gravatar.com\/avatar\/ed0fb6c2dc8ca8634274f12b6bcee558dbcb1b05612be222e7d40b115c40b4f2?s=96&d=mm&r=g","contentUrl":"https:\/\/secure.gravatar.com\/avatar\/ed0fb6c2dc8ca8634274f12b6bcee558dbcb1b05612be222e7d40b115c40b4f2?s=96&d=mm&r=g","caption":"LifesGo"},"sameAs":["https:\/\/lifesgo.com.br"],"url":"https:\/\/lifesgo.an9.com.br\/index.php\/author\/lucamor\/"}]}},"_links":{"self":[{"href":"https:\/\/lifesgo.an9.com.br\/index.php\/wp-json\/wp\/v2\/posts\/82740","targetHints":{"allow":["GET"]}}],"collection":[{"href":"https:\/\/lifesgo.an9.com.br\/index.php\/wp-json\/wp\/v2\/posts"}],"about":[{"href":"https:\/\/lifesgo.an9.com.br\/index.php\/wp-json\/wp\/v2\/types\/post"}],"author":[{"embeddable":true,"href":"https:\/\/lifesgo.an9.com.br\/index.php\/wp-json\/wp\/v2\/users\/1"}],"replies":[{"embeddable":true,"href":"https:\/\/lifesgo.an9.com.br\/index.php\/wp-json\/wp\/v2\/comments?post=82740"}],"version-history":[{"count":1,"href":"https:\/\/lifesgo.an9.com.br\/index.php\/wp-json\/wp\/v2\/posts\/82740\/revisions"}],"predecessor-version":[{"id":82741,"href":"https:\/\/lifesgo.an9.com.br\/index.php\/wp-json\/wp\/v2\/posts\/82740\/revisions\/82741"}],"wp:featuredmedia":[{"embeddable":true,"href":"https:\/\/lifesgo.an9.com.br\/index.php\/wp-json\/wp\/v2\/media\/82739"}],"wp:attachment":[{"href":"https:\/\/lifesgo.an9.com.br\/index.php\/wp-json\/wp\/v2\/media?parent=82740"}],"wp:term":[{"taxonomy":"category","embeddable":true,"href":"https:\/\/lifesgo.an9.com.br\/index.php\/wp-json\/wp\/v2\/categories?post=82740"},{"taxonomy":"post_tag","embeddable":true,"href":"https:\/\/lifesgo.an9.com.br\/index.php\/wp-json\/wp\/v2\/tags?post=82740"}],"curies":[{"name":"wp","href":"https:\/\/api.w.org\/{rel}","templated":true}]}}