{"id":82470,"date":"2026-08-19T13:32:41","date_gmt":"2026-08-19T16:32:41","guid":{"rendered":"https:\/\/lifesgo.an9.com.br\/index.php\/2026\/08\/19\/ix-seminario-nacional-do-mati-reune-especialistas-em-belo-horizonte-para-debater-precarizacao-direitos-sociais-e-ataques-ao-acesso-a-justica\/"},"modified":"2026-08-19T13:32:42","modified_gmt":"2026-08-19T16:32:42","slug":"ix-seminario-nacional-do-mati-reune-especialistas-em-belo-horizonte-para-debater-precarizacao-direitos-sociais-e-ataques-ao-acesso-a-justica","status":"publish","type":"post","link":"https:\/\/lifesgo.an9.com.br\/index.php\/2026\/08\/19\/ix-seminario-nacional-do-mati-reune-especialistas-em-belo-horizonte-para-debater-precarizacao-direitos-sociais-e-ataques-ao-acesso-a-justica\/","title":{"rendered":"IX Semin\u00e1rio Nacional do MATI re\u00fane especialistas em Belo Horizonte para debater precariza\u00e7\u00e3o, direitos sociais e ataques ao acesso \u00e0 Justi\u00e7a"},"content":{"rendered":"<p><strong>Com o tema \u201cO presente \u00e9 nosso: rea\u00e7\u00f5es aos projetos do fim do mundo do trabalho\u201d, evento promovido pelo Movimento da Advocacia Trabalhista Independente ocorre no dia 21 de agosto, na OAB Barro Preto<\/strong><\/p>\n<p>BELO HORIZONTE \u2013 Diante de transforma\u00e7\u00f5es profundas nas rela\u00e7\u00f5es de trabalho, do avan\u00e7o de novas formas de contrata\u00e7\u00e3o e do debate em torno da limita\u00e7\u00e3o do acesso de trabalhadores aos tribunais, Belo Horizonte sedia, no dia 21 de agosto, o IX Semin\u00e1rio Nacional do MATI (Movimento da Advocacia Trabalhista Independente).<\/p>\n<p>O encontro ser\u00e1 realizado das 8h \u00e0s 18h, no audit\u00f3rio da Subse\u00e7\u00e3o de Barro Preto da OAB\/MG (Rua dos Guajajaras, 1757), e reunir\u00e1 expressivos nomes do Direito do Trabalho, juristas e docentes do meio acad\u00eamico nacional. Com o tema central \u201cO presente \u00e9 nosso: rea\u00e7\u00f5es aos projetos do fim do mundo do trabalho\u201d, o semin\u00e1rio prop\u00f5e uma reflex\u00e3o cr\u00edtica e propositiva sobre a preserva\u00e7\u00e3o das garantias trabalhistas e o fortalecimento de uma advocacia aut\u00f4noma e engajada.<\/p>\n<figure style=\"text-align:center; margin:18px auto;\"><img decoding=\"async\" src=\"https:\/\/lifesgo.an9.com.br\/wp-content\/uploads\/2026\/08\/chatgpt-image-19-de-ago-de-2026-12-44-44.jpg\" alt=\"Rodolfo Gomes Amadeo, Diretor Executivo do MATI\" style=\"max-width:100%; height:auto; display:block; margin-left:auto; margin-right:auto;\"><figcaption style=\"text-align:center; font-size:14px; color:#666; margin-top:6px;\">(Rodolfo Gomes Amadeo, Diretor Executivo do MATI)<\/figcaption><\/figure>\n<p>A programa\u00e7\u00e3o aborda eixos centrais e urgentes do debate jur\u00eddico e social contempor\u00e2neo:<br \/>\nDemocracia e movimento sindical: Discuss\u00e3o sobre o papel dos sindicatos na reconstru\u00e7\u00e3o dos direitos sociais, com participa\u00e7\u00e3o da Dra. Daniela Muradas e do Dr. Cezar Britto.<\/p>\n<p>G\u00eanero e viol\u00eancia no ambiente de trabalho: An\u00e1lise interseccional sobre a misoginia e as viol\u00eancias de g\u00eanero no trabalho, com a Dra. Isadora Brand\u00e3o e a Dra. Maria Cecilia Maximo Teodoro.<br \/>\nNovas formas de contrata\u00e7\u00e3o: Debates sobre os impactos da precariza\u00e7\u00e3o e os limites das novas modalidades contratuais, com a Dra. Valdete Souto Severo e a Dra. Guadalupe Louro Turos Couto.<br \/>\nAcesso \u00e0 Justi\u00e7a: Painel dedicado a desmistificar a tese da &#8220;litig\u00e2ncia predat\u00f3ria&#8221; como barreira aos direitos trabalhistas, com a Dra. Ellen Mara Ferraz Hazan, a Dra. Giovana Labigalini Martins e o Dr. Luis Carlos Moro.<\/p>\n<figure style=\"text-align:center; margin:18px auto;\"><img decoding=\"async\" src=\"https:\/\/lifesgo.an9.com.br\/wp-content\/uploads\/2026\/08\/whatsapp-image-2026-08-19-at-123519.jpg\" alt=\"Advogados: Vin\u00edcius Nonato, Rodolfo Gomes, C\u00e2ndido Ant\u00f4nio e Samuel Moura (na OAB Barro Preto)\" style=\"max-width:100%; height:auto; display:block; margin-left:auto; margin-right:auto;\"><figcaption style=\"text-align:center; font-size:14px; color:#666; margin-top:6px;\">(Advogados: Vin\u00edcius Nonato, Rodolfo Gomes, C\u00e2ndido Ant\u00f4nio e Samuel Moura (na OAB Barro Preto))<\/figcaption><\/figure>\n<p>A palestra de encerramento ser\u00e1 proferida pelo professor e jurista Dr. Jorge Luiz Souto Maior. Durante o evento, haver\u00e1 ainda o lan\u00e7amento dos livros da Dra. Luciane Toss, da Dra. Valdete Severo e da obra coletiva do MATI.<\/p>\n<p>As inscri\u00e7\u00f5es j\u00e1 est\u00e3o abertas ao p\u00fablico geral, advogados e estudantes de Direito pelo site do evento, com emiss\u00e3o de certificado de horas de est\u00e1gio.<\/p>\n<p><strong>Servi\u00e7o<\/strong><br \/>\nEvento: IX Semin\u00e1rio Nacional do MATI \u2013 O presente \u00e9 nosso: rea\u00e7\u00f5es aos projetos do fim do mundo do trabalho<br \/>\nData: 21 de agosto de 2026 (sexta-feira)<br \/>\nHor\u00e1rio: Das 8h \u00e0s 18h<br \/>\nLocal: OAB Subse\u00e7\u00e3o Barro Preto \u2013 Rua dos Guajajaras, 1757, Barro Preto \u2013 Belo Horizonte\/MG<br \/>\nInvestimento:<br \/>\nP\u00fablico geral (n\u00e3o associado): R$ 150,00<br \/>\nAssociados MATI: R$ 90,00 (cupom: SEMINARIO40)<br \/>\nEstudantes: Gratuito (com emiss\u00e3o de certificado)<\/p>\n<p><em>(Cr\u00e9dito: Divulga\u00e7\u00e3o\/MATI)<\/em><\/p>\n","protected":false},"excerpt":{"rendered":"<p>Com o tema \u201cO presente \u00e9 nosso: rea\u00e7\u00f5es aos projetos&#8230;<\/p>\n","protected":false},"author":1,"featured_media":82467,"comment_status":"open","ping_status":"open","sticky":false,"template":"","format":"standard","meta":{"_acf_changed":false,"footnotes":""},"categories":[29],"tags":[1350,1349],"class_list":["post-82470","post","type-post","status-publish","format-standard","has-post-thumbnail","hentry","category-cultura","tag-belo-horizonte","tag-ix-seminario-nacional-do-mati"],"acf":[],"yoast_head":"<!-- This site is optimized with the Yoast SEO plugin v28.3 - https:\/\/yoast.com\/product\/yoast-seo-wordpress\/ -->\n<title>IX Semin\u00e1rio Nacional do MATI re\u00fane especialistas em Belo Horizonte para debater precariza\u00e7\u00e3o, direitos sociais e ataques ao acesso \u00e0 Justi\u00e7a - LifesGo<\/title>\n<meta name=\"robots\" content=\"index, follow, max-snippet:-1, max-image-preview:large, max-video-preview:-1\" \/>\n<link rel=\"canonical\" href=\"https:\/\/lifesgo.an9.com.br\/index.php\/2026\/08\/19\/ix-seminario-nacional-do-mati-reune-especialistas-em-belo-horizonte-para-debater-precarizacao-direitos-sociais-e-ataques-ao-acesso-a-justica\/\" \/>\n<meta property=\"og:locale\" content=\"pt_BR\" \/>\n<meta property=\"og:type\" content=\"article\" \/>\n<meta property=\"og:title\" content=\"IX Semin\u00e1rio Nacional do MATI re\u00fane especialistas em Belo Horizonte para debater precariza\u00e7\u00e3o, direitos sociais e ataques ao acesso \u00e0 Justi\u00e7a - LifesGo\" \/>\n<meta property=\"og:description\" content=\"Com o tema \u201cO presente \u00e9 nosso: rea\u00e7\u00f5es aos projetos...\" \/>\n<meta property=\"og:url\" content=\"https:\/\/lifesgo.an9.com.br\/index.php\/2026\/08\/19\/ix-seminario-nacional-do-mati-reune-especialistas-em-belo-horizonte-para-debater-precarizacao-direitos-sociais-e-ataques-ao-acesso-a-justica\/\" \/>\n<meta property=\"og:site_name\" content=\"LifesGo\" \/>\n<meta property=\"article:published_time\" content=\"2026-08-19T16:32:41+00:00\" \/>\n<meta property=\"article:modified_time\" content=\"2026-08-19T16:32:42+00:00\" \/>\n<meta property=\"og:image\" content=\"https:\/\/lifesgo.an9.com.br\/wp-content\/uploads\/2026\/08\/19082026-17.jpg\" \/>\n\t<meta property=\"og:image:width\" content=\"800\" \/>\n\t<meta property=\"og:image:height\" content=\"492\" \/>\n\t<meta property=\"og:image:type\" content=\"image\/jpeg\" \/>\n<meta name=\"author\" content=\"LifesGo\" \/>\n<meta name=\"twitter:card\" content=\"summary_large_image\" \/>\n<meta name=\"twitter:label1\" content=\"Escrito por\" \/>\n\t<meta name=\"twitter:data1\" content=\"LifesGo\" \/>\n\t<meta name=\"twitter:label2\" content=\"Est. tempo de leitura\" \/>\n\t<meta name=\"twitter:data2\" content=\"2 minutos\" \/>\n<script type=\"application\/ld+json\" class=\"yoast-schema-graph\">{\"@context\":\"https:\\\/\\\/schema.org\",\"@graph\":[{\"@type\":\"Article\",\"@id\":\"https:\\\/\\\/lifesgo.an9.com.br\\\/index.php\\\/2026\\\/08\\\/19\\\/ix-seminario-nacional-do-mati-reune-especialistas-em-belo-horizonte-para-debater-precarizacao-direitos-sociais-e-ataques-ao-acesso-a-justica\\\/#article\",\"isPartOf\":{\"@id\":\"https:\\\/\\\/lifesgo.an9.com.br\\\/index.php\\\/2026\\\/08\\\/19\\\/ix-seminario-nacional-do-mati-reune-especialistas-em-belo-horizonte-para-debater-precarizacao-direitos-sociais-e-ataques-ao-acesso-a-justica\\\/\"},\"author\":{\"name\":\"LifesGo\",\"@id\":\"https:\\\/\\\/lifesgo.an9.com.br\\\/#\\\/schema\\\/person\\\/b34bfc24fce1f5cb9dc117e2efe61a07\"},\"headline\":\"IX Semin\u00e1rio Nacional do MATI re\u00fane especialistas em Belo Horizonte para debater precariza\u00e7\u00e3o, direitos sociais e ataques ao acesso \u00e0 Justi\u00e7a\",\"datePublished\":\"2026-08-19T16:32:41+00:00\",\"dateModified\":\"2026-08-19T16:32:42+00:00\",\"mainEntityOfPage\":{\"@id\":\"https:\\\/\\\/lifesgo.an9.com.br\\\/index.php\\\/2026\\\/08\\\/19\\\/ix-seminario-nacional-do-mati-reune-especialistas-em-belo-horizonte-para-debater-precarizacao-direitos-sociais-e-ataques-ao-acesso-a-justica\\\/\"},\"wordCount\":512,\"commentCount\":0,\"image\":{\"@id\":\"https:\\\/\\\/lifesgo.an9.com.br\\\/index.php\\\/2026\\\/08\\\/19\\\/ix-seminario-nacional-do-mati-reune-especialistas-em-belo-horizonte-para-debater-precarizacao-direitos-sociais-e-ataques-ao-acesso-a-justica\\\/#primaryimage\"},\"thumbnailUrl\":\"https:\\\/\\\/lifesgo.an9.com.br\\\/wp-content\\\/uploads\\\/2026\\\/08\\\/19082026-17.jpg\",\"keywords\":[\"Belo Horizonte\",\"IX Semin\u00e1rio Nacional do MATI\"],\"articleSection\":[\"Cultura\"],\"inLanguage\":\"pt-BR\",\"potentialAction\":[{\"@type\":\"CommentAction\",\"name\":\"Comment\",\"target\":[\"https:\\\/\\\/lifesgo.an9.com.br\\\/index.php\\\/2026\\\/08\\\/19\\\/ix-seminario-nacional-do-mati-reune-especialistas-em-belo-horizonte-para-debater-precarizacao-direitos-sociais-e-ataques-ao-acesso-a-justica\\\/#respond\"]}]},{\"@type\":\"WebPage\",\"@id\":\"https:\\\/\\\/lifesgo.an9.com.br\\\/index.php\\\/2026\\\/08\\\/19\\\/ix-seminario-nacional-do-mati-reune-especialistas-em-belo-horizonte-para-debater-precarizacao-direitos-sociais-e-ataques-ao-acesso-a-justica\\\/\",\"url\":\"https:\\\/\\\/lifesgo.an9.com.br\\\/index.php\\\/2026\\\/08\\\/19\\\/ix-seminario-nacional-do-mati-reune-especialistas-em-belo-horizonte-para-debater-precarizacao-direitos-sociais-e-ataques-ao-acesso-a-justica\\\/\",\"name\":\"IX Semin\u00e1rio Nacional do MATI re\u00fane especialistas em Belo Horizonte para debater precariza\u00e7\u00e3o, direitos sociais e ataques ao acesso \u00e0 Justi\u00e7a - LifesGo\",\"isPartOf\":{\"@id\":\"https:\\\/\\\/lifesgo.an9.com.br\\\/#website\"},\"primaryImageOfPage\":{\"@id\":\"https:\\\/\\\/lifesgo.an9.com.br\\\/index.php\\\/2026\\\/08\\\/19\\\/ix-seminario-nacional-do-mati-reune-especialistas-em-belo-horizonte-para-debater-precarizacao-direitos-sociais-e-ataques-ao-acesso-a-justica\\\/#primaryimage\"},\"image\":{\"@id\":\"https:\\\/\\\/lifesgo.an9.com.br\\\/index.php\\\/2026\\\/08\\\/19\\\/ix-seminario-nacional-do-mati-reune-especialistas-em-belo-horizonte-para-debater-precarizacao-direitos-sociais-e-ataques-ao-acesso-a-justica\\\/#primaryimage\"},\"thumbnailUrl\":\"https:\\\/\\\/lifesgo.an9.com.br\\\/wp-content\\\/uploads\\\/2026\\\/08\\\/19082026-17.jpg\",\"datePublished\":\"2026-08-19T16:32:41+00:00\",\"dateModified\":\"2026-08-19T16:32:42+00:00\",\"author\":{\"@id\":\"https:\\\/\\\/lifesgo.an9.com.br\\\/#\\\/schema\\\/person\\\/b34bfc24fce1f5cb9dc117e2efe61a07\"},\"breadcrumb\":{\"@id\":\"https:\\\/\\\/lifesgo.an9.com.br\\\/index.php\\\/2026\\\/08\\\/19\\\/ix-seminario-nacional-do-mati-reune-especialistas-em-belo-horizonte-para-debater-precarizacao-direitos-sociais-e-ataques-ao-acesso-a-justica\\\/#breadcrumb\"},\"inLanguage\":\"pt-BR\",\"potentialAction\":[{\"@type\":\"ReadAction\",\"target\":[\"https:\\\/\\\/lifesgo.an9.com.br\\\/index.php\\\/2026\\\/08\\\/19\\\/ix-seminario-nacional-do-mati-reune-especialistas-em-belo-horizonte-para-debater-precarizacao-direitos-sociais-e-ataques-ao-acesso-a-justica\\\/\"]}]},{\"@type\":\"ImageObject\",\"inLanguage\":\"pt-BR\",\"@id\":\"https:\\\/\\\/lifesgo.an9.com.br\\\/index.php\\\/2026\\\/08\\\/19\\\/ix-seminario-nacional-do-mati-reune-especialistas-em-belo-horizonte-para-debater-precarizacao-direitos-sociais-e-ataques-ao-acesso-a-justica\\\/#primaryimage\",\"url\":\"https:\\\/\\\/lifesgo.an9.com.br\\\/wp-content\\\/uploads\\\/2026\\\/08\\\/19082026-17.jpg\",\"contentUrl\":\"https:\\\/\\\/lifesgo.an9.com.br\\\/wp-content\\\/uploads\\\/2026\\\/08\\\/19082026-17.jpg\",\"width\":800,\"height\":492,\"caption\":\"Advogados: Vin\u00edcius Nonato, Rodolfo Gomes, C\u00e2ndido Ant\u00f4nio e Samuel Moura (na OAB Barro Preto)\"},{\"@type\":\"BreadcrumbList\",\"@id\":\"https:\\\/\\\/lifesgo.an9.com.br\\\/index.php\\\/2026\\\/08\\\/19\\\/ix-seminario-nacional-do-mati-reune-especialistas-em-belo-horizonte-para-debater-precarizacao-direitos-sociais-e-ataques-ao-acesso-a-justica\\\/#breadcrumb\",\"itemListElement\":[{\"@type\":\"ListItem\",\"position\":1,\"name\":\"In\u00edcio\",\"item\":\"https:\\\/\\\/lifesgo.an9.com.br\\\/\"},{\"@type\":\"ListItem\",\"position\":2,\"name\":\"IX Semin\u00e1rio Nacional do MATI re\u00fane especialistas em Belo Horizonte para debater precariza\u00e7\u00e3o, direitos sociais e ataques ao acesso \u00e0 Justi\u00e7a\"}]},{\"@type\":\"WebSite\",\"@id\":\"https:\\\/\\\/lifesgo.an9.com.br\\\/#website\",\"url\":\"https:\\\/\\\/lifesgo.an9.com.br\\\/\",\"name\":\"LifesGo\",\"description\":\"\",\"potentialAction\":[{\"@type\":\"SearchAction\",\"target\":{\"@type\":\"EntryPoint\",\"urlTemplate\":\"https:\\\/\\\/lifesgo.an9.com.br\\\/?s={search_term_string}\"},\"query-input\":{\"@type\":\"PropertyValueSpecification\",\"valueRequired\":true,\"valueName\":\"search_term_string\"}}],\"inLanguage\":\"pt-BR\"},{\"@type\":\"Person\",\"@id\":\"https:\\\/\\\/lifesgo.an9.com.br\\\/#\\\/schema\\\/person\\\/b34bfc24fce1f5cb9dc117e2efe61a07\",\"name\":\"LifesGo\",\"image\":{\"@type\":\"ImageObject\",\"inLanguage\":\"pt-BR\",\"@id\":\"https:\\\/\\\/secure.gravatar.com\\\/avatar\\\/ed0fb6c2dc8ca8634274f12b6bcee558dbcb1b05612be222e7d40b115c40b4f2?s=96&d=mm&r=g\",\"url\":\"https:\\\/\\\/secure.gravatar.com\\\/avatar\\\/ed0fb6c2dc8ca8634274f12b6bcee558dbcb1b05612be222e7d40b115c40b4f2?s=96&d=mm&r=g\",\"contentUrl\":\"https:\\\/\\\/secure.gravatar.com\\\/avatar\\\/ed0fb6c2dc8ca8634274f12b6bcee558dbcb1b05612be222e7d40b115c40b4f2?s=96&d=mm&r=g\",\"caption\":\"LifesGo\"},\"sameAs\":[\"https:\\\/\\\/lifesgo.com.br\"],\"url\":\"https:\\\/\\\/lifesgo.an9.com.br\\\/index.php\\\/author\\\/lucamor\\\/\"}]}<\/script>\n<!-- \/ Yoast SEO plugin. -->","yoast_head_json":{"title":"IX Semin\u00e1rio Nacional do MATI re\u00fane especialistas em Belo Horizonte para debater precariza\u00e7\u00e3o, direitos sociais e ataques ao acesso \u00e0 Justi\u00e7a - LifesGo","robots":{"index":"index","follow":"follow","max-snippet":"max-snippet:-1","max-image-preview":"max-image-preview:large","max-video-preview":"max-video-preview:-1"},"canonical":"https:\/\/lifesgo.an9.com.br\/index.php\/2026\/08\/19\/ix-seminario-nacional-do-mati-reune-especialistas-em-belo-horizonte-para-debater-precarizacao-direitos-sociais-e-ataques-ao-acesso-a-justica\/","og_locale":"pt_BR","og_type":"article","og_title":"IX Semin\u00e1rio Nacional do MATI re\u00fane especialistas em Belo Horizonte para debater precariza\u00e7\u00e3o, direitos sociais e ataques ao acesso \u00e0 Justi\u00e7a - LifesGo","og_description":"Com o tema \u201cO presente \u00e9 nosso: rea\u00e7\u00f5es aos projetos...","og_url":"https:\/\/lifesgo.an9.com.br\/index.php\/2026\/08\/19\/ix-seminario-nacional-do-mati-reune-especialistas-em-belo-horizonte-para-debater-precarizacao-direitos-sociais-e-ataques-ao-acesso-a-justica\/","og_site_name":"LifesGo","article_published_time":"2026-08-19T16:32:41+00:00","article_modified_time":"2026-08-19T16:32:42+00:00","og_image":[{"width":800,"height":492,"url":"https:\/\/lifesgo.an9.com.br\/wp-content\/uploads\/2026\/08\/19082026-17.jpg","type":"image\/jpeg"}],"author":"LifesGo","twitter_card":"summary_large_image","twitter_misc":{"Escrito por":"LifesGo","Est. tempo de leitura":"2 minutos"},"schema":{"@context":"https:\/\/schema.org","@graph":[{"@type":"Article","@id":"https:\/\/lifesgo.an9.com.br\/index.php\/2026\/08\/19\/ix-seminario-nacional-do-mati-reune-especialistas-em-belo-horizonte-para-debater-precarizacao-direitos-sociais-e-ataques-ao-acesso-a-justica\/#article","isPartOf":{"@id":"https:\/\/lifesgo.an9.com.br\/index.php\/2026\/08\/19\/ix-seminario-nacional-do-mati-reune-especialistas-em-belo-horizonte-para-debater-precarizacao-direitos-sociais-e-ataques-ao-acesso-a-justica\/"},"author":{"name":"LifesGo","@id":"https:\/\/lifesgo.an9.com.br\/#\/schema\/person\/b34bfc24fce1f5cb9dc117e2efe61a07"},"headline":"IX Semin\u00e1rio Nacional do MATI re\u00fane especialistas em Belo Horizonte para debater precariza\u00e7\u00e3o, direitos sociais e ataques ao acesso \u00e0 Justi\u00e7a","datePublished":"2026-08-19T16:32:41+00:00","dateModified":"2026-08-19T16:32:42+00:00","mainEntityOfPage":{"@id":"https:\/\/lifesgo.an9.com.br\/index.php\/2026\/08\/19\/ix-seminario-nacional-do-mati-reune-especialistas-em-belo-horizonte-para-debater-precarizacao-direitos-sociais-e-ataques-ao-acesso-a-justica\/"},"wordCount":512,"commentCount":0,"image":{"@id":"https:\/\/lifesgo.an9.com.br\/index.php\/2026\/08\/19\/ix-seminario-nacional-do-mati-reune-especialistas-em-belo-horizonte-para-debater-precarizacao-direitos-sociais-e-ataques-ao-acesso-a-justica\/#primaryimage"},"thumbnailUrl":"https:\/\/lifesgo.an9.com.br\/wp-content\/uploads\/2026\/08\/19082026-17.jpg","keywords":["Belo Horizonte","IX Semin\u00e1rio Nacional do MATI"],"articleSection":["Cultura"],"inLanguage":"pt-BR","potentialAction":[{"@type":"CommentAction","name":"Comment","target":["https:\/\/lifesgo.an9.com.br\/index.php\/2026\/08\/19\/ix-seminario-nacional-do-mati-reune-especialistas-em-belo-horizonte-para-debater-precarizacao-direitos-sociais-e-ataques-ao-acesso-a-justica\/#respond"]}]},{"@type":"WebPage","@id":"https:\/\/lifesgo.an9.com.br\/index.php\/2026\/08\/19\/ix-seminario-nacional-do-mati-reune-especialistas-em-belo-horizonte-para-debater-precarizacao-direitos-sociais-e-ataques-ao-acesso-a-justica\/","url":"https:\/\/lifesgo.an9.com.br\/index.php\/2026\/08\/19\/ix-seminario-nacional-do-mati-reune-especialistas-em-belo-horizonte-para-debater-precarizacao-direitos-sociais-e-ataques-ao-acesso-a-justica\/","name":"IX Semin\u00e1rio Nacional do MATI re\u00fane especialistas em Belo Horizonte para debater precariza\u00e7\u00e3o, direitos sociais e ataques ao acesso \u00e0 Justi\u00e7a - LifesGo","isPartOf":{"@id":"https:\/\/lifesgo.an9.com.br\/#website"},"primaryImageOfPage":{"@id":"https:\/\/lifesgo.an9.com.br\/index.php\/2026\/08\/19\/ix-seminario-nacional-do-mati-reune-especialistas-em-belo-horizonte-para-debater-precarizacao-direitos-sociais-e-ataques-ao-acesso-a-justica\/#primaryimage"},"image":{"@id":"https:\/\/lifesgo.an9.com.br\/index.php\/2026\/08\/19\/ix-seminario-nacional-do-mati-reune-especialistas-em-belo-horizonte-para-debater-precarizacao-direitos-sociais-e-ataques-ao-acesso-a-justica\/#primaryimage"},"thumbnailUrl":"https:\/\/lifesgo.an9.com.br\/wp-content\/uploads\/2026\/08\/19082026-17.jpg","datePublished":"2026-08-19T16:32:41+00:00","dateModified":"2026-08-19T16:32:42+00:00","author":{"@id":"https:\/\/lifesgo.an9.com.br\/#\/schema\/person\/b34bfc24fce1f5cb9dc117e2efe61a07"},"breadcrumb":{"@id":"https:\/\/lifesgo.an9.com.br\/index.php\/2026\/08\/19\/ix-seminario-nacional-do-mati-reune-especialistas-em-belo-horizonte-para-debater-precarizacao-direitos-sociais-e-ataques-ao-acesso-a-justica\/#breadcrumb"},"inLanguage":"pt-BR","potentialAction":[{"@type":"ReadAction","target":["https:\/\/lifesgo.an9.com.br\/index.php\/2026\/08\/19\/ix-seminario-nacional-do-mati-reune-especialistas-em-belo-horizonte-para-debater-precarizacao-direitos-sociais-e-ataques-ao-acesso-a-justica\/"]}]},{"@type":"ImageObject","inLanguage":"pt-BR","@id":"https:\/\/lifesgo.an9.com.br\/index.php\/2026\/08\/19\/ix-seminario-nacional-do-mati-reune-especialistas-em-belo-horizonte-para-debater-precarizacao-direitos-sociais-e-ataques-ao-acesso-a-justica\/#primaryimage","url":"https:\/\/lifesgo.an9.com.br\/wp-content\/uploads\/2026\/08\/19082026-17.jpg","contentUrl":"https:\/\/lifesgo.an9.com.br\/wp-content\/uploads\/2026\/08\/19082026-17.jpg","width":800,"height":492,"caption":"Advogados: Vin\u00edcius Nonato, Rodolfo Gomes, C\u00e2ndido Ant\u00f4nio e Samuel Moura (na OAB Barro Preto)"},{"@type":"BreadcrumbList","@id":"https:\/\/lifesgo.an9.com.br\/index.php\/2026\/08\/19\/ix-seminario-nacional-do-mati-reune-especialistas-em-belo-horizonte-para-debater-precarizacao-direitos-sociais-e-ataques-ao-acesso-a-justica\/#breadcrumb","itemListElement":[{"@type":"ListItem","position":1,"name":"In\u00edcio","item":"https:\/\/lifesgo.an9.com.br\/"},{"@type":"ListItem","position":2,"name":"IX Semin\u00e1rio Nacional do MATI re\u00fane especialistas em Belo Horizonte para debater precariza\u00e7\u00e3o, direitos sociais e ataques ao acesso \u00e0 Justi\u00e7a"}]},{"@type":"WebSite","@id":"https:\/\/lifesgo.an9.com.br\/#website","url":"https:\/\/lifesgo.an9.com.br\/","name":"LifesGo","description":"","potentialAction":[{"@type":"SearchAction","target":{"@type":"EntryPoint","urlTemplate":"https:\/\/lifesgo.an9.com.br\/?s={search_term_string}"},"query-input":{"@type":"PropertyValueSpecification","valueRequired":true,"valueName":"search_term_string"}}],"inLanguage":"pt-BR"},{"@type":"Person","@id":"https:\/\/lifesgo.an9.com.br\/#\/schema\/person\/b34bfc24fce1f5cb9dc117e2efe61a07","name":"LifesGo","image":{"@type":"ImageObject","inLanguage":"pt-BR","@id":"https:\/\/secure.gravatar.com\/avatar\/ed0fb6c2dc8ca8634274f12b6bcee558dbcb1b05612be222e7d40b115c40b4f2?s=96&d=mm&r=g","url":"https:\/\/secure.gravatar.com\/avatar\/ed0fb6c2dc8ca8634274f12b6bcee558dbcb1b05612be222e7d40b115c40b4f2?s=96&d=mm&r=g","contentUrl":"https:\/\/secure.gravatar.com\/avatar\/ed0fb6c2dc8ca8634274f12b6bcee558dbcb1b05612be222e7d40b115c40b4f2?s=96&d=mm&r=g","caption":"LifesGo"},"sameAs":["https:\/\/lifesgo.com.br"],"url":"https:\/\/lifesgo.an9.com.br\/index.php\/author\/lucamor\/"}]}},"_links":{"self":[{"href":"https:\/\/lifesgo.an9.com.br\/index.php\/wp-json\/wp\/v2\/posts\/82470","targetHints":{"allow":["GET"]}}],"collection":[{"href":"https:\/\/lifesgo.an9.com.br\/index.php\/wp-json\/wp\/v2\/posts"}],"about":[{"href":"https:\/\/lifesgo.an9.com.br\/index.php\/wp-json\/wp\/v2\/types\/post"}],"author":[{"embeddable":true,"href":"https:\/\/lifesgo.an9.com.br\/index.php\/wp-json\/wp\/v2\/users\/1"}],"replies":[{"embeddable":true,"href":"https:\/\/lifesgo.an9.com.br\/index.php\/wp-json\/wp\/v2\/comments?post=82470"}],"version-history":[{"count":1,"href":"https:\/\/lifesgo.an9.com.br\/index.php\/wp-json\/wp\/v2\/posts\/82470\/revisions"}],"predecessor-version":[{"id":82471,"href":"https:\/\/lifesgo.an9.com.br\/index.php\/wp-json\/wp\/v2\/posts\/82470\/revisions\/82471"}],"wp:featuredmedia":[{"embeddable":true,"href":"https:\/\/lifesgo.an9.com.br\/index.php\/wp-json\/wp\/v2\/media\/82467"}],"wp:attachment":[{"href":"https:\/\/lifesgo.an9.com.br\/index.php\/wp-json\/wp\/v2\/media?parent=82470"}],"wp:term":[{"taxonomy":"category","embeddable":true,"href":"https:\/\/lifesgo.an9.com.br\/index.php\/wp-json\/wp\/v2\/categories?post=82470"},{"taxonomy":"post_tag","embeddable":true,"href":"https:\/\/lifesgo.an9.com.br\/index.php\/wp-json\/wp\/v2\/tags?post=82470"}],"curies":[{"name":"wp","href":"https:\/\/api.w.org\/{rel}","templated":true}]}}