{"id":81794,"date":"2026-07-28T11:25:17","date_gmt":"2026-07-28T14:25:17","guid":{"rendered":"https:\/\/lifesgo.an9.com.br\/index.php\/2026\/07\/28\/kiko-continentino-faz-concerto-de-aniversario-com-nomes-de-peso-da-mpb\/"},"modified":"2026-07-28T11:25:18","modified_gmt":"2026-07-28T14:25:18","slug":"kiko-continentino-faz-concerto-de-aniversario-com-nomes-de-peso-da-mpb","status":"publish","type":"post","link":"https:\/\/lifesgo.an9.com.br\/index.php\/2026\/07\/28\/kiko-continentino-faz-concerto-de-aniversario-com-nomes-de-peso-da-mpb\/","title":{"rendered":"Kiko Continentino faz concerto de anivers\u00e1rio com nomes de peso da MPB"},"content":{"rendered":"<p><strong>Aclamado pianista e compositor mineiro coleciona parcerias com nomes de peso como Milton Nascimento, Azymuth, Djavan, Gilberto Gil, Jane Duboc, Elza Soares, Marcos Valle e Em\u00edlio Santiago<\/strong><\/p>\n<p>O pianista e compositor mineiro Kiko Continentino celebra seus 57 anos no dia 31 de julho, sexta-feira, \u00e0s 20h, em show autoral no Vinicius Show Bar, em Ipanema, com as participa\u00e7\u00f5es especial\u00edssimas de Maur\u00edcio Einhorn, Jane Duboc, Mauro Senise, Leo Amuedo, Lucynha Lima, ContinenTrio, Dave Zinno, Xande Figueiredo, entre outras surpresas. Com mais de 40 anos de carreira, dez \u00e1lbuns com farta produ\u00e7\u00e3o autoral, milhares de fonogramas lan\u00e7ados, o m\u00fasico possui uma obra de mais de 600 composi\u00e7\u00f5es e algumas delas ser\u00e3o apresentadas com os convidados com quem desenvolveu forte afinidade musical e profissional nos \u00faltimos anos. <\/p>\n<p>Maur\u00edcio Einhorn \u00e9 um g\u00eanio dos tempos pr\u00e9-Bossa Nova, veterano que segue encantando o p\u00fablico com sua gaita ao longo dos seus prof\u00edcuos 94 anos. Vai apresentar duas composi\u00e7\u00f5es em parceria com Kiko Continentino, uma delas, &#8220;Hedna&#8221;, em primeira m\u00e3o. O brilhante saxofonista Mauro Senise convidou Kiko Continentino e o virtuoso guitarrista uruguaio Leo Amuedo para juntos gravarem o \u00e1lbum &#8220;Caixa de M\u00fasica&#8221;, lan\u00e7ado pelo selo Delira, em 2008. Tr\u00eas temas deste projeto est\u00e3o no programa: &#8220;Faz tanto tempo&#8221;, &#8220;Depois do amor&#8221; e &#8220;Samba pro Wayne&#8221;, dedicada ao genial saxofonista norte-americano, com quem Continentino tamb\u00e9m j\u00e1 tocou.<\/p>\n<p>&#8211; Jane Duboc interpretar\u00e1 a can\u00e7\u00e3o &#8220;Morro de Minas&#8221; (parceria com Simone Guimar\u00e3es), que d\u00e1 t\u00edtulo ao nosso novo projeto de Duo, que tamb\u00e9m contempla duas parcerias minhas com Milton Nascimento: &#8220;Vozes do Vento&#8221; e &#8220;Imagem e Semelhan\u00e7a&#8221; (parceria tamb\u00e9m com Bena Lobo) \u2013 revela Continentino.<\/p>\n<p>Entre centenas de colabora\u00e7\u00f5es com uma legi\u00e3o de astros da MPB, do jazz internacional e da pop music, Kiko Continentino trabalhou por quase 25 anos com Milton Nascimento, de quem \u00e9 parceiro em tr\u00eas composi\u00e7\u00f5es. Tamb\u00e9m atuou por quase 11 anos no legend\u00e1rio Trio Azymuth, percorrendo meio mundo com esses artistas, al\u00e9m de Djavan, Gilberto Gil, Elza Soares, Sambajazz Trio, Marcos Valle, Em\u00edlio Santiago, entre tantas legendas. A cantora Lucynha Lima que teve seu \u00e1lbum produzido por Kiko Continentino vai cantar algumas p\u00e9rolas como &#8220;Sambar \u00e9 bom&#8221;, parceria do pianista com Murilo Antunes e &#8220;Rota de Colis\u00e3o&#8221;, parceria com Altay Veloso. Seus irm\u00e3os Jorge e Alberto Continentino tamb\u00e9m estar\u00e3o presentes na festa, relembrando faixas do \u00e1lbum &#8220;O pulo do gato&#8221;, entre tantos trabalhos que o Trio desenvolveu junto, ao longo de uma vida musical familiar.<\/p>\n<p><strong>Servi\u00e7o:<\/strong><br \/>\nDia e hor\u00e1rio: 31 de julho, sexta-feira, \u00e0s 20h<br \/>\nLocal: Vin\u00edcius Show Bar &#8211; Rua Vin\u00edcius de Moraes, 35, Ipanema, Rio de Janeiro \u2013 RJ<br \/>\nIngressos: R$ 60 (meia-entrada) e R$ 120 (inteira), vendas pelo site <a href=\"https:\/\/www.sympla.com.br\/evento\/kiko-continentino-convidados-concerto-de-aniversario-e-multiplas-parcerias\/3496406\" target=\"_blank\" rel=\"noopener\">https:\/\/www.sympla.com.br\/evento\/kiko-continentino-convidados-concerto-de-aniversario-e-multiplas-parcerias\/3496406<\/a><br \/>\n<strong>Assessoria de imprensa:<\/strong> Carlos Pinho<br \/>\n<strong>Rede social:<\/strong> <a href=\"https:\/\/www.instagram.com\/kikocontinentino\/\" target=\"_blank\" rel=\"noopener\">https:\/\/www.instagram.com\/kikocontinentino\/<\/a><\/p>\n<p><em>(Fotos: Claudio Reis)<\/em><\/p>\n","protected":false},"excerpt":{"rendered":"<p>Aclamado pianista e compositor mineiro coleciona parcerias com nomes de&#8230;<\/p>\n","protected":false},"author":1,"featured_media":81793,"comment_status":"open","ping_status":"open","sticky":false,"template":"","format":"standard","meta":{"_acf_changed":false,"footnotes":""},"categories":[29],"tags":[1032],"class_list":["post-81794","post","type-post","status-publish","format-standard","has-post-thumbnail","hentry","category-cultura","tag-kiko-continentino"],"acf":[],"yoast_head":"<!-- This site is optimized with the Yoast SEO plugin v28.3 - https:\/\/yoast.com\/product\/yoast-seo-wordpress\/ -->\n<title>Kiko Continentino faz concerto de anivers\u00e1rio com nomes de peso da MPB - LifesGo<\/title>\n<meta name=\"robots\" content=\"index, follow, max-snippet:-1, max-image-preview:large, max-video-preview:-1\" \/>\n<link rel=\"canonical\" href=\"https:\/\/lifesgo.an9.com.br\/index.php\/2026\/07\/28\/kiko-continentino-faz-concerto-de-aniversario-com-nomes-de-peso-da-mpb\/\" \/>\n<meta property=\"og:locale\" content=\"pt_BR\" \/>\n<meta property=\"og:type\" content=\"article\" \/>\n<meta property=\"og:title\" content=\"Kiko Continentino faz concerto de anivers\u00e1rio com nomes de peso da MPB - LifesGo\" \/>\n<meta property=\"og:description\" content=\"Aclamado pianista e compositor mineiro coleciona parcerias com nomes de...\" \/>\n<meta property=\"og:url\" content=\"https:\/\/lifesgo.an9.com.br\/index.php\/2026\/07\/28\/kiko-continentino-faz-concerto-de-aniversario-com-nomes-de-peso-da-mpb\/\" \/>\n<meta property=\"og:site_name\" content=\"LifesGo\" \/>\n<meta property=\"article:published_time\" content=\"2026-07-28T14:25:17+00:00\" \/>\n<meta property=\"article:modified_time\" content=\"2026-07-28T14:25:18+00:00\" \/>\n<meta property=\"og:image\" content=\"https:\/\/lifesgo.an9.com.br\/wp-content\/uploads\/2026\/07\/28072026-13.jpg\" \/>\n\t<meta property=\"og:image:width\" content=\"800\" \/>\n\t<meta property=\"og:image:height\" content=\"492\" \/>\n\t<meta property=\"og:image:type\" content=\"image\/jpeg\" \/>\n<meta name=\"author\" content=\"LifesGo\" \/>\n<meta name=\"twitter:card\" content=\"summary_large_image\" \/>\n<meta name=\"twitter:label1\" content=\"Escrito por\" \/>\n\t<meta name=\"twitter:data1\" content=\"LifesGo\" \/>\n\t<meta name=\"twitter:label2\" content=\"Est. tempo de leitura\" \/>\n\t<meta name=\"twitter:data2\" content=\"2 minutos\" \/>\n<script type=\"application\/ld+json\" class=\"yoast-schema-graph\">{\"@context\":\"https:\\\/\\\/schema.org\",\"@graph\":[{\"@type\":\"Article\",\"@id\":\"https:\\\/\\\/lifesgo.an9.com.br\\\/index.php\\\/2026\\\/07\\\/28\\\/kiko-continentino-faz-concerto-de-aniversario-com-nomes-de-peso-da-mpb\\\/#article\",\"isPartOf\":{\"@id\":\"https:\\\/\\\/lifesgo.an9.com.br\\\/index.php\\\/2026\\\/07\\\/28\\\/kiko-continentino-faz-concerto-de-aniversario-com-nomes-de-peso-da-mpb\\\/\"},\"author\":{\"name\":\"LifesGo\",\"@id\":\"https:\\\/\\\/lifesgo.an9.com.br\\\/#\\\/schema\\\/person\\\/b34bfc24fce1f5cb9dc117e2efe61a07\"},\"headline\":\"Kiko Continentino faz concerto de anivers\u00e1rio com nomes de peso da MPB\",\"datePublished\":\"2026-07-28T14:25:17+00:00\",\"dateModified\":\"2026-07-28T14:25:18+00:00\",\"mainEntityOfPage\":{\"@id\":\"https:\\\/\\\/lifesgo.an9.com.br\\\/index.php\\\/2026\\\/07\\\/28\\\/kiko-continentino-faz-concerto-de-aniversario-com-nomes-de-peso-da-mpb\\\/\"},\"wordCount\":501,\"commentCount\":0,\"image\":{\"@id\":\"https:\\\/\\\/lifesgo.an9.com.br\\\/index.php\\\/2026\\\/07\\\/28\\\/kiko-continentino-faz-concerto-de-aniversario-com-nomes-de-peso-da-mpb\\\/#primaryimage\"},\"thumbnailUrl\":\"https:\\\/\\\/lifesgo.an9.com.br\\\/wp-content\\\/uploads\\\/2026\\\/07\\\/28072026-13.jpg\",\"keywords\":[\"Kiko Continentino\"],\"articleSection\":[\"Cultura\"],\"inLanguage\":\"pt-BR\",\"potentialAction\":[{\"@type\":\"CommentAction\",\"name\":\"Comment\",\"target\":[\"https:\\\/\\\/lifesgo.an9.com.br\\\/index.php\\\/2026\\\/07\\\/28\\\/kiko-continentino-faz-concerto-de-aniversario-com-nomes-de-peso-da-mpb\\\/#respond\"]}]},{\"@type\":\"WebPage\",\"@id\":\"https:\\\/\\\/lifesgo.an9.com.br\\\/index.php\\\/2026\\\/07\\\/28\\\/kiko-continentino-faz-concerto-de-aniversario-com-nomes-de-peso-da-mpb\\\/\",\"url\":\"https:\\\/\\\/lifesgo.an9.com.br\\\/index.php\\\/2026\\\/07\\\/28\\\/kiko-continentino-faz-concerto-de-aniversario-com-nomes-de-peso-da-mpb\\\/\",\"name\":\"Kiko Continentino faz concerto de anivers\u00e1rio com nomes de peso da MPB - LifesGo\",\"isPartOf\":{\"@id\":\"https:\\\/\\\/lifesgo.an9.com.br\\\/#website\"},\"primaryImageOfPage\":{\"@id\":\"https:\\\/\\\/lifesgo.an9.com.br\\\/index.php\\\/2026\\\/07\\\/28\\\/kiko-continentino-faz-concerto-de-aniversario-com-nomes-de-peso-da-mpb\\\/#primaryimage\"},\"image\":{\"@id\":\"https:\\\/\\\/lifesgo.an9.com.br\\\/index.php\\\/2026\\\/07\\\/28\\\/kiko-continentino-faz-concerto-de-aniversario-com-nomes-de-peso-da-mpb\\\/#primaryimage\"},\"thumbnailUrl\":\"https:\\\/\\\/lifesgo.an9.com.br\\\/wp-content\\\/uploads\\\/2026\\\/07\\\/28072026-13.jpg\",\"datePublished\":\"2026-07-28T14:25:17+00:00\",\"dateModified\":\"2026-07-28T14:25:18+00:00\",\"author\":{\"@id\":\"https:\\\/\\\/lifesgo.an9.com.br\\\/#\\\/schema\\\/person\\\/b34bfc24fce1f5cb9dc117e2efe61a07\"},\"breadcrumb\":{\"@id\":\"https:\\\/\\\/lifesgo.an9.com.br\\\/index.php\\\/2026\\\/07\\\/28\\\/kiko-continentino-faz-concerto-de-aniversario-com-nomes-de-peso-da-mpb\\\/#breadcrumb\"},\"inLanguage\":\"pt-BR\",\"potentialAction\":[{\"@type\":\"ReadAction\",\"target\":[\"https:\\\/\\\/lifesgo.an9.com.br\\\/index.php\\\/2026\\\/07\\\/28\\\/kiko-continentino-faz-concerto-de-aniversario-com-nomes-de-peso-da-mpb\\\/\"]}]},{\"@type\":\"ImageObject\",\"inLanguage\":\"pt-BR\",\"@id\":\"https:\\\/\\\/lifesgo.an9.com.br\\\/index.php\\\/2026\\\/07\\\/28\\\/kiko-continentino-faz-concerto-de-aniversario-com-nomes-de-peso-da-mpb\\\/#primaryimage\",\"url\":\"https:\\\/\\\/lifesgo.an9.com.br\\\/wp-content\\\/uploads\\\/2026\\\/07\\\/28072026-13.jpg\",\"contentUrl\":\"https:\\\/\\\/lifesgo.an9.com.br\\\/wp-content\\\/uploads\\\/2026\\\/07\\\/28072026-13.jpg\",\"width\":800,\"height\":492},{\"@type\":\"BreadcrumbList\",\"@id\":\"https:\\\/\\\/lifesgo.an9.com.br\\\/index.php\\\/2026\\\/07\\\/28\\\/kiko-continentino-faz-concerto-de-aniversario-com-nomes-de-peso-da-mpb\\\/#breadcrumb\",\"itemListElement\":[{\"@type\":\"ListItem\",\"position\":1,\"name\":\"In\u00edcio\",\"item\":\"https:\\\/\\\/lifesgo.an9.com.br\\\/\"},{\"@type\":\"ListItem\",\"position\":2,\"name\":\"Kiko Continentino faz concerto de anivers\u00e1rio com nomes de peso da MPB\"}]},{\"@type\":\"WebSite\",\"@id\":\"https:\\\/\\\/lifesgo.an9.com.br\\\/#website\",\"url\":\"https:\\\/\\\/lifesgo.an9.com.br\\\/\",\"name\":\"LifesGo\",\"description\":\"\",\"potentialAction\":[{\"@type\":\"SearchAction\",\"target\":{\"@type\":\"EntryPoint\",\"urlTemplate\":\"https:\\\/\\\/lifesgo.an9.com.br\\\/?s={search_term_string}\"},\"query-input\":{\"@type\":\"PropertyValueSpecification\",\"valueRequired\":true,\"valueName\":\"search_term_string\"}}],\"inLanguage\":\"pt-BR\"},{\"@type\":\"Person\",\"@id\":\"https:\\\/\\\/lifesgo.an9.com.br\\\/#\\\/schema\\\/person\\\/b34bfc24fce1f5cb9dc117e2efe61a07\",\"name\":\"LifesGo\",\"image\":{\"@type\":\"ImageObject\",\"inLanguage\":\"pt-BR\",\"@id\":\"https:\\\/\\\/secure.gravatar.com\\\/avatar\\\/ed0fb6c2dc8ca8634274f12b6bcee558dbcb1b05612be222e7d40b115c40b4f2?s=96&d=mm&r=g\",\"url\":\"https:\\\/\\\/secure.gravatar.com\\\/avatar\\\/ed0fb6c2dc8ca8634274f12b6bcee558dbcb1b05612be222e7d40b115c40b4f2?s=96&d=mm&r=g\",\"contentUrl\":\"https:\\\/\\\/secure.gravatar.com\\\/avatar\\\/ed0fb6c2dc8ca8634274f12b6bcee558dbcb1b05612be222e7d40b115c40b4f2?s=96&d=mm&r=g\",\"caption\":\"LifesGo\"},\"sameAs\":[\"https:\\\/\\\/lifesgo.com.br\"],\"url\":\"https:\\\/\\\/lifesgo.an9.com.br\\\/index.php\\\/author\\\/lucamor\\\/\"}]}<\/script>\n<!-- \/ Yoast SEO plugin. -->","yoast_head_json":{"title":"Kiko Continentino faz concerto de anivers\u00e1rio com nomes de peso da MPB - LifesGo","robots":{"index":"index","follow":"follow","max-snippet":"max-snippet:-1","max-image-preview":"max-image-preview:large","max-video-preview":"max-video-preview:-1"},"canonical":"https:\/\/lifesgo.an9.com.br\/index.php\/2026\/07\/28\/kiko-continentino-faz-concerto-de-aniversario-com-nomes-de-peso-da-mpb\/","og_locale":"pt_BR","og_type":"article","og_title":"Kiko Continentino faz concerto de anivers\u00e1rio com nomes de peso da MPB - LifesGo","og_description":"Aclamado pianista e compositor mineiro coleciona parcerias com nomes de...","og_url":"https:\/\/lifesgo.an9.com.br\/index.php\/2026\/07\/28\/kiko-continentino-faz-concerto-de-aniversario-com-nomes-de-peso-da-mpb\/","og_site_name":"LifesGo","article_published_time":"2026-07-28T14:25:17+00:00","article_modified_time":"2026-07-28T14:25:18+00:00","og_image":[{"width":800,"height":492,"url":"https:\/\/lifesgo.an9.com.br\/wp-content\/uploads\/2026\/07\/28072026-13.jpg","type":"image\/jpeg"}],"author":"LifesGo","twitter_card":"summary_large_image","twitter_misc":{"Escrito por":"LifesGo","Est. tempo de leitura":"2 minutos"},"schema":{"@context":"https:\/\/schema.org","@graph":[{"@type":"Article","@id":"https:\/\/lifesgo.an9.com.br\/index.php\/2026\/07\/28\/kiko-continentino-faz-concerto-de-aniversario-com-nomes-de-peso-da-mpb\/#article","isPartOf":{"@id":"https:\/\/lifesgo.an9.com.br\/index.php\/2026\/07\/28\/kiko-continentino-faz-concerto-de-aniversario-com-nomes-de-peso-da-mpb\/"},"author":{"name":"LifesGo","@id":"https:\/\/lifesgo.an9.com.br\/#\/schema\/person\/b34bfc24fce1f5cb9dc117e2efe61a07"},"headline":"Kiko Continentino faz concerto de anivers\u00e1rio com nomes de peso da MPB","datePublished":"2026-07-28T14:25:17+00:00","dateModified":"2026-07-28T14:25:18+00:00","mainEntityOfPage":{"@id":"https:\/\/lifesgo.an9.com.br\/index.php\/2026\/07\/28\/kiko-continentino-faz-concerto-de-aniversario-com-nomes-de-peso-da-mpb\/"},"wordCount":501,"commentCount":0,"image":{"@id":"https:\/\/lifesgo.an9.com.br\/index.php\/2026\/07\/28\/kiko-continentino-faz-concerto-de-aniversario-com-nomes-de-peso-da-mpb\/#primaryimage"},"thumbnailUrl":"https:\/\/lifesgo.an9.com.br\/wp-content\/uploads\/2026\/07\/28072026-13.jpg","keywords":["Kiko Continentino"],"articleSection":["Cultura"],"inLanguage":"pt-BR","potentialAction":[{"@type":"CommentAction","name":"Comment","target":["https:\/\/lifesgo.an9.com.br\/index.php\/2026\/07\/28\/kiko-continentino-faz-concerto-de-aniversario-com-nomes-de-peso-da-mpb\/#respond"]}]},{"@type":"WebPage","@id":"https:\/\/lifesgo.an9.com.br\/index.php\/2026\/07\/28\/kiko-continentino-faz-concerto-de-aniversario-com-nomes-de-peso-da-mpb\/","url":"https:\/\/lifesgo.an9.com.br\/index.php\/2026\/07\/28\/kiko-continentino-faz-concerto-de-aniversario-com-nomes-de-peso-da-mpb\/","name":"Kiko Continentino faz concerto de anivers\u00e1rio com nomes de peso da MPB - LifesGo","isPartOf":{"@id":"https:\/\/lifesgo.an9.com.br\/#website"},"primaryImageOfPage":{"@id":"https:\/\/lifesgo.an9.com.br\/index.php\/2026\/07\/28\/kiko-continentino-faz-concerto-de-aniversario-com-nomes-de-peso-da-mpb\/#primaryimage"},"image":{"@id":"https:\/\/lifesgo.an9.com.br\/index.php\/2026\/07\/28\/kiko-continentino-faz-concerto-de-aniversario-com-nomes-de-peso-da-mpb\/#primaryimage"},"thumbnailUrl":"https:\/\/lifesgo.an9.com.br\/wp-content\/uploads\/2026\/07\/28072026-13.jpg","datePublished":"2026-07-28T14:25:17+00:00","dateModified":"2026-07-28T14:25:18+00:00","author":{"@id":"https:\/\/lifesgo.an9.com.br\/#\/schema\/person\/b34bfc24fce1f5cb9dc117e2efe61a07"},"breadcrumb":{"@id":"https:\/\/lifesgo.an9.com.br\/index.php\/2026\/07\/28\/kiko-continentino-faz-concerto-de-aniversario-com-nomes-de-peso-da-mpb\/#breadcrumb"},"inLanguage":"pt-BR","potentialAction":[{"@type":"ReadAction","target":["https:\/\/lifesgo.an9.com.br\/index.php\/2026\/07\/28\/kiko-continentino-faz-concerto-de-aniversario-com-nomes-de-peso-da-mpb\/"]}]},{"@type":"ImageObject","inLanguage":"pt-BR","@id":"https:\/\/lifesgo.an9.com.br\/index.php\/2026\/07\/28\/kiko-continentino-faz-concerto-de-aniversario-com-nomes-de-peso-da-mpb\/#primaryimage","url":"https:\/\/lifesgo.an9.com.br\/wp-content\/uploads\/2026\/07\/28072026-13.jpg","contentUrl":"https:\/\/lifesgo.an9.com.br\/wp-content\/uploads\/2026\/07\/28072026-13.jpg","width":800,"height":492},{"@type":"BreadcrumbList","@id":"https:\/\/lifesgo.an9.com.br\/index.php\/2026\/07\/28\/kiko-continentino-faz-concerto-de-aniversario-com-nomes-de-peso-da-mpb\/#breadcrumb","itemListElement":[{"@type":"ListItem","position":1,"name":"In\u00edcio","item":"https:\/\/lifesgo.an9.com.br\/"},{"@type":"ListItem","position":2,"name":"Kiko Continentino faz concerto de anivers\u00e1rio com nomes de peso da MPB"}]},{"@type":"WebSite","@id":"https:\/\/lifesgo.an9.com.br\/#website","url":"https:\/\/lifesgo.an9.com.br\/","name":"LifesGo","description":"","potentialAction":[{"@type":"SearchAction","target":{"@type":"EntryPoint","urlTemplate":"https:\/\/lifesgo.an9.com.br\/?s={search_term_string}"},"query-input":{"@type":"PropertyValueSpecification","valueRequired":true,"valueName":"search_term_string"}}],"inLanguage":"pt-BR"},{"@type":"Person","@id":"https:\/\/lifesgo.an9.com.br\/#\/schema\/person\/b34bfc24fce1f5cb9dc117e2efe61a07","name":"LifesGo","image":{"@type":"ImageObject","inLanguage":"pt-BR","@id":"https:\/\/secure.gravatar.com\/avatar\/ed0fb6c2dc8ca8634274f12b6bcee558dbcb1b05612be222e7d40b115c40b4f2?s=96&d=mm&r=g","url":"https:\/\/secure.gravatar.com\/avatar\/ed0fb6c2dc8ca8634274f12b6bcee558dbcb1b05612be222e7d40b115c40b4f2?s=96&d=mm&r=g","contentUrl":"https:\/\/secure.gravatar.com\/avatar\/ed0fb6c2dc8ca8634274f12b6bcee558dbcb1b05612be222e7d40b115c40b4f2?s=96&d=mm&r=g","caption":"LifesGo"},"sameAs":["https:\/\/lifesgo.com.br"],"url":"https:\/\/lifesgo.an9.com.br\/index.php\/author\/lucamor\/"}]}},"_links":{"self":[{"href":"https:\/\/lifesgo.an9.com.br\/index.php\/wp-json\/wp\/v2\/posts\/81794","targetHints":{"allow":["GET"]}}],"collection":[{"href":"https:\/\/lifesgo.an9.com.br\/index.php\/wp-json\/wp\/v2\/posts"}],"about":[{"href":"https:\/\/lifesgo.an9.com.br\/index.php\/wp-json\/wp\/v2\/types\/post"}],"author":[{"embeddable":true,"href":"https:\/\/lifesgo.an9.com.br\/index.php\/wp-json\/wp\/v2\/users\/1"}],"replies":[{"embeddable":true,"href":"https:\/\/lifesgo.an9.com.br\/index.php\/wp-json\/wp\/v2\/comments?post=81794"}],"version-history":[{"count":1,"href":"https:\/\/lifesgo.an9.com.br\/index.php\/wp-json\/wp\/v2\/posts\/81794\/revisions"}],"predecessor-version":[{"id":81795,"href":"https:\/\/lifesgo.an9.com.br\/index.php\/wp-json\/wp\/v2\/posts\/81794\/revisions\/81795"}],"wp:featuredmedia":[{"embeddable":true,"href":"https:\/\/lifesgo.an9.com.br\/index.php\/wp-json\/wp\/v2\/media\/81793"}],"wp:attachment":[{"href":"https:\/\/lifesgo.an9.com.br\/index.php\/wp-json\/wp\/v2\/media?parent=81794"}],"wp:term":[{"taxonomy":"category","embeddable":true,"href":"https:\/\/lifesgo.an9.com.br\/index.php\/wp-json\/wp\/v2\/categories?post=81794"},{"taxonomy":"post_tag","embeddable":true,"href":"https:\/\/lifesgo.an9.com.br\/index.php\/wp-json\/wp\/v2\/tags?post=81794"}],"curies":[{"name":"wp","href":"https:\/\/api.w.org\/{rel}","templated":true}]}}