{"id":79481,"date":"2026-06-17T13:20:30","date_gmt":"2026-06-17T16:20:30","guid":{"rendered":"https:\/\/lifesgo.an9.com.br\/index.php\/2026\/06\/17\/celo-dut-artista-do-selo-de-baco-exu-do-blues-leva-o-espetaculo-rei-das-ruas-ao-rock-in-rio\/"},"modified":"2026-06-17T13:20:31","modified_gmt":"2026-06-17T16:20:31","slug":"celo-dut-artista-do-selo-de-baco-exu-do-blues-leva-o-espetaculo-rei-das-ruas-ao-rock-in-rio","status":"publish","type":"post","link":"https:\/\/lifesgo.an9.com.br\/index.php\/2026\/06\/17\/celo-dut-artista-do-selo-de-baco-exu-do-blues-leva-o-espetaculo-rei-das-ruas-ao-rock-in-rio\/","title":{"rendered":"Celo Dut, artista do selo de Baco Exu do Blues, leva o espet\u00e1culo \u201cRei das Ruas\u201d ao Rock in Rio"},"content":{"rendered":"<p>(Foto: Helen Salom\u00e3o)<\/p>\n<p><\/p>\n<p><\/p>\n<p><\/p>\n<p><\/p>\n<p><\/p>\n<p><span>Rapper baiano se apresenta no Palco Supernova com show baseado em seu primeiro \u00e1lbum solo e refor\u00e7a seu nome como uma das novas vozes da m\u00fasica brasileira<\/span><\/p>\n<p><\/p>\n<p><\/p>\n<p><\/p>\n<p><\/p>\n<p><\/p>\n<p><span>Nascido e criado na Cidade Baixa, em Salvador, <\/span><a href=\"https:\/\/www.instagram.com\/celodut\/?hl=pt-br\"><span>Celo Dut<\/span><\/a><span> \u00e9 um dos nomes que v\u00eam ampliando os limites da m\u00fasica urbana brasileira ao transitar com naturalidade entre rap, MPB, ritmos afro-baianos e sonoridades contempor\u00e2neas. Integrante do <\/span><span>selo <\/span><a href=\"https:\/\/www.instagram.com\/novenovenove\/\"><span>999<\/span><\/a><span>, fundado por <\/span><a href=\"https:\/\/www.instagram.com\/exudoblues\/?hl=pt-br\"><span>Baco Exu do Blues<\/span><\/a><span>, o artista se prepara para um dos momentos mais importantes de sua trajet\u00f3ria: a apresenta\u00e7\u00e3o no Palco Supernova do Rock in Rio, no dia 12 de setembro.<\/span> <\/p>\n<p><\/p>\n<p><\/p>\n<p><\/p>\n<p><\/p>\n<p><\/p>\n<p><span>A participa\u00e7\u00e3o no festival marca a estreia ao vivo de <\/span><span>\u201cRei das Ruas\u201d<\/span><span>, projeto que d\u00e1 nome ao seu primeiro \u00e1lbum solo. Mais do que apresentar um repert\u00f3rio de can\u00e7\u00f5es, Celo leva ao palco um espet\u00e1culo pensado para traduzir a ess\u00eancia do disco, com banda completa, arranjos org\u00e2nicos e uma constru\u00e7\u00e3o sonora que valoriza a experi\u00eancia coletiva da m\u00fasica ao vivo.<\/span> <\/p>\n<p><\/p>\n<p><span>\u201cEsse show \u00e9 a materializa\u00e7\u00e3o do disco no palco. Eu quero que ele seja vivido. Ser\u00e1 minha primeira apresenta\u00e7\u00e3o com banda e to muito feliz com isso\u201d, afirma o artista.<\/span> <\/p>\n<p><\/p>\n<p><\/p>\n<p><\/p>\n<p><\/p>\n<p><\/p>\n<p><span>A rela\u00e7\u00e3o de Celo com a m\u00fasica come\u00e7ou ainda antes de seu nascimento. Filho de m\u00fasicos, cresceu cercado por instrumentos, ensaios e apresenta\u00e7\u00f5es. Aos nove anos, fez sua primeira apari\u00e7\u00e3o em um palco ao lado da banda formada por seu pai e seus irm\u00e3os. Anos depois, sua trajet\u00f3ria ganharia novos rumos ao ingressar em um grupo de rap e chamar a aten\u00e7\u00e3o de Baco Exu do Blues, que o convidou para integrar o selo 999.<\/span> <\/p>\n<p><\/p>\n<p><\/p>\n<p><\/p>\n<p><\/p>\n<p><\/p>\n<p><span>Desde ent\u00e3o, participou de shows para milhares de pessoas, lan\u00e7ou trabalhos autorais e passou a desenvolver uma identidade art\u00edstica pr\u00f3pria, marcada pela mistura entre tradi\u00e7\u00e3o e inova\u00e7\u00e3o. Em \u201cRei das Ruas\u201d, Celo apresenta sua obra mais pessoal at\u00e9 aqui, refletindo sobre identidade, pertencimento, crescimento e transforma\u00e7\u00e3o.<\/span> <\/p>\n<p><\/p>\n<p><\/p>\n<p><\/p>\n<p><\/p>\n<p><\/p>\n<p><span>\u201c\u00c9 o meu primeiro disco solo, o trabalho em que mais consegui me expressar por inteiro. \u00c9 o projeto mais profundo que j\u00e1 fiz em termos de musicalidade e pessoalidade\u201d, explica Celo.<\/span> <\/p>\n<p><\/p>\n<p><\/p>\n<p><\/p>\n<p><\/p>\n<p><\/p>\n<p><span>Sua presen\u00e7a no Rock in Rio tamb\u00e9m carrega um significado simb\u00f3lico. Para o artista, estar no festival representa a continuidade da contribui\u00e7\u00e3o hist\u00f3rica da m\u00fasica baiana para a cultura brasileira, ao mesmo tempo em que abre espa\u00e7o para uma nova gera\u00e7\u00e3o de artistas que constroem caminhos pr\u00f3prios dentro da m\u00fasica nacional.<\/span> <\/p>\n<p><\/p>\n<p><\/p>\n<p><\/p>\n<p><\/p>\n<p><\/p>\n<p><span>Com uma trajet\u00f3ria constru\u00edda entre Salvador e os palcos do pa\u00eds, Celo Dut chega ao Rock in Rio como um dos representantes de uma cena que segue renovando a m\u00fasica brasileira, reafirmando o potencial art\u00edstico da Bahia e apresentando ao grande p\u00fablico um trabalho que une for\u00e7a po\u00e9tica, musicalidade e autenticidade.<\/span> <\/p>\n<p><\/p>\n<p><\/p>\n<p><\/p>\n<p><\/p>\n<h3 style=\" margin-top:0px; margin-bottom:12px; margin-left:0px; margin-right:0px; -qt-block-indent:0; text-indent:0px;\"><a name=\"_vyqrga81a5oz\"><\/a><span>S<\/span><span>obre Celo Dut<\/span> <\/h3>\n<p><\/p>\n<p><\/p>\n<p><\/p>\n<p><\/p>\n<p><span>Celo Dut \u00e9 cantor, compositor e rapper baiano. Natural da Cidade Baixa, em Salvador, iniciou sua trajet\u00f3ria art\u00edstica ainda na inf\u00e2ncia e ganhou proje\u00e7\u00e3o nacional ao integrar o selo 999, de Baco Exu do Blues. Com influ\u00eancias que transitam entre o rap, a MPB e a m\u00fasica afro-brasileira, apresenta em seus trabalhos uma sonoridade autoral marcada pela for\u00e7a das narrativas pessoais e pela valoriza\u00e7\u00e3o da m\u00fasica executada ao vivo. Em 2026, estreia seu primeiro \u00e1lbum solo, \u201cRei das Ruas\u201d, projeto que tamb\u00e9m d\u00e1 nome ao espet\u00e1culo apresentado no Rock in Rio.<\/span> <\/p>\n","protected":false},"excerpt":{"rendered":"<p>(Foto: Helen Salom\u00e3o) Rapper baiano se apresenta no Palco Supernova&#8230;<\/p>\n","protected":false},"author":1,"featured_media":79480,"comment_status":"open","ping_status":"open","sticky":false,"template":"","format":"standard","meta":{"_acf_changed":false,"footnotes":""},"categories":[27],"tags":[730,731],"class_list":["post-79481","post","type-post","status-publish","format-standard","has-post-thumbnail","hentry","category-musica","tag-celo-dut","tag-rock-in-rio"],"acf":[],"yoast_head":"<!-- This site is optimized with the Yoast SEO plugin v28.4 - https:\/\/yoast.com\/product\/yoast-seo-wordpress\/ -->\n<title>Celo Dut, artista do selo de Baco Exu do Blues, leva o espet\u00e1culo \u201cRei das Ruas\u201d ao Rock in Rio - LifesGo<\/title>\n<meta name=\"robots\" content=\"index, follow, max-snippet:-1, max-image-preview:large, max-video-preview:-1\" \/>\n<link rel=\"canonical\" href=\"https:\/\/lifesgo.an9.com.br\/index.php\/2026\/06\/17\/celo-dut-artista-do-selo-de-baco-exu-do-blues-leva-o-espetaculo-rei-das-ruas-ao-rock-in-rio\/\" \/>\n<meta property=\"og:locale\" content=\"pt_BR\" \/>\n<meta property=\"og:type\" content=\"article\" \/>\n<meta property=\"og:title\" content=\"Celo Dut, artista do selo de Baco Exu do Blues, leva o espet\u00e1culo \u201cRei das Ruas\u201d ao Rock in Rio - LifesGo\" \/>\n<meta property=\"og:description\" content=\"(Foto: Helen Salom\u00e3o) Rapper baiano se apresenta no Palco Supernova...\" \/>\n<meta property=\"og:url\" content=\"https:\/\/lifesgo.an9.com.br\/index.php\/2026\/06\/17\/celo-dut-artista-do-selo-de-baco-exu-do-blues-leva-o-espetaculo-rei-das-ruas-ao-rock-in-rio\/\" \/>\n<meta property=\"og:site_name\" content=\"LifesGo\" \/>\n<meta property=\"article:published_time\" content=\"2026-06-17T16:20:30+00:00\" \/>\n<meta property=\"article:modified_time\" content=\"2026-06-17T16:20:31+00:00\" \/>\n<meta property=\"og:image\" content=\"https:\/\/lifesgo.an9.com.br\/wp-content\/uploads\/2026\/06\/17062026-15-Copy.jpg\" \/>\n\t<meta property=\"og:image:width\" content=\"800\" \/>\n\t<meta property=\"og:image:height\" content=\"492\" \/>\n\t<meta property=\"og:image:type\" content=\"image\/jpeg\" \/>\n<meta name=\"author\" content=\"LifesGo\" \/>\n<meta name=\"twitter:card\" content=\"summary_large_image\" \/>\n<meta name=\"twitter:label1\" content=\"Escrito por\" \/>\n\t<meta name=\"twitter:data1\" content=\"LifesGo\" \/>\n\t<meta name=\"twitter:label2\" content=\"Est. tempo de leitura\" \/>\n\t<meta name=\"twitter:data2\" content=\"3 minutos\" \/>\n<script type=\"application\/ld+json\" class=\"yoast-schema-graph\">{\"@context\":\"https:\\\/\\\/schema.org\",\"@graph\":[{\"@type\":\"Article\",\"@id\":\"https:\\\/\\\/lifesgo.an9.com.br\\\/index.php\\\/2026\\\/06\\\/17\\\/celo-dut-artista-do-selo-de-baco-exu-do-blues-leva-o-espetaculo-rei-das-ruas-ao-rock-in-rio\\\/#article\",\"isPartOf\":{\"@id\":\"https:\\\/\\\/lifesgo.an9.com.br\\\/index.php\\\/2026\\\/06\\\/17\\\/celo-dut-artista-do-selo-de-baco-exu-do-blues-leva-o-espetaculo-rei-das-ruas-ao-rock-in-rio\\\/\"},\"author\":{\"name\":\"LifesGo\",\"@id\":\"https:\\\/\\\/lifesgo.an9.com.br\\\/#\\\/schema\\\/person\\\/b34bfc24fce1f5cb9dc117e2efe61a07\"},\"headline\":\"Celo Dut, artista do selo de Baco Exu do Blues, leva o espet\u00e1culo \u201cRei das Ruas\u201d ao Rock in Rio\",\"datePublished\":\"2026-06-17T16:20:30+00:00\",\"dateModified\":\"2026-06-17T16:20:31+00:00\",\"mainEntityOfPage\":{\"@id\":\"https:\\\/\\\/lifesgo.an9.com.br\\\/index.php\\\/2026\\\/06\\\/17\\\/celo-dut-artista-do-selo-de-baco-exu-do-blues-leva-o-espetaculo-rei-das-ruas-ao-rock-in-rio\\\/\"},\"wordCount\":618,\"commentCount\":0,\"image\":{\"@id\":\"https:\\\/\\\/lifesgo.an9.com.br\\\/index.php\\\/2026\\\/06\\\/17\\\/celo-dut-artista-do-selo-de-baco-exu-do-blues-leva-o-espetaculo-rei-das-ruas-ao-rock-in-rio\\\/#primaryimage\"},\"thumbnailUrl\":\"https:\\\/\\\/lifesgo.an9.com.br\\\/wp-content\\\/uploads\\\/2026\\\/06\\\/17062026-15-Copy.jpg\",\"keywords\":[\"Celo Dut\",\"Rock in Rio\"],\"articleSection\":[\"M\u00fasica\"],\"inLanguage\":\"pt-BR\",\"potentialAction\":[{\"@type\":\"CommentAction\",\"name\":\"Comment\",\"target\":[\"https:\\\/\\\/lifesgo.an9.com.br\\\/index.php\\\/2026\\\/06\\\/17\\\/celo-dut-artista-do-selo-de-baco-exu-do-blues-leva-o-espetaculo-rei-das-ruas-ao-rock-in-rio\\\/#respond\"]}]},{\"@type\":\"WebPage\",\"@id\":\"https:\\\/\\\/lifesgo.an9.com.br\\\/index.php\\\/2026\\\/06\\\/17\\\/celo-dut-artista-do-selo-de-baco-exu-do-blues-leva-o-espetaculo-rei-das-ruas-ao-rock-in-rio\\\/\",\"url\":\"https:\\\/\\\/lifesgo.an9.com.br\\\/index.php\\\/2026\\\/06\\\/17\\\/celo-dut-artista-do-selo-de-baco-exu-do-blues-leva-o-espetaculo-rei-das-ruas-ao-rock-in-rio\\\/\",\"name\":\"Celo Dut, artista do selo de Baco Exu do Blues, leva o espet\u00e1culo \u201cRei das Ruas\u201d ao Rock in Rio - LifesGo\",\"isPartOf\":{\"@id\":\"https:\\\/\\\/lifesgo.an9.com.br\\\/#website\"},\"primaryImageOfPage\":{\"@id\":\"https:\\\/\\\/lifesgo.an9.com.br\\\/index.php\\\/2026\\\/06\\\/17\\\/celo-dut-artista-do-selo-de-baco-exu-do-blues-leva-o-espetaculo-rei-das-ruas-ao-rock-in-rio\\\/#primaryimage\"},\"image\":{\"@id\":\"https:\\\/\\\/lifesgo.an9.com.br\\\/index.php\\\/2026\\\/06\\\/17\\\/celo-dut-artista-do-selo-de-baco-exu-do-blues-leva-o-espetaculo-rei-das-ruas-ao-rock-in-rio\\\/#primaryimage\"},\"thumbnailUrl\":\"https:\\\/\\\/lifesgo.an9.com.br\\\/wp-content\\\/uploads\\\/2026\\\/06\\\/17062026-15-Copy.jpg\",\"datePublished\":\"2026-06-17T16:20:30+00:00\",\"dateModified\":\"2026-06-17T16:20:31+00:00\",\"author\":{\"@id\":\"https:\\\/\\\/lifesgo.an9.com.br\\\/#\\\/schema\\\/person\\\/b34bfc24fce1f5cb9dc117e2efe61a07\"},\"breadcrumb\":{\"@id\":\"https:\\\/\\\/lifesgo.an9.com.br\\\/index.php\\\/2026\\\/06\\\/17\\\/celo-dut-artista-do-selo-de-baco-exu-do-blues-leva-o-espetaculo-rei-das-ruas-ao-rock-in-rio\\\/#breadcrumb\"},\"inLanguage\":\"pt-BR\",\"potentialAction\":[{\"@type\":\"ReadAction\",\"target\":[\"https:\\\/\\\/lifesgo.an9.com.br\\\/index.php\\\/2026\\\/06\\\/17\\\/celo-dut-artista-do-selo-de-baco-exu-do-blues-leva-o-espetaculo-rei-das-ruas-ao-rock-in-rio\\\/\"]}]},{\"@type\":\"ImageObject\",\"inLanguage\":\"pt-BR\",\"@id\":\"https:\\\/\\\/lifesgo.an9.com.br\\\/index.php\\\/2026\\\/06\\\/17\\\/celo-dut-artista-do-selo-de-baco-exu-do-blues-leva-o-espetaculo-rei-das-ruas-ao-rock-in-rio\\\/#primaryimage\",\"url\":\"https:\\\/\\\/lifesgo.an9.com.br\\\/wp-content\\\/uploads\\\/2026\\\/06\\\/17062026-15-Copy.jpg\",\"contentUrl\":\"https:\\\/\\\/lifesgo.an9.com.br\\\/wp-content\\\/uploads\\\/2026\\\/06\\\/17062026-15-Copy.jpg\",\"width\":800,\"height\":492},{\"@type\":\"BreadcrumbList\",\"@id\":\"https:\\\/\\\/lifesgo.an9.com.br\\\/index.php\\\/2026\\\/06\\\/17\\\/celo-dut-artista-do-selo-de-baco-exu-do-blues-leva-o-espetaculo-rei-das-ruas-ao-rock-in-rio\\\/#breadcrumb\",\"itemListElement\":[{\"@type\":\"ListItem\",\"position\":1,\"name\":\"In\u00edcio\",\"item\":\"https:\\\/\\\/lifesgo.an9.com.br\\\/\"},{\"@type\":\"ListItem\",\"position\":2,\"name\":\"Celo Dut, artista do selo de Baco Exu do Blues, leva o espet\u00e1culo \u201cRei das Ruas\u201d ao Rock in Rio\"}]},{\"@type\":\"WebSite\",\"@id\":\"https:\\\/\\\/lifesgo.an9.com.br\\\/#website\",\"url\":\"https:\\\/\\\/lifesgo.an9.com.br\\\/\",\"name\":\"LifesGo\",\"description\":\"\",\"potentialAction\":[{\"@type\":\"SearchAction\",\"target\":{\"@type\":\"EntryPoint\",\"urlTemplate\":\"https:\\\/\\\/lifesgo.an9.com.br\\\/?s={search_term_string}\"},\"query-input\":{\"@type\":\"PropertyValueSpecification\",\"valueRequired\":true,\"valueName\":\"search_term_string\"}}],\"inLanguage\":\"pt-BR\"},{\"@type\":\"Person\",\"@id\":\"https:\\\/\\\/lifesgo.an9.com.br\\\/#\\\/schema\\\/person\\\/b34bfc24fce1f5cb9dc117e2efe61a07\",\"name\":\"LifesGo\",\"image\":{\"@type\":\"ImageObject\",\"inLanguage\":\"pt-BR\",\"@id\":\"https:\\\/\\\/secure.gravatar.com\\\/avatar\\\/ed0fb6c2dc8ca8634274f12b6bcee558dbcb1b05612be222e7d40b115c40b4f2?s=96&d=mm&r=g\",\"url\":\"https:\\\/\\\/secure.gravatar.com\\\/avatar\\\/ed0fb6c2dc8ca8634274f12b6bcee558dbcb1b05612be222e7d40b115c40b4f2?s=96&d=mm&r=g\",\"contentUrl\":\"https:\\\/\\\/secure.gravatar.com\\\/avatar\\\/ed0fb6c2dc8ca8634274f12b6bcee558dbcb1b05612be222e7d40b115c40b4f2?s=96&d=mm&r=g\",\"caption\":\"LifesGo\"},\"sameAs\":[\"https:\\\/\\\/lifesgo.com.br\"],\"url\":\"https:\\\/\\\/lifesgo.an9.com.br\\\/index.php\\\/author\\\/lucamor\\\/\"}]}<\/script>\n<!-- \/ Yoast SEO plugin. -->","yoast_head_json":{"title":"Celo Dut, artista do selo de Baco Exu do Blues, leva o espet\u00e1culo \u201cRei das Ruas\u201d ao Rock in Rio - LifesGo","robots":{"index":"index","follow":"follow","max-snippet":"max-snippet:-1","max-image-preview":"max-image-preview:large","max-video-preview":"max-video-preview:-1"},"canonical":"https:\/\/lifesgo.an9.com.br\/index.php\/2026\/06\/17\/celo-dut-artista-do-selo-de-baco-exu-do-blues-leva-o-espetaculo-rei-das-ruas-ao-rock-in-rio\/","og_locale":"pt_BR","og_type":"article","og_title":"Celo Dut, artista do selo de Baco Exu do Blues, leva o espet\u00e1culo \u201cRei das Ruas\u201d ao Rock in Rio - LifesGo","og_description":"(Foto: Helen Salom\u00e3o) Rapper baiano se apresenta no Palco Supernova...","og_url":"https:\/\/lifesgo.an9.com.br\/index.php\/2026\/06\/17\/celo-dut-artista-do-selo-de-baco-exu-do-blues-leva-o-espetaculo-rei-das-ruas-ao-rock-in-rio\/","og_site_name":"LifesGo","article_published_time":"2026-06-17T16:20:30+00:00","article_modified_time":"2026-06-17T16:20:31+00:00","og_image":[{"width":800,"height":492,"url":"https:\/\/lifesgo.an9.com.br\/wp-content\/uploads\/2026\/06\/17062026-15-Copy.jpg","type":"image\/jpeg"}],"author":"LifesGo","twitter_card":"summary_large_image","twitter_misc":{"Escrito por":"LifesGo","Est. tempo de leitura":"3 minutos"},"schema":{"@context":"https:\/\/schema.org","@graph":[{"@type":"Article","@id":"https:\/\/lifesgo.an9.com.br\/index.php\/2026\/06\/17\/celo-dut-artista-do-selo-de-baco-exu-do-blues-leva-o-espetaculo-rei-das-ruas-ao-rock-in-rio\/#article","isPartOf":{"@id":"https:\/\/lifesgo.an9.com.br\/index.php\/2026\/06\/17\/celo-dut-artista-do-selo-de-baco-exu-do-blues-leva-o-espetaculo-rei-das-ruas-ao-rock-in-rio\/"},"author":{"name":"LifesGo","@id":"https:\/\/lifesgo.an9.com.br\/#\/schema\/person\/b34bfc24fce1f5cb9dc117e2efe61a07"},"headline":"Celo Dut, artista do selo de Baco Exu do Blues, leva o espet\u00e1culo \u201cRei das Ruas\u201d ao Rock in Rio","datePublished":"2026-06-17T16:20:30+00:00","dateModified":"2026-06-17T16:20:31+00:00","mainEntityOfPage":{"@id":"https:\/\/lifesgo.an9.com.br\/index.php\/2026\/06\/17\/celo-dut-artista-do-selo-de-baco-exu-do-blues-leva-o-espetaculo-rei-das-ruas-ao-rock-in-rio\/"},"wordCount":618,"commentCount":0,"image":{"@id":"https:\/\/lifesgo.an9.com.br\/index.php\/2026\/06\/17\/celo-dut-artista-do-selo-de-baco-exu-do-blues-leva-o-espetaculo-rei-das-ruas-ao-rock-in-rio\/#primaryimage"},"thumbnailUrl":"https:\/\/lifesgo.an9.com.br\/wp-content\/uploads\/2026\/06\/17062026-15-Copy.jpg","keywords":["Celo Dut","Rock in Rio"],"articleSection":["M\u00fasica"],"inLanguage":"pt-BR","potentialAction":[{"@type":"CommentAction","name":"Comment","target":["https:\/\/lifesgo.an9.com.br\/index.php\/2026\/06\/17\/celo-dut-artista-do-selo-de-baco-exu-do-blues-leva-o-espetaculo-rei-das-ruas-ao-rock-in-rio\/#respond"]}]},{"@type":"WebPage","@id":"https:\/\/lifesgo.an9.com.br\/index.php\/2026\/06\/17\/celo-dut-artista-do-selo-de-baco-exu-do-blues-leva-o-espetaculo-rei-das-ruas-ao-rock-in-rio\/","url":"https:\/\/lifesgo.an9.com.br\/index.php\/2026\/06\/17\/celo-dut-artista-do-selo-de-baco-exu-do-blues-leva-o-espetaculo-rei-das-ruas-ao-rock-in-rio\/","name":"Celo Dut, artista do selo de Baco Exu do Blues, leva o espet\u00e1culo \u201cRei das Ruas\u201d ao Rock in Rio - LifesGo","isPartOf":{"@id":"https:\/\/lifesgo.an9.com.br\/#website"},"primaryImageOfPage":{"@id":"https:\/\/lifesgo.an9.com.br\/index.php\/2026\/06\/17\/celo-dut-artista-do-selo-de-baco-exu-do-blues-leva-o-espetaculo-rei-das-ruas-ao-rock-in-rio\/#primaryimage"},"image":{"@id":"https:\/\/lifesgo.an9.com.br\/index.php\/2026\/06\/17\/celo-dut-artista-do-selo-de-baco-exu-do-blues-leva-o-espetaculo-rei-das-ruas-ao-rock-in-rio\/#primaryimage"},"thumbnailUrl":"https:\/\/lifesgo.an9.com.br\/wp-content\/uploads\/2026\/06\/17062026-15-Copy.jpg","datePublished":"2026-06-17T16:20:30+00:00","dateModified":"2026-06-17T16:20:31+00:00","author":{"@id":"https:\/\/lifesgo.an9.com.br\/#\/schema\/person\/b34bfc24fce1f5cb9dc117e2efe61a07"},"breadcrumb":{"@id":"https:\/\/lifesgo.an9.com.br\/index.php\/2026\/06\/17\/celo-dut-artista-do-selo-de-baco-exu-do-blues-leva-o-espetaculo-rei-das-ruas-ao-rock-in-rio\/#breadcrumb"},"inLanguage":"pt-BR","potentialAction":[{"@type":"ReadAction","target":["https:\/\/lifesgo.an9.com.br\/index.php\/2026\/06\/17\/celo-dut-artista-do-selo-de-baco-exu-do-blues-leva-o-espetaculo-rei-das-ruas-ao-rock-in-rio\/"]}]},{"@type":"ImageObject","inLanguage":"pt-BR","@id":"https:\/\/lifesgo.an9.com.br\/index.php\/2026\/06\/17\/celo-dut-artista-do-selo-de-baco-exu-do-blues-leva-o-espetaculo-rei-das-ruas-ao-rock-in-rio\/#primaryimage","url":"https:\/\/lifesgo.an9.com.br\/wp-content\/uploads\/2026\/06\/17062026-15-Copy.jpg","contentUrl":"https:\/\/lifesgo.an9.com.br\/wp-content\/uploads\/2026\/06\/17062026-15-Copy.jpg","width":800,"height":492},{"@type":"BreadcrumbList","@id":"https:\/\/lifesgo.an9.com.br\/index.php\/2026\/06\/17\/celo-dut-artista-do-selo-de-baco-exu-do-blues-leva-o-espetaculo-rei-das-ruas-ao-rock-in-rio\/#breadcrumb","itemListElement":[{"@type":"ListItem","position":1,"name":"In\u00edcio","item":"https:\/\/lifesgo.an9.com.br\/"},{"@type":"ListItem","position":2,"name":"Celo Dut, artista do selo de Baco Exu do Blues, leva o espet\u00e1culo \u201cRei das Ruas\u201d ao Rock in Rio"}]},{"@type":"WebSite","@id":"https:\/\/lifesgo.an9.com.br\/#website","url":"https:\/\/lifesgo.an9.com.br\/","name":"LifesGo","description":"","potentialAction":[{"@type":"SearchAction","target":{"@type":"EntryPoint","urlTemplate":"https:\/\/lifesgo.an9.com.br\/?s={search_term_string}"},"query-input":{"@type":"PropertyValueSpecification","valueRequired":true,"valueName":"search_term_string"}}],"inLanguage":"pt-BR"},{"@type":"Person","@id":"https:\/\/lifesgo.an9.com.br\/#\/schema\/person\/b34bfc24fce1f5cb9dc117e2efe61a07","name":"LifesGo","image":{"@type":"ImageObject","inLanguage":"pt-BR","@id":"https:\/\/secure.gravatar.com\/avatar\/ed0fb6c2dc8ca8634274f12b6bcee558dbcb1b05612be222e7d40b115c40b4f2?s=96&d=mm&r=g","url":"https:\/\/secure.gravatar.com\/avatar\/ed0fb6c2dc8ca8634274f12b6bcee558dbcb1b05612be222e7d40b115c40b4f2?s=96&d=mm&r=g","contentUrl":"https:\/\/secure.gravatar.com\/avatar\/ed0fb6c2dc8ca8634274f12b6bcee558dbcb1b05612be222e7d40b115c40b4f2?s=96&d=mm&r=g","caption":"LifesGo"},"sameAs":["https:\/\/lifesgo.com.br"],"url":"https:\/\/lifesgo.an9.com.br\/index.php\/author\/lucamor\/"}]}},"_links":{"self":[{"href":"https:\/\/lifesgo.an9.com.br\/index.php\/wp-json\/wp\/v2\/posts\/79481","targetHints":{"allow":["GET"]}}],"collection":[{"href":"https:\/\/lifesgo.an9.com.br\/index.php\/wp-json\/wp\/v2\/posts"}],"about":[{"href":"https:\/\/lifesgo.an9.com.br\/index.php\/wp-json\/wp\/v2\/types\/post"}],"author":[{"embeddable":true,"href":"https:\/\/lifesgo.an9.com.br\/index.php\/wp-json\/wp\/v2\/users\/1"}],"replies":[{"embeddable":true,"href":"https:\/\/lifesgo.an9.com.br\/index.php\/wp-json\/wp\/v2\/comments?post=79481"}],"version-history":[{"count":1,"href":"https:\/\/lifesgo.an9.com.br\/index.php\/wp-json\/wp\/v2\/posts\/79481\/revisions"}],"predecessor-version":[{"id":79482,"href":"https:\/\/lifesgo.an9.com.br\/index.php\/wp-json\/wp\/v2\/posts\/79481\/revisions\/79482"}],"wp:featuredmedia":[{"embeddable":true,"href":"https:\/\/lifesgo.an9.com.br\/index.php\/wp-json\/wp\/v2\/media\/79480"}],"wp:attachment":[{"href":"https:\/\/lifesgo.an9.com.br\/index.php\/wp-json\/wp\/v2\/media?parent=79481"}],"wp:term":[{"taxonomy":"category","embeddable":true,"href":"https:\/\/lifesgo.an9.com.br\/index.php\/wp-json\/wp\/v2\/categories?post=79481"},{"taxonomy":"post_tag","embeddable":true,"href":"https:\/\/lifesgo.an9.com.br\/index.php\/wp-json\/wp\/v2\/tags?post=79481"}],"curies":[{"name":"wp","href":"https:\/\/api.w.org\/{rel}","templated":true}]}}