{"id":7805,"date":"2024-01-01T21:38:56","date_gmt":"2024-01-02T00:38:56","guid":{"rendered":"https:\/\/lifesgo.com.br\/?p=7805"},"modified":"2024-01-01T21:38:56","modified_gmt":"2024-01-02T00:38:56","slug":"queren-santos-e-lis-avancini-unem-suas-vozes-no-single-leva-me-alem","status":"publish","type":"post","link":"https:\/\/lifesgo.an9.com.br\/index.php\/2024\/01\/01\/queren-santos-e-lis-avancini-unem-suas-vozes-no-single-leva-me-alem\/","title":{"rendered":"Qu\u00e9ren Santos e Lis Avancini unem suas vozes no single &#8220;Leva-me Al\u00e9m&#8221;"},"content":{"rendered":"<p>As cantoras Qu\u00e9ren Santos e Lis Avancini cantam juntas pela primeira vez no single &#8220;Leva-me Al\u00e9m&#8221;, can\u00e7\u00e3o lan\u00e7ada nesta sexta-feira, 15 de dezembro, em parceria com as gravadoras Masteriza Records e MM7 Digital Music. A can\u00e7\u00e3o promete tocar os cora\u00e7\u00f5es de quem deseja ter um relacionamento mais profundo com Deus. O single j\u00e1 est\u00e1 dispon\u00edvel em todos os aplicativos de m\u00fasica e pode ser conferido por meio do link a seguir:\u00a0https:\/\/onerpm.link\/levamealem<\/p>\n<p>A m\u00fasica \u00e9 fruto da colabora\u00e7\u00e3o entre as duas cantoras e o processo de composi\u00e7\u00e3o foi totalmente inspirado por Deus. Elas comentam que o rio de Deus fluiu, dando origem a uma mensagem que reflete o anseio por uma conex\u00e3o mais profunda com o divino.<\/p>\n<p>A ideia do single surgiu a partir das gravadoras Masteriza Records e MM7 Digital Music, que pensaram estrategicamente em uma a\u00e7\u00e3o com as duas cantoras. Qu\u00e9ren Santos e Lis Avancini foram apresentadas \u00e0 ideia e as duas aceitaram o convite de pronto.<\/p>\n<p>Qu\u00e9ren destaca que a mensagem da m\u00fasica se relaciona diretamente com sua vida pessoal. \u201cEla fala muito sobre aquilo que vivo com Jesus. Sobre a certeza de que nada pode nos separar do Seu Amor, do Amor de cruz e sacrif\u00edcio. Sobre a certeza tamb\u00e9m de que Ele nunca nos deixou e nunca deixar\u00e1, pois \u00e9 nosso abrigo, caminho, nossa alegria, nossa can\u00e7\u00e3o e a verdade das nossas vidas\u201d, coloca a artista.<\/p>\n<p><strong>Uma mensagem sobre profundidade em Cristo<\/strong><\/p>\n<p>&#8220;Leva-me Al\u00e9m&#8221; revela um cora\u00e7\u00e3o sedento por mais de Deus. De acordo com uma das compositoras, Lis Avancini, a can\u00e7\u00e3o transcende a superficialidade e faz com que as pessoas saiam de um lugar raso e se lancem em \u00e1guas mais profundas da presen\u00e7a divina. A letra \u00e9 um pedido para a imers\u00e3o no que h\u00e1 de mais sublime na espiritualidade.<\/p>\n<p>Com altas expectativas sobre o novo single, as cantoras expressam o desejo de que cada ouvinte sinta o anseio de ser conduzido ao al\u00e9m de Deus. Elas acreditam que a can\u00e7\u00e3o pode direcionar as pessoas pelo Esp\u00edrito Santo a uma nova realidade espiritual, ampliando a compreens\u00e3o da grandiosidade do divino.<\/p>\n<p><strong>Colabora\u00e7\u00e3o e estilo musical<\/strong><\/p>\n<p>single apresenta uma fus\u00e3o caracterizada por um pop ac\u00fastico com elementos eletr\u00f4nicos. A escolha desse estilo, segundo as cantoras, \u00e9 reflexo da identidade art\u00edstica de cada uma delas igualmente e do desejo de criar uma atmosfera \u00fanica que complemente a mensagem profunda da can\u00e7\u00e3o.<\/p>\n<p>A parceria entre Qu\u00e9ren Santos e Lis Avancini n\u00e3o se limita \u00e0 esfera art\u00edstica. Vale ressaltar que elas desenvolveram uma amizade e carinho rec\u00edproco desde que se conheceram na pr\u00e9-estreia de &#8220;The Chosen&#8221;. A conex\u00e3o espiritual e pessoal entre elas \u00e9 evidente, tornando a colabora\u00e7\u00e3o n\u00e3o apenas musical, mas tamb\u00e9m uma express\u00e3o de comunh\u00e3o.<\/p>\n<p><strong>Ou\u00e7a agora o single \u201cLeva-me Al\u00e9m\u201d:<\/strong><\/p>\n<p><a href=\"https:\/\/onerpm.link\/levamealem\">https:\/\/onerpm.link\/levamealem<\/a><\/p>\n<p><strong>Acompanhe o minist\u00e9rio das artistas:<\/strong><\/p>\n<p>Qu\u00e9ren Santos: <a href=\"https:\/\/www.instagram.com\/queren.sant0s\/\">https:\/\/www.instagram.com\/queren.sant0s\/<\/a><\/p>\n<p>Lis Avancini: <a href=\"https:\/\/www.instagram.com\/lis_avancini\/\">https:\/\/www.instagram.com\/lis_avancini\/<\/a><\/p>\n<p><strong>Fique por dentro das novidades das gravadoras:<\/strong><\/p>\n<p>Masteriza Records: <a href=\"https:\/\/www.instagram.com\/masterizarecords\/\">https:\/\/www.instagram.com\/masterizarecords\/<\/a><\/p>\n<p>MM7 Digital Music: <a href=\"https:\/\/www.mm7comunica.com.br\">https:\/\/www.mm7comunica.com.br<\/a> \/ <a href=\"https:\/\/www.instagram.com\/mm7comunica\">https:\/\/www.instagram.com\/mm7comunica<\/a><\/p>\n","protected":false},"excerpt":{"rendered":"<p>As cantoras Qu\u00e9ren Santos e Lis Avancini cantam juntas pela&#8230;<\/p>\n","protected":false},"author":1,"featured_media":7804,"comment_status":"closed","ping_status":"open","sticky":false,"template":"","format":"standard","meta":{"_acf_changed":false,"footnotes":""},"categories":[27],"tags":[],"class_list":["post-7805","post","type-post","status-publish","format-standard","has-post-thumbnail","hentry","category-musica"],"acf":[],"yoast_head":"<!-- This site is optimized with the Yoast SEO plugin v28.3 - https:\/\/yoast.com\/product\/yoast-seo-wordpress\/ -->\n<title>Qu\u00e9ren Santos e Lis Avancini unem suas vozes no single &quot;Leva-me Al\u00e9m&quot; - LifesGo<\/title>\n<meta name=\"robots\" content=\"index, follow, max-snippet:-1, max-image-preview:large, max-video-preview:-1\" \/>\n<link rel=\"canonical\" href=\"https:\/\/lifesgo.an9.com.br\/index.php\/2024\/01\/01\/queren-santos-e-lis-avancini-unem-suas-vozes-no-single-leva-me-alem\/\" \/>\n<meta property=\"og:locale\" content=\"pt_BR\" \/>\n<meta property=\"og:type\" content=\"article\" \/>\n<meta property=\"og:title\" content=\"Qu\u00e9ren Santos e Lis Avancini unem suas vozes no single &quot;Leva-me Al\u00e9m&quot; - LifesGo\" \/>\n<meta property=\"og:description\" content=\"As cantoras Qu\u00e9ren Santos e Lis Avancini cantam juntas pela...\" \/>\n<meta property=\"og:url\" content=\"https:\/\/lifesgo.an9.com.br\/index.php\/2024\/01\/01\/queren-santos-e-lis-avancini-unem-suas-vozes-no-single-leva-me-alem\/\" \/>\n<meta property=\"og:site_name\" content=\"LifesGo\" \/>\n<meta property=\"article:published_time\" content=\"2024-01-02T00:38:56+00:00\" \/>\n<meta property=\"og:image\" content=\"https:\/\/lifesgo.an9.com.br\/wp-content\/uploads\/2024\/01\/WhatsApp-Image-2024-01-01-at-17.47.18-Copy.jpg\" \/>\n\t<meta property=\"og:image:width\" content=\"640\" \/>\n\t<meta property=\"og:image:height\" content=\"398\" \/>\n\t<meta property=\"og:image:type\" content=\"image\/jpeg\" \/>\n<meta name=\"author\" content=\"LifesGo\" \/>\n<meta name=\"twitter:card\" content=\"summary_large_image\" \/>\n<meta name=\"twitter:label1\" content=\"Escrito por\" \/>\n\t<meta name=\"twitter:data1\" content=\"LifesGo\" \/>\n\t<meta name=\"twitter:label2\" content=\"Est. tempo de leitura\" \/>\n\t<meta name=\"twitter:data2\" content=\"3 minutos\" \/>\n<script type=\"application\/ld+json\" class=\"yoast-schema-graph\">{\"@context\":\"https:\\\/\\\/schema.org\",\"@graph\":[{\"@type\":\"Article\",\"@id\":\"https:\\\/\\\/lifesgo.an9.com.br\\\/index.php\\\/2024\\\/01\\\/01\\\/queren-santos-e-lis-avancini-unem-suas-vozes-no-single-leva-me-alem\\\/#article\",\"isPartOf\":{\"@id\":\"https:\\\/\\\/lifesgo.an9.com.br\\\/index.php\\\/2024\\\/01\\\/01\\\/queren-santos-e-lis-avancini-unem-suas-vozes-no-single-leva-me-alem\\\/\"},\"author\":{\"name\":\"LifesGo\",\"@id\":\"https:\\\/\\\/lifesgo.an9.com.br\\\/#\\\/schema\\\/person\\\/b34bfc24fce1f5cb9dc117e2efe61a07\"},\"headline\":\"Qu\u00e9ren Santos e Lis Avancini unem suas vozes no single &#8220;Leva-me Al\u00e9m&#8221;\",\"datePublished\":\"2024-01-02T00:38:56+00:00\",\"mainEntityOfPage\":{\"@id\":\"https:\\\/\\\/lifesgo.an9.com.br\\\/index.php\\\/2024\\\/01\\\/01\\\/queren-santos-e-lis-avancini-unem-suas-vozes-no-single-leva-me-alem\\\/\"},\"wordCount\":568,\"image\":{\"@id\":\"https:\\\/\\\/lifesgo.an9.com.br\\\/index.php\\\/2024\\\/01\\\/01\\\/queren-santos-e-lis-avancini-unem-suas-vozes-no-single-leva-me-alem\\\/#primaryimage\"},\"thumbnailUrl\":\"https:\\\/\\\/lifesgo.an9.com.br\\\/wp-content\\\/uploads\\\/2024\\\/01\\\/WhatsApp-Image-2024-01-01-at-17.47.18-Copy.jpg\",\"articleSection\":[\"M\u00fasica\"],\"inLanguage\":\"pt-BR\"},{\"@type\":\"WebPage\",\"@id\":\"https:\\\/\\\/lifesgo.an9.com.br\\\/index.php\\\/2024\\\/01\\\/01\\\/queren-santos-e-lis-avancini-unem-suas-vozes-no-single-leva-me-alem\\\/\",\"url\":\"https:\\\/\\\/lifesgo.an9.com.br\\\/index.php\\\/2024\\\/01\\\/01\\\/queren-santos-e-lis-avancini-unem-suas-vozes-no-single-leva-me-alem\\\/\",\"name\":\"Qu\u00e9ren Santos e Lis Avancini unem suas vozes no single \\\"Leva-me Al\u00e9m\\\" - LifesGo\",\"isPartOf\":{\"@id\":\"https:\\\/\\\/lifesgo.an9.com.br\\\/#website\"},\"primaryImageOfPage\":{\"@id\":\"https:\\\/\\\/lifesgo.an9.com.br\\\/index.php\\\/2024\\\/01\\\/01\\\/queren-santos-e-lis-avancini-unem-suas-vozes-no-single-leva-me-alem\\\/#primaryimage\"},\"image\":{\"@id\":\"https:\\\/\\\/lifesgo.an9.com.br\\\/index.php\\\/2024\\\/01\\\/01\\\/queren-santos-e-lis-avancini-unem-suas-vozes-no-single-leva-me-alem\\\/#primaryimage\"},\"thumbnailUrl\":\"https:\\\/\\\/lifesgo.an9.com.br\\\/wp-content\\\/uploads\\\/2024\\\/01\\\/WhatsApp-Image-2024-01-01-at-17.47.18-Copy.jpg\",\"datePublished\":\"2024-01-02T00:38:56+00:00\",\"author\":{\"@id\":\"https:\\\/\\\/lifesgo.an9.com.br\\\/#\\\/schema\\\/person\\\/b34bfc24fce1f5cb9dc117e2efe61a07\"},\"breadcrumb\":{\"@id\":\"https:\\\/\\\/lifesgo.an9.com.br\\\/index.php\\\/2024\\\/01\\\/01\\\/queren-santos-e-lis-avancini-unem-suas-vozes-no-single-leva-me-alem\\\/#breadcrumb\"},\"inLanguage\":\"pt-BR\",\"potentialAction\":[{\"@type\":\"ReadAction\",\"target\":[\"https:\\\/\\\/lifesgo.an9.com.br\\\/index.php\\\/2024\\\/01\\\/01\\\/queren-santos-e-lis-avancini-unem-suas-vozes-no-single-leva-me-alem\\\/\"]}]},{\"@type\":\"ImageObject\",\"inLanguage\":\"pt-BR\",\"@id\":\"https:\\\/\\\/lifesgo.an9.com.br\\\/index.php\\\/2024\\\/01\\\/01\\\/queren-santos-e-lis-avancini-unem-suas-vozes-no-single-leva-me-alem\\\/#primaryimage\",\"url\":\"https:\\\/\\\/lifesgo.an9.com.br\\\/wp-content\\\/uploads\\\/2024\\\/01\\\/WhatsApp-Image-2024-01-01-at-17.47.18-Copy.jpg\",\"contentUrl\":\"https:\\\/\\\/lifesgo.an9.com.br\\\/wp-content\\\/uploads\\\/2024\\\/01\\\/WhatsApp-Image-2024-01-01-at-17.47.18-Copy.jpg\",\"width\":640,\"height\":398},{\"@type\":\"BreadcrumbList\",\"@id\":\"https:\\\/\\\/lifesgo.an9.com.br\\\/index.php\\\/2024\\\/01\\\/01\\\/queren-santos-e-lis-avancini-unem-suas-vozes-no-single-leva-me-alem\\\/#breadcrumb\",\"itemListElement\":[{\"@type\":\"ListItem\",\"position\":1,\"name\":\"In\u00edcio\",\"item\":\"https:\\\/\\\/lifesgo.an9.com.br\\\/\"},{\"@type\":\"ListItem\",\"position\":2,\"name\":\"Qu\u00e9ren Santos e Lis Avancini unem suas vozes no single &#8220;Leva-me Al\u00e9m&#8221;\"}]},{\"@type\":\"WebSite\",\"@id\":\"https:\\\/\\\/lifesgo.an9.com.br\\\/#website\",\"url\":\"https:\\\/\\\/lifesgo.an9.com.br\\\/\",\"name\":\"LifesGo\",\"description\":\"\",\"potentialAction\":[{\"@type\":\"SearchAction\",\"target\":{\"@type\":\"EntryPoint\",\"urlTemplate\":\"https:\\\/\\\/lifesgo.an9.com.br\\\/?s={search_term_string}\"},\"query-input\":{\"@type\":\"PropertyValueSpecification\",\"valueRequired\":true,\"valueName\":\"search_term_string\"}}],\"inLanguage\":\"pt-BR\"},{\"@type\":\"Person\",\"@id\":\"https:\\\/\\\/lifesgo.an9.com.br\\\/#\\\/schema\\\/person\\\/b34bfc24fce1f5cb9dc117e2efe61a07\",\"name\":\"LifesGo\",\"image\":{\"@type\":\"ImageObject\",\"inLanguage\":\"pt-BR\",\"@id\":\"https:\\\/\\\/secure.gravatar.com\\\/avatar\\\/ed0fb6c2dc8ca8634274f12b6bcee558dbcb1b05612be222e7d40b115c40b4f2?s=96&d=mm&r=g\",\"url\":\"https:\\\/\\\/secure.gravatar.com\\\/avatar\\\/ed0fb6c2dc8ca8634274f12b6bcee558dbcb1b05612be222e7d40b115c40b4f2?s=96&d=mm&r=g\",\"contentUrl\":\"https:\\\/\\\/secure.gravatar.com\\\/avatar\\\/ed0fb6c2dc8ca8634274f12b6bcee558dbcb1b05612be222e7d40b115c40b4f2?s=96&d=mm&r=g\",\"caption\":\"LifesGo\"},\"sameAs\":[\"https:\\\/\\\/lifesgo.com.br\"],\"url\":\"https:\\\/\\\/lifesgo.an9.com.br\\\/index.php\\\/author\\\/lucamor\\\/\"}]}<\/script>\n<!-- \/ Yoast SEO plugin. -->","yoast_head_json":{"title":"Qu\u00e9ren Santos e Lis Avancini unem suas vozes no single \"Leva-me Al\u00e9m\" - LifesGo","robots":{"index":"index","follow":"follow","max-snippet":"max-snippet:-1","max-image-preview":"max-image-preview:large","max-video-preview":"max-video-preview:-1"},"canonical":"https:\/\/lifesgo.an9.com.br\/index.php\/2024\/01\/01\/queren-santos-e-lis-avancini-unem-suas-vozes-no-single-leva-me-alem\/","og_locale":"pt_BR","og_type":"article","og_title":"Qu\u00e9ren Santos e Lis Avancini unem suas vozes no single \"Leva-me Al\u00e9m\" - LifesGo","og_description":"As cantoras Qu\u00e9ren Santos e Lis Avancini cantam juntas pela...","og_url":"https:\/\/lifesgo.an9.com.br\/index.php\/2024\/01\/01\/queren-santos-e-lis-avancini-unem-suas-vozes-no-single-leva-me-alem\/","og_site_name":"LifesGo","article_published_time":"2024-01-02T00:38:56+00:00","og_image":[{"width":640,"height":398,"url":"https:\/\/lifesgo.an9.com.br\/wp-content\/uploads\/2024\/01\/WhatsApp-Image-2024-01-01-at-17.47.18-Copy.jpg","type":"image\/jpeg"}],"author":"LifesGo","twitter_card":"summary_large_image","twitter_misc":{"Escrito por":"LifesGo","Est. tempo de leitura":"3 minutos"},"schema":{"@context":"https:\/\/schema.org","@graph":[{"@type":"Article","@id":"https:\/\/lifesgo.an9.com.br\/index.php\/2024\/01\/01\/queren-santos-e-lis-avancini-unem-suas-vozes-no-single-leva-me-alem\/#article","isPartOf":{"@id":"https:\/\/lifesgo.an9.com.br\/index.php\/2024\/01\/01\/queren-santos-e-lis-avancini-unem-suas-vozes-no-single-leva-me-alem\/"},"author":{"name":"LifesGo","@id":"https:\/\/lifesgo.an9.com.br\/#\/schema\/person\/b34bfc24fce1f5cb9dc117e2efe61a07"},"headline":"Qu\u00e9ren Santos e Lis Avancini unem suas vozes no single &#8220;Leva-me Al\u00e9m&#8221;","datePublished":"2024-01-02T00:38:56+00:00","mainEntityOfPage":{"@id":"https:\/\/lifesgo.an9.com.br\/index.php\/2024\/01\/01\/queren-santos-e-lis-avancini-unem-suas-vozes-no-single-leva-me-alem\/"},"wordCount":568,"image":{"@id":"https:\/\/lifesgo.an9.com.br\/index.php\/2024\/01\/01\/queren-santos-e-lis-avancini-unem-suas-vozes-no-single-leva-me-alem\/#primaryimage"},"thumbnailUrl":"https:\/\/lifesgo.an9.com.br\/wp-content\/uploads\/2024\/01\/WhatsApp-Image-2024-01-01-at-17.47.18-Copy.jpg","articleSection":["M\u00fasica"],"inLanguage":"pt-BR"},{"@type":"WebPage","@id":"https:\/\/lifesgo.an9.com.br\/index.php\/2024\/01\/01\/queren-santos-e-lis-avancini-unem-suas-vozes-no-single-leva-me-alem\/","url":"https:\/\/lifesgo.an9.com.br\/index.php\/2024\/01\/01\/queren-santos-e-lis-avancini-unem-suas-vozes-no-single-leva-me-alem\/","name":"Qu\u00e9ren Santos e Lis Avancini unem suas vozes no single \"Leva-me Al\u00e9m\" - LifesGo","isPartOf":{"@id":"https:\/\/lifesgo.an9.com.br\/#website"},"primaryImageOfPage":{"@id":"https:\/\/lifesgo.an9.com.br\/index.php\/2024\/01\/01\/queren-santos-e-lis-avancini-unem-suas-vozes-no-single-leva-me-alem\/#primaryimage"},"image":{"@id":"https:\/\/lifesgo.an9.com.br\/index.php\/2024\/01\/01\/queren-santos-e-lis-avancini-unem-suas-vozes-no-single-leva-me-alem\/#primaryimage"},"thumbnailUrl":"https:\/\/lifesgo.an9.com.br\/wp-content\/uploads\/2024\/01\/WhatsApp-Image-2024-01-01-at-17.47.18-Copy.jpg","datePublished":"2024-01-02T00:38:56+00:00","author":{"@id":"https:\/\/lifesgo.an9.com.br\/#\/schema\/person\/b34bfc24fce1f5cb9dc117e2efe61a07"},"breadcrumb":{"@id":"https:\/\/lifesgo.an9.com.br\/index.php\/2024\/01\/01\/queren-santos-e-lis-avancini-unem-suas-vozes-no-single-leva-me-alem\/#breadcrumb"},"inLanguage":"pt-BR","potentialAction":[{"@type":"ReadAction","target":["https:\/\/lifesgo.an9.com.br\/index.php\/2024\/01\/01\/queren-santos-e-lis-avancini-unem-suas-vozes-no-single-leva-me-alem\/"]}]},{"@type":"ImageObject","inLanguage":"pt-BR","@id":"https:\/\/lifesgo.an9.com.br\/index.php\/2024\/01\/01\/queren-santos-e-lis-avancini-unem-suas-vozes-no-single-leva-me-alem\/#primaryimage","url":"https:\/\/lifesgo.an9.com.br\/wp-content\/uploads\/2024\/01\/WhatsApp-Image-2024-01-01-at-17.47.18-Copy.jpg","contentUrl":"https:\/\/lifesgo.an9.com.br\/wp-content\/uploads\/2024\/01\/WhatsApp-Image-2024-01-01-at-17.47.18-Copy.jpg","width":640,"height":398},{"@type":"BreadcrumbList","@id":"https:\/\/lifesgo.an9.com.br\/index.php\/2024\/01\/01\/queren-santos-e-lis-avancini-unem-suas-vozes-no-single-leva-me-alem\/#breadcrumb","itemListElement":[{"@type":"ListItem","position":1,"name":"In\u00edcio","item":"https:\/\/lifesgo.an9.com.br\/"},{"@type":"ListItem","position":2,"name":"Qu\u00e9ren Santos e Lis Avancini unem suas vozes no single &#8220;Leva-me Al\u00e9m&#8221;"}]},{"@type":"WebSite","@id":"https:\/\/lifesgo.an9.com.br\/#website","url":"https:\/\/lifesgo.an9.com.br\/","name":"LifesGo","description":"","potentialAction":[{"@type":"SearchAction","target":{"@type":"EntryPoint","urlTemplate":"https:\/\/lifesgo.an9.com.br\/?s={search_term_string}"},"query-input":{"@type":"PropertyValueSpecification","valueRequired":true,"valueName":"search_term_string"}}],"inLanguage":"pt-BR"},{"@type":"Person","@id":"https:\/\/lifesgo.an9.com.br\/#\/schema\/person\/b34bfc24fce1f5cb9dc117e2efe61a07","name":"LifesGo","image":{"@type":"ImageObject","inLanguage":"pt-BR","@id":"https:\/\/secure.gravatar.com\/avatar\/ed0fb6c2dc8ca8634274f12b6bcee558dbcb1b05612be222e7d40b115c40b4f2?s=96&d=mm&r=g","url":"https:\/\/secure.gravatar.com\/avatar\/ed0fb6c2dc8ca8634274f12b6bcee558dbcb1b05612be222e7d40b115c40b4f2?s=96&d=mm&r=g","contentUrl":"https:\/\/secure.gravatar.com\/avatar\/ed0fb6c2dc8ca8634274f12b6bcee558dbcb1b05612be222e7d40b115c40b4f2?s=96&d=mm&r=g","caption":"LifesGo"},"sameAs":["https:\/\/lifesgo.com.br"],"url":"https:\/\/lifesgo.an9.com.br\/index.php\/author\/lucamor\/"}]}},"_links":{"self":[{"href":"https:\/\/lifesgo.an9.com.br\/index.php\/wp-json\/wp\/v2\/posts\/7805","targetHints":{"allow":["GET"]}}],"collection":[{"href":"https:\/\/lifesgo.an9.com.br\/index.php\/wp-json\/wp\/v2\/posts"}],"about":[{"href":"https:\/\/lifesgo.an9.com.br\/index.php\/wp-json\/wp\/v2\/types\/post"}],"author":[{"embeddable":true,"href":"https:\/\/lifesgo.an9.com.br\/index.php\/wp-json\/wp\/v2\/users\/1"}],"replies":[{"embeddable":true,"href":"https:\/\/lifesgo.an9.com.br\/index.php\/wp-json\/wp\/v2\/comments?post=7805"}],"version-history":[{"count":1,"href":"https:\/\/lifesgo.an9.com.br\/index.php\/wp-json\/wp\/v2\/posts\/7805\/revisions"}],"predecessor-version":[{"id":7806,"href":"https:\/\/lifesgo.an9.com.br\/index.php\/wp-json\/wp\/v2\/posts\/7805\/revisions\/7806"}],"wp:featuredmedia":[{"embeddable":true,"href":"https:\/\/lifesgo.an9.com.br\/index.php\/wp-json\/wp\/v2\/media\/7804"}],"wp:attachment":[{"href":"https:\/\/lifesgo.an9.com.br\/index.php\/wp-json\/wp\/v2\/media?parent=7805"}],"wp:term":[{"taxonomy":"category","embeddable":true,"href":"https:\/\/lifesgo.an9.com.br\/index.php\/wp-json\/wp\/v2\/categories?post=7805"},{"taxonomy":"post_tag","embeddable":true,"href":"https:\/\/lifesgo.an9.com.br\/index.php\/wp-json\/wp\/v2\/tags?post=7805"}],"curies":[{"name":"wp","href":"https:\/\/api.w.org\/{rel}","templated":true}]}}