{"id":77113,"date":"2026-04-12T19:53:32","date_gmt":"2026-04-12T22:53:32","guid":{"rendered":"https:\/\/lifesgo.an9.com.br\/?p=77113"},"modified":"2026-04-12T19:53:32","modified_gmt":"2026-04-12T22:53:32","slug":"messy-hair-cabelos-propositalmente-baguncados-viram-tendencia","status":"publish","type":"post","link":"https:\/\/lifesgo.an9.com.br\/index.php\/2026\/04\/12\/messy-hair-cabelos-propositalmente-baguncados-viram-tendencia\/","title":{"rendered":"Messy Hair: cabelos propositalmente bagun\u00e7ados viram tend\u00eancia"},"content":{"rendered":"\n<p class=\"wp-block-paragraph\">O hairstyle Arthur Tavares ensina como criar o Messy Hair<\/p>\n\n\n\n<p class=\"wp-block-paragraph\">A era dos penteados com os fios super alinhados come\u00e7ou a ruir. O que est\u00e1 dominando a moda s\u00e3o os fios com mais movimento, com acabamento despretensioso e moderno. O nome dessa tend\u00eancia, que j\u00e1 conquistou famosas, \u00e9 Messy Hair.<\/p>\n\n\n\n<p class=\"wp-block-paragraph\">&#8220;O Messy Hair \u00e9 um cabelo propositalmente desarrumado, com textura e movimento Natural mas isso n\u00e3o faz dele um simples cabelo ao contr\u00e1rio para ter esse resultado se faz necess\u00e1rio uma excelente prepara\u00e7\u00e3o para sua textura ficar flu\u00edda e ao mesmo tempo com estilo&#8221;, explica o hairstyle Arthur Tavares.<\/p>\n\n\n\n<p class=\"wp-block-paragraph\">Ele lista os sobre os cortes ideais para alcan\u00e7ar esse estilo. &#8220;Bob desconectado,Wolf CUT ,Long Layers. Todas essas linhas criam camadas desconectadas que facilitam a cria\u00e7\u00e3o do estilo&#8221;.<\/p>\n\n\n\n<p class=\"wp-block-paragraph\">A adapta\u00e7\u00e3o ao seu estilo depende do seu n\u00edvel de ousadia, de acordo com o hairstyle. &#8220;Voc\u00ea pode usar ele de forma mais natural, sem muito volume ou voc\u00ea pode abusar no volume. A regra \u00e9 clara: leveza ,textura de forma fluida e natural&#8221;.<\/p>\n\n\n\n<p class=\"wp-block-paragraph\">Arthur destaca que para manter o Messy Hair saud\u00e1vel e com volume \u00e9 preciso muita nutri\u00e7\u00e3o. &#8220;Os cabelos com texturas precisam ser nutridos. Evite excesso de finaliza\u00e7\u00e3o. Cabelo solto com leve frizz at\u00e9 aspecto natural e saud\u00e1vel, s\u00e9rum reparador de pontas para finalizar tamb\u00e9m \u00e9 ideal e nutre as \u00e1reas ressecadas .<\/p>\n\n\n\n<p class=\"wp-block-paragraph\">O hairstyle fala sobre os produtos de cabelo ideais para usar com o Messy Hair. &#8220;Voc\u00ea pode usar mousse leve para cabelos com menor ativa\u00e7\u00e3o de volume; pomadas flex\u00edveis e p\u00f3 de volume. Eles auxiliam na constru\u00e7\u00e3o sem pesar o fio. O uso de difusor em alguns casos faz a diferen\u00e7a&#8221;.<\/p>\n\n\n\n<p class=\"wp-block-paragraph\">O Messy Hair pode ser usado nos cabelos cacheados e encrespados ondulados. J\u00e1 para os cabelos lisos, Arthur afirma que \u00e9 necess\u00e1rio uma boa prepara\u00e7\u00e3o. &#8220;N\u00e3o vou romantizar e dizer que \u00e9 para todas as texturas, pois sabemos que n\u00e3o quando se trata de volume e textura se faz necess\u00e1rio o corte certo. A finaliza\u00e7\u00e3o correta para cabelos lisos precisa de ativa\u00e7\u00e3o e corte bem desconectado para alcan\u00e7ar o resultado. Agora cabelos com alisamento como progressivas e afins n\u00e3o indico porque o corte em camadas pode trazer marcar e o alisamento impede o efeito de frizz. Gosta do cabelo alisado? Procure refer\u00eancias lisas&#8221;, aconselha<\/p>\n\n\n\n<p class=\"wp-block-paragraph\">Ele deu dicas para estilizar o Messy Hair de forma natural. &#8220;Ap\u00f3s a lavagem, protetor t\u00e9rmico. Caso o cabelo seja fino, procure protetor t\u00e9rmico l\u00edquido. Se for cabelo mais volumoso,&nbsp; creme. Estilizar ele de forma natural \u00e9 o caminho do sucesso. Ative com difusor e produtos leves,construa o acabamento com as m\u00e3os,evite simetria ou muita defini\u00e7\u00e3o. O charme est\u00e1 na leveza e imperfei\u00e7\u00e3o, ou seja, naturalidade&#8221;, conclui.<\/p>\n\n\n\n<p class=\"wp-block-paragraph\">Sobre Arthur Tavares<\/p>\n\n\n\n<p class=\"wp-block-paragraph\">Com 27 anos de trajet\u00f3ria na \u00e1rea da beleza, sua hist\u00f3ria come\u00e7ou aos 16 anos, quando um olhar atento ajudou a direcionar seu caminho. Foi Cl\u00e1udio Freitas, casado com sua tia Simone, quem percebeu seu talento ainda no in\u00edcio e o incentivou a seguir na profiss\u00e3o \u2014 um gesto simples, mas decisivo, que at\u00e9 hoje ele carrega com gratid\u00e3o. Ao lado dele, sua tia Simone tamb\u00e9m fez parte desse in\u00edcio, sendo presen\u00e7a importante nesse momento que marcou o rumo da sua vida.<\/p>\n\n\n\n<p class=\"wp-block-paragraph\">A partir da\u00ed, construiu uma carreira s\u00f3lida, marcada por dedica\u00e7\u00e3o e constante aperfei\u00e7oamento, com forma\u00e7\u00e3o nas principais academias internacionais, como Pivot Point, Wella, Educus e a espanhola Longueras, consolidando-se como especialista em corte e colorimetria.<\/p>\n\n\n\n<p class=\"wp-block-paragraph\">Sua trajet\u00f3ria tamb\u00e9m \u00e9 marcada pelas suas bases. Ao lado de sua m\u00e3e, Arlete Tavares, e de sua av\u00f3, Claudin\u00e9ia Tavares, encontrou for\u00e7a, dire\u00e7\u00e3o e const\u00e2ncia. Mais do que presen\u00e7a, elas foram combust\u00edvel para que ele seguisse firme, transformando cada fase da vida em impulso para crescer.<\/p>\n\n\n\n<p class=\"wp-block-paragraph\">Nesse per\u00edodo, manteve sua carreira ativa e consolidou uma longa passagem por um sal\u00e3o regional, onde atuou por 15 anos a partir de 2004 \u2014 uma fase de constru\u00e7\u00e3o s\u00f3lida, que fortaleceu sua t\u00e9cnica, disciplina e resili\u00eancia.<\/p>\n\n\n\n<p class=\"wp-block-paragraph\">H\u00e1 17 anos atua na \u00e1rea da educa\u00e7\u00e3o, formando profissionais por todo o Brasil. Sua entrada nesse caminho teve influ\u00eancia direta de Luciana Rosa, que o incentivou a iniciar como educador t\u00e9cnico no segmento de penteados.<\/p>\n","protected":false},"excerpt":{"rendered":"<p>O hairstyle Arthur Tavares ensina como criar o Messy Hair&#8230;<\/p>\n","protected":false},"author":7,"featured_media":77114,"comment_status":"open","ping_status":"open","sticky":false,"template":"","format":"standard","meta":{"_acf_changed":false,"footnotes":""},"categories":[30],"tags":[],"class_list":["post-77113","post","type-post","status-publish","format-standard","has-post-thumbnail","hentry","category-beleza"],"acf":[],"yoast_head":"<!-- This site is optimized with the Yoast SEO plugin v28.3 - https:\/\/yoast.com\/product\/yoast-seo-wordpress\/ -->\n<title>Messy Hair: cabelos propositalmente bagun\u00e7ados viram tend\u00eancia - LifesGo<\/title>\n<meta name=\"robots\" content=\"index, follow, max-snippet:-1, max-image-preview:large, max-video-preview:-1\" \/>\n<link rel=\"canonical\" href=\"https:\/\/lifesgo.an9.com.br\/index.php\/2026\/04\/12\/messy-hair-cabelos-propositalmente-baguncados-viram-tendencia\/\" \/>\n<meta property=\"og:locale\" content=\"pt_BR\" \/>\n<meta property=\"og:type\" content=\"article\" \/>\n<meta property=\"og:title\" content=\"Messy Hair: cabelos propositalmente bagun\u00e7ados viram tend\u00eancia - LifesGo\" \/>\n<meta property=\"og:description\" content=\"O hairstyle Arthur Tavares ensina como criar o Messy Hair...\" \/>\n<meta property=\"og:url\" content=\"https:\/\/lifesgo.an9.com.br\/index.php\/2026\/04\/12\/messy-hair-cabelos-propositalmente-baguncados-viram-tendencia\/\" \/>\n<meta property=\"og:site_name\" content=\"LifesGo\" \/>\n<meta property=\"article:published_time\" content=\"2026-04-12T22:53:32+00:00\" \/>\n<meta property=\"og:image\" content=\"https:\/\/lifesgo.an9.com.br\/wp-content\/uploads\/2026\/04\/IMG_3737.jpg\" \/>\n\t<meta property=\"og:image:width\" content=\"1169\" \/>\n\t<meta property=\"og:image:height\" content=\"781\" \/>\n\t<meta property=\"og:image:type\" content=\"image\/jpeg\" \/>\n<meta name=\"author\" content=\"Reda\u00e7\u00e3o\" \/>\n<meta name=\"twitter:card\" content=\"summary_large_image\" \/>\n<meta name=\"twitter:label1\" content=\"Escrito por\" \/>\n\t<meta name=\"twitter:data1\" content=\"Reda\u00e7\u00e3o\" \/>\n\t<meta name=\"twitter:label2\" content=\"Est. tempo de leitura\" \/>\n\t<meta name=\"twitter:data2\" content=\"4 minutos\" \/>\n<script type=\"application\/ld+json\" class=\"yoast-schema-graph\">{\"@context\":\"https:\\\/\\\/schema.org\",\"@graph\":[{\"@type\":\"Article\",\"@id\":\"https:\\\/\\\/lifesgo.an9.com.br\\\/index.php\\\/2026\\\/04\\\/12\\\/messy-hair-cabelos-propositalmente-baguncados-viram-tendencia\\\/#article\",\"isPartOf\":{\"@id\":\"https:\\\/\\\/lifesgo.an9.com.br\\\/index.php\\\/2026\\\/04\\\/12\\\/messy-hair-cabelos-propositalmente-baguncados-viram-tendencia\\\/\"},\"author\":{\"name\":\"Reda\u00e7\u00e3o\",\"@id\":\"https:\\\/\\\/lifesgo.an9.com.br\\\/#\\\/schema\\\/person\\\/e2b53c3904ad7ee99b35e117c0acf860\"},\"headline\":\"Messy Hair: cabelos propositalmente bagun\u00e7ados viram tend\u00eancia\",\"datePublished\":\"2026-04-12T22:53:32+00:00\",\"mainEntityOfPage\":{\"@id\":\"https:\\\/\\\/lifesgo.an9.com.br\\\/index.php\\\/2026\\\/04\\\/12\\\/messy-hair-cabelos-propositalmente-baguncados-viram-tendencia\\\/\"},\"wordCount\":752,\"commentCount\":0,\"image\":{\"@id\":\"https:\\\/\\\/lifesgo.an9.com.br\\\/index.php\\\/2026\\\/04\\\/12\\\/messy-hair-cabelos-propositalmente-baguncados-viram-tendencia\\\/#primaryimage\"},\"thumbnailUrl\":\"https:\\\/\\\/lifesgo.an9.com.br\\\/wp-content\\\/uploads\\\/2026\\\/04\\\/IMG_3737.jpg\",\"articleSection\":[\"Beleza\"],\"inLanguage\":\"pt-BR\",\"potentialAction\":[{\"@type\":\"CommentAction\",\"name\":\"Comment\",\"target\":[\"https:\\\/\\\/lifesgo.an9.com.br\\\/index.php\\\/2026\\\/04\\\/12\\\/messy-hair-cabelos-propositalmente-baguncados-viram-tendencia\\\/#respond\"]}]},{\"@type\":\"WebPage\",\"@id\":\"https:\\\/\\\/lifesgo.an9.com.br\\\/index.php\\\/2026\\\/04\\\/12\\\/messy-hair-cabelos-propositalmente-baguncados-viram-tendencia\\\/\",\"url\":\"https:\\\/\\\/lifesgo.an9.com.br\\\/index.php\\\/2026\\\/04\\\/12\\\/messy-hair-cabelos-propositalmente-baguncados-viram-tendencia\\\/\",\"name\":\"Messy Hair: cabelos propositalmente bagun\u00e7ados viram tend\u00eancia - LifesGo\",\"isPartOf\":{\"@id\":\"https:\\\/\\\/lifesgo.an9.com.br\\\/#website\"},\"primaryImageOfPage\":{\"@id\":\"https:\\\/\\\/lifesgo.an9.com.br\\\/index.php\\\/2026\\\/04\\\/12\\\/messy-hair-cabelos-propositalmente-baguncados-viram-tendencia\\\/#primaryimage\"},\"image\":{\"@id\":\"https:\\\/\\\/lifesgo.an9.com.br\\\/index.php\\\/2026\\\/04\\\/12\\\/messy-hair-cabelos-propositalmente-baguncados-viram-tendencia\\\/#primaryimage\"},\"thumbnailUrl\":\"https:\\\/\\\/lifesgo.an9.com.br\\\/wp-content\\\/uploads\\\/2026\\\/04\\\/IMG_3737.jpg\",\"datePublished\":\"2026-04-12T22:53:32+00:00\",\"author\":{\"@id\":\"https:\\\/\\\/lifesgo.an9.com.br\\\/#\\\/schema\\\/person\\\/e2b53c3904ad7ee99b35e117c0acf860\"},\"breadcrumb\":{\"@id\":\"https:\\\/\\\/lifesgo.an9.com.br\\\/index.php\\\/2026\\\/04\\\/12\\\/messy-hair-cabelos-propositalmente-baguncados-viram-tendencia\\\/#breadcrumb\"},\"inLanguage\":\"pt-BR\",\"potentialAction\":[{\"@type\":\"ReadAction\",\"target\":[\"https:\\\/\\\/lifesgo.an9.com.br\\\/index.php\\\/2026\\\/04\\\/12\\\/messy-hair-cabelos-propositalmente-baguncados-viram-tendencia\\\/\"]}]},{\"@type\":\"ImageObject\",\"inLanguage\":\"pt-BR\",\"@id\":\"https:\\\/\\\/lifesgo.an9.com.br\\\/index.php\\\/2026\\\/04\\\/12\\\/messy-hair-cabelos-propositalmente-baguncados-viram-tendencia\\\/#primaryimage\",\"url\":\"https:\\\/\\\/lifesgo.an9.com.br\\\/wp-content\\\/uploads\\\/2026\\\/04\\\/IMG_3737.jpg\",\"contentUrl\":\"https:\\\/\\\/lifesgo.an9.com.br\\\/wp-content\\\/uploads\\\/2026\\\/04\\\/IMG_3737.jpg\",\"width\":1169,\"height\":781,\"caption\":\"Screenshot\"},{\"@type\":\"BreadcrumbList\",\"@id\":\"https:\\\/\\\/lifesgo.an9.com.br\\\/index.php\\\/2026\\\/04\\\/12\\\/messy-hair-cabelos-propositalmente-baguncados-viram-tendencia\\\/#breadcrumb\",\"itemListElement\":[{\"@type\":\"ListItem\",\"position\":1,\"name\":\"In\u00edcio\",\"item\":\"https:\\\/\\\/lifesgo.an9.com.br\\\/\"},{\"@type\":\"ListItem\",\"position\":2,\"name\":\"Messy Hair: cabelos propositalmente bagun\u00e7ados viram tend\u00eancia\"}]},{\"@type\":\"WebSite\",\"@id\":\"https:\\\/\\\/lifesgo.an9.com.br\\\/#website\",\"url\":\"https:\\\/\\\/lifesgo.an9.com.br\\\/\",\"name\":\"LifesGo\",\"description\":\"\",\"potentialAction\":[{\"@type\":\"SearchAction\",\"target\":{\"@type\":\"EntryPoint\",\"urlTemplate\":\"https:\\\/\\\/lifesgo.an9.com.br\\\/?s={search_term_string}\"},\"query-input\":{\"@type\":\"PropertyValueSpecification\",\"valueRequired\":true,\"valueName\":\"search_term_string\"}}],\"inLanguage\":\"pt-BR\"},{\"@type\":\"Person\",\"@id\":\"https:\\\/\\\/lifesgo.an9.com.br\\\/#\\\/schema\\\/person\\\/e2b53c3904ad7ee99b35e117c0acf860\",\"name\":\"Reda\u00e7\u00e3o\",\"image\":{\"@type\":\"ImageObject\",\"inLanguage\":\"pt-BR\",\"@id\":\"https:\\\/\\\/secure.gravatar.com\\\/avatar\\\/b9a74cf83ab7b387115b660a012a810ba4283a49e2dc1845eacfc09fd7fadd4b?s=96&d=mm&r=g\",\"url\":\"https:\\\/\\\/secure.gravatar.com\\\/avatar\\\/b9a74cf83ab7b387115b660a012a810ba4283a49e2dc1845eacfc09fd7fadd4b?s=96&d=mm&r=g\",\"contentUrl\":\"https:\\\/\\\/secure.gravatar.com\\\/avatar\\\/b9a74cf83ab7b387115b660a012a810ba4283a49e2dc1845eacfc09fd7fadd4b?s=96&d=mm&r=g\",\"caption\":\"Reda\u00e7\u00e3o\"},\"url\":\"https:\\\/\\\/lifesgo.an9.com.br\\\/index.php\\\/author\\\/vhassessoriagmail-com\\\/\"}]}<\/script>\n<!-- \/ Yoast SEO plugin. -->","yoast_head_json":{"title":"Messy Hair: cabelos propositalmente bagun\u00e7ados viram tend\u00eancia - LifesGo","robots":{"index":"index","follow":"follow","max-snippet":"max-snippet:-1","max-image-preview":"max-image-preview:large","max-video-preview":"max-video-preview:-1"},"canonical":"https:\/\/lifesgo.an9.com.br\/index.php\/2026\/04\/12\/messy-hair-cabelos-propositalmente-baguncados-viram-tendencia\/","og_locale":"pt_BR","og_type":"article","og_title":"Messy Hair: cabelos propositalmente bagun\u00e7ados viram tend\u00eancia - LifesGo","og_description":"O hairstyle Arthur Tavares ensina como criar o Messy Hair...","og_url":"https:\/\/lifesgo.an9.com.br\/index.php\/2026\/04\/12\/messy-hair-cabelos-propositalmente-baguncados-viram-tendencia\/","og_site_name":"LifesGo","article_published_time":"2026-04-12T22:53:32+00:00","og_image":[{"width":1169,"height":781,"url":"https:\/\/lifesgo.an9.com.br\/wp-content\/uploads\/2026\/04\/IMG_3737.jpg","type":"image\/jpeg"}],"author":"Reda\u00e7\u00e3o","twitter_card":"summary_large_image","twitter_misc":{"Escrito por":"Reda\u00e7\u00e3o","Est. tempo de leitura":"4 minutos"},"schema":{"@context":"https:\/\/schema.org","@graph":[{"@type":"Article","@id":"https:\/\/lifesgo.an9.com.br\/index.php\/2026\/04\/12\/messy-hair-cabelos-propositalmente-baguncados-viram-tendencia\/#article","isPartOf":{"@id":"https:\/\/lifesgo.an9.com.br\/index.php\/2026\/04\/12\/messy-hair-cabelos-propositalmente-baguncados-viram-tendencia\/"},"author":{"name":"Reda\u00e7\u00e3o","@id":"https:\/\/lifesgo.an9.com.br\/#\/schema\/person\/e2b53c3904ad7ee99b35e117c0acf860"},"headline":"Messy Hair: cabelos propositalmente bagun\u00e7ados viram tend\u00eancia","datePublished":"2026-04-12T22:53:32+00:00","mainEntityOfPage":{"@id":"https:\/\/lifesgo.an9.com.br\/index.php\/2026\/04\/12\/messy-hair-cabelos-propositalmente-baguncados-viram-tendencia\/"},"wordCount":752,"commentCount":0,"image":{"@id":"https:\/\/lifesgo.an9.com.br\/index.php\/2026\/04\/12\/messy-hair-cabelos-propositalmente-baguncados-viram-tendencia\/#primaryimage"},"thumbnailUrl":"https:\/\/lifesgo.an9.com.br\/wp-content\/uploads\/2026\/04\/IMG_3737.jpg","articleSection":["Beleza"],"inLanguage":"pt-BR","potentialAction":[{"@type":"CommentAction","name":"Comment","target":["https:\/\/lifesgo.an9.com.br\/index.php\/2026\/04\/12\/messy-hair-cabelos-propositalmente-baguncados-viram-tendencia\/#respond"]}]},{"@type":"WebPage","@id":"https:\/\/lifesgo.an9.com.br\/index.php\/2026\/04\/12\/messy-hair-cabelos-propositalmente-baguncados-viram-tendencia\/","url":"https:\/\/lifesgo.an9.com.br\/index.php\/2026\/04\/12\/messy-hair-cabelos-propositalmente-baguncados-viram-tendencia\/","name":"Messy Hair: cabelos propositalmente bagun\u00e7ados viram tend\u00eancia - LifesGo","isPartOf":{"@id":"https:\/\/lifesgo.an9.com.br\/#website"},"primaryImageOfPage":{"@id":"https:\/\/lifesgo.an9.com.br\/index.php\/2026\/04\/12\/messy-hair-cabelos-propositalmente-baguncados-viram-tendencia\/#primaryimage"},"image":{"@id":"https:\/\/lifesgo.an9.com.br\/index.php\/2026\/04\/12\/messy-hair-cabelos-propositalmente-baguncados-viram-tendencia\/#primaryimage"},"thumbnailUrl":"https:\/\/lifesgo.an9.com.br\/wp-content\/uploads\/2026\/04\/IMG_3737.jpg","datePublished":"2026-04-12T22:53:32+00:00","author":{"@id":"https:\/\/lifesgo.an9.com.br\/#\/schema\/person\/e2b53c3904ad7ee99b35e117c0acf860"},"breadcrumb":{"@id":"https:\/\/lifesgo.an9.com.br\/index.php\/2026\/04\/12\/messy-hair-cabelos-propositalmente-baguncados-viram-tendencia\/#breadcrumb"},"inLanguage":"pt-BR","potentialAction":[{"@type":"ReadAction","target":["https:\/\/lifesgo.an9.com.br\/index.php\/2026\/04\/12\/messy-hair-cabelos-propositalmente-baguncados-viram-tendencia\/"]}]},{"@type":"ImageObject","inLanguage":"pt-BR","@id":"https:\/\/lifesgo.an9.com.br\/index.php\/2026\/04\/12\/messy-hair-cabelos-propositalmente-baguncados-viram-tendencia\/#primaryimage","url":"https:\/\/lifesgo.an9.com.br\/wp-content\/uploads\/2026\/04\/IMG_3737.jpg","contentUrl":"https:\/\/lifesgo.an9.com.br\/wp-content\/uploads\/2026\/04\/IMG_3737.jpg","width":1169,"height":781,"caption":"Screenshot"},{"@type":"BreadcrumbList","@id":"https:\/\/lifesgo.an9.com.br\/index.php\/2026\/04\/12\/messy-hair-cabelos-propositalmente-baguncados-viram-tendencia\/#breadcrumb","itemListElement":[{"@type":"ListItem","position":1,"name":"In\u00edcio","item":"https:\/\/lifesgo.an9.com.br\/"},{"@type":"ListItem","position":2,"name":"Messy Hair: cabelos propositalmente bagun\u00e7ados viram tend\u00eancia"}]},{"@type":"WebSite","@id":"https:\/\/lifesgo.an9.com.br\/#website","url":"https:\/\/lifesgo.an9.com.br\/","name":"LifesGo","description":"","potentialAction":[{"@type":"SearchAction","target":{"@type":"EntryPoint","urlTemplate":"https:\/\/lifesgo.an9.com.br\/?s={search_term_string}"},"query-input":{"@type":"PropertyValueSpecification","valueRequired":true,"valueName":"search_term_string"}}],"inLanguage":"pt-BR"},{"@type":"Person","@id":"https:\/\/lifesgo.an9.com.br\/#\/schema\/person\/e2b53c3904ad7ee99b35e117c0acf860","name":"Reda\u00e7\u00e3o","image":{"@type":"ImageObject","inLanguage":"pt-BR","@id":"https:\/\/secure.gravatar.com\/avatar\/b9a74cf83ab7b387115b660a012a810ba4283a49e2dc1845eacfc09fd7fadd4b?s=96&d=mm&r=g","url":"https:\/\/secure.gravatar.com\/avatar\/b9a74cf83ab7b387115b660a012a810ba4283a49e2dc1845eacfc09fd7fadd4b?s=96&d=mm&r=g","contentUrl":"https:\/\/secure.gravatar.com\/avatar\/b9a74cf83ab7b387115b660a012a810ba4283a49e2dc1845eacfc09fd7fadd4b?s=96&d=mm&r=g","caption":"Reda\u00e7\u00e3o"},"url":"https:\/\/lifesgo.an9.com.br\/index.php\/author\/vhassessoriagmail-com\/"}]}},"_links":{"self":[{"href":"https:\/\/lifesgo.an9.com.br\/index.php\/wp-json\/wp\/v2\/posts\/77113","targetHints":{"allow":["GET"]}}],"collection":[{"href":"https:\/\/lifesgo.an9.com.br\/index.php\/wp-json\/wp\/v2\/posts"}],"about":[{"href":"https:\/\/lifesgo.an9.com.br\/index.php\/wp-json\/wp\/v2\/types\/post"}],"author":[{"embeddable":true,"href":"https:\/\/lifesgo.an9.com.br\/index.php\/wp-json\/wp\/v2\/users\/7"}],"replies":[{"embeddable":true,"href":"https:\/\/lifesgo.an9.com.br\/index.php\/wp-json\/wp\/v2\/comments?post=77113"}],"version-history":[{"count":1,"href":"https:\/\/lifesgo.an9.com.br\/index.php\/wp-json\/wp\/v2\/posts\/77113\/revisions"}],"predecessor-version":[{"id":77115,"href":"https:\/\/lifesgo.an9.com.br\/index.php\/wp-json\/wp\/v2\/posts\/77113\/revisions\/77115"}],"wp:featuredmedia":[{"embeddable":true,"href":"https:\/\/lifesgo.an9.com.br\/index.php\/wp-json\/wp\/v2\/media\/77114"}],"wp:attachment":[{"href":"https:\/\/lifesgo.an9.com.br\/index.php\/wp-json\/wp\/v2\/media?parent=77113"}],"wp:term":[{"taxonomy":"category","embeddable":true,"href":"https:\/\/lifesgo.an9.com.br\/index.php\/wp-json\/wp\/v2\/categories?post=77113"},{"taxonomy":"post_tag","embeddable":true,"href":"https:\/\/lifesgo.an9.com.br\/index.php\/wp-json\/wp\/v2\/tags?post=77113"}],"curies":[{"name":"wp","href":"https:\/\/api.w.org\/{rel}","templated":true}]}}