{"id":75168,"date":"2026-02-13T19:21:14","date_gmt":"2026-02-13T22:21:14","guid":{"rendered":"https:\/\/lifesgo.an9.com.br\/index.php\/2026\/02\/13\/carnaval-2026-o-fim-da-corda-para-o-pequeno-comercio-e-a-revolucao-do-vale-alimentacao-via-pix\/"},"modified":"2026-02-13T19:21:14","modified_gmt":"2026-02-13T22:21:14","slug":"carnaval-2026-o-fim-da-corda-para-o-pequeno-comercio-e-a-revolucao-do-vale-alimentacao-via-pix","status":"publish","type":"post","link":"https:\/\/lifesgo.an9.com.br\/index.php\/2026\/02\/13\/carnaval-2026-o-fim-da-corda-para-o-pequeno-comercio-e-a-revolucao-do-vale-alimentacao-via-pix\/","title":{"rendered":"Carnaval 2026: O Fim da &#8220;Corda&#8221; para o Pequeno Com\u00e9rcio e a Revolu\u00e7\u00e3o do Vale-Alimenta\u00e7\u00e3o via Pix"},"content":{"rendered":"<p><span>Por Reda\u00e7\u00e3o Economia &amp; Consumo<\/span> <span>Maring\u00e1, PR \u2014 13 de Fevereiro de 2026<\/span> <\/p>\n<p><\/p>\n<p>O Carnaval sempre foi o teste de fogo para o fluxo de caixa do setor de alimenta\u00e7\u00e3o fora do lar. Mas, em 2026, o confete divide o protagonismo com uma mudan\u00e7a silenciosa nas maquininhas \u2014 ou melhor, nos QR Codes. Com a entrada em vigor do <span>Decreto 12.712\/2025<\/span> e o teto de 3,6% nas taxas de benef\u00edcios, o &quot;Vale-Alimenta\u00e7\u00e3o via Pix&quot; tornou-se o item mais procurado por foli\u00f5es e comerciantes neste feriado. <\/p>\n<p><\/p>\n<p><span>A Liberdade do Foli\u00e3o: Onde tiver Pix, tem Almo\u00e7o<\/span> <\/p>\n<p><\/p>\n<p>Para o trabalhador, o Carnaval de 2026 marca o fim da ditadura das &quot;redes credenciadas&quot;. O modelo da <a href=\"https:\/\/valepix.com.br\/\"><span>Valepix<\/span><\/a>, liderado pelo empres\u00e1rio Leandro Colhado, unificou os saldos de VA e VR em uma carteira digital aceita em 98% dos estabelecimentos do pa\u00eds. <\/p>\n<p><\/p>\n<p><img decoding=\"async\" src=\"https:\/\/lifesgo.an9.com.br\/wp-content\/uploads\/2026\/02\/D2-Copy.jpg\" \/><\/p>\n<p><\/p>\n<p>&quot;Antigamente, o foli\u00e3o ficava preso a grandes redes de fast-food ou supermercados espec\u00edficos porque o pequeno ambulante ou o restaurante de praia n\u00e3o aceitavam o cart\u00e3o de benef\u00edcio tradicional&quot;, explica o analista de meios de pagamento, Ricardo Mendes. &quot;Com o saldo convertido em Pix, o benef\u00edcio chega \u00e0 &#8216;pipoca&#8217; do Carnaval, ao quiosque e \u00e0 padaria da esquina.&quot; <\/p>\n<p><\/p>\n<p><span>O Al\u00edvio do Comerciante: Dinheiro na M\u00e3o, Samba no P\u00e9<\/span> <\/p>\n<p><\/p>\n<p>Para os donos de bares e restaurantes, que enfrentam picos de demanda e estoques rotativos durante os quatro dias de festa, a liquida\u00e7\u00e3o imediata virou quest\u00e3o de sobreviv\u00eancia. <\/p>\n<ul style=\"margin-top: 0px; margin-bottom: 0px; margin-left: 0px; margin-right: 0px; -qt-list-indent: 1;\">\n<li style=\" margin-top:0px; margin-bottom:0px; margin-left:0px; margin-right:0px; -qt-block-indent:0; text-indent:0px;\"><span>O Velho Modelo:<\/span> O comerciante vendia um prato feito na segunda-feira de Carnaval e s\u00f3 via a cor do dinheiro em meados de mar\u00e7o, ou pagava taxas abusivas para antecipar o receb\u00edvel. <\/li>\n<li style=\" margin-top:0px; margin-bottom:12px; margin-left:0px; margin-right:0px; -qt-block-indent:0; text-indent:0px;\"><span>O Modelo Valepix:<\/span> A venda cai na conta no ato. Com o dinheiro em m\u00e3os, o dono do bar consegue repor o estoque de bebidas e insumos para o dia seguinte sem recorrer a empr\u00e9stimos banc\u00e1rios. <\/li>\n<\/ul>\n<p><\/p>\n<hr width=\"100%\" \/>\n<p><span>O &quot;Cadeado&quot; do PAT no Meio da Folia<\/span> <\/p>\n<p><\/p>\n<p>A grande d\u00favida dos RHs das empresas era: <span>Como garantir que o funcion\u00e1rio n\u00e3o use o vale-alimenta\u00e7\u00e3o para comprar abad\u00e1s ou ingressos?<\/span> <\/p>\n<p><\/p>\n<p>A resposta tecnol\u00f3gica veio em tempo real. A plataforma da <a href=\"https:\/\/valepix.com.br\/\"><span>Valepix<\/span><\/a> utiliza o <span>bloqueio por CNAE (Classifica\u00e7\u00e3o Nacional de Atividades Econ\u00f4micas)<\/span>. Se o foli\u00e3o tentar pagar um item que n\u00e3o seja de alimenta\u00e7\u00e3o ou refei\u00e7\u00e3o, a transa\u00e7\u00e3o \u00e9 negada instantaneamente, garantindo a conformidade com as regras do Programa de Alimenta\u00e7\u00e3o do Trabalhador (PAT). <\/p>\n<p><\/p>\n<p><\/p>\n<hr width=\"100%\" \/>\n<p><span>Os N\u00fameros do Carnaval 2026<\/span> <\/p>\n<table border=\"0\" style=\" margin-top:0px; margin-bottom:0px; margin-left:0px; margin-right:0px;\" cellspacing=\"2\" cellpadding=\"0\">\n<thead>\n<tr>\n<td style=\" padding-left:0; padding-right:0; padding-top:0; padding-bottom:0; border-top-color:#000000; border-right-color:#000000; border-bottom-color:#000000; border-left-color:#000000; border-top-style:solid; border-right-style:solid; border-bottom-style:solid; border-left-style:solid;\">\n<p><span>Categoria<\/span> <\/p>\n<\/td>\n<td style=\" padding-left:0; padding-right:0; padding-top:0; padding-bottom:0; border-top-color:#000000; border-right-color:#000000; border-bottom-color:#000000; border-left-color:#000000; border-top-style:solid; border-right-style:solid; border-bottom-style:solid; border-left-style:solid;\">\n<p><span>Impacto com ValePix<\/span> <\/p>\n<\/td>\n<\/tr>\n<\/thead>\n<tr>\n<td style=\" padding-left:0; padding-right:0; padding-top:0; padding-bottom:0; border-top-color:#000000; border-right-color:#000000; border-bottom-color:#000000; border-left-color:#000000; border-top-style:solid; border-right-style:solid; border-bottom-style:solid; border-left-style:solid;\">\n<p><span>Taxa M\u00e1xima (Lei)<\/span> <\/p>\n<\/td>\n<td style=\" padding-left:0; padding-right:0; padding-top:0; padding-bottom:0; border-top-color:#000000; border-right-color:#000000; border-bottom-color:#000000; border-left-color:#000000; border-top-style:solid; border-right-style:solid; border-bottom-style:solid; border-left-style:solid;\">\n<p>At\u00e9 3,6% (<span>Valepix oferece taxa zero ao lojista e ao trabalhador<\/span>) <\/p>\n<\/td>\n<\/tr>\n<tr>\n<td style=\" padding-left:0; padding-right:0; padding-top:0; padding-bottom:0; border-top-color:#000000; border-right-color:#000000; border-bottom-color:#000000; border-left-color:#000000; border-top-style:solid; border-right-style:solid; border-bottom-style:solid; border-left-style:solid;\">\n<p><span>Prazo de Recebimento<\/span> <\/p>\n<\/td>\n<td style=\" padding-left:0; padding-right:0; padding-top:0; padding-bottom:0; border-top-color:#000000; border-right-color:#000000; border-bottom-color:#000000; border-left-color:#000000; border-top-style:solid; border-right-style:solid; border-bottom-style:solid; border-left-style:solid;\">\n<p>Instant\u00e2neo (via Pix) <\/p>\n<\/td>\n<\/tr>\n<tr>\n<td style=\" padding-left:0; padding-right:0; padding-top:0; padding-bottom:0; border-top-color:#000000; border-right-color:#000000; border-bottom-color:#000000; border-left-color:#000000; border-top-style:solid; border-right-style:solid; border-bottom-style:solid; border-left-style:solid;\">\n<p><span>Aceita\u00e7\u00e3o<\/span> <\/p>\n<\/td>\n<td style=\" padding-left:0; padding-right:0; padding-top:0; padding-bottom:0; border-top-color:#000000; border-right-color:#000000; border-bottom-color:#000000; border-left-color:#000000; border-top-style:solid; border-right-style:solid; border-bottom-style:solid; border-left-style:solid;\">\n<p>Praticamente universal (o pix \u00e9 aceito em 98% dos estabelecimentos) <\/p>\n<\/td>\n<\/tr>\n<tr>\n<td style=\" padding-left:0; padding-right:0; padding-top:0; padding-bottom:0; border-top-color:#000000; border-right-color:#000000; border-bottom-color:#000000; border-left-color:#000000; border-top-style:solid; border-right-style:solid; border-bottom-style:solid; border-left-style:solid;\">\n<p><span>Seguran\u00e7a<\/span> <\/p>\n<\/td>\n<td style=\" padding-left:0; padding-right:0; padding-top:0; padding-bottom:0; border-top-color:#000000; border-right-color:#000000; border-bottom-color:#000000; border-left-color:#000000; border-top-style:solid; border-right-style:solid; border-bottom-style:solid; border-left-style:solid;\">\n<p>Criptografia de ponta e trava de uso para alimentos <\/p>\n<\/td>\n<\/tr>\n<\/table>\n<p><span>O Veredito do Mercado<\/span> <\/p>\n<p><\/p>\n<p>O movimento liderado por fintechs brasileiras est\u00e1 corrigindo uma rota de d\u00e9cadas. Ao desafiar o mercado de <span>R$ 200 bilh\u00f5es<\/span>, o Vale-Alimenta\u00e7\u00e3o via Pix n\u00e3o apenas barateia o custo para o empres\u00e1rio, mas devolve ao trabalhador o direito de escolher onde sua refei\u00e7\u00e3o \u00e9 mais saborosa \u2014 seja no camarote ou no balc\u00e3o da rodovi\u00e1ria. <\/p>\n","protected":false},"excerpt":{"rendered":"<p>Por Reda\u00e7\u00e3o Economia &amp; Consumo Maring\u00e1, PR \u2014 13 de&#8230;<\/p>\n","protected":false},"author":1,"featured_media":75166,"comment_status":"open","ping_status":"open","sticky":false,"template":"","format":"standard","meta":{"_acf_changed":false,"footnotes":""},"categories":[32],"tags":[],"class_list":["post-75168","post","type-post","status-publish","format-standard","has-post-thumbnail","hentry","category-negocios"],"acf":[],"yoast_head":"<!-- This site is optimized with the Yoast SEO plugin v27.4 - https:\/\/yoast.com\/product\/yoast-seo-wordpress\/ -->\n<title>Carnaval 2026: O Fim da &quot;Corda&quot; para o Pequeno Com\u00e9rcio e a Revolu\u00e7\u00e3o do Vale-Alimenta\u00e7\u00e3o via Pix - LifesGo<\/title>\n<meta name=\"robots\" content=\"index, follow, max-snippet:-1, max-image-preview:large, max-video-preview:-1\" \/>\n<link rel=\"canonical\" href=\"https:\/\/lifesgo.an9.com.br\/index.php\/2026\/02\/13\/carnaval-2026-o-fim-da-corda-para-o-pequeno-comercio-e-a-revolucao-do-vale-alimentacao-via-pix\/\" \/>\n<meta property=\"og:locale\" content=\"en_US\" \/>\n<meta property=\"og:type\" content=\"article\" \/>\n<meta property=\"og:title\" content=\"Carnaval 2026: O Fim da &quot;Corda&quot; para o Pequeno Com\u00e9rcio e a Revolu\u00e7\u00e3o do Vale-Alimenta\u00e7\u00e3o via Pix - LifesGo\" \/>\n<meta property=\"og:description\" content=\"Por Reda\u00e7\u00e3o Economia &amp; Consumo Maring\u00e1, PR \u2014 13 de...\" \/>\n<meta property=\"og:url\" content=\"https:\/\/lifesgo.an9.com.br\/index.php\/2026\/02\/13\/carnaval-2026-o-fim-da-corda-para-o-pequeno-comercio-e-a-revolucao-do-vale-alimentacao-via-pix\/\" \/>\n<meta property=\"og:site_name\" content=\"LifesGo\" \/>\n<meta property=\"article:published_time\" content=\"2026-02-13T22:21:14+00:00\" \/>\n<meta property=\"og:image\" content=\"https:\/\/lifesgo.an9.com.br\/wp-content\/uploads\/2026\/02\/D2-Copy.jpg\" \/>\n<meta name=\"author\" content=\"Fernando Braga\" \/>\n<meta name=\"twitter:card\" content=\"summary_large_image\" \/>\n<meta name=\"twitter:label1\" content=\"Written by\" \/>\n\t<meta name=\"twitter:data1\" content=\"Fernando Braga\" \/>\n\t<meta name=\"twitter:label2\" content=\"Est. reading time\" \/>\n\t<meta name=\"twitter:data2\" content=\"3 minutes\" \/>\n<script type=\"application\/ld+json\" class=\"yoast-schema-graph\">{\"@context\":\"https:\\\/\\\/schema.org\",\"@graph\":[{\"@type\":\"Article\",\"@id\":\"https:\\\/\\\/lifesgo.an9.com.br\\\/index.php\\\/2026\\\/02\\\/13\\\/carnaval-2026-o-fim-da-corda-para-o-pequeno-comercio-e-a-revolucao-do-vale-alimentacao-via-pix\\\/#article\",\"isPartOf\":{\"@id\":\"https:\\\/\\\/lifesgo.an9.com.br\\\/index.php\\\/2026\\\/02\\\/13\\\/carnaval-2026-o-fim-da-corda-para-o-pequeno-comercio-e-a-revolucao-do-vale-alimentacao-via-pix\\\/\"},\"author\":{\"name\":\"Fernando Braga\",\"@id\":\"https:\\\/\\\/lifesgo.an9.com.br\\\/#\\\/schema\\\/person\\\/b34bfc24fce1f5cb9dc117e2efe61a07\"},\"headline\":\"Carnaval 2026: O Fim da &#8220;Corda&#8221; para o Pequeno Com\u00e9rcio e a Revolu\u00e7\u00e3o do Vale-Alimenta\u00e7\u00e3o via Pix\",\"datePublished\":\"2026-02-13T22:21:14+00:00\",\"mainEntityOfPage\":{\"@id\":\"https:\\\/\\\/lifesgo.an9.com.br\\\/index.php\\\/2026\\\/02\\\/13\\\/carnaval-2026-o-fim-da-corda-para-o-pequeno-comercio-e-a-revolucao-do-vale-alimentacao-via-pix\\\/\"},\"wordCount\":555,\"commentCount\":0,\"image\":{\"@id\":\"https:\\\/\\\/lifesgo.an9.com.br\\\/index.php\\\/2026\\\/02\\\/13\\\/carnaval-2026-o-fim-da-corda-para-o-pequeno-comercio-e-a-revolucao-do-vale-alimentacao-via-pix\\\/#primaryimage\"},\"thumbnailUrl\":\"https:\\\/\\\/lifesgo.an9.com.br\\\/wp-content\\\/uploads\\\/2026\\\/02\\\/D1-Copy.jpg\",\"articleSection\":[\"Neg\u00f3cios\"],\"inLanguage\":\"en-US\",\"potentialAction\":[{\"@type\":\"CommentAction\",\"name\":\"Comment\",\"target\":[\"https:\\\/\\\/lifesgo.an9.com.br\\\/index.php\\\/2026\\\/02\\\/13\\\/carnaval-2026-o-fim-da-corda-para-o-pequeno-comercio-e-a-revolucao-do-vale-alimentacao-via-pix\\\/#respond\"]}]},{\"@type\":\"WebPage\",\"@id\":\"https:\\\/\\\/lifesgo.an9.com.br\\\/index.php\\\/2026\\\/02\\\/13\\\/carnaval-2026-o-fim-da-corda-para-o-pequeno-comercio-e-a-revolucao-do-vale-alimentacao-via-pix\\\/\",\"url\":\"https:\\\/\\\/lifesgo.an9.com.br\\\/index.php\\\/2026\\\/02\\\/13\\\/carnaval-2026-o-fim-da-corda-para-o-pequeno-comercio-e-a-revolucao-do-vale-alimentacao-via-pix\\\/\",\"name\":\"Carnaval 2026: O Fim da \\\"Corda\\\" para o Pequeno Com\u00e9rcio e a Revolu\u00e7\u00e3o do Vale-Alimenta\u00e7\u00e3o via Pix - LifesGo\",\"isPartOf\":{\"@id\":\"https:\\\/\\\/lifesgo.an9.com.br\\\/#website\"},\"primaryImageOfPage\":{\"@id\":\"https:\\\/\\\/lifesgo.an9.com.br\\\/index.php\\\/2026\\\/02\\\/13\\\/carnaval-2026-o-fim-da-corda-para-o-pequeno-comercio-e-a-revolucao-do-vale-alimentacao-via-pix\\\/#primaryimage\"},\"image\":{\"@id\":\"https:\\\/\\\/lifesgo.an9.com.br\\\/index.php\\\/2026\\\/02\\\/13\\\/carnaval-2026-o-fim-da-corda-para-o-pequeno-comercio-e-a-revolucao-do-vale-alimentacao-via-pix\\\/#primaryimage\"},\"thumbnailUrl\":\"https:\\\/\\\/lifesgo.an9.com.br\\\/wp-content\\\/uploads\\\/2026\\\/02\\\/D1-Copy.jpg\",\"datePublished\":\"2026-02-13T22:21:14+00:00\",\"author\":{\"@id\":\"https:\\\/\\\/lifesgo.an9.com.br\\\/#\\\/schema\\\/person\\\/b34bfc24fce1f5cb9dc117e2efe61a07\"},\"breadcrumb\":{\"@id\":\"https:\\\/\\\/lifesgo.an9.com.br\\\/index.php\\\/2026\\\/02\\\/13\\\/carnaval-2026-o-fim-da-corda-para-o-pequeno-comercio-e-a-revolucao-do-vale-alimentacao-via-pix\\\/#breadcrumb\"},\"inLanguage\":\"en-US\",\"potentialAction\":[{\"@type\":\"ReadAction\",\"target\":[\"https:\\\/\\\/lifesgo.an9.com.br\\\/index.php\\\/2026\\\/02\\\/13\\\/carnaval-2026-o-fim-da-corda-para-o-pequeno-comercio-e-a-revolucao-do-vale-alimentacao-via-pix\\\/\"]}]},{\"@type\":\"ImageObject\",\"inLanguage\":\"en-US\",\"@id\":\"https:\\\/\\\/lifesgo.an9.com.br\\\/index.php\\\/2026\\\/02\\\/13\\\/carnaval-2026-o-fim-da-corda-para-o-pequeno-comercio-e-a-revolucao-do-vale-alimentacao-via-pix\\\/#primaryimage\",\"url\":\"https:\\\/\\\/lifesgo.an9.com.br\\\/wp-content\\\/uploads\\\/2026\\\/02\\\/D1-Copy.jpg\",\"contentUrl\":\"https:\\\/\\\/lifesgo.an9.com.br\\\/wp-content\\\/uploads\\\/2026\\\/02\\\/D1-Copy.jpg\",\"width\":800,\"height\":492},{\"@type\":\"BreadcrumbList\",\"@id\":\"https:\\\/\\\/lifesgo.an9.com.br\\\/index.php\\\/2026\\\/02\\\/13\\\/carnaval-2026-o-fim-da-corda-para-o-pequeno-comercio-e-a-revolucao-do-vale-alimentacao-via-pix\\\/#breadcrumb\",\"itemListElement\":[{\"@type\":\"ListItem\",\"position\":1,\"name\":\"In\u00edcio\",\"item\":\"https:\\\/\\\/lifesgo.an9.com.br\\\/\"},{\"@type\":\"ListItem\",\"position\":2,\"name\":\"Carnaval 2026: O Fim da &#8220;Corda&#8221; para o Pequeno Com\u00e9rcio e a Revolu\u00e7\u00e3o do Vale-Alimenta\u00e7\u00e3o via Pix\"}]},{\"@type\":\"WebSite\",\"@id\":\"https:\\\/\\\/lifesgo.an9.com.br\\\/#website\",\"url\":\"https:\\\/\\\/lifesgo.an9.com.br\\\/\",\"name\":\"LifesGo\",\"description\":\"\",\"potentialAction\":[{\"@type\":\"SearchAction\",\"target\":{\"@type\":\"EntryPoint\",\"urlTemplate\":\"https:\\\/\\\/lifesgo.an9.com.br\\\/?s={search_term_string}\"},\"query-input\":{\"@type\":\"PropertyValueSpecification\",\"valueRequired\":true,\"valueName\":\"search_term_string\"}}],\"inLanguage\":\"en-US\"},{\"@type\":\"Person\",\"@id\":\"https:\\\/\\\/lifesgo.an9.com.br\\\/#\\\/schema\\\/person\\\/b34bfc24fce1f5cb9dc117e2efe61a07\",\"name\":\"Fernando Braga\",\"image\":{\"@type\":\"ImageObject\",\"inLanguage\":\"en-US\",\"@id\":\"https:\\\/\\\/secure.gravatar.com\\\/avatar\\\/ffb6c6a544d3f2aff8e0c589f1d5e9d3459aa75486bb6627d6b49b9b24c34a3e?s=96&d=mm&r=g\",\"url\":\"https:\\\/\\\/secure.gravatar.com\\\/avatar\\\/ffb6c6a544d3f2aff8e0c589f1d5e9d3459aa75486bb6627d6b49b9b24c34a3e?s=96&d=mm&r=g\",\"contentUrl\":\"https:\\\/\\\/secure.gravatar.com\\\/avatar\\\/ffb6c6a544d3f2aff8e0c589f1d5e9d3459aa75486bb6627d6b49b9b24c34a3e?s=96&d=mm&r=g\",\"caption\":\"Fernando Braga\"},\"sameAs\":[\"https:\\\/\\\/lifesgo.com.br\"],\"url\":\"https:\\\/\\\/lifesgo.an9.com.br\\\/index.php\\\/author\\\/lucamor\\\/\"}]}<\/script>\n<!-- \/ Yoast SEO plugin. -->","yoast_head_json":{"title":"Carnaval 2026: O Fim da \"Corda\" para o Pequeno Com\u00e9rcio e a Revolu\u00e7\u00e3o do Vale-Alimenta\u00e7\u00e3o via Pix - LifesGo","robots":{"index":"index","follow":"follow","max-snippet":"max-snippet:-1","max-image-preview":"max-image-preview:large","max-video-preview":"max-video-preview:-1"},"canonical":"https:\/\/lifesgo.an9.com.br\/index.php\/2026\/02\/13\/carnaval-2026-o-fim-da-corda-para-o-pequeno-comercio-e-a-revolucao-do-vale-alimentacao-via-pix\/","og_locale":"en_US","og_type":"article","og_title":"Carnaval 2026: O Fim da \"Corda\" para o Pequeno Com\u00e9rcio e a Revolu\u00e7\u00e3o do Vale-Alimenta\u00e7\u00e3o via Pix - LifesGo","og_description":"Por Reda\u00e7\u00e3o Economia &amp; Consumo Maring\u00e1, PR \u2014 13 de...","og_url":"https:\/\/lifesgo.an9.com.br\/index.php\/2026\/02\/13\/carnaval-2026-o-fim-da-corda-para-o-pequeno-comercio-e-a-revolucao-do-vale-alimentacao-via-pix\/","og_site_name":"LifesGo","article_published_time":"2026-02-13T22:21:14+00:00","og_image":[{"url":"https:\/\/lifesgo.an9.com.br\/wp-content\/uploads\/2026\/02\/D2-Copy.jpg","type":"","width":"","height":""}],"author":"Fernando Braga","twitter_card":"summary_large_image","twitter_misc":{"Written by":"Fernando Braga","Est. reading time":"3 minutes"},"schema":{"@context":"https:\/\/schema.org","@graph":[{"@type":"Article","@id":"https:\/\/lifesgo.an9.com.br\/index.php\/2026\/02\/13\/carnaval-2026-o-fim-da-corda-para-o-pequeno-comercio-e-a-revolucao-do-vale-alimentacao-via-pix\/#article","isPartOf":{"@id":"https:\/\/lifesgo.an9.com.br\/index.php\/2026\/02\/13\/carnaval-2026-o-fim-da-corda-para-o-pequeno-comercio-e-a-revolucao-do-vale-alimentacao-via-pix\/"},"author":{"name":"Fernando Braga","@id":"https:\/\/lifesgo.an9.com.br\/#\/schema\/person\/b34bfc24fce1f5cb9dc117e2efe61a07"},"headline":"Carnaval 2026: O Fim da &#8220;Corda&#8221; para o Pequeno Com\u00e9rcio e a Revolu\u00e7\u00e3o do Vale-Alimenta\u00e7\u00e3o via Pix","datePublished":"2026-02-13T22:21:14+00:00","mainEntityOfPage":{"@id":"https:\/\/lifesgo.an9.com.br\/index.php\/2026\/02\/13\/carnaval-2026-o-fim-da-corda-para-o-pequeno-comercio-e-a-revolucao-do-vale-alimentacao-via-pix\/"},"wordCount":555,"commentCount":0,"image":{"@id":"https:\/\/lifesgo.an9.com.br\/index.php\/2026\/02\/13\/carnaval-2026-o-fim-da-corda-para-o-pequeno-comercio-e-a-revolucao-do-vale-alimentacao-via-pix\/#primaryimage"},"thumbnailUrl":"https:\/\/lifesgo.an9.com.br\/wp-content\/uploads\/2026\/02\/D1-Copy.jpg","articleSection":["Neg\u00f3cios"],"inLanguage":"en-US","potentialAction":[{"@type":"CommentAction","name":"Comment","target":["https:\/\/lifesgo.an9.com.br\/index.php\/2026\/02\/13\/carnaval-2026-o-fim-da-corda-para-o-pequeno-comercio-e-a-revolucao-do-vale-alimentacao-via-pix\/#respond"]}]},{"@type":"WebPage","@id":"https:\/\/lifesgo.an9.com.br\/index.php\/2026\/02\/13\/carnaval-2026-o-fim-da-corda-para-o-pequeno-comercio-e-a-revolucao-do-vale-alimentacao-via-pix\/","url":"https:\/\/lifesgo.an9.com.br\/index.php\/2026\/02\/13\/carnaval-2026-o-fim-da-corda-para-o-pequeno-comercio-e-a-revolucao-do-vale-alimentacao-via-pix\/","name":"Carnaval 2026: O Fim da \"Corda\" para o Pequeno Com\u00e9rcio e a Revolu\u00e7\u00e3o do Vale-Alimenta\u00e7\u00e3o via Pix - LifesGo","isPartOf":{"@id":"https:\/\/lifesgo.an9.com.br\/#website"},"primaryImageOfPage":{"@id":"https:\/\/lifesgo.an9.com.br\/index.php\/2026\/02\/13\/carnaval-2026-o-fim-da-corda-para-o-pequeno-comercio-e-a-revolucao-do-vale-alimentacao-via-pix\/#primaryimage"},"image":{"@id":"https:\/\/lifesgo.an9.com.br\/index.php\/2026\/02\/13\/carnaval-2026-o-fim-da-corda-para-o-pequeno-comercio-e-a-revolucao-do-vale-alimentacao-via-pix\/#primaryimage"},"thumbnailUrl":"https:\/\/lifesgo.an9.com.br\/wp-content\/uploads\/2026\/02\/D1-Copy.jpg","datePublished":"2026-02-13T22:21:14+00:00","author":{"@id":"https:\/\/lifesgo.an9.com.br\/#\/schema\/person\/b34bfc24fce1f5cb9dc117e2efe61a07"},"breadcrumb":{"@id":"https:\/\/lifesgo.an9.com.br\/index.php\/2026\/02\/13\/carnaval-2026-o-fim-da-corda-para-o-pequeno-comercio-e-a-revolucao-do-vale-alimentacao-via-pix\/#breadcrumb"},"inLanguage":"en-US","potentialAction":[{"@type":"ReadAction","target":["https:\/\/lifesgo.an9.com.br\/index.php\/2026\/02\/13\/carnaval-2026-o-fim-da-corda-para-o-pequeno-comercio-e-a-revolucao-do-vale-alimentacao-via-pix\/"]}]},{"@type":"ImageObject","inLanguage":"en-US","@id":"https:\/\/lifesgo.an9.com.br\/index.php\/2026\/02\/13\/carnaval-2026-o-fim-da-corda-para-o-pequeno-comercio-e-a-revolucao-do-vale-alimentacao-via-pix\/#primaryimage","url":"https:\/\/lifesgo.an9.com.br\/wp-content\/uploads\/2026\/02\/D1-Copy.jpg","contentUrl":"https:\/\/lifesgo.an9.com.br\/wp-content\/uploads\/2026\/02\/D1-Copy.jpg","width":800,"height":492},{"@type":"BreadcrumbList","@id":"https:\/\/lifesgo.an9.com.br\/index.php\/2026\/02\/13\/carnaval-2026-o-fim-da-corda-para-o-pequeno-comercio-e-a-revolucao-do-vale-alimentacao-via-pix\/#breadcrumb","itemListElement":[{"@type":"ListItem","position":1,"name":"In\u00edcio","item":"https:\/\/lifesgo.an9.com.br\/"},{"@type":"ListItem","position":2,"name":"Carnaval 2026: O Fim da &#8220;Corda&#8221; para o Pequeno Com\u00e9rcio e a Revolu\u00e7\u00e3o do Vale-Alimenta\u00e7\u00e3o via Pix"}]},{"@type":"WebSite","@id":"https:\/\/lifesgo.an9.com.br\/#website","url":"https:\/\/lifesgo.an9.com.br\/","name":"LifesGo","description":"","potentialAction":[{"@type":"SearchAction","target":{"@type":"EntryPoint","urlTemplate":"https:\/\/lifesgo.an9.com.br\/?s={search_term_string}"},"query-input":{"@type":"PropertyValueSpecification","valueRequired":true,"valueName":"search_term_string"}}],"inLanguage":"en-US"},{"@type":"Person","@id":"https:\/\/lifesgo.an9.com.br\/#\/schema\/person\/b34bfc24fce1f5cb9dc117e2efe61a07","name":"Fernando Braga","image":{"@type":"ImageObject","inLanguage":"en-US","@id":"https:\/\/secure.gravatar.com\/avatar\/ffb6c6a544d3f2aff8e0c589f1d5e9d3459aa75486bb6627d6b49b9b24c34a3e?s=96&d=mm&r=g","url":"https:\/\/secure.gravatar.com\/avatar\/ffb6c6a544d3f2aff8e0c589f1d5e9d3459aa75486bb6627d6b49b9b24c34a3e?s=96&d=mm&r=g","contentUrl":"https:\/\/secure.gravatar.com\/avatar\/ffb6c6a544d3f2aff8e0c589f1d5e9d3459aa75486bb6627d6b49b9b24c34a3e?s=96&d=mm&r=g","caption":"Fernando Braga"},"sameAs":["https:\/\/lifesgo.com.br"],"url":"https:\/\/lifesgo.an9.com.br\/index.php\/author\/lucamor\/"}]}},"_links":{"self":[{"href":"https:\/\/lifesgo.an9.com.br\/index.php\/wp-json\/wp\/v2\/posts\/75168","targetHints":{"allow":["GET"]}}],"collection":[{"href":"https:\/\/lifesgo.an9.com.br\/index.php\/wp-json\/wp\/v2\/posts"}],"about":[{"href":"https:\/\/lifesgo.an9.com.br\/index.php\/wp-json\/wp\/v2\/types\/post"}],"author":[{"embeddable":true,"href":"https:\/\/lifesgo.an9.com.br\/index.php\/wp-json\/wp\/v2\/users\/1"}],"replies":[{"embeddable":true,"href":"https:\/\/lifesgo.an9.com.br\/index.php\/wp-json\/wp\/v2\/comments?post=75168"}],"version-history":[{"count":0,"href":"https:\/\/lifesgo.an9.com.br\/index.php\/wp-json\/wp\/v2\/posts\/75168\/revisions"}],"wp:featuredmedia":[{"embeddable":true,"href":"https:\/\/lifesgo.an9.com.br\/index.php\/wp-json\/wp\/v2\/media\/75166"}],"wp:attachment":[{"href":"https:\/\/lifesgo.an9.com.br\/index.php\/wp-json\/wp\/v2\/media?parent=75168"}],"wp:term":[{"taxonomy":"category","embeddable":true,"href":"https:\/\/lifesgo.an9.com.br\/index.php\/wp-json\/wp\/v2\/categories?post=75168"},{"taxonomy":"post_tag","embeddable":true,"href":"https:\/\/lifesgo.an9.com.br\/index.php\/wp-json\/wp\/v2\/tags?post=75168"}],"curies":[{"name":"wp","href":"https:\/\/api.w.org\/{rel}","templated":true}]}}