{"id":72144,"date":"2025-11-28T11:56:46","date_gmt":"2025-11-28T14:56:46","guid":{"rendered":"https:\/\/lifesgo.an9.com.br\/?p=72144"},"modified":"2025-11-28T11:56:46","modified_gmt":"2025-11-28T14:56:46","slug":"ze-henrique-gabriel-lancam-mina-de-minas-homenagem-romantica-ao-estado-que-marcou-sua-trajetoria-2","status":"publish","type":"post","link":"https:\/\/lifesgo.an9.com.br\/index.php\/2025\/11\/28\/ze-henrique-gabriel-lancam-mina-de-minas-homenagem-romantica-ao-estado-que-marcou-sua-trajetoria-2\/","title":{"rendered":"Z\u00e9 Henrique &#038; Gabriel lan\u00e7am \u201cMina de Minas\u201d, homenagem rom\u00e2ntica ao estado que marcou sua trajet\u00f3ria"},"content":{"rendered":"<p>A dupla Z\u00e9 Henrique &#038; Gabriel apresenta ao Brasil seu novo lan\u00e7amento, \u201cMina de Minas\u201d, uma can\u00e7\u00e3o que refor\u00e7a a conex\u00e3o afetiva dos artistas com Minas Gerais \u2014 estado que, ao longo da carreira, abra\u00e7ou, impulsionou e se tornou parte fundamental da hist\u00f3ria da dupla.<\/p>\n<p>Com uma melodia atual, envolvente e carregada de emo\u00e7\u00e3o, \u201cMina de Minas\u201d traz a ess\u00eancia rom\u00e2ntica que consagrou Z\u00e9 Henrique &#038; Gabriel, agora com uma proposta musical mais moderna, alinhada ao novo momento art\u00edstico que a dupla vive. A m\u00fasica fala de uma paix\u00e3o mineira, representada com sensibilidade, carinho e a leveza t\u00edpica do povo de Minas.<\/p>\n<p>\u201cEssa m\u00fasica \u00e9 muito especial para n\u00f3s. Minas sempre foi como uma segunda casa e quisemos retribuir todo esse carinho com uma can\u00e7\u00e3o \u00e0 altura desse amor\u201d, destaca a dupla.<\/p>\n<p><img loading=\"lazy\" decoding=\"async\" class=\"aligncenter size-full wp-image-3206\" src=\"https:\/\/publisher.mcomglobal.com\/11\/wp-content\/uploads\/2025\/11\/WhatsApp-Image-2025-11-28-at-11.37.23-1-Copy.jpg\" alt=\"\" width=\"600\" height=\"600\" \/><\/p>\n<p><strong>Renova\u00e7\u00e3o art\u00edstica e conex\u00e3o com o p\u00fablico mineiro<\/strong><\/p>\n<p>Ao lan\u00e7ar \u201cMina de Minas\u201d, Z\u00e9 Henrique &#038; Gabriel refor\u00e7am n\u00e3o apenas seu v\u00ednculo com o p\u00fablico mineiro, mas tamb\u00e9m a nova fase do repert\u00f3rio da dupla \u2014 um momento de renova\u00e7\u00e3o, moderniza\u00e7\u00e3o e sonoridade atual, sem perder a identidade que os consagrou.<\/p>\n<p>O objetivo \u00e9 criar expectativa nos f\u00e3s e mostrar que essa m\u00fasica chega para marcar um novo cap\u00edtulo, valorizando as ra\u00edzes afetivas que a dupla construiu ao longo dos anos.<\/p>\n<p><strong>Por que Minas Gerais \u00e9 t\u00e3o importante para a dupla?<\/strong><\/p>\n<p>Minas Gerais foi um dos estados onde Z\u00e9 Henrique &#038; Gabriel mais se apresentaram, constru\u00edram hist\u00f3rias e conquistaram f\u00e3s. O lan\u00e7amento \u00e9 uma forma de agradecer e celebrar essa rela\u00e7\u00e3o que atravessa gera\u00e7\u00f5es.<\/p>\n<p><strong>Sobre a m\u00fasica<\/strong><br \/>\n\u2022 T\u00edtulo: Mina de Minas<br \/>\n\u2022 Artistas: Z\u00e9 Henrique &#038; Gabriel<br \/>\n\u2022 Proposta: Rom\u00e2ntica, atual e com forte identidade afetiva<br \/>\n\u2022 Foco: Homenagem a Minas Gerais e conex\u00e3o com o p\u00fablico<\/p>\n<p>\u201cMina de Minas\u201d j\u00e1 est\u00e1 dispon\u00edvel nas plataformas digitais e no YouTube e promete emocionar quem ama boa m\u00fasica, romantismo e a cultura mineira.<\/p>\n<p><iframe loading=\"lazy\" title=\"Z\u00e9 Henrique &amp; Gabriel - Mina de Minas (Clipe Oficial)\" width=\"640\" height=\"360\" src=\"https:\/\/www.youtube.com\/embed\/igj7M8qpNgY?feature=oembed\" frameborder=\"0\" allow=\"accelerometer; autoplay; clipboard-write; encrypted-media; gyroscope; picture-in-picture; web-share\" referrerpolicy=\"strict-origin-when-cross-origin\" allowfullscreen><\/iframe><\/p>\n<p>(Fotos : Arquivo Pessoal)<\/p>\n","protected":false},"excerpt":{"rendered":"<p>A dupla Z\u00e9 Henrique &#038; Gabriel apresenta ao Brasil seu&#8230;<\/p>\n","protected":false},"author":1,"featured_media":72143,"comment_status":"closed","ping_status":"open","sticky":false,"template":"","format":"standard","meta":{"_acf_changed":false,"footnotes":""},"categories":[27],"tags":[],"class_list":["post-72144","post","type-post","status-publish","format-standard","has-post-thumbnail","hentry","category-musica"],"acf":[],"yoast_head":"<!-- This site is optimized with the Yoast SEO plugin v28.3 - https:\/\/yoast.com\/product\/yoast-seo-wordpress\/ -->\n<title>Z\u00e9 Henrique &amp; Gabriel lan\u00e7am \u201cMina de Minas\u201d, homenagem rom\u00e2ntica ao estado que marcou sua trajet\u00f3ria - LifesGo<\/title>\n<meta name=\"robots\" content=\"index, follow, max-snippet:-1, max-image-preview:large, max-video-preview:-1\" \/>\n<link rel=\"canonical\" href=\"https:\/\/lifesgo.an9.com.br\/index.php\/2025\/11\/28\/ze-henrique-gabriel-lancam-mina-de-minas-homenagem-romantica-ao-estado-que-marcou-sua-trajetoria-2\/\" \/>\n<meta property=\"og:locale\" content=\"pt_BR\" \/>\n<meta property=\"og:type\" content=\"article\" \/>\n<meta property=\"og:title\" content=\"Z\u00e9 Henrique &amp; Gabriel lan\u00e7am \u201cMina de Minas\u201d, homenagem rom\u00e2ntica ao estado que marcou sua trajet\u00f3ria - LifesGo\" \/>\n<meta property=\"og:description\" content=\"A dupla Z\u00e9 Henrique &#038; Gabriel apresenta ao Brasil seu...\" \/>\n<meta property=\"og:url\" content=\"https:\/\/lifesgo.an9.com.br\/index.php\/2025\/11\/28\/ze-henrique-gabriel-lancam-mina-de-minas-homenagem-romantica-ao-estado-que-marcou-sua-trajetoria-2\/\" \/>\n<meta property=\"og:site_name\" content=\"LifesGo\" \/>\n<meta property=\"article:published_time\" content=\"2025-11-28T14:56:46+00:00\" \/>\n<meta property=\"og:image\" content=\"https:\/\/lifesgo.an9.com.br\/wp-content\/uploads\/2025\/11\/28112025-9-Copy-1.jpg\" \/>\n\t<meta property=\"og:image:width\" content=\"800\" \/>\n\t<meta property=\"og:image:height\" content=\"492\" \/>\n\t<meta property=\"og:image:type\" content=\"image\/jpeg\" \/>\n<meta name=\"author\" content=\"LifesGo\" \/>\n<meta name=\"twitter:card\" content=\"summary_large_image\" \/>\n<meta name=\"twitter:label1\" content=\"Escrito por\" \/>\n\t<meta name=\"twitter:data1\" content=\"LifesGo\" \/>\n\t<meta name=\"twitter:label2\" content=\"Est. tempo de leitura\" \/>\n\t<meta name=\"twitter:data2\" content=\"2 minutos\" \/>\n<script type=\"application\/ld+json\" class=\"yoast-schema-graph\">{\"@context\":\"https:\\\/\\\/schema.org\",\"@graph\":[{\"@type\":\"Article\",\"@id\":\"https:\\\/\\\/lifesgo.an9.com.br\\\/index.php\\\/2025\\\/11\\\/28\\\/ze-henrique-gabriel-lancam-mina-de-minas-homenagem-romantica-ao-estado-que-marcou-sua-trajetoria-2\\\/#article\",\"isPartOf\":{\"@id\":\"https:\\\/\\\/lifesgo.an9.com.br\\\/index.php\\\/2025\\\/11\\\/28\\\/ze-henrique-gabriel-lancam-mina-de-minas-homenagem-romantica-ao-estado-que-marcou-sua-trajetoria-2\\\/\"},\"author\":{\"name\":\"LifesGo\",\"@id\":\"https:\\\/\\\/lifesgo.an9.com.br\\\/#\\\/schema\\\/person\\\/b34bfc24fce1f5cb9dc117e2efe61a07\"},\"headline\":\"Z\u00e9 Henrique &#038; Gabriel lan\u00e7am \u201cMina de Minas\u201d, homenagem rom\u00e2ntica ao estado que marcou sua trajet\u00f3ria\",\"datePublished\":\"2025-11-28T14:56:46+00:00\",\"mainEntityOfPage\":{\"@id\":\"https:\\\/\\\/lifesgo.an9.com.br\\\/index.php\\\/2025\\\/11\\\/28\\\/ze-henrique-gabriel-lancam-mina-de-minas-homenagem-romantica-ao-estado-que-marcou-sua-trajetoria-2\\\/\"},\"wordCount\":386,\"image\":{\"@id\":\"https:\\\/\\\/lifesgo.an9.com.br\\\/index.php\\\/2025\\\/11\\\/28\\\/ze-henrique-gabriel-lancam-mina-de-minas-homenagem-romantica-ao-estado-que-marcou-sua-trajetoria-2\\\/#primaryimage\"},\"thumbnailUrl\":\"https:\\\/\\\/lifesgo.an9.com.br\\\/wp-content\\\/uploads\\\/2025\\\/11\\\/28112025-9-Copy-1.jpg\",\"articleSection\":[\"M\u00fasica\"],\"inLanguage\":\"pt-BR\"},{\"@type\":\"WebPage\",\"@id\":\"https:\\\/\\\/lifesgo.an9.com.br\\\/index.php\\\/2025\\\/11\\\/28\\\/ze-henrique-gabriel-lancam-mina-de-minas-homenagem-romantica-ao-estado-que-marcou-sua-trajetoria-2\\\/\",\"url\":\"https:\\\/\\\/lifesgo.an9.com.br\\\/index.php\\\/2025\\\/11\\\/28\\\/ze-henrique-gabriel-lancam-mina-de-minas-homenagem-romantica-ao-estado-que-marcou-sua-trajetoria-2\\\/\",\"name\":\"Z\u00e9 Henrique & Gabriel lan\u00e7am \u201cMina de Minas\u201d, homenagem rom\u00e2ntica ao estado que marcou sua trajet\u00f3ria - LifesGo\",\"isPartOf\":{\"@id\":\"https:\\\/\\\/lifesgo.an9.com.br\\\/#website\"},\"primaryImageOfPage\":{\"@id\":\"https:\\\/\\\/lifesgo.an9.com.br\\\/index.php\\\/2025\\\/11\\\/28\\\/ze-henrique-gabriel-lancam-mina-de-minas-homenagem-romantica-ao-estado-que-marcou-sua-trajetoria-2\\\/#primaryimage\"},\"image\":{\"@id\":\"https:\\\/\\\/lifesgo.an9.com.br\\\/index.php\\\/2025\\\/11\\\/28\\\/ze-henrique-gabriel-lancam-mina-de-minas-homenagem-romantica-ao-estado-que-marcou-sua-trajetoria-2\\\/#primaryimage\"},\"thumbnailUrl\":\"https:\\\/\\\/lifesgo.an9.com.br\\\/wp-content\\\/uploads\\\/2025\\\/11\\\/28112025-9-Copy-1.jpg\",\"datePublished\":\"2025-11-28T14:56:46+00:00\",\"author\":{\"@id\":\"https:\\\/\\\/lifesgo.an9.com.br\\\/#\\\/schema\\\/person\\\/b34bfc24fce1f5cb9dc117e2efe61a07\"},\"breadcrumb\":{\"@id\":\"https:\\\/\\\/lifesgo.an9.com.br\\\/index.php\\\/2025\\\/11\\\/28\\\/ze-henrique-gabriel-lancam-mina-de-minas-homenagem-romantica-ao-estado-que-marcou-sua-trajetoria-2\\\/#breadcrumb\"},\"inLanguage\":\"pt-BR\",\"potentialAction\":[{\"@type\":\"ReadAction\",\"target\":[\"https:\\\/\\\/lifesgo.an9.com.br\\\/index.php\\\/2025\\\/11\\\/28\\\/ze-henrique-gabriel-lancam-mina-de-minas-homenagem-romantica-ao-estado-que-marcou-sua-trajetoria-2\\\/\"]}]},{\"@type\":\"ImageObject\",\"inLanguage\":\"pt-BR\",\"@id\":\"https:\\\/\\\/lifesgo.an9.com.br\\\/index.php\\\/2025\\\/11\\\/28\\\/ze-henrique-gabriel-lancam-mina-de-minas-homenagem-romantica-ao-estado-que-marcou-sua-trajetoria-2\\\/#primaryimage\",\"url\":\"https:\\\/\\\/lifesgo.an9.com.br\\\/wp-content\\\/uploads\\\/2025\\\/11\\\/28112025-9-Copy-1.jpg\",\"contentUrl\":\"https:\\\/\\\/lifesgo.an9.com.br\\\/wp-content\\\/uploads\\\/2025\\\/11\\\/28112025-9-Copy-1.jpg\",\"width\":800,\"height\":492},{\"@type\":\"BreadcrumbList\",\"@id\":\"https:\\\/\\\/lifesgo.an9.com.br\\\/index.php\\\/2025\\\/11\\\/28\\\/ze-henrique-gabriel-lancam-mina-de-minas-homenagem-romantica-ao-estado-que-marcou-sua-trajetoria-2\\\/#breadcrumb\",\"itemListElement\":[{\"@type\":\"ListItem\",\"position\":1,\"name\":\"In\u00edcio\",\"item\":\"https:\\\/\\\/lifesgo.an9.com.br\\\/\"},{\"@type\":\"ListItem\",\"position\":2,\"name\":\"Z\u00e9 Henrique &#038; Gabriel lan\u00e7am \u201cMina de Minas\u201d, homenagem rom\u00e2ntica ao estado que marcou sua trajet\u00f3ria\"}]},{\"@type\":\"WebSite\",\"@id\":\"https:\\\/\\\/lifesgo.an9.com.br\\\/#website\",\"url\":\"https:\\\/\\\/lifesgo.an9.com.br\\\/\",\"name\":\"LifesGo\",\"description\":\"\",\"potentialAction\":[{\"@type\":\"SearchAction\",\"target\":{\"@type\":\"EntryPoint\",\"urlTemplate\":\"https:\\\/\\\/lifesgo.an9.com.br\\\/?s={search_term_string}\"},\"query-input\":{\"@type\":\"PropertyValueSpecification\",\"valueRequired\":true,\"valueName\":\"search_term_string\"}}],\"inLanguage\":\"pt-BR\"},{\"@type\":\"Person\",\"@id\":\"https:\\\/\\\/lifesgo.an9.com.br\\\/#\\\/schema\\\/person\\\/b34bfc24fce1f5cb9dc117e2efe61a07\",\"name\":\"LifesGo\",\"image\":{\"@type\":\"ImageObject\",\"inLanguage\":\"pt-BR\",\"@id\":\"https:\\\/\\\/secure.gravatar.com\\\/avatar\\\/ed0fb6c2dc8ca8634274f12b6bcee558dbcb1b05612be222e7d40b115c40b4f2?s=96&d=mm&r=g\",\"url\":\"https:\\\/\\\/secure.gravatar.com\\\/avatar\\\/ed0fb6c2dc8ca8634274f12b6bcee558dbcb1b05612be222e7d40b115c40b4f2?s=96&d=mm&r=g\",\"contentUrl\":\"https:\\\/\\\/secure.gravatar.com\\\/avatar\\\/ed0fb6c2dc8ca8634274f12b6bcee558dbcb1b05612be222e7d40b115c40b4f2?s=96&d=mm&r=g\",\"caption\":\"LifesGo\"},\"sameAs\":[\"https:\\\/\\\/lifesgo.com.br\"],\"url\":\"https:\\\/\\\/lifesgo.an9.com.br\\\/index.php\\\/author\\\/lucamor\\\/\"}]}<\/script>\n<!-- \/ Yoast SEO plugin. -->","yoast_head_json":{"title":"Z\u00e9 Henrique & Gabriel lan\u00e7am \u201cMina de Minas\u201d, homenagem rom\u00e2ntica ao estado que marcou sua trajet\u00f3ria - LifesGo","robots":{"index":"index","follow":"follow","max-snippet":"max-snippet:-1","max-image-preview":"max-image-preview:large","max-video-preview":"max-video-preview:-1"},"canonical":"https:\/\/lifesgo.an9.com.br\/index.php\/2025\/11\/28\/ze-henrique-gabriel-lancam-mina-de-minas-homenagem-romantica-ao-estado-que-marcou-sua-trajetoria-2\/","og_locale":"pt_BR","og_type":"article","og_title":"Z\u00e9 Henrique & Gabriel lan\u00e7am \u201cMina de Minas\u201d, homenagem rom\u00e2ntica ao estado que marcou sua trajet\u00f3ria - LifesGo","og_description":"A dupla Z\u00e9 Henrique &#038; Gabriel apresenta ao Brasil seu...","og_url":"https:\/\/lifesgo.an9.com.br\/index.php\/2025\/11\/28\/ze-henrique-gabriel-lancam-mina-de-minas-homenagem-romantica-ao-estado-que-marcou-sua-trajetoria-2\/","og_site_name":"LifesGo","article_published_time":"2025-11-28T14:56:46+00:00","og_image":[{"width":800,"height":492,"url":"https:\/\/lifesgo.an9.com.br\/wp-content\/uploads\/2025\/11\/28112025-9-Copy-1.jpg","type":"image\/jpeg"}],"author":"LifesGo","twitter_card":"summary_large_image","twitter_misc":{"Escrito por":"LifesGo","Est. tempo de leitura":"2 minutos"},"schema":{"@context":"https:\/\/schema.org","@graph":[{"@type":"Article","@id":"https:\/\/lifesgo.an9.com.br\/index.php\/2025\/11\/28\/ze-henrique-gabriel-lancam-mina-de-minas-homenagem-romantica-ao-estado-que-marcou-sua-trajetoria-2\/#article","isPartOf":{"@id":"https:\/\/lifesgo.an9.com.br\/index.php\/2025\/11\/28\/ze-henrique-gabriel-lancam-mina-de-minas-homenagem-romantica-ao-estado-que-marcou-sua-trajetoria-2\/"},"author":{"name":"LifesGo","@id":"https:\/\/lifesgo.an9.com.br\/#\/schema\/person\/b34bfc24fce1f5cb9dc117e2efe61a07"},"headline":"Z\u00e9 Henrique &#038; Gabriel lan\u00e7am \u201cMina de Minas\u201d, homenagem rom\u00e2ntica ao estado que marcou sua trajet\u00f3ria","datePublished":"2025-11-28T14:56:46+00:00","mainEntityOfPage":{"@id":"https:\/\/lifesgo.an9.com.br\/index.php\/2025\/11\/28\/ze-henrique-gabriel-lancam-mina-de-minas-homenagem-romantica-ao-estado-que-marcou-sua-trajetoria-2\/"},"wordCount":386,"image":{"@id":"https:\/\/lifesgo.an9.com.br\/index.php\/2025\/11\/28\/ze-henrique-gabriel-lancam-mina-de-minas-homenagem-romantica-ao-estado-que-marcou-sua-trajetoria-2\/#primaryimage"},"thumbnailUrl":"https:\/\/lifesgo.an9.com.br\/wp-content\/uploads\/2025\/11\/28112025-9-Copy-1.jpg","articleSection":["M\u00fasica"],"inLanguage":"pt-BR"},{"@type":"WebPage","@id":"https:\/\/lifesgo.an9.com.br\/index.php\/2025\/11\/28\/ze-henrique-gabriel-lancam-mina-de-minas-homenagem-romantica-ao-estado-que-marcou-sua-trajetoria-2\/","url":"https:\/\/lifesgo.an9.com.br\/index.php\/2025\/11\/28\/ze-henrique-gabriel-lancam-mina-de-minas-homenagem-romantica-ao-estado-que-marcou-sua-trajetoria-2\/","name":"Z\u00e9 Henrique & Gabriel lan\u00e7am \u201cMina de Minas\u201d, homenagem rom\u00e2ntica ao estado que marcou sua trajet\u00f3ria - LifesGo","isPartOf":{"@id":"https:\/\/lifesgo.an9.com.br\/#website"},"primaryImageOfPage":{"@id":"https:\/\/lifesgo.an9.com.br\/index.php\/2025\/11\/28\/ze-henrique-gabriel-lancam-mina-de-minas-homenagem-romantica-ao-estado-que-marcou-sua-trajetoria-2\/#primaryimage"},"image":{"@id":"https:\/\/lifesgo.an9.com.br\/index.php\/2025\/11\/28\/ze-henrique-gabriel-lancam-mina-de-minas-homenagem-romantica-ao-estado-que-marcou-sua-trajetoria-2\/#primaryimage"},"thumbnailUrl":"https:\/\/lifesgo.an9.com.br\/wp-content\/uploads\/2025\/11\/28112025-9-Copy-1.jpg","datePublished":"2025-11-28T14:56:46+00:00","author":{"@id":"https:\/\/lifesgo.an9.com.br\/#\/schema\/person\/b34bfc24fce1f5cb9dc117e2efe61a07"},"breadcrumb":{"@id":"https:\/\/lifesgo.an9.com.br\/index.php\/2025\/11\/28\/ze-henrique-gabriel-lancam-mina-de-minas-homenagem-romantica-ao-estado-que-marcou-sua-trajetoria-2\/#breadcrumb"},"inLanguage":"pt-BR","potentialAction":[{"@type":"ReadAction","target":["https:\/\/lifesgo.an9.com.br\/index.php\/2025\/11\/28\/ze-henrique-gabriel-lancam-mina-de-minas-homenagem-romantica-ao-estado-que-marcou-sua-trajetoria-2\/"]}]},{"@type":"ImageObject","inLanguage":"pt-BR","@id":"https:\/\/lifesgo.an9.com.br\/index.php\/2025\/11\/28\/ze-henrique-gabriel-lancam-mina-de-minas-homenagem-romantica-ao-estado-que-marcou-sua-trajetoria-2\/#primaryimage","url":"https:\/\/lifesgo.an9.com.br\/wp-content\/uploads\/2025\/11\/28112025-9-Copy-1.jpg","contentUrl":"https:\/\/lifesgo.an9.com.br\/wp-content\/uploads\/2025\/11\/28112025-9-Copy-1.jpg","width":800,"height":492},{"@type":"BreadcrumbList","@id":"https:\/\/lifesgo.an9.com.br\/index.php\/2025\/11\/28\/ze-henrique-gabriel-lancam-mina-de-minas-homenagem-romantica-ao-estado-que-marcou-sua-trajetoria-2\/#breadcrumb","itemListElement":[{"@type":"ListItem","position":1,"name":"In\u00edcio","item":"https:\/\/lifesgo.an9.com.br\/"},{"@type":"ListItem","position":2,"name":"Z\u00e9 Henrique &#038; Gabriel lan\u00e7am \u201cMina de Minas\u201d, homenagem rom\u00e2ntica ao estado que marcou sua trajet\u00f3ria"}]},{"@type":"WebSite","@id":"https:\/\/lifesgo.an9.com.br\/#website","url":"https:\/\/lifesgo.an9.com.br\/","name":"LifesGo","description":"","potentialAction":[{"@type":"SearchAction","target":{"@type":"EntryPoint","urlTemplate":"https:\/\/lifesgo.an9.com.br\/?s={search_term_string}"},"query-input":{"@type":"PropertyValueSpecification","valueRequired":true,"valueName":"search_term_string"}}],"inLanguage":"pt-BR"},{"@type":"Person","@id":"https:\/\/lifesgo.an9.com.br\/#\/schema\/person\/b34bfc24fce1f5cb9dc117e2efe61a07","name":"LifesGo","image":{"@type":"ImageObject","inLanguage":"pt-BR","@id":"https:\/\/secure.gravatar.com\/avatar\/ed0fb6c2dc8ca8634274f12b6bcee558dbcb1b05612be222e7d40b115c40b4f2?s=96&d=mm&r=g","url":"https:\/\/secure.gravatar.com\/avatar\/ed0fb6c2dc8ca8634274f12b6bcee558dbcb1b05612be222e7d40b115c40b4f2?s=96&d=mm&r=g","contentUrl":"https:\/\/secure.gravatar.com\/avatar\/ed0fb6c2dc8ca8634274f12b6bcee558dbcb1b05612be222e7d40b115c40b4f2?s=96&d=mm&r=g","caption":"LifesGo"},"sameAs":["https:\/\/lifesgo.com.br"],"url":"https:\/\/lifesgo.an9.com.br\/index.php\/author\/lucamor\/"}]}},"_links":{"self":[{"href":"https:\/\/lifesgo.an9.com.br\/index.php\/wp-json\/wp\/v2\/posts\/72144","targetHints":{"allow":["GET"]}}],"collection":[{"href":"https:\/\/lifesgo.an9.com.br\/index.php\/wp-json\/wp\/v2\/posts"}],"about":[{"href":"https:\/\/lifesgo.an9.com.br\/index.php\/wp-json\/wp\/v2\/types\/post"}],"author":[{"embeddable":true,"href":"https:\/\/lifesgo.an9.com.br\/index.php\/wp-json\/wp\/v2\/users\/1"}],"replies":[{"embeddable":true,"href":"https:\/\/lifesgo.an9.com.br\/index.php\/wp-json\/wp\/v2\/comments?post=72144"}],"version-history":[{"count":1,"href":"https:\/\/lifesgo.an9.com.br\/index.php\/wp-json\/wp\/v2\/posts\/72144\/revisions"}],"predecessor-version":[{"id":72145,"href":"https:\/\/lifesgo.an9.com.br\/index.php\/wp-json\/wp\/v2\/posts\/72144\/revisions\/72145"}],"wp:featuredmedia":[{"embeddable":true,"href":"https:\/\/lifesgo.an9.com.br\/index.php\/wp-json\/wp\/v2\/media\/72143"}],"wp:attachment":[{"href":"https:\/\/lifesgo.an9.com.br\/index.php\/wp-json\/wp\/v2\/media?parent=72144"}],"wp:term":[{"taxonomy":"category","embeddable":true,"href":"https:\/\/lifesgo.an9.com.br\/index.php\/wp-json\/wp\/v2\/categories?post=72144"},{"taxonomy":"post_tag","embeddable":true,"href":"https:\/\/lifesgo.an9.com.br\/index.php\/wp-json\/wp\/v2\/tags?post=72144"}],"curies":[{"name":"wp","href":"https:\/\/api.w.org\/{rel}","templated":true}]}}