{"id":71906,"date":"2025-11-25T11:21:15","date_gmt":"2025-11-25T14:21:15","guid":{"rendered":"https:\/\/lifesgo.an9.com.br\/?p=71906"},"modified":"2025-11-25T11:21:15","modified_gmt":"2025-11-25T14:21:15","slug":"seletiva-de-modelos-chega-a-pocos-de-caldas-com-editoriais-especiais","status":"publish","type":"post","link":"https:\/\/lifesgo.an9.com.br\/index.php\/2025\/11\/25\/seletiva-de-modelos-chega-a-pocos-de-caldas-com-editoriais-especiais\/","title":{"rendered":"Seletiva de modelos chega a Po\u00e7os de Caldas com editoriais especiais"},"content":{"rendered":"<p><strong>Max Fashion Tour ser\u00e1 realizado nos dias 29 e 30 de novembro no Hotel Fazenda Po\u00e7os de Caldas<\/strong><\/p>\n<p>Po\u00e7os de Caldas ser\u00e1 o pr\u00f3ximo destino do Max Fashion Tour, um dos maiores eventos de descoberta de novos talentos da moda no Brasil. A seletiva acontece nos dias 29 e 30 de novembro de 2025, no Hotel Fazenda Po\u00e7os de Caldas, e promete movimentar o cen\u00e1rio fashion da regi\u00e3o com uma programa\u00e7\u00e3o especial, incluindo editoriais estrelados por modelos locais revelados em edi\u00e7\u00f5es anteriores do projeto.<\/p>\n<p>Aberto a perfis diversos, com ou sem experi\u00eancia, de 0 a 60 anos, o evento refor\u00e7a o compromisso do Max Fashion Tour com inclus\u00e3o, representatividade e a cria\u00e7\u00e3o de oportunidades reais no mercado da moda. Para Gisele Andrade, coordenadora do projeto, cada edi\u00e7\u00e3o representa uma chance de transforma\u00e7\u00e3o. \u201cNosso objetivo \u00e9 abrir portas, oferecer informa\u00e7\u00e3o de qualidade e acolher cada participante com respeito \u00e0 sua hist\u00f3ria. Ver talentos que come\u00e7aram com a gente voltando aos editoriais como profissionais consolidados mostra que o Max Fashion Tour realmente muda vidas\u201d, afirma.<\/p>\n<p><img loading=\"lazy\" decoding=\"async\" class=\"aligncenter size-full wp-image-15046\" src=\"https:\/\/publisher.mcomglobal.com\/7\/wp-content\/uploads\/2025\/11\/WhatsApp-Image-2025-11-25-at-11.14.22-2-Copy.jpg\" alt=\"\" width=\"800\" height=\"600\" \/><\/p>\n<p>Durante os dois dias de evento, os participantes inscritos ter\u00e3o acesso a uma palestra sobre o funcionamento do mercado art\u00edstico, conduzida por profissionais experientes da ag\u00eancia. Al\u00e9m disso, passar\u00e3o por uma avalia\u00e7\u00e3o realizada pela equipe de ca\u00e7a-talentos da Max Fama. Os aprovados poder\u00e3o iniciar uma carreira promissora com suporte completo, incluindo orienta\u00e7\u00e3o de postura, comportamento e direcionamento para oportunidades dentro do universo fashion.<\/p>\n<p><img loading=\"lazy\" decoding=\"async\" class=\"aligncenter size-full wp-image-15047\" src=\"https:\/\/publisher.mcomglobal.com\/7\/wp-content\/uploads\/2025\/11\/WhatsApp-Image-2025-11-25-at-11.14.22-1-Copy.jpg\" alt=\"\" width=\"800\" height=\"533\" \/><\/p>\n<p>A Max Fama integra o Grupo YBrasil, conglomerado formado por empresas dedicadas ao desenvolvimento art\u00edstico e profissional de modelos e influenciadores. A ag\u00eancia oferece forma\u00e7\u00e3o cont\u00ednua por meio do Curso de Passarela da Escola de Modelo, do Curso de Influenciador Digital da Pop School e de outras capacita\u00e7\u00f5es dispon\u00edveis na plataforma online Prada, tamb\u00e9m pertencente ao grupo. Esse ecossistema garante aos novos talentos uma prepara\u00e7\u00e3o moderna, acess\u00edvel e alinhada \u00e0s exig\u00eancias do mercado atual.<\/p>\n<p>As inscri\u00e7\u00f5es s\u00e3o gratuitas e devem ser feitas antecipadamente pelo site oficial da Max Fama (<a href=\"http:\/\/www.maxfama.com.br\">www.maxfama.com.br<\/a>), na aba Max Fashion Tour. O Hotel Fazenda Po\u00e7os de Caldas oferece infraestrutura completa em meio \u00e0 natureza, garantindo conforto e praticidade para participantes e acompanhantes.<\/p>\n<p><strong>Sobre a Max Fama<\/strong><\/p>\n<p>A ag\u00eancia de modelos Max Fama est\u00e1 no mercado desde 2002. Sediada em Pinheiros, zona oeste de S\u00e3o Paulo, tamb\u00e9m possui filiais na capital paulista.<\/p>\n<p>Consolidada no mercado como a ag\u00eancia com o maior n\u00famero de \u201cnew faces\u201d do Brasil, a Max Fama trabalha com todos os perfis de modelos, promovendo inclus\u00e3o e diversidade no mundo da moda.<\/p>\n<p><strong>Servi\u00e7o<\/strong><\/p>\n<p>Max Fashion Tour Po\u00e7os de Caldas<\/p>\n<p>Data: 29 e 30 de novembro de 2025<\/p>\n<p>Local: Hotel Fazenda Po\u00e7os de Caldas<\/p>\n<p>Endere\u00e7o: 7,5 Rodovia &#8211; Avenida Geraldo Martins Costa, s\/n &#8211; Zona Rural, Po\u00e7os de Caldas &#8211; MG, 37706-306<\/p>\n<p>Inscri\u00e7\u00f5es: <a href=\"https:\/\/www.maxfama.com.br\">https:\/\/www.maxfama.com.br<\/a> (na aba Max Fashion Tour)<\/p>\n","protected":false},"excerpt":{"rendered":"<p>Max Fashion Tour ser\u00e1 realizado nos dias 29 e 30&#8230;<\/p>\n","protected":false},"author":1,"featured_media":71905,"comment_status":"closed","ping_status":"open","sticky":false,"template":"","format":"standard","meta":{"_acf_changed":false,"footnotes":""},"categories":[39],"tags":[],"class_list":["post-71906","post","type-post","status-publish","format-standard","has-post-thumbnail","hentry","category-moda"],"acf":[],"yoast_head":"<!-- This site is optimized with the Yoast SEO plugin v27.5 - https:\/\/yoast.com\/product\/yoast-seo-wordpress\/ -->\n<title>Seletiva de modelos chega a Po\u00e7os de Caldas com editoriais especiais - LifesGo<\/title>\n<meta name=\"robots\" content=\"index, follow, max-snippet:-1, max-image-preview:large, max-video-preview:-1\" \/>\n<link rel=\"canonical\" href=\"https:\/\/lifesgo.an9.com.br\/index.php\/2025\/11\/25\/seletiva-de-modelos-chega-a-pocos-de-caldas-com-editoriais-especiais\/\" \/>\n<meta property=\"og:locale\" content=\"en_US\" \/>\n<meta property=\"og:type\" content=\"article\" \/>\n<meta property=\"og:title\" content=\"Seletiva de modelos chega a Po\u00e7os de Caldas com editoriais especiais - LifesGo\" \/>\n<meta property=\"og:description\" content=\"Max Fashion Tour ser\u00e1 realizado nos dias 29 e 30...\" \/>\n<meta property=\"og:url\" content=\"https:\/\/lifesgo.an9.com.br\/index.php\/2025\/11\/25\/seletiva-de-modelos-chega-a-pocos-de-caldas-com-editoriais-especiais\/\" \/>\n<meta property=\"og:site_name\" content=\"LifesGo\" \/>\n<meta property=\"article:published_time\" content=\"2025-11-25T14:21:15+00:00\" \/>\n<meta property=\"og:image\" content=\"https:\/\/lifesgo.an9.com.br\/wp-content\/uploads\/2025\/11\/25112025-17-Copy.jpg\" \/>\n\t<meta property=\"og:image:width\" content=\"800\" \/>\n\t<meta property=\"og:image:height\" content=\"492\" \/>\n\t<meta property=\"og:image:type\" content=\"image\/jpeg\" \/>\n<meta name=\"author\" content=\"Fernando Braga\" \/>\n<meta name=\"twitter:card\" content=\"summary_large_image\" \/>\n<meta name=\"twitter:label1\" content=\"Written by\" \/>\n\t<meta name=\"twitter:data1\" content=\"Fernando Braga\" \/>\n\t<meta name=\"twitter:label2\" content=\"Est. reading time\" \/>\n\t<meta name=\"twitter:data2\" content=\"3 minutes\" \/>\n<script type=\"application\/ld+json\" class=\"yoast-schema-graph\">{\"@context\":\"https:\\\/\\\/schema.org\",\"@graph\":[{\"@type\":\"Article\",\"@id\":\"https:\\\/\\\/lifesgo.an9.com.br\\\/index.php\\\/2025\\\/11\\\/25\\\/seletiva-de-modelos-chega-a-pocos-de-caldas-com-editoriais-especiais\\\/#article\",\"isPartOf\":{\"@id\":\"https:\\\/\\\/lifesgo.an9.com.br\\\/index.php\\\/2025\\\/11\\\/25\\\/seletiva-de-modelos-chega-a-pocos-de-caldas-com-editoriais-especiais\\\/\"},\"author\":{\"name\":\"Fernando Braga\",\"@id\":\"https:\\\/\\\/lifesgo.an9.com.br\\\/#\\\/schema\\\/person\\\/b34bfc24fce1f5cb9dc117e2efe61a07\"},\"headline\":\"Seletiva de modelos chega a Po\u00e7os de Caldas com editoriais especiais\",\"datePublished\":\"2025-11-25T14:21:15+00:00\",\"mainEntityOfPage\":{\"@id\":\"https:\\\/\\\/lifesgo.an9.com.br\\\/index.php\\\/2025\\\/11\\\/25\\\/seletiva-de-modelos-chega-a-pocos-de-caldas-com-editoriais-especiais\\\/\"},\"wordCount\":516,\"image\":{\"@id\":\"https:\\\/\\\/lifesgo.an9.com.br\\\/index.php\\\/2025\\\/11\\\/25\\\/seletiva-de-modelos-chega-a-pocos-de-caldas-com-editoriais-especiais\\\/#primaryimage\"},\"thumbnailUrl\":\"https:\\\/\\\/lifesgo.an9.com.br\\\/wp-content\\\/uploads\\\/2025\\\/11\\\/25112025-17-Copy.jpg\",\"articleSection\":[\"Moda\"],\"inLanguage\":\"en-US\"},{\"@type\":\"WebPage\",\"@id\":\"https:\\\/\\\/lifesgo.an9.com.br\\\/index.php\\\/2025\\\/11\\\/25\\\/seletiva-de-modelos-chega-a-pocos-de-caldas-com-editoriais-especiais\\\/\",\"url\":\"https:\\\/\\\/lifesgo.an9.com.br\\\/index.php\\\/2025\\\/11\\\/25\\\/seletiva-de-modelos-chega-a-pocos-de-caldas-com-editoriais-especiais\\\/\",\"name\":\"Seletiva de modelos chega a Po\u00e7os de Caldas com editoriais especiais - LifesGo\",\"isPartOf\":{\"@id\":\"https:\\\/\\\/lifesgo.an9.com.br\\\/#website\"},\"primaryImageOfPage\":{\"@id\":\"https:\\\/\\\/lifesgo.an9.com.br\\\/index.php\\\/2025\\\/11\\\/25\\\/seletiva-de-modelos-chega-a-pocos-de-caldas-com-editoriais-especiais\\\/#primaryimage\"},\"image\":{\"@id\":\"https:\\\/\\\/lifesgo.an9.com.br\\\/index.php\\\/2025\\\/11\\\/25\\\/seletiva-de-modelos-chega-a-pocos-de-caldas-com-editoriais-especiais\\\/#primaryimage\"},\"thumbnailUrl\":\"https:\\\/\\\/lifesgo.an9.com.br\\\/wp-content\\\/uploads\\\/2025\\\/11\\\/25112025-17-Copy.jpg\",\"datePublished\":\"2025-11-25T14:21:15+00:00\",\"author\":{\"@id\":\"https:\\\/\\\/lifesgo.an9.com.br\\\/#\\\/schema\\\/person\\\/b34bfc24fce1f5cb9dc117e2efe61a07\"},\"breadcrumb\":{\"@id\":\"https:\\\/\\\/lifesgo.an9.com.br\\\/index.php\\\/2025\\\/11\\\/25\\\/seletiva-de-modelos-chega-a-pocos-de-caldas-com-editoriais-especiais\\\/#breadcrumb\"},\"inLanguage\":\"en-US\",\"potentialAction\":[{\"@type\":\"ReadAction\",\"target\":[\"https:\\\/\\\/lifesgo.an9.com.br\\\/index.php\\\/2025\\\/11\\\/25\\\/seletiva-de-modelos-chega-a-pocos-de-caldas-com-editoriais-especiais\\\/\"]}]},{\"@type\":\"ImageObject\",\"inLanguage\":\"en-US\",\"@id\":\"https:\\\/\\\/lifesgo.an9.com.br\\\/index.php\\\/2025\\\/11\\\/25\\\/seletiva-de-modelos-chega-a-pocos-de-caldas-com-editoriais-especiais\\\/#primaryimage\",\"url\":\"https:\\\/\\\/lifesgo.an9.com.br\\\/wp-content\\\/uploads\\\/2025\\\/11\\\/25112025-17-Copy.jpg\",\"contentUrl\":\"https:\\\/\\\/lifesgo.an9.com.br\\\/wp-content\\\/uploads\\\/2025\\\/11\\\/25112025-17-Copy.jpg\",\"width\":800,\"height\":492},{\"@type\":\"BreadcrumbList\",\"@id\":\"https:\\\/\\\/lifesgo.an9.com.br\\\/index.php\\\/2025\\\/11\\\/25\\\/seletiva-de-modelos-chega-a-pocos-de-caldas-com-editoriais-especiais\\\/#breadcrumb\",\"itemListElement\":[{\"@type\":\"ListItem\",\"position\":1,\"name\":\"In\u00edcio\",\"item\":\"https:\\\/\\\/lifesgo.an9.com.br\\\/\"},{\"@type\":\"ListItem\",\"position\":2,\"name\":\"Seletiva de modelos chega a Po\u00e7os de Caldas com editoriais especiais\"}]},{\"@type\":\"WebSite\",\"@id\":\"https:\\\/\\\/lifesgo.an9.com.br\\\/#website\",\"url\":\"https:\\\/\\\/lifesgo.an9.com.br\\\/\",\"name\":\"LifesGo\",\"description\":\"\",\"potentialAction\":[{\"@type\":\"SearchAction\",\"target\":{\"@type\":\"EntryPoint\",\"urlTemplate\":\"https:\\\/\\\/lifesgo.an9.com.br\\\/?s={search_term_string}\"},\"query-input\":{\"@type\":\"PropertyValueSpecification\",\"valueRequired\":true,\"valueName\":\"search_term_string\"}}],\"inLanguage\":\"en-US\"},{\"@type\":\"Person\",\"@id\":\"https:\\\/\\\/lifesgo.an9.com.br\\\/#\\\/schema\\\/person\\\/b34bfc24fce1f5cb9dc117e2efe61a07\",\"name\":\"Fernando Braga\",\"image\":{\"@type\":\"ImageObject\",\"inLanguage\":\"en-US\",\"@id\":\"https:\\\/\\\/secure.gravatar.com\\\/avatar\\\/ffb6c6a544d3f2aff8e0c589f1d5e9d3459aa75486bb6627d6b49b9b24c34a3e?s=96&d=mm&r=g\",\"url\":\"https:\\\/\\\/secure.gravatar.com\\\/avatar\\\/ffb6c6a544d3f2aff8e0c589f1d5e9d3459aa75486bb6627d6b49b9b24c34a3e?s=96&d=mm&r=g\",\"contentUrl\":\"https:\\\/\\\/secure.gravatar.com\\\/avatar\\\/ffb6c6a544d3f2aff8e0c589f1d5e9d3459aa75486bb6627d6b49b9b24c34a3e?s=96&d=mm&r=g\",\"caption\":\"Fernando Braga\"},\"sameAs\":[\"https:\\\/\\\/lifesgo.com.br\"],\"url\":\"https:\\\/\\\/lifesgo.an9.com.br\\\/index.php\\\/author\\\/lucamor\\\/\"}]}<\/script>\n<!-- \/ Yoast SEO plugin. -->","yoast_head_json":{"title":"Seletiva de modelos chega a Po\u00e7os de Caldas com editoriais especiais - LifesGo","robots":{"index":"index","follow":"follow","max-snippet":"max-snippet:-1","max-image-preview":"max-image-preview:large","max-video-preview":"max-video-preview:-1"},"canonical":"https:\/\/lifesgo.an9.com.br\/index.php\/2025\/11\/25\/seletiva-de-modelos-chega-a-pocos-de-caldas-com-editoriais-especiais\/","og_locale":"en_US","og_type":"article","og_title":"Seletiva de modelos chega a Po\u00e7os de Caldas com editoriais especiais - LifesGo","og_description":"Max Fashion Tour ser\u00e1 realizado nos dias 29 e 30...","og_url":"https:\/\/lifesgo.an9.com.br\/index.php\/2025\/11\/25\/seletiva-de-modelos-chega-a-pocos-de-caldas-com-editoriais-especiais\/","og_site_name":"LifesGo","article_published_time":"2025-11-25T14:21:15+00:00","og_image":[{"width":800,"height":492,"url":"https:\/\/lifesgo.an9.com.br\/wp-content\/uploads\/2025\/11\/25112025-17-Copy.jpg","type":"image\/jpeg"}],"author":"Fernando Braga","twitter_card":"summary_large_image","twitter_misc":{"Written by":"Fernando Braga","Est. reading time":"3 minutes"},"schema":{"@context":"https:\/\/schema.org","@graph":[{"@type":"Article","@id":"https:\/\/lifesgo.an9.com.br\/index.php\/2025\/11\/25\/seletiva-de-modelos-chega-a-pocos-de-caldas-com-editoriais-especiais\/#article","isPartOf":{"@id":"https:\/\/lifesgo.an9.com.br\/index.php\/2025\/11\/25\/seletiva-de-modelos-chega-a-pocos-de-caldas-com-editoriais-especiais\/"},"author":{"name":"Fernando Braga","@id":"https:\/\/lifesgo.an9.com.br\/#\/schema\/person\/b34bfc24fce1f5cb9dc117e2efe61a07"},"headline":"Seletiva de modelos chega a Po\u00e7os de Caldas com editoriais especiais","datePublished":"2025-11-25T14:21:15+00:00","mainEntityOfPage":{"@id":"https:\/\/lifesgo.an9.com.br\/index.php\/2025\/11\/25\/seletiva-de-modelos-chega-a-pocos-de-caldas-com-editoriais-especiais\/"},"wordCount":516,"image":{"@id":"https:\/\/lifesgo.an9.com.br\/index.php\/2025\/11\/25\/seletiva-de-modelos-chega-a-pocos-de-caldas-com-editoriais-especiais\/#primaryimage"},"thumbnailUrl":"https:\/\/lifesgo.an9.com.br\/wp-content\/uploads\/2025\/11\/25112025-17-Copy.jpg","articleSection":["Moda"],"inLanguage":"en-US"},{"@type":"WebPage","@id":"https:\/\/lifesgo.an9.com.br\/index.php\/2025\/11\/25\/seletiva-de-modelos-chega-a-pocos-de-caldas-com-editoriais-especiais\/","url":"https:\/\/lifesgo.an9.com.br\/index.php\/2025\/11\/25\/seletiva-de-modelos-chega-a-pocos-de-caldas-com-editoriais-especiais\/","name":"Seletiva de modelos chega a Po\u00e7os de Caldas com editoriais especiais - LifesGo","isPartOf":{"@id":"https:\/\/lifesgo.an9.com.br\/#website"},"primaryImageOfPage":{"@id":"https:\/\/lifesgo.an9.com.br\/index.php\/2025\/11\/25\/seletiva-de-modelos-chega-a-pocos-de-caldas-com-editoriais-especiais\/#primaryimage"},"image":{"@id":"https:\/\/lifesgo.an9.com.br\/index.php\/2025\/11\/25\/seletiva-de-modelos-chega-a-pocos-de-caldas-com-editoriais-especiais\/#primaryimage"},"thumbnailUrl":"https:\/\/lifesgo.an9.com.br\/wp-content\/uploads\/2025\/11\/25112025-17-Copy.jpg","datePublished":"2025-11-25T14:21:15+00:00","author":{"@id":"https:\/\/lifesgo.an9.com.br\/#\/schema\/person\/b34bfc24fce1f5cb9dc117e2efe61a07"},"breadcrumb":{"@id":"https:\/\/lifesgo.an9.com.br\/index.php\/2025\/11\/25\/seletiva-de-modelos-chega-a-pocos-de-caldas-com-editoriais-especiais\/#breadcrumb"},"inLanguage":"en-US","potentialAction":[{"@type":"ReadAction","target":["https:\/\/lifesgo.an9.com.br\/index.php\/2025\/11\/25\/seletiva-de-modelos-chega-a-pocos-de-caldas-com-editoriais-especiais\/"]}]},{"@type":"ImageObject","inLanguage":"en-US","@id":"https:\/\/lifesgo.an9.com.br\/index.php\/2025\/11\/25\/seletiva-de-modelos-chega-a-pocos-de-caldas-com-editoriais-especiais\/#primaryimage","url":"https:\/\/lifesgo.an9.com.br\/wp-content\/uploads\/2025\/11\/25112025-17-Copy.jpg","contentUrl":"https:\/\/lifesgo.an9.com.br\/wp-content\/uploads\/2025\/11\/25112025-17-Copy.jpg","width":800,"height":492},{"@type":"BreadcrumbList","@id":"https:\/\/lifesgo.an9.com.br\/index.php\/2025\/11\/25\/seletiva-de-modelos-chega-a-pocos-de-caldas-com-editoriais-especiais\/#breadcrumb","itemListElement":[{"@type":"ListItem","position":1,"name":"In\u00edcio","item":"https:\/\/lifesgo.an9.com.br\/"},{"@type":"ListItem","position":2,"name":"Seletiva de modelos chega a Po\u00e7os de Caldas com editoriais especiais"}]},{"@type":"WebSite","@id":"https:\/\/lifesgo.an9.com.br\/#website","url":"https:\/\/lifesgo.an9.com.br\/","name":"LifesGo","description":"","potentialAction":[{"@type":"SearchAction","target":{"@type":"EntryPoint","urlTemplate":"https:\/\/lifesgo.an9.com.br\/?s={search_term_string}"},"query-input":{"@type":"PropertyValueSpecification","valueRequired":true,"valueName":"search_term_string"}}],"inLanguage":"en-US"},{"@type":"Person","@id":"https:\/\/lifesgo.an9.com.br\/#\/schema\/person\/b34bfc24fce1f5cb9dc117e2efe61a07","name":"Fernando Braga","image":{"@type":"ImageObject","inLanguage":"en-US","@id":"https:\/\/secure.gravatar.com\/avatar\/ffb6c6a544d3f2aff8e0c589f1d5e9d3459aa75486bb6627d6b49b9b24c34a3e?s=96&d=mm&r=g","url":"https:\/\/secure.gravatar.com\/avatar\/ffb6c6a544d3f2aff8e0c589f1d5e9d3459aa75486bb6627d6b49b9b24c34a3e?s=96&d=mm&r=g","contentUrl":"https:\/\/secure.gravatar.com\/avatar\/ffb6c6a544d3f2aff8e0c589f1d5e9d3459aa75486bb6627d6b49b9b24c34a3e?s=96&d=mm&r=g","caption":"Fernando Braga"},"sameAs":["https:\/\/lifesgo.com.br"],"url":"https:\/\/lifesgo.an9.com.br\/index.php\/author\/lucamor\/"}]}},"_links":{"self":[{"href":"https:\/\/lifesgo.an9.com.br\/index.php\/wp-json\/wp\/v2\/posts\/71906","targetHints":{"allow":["GET"]}}],"collection":[{"href":"https:\/\/lifesgo.an9.com.br\/index.php\/wp-json\/wp\/v2\/posts"}],"about":[{"href":"https:\/\/lifesgo.an9.com.br\/index.php\/wp-json\/wp\/v2\/types\/post"}],"author":[{"embeddable":true,"href":"https:\/\/lifesgo.an9.com.br\/index.php\/wp-json\/wp\/v2\/users\/1"}],"replies":[{"embeddable":true,"href":"https:\/\/lifesgo.an9.com.br\/index.php\/wp-json\/wp\/v2\/comments?post=71906"}],"version-history":[{"count":1,"href":"https:\/\/lifesgo.an9.com.br\/index.php\/wp-json\/wp\/v2\/posts\/71906\/revisions"}],"predecessor-version":[{"id":71907,"href":"https:\/\/lifesgo.an9.com.br\/index.php\/wp-json\/wp\/v2\/posts\/71906\/revisions\/71907"}],"wp:featuredmedia":[{"embeddable":true,"href":"https:\/\/lifesgo.an9.com.br\/index.php\/wp-json\/wp\/v2\/media\/71905"}],"wp:attachment":[{"href":"https:\/\/lifesgo.an9.com.br\/index.php\/wp-json\/wp\/v2\/media?parent=71906"}],"wp:term":[{"taxonomy":"category","embeddable":true,"href":"https:\/\/lifesgo.an9.com.br\/index.php\/wp-json\/wp\/v2\/categories?post=71906"},{"taxonomy":"post_tag","embeddable":true,"href":"https:\/\/lifesgo.an9.com.br\/index.php\/wp-json\/wp\/v2\/tags?post=71906"}],"curies":[{"name":"wp","href":"https:\/\/api.w.org\/{rel}","templated":true}]}}