{"id":71894,"date":"2025-11-25T11:06:09","date_gmt":"2025-11-25T14:06:09","guid":{"rendered":"https:\/\/lifesgo.an9.com.br\/?p=71894"},"modified":"2025-11-25T11:06:09","modified_gmt":"2025-11-25T14:06:09","slug":"casa-de-cultura-os-capoeira-celebra-vitoria-historica-no-teatro-brasileiro","status":"publish","type":"post","link":"https:\/\/lifesgo.an9.com.br\/index.php\/2025\/11\/25\/casa-de-cultura-os-capoeira-celebra-vitoria-historica-no-teatro-brasileiro\/","title":{"rendered":"Casa de Cultura Os Capoeira celebra vit\u00f3ria hist\u00f3rica no teatro brasileiro"},"content":{"rendered":"<p style=\"text-align: center;\">(Foto: Bruna Laja)<\/p>\n<p><strong><i>Projeto criado na Casa de Cultura Os Capoeira garante Melhor Ator, Melhor Espet\u00e1culo e Melhor Trilha Sonora no FITA 2025.<\/i><\/strong><\/p>\n<p><span style=\"font-weight: 400;\">Na \u00faltima ter\u00e7a-feira (11), a<\/span><a href=\"https:\/\/www.instagram.com\/casadeculturaoscapoeira\/\"> <b>Casa de Cultura Os Capoeira<\/b><\/a><span style=\"font-weight: 400;\"> celebra um marco importante em sua trajet\u00f3ria art\u00edstica com a vit\u00f3ria do espet\u00e1culo <\/span><b><i>\u201cE Voc\u00eas, Quem S\u00e3o?\u201d<\/i><\/b><span style=\"font-weight: 400;\"> \u2013 Uma Autobiografia Musical, que conquistou tr\u00eas trof\u00e9us em premia\u00e7\u00e3o recente. A montagem garantiu o primeiro pr\u00eamio da carreira de 26 anos do ator Samuel de Assis, que tamb\u00e9m foi reconhecido nas categorias <\/span><b>Melhor Espet\u00e1culo<\/b><span style=\"font-weight: 400;\"> e<\/span><b> Melhor Trilha Sonora<\/b><span style=\"font-weight: 400;\">, assinada por<\/span><b> Larissa Luz<\/b><span style=\"font-weight: 400;\"> e pelo grupo <\/span><b>Os Capoeira.<\/b><b><br \/>\n<\/b><span style=\"font-weight: 400;\"><br \/>\n<\/span><span style=\"font-weight: 400;\">Com dire\u00e7\u00e3o musical de Larissa Luz e do pr\u00f3prio coletivo, o espet\u00e1culo nasceu dentro da <\/span><b>Casa de Cultura<\/b><span style=\"font-weight: 400;\"> e se desenvolveu ao longo dos \u00faltimos anos, ganhando forma e pot\u00eancia at\u00e9 chegar aos palcos com grande repercuss\u00e3o. Um dos integrantes do grupo relembra o in\u00edcio desse processo criativo:<\/span><span style=\"font-weight: 400;\"><br \/>\n<\/span><span style=\"font-weight: 400;\"><br \/>\n<\/span><i><span style=\"font-weight: 400;\">\u201cEstamos muito felizes com o resultado, porque acompanhamos tudo desde o come\u00e7o. A pe\u00e7a nasceu na Casa de Cultura, e eu lembro claramente do nosso primeiro encontro, quando li o texto e me emocionei. No in\u00edcio, era s\u00f3 eu e o Cau\u00ea tocando, com o Felipe ali junto na dire\u00e7\u00e3o musical. A partir do texto e da interpreta\u00e7\u00e3o do Samuca, surgiram n\u00e3o s\u00f3 as levadas, mas tamb\u00e9m m\u00fasicas \u2013 algumas que o Samuel canta na pe\u00e7a e que se encaixaram muito bem\u201d<\/span><\/i><span style=\"font-weight: 400;\">, comenta Mestre Dalua. <\/span><span style=\"font-weight: 400;\"><br \/>\n<\/span><span style=\"font-weight: 400;\"><br \/>\n<\/span><span style=\"font-weight: 400;\">O espet\u00e1culo come\u00e7ou a ser constru\u00eddo durante a pandemia e, inicialmente, foi apresentado em lives. Com o retorno gradativo do p\u00fablico, sua for\u00e7a se evidenciou ainda mais, at\u00e9 consolidar sua presen\u00e7a no teatro lotado:<\/span><span style=\"font-weight: 400;\"><br \/>\n<\/span><span style=\"font-weight: 400;\"><br \/>\n<\/span><i><span style=\"font-weight: 400;\">\u201cQuando voltamos ao teatro, com o p\u00fablico presente e a casa enchendo, entendemos a dimens\u00e3o do que estava sendo constru\u00eddo \u2013 o texto, a m\u00fasica, tudo ganhando vida de verdade. Mais adiante, a entrada da Larissa trazendo novas can\u00e7\u00f5es completou ainda mais o trabalho. Fomos unindo tudo, encaixando as levadas nas m\u00fasicas, e o resultado foi muito certeiro. O pr\u00eamio reconhece essa constru\u00e7\u00e3o coletiva \u2013 n\u00e3o s\u00f3 a parte musical, mas a pe\u00e7a como um todo \u2013 e o Samuel est\u00e1 brilhando<\/span><\/i><span style=\"font-weight: 400;\">\u201d, completa Mestre Dalua. <\/span><span style=\"font-weight: 400;\"><br \/>\n<\/span><span style=\"font-weight: 400;\"><br \/>\n<\/span><span style=\"font-weight: 400;\">A conquista refor\u00e7a o papel da Casa de Cultura Os Capoeira como um importante <\/span><b>polo de cria\u00e7\u00e3o art\u00edstica em S\u00e3o Paulo<\/b><span style=\"font-weight: 400;\">. Desde sua funda\u00e7\u00e3o, o espa\u00e7o mant\u00e9m uma programa\u00e7\u00e3o intensa que inclui aulas de capoeira, dan\u00e7a afro, percuss\u00e3o, forr\u00f3 e canto, al\u00e9m de shows, eventos sociais, corporativos e espet\u00e1culos premiados. <\/span><a href=\"https:\/\/docs.google.com\/document\/d\/1HapvJB7fCqSgfWj2PLQl9AQZFS28fsEdxcC0U2aW9N0\/edit?tab=t.0\"><i><span style=\"font-weight: 400;\">MAIS INFORMA\u00c7\u00d5ES AQUI!<\/span><\/i><i><span style=\"font-weight: 400;\"><br \/>\n<\/span><\/i><span style=\"font-weight: 400;\"><br \/>\n<\/span><\/a><span style=\"font-weight: 400;\">Com essa nova vit\u00f3ria, a Casa de Cultura celebra n\u00e3o apenas o reconhecimento do espet\u00e1culo, mas tamb\u00e9m a for\u00e7a coletiva que impulsiona sua hist\u00f3ria, reunindo tradi\u00e7\u00e3o, arte e criatividade.<\/span><span style=\"font-weight: 400;\"><br \/>\n<\/span><\/p>\n","protected":false},"excerpt":{"rendered":"<p>(Foto: Bruna Laja) Projeto criado na Casa de Cultura Os&#8230;<\/p>\n","protected":false},"author":1,"featured_media":71893,"comment_status":"closed","ping_status":"open","sticky":false,"template":"","format":"standard","meta":{"_acf_changed":false,"footnotes":""},"categories":[29],"tags":[],"class_list":["post-71894","post","type-post","status-publish","format-standard","has-post-thumbnail","hentry","category-cultura"],"acf":[],"yoast_head":"<!-- This site is optimized with the Yoast SEO plugin v27.5 - https:\/\/yoast.com\/product\/yoast-seo-wordpress\/ -->\n<title>Casa de Cultura Os Capoeira celebra vit\u00f3ria hist\u00f3rica no teatro brasileiro - LifesGo<\/title>\n<meta name=\"robots\" content=\"index, follow, max-snippet:-1, max-image-preview:large, max-video-preview:-1\" \/>\n<link rel=\"canonical\" href=\"https:\/\/lifesgo.an9.com.br\/index.php\/2025\/11\/25\/casa-de-cultura-os-capoeira-celebra-vitoria-historica-no-teatro-brasileiro\/\" \/>\n<meta property=\"og:locale\" content=\"en_US\" \/>\n<meta property=\"og:type\" content=\"article\" \/>\n<meta property=\"og:title\" content=\"Casa de Cultura Os Capoeira celebra vit\u00f3ria hist\u00f3rica no teatro brasileiro - LifesGo\" \/>\n<meta property=\"og:description\" content=\"(Foto: Bruna Laja) Projeto criado na Casa de Cultura Os...\" \/>\n<meta property=\"og:url\" content=\"https:\/\/lifesgo.an9.com.br\/index.php\/2025\/11\/25\/casa-de-cultura-os-capoeira-celebra-vitoria-historica-no-teatro-brasileiro\/\" \/>\n<meta property=\"og:site_name\" content=\"LifesGo\" \/>\n<meta property=\"article:published_time\" content=\"2025-11-25T14:06:09+00:00\" \/>\n<meta property=\"og:image\" content=\"https:\/\/lifesgo.an9.com.br\/wp-content\/uploads\/2025\/11\/25112025-12-Copy.jpg\" \/>\n\t<meta property=\"og:image:width\" content=\"800\" \/>\n\t<meta property=\"og:image:height\" content=\"492\" \/>\n\t<meta property=\"og:image:type\" content=\"image\/jpeg\" \/>\n<meta name=\"author\" content=\"Fernando Braga\" \/>\n<meta name=\"twitter:card\" content=\"summary_large_image\" \/>\n<meta name=\"twitter:label1\" content=\"Written by\" \/>\n\t<meta name=\"twitter:data1\" content=\"Fernando Braga\" \/>\n\t<meta name=\"twitter:label2\" content=\"Est. reading time\" \/>\n\t<meta name=\"twitter:data2\" content=\"2 minutes\" \/>\n<script type=\"application\/ld+json\" class=\"yoast-schema-graph\">{\"@context\":\"https:\\\/\\\/schema.org\",\"@graph\":[{\"@type\":\"Article\",\"@id\":\"https:\\\/\\\/lifesgo.an9.com.br\\\/index.php\\\/2025\\\/11\\\/25\\\/casa-de-cultura-os-capoeira-celebra-vitoria-historica-no-teatro-brasileiro\\\/#article\",\"isPartOf\":{\"@id\":\"https:\\\/\\\/lifesgo.an9.com.br\\\/index.php\\\/2025\\\/11\\\/25\\\/casa-de-cultura-os-capoeira-celebra-vitoria-historica-no-teatro-brasileiro\\\/\"},\"author\":{\"name\":\"Fernando Braga\",\"@id\":\"https:\\\/\\\/lifesgo.an9.com.br\\\/#\\\/schema\\\/person\\\/b34bfc24fce1f5cb9dc117e2efe61a07\"},\"headline\":\"Casa de Cultura Os Capoeira celebra vit\u00f3ria hist\u00f3rica no teatro brasileiro\",\"datePublished\":\"2025-11-25T14:06:09+00:00\",\"mainEntityOfPage\":{\"@id\":\"https:\\\/\\\/lifesgo.an9.com.br\\\/index.php\\\/2025\\\/11\\\/25\\\/casa-de-cultura-os-capoeira-celebra-vitoria-historica-no-teatro-brasileiro\\\/\"},\"wordCount\":502,\"image\":{\"@id\":\"https:\\\/\\\/lifesgo.an9.com.br\\\/index.php\\\/2025\\\/11\\\/25\\\/casa-de-cultura-os-capoeira-celebra-vitoria-historica-no-teatro-brasileiro\\\/#primaryimage\"},\"thumbnailUrl\":\"https:\\\/\\\/lifesgo.an9.com.br\\\/wp-content\\\/uploads\\\/2025\\\/11\\\/25112025-12-Copy.jpg\",\"articleSection\":[\"Cultura\"],\"inLanguage\":\"en-US\"},{\"@type\":\"WebPage\",\"@id\":\"https:\\\/\\\/lifesgo.an9.com.br\\\/index.php\\\/2025\\\/11\\\/25\\\/casa-de-cultura-os-capoeira-celebra-vitoria-historica-no-teatro-brasileiro\\\/\",\"url\":\"https:\\\/\\\/lifesgo.an9.com.br\\\/index.php\\\/2025\\\/11\\\/25\\\/casa-de-cultura-os-capoeira-celebra-vitoria-historica-no-teatro-brasileiro\\\/\",\"name\":\"Casa de Cultura Os Capoeira celebra vit\u00f3ria hist\u00f3rica no teatro brasileiro - LifesGo\",\"isPartOf\":{\"@id\":\"https:\\\/\\\/lifesgo.an9.com.br\\\/#website\"},\"primaryImageOfPage\":{\"@id\":\"https:\\\/\\\/lifesgo.an9.com.br\\\/index.php\\\/2025\\\/11\\\/25\\\/casa-de-cultura-os-capoeira-celebra-vitoria-historica-no-teatro-brasileiro\\\/#primaryimage\"},\"image\":{\"@id\":\"https:\\\/\\\/lifesgo.an9.com.br\\\/index.php\\\/2025\\\/11\\\/25\\\/casa-de-cultura-os-capoeira-celebra-vitoria-historica-no-teatro-brasileiro\\\/#primaryimage\"},\"thumbnailUrl\":\"https:\\\/\\\/lifesgo.an9.com.br\\\/wp-content\\\/uploads\\\/2025\\\/11\\\/25112025-12-Copy.jpg\",\"datePublished\":\"2025-11-25T14:06:09+00:00\",\"author\":{\"@id\":\"https:\\\/\\\/lifesgo.an9.com.br\\\/#\\\/schema\\\/person\\\/b34bfc24fce1f5cb9dc117e2efe61a07\"},\"breadcrumb\":{\"@id\":\"https:\\\/\\\/lifesgo.an9.com.br\\\/index.php\\\/2025\\\/11\\\/25\\\/casa-de-cultura-os-capoeira-celebra-vitoria-historica-no-teatro-brasileiro\\\/#breadcrumb\"},\"inLanguage\":\"en-US\",\"potentialAction\":[{\"@type\":\"ReadAction\",\"target\":[\"https:\\\/\\\/lifesgo.an9.com.br\\\/index.php\\\/2025\\\/11\\\/25\\\/casa-de-cultura-os-capoeira-celebra-vitoria-historica-no-teatro-brasileiro\\\/\"]}]},{\"@type\":\"ImageObject\",\"inLanguage\":\"en-US\",\"@id\":\"https:\\\/\\\/lifesgo.an9.com.br\\\/index.php\\\/2025\\\/11\\\/25\\\/casa-de-cultura-os-capoeira-celebra-vitoria-historica-no-teatro-brasileiro\\\/#primaryimage\",\"url\":\"https:\\\/\\\/lifesgo.an9.com.br\\\/wp-content\\\/uploads\\\/2025\\\/11\\\/25112025-12-Copy.jpg\",\"contentUrl\":\"https:\\\/\\\/lifesgo.an9.com.br\\\/wp-content\\\/uploads\\\/2025\\\/11\\\/25112025-12-Copy.jpg\",\"width\":800,\"height\":492},{\"@type\":\"BreadcrumbList\",\"@id\":\"https:\\\/\\\/lifesgo.an9.com.br\\\/index.php\\\/2025\\\/11\\\/25\\\/casa-de-cultura-os-capoeira-celebra-vitoria-historica-no-teatro-brasileiro\\\/#breadcrumb\",\"itemListElement\":[{\"@type\":\"ListItem\",\"position\":1,\"name\":\"In\u00edcio\",\"item\":\"https:\\\/\\\/lifesgo.an9.com.br\\\/\"},{\"@type\":\"ListItem\",\"position\":2,\"name\":\"Casa de Cultura Os Capoeira celebra vit\u00f3ria hist\u00f3rica no teatro brasileiro\"}]},{\"@type\":\"WebSite\",\"@id\":\"https:\\\/\\\/lifesgo.an9.com.br\\\/#website\",\"url\":\"https:\\\/\\\/lifesgo.an9.com.br\\\/\",\"name\":\"LifesGo\",\"description\":\"\",\"potentialAction\":[{\"@type\":\"SearchAction\",\"target\":{\"@type\":\"EntryPoint\",\"urlTemplate\":\"https:\\\/\\\/lifesgo.an9.com.br\\\/?s={search_term_string}\"},\"query-input\":{\"@type\":\"PropertyValueSpecification\",\"valueRequired\":true,\"valueName\":\"search_term_string\"}}],\"inLanguage\":\"en-US\"},{\"@type\":\"Person\",\"@id\":\"https:\\\/\\\/lifesgo.an9.com.br\\\/#\\\/schema\\\/person\\\/b34bfc24fce1f5cb9dc117e2efe61a07\",\"name\":\"Fernando Braga\",\"image\":{\"@type\":\"ImageObject\",\"inLanguage\":\"en-US\",\"@id\":\"https:\\\/\\\/secure.gravatar.com\\\/avatar\\\/ffb6c6a544d3f2aff8e0c589f1d5e9d3459aa75486bb6627d6b49b9b24c34a3e?s=96&d=mm&r=g\",\"url\":\"https:\\\/\\\/secure.gravatar.com\\\/avatar\\\/ffb6c6a544d3f2aff8e0c589f1d5e9d3459aa75486bb6627d6b49b9b24c34a3e?s=96&d=mm&r=g\",\"contentUrl\":\"https:\\\/\\\/secure.gravatar.com\\\/avatar\\\/ffb6c6a544d3f2aff8e0c589f1d5e9d3459aa75486bb6627d6b49b9b24c34a3e?s=96&d=mm&r=g\",\"caption\":\"Fernando Braga\"},\"sameAs\":[\"https:\\\/\\\/lifesgo.com.br\"],\"url\":\"https:\\\/\\\/lifesgo.an9.com.br\\\/index.php\\\/author\\\/lucamor\\\/\"}]}<\/script>\n<!-- \/ Yoast SEO plugin. -->","yoast_head_json":{"title":"Casa de Cultura Os Capoeira celebra vit\u00f3ria hist\u00f3rica no teatro brasileiro - LifesGo","robots":{"index":"index","follow":"follow","max-snippet":"max-snippet:-1","max-image-preview":"max-image-preview:large","max-video-preview":"max-video-preview:-1"},"canonical":"https:\/\/lifesgo.an9.com.br\/index.php\/2025\/11\/25\/casa-de-cultura-os-capoeira-celebra-vitoria-historica-no-teatro-brasileiro\/","og_locale":"en_US","og_type":"article","og_title":"Casa de Cultura Os Capoeira celebra vit\u00f3ria hist\u00f3rica no teatro brasileiro - LifesGo","og_description":"(Foto: Bruna Laja) Projeto criado na Casa de Cultura Os...","og_url":"https:\/\/lifesgo.an9.com.br\/index.php\/2025\/11\/25\/casa-de-cultura-os-capoeira-celebra-vitoria-historica-no-teatro-brasileiro\/","og_site_name":"LifesGo","article_published_time":"2025-11-25T14:06:09+00:00","og_image":[{"width":800,"height":492,"url":"https:\/\/lifesgo.an9.com.br\/wp-content\/uploads\/2025\/11\/25112025-12-Copy.jpg","type":"image\/jpeg"}],"author":"Fernando Braga","twitter_card":"summary_large_image","twitter_misc":{"Written by":"Fernando Braga","Est. reading time":"2 minutes"},"schema":{"@context":"https:\/\/schema.org","@graph":[{"@type":"Article","@id":"https:\/\/lifesgo.an9.com.br\/index.php\/2025\/11\/25\/casa-de-cultura-os-capoeira-celebra-vitoria-historica-no-teatro-brasileiro\/#article","isPartOf":{"@id":"https:\/\/lifesgo.an9.com.br\/index.php\/2025\/11\/25\/casa-de-cultura-os-capoeira-celebra-vitoria-historica-no-teatro-brasileiro\/"},"author":{"name":"Fernando Braga","@id":"https:\/\/lifesgo.an9.com.br\/#\/schema\/person\/b34bfc24fce1f5cb9dc117e2efe61a07"},"headline":"Casa de Cultura Os Capoeira celebra vit\u00f3ria hist\u00f3rica no teatro brasileiro","datePublished":"2025-11-25T14:06:09+00:00","mainEntityOfPage":{"@id":"https:\/\/lifesgo.an9.com.br\/index.php\/2025\/11\/25\/casa-de-cultura-os-capoeira-celebra-vitoria-historica-no-teatro-brasileiro\/"},"wordCount":502,"image":{"@id":"https:\/\/lifesgo.an9.com.br\/index.php\/2025\/11\/25\/casa-de-cultura-os-capoeira-celebra-vitoria-historica-no-teatro-brasileiro\/#primaryimage"},"thumbnailUrl":"https:\/\/lifesgo.an9.com.br\/wp-content\/uploads\/2025\/11\/25112025-12-Copy.jpg","articleSection":["Cultura"],"inLanguage":"en-US"},{"@type":"WebPage","@id":"https:\/\/lifesgo.an9.com.br\/index.php\/2025\/11\/25\/casa-de-cultura-os-capoeira-celebra-vitoria-historica-no-teatro-brasileiro\/","url":"https:\/\/lifesgo.an9.com.br\/index.php\/2025\/11\/25\/casa-de-cultura-os-capoeira-celebra-vitoria-historica-no-teatro-brasileiro\/","name":"Casa de Cultura Os Capoeira celebra vit\u00f3ria hist\u00f3rica no teatro brasileiro - LifesGo","isPartOf":{"@id":"https:\/\/lifesgo.an9.com.br\/#website"},"primaryImageOfPage":{"@id":"https:\/\/lifesgo.an9.com.br\/index.php\/2025\/11\/25\/casa-de-cultura-os-capoeira-celebra-vitoria-historica-no-teatro-brasileiro\/#primaryimage"},"image":{"@id":"https:\/\/lifesgo.an9.com.br\/index.php\/2025\/11\/25\/casa-de-cultura-os-capoeira-celebra-vitoria-historica-no-teatro-brasileiro\/#primaryimage"},"thumbnailUrl":"https:\/\/lifesgo.an9.com.br\/wp-content\/uploads\/2025\/11\/25112025-12-Copy.jpg","datePublished":"2025-11-25T14:06:09+00:00","author":{"@id":"https:\/\/lifesgo.an9.com.br\/#\/schema\/person\/b34bfc24fce1f5cb9dc117e2efe61a07"},"breadcrumb":{"@id":"https:\/\/lifesgo.an9.com.br\/index.php\/2025\/11\/25\/casa-de-cultura-os-capoeira-celebra-vitoria-historica-no-teatro-brasileiro\/#breadcrumb"},"inLanguage":"en-US","potentialAction":[{"@type":"ReadAction","target":["https:\/\/lifesgo.an9.com.br\/index.php\/2025\/11\/25\/casa-de-cultura-os-capoeira-celebra-vitoria-historica-no-teatro-brasileiro\/"]}]},{"@type":"ImageObject","inLanguage":"en-US","@id":"https:\/\/lifesgo.an9.com.br\/index.php\/2025\/11\/25\/casa-de-cultura-os-capoeira-celebra-vitoria-historica-no-teatro-brasileiro\/#primaryimage","url":"https:\/\/lifesgo.an9.com.br\/wp-content\/uploads\/2025\/11\/25112025-12-Copy.jpg","contentUrl":"https:\/\/lifesgo.an9.com.br\/wp-content\/uploads\/2025\/11\/25112025-12-Copy.jpg","width":800,"height":492},{"@type":"BreadcrumbList","@id":"https:\/\/lifesgo.an9.com.br\/index.php\/2025\/11\/25\/casa-de-cultura-os-capoeira-celebra-vitoria-historica-no-teatro-brasileiro\/#breadcrumb","itemListElement":[{"@type":"ListItem","position":1,"name":"In\u00edcio","item":"https:\/\/lifesgo.an9.com.br\/"},{"@type":"ListItem","position":2,"name":"Casa de Cultura Os Capoeira celebra vit\u00f3ria hist\u00f3rica no teatro brasileiro"}]},{"@type":"WebSite","@id":"https:\/\/lifesgo.an9.com.br\/#website","url":"https:\/\/lifesgo.an9.com.br\/","name":"LifesGo","description":"","potentialAction":[{"@type":"SearchAction","target":{"@type":"EntryPoint","urlTemplate":"https:\/\/lifesgo.an9.com.br\/?s={search_term_string}"},"query-input":{"@type":"PropertyValueSpecification","valueRequired":true,"valueName":"search_term_string"}}],"inLanguage":"en-US"},{"@type":"Person","@id":"https:\/\/lifesgo.an9.com.br\/#\/schema\/person\/b34bfc24fce1f5cb9dc117e2efe61a07","name":"Fernando Braga","image":{"@type":"ImageObject","inLanguage":"en-US","@id":"https:\/\/secure.gravatar.com\/avatar\/ffb6c6a544d3f2aff8e0c589f1d5e9d3459aa75486bb6627d6b49b9b24c34a3e?s=96&d=mm&r=g","url":"https:\/\/secure.gravatar.com\/avatar\/ffb6c6a544d3f2aff8e0c589f1d5e9d3459aa75486bb6627d6b49b9b24c34a3e?s=96&d=mm&r=g","contentUrl":"https:\/\/secure.gravatar.com\/avatar\/ffb6c6a544d3f2aff8e0c589f1d5e9d3459aa75486bb6627d6b49b9b24c34a3e?s=96&d=mm&r=g","caption":"Fernando Braga"},"sameAs":["https:\/\/lifesgo.com.br"],"url":"https:\/\/lifesgo.an9.com.br\/index.php\/author\/lucamor\/"}]}},"_links":{"self":[{"href":"https:\/\/lifesgo.an9.com.br\/index.php\/wp-json\/wp\/v2\/posts\/71894","targetHints":{"allow":["GET"]}}],"collection":[{"href":"https:\/\/lifesgo.an9.com.br\/index.php\/wp-json\/wp\/v2\/posts"}],"about":[{"href":"https:\/\/lifesgo.an9.com.br\/index.php\/wp-json\/wp\/v2\/types\/post"}],"author":[{"embeddable":true,"href":"https:\/\/lifesgo.an9.com.br\/index.php\/wp-json\/wp\/v2\/users\/1"}],"replies":[{"embeddable":true,"href":"https:\/\/lifesgo.an9.com.br\/index.php\/wp-json\/wp\/v2\/comments?post=71894"}],"version-history":[{"count":1,"href":"https:\/\/lifesgo.an9.com.br\/index.php\/wp-json\/wp\/v2\/posts\/71894\/revisions"}],"predecessor-version":[{"id":71895,"href":"https:\/\/lifesgo.an9.com.br\/index.php\/wp-json\/wp\/v2\/posts\/71894\/revisions\/71895"}],"wp:featuredmedia":[{"embeddable":true,"href":"https:\/\/lifesgo.an9.com.br\/index.php\/wp-json\/wp\/v2\/media\/71893"}],"wp:attachment":[{"href":"https:\/\/lifesgo.an9.com.br\/index.php\/wp-json\/wp\/v2\/media?parent=71894"}],"wp:term":[{"taxonomy":"category","embeddable":true,"href":"https:\/\/lifesgo.an9.com.br\/index.php\/wp-json\/wp\/v2\/categories?post=71894"},{"taxonomy":"post_tag","embeddable":true,"href":"https:\/\/lifesgo.an9.com.br\/index.php\/wp-json\/wp\/v2\/tags?post=71894"}],"curies":[{"name":"wp","href":"https:\/\/api.w.org\/{rel}","templated":true}]}}