{"id":67923,"date":"2025-09-08T16:04:21","date_gmt":"2025-09-08T19:04:21","guid":{"rendered":"https:\/\/lifesgo.an9.com.br\/?p=67923"},"modified":"2025-09-08T16:04:21","modified_gmt":"2025-09-08T19:04:21","slug":"kiko-continentino-trio-apresenta-o-projeto-cantajazz-com-ocupacoes-culturais-na-cantareira-em-niteroi","status":"publish","type":"post","link":"https:\/\/lifesgo.an9.com.br\/index.php\/2025\/09\/08\/kiko-continentino-trio-apresenta-o-projeto-cantajazz-com-ocupacoes-culturais-na-cantareira-em-niteroi\/","title":{"rendered":"Kiko Continentino Trio apresenta o projeto \u201cCANTAJAZZ\u201d com ocupa\u00e7\u00f5es culturais na Cantareira, em Niter\u00f3i"},"content":{"rendered":"<p style=\"text-align: center;\"><em>(Cr\u00e9dito fotogr\u00e1fico: Claudio Reis)<\/em><\/p>\n<p><strong><em>O pianista e compositor mineiro radicado em Niter\u00f3i lidera movimento de revitaliza\u00e7\u00e3o da regi\u00e3o com um repert\u00f3rio instrumental mais abrangente, abrindo espa\u00e7o para artistas independentes<\/em><\/strong><\/p>\n<p>Por muitos anos abandonada, a Cantareira, conhecida popularmente como a \u201cLapa de Niter\u00f3i\u201d por ser um polo cultural e bo\u00eamio no bairro de S\u00e3o Domingos, est\u00e1 ganhando novos ares por notas musicais. O projeto \u201cCantaJazz\u201d, criado por Kiko Continentino, tecladista do emblem\u00e1tico grupo Azymuth, est\u00e1 ocupando e revitalizando a regi\u00e3o com eventos culturais a pre\u00e7os populares e democratizando o acesso ao Jazz. As pr\u00f3ximas apresenta\u00e7\u00f5es do projeto acontecem nos dias 12 de setembro e 03 de outubro no Est\u00fadio Onze, \u00e0s 19h30. Com Kiko Continentino nos teclados, Jefferson Lescowich no baixo e Erivelton Silva na bateria, o grupo est\u00e1 aberto a receber diversas participa\u00e7\u00f5es.<\/p>\n<p>&#8211; Queremos promover na Cantareira um jazz mais inclusivo, que abrace todas as tribos. Fazer da arte um elemento de integra\u00e7\u00e3o na forma\u00e7\u00e3o de novas plateias que possam se interessar pela m\u00fasica do instrumento e conhecer o jazz mais a fundo. Levamos essas ideias aos comerciantes locais e o Est\u00fadio Onze abra\u00e7ou o prop\u00f3sito com a gente \u2013 explica Kiko. Esse espa\u00e7o tem localiza\u00e7\u00e3o privilegiada e estrat\u00e9gica para o nosso prop\u00f3sito, com o palco voltado tanto para o interior do estabelecimento, quanto para a pra\u00e7a.<\/p>\n<p><strong>Nascido nas Gerais, radicado em Niter\u00f3i e cidad\u00e3o do Mundo<\/strong><\/p>\n<p>Kiko \u00e9 um dos mais respeitados artistas da m\u00fasica brasileira. Pianista, compositor, arranjador e produtor, carrega uma trajet\u00f3ria brilhante de mais de 40 anos na cena art\u00edstica, tendo come\u00e7ado desde cedo numa fam\u00edlia altamente musical, aos 15 anos, com seu pai Mauro, tamb\u00e9m pianista de jazz. Aos 18 anos mudou-se para Niter\u00f3i onde teve acesso a outras sonoridades que impactaram determinantemente a sequ\u00eancia da sua carreira, como Rock, Black Music, Pop e a MPB, passando a tocar com nomes como Arthur Maia, Renato Rocketh, Cl\u00e1udio Zoli, Paulinho Guitarra, Em\u00edlio Santiago, Fernanda Abreu e Djavan.<\/p>\n<p>Por quase 25 anos, tocou com Milton Nascimento (seu parceiro em tr\u00eas can\u00e7\u00f5es), com quem rodou o mundo. Desde 2015 ele integra o lend\u00e1rio grupo Azymuth, mantendo viva a chama do jazz-funk brasileiro, honrando o legado de Jos\u00e9 Roberto Bertrami.<\/p>\n<p>Kiko segue na estrada em turn\u00eas mundiais com o Azymuth e, em paralelo, coleciona diversas realiza\u00e7\u00f5es, como os projetos especiais &#8220;Chansong: a m\u00fasica de Tom Jobim e Michel Legrand&#8221;, com Lucynha Lima, Valerie Lu e Marcello Ferreira, o \u00e1lbum MAKIMATRIO (&#8220;Combust\u00e3o Global&#8221;) com Marcelo Maia e Renato Massa, o grupo ContinenTrio, com seus irm\u00e3os Alberto e Jorge Continentino, e a s\u00e9rie &#8220;Jazz is Dead&#8221; (co-parceria de Continentino nas oito faixas), \u00e1lbum produzido em associa\u00e7\u00e3o com Adrian Younge e Ali Shaheed Mohamed, precursor do Hip Hop do Brooklin, que teve grande repercuss\u00e3o internacional. O Azymuth acaba de retornar de mais uma tourn\u00e9e norte-americana e se prepara para a pr\u00f3xima, na \u00c1sia e Oceania, expandindo a m\u00fasica brasileira por todos os continentes.<\/p>\n<p>Seu nome est\u00e1 associado a uma constela\u00e7\u00e3o internacional, da MPB \u00e0 bossa-nova e ritmos nordestinos, do Jazz ao Pop. Nomes como Edu Lobo, Gilberto Gil, Caetano Veloso, Elza Soares, H\u00e9lio Delmiro, Maria Beth\u00e2nia, Jo\u00e3o Bosco, Chico Buarque, Marcos Valle, Toninho Horta, Leila Pinheiro, Maur\u00edcio Einhorn, Ivan Lins, Dione Warwick, Wayne Shorter, Ron Carter, Billy Cobham, Dave Liebman, Raul de Souza, Tim Ries (dos Rolling Stones), Didier Lockwood, Seu Jorge, Ivete Sangalo, Nivaldo Ornelas, Mart\u2019n\u00e1lia, Quarteto Jobim Morelenbaum, Robertinho Silva, Criolo, DJ Nuth, Marcelo D2, Jo\u00e3o Donato, Alcione, Edi Rock (dos Racionais), Rincon Sapi\u00eancia, Jane Duboc, Carlos Daf\u00e9, Arthur Verocai, MPB4, Quarteto em Cy, Maria Rita, Jorge Benjor, Dominguinhos, Elba Ramalho, entre muitos e muitos artistas. \u00c9 tambem professor de piano, harmoniace improvisa\u00e7\u00e3o e seu trabalho como compositor \u00e9 pr\u00f3digo &#8211; \u00e9 autor de mais de 600 m\u00fasicas.<\/p>\n<p>Projeto CantaJazz \u2013 Agenda de setembro e outubro\/2025:<\/p>\n<p>Dias 12 de setembro e 03 de outubro, sextas-feiras, \u00e0s 19h30<\/p>\n<p>Est\u00fadio Onze Botequim<br \/>\nEndere\u00e7o: Pra\u00e7a Leoni Ramos, 09, S\u00e3o Domingos, Niter\u00f3i<\/p>\n<p>Couvert Art\u00edstico: R$ 10<br \/>\nReservas pelo whatsapp: (21) 982085342 ou por direct no instagram: @estudio11botequim<\/p>\n<p>Rede social:<br \/>\nKiko Continentino &#8211; <a href=\"https:\/\/www.instagram.com\/kikocontinentino\/\">https:\/\/www.instagram.com\/kikocontinentino\/<\/a><br \/>\n<a href=\"https:\/\/www.facebook.com\/share\/15vQFu6iNs\/\">https:\/\/www.facebook.com\/share\/15vQFu6iNs\/<\/a><\/p>\n","protected":false},"excerpt":{"rendered":"<p>(Cr\u00e9dito fotogr\u00e1fico: Claudio Reis) O pianista e compositor mineiro radicado&#8230;<\/p>\n","protected":false},"author":1,"featured_media":67922,"comment_status":"closed","ping_status":"open","sticky":false,"template":"","format":"standard","meta":{"_acf_changed":false,"footnotes":""},"categories":[29],"tags":[],"class_list":["post-67923","post","type-post","status-publish","format-standard","has-post-thumbnail","hentry","category-cultura"],"acf":[],"yoast_head":"<!-- This site is optimized with the Yoast SEO plugin v27.4 - https:\/\/yoast.com\/product\/yoast-seo-wordpress\/ -->\n<title>Kiko Continentino Trio apresenta o projeto \u201cCANTAJAZZ\u201d com ocupa\u00e7\u00f5es culturais na Cantareira, em Niter\u00f3i - LifesGo<\/title>\n<meta name=\"robots\" content=\"index, follow, max-snippet:-1, max-image-preview:large, max-video-preview:-1\" \/>\n<link rel=\"canonical\" href=\"https:\/\/lifesgo.an9.com.br\/index.php\/2025\/09\/08\/kiko-continentino-trio-apresenta-o-projeto-cantajazz-com-ocupacoes-culturais-na-cantareira-em-niteroi\/\" \/>\n<meta property=\"og:locale\" content=\"en_US\" \/>\n<meta property=\"og:type\" content=\"article\" \/>\n<meta property=\"og:title\" content=\"Kiko Continentino Trio apresenta o projeto \u201cCANTAJAZZ\u201d com ocupa\u00e7\u00f5es culturais na Cantareira, em Niter\u00f3i - LifesGo\" \/>\n<meta property=\"og:description\" content=\"(Cr\u00e9dito fotogr\u00e1fico: Claudio Reis) O pianista e compositor mineiro radicado...\" \/>\n<meta property=\"og:url\" content=\"https:\/\/lifesgo.an9.com.br\/index.php\/2025\/09\/08\/kiko-continentino-trio-apresenta-o-projeto-cantajazz-com-ocupacoes-culturais-na-cantareira-em-niteroi\/\" \/>\n<meta property=\"og:site_name\" content=\"LifesGo\" \/>\n<meta property=\"article:published_time\" content=\"2025-09-08T19:04:21+00:00\" \/>\n<meta property=\"og:image\" content=\"https:\/\/lifesgo.an9.com.br\/wp-content\/uploads\/2025\/09\/08092025-34-Copy.jpg\" \/>\n\t<meta property=\"og:image:width\" content=\"800\" \/>\n\t<meta property=\"og:image:height\" content=\"492\" \/>\n\t<meta property=\"og:image:type\" content=\"image\/jpeg\" \/>\n<meta name=\"author\" content=\"Fernando Braga\" \/>\n<meta name=\"twitter:card\" content=\"summary_large_image\" \/>\n<meta name=\"twitter:label1\" content=\"Written by\" \/>\n\t<meta name=\"twitter:data1\" content=\"Fernando Braga\" \/>\n\t<meta name=\"twitter:label2\" content=\"Est. reading time\" \/>\n\t<meta name=\"twitter:data2\" content=\"4 minutes\" \/>\n<script type=\"application\/ld+json\" class=\"yoast-schema-graph\">{\"@context\":\"https:\\\/\\\/schema.org\",\"@graph\":[{\"@type\":\"Article\",\"@id\":\"https:\\\/\\\/lifesgo.an9.com.br\\\/index.php\\\/2025\\\/09\\\/08\\\/kiko-continentino-trio-apresenta-o-projeto-cantajazz-com-ocupacoes-culturais-na-cantareira-em-niteroi\\\/#article\",\"isPartOf\":{\"@id\":\"https:\\\/\\\/lifesgo.an9.com.br\\\/index.php\\\/2025\\\/09\\\/08\\\/kiko-continentino-trio-apresenta-o-projeto-cantajazz-com-ocupacoes-culturais-na-cantareira-em-niteroi\\\/\"},\"author\":{\"name\":\"Fernando Braga\",\"@id\":\"https:\\\/\\\/lifesgo.an9.com.br\\\/#\\\/schema\\\/person\\\/b34bfc24fce1f5cb9dc117e2efe61a07\"},\"headline\":\"Kiko Continentino Trio apresenta o projeto \u201cCANTAJAZZ\u201d com ocupa\u00e7\u00f5es culturais na Cantareira, em Niter\u00f3i\",\"datePublished\":\"2025-09-08T19:04:21+00:00\",\"mainEntityOfPage\":{\"@id\":\"https:\\\/\\\/lifesgo.an9.com.br\\\/index.php\\\/2025\\\/09\\\/08\\\/kiko-continentino-trio-apresenta-o-projeto-cantajazz-com-ocupacoes-culturais-na-cantareira-em-niteroi\\\/\"},\"wordCount\":749,\"image\":{\"@id\":\"https:\\\/\\\/lifesgo.an9.com.br\\\/index.php\\\/2025\\\/09\\\/08\\\/kiko-continentino-trio-apresenta-o-projeto-cantajazz-com-ocupacoes-culturais-na-cantareira-em-niteroi\\\/#primaryimage\"},\"thumbnailUrl\":\"https:\\\/\\\/lifesgo.an9.com.br\\\/wp-content\\\/uploads\\\/2025\\\/09\\\/08092025-34-Copy.jpg\",\"articleSection\":[\"Cultura\"],\"inLanguage\":\"en-US\"},{\"@type\":\"WebPage\",\"@id\":\"https:\\\/\\\/lifesgo.an9.com.br\\\/index.php\\\/2025\\\/09\\\/08\\\/kiko-continentino-trio-apresenta-o-projeto-cantajazz-com-ocupacoes-culturais-na-cantareira-em-niteroi\\\/\",\"url\":\"https:\\\/\\\/lifesgo.an9.com.br\\\/index.php\\\/2025\\\/09\\\/08\\\/kiko-continentino-trio-apresenta-o-projeto-cantajazz-com-ocupacoes-culturais-na-cantareira-em-niteroi\\\/\",\"name\":\"Kiko Continentino Trio apresenta o projeto \u201cCANTAJAZZ\u201d com ocupa\u00e7\u00f5es culturais na Cantareira, em Niter\u00f3i - LifesGo\",\"isPartOf\":{\"@id\":\"https:\\\/\\\/lifesgo.an9.com.br\\\/#website\"},\"primaryImageOfPage\":{\"@id\":\"https:\\\/\\\/lifesgo.an9.com.br\\\/index.php\\\/2025\\\/09\\\/08\\\/kiko-continentino-trio-apresenta-o-projeto-cantajazz-com-ocupacoes-culturais-na-cantareira-em-niteroi\\\/#primaryimage\"},\"image\":{\"@id\":\"https:\\\/\\\/lifesgo.an9.com.br\\\/index.php\\\/2025\\\/09\\\/08\\\/kiko-continentino-trio-apresenta-o-projeto-cantajazz-com-ocupacoes-culturais-na-cantareira-em-niteroi\\\/#primaryimage\"},\"thumbnailUrl\":\"https:\\\/\\\/lifesgo.an9.com.br\\\/wp-content\\\/uploads\\\/2025\\\/09\\\/08092025-34-Copy.jpg\",\"datePublished\":\"2025-09-08T19:04:21+00:00\",\"author\":{\"@id\":\"https:\\\/\\\/lifesgo.an9.com.br\\\/#\\\/schema\\\/person\\\/b34bfc24fce1f5cb9dc117e2efe61a07\"},\"breadcrumb\":{\"@id\":\"https:\\\/\\\/lifesgo.an9.com.br\\\/index.php\\\/2025\\\/09\\\/08\\\/kiko-continentino-trio-apresenta-o-projeto-cantajazz-com-ocupacoes-culturais-na-cantareira-em-niteroi\\\/#breadcrumb\"},\"inLanguage\":\"en-US\",\"potentialAction\":[{\"@type\":\"ReadAction\",\"target\":[\"https:\\\/\\\/lifesgo.an9.com.br\\\/index.php\\\/2025\\\/09\\\/08\\\/kiko-continentino-trio-apresenta-o-projeto-cantajazz-com-ocupacoes-culturais-na-cantareira-em-niteroi\\\/\"]}]},{\"@type\":\"ImageObject\",\"inLanguage\":\"en-US\",\"@id\":\"https:\\\/\\\/lifesgo.an9.com.br\\\/index.php\\\/2025\\\/09\\\/08\\\/kiko-continentino-trio-apresenta-o-projeto-cantajazz-com-ocupacoes-culturais-na-cantareira-em-niteroi\\\/#primaryimage\",\"url\":\"https:\\\/\\\/lifesgo.an9.com.br\\\/wp-content\\\/uploads\\\/2025\\\/09\\\/08092025-34-Copy.jpg\",\"contentUrl\":\"https:\\\/\\\/lifesgo.an9.com.br\\\/wp-content\\\/uploads\\\/2025\\\/09\\\/08092025-34-Copy.jpg\",\"width\":800,\"height\":492},{\"@type\":\"BreadcrumbList\",\"@id\":\"https:\\\/\\\/lifesgo.an9.com.br\\\/index.php\\\/2025\\\/09\\\/08\\\/kiko-continentino-trio-apresenta-o-projeto-cantajazz-com-ocupacoes-culturais-na-cantareira-em-niteroi\\\/#breadcrumb\",\"itemListElement\":[{\"@type\":\"ListItem\",\"position\":1,\"name\":\"In\u00edcio\",\"item\":\"https:\\\/\\\/lifesgo.an9.com.br\\\/\"},{\"@type\":\"ListItem\",\"position\":2,\"name\":\"Kiko Continentino Trio apresenta o projeto \u201cCANTAJAZZ\u201d com ocupa\u00e7\u00f5es culturais na Cantareira, em Niter\u00f3i\"}]},{\"@type\":\"WebSite\",\"@id\":\"https:\\\/\\\/lifesgo.an9.com.br\\\/#website\",\"url\":\"https:\\\/\\\/lifesgo.an9.com.br\\\/\",\"name\":\"LifesGo\",\"description\":\"\",\"potentialAction\":[{\"@type\":\"SearchAction\",\"target\":{\"@type\":\"EntryPoint\",\"urlTemplate\":\"https:\\\/\\\/lifesgo.an9.com.br\\\/?s={search_term_string}\"},\"query-input\":{\"@type\":\"PropertyValueSpecification\",\"valueRequired\":true,\"valueName\":\"search_term_string\"}}],\"inLanguage\":\"en-US\"},{\"@type\":\"Person\",\"@id\":\"https:\\\/\\\/lifesgo.an9.com.br\\\/#\\\/schema\\\/person\\\/b34bfc24fce1f5cb9dc117e2efe61a07\",\"name\":\"Fernando Braga\",\"image\":{\"@type\":\"ImageObject\",\"inLanguage\":\"en-US\",\"@id\":\"https:\\\/\\\/secure.gravatar.com\\\/avatar\\\/ffb6c6a544d3f2aff8e0c589f1d5e9d3459aa75486bb6627d6b49b9b24c34a3e?s=96&d=mm&r=g\",\"url\":\"https:\\\/\\\/secure.gravatar.com\\\/avatar\\\/ffb6c6a544d3f2aff8e0c589f1d5e9d3459aa75486bb6627d6b49b9b24c34a3e?s=96&d=mm&r=g\",\"contentUrl\":\"https:\\\/\\\/secure.gravatar.com\\\/avatar\\\/ffb6c6a544d3f2aff8e0c589f1d5e9d3459aa75486bb6627d6b49b9b24c34a3e?s=96&d=mm&r=g\",\"caption\":\"Fernando Braga\"},\"sameAs\":[\"https:\\\/\\\/lifesgo.com.br\"],\"url\":\"https:\\\/\\\/lifesgo.an9.com.br\\\/index.php\\\/author\\\/lucamor\\\/\"}]}<\/script>\n<!-- \/ Yoast SEO plugin. -->","yoast_head_json":{"title":"Kiko Continentino Trio apresenta o projeto \u201cCANTAJAZZ\u201d com ocupa\u00e7\u00f5es culturais na Cantareira, em Niter\u00f3i - LifesGo","robots":{"index":"index","follow":"follow","max-snippet":"max-snippet:-1","max-image-preview":"max-image-preview:large","max-video-preview":"max-video-preview:-1"},"canonical":"https:\/\/lifesgo.an9.com.br\/index.php\/2025\/09\/08\/kiko-continentino-trio-apresenta-o-projeto-cantajazz-com-ocupacoes-culturais-na-cantareira-em-niteroi\/","og_locale":"en_US","og_type":"article","og_title":"Kiko Continentino Trio apresenta o projeto \u201cCANTAJAZZ\u201d com ocupa\u00e7\u00f5es culturais na Cantareira, em Niter\u00f3i - LifesGo","og_description":"(Cr\u00e9dito fotogr\u00e1fico: Claudio Reis) O pianista e compositor mineiro radicado...","og_url":"https:\/\/lifesgo.an9.com.br\/index.php\/2025\/09\/08\/kiko-continentino-trio-apresenta-o-projeto-cantajazz-com-ocupacoes-culturais-na-cantareira-em-niteroi\/","og_site_name":"LifesGo","article_published_time":"2025-09-08T19:04:21+00:00","og_image":[{"width":800,"height":492,"url":"https:\/\/lifesgo.an9.com.br\/wp-content\/uploads\/2025\/09\/08092025-34-Copy.jpg","type":"image\/jpeg"}],"author":"Fernando Braga","twitter_card":"summary_large_image","twitter_misc":{"Written by":"Fernando Braga","Est. reading time":"4 minutes"},"schema":{"@context":"https:\/\/schema.org","@graph":[{"@type":"Article","@id":"https:\/\/lifesgo.an9.com.br\/index.php\/2025\/09\/08\/kiko-continentino-trio-apresenta-o-projeto-cantajazz-com-ocupacoes-culturais-na-cantareira-em-niteroi\/#article","isPartOf":{"@id":"https:\/\/lifesgo.an9.com.br\/index.php\/2025\/09\/08\/kiko-continentino-trio-apresenta-o-projeto-cantajazz-com-ocupacoes-culturais-na-cantareira-em-niteroi\/"},"author":{"name":"Fernando Braga","@id":"https:\/\/lifesgo.an9.com.br\/#\/schema\/person\/b34bfc24fce1f5cb9dc117e2efe61a07"},"headline":"Kiko Continentino Trio apresenta o projeto \u201cCANTAJAZZ\u201d com ocupa\u00e7\u00f5es culturais na Cantareira, em Niter\u00f3i","datePublished":"2025-09-08T19:04:21+00:00","mainEntityOfPage":{"@id":"https:\/\/lifesgo.an9.com.br\/index.php\/2025\/09\/08\/kiko-continentino-trio-apresenta-o-projeto-cantajazz-com-ocupacoes-culturais-na-cantareira-em-niteroi\/"},"wordCount":749,"image":{"@id":"https:\/\/lifesgo.an9.com.br\/index.php\/2025\/09\/08\/kiko-continentino-trio-apresenta-o-projeto-cantajazz-com-ocupacoes-culturais-na-cantareira-em-niteroi\/#primaryimage"},"thumbnailUrl":"https:\/\/lifesgo.an9.com.br\/wp-content\/uploads\/2025\/09\/08092025-34-Copy.jpg","articleSection":["Cultura"],"inLanguage":"en-US"},{"@type":"WebPage","@id":"https:\/\/lifesgo.an9.com.br\/index.php\/2025\/09\/08\/kiko-continentino-trio-apresenta-o-projeto-cantajazz-com-ocupacoes-culturais-na-cantareira-em-niteroi\/","url":"https:\/\/lifesgo.an9.com.br\/index.php\/2025\/09\/08\/kiko-continentino-trio-apresenta-o-projeto-cantajazz-com-ocupacoes-culturais-na-cantareira-em-niteroi\/","name":"Kiko Continentino Trio apresenta o projeto \u201cCANTAJAZZ\u201d com ocupa\u00e7\u00f5es culturais na Cantareira, em Niter\u00f3i - LifesGo","isPartOf":{"@id":"https:\/\/lifesgo.an9.com.br\/#website"},"primaryImageOfPage":{"@id":"https:\/\/lifesgo.an9.com.br\/index.php\/2025\/09\/08\/kiko-continentino-trio-apresenta-o-projeto-cantajazz-com-ocupacoes-culturais-na-cantareira-em-niteroi\/#primaryimage"},"image":{"@id":"https:\/\/lifesgo.an9.com.br\/index.php\/2025\/09\/08\/kiko-continentino-trio-apresenta-o-projeto-cantajazz-com-ocupacoes-culturais-na-cantareira-em-niteroi\/#primaryimage"},"thumbnailUrl":"https:\/\/lifesgo.an9.com.br\/wp-content\/uploads\/2025\/09\/08092025-34-Copy.jpg","datePublished":"2025-09-08T19:04:21+00:00","author":{"@id":"https:\/\/lifesgo.an9.com.br\/#\/schema\/person\/b34bfc24fce1f5cb9dc117e2efe61a07"},"breadcrumb":{"@id":"https:\/\/lifesgo.an9.com.br\/index.php\/2025\/09\/08\/kiko-continentino-trio-apresenta-o-projeto-cantajazz-com-ocupacoes-culturais-na-cantareira-em-niteroi\/#breadcrumb"},"inLanguage":"en-US","potentialAction":[{"@type":"ReadAction","target":["https:\/\/lifesgo.an9.com.br\/index.php\/2025\/09\/08\/kiko-continentino-trio-apresenta-o-projeto-cantajazz-com-ocupacoes-culturais-na-cantareira-em-niteroi\/"]}]},{"@type":"ImageObject","inLanguage":"en-US","@id":"https:\/\/lifesgo.an9.com.br\/index.php\/2025\/09\/08\/kiko-continentino-trio-apresenta-o-projeto-cantajazz-com-ocupacoes-culturais-na-cantareira-em-niteroi\/#primaryimage","url":"https:\/\/lifesgo.an9.com.br\/wp-content\/uploads\/2025\/09\/08092025-34-Copy.jpg","contentUrl":"https:\/\/lifesgo.an9.com.br\/wp-content\/uploads\/2025\/09\/08092025-34-Copy.jpg","width":800,"height":492},{"@type":"BreadcrumbList","@id":"https:\/\/lifesgo.an9.com.br\/index.php\/2025\/09\/08\/kiko-continentino-trio-apresenta-o-projeto-cantajazz-com-ocupacoes-culturais-na-cantareira-em-niteroi\/#breadcrumb","itemListElement":[{"@type":"ListItem","position":1,"name":"In\u00edcio","item":"https:\/\/lifesgo.an9.com.br\/"},{"@type":"ListItem","position":2,"name":"Kiko Continentino Trio apresenta o projeto \u201cCANTAJAZZ\u201d com ocupa\u00e7\u00f5es culturais na Cantareira, em Niter\u00f3i"}]},{"@type":"WebSite","@id":"https:\/\/lifesgo.an9.com.br\/#website","url":"https:\/\/lifesgo.an9.com.br\/","name":"LifesGo","description":"","potentialAction":[{"@type":"SearchAction","target":{"@type":"EntryPoint","urlTemplate":"https:\/\/lifesgo.an9.com.br\/?s={search_term_string}"},"query-input":{"@type":"PropertyValueSpecification","valueRequired":true,"valueName":"search_term_string"}}],"inLanguage":"en-US"},{"@type":"Person","@id":"https:\/\/lifesgo.an9.com.br\/#\/schema\/person\/b34bfc24fce1f5cb9dc117e2efe61a07","name":"Fernando Braga","image":{"@type":"ImageObject","inLanguage":"en-US","@id":"https:\/\/secure.gravatar.com\/avatar\/ffb6c6a544d3f2aff8e0c589f1d5e9d3459aa75486bb6627d6b49b9b24c34a3e?s=96&d=mm&r=g","url":"https:\/\/secure.gravatar.com\/avatar\/ffb6c6a544d3f2aff8e0c589f1d5e9d3459aa75486bb6627d6b49b9b24c34a3e?s=96&d=mm&r=g","contentUrl":"https:\/\/secure.gravatar.com\/avatar\/ffb6c6a544d3f2aff8e0c589f1d5e9d3459aa75486bb6627d6b49b9b24c34a3e?s=96&d=mm&r=g","caption":"Fernando Braga"},"sameAs":["https:\/\/lifesgo.com.br"],"url":"https:\/\/lifesgo.an9.com.br\/index.php\/author\/lucamor\/"}]}},"_links":{"self":[{"href":"https:\/\/lifesgo.an9.com.br\/index.php\/wp-json\/wp\/v2\/posts\/67923","targetHints":{"allow":["GET"]}}],"collection":[{"href":"https:\/\/lifesgo.an9.com.br\/index.php\/wp-json\/wp\/v2\/posts"}],"about":[{"href":"https:\/\/lifesgo.an9.com.br\/index.php\/wp-json\/wp\/v2\/types\/post"}],"author":[{"embeddable":true,"href":"https:\/\/lifesgo.an9.com.br\/index.php\/wp-json\/wp\/v2\/users\/1"}],"replies":[{"embeddable":true,"href":"https:\/\/lifesgo.an9.com.br\/index.php\/wp-json\/wp\/v2\/comments?post=67923"}],"version-history":[{"count":1,"href":"https:\/\/lifesgo.an9.com.br\/index.php\/wp-json\/wp\/v2\/posts\/67923\/revisions"}],"predecessor-version":[{"id":67924,"href":"https:\/\/lifesgo.an9.com.br\/index.php\/wp-json\/wp\/v2\/posts\/67923\/revisions\/67924"}],"wp:featuredmedia":[{"embeddable":true,"href":"https:\/\/lifesgo.an9.com.br\/index.php\/wp-json\/wp\/v2\/media\/67922"}],"wp:attachment":[{"href":"https:\/\/lifesgo.an9.com.br\/index.php\/wp-json\/wp\/v2\/media?parent=67923"}],"wp:term":[{"taxonomy":"category","embeddable":true,"href":"https:\/\/lifesgo.an9.com.br\/index.php\/wp-json\/wp\/v2\/categories?post=67923"},{"taxonomy":"post_tag","embeddable":true,"href":"https:\/\/lifesgo.an9.com.br\/index.php\/wp-json\/wp\/v2\/tags?post=67923"}],"curies":[{"name":"wp","href":"https:\/\/api.w.org\/{rel}","templated":true}]}}