{"id":65000,"date":"2025-07-02T14:42:15","date_gmt":"2025-07-02T17:42:15","guid":{"rendered":"https:\/\/lifesgo.an9.com.br\/?p=65000"},"modified":"2025-07-02T14:42:15","modified_gmt":"2025-07-02T17:42:15","slug":"seu-jorge-volta-a-europa-para-serie-de-festivais-com-o-show-baile-a-la-baiana","status":"publish","type":"post","link":"https:\/\/lifesgo.an9.com.br\/index.php\/2025\/07\/02\/seu-jorge-volta-a-europa-para-serie-de-festivais-com-o-show-baile-a-la-baiana\/","title":{"rendered":"Seu Jorge volta \u00e0 Europa para s\u00e9rie de festivais com o show \u201cBaile \u00e0 la Baiana\u201d"},"content":{"rendered":"<p><i><span style=\"font-weight: 400;\">Cr\u00e9dito foto: Vinny Campos<\/span><\/i><\/p>\n<ul>\n<li><i><span style=\"font-weight: 400;\">Turn\u00ea de festivais come\u00e7a nesta quinta-feira, 03 de julho, e inclui alguns dos maiores eventos do ver\u00e3o europeu, como Roskilde (Dinamarca), Montreux Jazz Festival (Sui\u00e7a) e Festival Cru\u00eflla (Espanha)<\/span><\/i><\/li>\n<li><i><span style=\"font-weight: 400;\">Recentemente, Seu Jorge lan\u00e7ou o \u00e1lbum de in\u00e9ditas \u201cBaile \u00e0 la Baiana\u201d,\u00a0 uma celebra\u00e7\u00e3o da riqueza cultural do Brasil e um marco na carreira do cantor, que se consolidou como um dos artistas mais vers\u00e1teis e criativos da m\u00fasica brasileira<\/span><\/i><\/li>\n<\/ul>\n<p><a href=\"https:\/\/links.altafonte.com\/BailealaBaiana\"><b><i>Ou\u00e7a \u201cBaile \u00e0 la Baiana\u201d em todas as plataformas digitais<\/i><\/b><\/a><\/p>\n<p><span style=\"font-weight: 400;\">Depois de uma primeira temporada de shows pela Europa no in\u00edcio de 2025, Seu Jorge retoma a turn\u00ea internacional com uma nova rodada de apresenta\u00e7\u00f5es pelo Velho Continente. A arrancada acontece nesta <\/span><b>quinta-feira (03\/07)<\/b><span style=\"font-weight: 400;\"> na Dinamarca, quando o carioca desembarca no lend\u00e1rio <\/span><b>Roskilde Festival<\/b><span style=\"font-weight: 400;\">, um dos maiores eventos de m\u00fasica ao ar livre do mundo, e se apresenta na mesma noite em que nomes como Beth Gibbons, Arca, Stormzy e Beabadoobee tamb\u00e9m sobem ao palco. <\/span><i><span style=\"font-weight: 400;\">\u201c\u00c9 imposs\u00edvel n\u00e3o ficar arrepiado s\u00f3 de pensar na energia daquele p\u00fablico\u201d<\/span><\/i><span style=\"font-weight: 400;\">, comenta o m\u00fasico.\u00a0<\/span><\/p>\n<p><span style=\"font-weight: 400;\">Da\u00ed em diante, a maratona passa por uma lista de palcos que definem o ver\u00e3o europeu:<\/span><\/p>\n<ul>\n<li style=\"font-weight: 400;\" aria-level=\"1\"><b>Jazzablanca \u2013 Casablanca, Marrocos (04\/07)<\/b><\/li>\n<li style=\"font-weight: 400;\" aria-level=\"1\"><b>Montreux Jazz Festival \u2013 Casino Montreux, Su\u00ed\u00e7a (05\/07)<\/b><\/li>\n<li style=\"font-weight: 400;\" aria-level=\"1\"><b>Les Nuits de Fourvi\u00e8re \u2013 Teatro Romano, Lyon, Fran\u00e7a (07\/07)<\/b><\/li>\n<li style=\"font-weight: 400;\" aria-level=\"1\"><b>Le Bikini \u2013 Toulouse, Fran\u00e7a (08\/07)<\/b><\/li>\n<li style=\"font-weight: 400;\" aria-level=\"1\"><b>Festival Cru\u00eflla \u2013 Barcelona, Espanha (10\/07)<\/b><\/li>\n<li style=\"font-weight: 400;\" aria-level=\"1\"><b>Noches del Bot\u00e1nico \u2013 Madrid, Espanha (11\/07)<\/b><\/li>\n<li style=\"font-weight: 400;\" aria-level=\"1\"><b>NORTH SEA JAZZ FESTIVAL &#8211; Palco MAAS \u2013 Rotterdam, Holanda (12\/07)<\/b><\/li>\n<li style=\"font-weight: 400;\" aria-level=\"1\"><b>FESTIVAL LES SUDS &#8211; Th\u00e9\u00e2tre Antique \u2013 Arles, Fran\u00e7a (15\/07)<\/b><\/li>\n<li style=\"font-weight: 400;\" aria-level=\"1\"><b>GENT JAZZ FESTIVAL \u2013 Gent, B\u00e9lgica (16\/07)<\/b><\/li>\n<li style=\"font-weight: 400;\" aria-level=\"1\"><b>X-TRA \u2013 Zurique, Su\u00ed\u00e7a (17\/07)<\/b><\/li>\n<\/ul>\n<p><i><span style=\"font-weight: 400;\">\u201cLevar o \u2018Baile \u00e0 la Baiana\u2019 a tantos festivais e palcos ic\u00f4nicos numa tacada s\u00f3 \u00e9 um presente que a m\u00fasica me d\u00e1. Cada cidade oferece um tempero diferente, e eu quero devolver esse carinho numa grande celebra\u00e7\u00e3o da cultura brasileira\u201d,<\/span><\/i><span style=\"font-weight: 400;\"> festeja Seu Jorge.<\/span><\/p>\n<p><span style=\"font-weight: 400;\">O repert\u00f3rio mistura cl\u00e1ssicos como \u201cBurguesinha\u201d e \u201cAmiga da Minha Mulher\u201d com as novas faixas de \u201cBaile \u00e0 la Baiana\u201d, \u00e1lbum em que o artista aprofunda o di\u00e1logo entre samba, funk carioca e grooves afro-latinos. <\/span><i><span style=\"font-weight: 400;\">\u201cEsses festivais re\u00fanem pessoas do mundo inteiro. Quero que todo mundo sinta o batuque, o suingue e a alegria que v\u00eam da Bahia e do Rio\u201d,<\/span><\/i><span style=\"font-weight: 400;\"> completa.<\/span><\/p>\n<p><span style=\"font-weight: 400;\">Depois de encerrar a s\u00e9rie europeia em Zurique, Seu Jorge faz uma pausa de tr\u00eas semanas e <\/span><b>retorna ao continente em agosto para seis datas em Portugal<\/b><span style=\"font-weight: 400;\">, incluindo passagens por A\u00e7ores, Porto e Cascais. Em seguida, a turn\u00ea brasileira segue firme: o \u201cBaile \u00e0 la Baiana\u201d j\u00e1 tem shows confirmados em <\/span><b>Bras\u00edlia (29 de agosto)<\/b><span style=\"font-weight: 400;\"> e <\/span><b>S\u00e3o Paulo (27 de setembro)<\/b><span style=\"font-weight: 400;\">. Os ingressos j\u00e1 est\u00e3o \u00e0 venda.<\/span><\/p>\n<p><span style=\"font-weight: 400;\">Com sua presen\u00e7a marcante e um repert\u00f3rio que atravessa gera\u00e7\u00f5es, Seu Jorge transforma cada apresenta\u00e7\u00e3o em uma verdadeira celebra\u00e7\u00e3o da m\u00fasica brasileira. Seja no clima efervescente dos grandes festivais europeus ou na energia vibrante do p\u00fablico brasileiro, o artista segue levando o \u201cBaile \u00e0 la Baiana\u201d pelos palcos do mundo. <\/span><i><span style=\"font-weight: 400;\">\u201cA estrada est\u00e1 s\u00f3 come\u00e7ando\u201d,<\/span><\/i><span style=\"font-weight: 400;\"> avisa.<\/span><\/p>\n<p><b>Links Seu Jorge:<\/b><\/p>\n<p><a href=\"https:\/\/seujorge.com\/\"><b>Site Oficial<\/b><\/a><\/p>\n<p><a href=\"https:\/\/www.imdb.com\/pt\/name\/nm1179580\/?ref_=nv_sr_srsg_0&#038;reasonForLanguagePrompt=browser_header_mismatch\"><b>IMDB<\/b><\/a><\/p>\n<p><a href=\"https:\/\/open.spotify.com\/intl-pt\/artist\/0i1s9WcIu0PrUvHzALgofo?si=y_ENxIBYT5aP8bN4GkSl4A\"><b>Spotify<\/b><\/a><\/p>\n<p><a href=\"https:\/\/www.instagram.com\/seujorge\/\"><b>Instagram<\/b><\/a><\/p>\n<p><a href=\"https:\/\/www.youtube.com\/channel\/UCEu4zYAMGPBi3vGAiEA5srg\"><b>YouTube<\/b><\/a><\/p>\n<p><a href=\"https:\/\/x.com\/seujorge?mx=2\"><b>X (antigo Twitter)<\/b><\/a><\/p>\n<p><b>Sobre Seu Jorge:<\/b><\/p>\n<p><span style=\"font-weight: 400;\">Do Gog\u00f3 da Ema aos holofotes internacionais, Seu Jorge consolidou-se como um dos artistas mais influentes da cultura brasileira. Cantor, compositor, ator e multi-instrumentista, ele navega entre os universos do samba, MPB, R&#038;B, Bossa Nova e funk, conectando gera\u00e7\u00f5es e fronteiras atrav\u00e9s da m\u00fasica e do cinema. Com uma trajet\u00f3ria pautada na pluralidade art\u00edstica, Seu Jorge se tornou uma voz potente tanto no entretenimento nacional quanto internacional.<\/span><\/p>\n<p><span style=\"font-weight: 400;\">Nascido Jorge M\u00e1rio da Silva em Belford Roxo, no estado do Rio de Janeiro, seu primeiro contato com a arte aconteceu no teatro. No in\u00edcio dos anos 1990, integrou a Companhia de Teatro da Universidade do Estado do Rio de Janeiro (TUERJ), onde participou de mais de 20 pe\u00e7as, incluindo &#8220;A Saga da Farinha&#8221;. Paralelamente, sua viv\u00eancia na boemia carioca o levou a frequentar rodas de samba, bailes de funk e charme, criando a base para sua identidade musical.<\/span><\/p>\n<p><span style=\"font-weight: 400;\">Seu Jorge despontou para o grande p\u00fablico em 1997, ao fundar a banda Farofa Carioca,\u00a0 com Gabriel Moura e o flautista franc\u00eas Bertrand Doussain, um grupo que mesclava rap, samba, MPB, soul e reggae. O \u00e1lbum de estreia, &#8220;Moro no Brasil&#8221;, continha o ic\u00f4nico single &#8220;A Carne&#8221;, uma cr\u00edtica social que se tornou um hino antirracista na voz de Elza Soares. Pouco depois, iniciou sua carreira solo e, em 2001, lan\u00e7ou &#8220;Samba Esporte Fino&#8221;, tamb\u00e9m conhecido internacionalmente como &#8220;Carolina&#8221;, produzido por M\u00e1rio Caldato e Daniel Ganjaman. O disco firmou seu nome na m\u00fasica brasileira, com hits como &#8220;Carolina&#8221; e &#8220;Chega no Swing&#8221;.<\/span><\/p>\n<p><span style=\"font-weight: 400;\">Paralelamente \u00e0 m\u00fasica, Seu Jorge encontrou no cinema uma plataforma para expandir sua arte. Sua primeira grande atua\u00e7\u00e3o foi como Man\u00e9 Galinha em &#8220;Cidade de Deus&#8221; (2002), de Fernando Meirelles. O filme alcan\u00e7ou sucesso internacional, abrindo portas para sua participa\u00e7\u00e3o em &#8220;A Vida Marinha com Steve Zissou&#8221; (2004), de Wes Anderson. No longa, Seu Jorge reinterpretou cl\u00e1ssicos de David Bowie em portugu\u00eas, conquistando a admira\u00e7\u00e3o do pr\u00f3prio artista brit\u00e2nico, que declarou: &#8220;Se Seu Jorge n\u00e3o tivesse gravado minhas m\u00fasicas em portugu\u00eas, eu nunca teria ouvido esse novo n\u00edvel de beleza que ele as imbuiu&#8221;.<\/span><\/p>\n<p><span style=\"font-weight: 400;\">Nos anos seguintes, sua discografia cresceu, consolidando-o como um dos maiores nomes da m\u00fasica brasileira. &#8220;Cru&#8221; (2004) trouxe interpreta\u00e7\u00f5es aut\u00eanticas e faixas como &#8220;Tive Raz\u00e3o&#8221; e &#8220;Eu Sou Favela&#8221;. Seu Jorge tamb\u00e9m brilhou com &#8220;Ana &#038; Jorge&#8221; (2005), uma parceria com Ana Carolina que imortalizou &#8220;\u00c9 Isso A\u00ed&#8221;, vers\u00e3o de &#8220;The Blower\u2019s Daughter&#8221;, de Damien Rice.<\/span><\/p>\n<p><span style=\"font-weight: 400;\">No cen\u00e1rio internacional, conquistou a cr\u00edtica com o projeto Seu Jorge &#038; Almaz, ao lado de L\u00facio Maia e Pupillo, da Na\u00e7\u00e3o Zumbi, e do compositor Antonio Pinto. O \u00e1lbum recebeu aval de publica\u00e7\u00f5es como Washington Post e The New York Times. Seu \u00e1lbum \u201cAm\u00e9rica Brasil\u201d (2008) revelou sucessos como &#8220;Burguesinha&#8221; e &#8220;Mina do Condom\u00ednio&#8221; e foi o grande vencedor do Latin Grammy de Best MPB \u00c1lbum e os \u00e1lbuns \u201cM\u00fasicas Para Churrasco Vol 1\u201d (2012) e \u201cM\u00fasicas Para Churrasco Vol 1 (Ao Vivo)\u201d (2013) tamb\u00e9m venceram o Grammy Latino, na categoria Best Brazilian Contemporary Album.<\/span><\/p>\n<p><span style=\"font-weight: 400;\">O cinema continuou sendo um espa\u00e7o frut\u00edfero em sua trajet\u00f3ria. Atuou em &#8220;Casa de Areia&#8221; (2005), ao lado de Fernanda Montenegro e Fernanda Torres, &#8220;Tropa de Elite 2&#8221; (2010) e &#8220;Abe&#8221; (2019), onde interpretou um chef brasileiro. Em &#8220;Marighella&#8221; (2021), dirigido por Wagner Moura, viveu o l\u00edder revolucion\u00e1rio Carlos Marighella, papel que lhe rendeu pr\u00eamios internacionais como Melhor Ator no Festival Internacional de Filmes da \u00cdndia e no Bari International Film Festival. Em 2025, Seu Jorge integra o elenco de \u201cCorrida dos Bichos\u201d, dirigido pelo premiado cineasta Fernando Meirelles e Ernesto Solis, e \u201cA Melhor M\u00e3e do Mundo\u201d, de Anna Muylaert, que teve sua estreia mundial no Festival Internacional de Cinema de Berlim, em fevereiro do mesmo ano.<\/span><\/p>\n<p><span style=\"font-weight: 400;\">Seu Jorge tamb\u00e9m marcou presen\u00e7a no streaming, estrelando s\u00e9ries como &#8220;Irmandade&#8221; (Netflix), &#8220;Mandrake&#8221; (HBO) e &#8220;Manh\u00e3s de Setembro&#8221; (Amazon Prime). Para ele, o crescimento das plataformas digitais possibilitou a cria\u00e7\u00e3o de personagens mais complexos e afastados de estere\u00f3tipos raciais recorrentes na TV tradicional.<\/span><\/p>\n<p><span style=\"font-weight: 400;\">Em 2023, Seu Jorge celebrou 30 anos de carreira, reafirmando sua posi\u00e7\u00e3o como um artista sem fronteiras. Al\u00e9m de projetos musicais e cinematogr\u00e1ficos, ele tamb\u00e9m \u00e9 CEO da Black Service, um espa\u00e7o de produ\u00e7\u00e3o cultural voltado \u00e0 valoriza\u00e7\u00e3o de artistas pretos no mercado.<\/span><\/p>\n<p><span style=\"font-weight: 400;\">No in\u00edcio de 2025, lan\u00e7ou o \u00e1lbum \u201cBaile \u00e0 la Baiana\u201d, seu primeiro de faixas in\u00e9ditas em dez anos.\u00a0 Com 11 faixas que combinam elementos da m\u00fasica carioca e baiana, o novo trabalho \u00e9 uma celebra\u00e7\u00e3o da riqueza cultural do Brasil e um marco na carreira do cantor, que se consolidou como um dos artistas mais vers\u00e1teis e criativos da m\u00fasica brasileira.<\/span><\/p>\n<p><span style=\"font-weight: 400;\">Sua influ\u00eancia atravessa continentes, indo do samba carioca aos palcos do Royal Albert Hall e do Madison Square Garden. Dono de um legado inestim\u00e1vel, Seu Jorge segue desafiando conven\u00e7\u00f5es e transformando a arte em uma ferramenta de di\u00e1logo e revolu\u00e7\u00e3o.<\/span><\/p>\n","protected":false},"excerpt":{"rendered":"<p>Cr\u00e9dito foto: Vinny Campos Turn\u00ea de festivais come\u00e7a nesta quinta-feira,&#8230;<\/p>\n","protected":false},"author":1,"featured_media":64999,"comment_status":"closed","ping_status":"open","sticky":false,"template":"","format":"standard","meta":{"_acf_changed":false,"footnotes":""},"categories":[27],"tags":[],"class_list":["post-65000","post","type-post","status-publish","format-standard","has-post-thumbnail","hentry","category-musica"],"acf":[],"yoast_head":"<!-- This site is optimized with the Yoast SEO plugin v28.4 - https:\/\/yoast.com\/product\/yoast-seo-wordpress\/ -->\n<title>Seu Jorge volta \u00e0 Europa para s\u00e9rie de festivais com o show \u201cBaile \u00e0 la Baiana\u201d - LifesGo<\/title>\n<meta name=\"robots\" content=\"index, follow, max-snippet:-1, max-image-preview:large, max-video-preview:-1\" \/>\n<link rel=\"canonical\" href=\"https:\/\/lifesgo.an9.com.br\/index.php\/2025\/07\/02\/seu-jorge-volta-a-europa-para-serie-de-festivais-com-o-show-baile-a-la-baiana\/\" \/>\n<meta property=\"og:locale\" content=\"pt_BR\" \/>\n<meta property=\"og:type\" content=\"article\" \/>\n<meta property=\"og:title\" content=\"Seu Jorge volta \u00e0 Europa para s\u00e9rie de festivais com o show \u201cBaile \u00e0 la Baiana\u201d - LifesGo\" \/>\n<meta property=\"og:description\" content=\"Cr\u00e9dito foto: Vinny Campos Turn\u00ea de festivais come\u00e7a nesta quinta-feira,...\" \/>\n<meta property=\"og:url\" content=\"https:\/\/lifesgo.an9.com.br\/index.php\/2025\/07\/02\/seu-jorge-volta-a-europa-para-serie-de-festivais-com-o-show-baile-a-la-baiana\/\" \/>\n<meta property=\"og:site_name\" content=\"LifesGo\" \/>\n<meta property=\"article:published_time\" content=\"2025-07-02T17:42:15+00:00\" \/>\n<meta property=\"og:image\" content=\"https:\/\/lifesgo.an9.com.br\/wp-content\/uploads\/2025\/07\/02072025-13.jpg\" \/>\n\t<meta property=\"og:image:width\" content=\"800\" \/>\n\t<meta property=\"og:image:height\" content=\"492\" \/>\n\t<meta property=\"og:image:type\" content=\"image\/jpeg\" \/>\n<meta name=\"author\" content=\"LifesGo\" \/>\n<meta name=\"twitter:card\" content=\"summary_large_image\" \/>\n<meta name=\"twitter:label1\" content=\"Escrito por\" \/>\n\t<meta name=\"twitter:data1\" content=\"LifesGo\" \/>\n\t<meta name=\"twitter:label2\" content=\"Est. tempo de leitura\" \/>\n\t<meta name=\"twitter:data2\" content=\"7 minutos\" \/>\n<script type=\"application\/ld+json\" class=\"yoast-schema-graph\">{\"@context\":\"https:\\\/\\\/schema.org\",\"@graph\":[{\"@type\":\"Article\",\"@id\":\"https:\\\/\\\/lifesgo.an9.com.br\\\/index.php\\\/2025\\\/07\\\/02\\\/seu-jorge-volta-a-europa-para-serie-de-festivais-com-o-show-baile-a-la-baiana\\\/#article\",\"isPartOf\":{\"@id\":\"https:\\\/\\\/lifesgo.an9.com.br\\\/index.php\\\/2025\\\/07\\\/02\\\/seu-jorge-volta-a-europa-para-serie-de-festivais-com-o-show-baile-a-la-baiana\\\/\"},\"author\":{\"name\":\"LifesGo\",\"@id\":\"https:\\\/\\\/lifesgo.an9.com.br\\\/#\\\/schema\\\/person\\\/b34bfc24fce1f5cb9dc117e2efe61a07\"},\"headline\":\"Seu Jorge volta \u00e0 Europa para s\u00e9rie de festivais com o show \u201cBaile \u00e0 la Baiana\u201d\",\"datePublished\":\"2025-07-02T17:42:15+00:00\",\"mainEntityOfPage\":{\"@id\":\"https:\\\/\\\/lifesgo.an9.com.br\\\/index.php\\\/2025\\\/07\\\/02\\\/seu-jorge-volta-a-europa-para-serie-de-festivais-com-o-show-baile-a-la-baiana\\\/\"},\"wordCount\":1391,\"image\":{\"@id\":\"https:\\\/\\\/lifesgo.an9.com.br\\\/index.php\\\/2025\\\/07\\\/02\\\/seu-jorge-volta-a-europa-para-serie-de-festivais-com-o-show-baile-a-la-baiana\\\/#primaryimage\"},\"thumbnailUrl\":\"https:\\\/\\\/lifesgo.an9.com.br\\\/wp-content\\\/uploads\\\/2025\\\/07\\\/02072025-13.jpg\",\"articleSection\":[\"M\u00fasica\"],\"inLanguage\":\"pt-BR\"},{\"@type\":\"WebPage\",\"@id\":\"https:\\\/\\\/lifesgo.an9.com.br\\\/index.php\\\/2025\\\/07\\\/02\\\/seu-jorge-volta-a-europa-para-serie-de-festivais-com-o-show-baile-a-la-baiana\\\/\",\"url\":\"https:\\\/\\\/lifesgo.an9.com.br\\\/index.php\\\/2025\\\/07\\\/02\\\/seu-jorge-volta-a-europa-para-serie-de-festivais-com-o-show-baile-a-la-baiana\\\/\",\"name\":\"Seu Jorge volta \u00e0 Europa para s\u00e9rie de festivais com o show \u201cBaile \u00e0 la Baiana\u201d - LifesGo\",\"isPartOf\":{\"@id\":\"https:\\\/\\\/lifesgo.an9.com.br\\\/#website\"},\"primaryImageOfPage\":{\"@id\":\"https:\\\/\\\/lifesgo.an9.com.br\\\/index.php\\\/2025\\\/07\\\/02\\\/seu-jorge-volta-a-europa-para-serie-de-festivais-com-o-show-baile-a-la-baiana\\\/#primaryimage\"},\"image\":{\"@id\":\"https:\\\/\\\/lifesgo.an9.com.br\\\/index.php\\\/2025\\\/07\\\/02\\\/seu-jorge-volta-a-europa-para-serie-de-festivais-com-o-show-baile-a-la-baiana\\\/#primaryimage\"},\"thumbnailUrl\":\"https:\\\/\\\/lifesgo.an9.com.br\\\/wp-content\\\/uploads\\\/2025\\\/07\\\/02072025-13.jpg\",\"datePublished\":\"2025-07-02T17:42:15+00:00\",\"author\":{\"@id\":\"https:\\\/\\\/lifesgo.an9.com.br\\\/#\\\/schema\\\/person\\\/b34bfc24fce1f5cb9dc117e2efe61a07\"},\"breadcrumb\":{\"@id\":\"https:\\\/\\\/lifesgo.an9.com.br\\\/index.php\\\/2025\\\/07\\\/02\\\/seu-jorge-volta-a-europa-para-serie-de-festivais-com-o-show-baile-a-la-baiana\\\/#breadcrumb\"},\"inLanguage\":\"pt-BR\",\"potentialAction\":[{\"@type\":\"ReadAction\",\"target\":[\"https:\\\/\\\/lifesgo.an9.com.br\\\/index.php\\\/2025\\\/07\\\/02\\\/seu-jorge-volta-a-europa-para-serie-de-festivais-com-o-show-baile-a-la-baiana\\\/\"]}]},{\"@type\":\"ImageObject\",\"inLanguage\":\"pt-BR\",\"@id\":\"https:\\\/\\\/lifesgo.an9.com.br\\\/index.php\\\/2025\\\/07\\\/02\\\/seu-jorge-volta-a-europa-para-serie-de-festivais-com-o-show-baile-a-la-baiana\\\/#primaryimage\",\"url\":\"https:\\\/\\\/lifesgo.an9.com.br\\\/wp-content\\\/uploads\\\/2025\\\/07\\\/02072025-13.jpg\",\"contentUrl\":\"https:\\\/\\\/lifesgo.an9.com.br\\\/wp-content\\\/uploads\\\/2025\\\/07\\\/02072025-13.jpg\",\"width\":800,\"height\":492},{\"@type\":\"BreadcrumbList\",\"@id\":\"https:\\\/\\\/lifesgo.an9.com.br\\\/index.php\\\/2025\\\/07\\\/02\\\/seu-jorge-volta-a-europa-para-serie-de-festivais-com-o-show-baile-a-la-baiana\\\/#breadcrumb\",\"itemListElement\":[{\"@type\":\"ListItem\",\"position\":1,\"name\":\"In\u00edcio\",\"item\":\"https:\\\/\\\/lifesgo.an9.com.br\\\/\"},{\"@type\":\"ListItem\",\"position\":2,\"name\":\"Seu Jorge volta \u00e0 Europa para s\u00e9rie de festivais com o show \u201cBaile \u00e0 la Baiana\u201d\"}]},{\"@type\":\"WebSite\",\"@id\":\"https:\\\/\\\/lifesgo.an9.com.br\\\/#website\",\"url\":\"https:\\\/\\\/lifesgo.an9.com.br\\\/\",\"name\":\"LifesGo\",\"description\":\"\",\"potentialAction\":[{\"@type\":\"SearchAction\",\"target\":{\"@type\":\"EntryPoint\",\"urlTemplate\":\"https:\\\/\\\/lifesgo.an9.com.br\\\/?s={search_term_string}\"},\"query-input\":{\"@type\":\"PropertyValueSpecification\",\"valueRequired\":true,\"valueName\":\"search_term_string\"}}],\"inLanguage\":\"pt-BR\"},{\"@type\":\"Person\",\"@id\":\"https:\\\/\\\/lifesgo.an9.com.br\\\/#\\\/schema\\\/person\\\/b34bfc24fce1f5cb9dc117e2efe61a07\",\"name\":\"LifesGo\",\"image\":{\"@type\":\"ImageObject\",\"inLanguage\":\"pt-BR\",\"@id\":\"https:\\\/\\\/secure.gravatar.com\\\/avatar\\\/ed0fb6c2dc8ca8634274f12b6bcee558dbcb1b05612be222e7d40b115c40b4f2?s=96&d=mm&r=g\",\"url\":\"https:\\\/\\\/secure.gravatar.com\\\/avatar\\\/ed0fb6c2dc8ca8634274f12b6bcee558dbcb1b05612be222e7d40b115c40b4f2?s=96&d=mm&r=g\",\"contentUrl\":\"https:\\\/\\\/secure.gravatar.com\\\/avatar\\\/ed0fb6c2dc8ca8634274f12b6bcee558dbcb1b05612be222e7d40b115c40b4f2?s=96&d=mm&r=g\",\"caption\":\"LifesGo\"},\"sameAs\":[\"https:\\\/\\\/lifesgo.com.br\"],\"url\":\"https:\\\/\\\/lifesgo.an9.com.br\\\/index.php\\\/author\\\/lucamor\\\/\"}]}<\/script>\n<!-- \/ Yoast SEO plugin. -->","yoast_head_json":{"title":"Seu Jorge volta \u00e0 Europa para s\u00e9rie de festivais com o show \u201cBaile \u00e0 la Baiana\u201d - LifesGo","robots":{"index":"index","follow":"follow","max-snippet":"max-snippet:-1","max-image-preview":"max-image-preview:large","max-video-preview":"max-video-preview:-1"},"canonical":"https:\/\/lifesgo.an9.com.br\/index.php\/2025\/07\/02\/seu-jorge-volta-a-europa-para-serie-de-festivais-com-o-show-baile-a-la-baiana\/","og_locale":"pt_BR","og_type":"article","og_title":"Seu Jorge volta \u00e0 Europa para s\u00e9rie de festivais com o show \u201cBaile \u00e0 la Baiana\u201d - LifesGo","og_description":"Cr\u00e9dito foto: Vinny Campos Turn\u00ea de festivais come\u00e7a nesta quinta-feira,...","og_url":"https:\/\/lifesgo.an9.com.br\/index.php\/2025\/07\/02\/seu-jorge-volta-a-europa-para-serie-de-festivais-com-o-show-baile-a-la-baiana\/","og_site_name":"LifesGo","article_published_time":"2025-07-02T17:42:15+00:00","og_image":[{"width":800,"height":492,"url":"https:\/\/lifesgo.an9.com.br\/wp-content\/uploads\/2025\/07\/02072025-13.jpg","type":"image\/jpeg"}],"author":"LifesGo","twitter_card":"summary_large_image","twitter_misc":{"Escrito por":"LifesGo","Est. tempo de leitura":"7 minutos"},"schema":{"@context":"https:\/\/schema.org","@graph":[{"@type":"Article","@id":"https:\/\/lifesgo.an9.com.br\/index.php\/2025\/07\/02\/seu-jorge-volta-a-europa-para-serie-de-festivais-com-o-show-baile-a-la-baiana\/#article","isPartOf":{"@id":"https:\/\/lifesgo.an9.com.br\/index.php\/2025\/07\/02\/seu-jorge-volta-a-europa-para-serie-de-festivais-com-o-show-baile-a-la-baiana\/"},"author":{"name":"LifesGo","@id":"https:\/\/lifesgo.an9.com.br\/#\/schema\/person\/b34bfc24fce1f5cb9dc117e2efe61a07"},"headline":"Seu Jorge volta \u00e0 Europa para s\u00e9rie de festivais com o show \u201cBaile \u00e0 la Baiana\u201d","datePublished":"2025-07-02T17:42:15+00:00","mainEntityOfPage":{"@id":"https:\/\/lifesgo.an9.com.br\/index.php\/2025\/07\/02\/seu-jorge-volta-a-europa-para-serie-de-festivais-com-o-show-baile-a-la-baiana\/"},"wordCount":1391,"image":{"@id":"https:\/\/lifesgo.an9.com.br\/index.php\/2025\/07\/02\/seu-jorge-volta-a-europa-para-serie-de-festivais-com-o-show-baile-a-la-baiana\/#primaryimage"},"thumbnailUrl":"https:\/\/lifesgo.an9.com.br\/wp-content\/uploads\/2025\/07\/02072025-13.jpg","articleSection":["M\u00fasica"],"inLanguage":"pt-BR"},{"@type":"WebPage","@id":"https:\/\/lifesgo.an9.com.br\/index.php\/2025\/07\/02\/seu-jorge-volta-a-europa-para-serie-de-festivais-com-o-show-baile-a-la-baiana\/","url":"https:\/\/lifesgo.an9.com.br\/index.php\/2025\/07\/02\/seu-jorge-volta-a-europa-para-serie-de-festivais-com-o-show-baile-a-la-baiana\/","name":"Seu Jorge volta \u00e0 Europa para s\u00e9rie de festivais com o show \u201cBaile \u00e0 la Baiana\u201d - LifesGo","isPartOf":{"@id":"https:\/\/lifesgo.an9.com.br\/#website"},"primaryImageOfPage":{"@id":"https:\/\/lifesgo.an9.com.br\/index.php\/2025\/07\/02\/seu-jorge-volta-a-europa-para-serie-de-festivais-com-o-show-baile-a-la-baiana\/#primaryimage"},"image":{"@id":"https:\/\/lifesgo.an9.com.br\/index.php\/2025\/07\/02\/seu-jorge-volta-a-europa-para-serie-de-festivais-com-o-show-baile-a-la-baiana\/#primaryimage"},"thumbnailUrl":"https:\/\/lifesgo.an9.com.br\/wp-content\/uploads\/2025\/07\/02072025-13.jpg","datePublished":"2025-07-02T17:42:15+00:00","author":{"@id":"https:\/\/lifesgo.an9.com.br\/#\/schema\/person\/b34bfc24fce1f5cb9dc117e2efe61a07"},"breadcrumb":{"@id":"https:\/\/lifesgo.an9.com.br\/index.php\/2025\/07\/02\/seu-jorge-volta-a-europa-para-serie-de-festivais-com-o-show-baile-a-la-baiana\/#breadcrumb"},"inLanguage":"pt-BR","potentialAction":[{"@type":"ReadAction","target":["https:\/\/lifesgo.an9.com.br\/index.php\/2025\/07\/02\/seu-jorge-volta-a-europa-para-serie-de-festivais-com-o-show-baile-a-la-baiana\/"]}]},{"@type":"ImageObject","inLanguage":"pt-BR","@id":"https:\/\/lifesgo.an9.com.br\/index.php\/2025\/07\/02\/seu-jorge-volta-a-europa-para-serie-de-festivais-com-o-show-baile-a-la-baiana\/#primaryimage","url":"https:\/\/lifesgo.an9.com.br\/wp-content\/uploads\/2025\/07\/02072025-13.jpg","contentUrl":"https:\/\/lifesgo.an9.com.br\/wp-content\/uploads\/2025\/07\/02072025-13.jpg","width":800,"height":492},{"@type":"BreadcrumbList","@id":"https:\/\/lifesgo.an9.com.br\/index.php\/2025\/07\/02\/seu-jorge-volta-a-europa-para-serie-de-festivais-com-o-show-baile-a-la-baiana\/#breadcrumb","itemListElement":[{"@type":"ListItem","position":1,"name":"In\u00edcio","item":"https:\/\/lifesgo.an9.com.br\/"},{"@type":"ListItem","position":2,"name":"Seu Jorge volta \u00e0 Europa para s\u00e9rie de festivais com o show \u201cBaile \u00e0 la Baiana\u201d"}]},{"@type":"WebSite","@id":"https:\/\/lifesgo.an9.com.br\/#website","url":"https:\/\/lifesgo.an9.com.br\/","name":"LifesGo","description":"","potentialAction":[{"@type":"SearchAction","target":{"@type":"EntryPoint","urlTemplate":"https:\/\/lifesgo.an9.com.br\/?s={search_term_string}"},"query-input":{"@type":"PropertyValueSpecification","valueRequired":true,"valueName":"search_term_string"}}],"inLanguage":"pt-BR"},{"@type":"Person","@id":"https:\/\/lifesgo.an9.com.br\/#\/schema\/person\/b34bfc24fce1f5cb9dc117e2efe61a07","name":"LifesGo","image":{"@type":"ImageObject","inLanguage":"pt-BR","@id":"https:\/\/secure.gravatar.com\/avatar\/ed0fb6c2dc8ca8634274f12b6bcee558dbcb1b05612be222e7d40b115c40b4f2?s=96&d=mm&r=g","url":"https:\/\/secure.gravatar.com\/avatar\/ed0fb6c2dc8ca8634274f12b6bcee558dbcb1b05612be222e7d40b115c40b4f2?s=96&d=mm&r=g","contentUrl":"https:\/\/secure.gravatar.com\/avatar\/ed0fb6c2dc8ca8634274f12b6bcee558dbcb1b05612be222e7d40b115c40b4f2?s=96&d=mm&r=g","caption":"LifesGo"},"sameAs":["https:\/\/lifesgo.com.br"],"url":"https:\/\/lifesgo.an9.com.br\/index.php\/author\/lucamor\/"}]}},"_links":{"self":[{"href":"https:\/\/lifesgo.an9.com.br\/index.php\/wp-json\/wp\/v2\/posts\/65000","targetHints":{"allow":["GET"]}}],"collection":[{"href":"https:\/\/lifesgo.an9.com.br\/index.php\/wp-json\/wp\/v2\/posts"}],"about":[{"href":"https:\/\/lifesgo.an9.com.br\/index.php\/wp-json\/wp\/v2\/types\/post"}],"author":[{"embeddable":true,"href":"https:\/\/lifesgo.an9.com.br\/index.php\/wp-json\/wp\/v2\/users\/1"}],"replies":[{"embeddable":true,"href":"https:\/\/lifesgo.an9.com.br\/index.php\/wp-json\/wp\/v2\/comments?post=65000"}],"version-history":[{"count":1,"href":"https:\/\/lifesgo.an9.com.br\/index.php\/wp-json\/wp\/v2\/posts\/65000\/revisions"}],"predecessor-version":[{"id":65001,"href":"https:\/\/lifesgo.an9.com.br\/index.php\/wp-json\/wp\/v2\/posts\/65000\/revisions\/65001"}],"wp:featuredmedia":[{"embeddable":true,"href":"https:\/\/lifesgo.an9.com.br\/index.php\/wp-json\/wp\/v2\/media\/64999"}],"wp:attachment":[{"href":"https:\/\/lifesgo.an9.com.br\/index.php\/wp-json\/wp\/v2\/media?parent=65000"}],"wp:term":[{"taxonomy":"category","embeddable":true,"href":"https:\/\/lifesgo.an9.com.br\/index.php\/wp-json\/wp\/v2\/categories?post=65000"},{"taxonomy":"post_tag","embeddable":true,"href":"https:\/\/lifesgo.an9.com.br\/index.php\/wp-json\/wp\/v2\/tags?post=65000"}],"curies":[{"name":"wp","href":"https:\/\/api.w.org\/{rel}","templated":true}]}}