{"id":64591,"date":"2025-06-24T13:35:06","date_gmt":"2025-06-24T16:35:06","guid":{"rendered":"https:\/\/lifesgo.an9.com.br\/?p=64591"},"modified":"2025-06-24T13:35:06","modified_gmt":"2025-06-24T16:35:06","slug":"seletiva-de-modelos-desembarca-em-mogi-das-cruzes-com-presenca-especial-de-alice-monteiro","status":"publish","type":"post","link":"https:\/\/lifesgo.an9.com.br\/index.php\/2025\/06\/24\/seletiva-de-modelos-desembarca-em-mogi-das-cruzes-com-presenca-especial-de-alice-monteiro\/","title":{"rendered":"Seletiva de modelos desembarca em Mogi das Cruzes com presen\u00e7a especial de Alice Monteiro"},"content":{"rendered":"<p><strong>Max Fashion Tour ser\u00e1 realizado nos dias 28 e 29 de junho no Clube de Campo e contar\u00e1 com o Espa\u00e7o Clube Pais &#038; Filhos, voltado \u00e0 produ\u00e7\u00e3o de editoriais com grandes marcas do setor infantil<\/strong><\/p>\n<p>A cidade de Mogi das Cruzes ser\u00e1 palco de mais uma edi\u00e7\u00e3o do Max Fashion Tour, um dos maiores eventos de descoberta de modelos do Brasil. A seletiva acontece nos dias 28 e 29 de junho de 2025, no Clube de Campo de Mogi das Cruzes. Realizado pela ag\u00eancia de modelos Max Fama, o projeto busca encontrar novos rostos e perfis que desejam ingressar no mercado da moda e, nesta edi\u00e7\u00e3o, traz atra\u00e7\u00f5es especiais que prometem inspirar os participantes.<\/p>\n<p>Entre os destaques est\u00e1 a presen\u00e7a da influencer, apresentadora e modelo da Max Fama, Alice Monteiro, que vai conversar com o p\u00fablico sobre sua trajet\u00f3ria no mercado art\u00edstico. Com uma carreira constru\u00edda desde cedo, Alice ir\u00e1 compartilhar dicas valiosas sobre como se destacar no universo da moda e das redes sociais, mostrando como \u00e9 poss\u00edvel transformar sonhos em realidade. Sua participa\u00e7\u00e3o promete emocionar e motivar os novos talentos que estiverem no evento.<\/p>\n<p><img loading=\"lazy\" decoding=\"async\" class=\"aligncenter size-full wp-image-5723\" src=\"https:\/\/publisher.mcomglobal.com\/7\/wp-content\/uploads\/2025\/06\/WhatsApp-Image-2025-06-24-at-13.00.55-1.jpg\" alt=\"\" width=\"533\" height=\"800\" \/><\/p>\n<p>O Max Fashion Tour tamb\u00e9m contar\u00e1 com o j\u00e1 consagrado Espa\u00e7o Clube Pais &#038; Filhos, ambiente exclusivo voltado \u00e0 produ\u00e7\u00e3o de editoriais de moda com modelos infantis e familiares. Os conte\u00fados produzidos ser\u00e3o disponibilizados na plataforma digital do clube, desenvolvido pela revista Pais &#038; Filhos em parceria com o Grupo Brascol, maior refer\u00eancia em moda e produtos infantis do Brasil. As marcas participantes incluem Brascol, Kookabu e o pr\u00f3prio Clube Pais &#038; Filhos.<\/p>\n<p><img loading=\"lazy\" decoding=\"async\" class=\"aligncenter size-full wp-image-5724\" src=\"https:\/\/publisher.mcomglobal.com\/7\/wp-content\/uploads\/2025\/06\/WhatsApp-Image-2025-06-24-at-13.01.04-1.jpg\" alt=\"\" width=\"800\" height=\"533\" \/><\/p>\n<p>\u201cVoltar a Mogi das Cruzes com um projeto t\u00e3o importante \u00e9 motivo de muita alegria. Nosso objetivo \u00e9 revelar novos talentos e promover a inclus\u00e3o no mundo da moda. A participa\u00e7\u00e3o da Alice Monteiro e a presen\u00e7a do Espa\u00e7o Clube Pais &#038; Filhos tornam essa edi\u00e7\u00e3o ainda mais especial\u201d, afirma Felipe Monteiro, coordenador do evento e diretor de marketing da Max Fama. \u201cO Max Fashion Tour \u00e9 muito mais do que uma seletiva \u2013 \u00e9 uma plataforma de transforma\u00e7\u00e3o real para novos talentos\u201d, completa.<\/p>\n<p><img loading=\"lazy\" decoding=\"async\" class=\"aligncenter size-full wp-image-5725\" src=\"https:\/\/publisher.mcomglobal.com\/7\/wp-content\/uploads\/2025\/06\/WhatsApp-Image-2025-06-24-at-13.01.04.jpg\" alt=\"\" width=\"800\" height=\"533\" \/><\/p>\n<p>Durante o evento, os participantes inscritos tamb\u00e9m ter\u00e3o acesso a uma palestra com especialistas sobre o funcionamento do mercado art\u00edstico, al\u00e9m de uma avalia\u00e7\u00e3o feita pela equipe de ca\u00e7a-talentos da ag\u00eancia. Os aprovados ter\u00e3o a chance de iniciar sua jornada profissional com o suporte completo de uma das maiores ag\u00eancias do pa\u00eds.<\/p>\n<p><img loading=\"lazy\" decoding=\"async\" class=\"aligncenter size-full wp-image-5726\" src=\"https:\/\/publisher.mcomglobal.com\/7\/wp-content\/uploads\/2025\/06\/WhatsApp-Image-2025-06-24-at-13.01.05.jpg\" alt=\"\" width=\"800\" height=\"600\" \/><\/p>\n<p>As inscri\u00e7\u00f5es s\u00e3o gratuitas e devem ser feitas antecipadamente no site oficial da Max Fama (<a href=\"https:\/\/www.maxfama.com.br\">www.maxfama.com.br<\/a>), na aba Max Fashion Tour. O Clube de Campo oferece estrutura completa para receber os participantes com conforto e seguran\u00e7a.<\/p>\n<p><strong>Sobre a Max Fama<\/strong><\/p>\n<p>A ag\u00eancia de modelos Max Fama est\u00e1 no mercado desde 2002. Sediada em Pinheiros, zona oeste de S\u00e3o Paulo, tamb\u00e9m possui tr\u00eas filiais localizadas no Carr\u00e3o, Vila Madalena (Models Black) e na regi\u00e3o central da capital paulista.<\/p>\n<p>Consolidada no mercado como a ag\u00eancia com o maior n\u00famero de \u201cnew faces\u201d do Brasil, a Max Fama trabalha com todos os perfis de modelos, promovendo inclus\u00e3o e diversidade no mundo da moda.<\/p>\n<p><strong>Servi\u00e7o<\/strong><\/p>\n<p>Max Fashion Tour Mogi das Cruzes<\/p>\n<p>Data: 28 e 29 de junho de 2025<\/p>\n<p>Local: Clube de Campo de Mogi das Cruzes<\/p>\n<p>Endere\u00e7o: Rua Duarte de Freitas, 133 &#8211; Parque Monte L\u00edbano &#8211; CEP: 08780-240 &#8211; Mogi das Cruzes &#8211; SP<\/p>\n<p>Inscri\u00e7\u00f5es: <a href=\"https:\/\/www.maxfama.com.br\">https:\/\/www.maxfama.com.br<\/a> (na aba Max Fashion Tour)<\/p>\n","protected":false},"excerpt":{"rendered":"<p>Max Fashion Tour ser\u00e1 realizado nos dias 28 e 29&#8230;<\/p>\n","protected":false},"author":1,"featured_media":64590,"comment_status":"closed","ping_status":"open","sticky":false,"template":"","format":"standard","meta":{"_acf_changed":false,"footnotes":""},"categories":[39],"tags":[],"class_list":["post-64591","post","type-post","status-publish","format-standard","has-post-thumbnail","hentry","category-moda"],"acf":[],"yoast_head":"<!-- This site is optimized with the Yoast SEO plugin v27.5 - https:\/\/yoast.com\/product\/yoast-seo-wordpress\/ -->\n<title>Seletiva de modelos desembarca em Mogi das Cruzes com presen\u00e7a especial de Alice Monteiro - LifesGo<\/title>\n<meta name=\"robots\" content=\"index, follow, max-snippet:-1, max-image-preview:large, max-video-preview:-1\" \/>\n<link rel=\"canonical\" href=\"https:\/\/lifesgo.an9.com.br\/index.php\/2025\/06\/24\/seletiva-de-modelos-desembarca-em-mogi-das-cruzes-com-presenca-especial-de-alice-monteiro\/\" \/>\n<meta property=\"og:locale\" content=\"en_US\" \/>\n<meta property=\"og:type\" content=\"article\" \/>\n<meta property=\"og:title\" content=\"Seletiva de modelos desembarca em Mogi das Cruzes com presen\u00e7a especial de Alice Monteiro - LifesGo\" \/>\n<meta property=\"og:description\" content=\"Max Fashion Tour ser\u00e1 realizado nos dias 28 e 29...\" \/>\n<meta property=\"og:url\" content=\"https:\/\/lifesgo.an9.com.br\/index.php\/2025\/06\/24\/seletiva-de-modelos-desembarca-em-mogi-das-cruzes-com-presenca-especial-de-alice-monteiro\/\" \/>\n<meta property=\"og:site_name\" content=\"LifesGo\" \/>\n<meta property=\"article:published_time\" content=\"2025-06-24T16:35:06+00:00\" \/>\n<meta property=\"og:image\" content=\"https:\/\/lifesgo.an9.com.br\/wp-content\/uploads\/2025\/06\/AL-16-8.jpg\" \/>\n\t<meta property=\"og:image:width\" content=\"800\" \/>\n\t<meta property=\"og:image:height\" content=\"492\" \/>\n\t<meta property=\"og:image:type\" content=\"image\/jpeg\" \/>\n<meta name=\"author\" content=\"Fernando Braga\" \/>\n<meta name=\"twitter:card\" content=\"summary_large_image\" \/>\n<meta name=\"twitter:label1\" content=\"Written by\" \/>\n\t<meta name=\"twitter:data1\" content=\"Fernando Braga\" \/>\n\t<meta name=\"twitter:label2\" content=\"Est. reading time\" \/>\n\t<meta name=\"twitter:data2\" content=\"3 minutes\" \/>\n<script type=\"application\/ld+json\" class=\"yoast-schema-graph\">{\"@context\":\"https:\\\/\\\/schema.org\",\"@graph\":[{\"@type\":\"Article\",\"@id\":\"https:\\\/\\\/lifesgo.an9.com.br\\\/index.php\\\/2025\\\/06\\\/24\\\/seletiva-de-modelos-desembarca-em-mogi-das-cruzes-com-presenca-especial-de-alice-monteiro\\\/#article\",\"isPartOf\":{\"@id\":\"https:\\\/\\\/lifesgo.an9.com.br\\\/index.php\\\/2025\\\/06\\\/24\\\/seletiva-de-modelos-desembarca-em-mogi-das-cruzes-com-presenca-especial-de-alice-monteiro\\\/\"},\"author\":{\"name\":\"Fernando Braga\",\"@id\":\"https:\\\/\\\/lifesgo.an9.com.br\\\/#\\\/schema\\\/person\\\/b34bfc24fce1f5cb9dc117e2efe61a07\"},\"headline\":\"Seletiva de modelos desembarca em Mogi das Cruzes com presen\u00e7a especial de Alice Monteiro\",\"datePublished\":\"2025-06-24T16:35:06+00:00\",\"mainEntityOfPage\":{\"@id\":\"https:\\\/\\\/lifesgo.an9.com.br\\\/index.php\\\/2025\\\/06\\\/24\\\/seletiva-de-modelos-desembarca-em-mogi-das-cruzes-com-presenca-especial-de-alice-monteiro\\\/\"},\"wordCount\":607,\"image\":{\"@id\":\"https:\\\/\\\/lifesgo.an9.com.br\\\/index.php\\\/2025\\\/06\\\/24\\\/seletiva-de-modelos-desembarca-em-mogi-das-cruzes-com-presenca-especial-de-alice-monteiro\\\/#primaryimage\"},\"thumbnailUrl\":\"https:\\\/\\\/lifesgo.an9.com.br\\\/wp-content\\\/uploads\\\/2025\\\/06\\\/AL-16-8.jpg\",\"articleSection\":[\"Moda\"],\"inLanguage\":\"en-US\"},{\"@type\":\"WebPage\",\"@id\":\"https:\\\/\\\/lifesgo.an9.com.br\\\/index.php\\\/2025\\\/06\\\/24\\\/seletiva-de-modelos-desembarca-em-mogi-das-cruzes-com-presenca-especial-de-alice-monteiro\\\/\",\"url\":\"https:\\\/\\\/lifesgo.an9.com.br\\\/index.php\\\/2025\\\/06\\\/24\\\/seletiva-de-modelos-desembarca-em-mogi-das-cruzes-com-presenca-especial-de-alice-monteiro\\\/\",\"name\":\"Seletiva de modelos desembarca em Mogi das Cruzes com presen\u00e7a especial de Alice Monteiro - LifesGo\",\"isPartOf\":{\"@id\":\"https:\\\/\\\/lifesgo.an9.com.br\\\/#website\"},\"primaryImageOfPage\":{\"@id\":\"https:\\\/\\\/lifesgo.an9.com.br\\\/index.php\\\/2025\\\/06\\\/24\\\/seletiva-de-modelos-desembarca-em-mogi-das-cruzes-com-presenca-especial-de-alice-monteiro\\\/#primaryimage\"},\"image\":{\"@id\":\"https:\\\/\\\/lifesgo.an9.com.br\\\/index.php\\\/2025\\\/06\\\/24\\\/seletiva-de-modelos-desembarca-em-mogi-das-cruzes-com-presenca-especial-de-alice-monteiro\\\/#primaryimage\"},\"thumbnailUrl\":\"https:\\\/\\\/lifesgo.an9.com.br\\\/wp-content\\\/uploads\\\/2025\\\/06\\\/AL-16-8.jpg\",\"datePublished\":\"2025-06-24T16:35:06+00:00\",\"author\":{\"@id\":\"https:\\\/\\\/lifesgo.an9.com.br\\\/#\\\/schema\\\/person\\\/b34bfc24fce1f5cb9dc117e2efe61a07\"},\"breadcrumb\":{\"@id\":\"https:\\\/\\\/lifesgo.an9.com.br\\\/index.php\\\/2025\\\/06\\\/24\\\/seletiva-de-modelos-desembarca-em-mogi-das-cruzes-com-presenca-especial-de-alice-monteiro\\\/#breadcrumb\"},\"inLanguage\":\"en-US\",\"potentialAction\":[{\"@type\":\"ReadAction\",\"target\":[\"https:\\\/\\\/lifesgo.an9.com.br\\\/index.php\\\/2025\\\/06\\\/24\\\/seletiva-de-modelos-desembarca-em-mogi-das-cruzes-com-presenca-especial-de-alice-monteiro\\\/\"]}]},{\"@type\":\"ImageObject\",\"inLanguage\":\"en-US\",\"@id\":\"https:\\\/\\\/lifesgo.an9.com.br\\\/index.php\\\/2025\\\/06\\\/24\\\/seletiva-de-modelos-desembarca-em-mogi-das-cruzes-com-presenca-especial-de-alice-monteiro\\\/#primaryimage\",\"url\":\"https:\\\/\\\/lifesgo.an9.com.br\\\/wp-content\\\/uploads\\\/2025\\\/06\\\/AL-16-8.jpg\",\"contentUrl\":\"https:\\\/\\\/lifesgo.an9.com.br\\\/wp-content\\\/uploads\\\/2025\\\/06\\\/AL-16-8.jpg\",\"width\":800,\"height\":492},{\"@type\":\"BreadcrumbList\",\"@id\":\"https:\\\/\\\/lifesgo.an9.com.br\\\/index.php\\\/2025\\\/06\\\/24\\\/seletiva-de-modelos-desembarca-em-mogi-das-cruzes-com-presenca-especial-de-alice-monteiro\\\/#breadcrumb\",\"itemListElement\":[{\"@type\":\"ListItem\",\"position\":1,\"name\":\"In\u00edcio\",\"item\":\"https:\\\/\\\/lifesgo.an9.com.br\\\/\"},{\"@type\":\"ListItem\",\"position\":2,\"name\":\"Seletiva de modelos desembarca em Mogi das Cruzes com presen\u00e7a especial de Alice Monteiro\"}]},{\"@type\":\"WebSite\",\"@id\":\"https:\\\/\\\/lifesgo.an9.com.br\\\/#website\",\"url\":\"https:\\\/\\\/lifesgo.an9.com.br\\\/\",\"name\":\"LifesGo\",\"description\":\"\",\"potentialAction\":[{\"@type\":\"SearchAction\",\"target\":{\"@type\":\"EntryPoint\",\"urlTemplate\":\"https:\\\/\\\/lifesgo.an9.com.br\\\/?s={search_term_string}\"},\"query-input\":{\"@type\":\"PropertyValueSpecification\",\"valueRequired\":true,\"valueName\":\"search_term_string\"}}],\"inLanguage\":\"en-US\"},{\"@type\":\"Person\",\"@id\":\"https:\\\/\\\/lifesgo.an9.com.br\\\/#\\\/schema\\\/person\\\/b34bfc24fce1f5cb9dc117e2efe61a07\",\"name\":\"Fernando Braga\",\"image\":{\"@type\":\"ImageObject\",\"inLanguage\":\"en-US\",\"@id\":\"https:\\\/\\\/secure.gravatar.com\\\/avatar\\\/ffb6c6a544d3f2aff8e0c589f1d5e9d3459aa75486bb6627d6b49b9b24c34a3e?s=96&d=mm&r=g\",\"url\":\"https:\\\/\\\/secure.gravatar.com\\\/avatar\\\/ffb6c6a544d3f2aff8e0c589f1d5e9d3459aa75486bb6627d6b49b9b24c34a3e?s=96&d=mm&r=g\",\"contentUrl\":\"https:\\\/\\\/secure.gravatar.com\\\/avatar\\\/ffb6c6a544d3f2aff8e0c589f1d5e9d3459aa75486bb6627d6b49b9b24c34a3e?s=96&d=mm&r=g\",\"caption\":\"Fernando Braga\"},\"sameAs\":[\"https:\\\/\\\/lifesgo.com.br\"],\"url\":\"https:\\\/\\\/lifesgo.an9.com.br\\\/index.php\\\/author\\\/lucamor\\\/\"}]}<\/script>\n<!-- \/ Yoast SEO plugin. -->","yoast_head_json":{"title":"Seletiva de modelos desembarca em Mogi das Cruzes com presen\u00e7a especial de Alice Monteiro - LifesGo","robots":{"index":"index","follow":"follow","max-snippet":"max-snippet:-1","max-image-preview":"max-image-preview:large","max-video-preview":"max-video-preview:-1"},"canonical":"https:\/\/lifesgo.an9.com.br\/index.php\/2025\/06\/24\/seletiva-de-modelos-desembarca-em-mogi-das-cruzes-com-presenca-especial-de-alice-monteiro\/","og_locale":"en_US","og_type":"article","og_title":"Seletiva de modelos desembarca em Mogi das Cruzes com presen\u00e7a especial de Alice Monteiro - LifesGo","og_description":"Max Fashion Tour ser\u00e1 realizado nos dias 28 e 29...","og_url":"https:\/\/lifesgo.an9.com.br\/index.php\/2025\/06\/24\/seletiva-de-modelos-desembarca-em-mogi-das-cruzes-com-presenca-especial-de-alice-monteiro\/","og_site_name":"LifesGo","article_published_time":"2025-06-24T16:35:06+00:00","og_image":[{"width":800,"height":492,"url":"https:\/\/lifesgo.an9.com.br\/wp-content\/uploads\/2025\/06\/AL-16-8.jpg","type":"image\/jpeg"}],"author":"Fernando Braga","twitter_card":"summary_large_image","twitter_misc":{"Written by":"Fernando Braga","Est. reading time":"3 minutes"},"schema":{"@context":"https:\/\/schema.org","@graph":[{"@type":"Article","@id":"https:\/\/lifesgo.an9.com.br\/index.php\/2025\/06\/24\/seletiva-de-modelos-desembarca-em-mogi-das-cruzes-com-presenca-especial-de-alice-monteiro\/#article","isPartOf":{"@id":"https:\/\/lifesgo.an9.com.br\/index.php\/2025\/06\/24\/seletiva-de-modelos-desembarca-em-mogi-das-cruzes-com-presenca-especial-de-alice-monteiro\/"},"author":{"name":"Fernando Braga","@id":"https:\/\/lifesgo.an9.com.br\/#\/schema\/person\/b34bfc24fce1f5cb9dc117e2efe61a07"},"headline":"Seletiva de modelos desembarca em Mogi das Cruzes com presen\u00e7a especial de Alice Monteiro","datePublished":"2025-06-24T16:35:06+00:00","mainEntityOfPage":{"@id":"https:\/\/lifesgo.an9.com.br\/index.php\/2025\/06\/24\/seletiva-de-modelos-desembarca-em-mogi-das-cruzes-com-presenca-especial-de-alice-monteiro\/"},"wordCount":607,"image":{"@id":"https:\/\/lifesgo.an9.com.br\/index.php\/2025\/06\/24\/seletiva-de-modelos-desembarca-em-mogi-das-cruzes-com-presenca-especial-de-alice-monteiro\/#primaryimage"},"thumbnailUrl":"https:\/\/lifesgo.an9.com.br\/wp-content\/uploads\/2025\/06\/AL-16-8.jpg","articleSection":["Moda"],"inLanguage":"en-US"},{"@type":"WebPage","@id":"https:\/\/lifesgo.an9.com.br\/index.php\/2025\/06\/24\/seletiva-de-modelos-desembarca-em-mogi-das-cruzes-com-presenca-especial-de-alice-monteiro\/","url":"https:\/\/lifesgo.an9.com.br\/index.php\/2025\/06\/24\/seletiva-de-modelos-desembarca-em-mogi-das-cruzes-com-presenca-especial-de-alice-monteiro\/","name":"Seletiva de modelos desembarca em Mogi das Cruzes com presen\u00e7a especial de Alice Monteiro - LifesGo","isPartOf":{"@id":"https:\/\/lifesgo.an9.com.br\/#website"},"primaryImageOfPage":{"@id":"https:\/\/lifesgo.an9.com.br\/index.php\/2025\/06\/24\/seletiva-de-modelos-desembarca-em-mogi-das-cruzes-com-presenca-especial-de-alice-monteiro\/#primaryimage"},"image":{"@id":"https:\/\/lifesgo.an9.com.br\/index.php\/2025\/06\/24\/seletiva-de-modelos-desembarca-em-mogi-das-cruzes-com-presenca-especial-de-alice-monteiro\/#primaryimage"},"thumbnailUrl":"https:\/\/lifesgo.an9.com.br\/wp-content\/uploads\/2025\/06\/AL-16-8.jpg","datePublished":"2025-06-24T16:35:06+00:00","author":{"@id":"https:\/\/lifesgo.an9.com.br\/#\/schema\/person\/b34bfc24fce1f5cb9dc117e2efe61a07"},"breadcrumb":{"@id":"https:\/\/lifesgo.an9.com.br\/index.php\/2025\/06\/24\/seletiva-de-modelos-desembarca-em-mogi-das-cruzes-com-presenca-especial-de-alice-monteiro\/#breadcrumb"},"inLanguage":"en-US","potentialAction":[{"@type":"ReadAction","target":["https:\/\/lifesgo.an9.com.br\/index.php\/2025\/06\/24\/seletiva-de-modelos-desembarca-em-mogi-das-cruzes-com-presenca-especial-de-alice-monteiro\/"]}]},{"@type":"ImageObject","inLanguage":"en-US","@id":"https:\/\/lifesgo.an9.com.br\/index.php\/2025\/06\/24\/seletiva-de-modelos-desembarca-em-mogi-das-cruzes-com-presenca-especial-de-alice-monteiro\/#primaryimage","url":"https:\/\/lifesgo.an9.com.br\/wp-content\/uploads\/2025\/06\/AL-16-8.jpg","contentUrl":"https:\/\/lifesgo.an9.com.br\/wp-content\/uploads\/2025\/06\/AL-16-8.jpg","width":800,"height":492},{"@type":"BreadcrumbList","@id":"https:\/\/lifesgo.an9.com.br\/index.php\/2025\/06\/24\/seletiva-de-modelos-desembarca-em-mogi-das-cruzes-com-presenca-especial-de-alice-monteiro\/#breadcrumb","itemListElement":[{"@type":"ListItem","position":1,"name":"In\u00edcio","item":"https:\/\/lifesgo.an9.com.br\/"},{"@type":"ListItem","position":2,"name":"Seletiva de modelos desembarca em Mogi das Cruzes com presen\u00e7a especial de Alice Monteiro"}]},{"@type":"WebSite","@id":"https:\/\/lifesgo.an9.com.br\/#website","url":"https:\/\/lifesgo.an9.com.br\/","name":"LifesGo","description":"","potentialAction":[{"@type":"SearchAction","target":{"@type":"EntryPoint","urlTemplate":"https:\/\/lifesgo.an9.com.br\/?s={search_term_string}"},"query-input":{"@type":"PropertyValueSpecification","valueRequired":true,"valueName":"search_term_string"}}],"inLanguage":"en-US"},{"@type":"Person","@id":"https:\/\/lifesgo.an9.com.br\/#\/schema\/person\/b34bfc24fce1f5cb9dc117e2efe61a07","name":"Fernando Braga","image":{"@type":"ImageObject","inLanguage":"en-US","@id":"https:\/\/secure.gravatar.com\/avatar\/ffb6c6a544d3f2aff8e0c589f1d5e9d3459aa75486bb6627d6b49b9b24c34a3e?s=96&d=mm&r=g","url":"https:\/\/secure.gravatar.com\/avatar\/ffb6c6a544d3f2aff8e0c589f1d5e9d3459aa75486bb6627d6b49b9b24c34a3e?s=96&d=mm&r=g","contentUrl":"https:\/\/secure.gravatar.com\/avatar\/ffb6c6a544d3f2aff8e0c589f1d5e9d3459aa75486bb6627d6b49b9b24c34a3e?s=96&d=mm&r=g","caption":"Fernando Braga"},"sameAs":["https:\/\/lifesgo.com.br"],"url":"https:\/\/lifesgo.an9.com.br\/index.php\/author\/lucamor\/"}]}},"_links":{"self":[{"href":"https:\/\/lifesgo.an9.com.br\/index.php\/wp-json\/wp\/v2\/posts\/64591","targetHints":{"allow":["GET"]}}],"collection":[{"href":"https:\/\/lifesgo.an9.com.br\/index.php\/wp-json\/wp\/v2\/posts"}],"about":[{"href":"https:\/\/lifesgo.an9.com.br\/index.php\/wp-json\/wp\/v2\/types\/post"}],"author":[{"embeddable":true,"href":"https:\/\/lifesgo.an9.com.br\/index.php\/wp-json\/wp\/v2\/users\/1"}],"replies":[{"embeddable":true,"href":"https:\/\/lifesgo.an9.com.br\/index.php\/wp-json\/wp\/v2\/comments?post=64591"}],"version-history":[{"count":1,"href":"https:\/\/lifesgo.an9.com.br\/index.php\/wp-json\/wp\/v2\/posts\/64591\/revisions"}],"predecessor-version":[{"id":64592,"href":"https:\/\/lifesgo.an9.com.br\/index.php\/wp-json\/wp\/v2\/posts\/64591\/revisions\/64592"}],"wp:featuredmedia":[{"embeddable":true,"href":"https:\/\/lifesgo.an9.com.br\/index.php\/wp-json\/wp\/v2\/media\/64590"}],"wp:attachment":[{"href":"https:\/\/lifesgo.an9.com.br\/index.php\/wp-json\/wp\/v2\/media?parent=64591"}],"wp:term":[{"taxonomy":"category","embeddable":true,"href":"https:\/\/lifesgo.an9.com.br\/index.php\/wp-json\/wp\/v2\/categories?post=64591"},{"taxonomy":"post_tag","embeddable":true,"href":"https:\/\/lifesgo.an9.com.br\/index.php\/wp-json\/wp\/v2\/tags?post=64591"}],"curies":[{"name":"wp","href":"https:\/\/api.w.org\/{rel}","templated":true}]}}