{"id":63980,"date":"2025-06-10T16:40:34","date_gmt":"2025-06-10T19:40:34","guid":{"rendered":"https:\/\/lifesgo.an9.com.br\/?p=63980"},"modified":"2025-06-10T16:40:34","modified_gmt":"2025-06-10T19:40:34","slug":"guto-alves-fala-sobre-a-cobertura-da-7a-edicao-do-rio-2c-e-importancia-do-seu-podcast-o-microfone-e-seu","status":"publish","type":"post","link":"https:\/\/lifesgo.an9.com.br\/index.php\/2025\/06\/10\/guto-alves-fala-sobre-a-cobertura-da-7a-edicao-do-rio-2c-e-importancia-do-seu-podcast-o-microfone-e-seu\/","title":{"rendered":"Guto Alves fala sobre a cobertura da 7\u00aa edi\u00e7\u00e3o do Rio 2C e import\u00e2ncia do seu podcast \u201cO Microfone \u00c9 Seu\u201d"},"content":{"rendered":"<p style=\"text-align: justify\">O empres\u00e1rio e palestrante Guto Alves acaba de lan\u00e7ar o podcast \u201cO Microfone \u00e9 Seu\u201d, um projeto idealizado a partir de coment\u00e1rios que sempre ouviu sobre sua habilidade em se comunicar. \u201cDecidi criar o podcast depois de ouvir que eu me comunico bem e que merecia ter algo relacionado \u00e0 comunica\u00e7\u00e3o. Resisti muito at\u00e9 ter a ideia de criar um programa como esse, mas achei a possibilidade muito interessante e ent\u00e3o resolvi encarar esse novo desafio\u201d, revela.<\/p>\n<figure id=\"attachment_4972\" aria-describedby=\"caption-attachment-4972\" style=\"width: 768px\" class=\"wp-caption aligncenter\"><img loading=\"lazy\" decoding=\"async\" class=\"wp-image-4972 size-large\" src=\"https:\/\/publisher.mcomglobal.com\/7\/wp-content\/uploads\/2025\/06\/Copia-de-IMG_7218-768x1024.jpeg\" alt=\"Guto Alves fala sobre a cobertura da 7\u00aa edi\u00e7\u00e3o do Rio 2C e import\u00e2ncia do seu podcast \u201cO Microfone \u00c9 Seu\u201d\" width=\"768\" height=\"1024\" \/><figcaption id=\"caption-attachment-4972\" class=\"wp-caption-text\">Foto &#8211; Divulga\u00e7\u00e3o<\/figcaption><\/figure>\n<p style=\"text-align: justify\">Com um formato acess\u00edvel e acolhedor, o podcast tem como p\u00fablico-alvo pessoas comuns, com o objetivo de dar voz \u00e0s suas hist\u00f3rias de vida, lutas e supera\u00e7\u00f5es. Al\u00e9m disso, o programa tamb\u00e9m contar\u00e1 com entrevistas com artistas da m\u00fasica, televis\u00e3o, teatro, moda e influenciadores digitais.<\/p>\n<figure id=\"attachment_4973\" aria-describedby=\"caption-attachment-4973\" style=\"width: 1024px\" class=\"wp-caption aligncenter\"><img loading=\"lazy\" decoding=\"async\" class=\"wp-image-4973 size-large\" src=\"https:\/\/publisher.mcomglobal.com\/7\/wp-content\/uploads\/2025\/06\/Copia-de-IMG_7206-1024x768.jpeg\" alt=\"Guto Alves fala sobre a cobertura da 7\u00aa edi\u00e7\u00e3o do Rio 2C e import\u00e2ncia do seu podcast \u201cO Microfone \u00c9 Seu\u201d\" width=\"1024\" height=\"768\" \/><figcaption id=\"caption-attachment-4973\" class=\"wp-caption-text\">Foto &#8211; Divulga\u00e7\u00e3o<\/figcaption><\/figure>\n<p>&nbsp;<\/p>\n<figure id=\"attachment_4974\" aria-describedby=\"caption-attachment-4974\" style=\"width: 768px\" class=\"wp-caption aligncenter\"><img loading=\"lazy\" decoding=\"async\" class=\"wp-image-4974 size-large\" src=\"https:\/\/publisher.mcomglobal.com\/7\/wp-content\/uploads\/2025\/06\/Copia-de-IMG_7213-768x1024.jpeg\" alt=\"Guto Alves fala sobre a cobertura da 7\u00aa edi\u00e7\u00e3o do Rio 2C e import\u00e2ncia do seu podcast \u201cO Microfone \u00c9 Seu\u201d\" width=\"768\" height=\"1024\" \/><figcaption id=\"caption-attachment-4974\" class=\"wp-caption-text\">Foto &#8211; Divulga\u00e7\u00e3o<\/figcaption><\/figure>\n<p style=\"text-align: justify\"><strong><em>Diferenciais do programa<\/em><\/strong><\/p>\n<p style=\"text-align: justify\">Um dos grandes diferenciais do \u201cO Microfone \u00e9 Seu\u201d est\u00e1 na combina\u00e7\u00e3o entre a tradicional entrevista em est\u00fadio e os quadros externos. Entre eles, Guto destaca:<\/p>\n<p style=\"text-align: justify\"><strong>O Povo Fala: <\/strong>Guto e sua equipe v\u00e3o \u00e0s ruas para ouvir relatos de supera\u00e7\u00e3o ou realizar enquetes e perguntas espont\u00e2neas com o p\u00fablico.<\/p>\n<p style=\"text-align: justify\"><strong>Cobertura de Eventos:<\/strong> A equipe marcar\u00e1 presen\u00e7a nos mais variados eventos, principalmente culturais, oferecendo conte\u00fado informativo e de entretenimento.<\/p>\n<p style=\"text-align: justify\"><strong><em>Estreia marcante no Rio2C<\/em><\/strong><\/p>\n<p style=\"text-align: justify\">A primeira cobertura oficial do podcast foi no Rio2C, o maior evento de criatividade, inova\u00e7\u00e3o e tecnologia da Am\u00e9rica Latina. \u201cFoi uma experi\u00eancia \u00fanica! Fiquei impressionado com a quantidade de palestras e expositores. Precisei definir temas espec\u00edficos para criar um conte\u00fado bacana, ent\u00e3o foquei na sala Globo e na palestra da Daniela Beyruti, atual CEO do SBT. Foi um divisor de \u00e1guas estar perto de algu\u00e9m que admiro, al\u00e9m de ter presenciado o jornalista C\u00e9sar Filho, outro grande nome da comunica\u00e7\u00e3o\u201d, conta Guto. \u201cOutro ponto bem marcante foi falar com Consuelo Cruz e Luciana Ladeira, respectivamente Produtora e Coordenadora de Conte\u00fado da TV Globo, incluindo o BBB, onde comentei sobre a inclus\u00e3o de PCD\u2019s no reality, como o Vin\u00edcius Rodrigues, atleta paral\u00edmpico e admirar essa nova iniciativa dentro de um programa desse tipo\u201d.<\/p>\n<p style=\"text-align: justify\">Ele tamb\u00e9m se emocionou com uma entrevista especial durante o evento: \u201cEntrevistar uma colega deficiente visual, que tamb\u00e9m estava cobrindo o evento, foi muito marcante. Assim como eu, ela n\u00e3o se acomodou, n\u00e3o se limitou e nem se vitimizou para estar ali. Isso me tocou profundamente\u201d.<\/p>\n<p style=\"text-align: justify\"><strong><em>Evolu\u00e7\u00e3o constante<\/em><\/strong><\/p>\n<p style=\"text-align: justify\">Mesmo satisfeito com a estreia, Guto reconhece que ainda h\u00e1 muito o que aprender e aperfei\u00e7oar. \u201cPreciso controlar melhor o nervosismo na hora de entrevistar, captar v\u00eddeos e imagens. Mas para uma primeira cobertura, e de um evento desse porte, avalio como satisfat\u00f3ria. Aprendi que \u00e9 essencial focar no que se quer conquistar e fazer tudo com seriedade, simpatia e carisma. Isso abre portas e fortalece nossa credibilidade\u201d, conclui.<\/p>\n<p style=\"text-align: justify\">Com o \u201cO Microfone \u00e9 Seu\u201d, Guto Alves d\u00e1 um importante passo no universo da comunica\u00e7\u00e3o, criando um espa\u00e7o democr\u00e1tico, inspirador e cheio de humanidade.<\/p>\n<p style=\"text-align: justify\"><strong><em>Sobre <\/em><\/strong><\/p>\n<p style=\"text-align: justify\"><strong>Guto Alves<\/strong> \u00e9 empres\u00e1rio, palestrante e especialista em inclus\u00e3o social. Como CEO da produtora Texas Carioca, ele se destaca por unir criatividade e neg\u00f3cios de forma excepcional. Seu lema, \u201cAlegria e felicidade \u00e9 o que me move\u201d, reflete sua abordagem positiva, tanto na vida pessoal quanto nas iniciativas profissionais. Guto vem compartilhando suas experi\u00eancias e insights com um p\u00fablico amplo atrav\u00e9s de suas palestras, programas e eventos dos quais participa. Essa combina\u00e7\u00e3o de experi\u00eancias o torna uma refer\u00eancia para aqueles que buscam sucesso e realiza\u00e7\u00e3o em suas jornadas.<\/p>\n<p style=\"text-align: justify\">\n<p style=\"text-align: justify\"><strong><em>Redes<\/em><\/strong><\/p>\n<p style=\"text-align: justify\"><strong>Instagram:<\/strong> <a href=\"https:\/\/www.instagram.com\/gutoalves.oficial\/\">@gutoalves.oficial<\/a><\/p>\n<p style=\"text-align: justify\"><strong>Tik Tok:<\/strong>\u00a0 <a href=\"https:\/\/www.tiktok.com\/@gutoalves.oficial\">@gutoalves.oficial<\/a><\/p>\n<p style=\"text-align: justify\"><strong>Linkedin:<\/strong> <a href=\"https:\/\/www.linkedin.com\/in\/gutoalves\/?utm_source=share&#038;utm_campaign=share_via&#038;utm_content=profile&#038;utm_medium=ios_app\">Guto Alves<\/a><\/p>\n<p style=\"text-align: justify\">\n<p style=\"text-align: justify\"><strong><em>Empresa<\/em><\/strong><\/p>\n<p style=\"text-align: justify\">Texas Carioca. Site clique <a href=\"https:\/\/www.txcproducoesartisticas.com.br\/\">aqui<\/a> e para contato <a href=\"https:\/\/api.whatsapp.com\/message\/QLJ27AQPJ556L1?autoload=1&#038;app_absent=0\">aqui<\/a>.<\/p>\n<p style=\"text-align: justify\">\n","protected":false},"excerpt":{"rendered":"<p>O empres\u00e1rio e palestrante Guto Alves acaba de lan\u00e7ar o&#8230;<\/p>\n","protected":false},"author":1,"featured_media":63979,"comment_status":"closed","ping_status":"open","sticky":false,"template":"","format":"standard","meta":{"_acf_changed":false,"footnotes":""},"categories":[28],"tags":[96,129,182],"class_list":["post-63980","post","type-post","status-publish","format-standard","has-post-thumbnail","hentry","category-famosos","tag-comunicacao","tag-evento","tag-rio-2c"],"acf":[],"yoast_head":"<!-- This site is optimized with the Yoast SEO plugin v27.5 - https:\/\/yoast.com\/product\/yoast-seo-wordpress\/ -->\n<title>Guto Alves fala sobre a cobertura da 7\u00aa edi\u00e7\u00e3o do Rio 2C e import\u00e2ncia do seu podcast \u201cO Microfone \u00c9 Seu\u201d - LifesGo<\/title>\n<meta name=\"robots\" content=\"index, follow, max-snippet:-1, max-image-preview:large, max-video-preview:-1\" \/>\n<link rel=\"canonical\" href=\"https:\/\/lifesgo.an9.com.br\/index.php\/2025\/06\/10\/guto-alves-fala-sobre-a-cobertura-da-7a-edicao-do-rio-2c-e-importancia-do-seu-podcast-o-microfone-e-seu\/\" \/>\n<meta property=\"og:locale\" content=\"en_US\" \/>\n<meta property=\"og:type\" content=\"article\" \/>\n<meta property=\"og:title\" content=\"Guto Alves fala sobre a cobertura da 7\u00aa edi\u00e7\u00e3o do Rio 2C e import\u00e2ncia do seu podcast \u201cO Microfone \u00c9 Seu\u201d - LifesGo\" \/>\n<meta property=\"og:description\" content=\"O empres\u00e1rio e palestrante Guto Alves acaba de lan\u00e7ar o...\" \/>\n<meta property=\"og:url\" content=\"https:\/\/lifesgo.an9.com.br\/index.php\/2025\/06\/10\/guto-alves-fala-sobre-a-cobertura-da-7a-edicao-do-rio-2c-e-importancia-do-seu-podcast-o-microfone-e-seu\/\" \/>\n<meta property=\"og:site_name\" content=\"LifesGo\" \/>\n<meta property=\"article:published_time\" content=\"2025-06-10T19:40:34+00:00\" \/>\n<meta property=\"og:image\" content=\"https:\/\/lifesgo.an9.com.br\/wp-content\/uploads\/2025\/06\/Copia-de-IMG_7141.jpeg\" \/>\n\t<meta property=\"og:image:width\" content=\"2364\" \/>\n\t<meta property=\"og:image:height\" content=\"1330\" \/>\n\t<meta property=\"og:image:type\" content=\"image\/jpeg\" \/>\n<meta name=\"author\" content=\"Fernando Braga\" \/>\n<meta name=\"twitter:card\" content=\"summary_large_image\" \/>\n<meta name=\"twitter:label1\" content=\"Written by\" \/>\n\t<meta name=\"twitter:data1\" content=\"Fernando Braga\" \/>\n\t<meta name=\"twitter:label2\" content=\"Est. reading time\" \/>\n\t<meta name=\"twitter:data2\" content=\"3 minutes\" \/>\n<script type=\"application\/ld+json\" class=\"yoast-schema-graph\">{\"@context\":\"https:\\\/\\\/schema.org\",\"@graph\":[{\"@type\":\"Article\",\"@id\":\"https:\\\/\\\/lifesgo.an9.com.br\\\/index.php\\\/2025\\\/06\\\/10\\\/guto-alves-fala-sobre-a-cobertura-da-7a-edicao-do-rio-2c-e-importancia-do-seu-podcast-o-microfone-e-seu\\\/#article\",\"isPartOf\":{\"@id\":\"https:\\\/\\\/lifesgo.an9.com.br\\\/index.php\\\/2025\\\/06\\\/10\\\/guto-alves-fala-sobre-a-cobertura-da-7a-edicao-do-rio-2c-e-importancia-do-seu-podcast-o-microfone-e-seu\\\/\"},\"author\":{\"name\":\"Fernando Braga\",\"@id\":\"https:\\\/\\\/lifesgo.an9.com.br\\\/#\\\/schema\\\/person\\\/b34bfc24fce1f5cb9dc117e2efe61a07\"},\"headline\":\"Guto Alves fala sobre a cobertura da 7\u00aa edi\u00e7\u00e3o do Rio 2C e import\u00e2ncia do seu podcast \u201cO Microfone \u00c9 Seu\u201d\",\"datePublished\":\"2025-06-10T19:40:34+00:00\",\"mainEntityOfPage\":{\"@id\":\"https:\\\/\\\/lifesgo.an9.com.br\\\/index.php\\\/2025\\\/06\\\/10\\\/guto-alves-fala-sobre-a-cobertura-da-7a-edicao-do-rio-2c-e-importancia-do-seu-podcast-o-microfone-e-seu\\\/\"},\"wordCount\":690,\"image\":{\"@id\":\"https:\\\/\\\/lifesgo.an9.com.br\\\/index.php\\\/2025\\\/06\\\/10\\\/guto-alves-fala-sobre-a-cobertura-da-7a-edicao-do-rio-2c-e-importancia-do-seu-podcast-o-microfone-e-seu\\\/#primaryimage\"},\"thumbnailUrl\":\"https:\\\/\\\/lifesgo.an9.com.br\\\/wp-content\\\/uploads\\\/2025\\\/06\\\/Copia-de-IMG_7141.jpeg\",\"keywords\":[\"comunica\u00e7\u00e3o\",\"evento\",\"Rio 2C\"],\"articleSection\":[\"Famosos\"],\"inLanguage\":\"en-US\"},{\"@type\":\"WebPage\",\"@id\":\"https:\\\/\\\/lifesgo.an9.com.br\\\/index.php\\\/2025\\\/06\\\/10\\\/guto-alves-fala-sobre-a-cobertura-da-7a-edicao-do-rio-2c-e-importancia-do-seu-podcast-o-microfone-e-seu\\\/\",\"url\":\"https:\\\/\\\/lifesgo.an9.com.br\\\/index.php\\\/2025\\\/06\\\/10\\\/guto-alves-fala-sobre-a-cobertura-da-7a-edicao-do-rio-2c-e-importancia-do-seu-podcast-o-microfone-e-seu\\\/\",\"name\":\"Guto Alves fala sobre a cobertura da 7\u00aa edi\u00e7\u00e3o do Rio 2C e import\u00e2ncia do seu podcast \u201cO Microfone \u00c9 Seu\u201d - LifesGo\",\"isPartOf\":{\"@id\":\"https:\\\/\\\/lifesgo.an9.com.br\\\/#website\"},\"primaryImageOfPage\":{\"@id\":\"https:\\\/\\\/lifesgo.an9.com.br\\\/index.php\\\/2025\\\/06\\\/10\\\/guto-alves-fala-sobre-a-cobertura-da-7a-edicao-do-rio-2c-e-importancia-do-seu-podcast-o-microfone-e-seu\\\/#primaryimage\"},\"image\":{\"@id\":\"https:\\\/\\\/lifesgo.an9.com.br\\\/index.php\\\/2025\\\/06\\\/10\\\/guto-alves-fala-sobre-a-cobertura-da-7a-edicao-do-rio-2c-e-importancia-do-seu-podcast-o-microfone-e-seu\\\/#primaryimage\"},\"thumbnailUrl\":\"https:\\\/\\\/lifesgo.an9.com.br\\\/wp-content\\\/uploads\\\/2025\\\/06\\\/Copia-de-IMG_7141.jpeg\",\"datePublished\":\"2025-06-10T19:40:34+00:00\",\"author\":{\"@id\":\"https:\\\/\\\/lifesgo.an9.com.br\\\/#\\\/schema\\\/person\\\/b34bfc24fce1f5cb9dc117e2efe61a07\"},\"breadcrumb\":{\"@id\":\"https:\\\/\\\/lifesgo.an9.com.br\\\/index.php\\\/2025\\\/06\\\/10\\\/guto-alves-fala-sobre-a-cobertura-da-7a-edicao-do-rio-2c-e-importancia-do-seu-podcast-o-microfone-e-seu\\\/#breadcrumb\"},\"inLanguage\":\"en-US\",\"potentialAction\":[{\"@type\":\"ReadAction\",\"target\":[\"https:\\\/\\\/lifesgo.an9.com.br\\\/index.php\\\/2025\\\/06\\\/10\\\/guto-alves-fala-sobre-a-cobertura-da-7a-edicao-do-rio-2c-e-importancia-do-seu-podcast-o-microfone-e-seu\\\/\"]}]},{\"@type\":\"ImageObject\",\"inLanguage\":\"en-US\",\"@id\":\"https:\\\/\\\/lifesgo.an9.com.br\\\/index.php\\\/2025\\\/06\\\/10\\\/guto-alves-fala-sobre-a-cobertura-da-7a-edicao-do-rio-2c-e-importancia-do-seu-podcast-o-microfone-e-seu\\\/#primaryimage\",\"url\":\"https:\\\/\\\/lifesgo.an9.com.br\\\/wp-content\\\/uploads\\\/2025\\\/06\\\/Copia-de-IMG_7141.jpeg\",\"contentUrl\":\"https:\\\/\\\/lifesgo.an9.com.br\\\/wp-content\\\/uploads\\\/2025\\\/06\\\/Copia-de-IMG_7141.jpeg\",\"width\":2364,\"height\":1330},{\"@type\":\"BreadcrumbList\",\"@id\":\"https:\\\/\\\/lifesgo.an9.com.br\\\/index.php\\\/2025\\\/06\\\/10\\\/guto-alves-fala-sobre-a-cobertura-da-7a-edicao-do-rio-2c-e-importancia-do-seu-podcast-o-microfone-e-seu\\\/#breadcrumb\",\"itemListElement\":[{\"@type\":\"ListItem\",\"position\":1,\"name\":\"In\u00edcio\",\"item\":\"https:\\\/\\\/lifesgo.an9.com.br\\\/\"},{\"@type\":\"ListItem\",\"position\":2,\"name\":\"Guto Alves fala sobre a cobertura da 7\u00aa edi\u00e7\u00e3o do Rio 2C e import\u00e2ncia do seu podcast \u201cO Microfone \u00c9 Seu\u201d\"}]},{\"@type\":\"WebSite\",\"@id\":\"https:\\\/\\\/lifesgo.an9.com.br\\\/#website\",\"url\":\"https:\\\/\\\/lifesgo.an9.com.br\\\/\",\"name\":\"LifesGo\",\"description\":\"\",\"potentialAction\":[{\"@type\":\"SearchAction\",\"target\":{\"@type\":\"EntryPoint\",\"urlTemplate\":\"https:\\\/\\\/lifesgo.an9.com.br\\\/?s={search_term_string}\"},\"query-input\":{\"@type\":\"PropertyValueSpecification\",\"valueRequired\":true,\"valueName\":\"search_term_string\"}}],\"inLanguage\":\"en-US\"},{\"@type\":\"Person\",\"@id\":\"https:\\\/\\\/lifesgo.an9.com.br\\\/#\\\/schema\\\/person\\\/b34bfc24fce1f5cb9dc117e2efe61a07\",\"name\":\"Fernando Braga\",\"image\":{\"@type\":\"ImageObject\",\"inLanguage\":\"en-US\",\"@id\":\"https:\\\/\\\/secure.gravatar.com\\\/avatar\\\/ffb6c6a544d3f2aff8e0c589f1d5e9d3459aa75486bb6627d6b49b9b24c34a3e?s=96&d=mm&r=g\",\"url\":\"https:\\\/\\\/secure.gravatar.com\\\/avatar\\\/ffb6c6a544d3f2aff8e0c589f1d5e9d3459aa75486bb6627d6b49b9b24c34a3e?s=96&d=mm&r=g\",\"contentUrl\":\"https:\\\/\\\/secure.gravatar.com\\\/avatar\\\/ffb6c6a544d3f2aff8e0c589f1d5e9d3459aa75486bb6627d6b49b9b24c34a3e?s=96&d=mm&r=g\",\"caption\":\"Fernando Braga\"},\"sameAs\":[\"https:\\\/\\\/lifesgo.com.br\"],\"url\":\"https:\\\/\\\/lifesgo.an9.com.br\\\/index.php\\\/author\\\/lucamor\\\/\"}]}<\/script>\n<!-- \/ Yoast SEO plugin. -->","yoast_head_json":{"title":"Guto Alves fala sobre a cobertura da 7\u00aa edi\u00e7\u00e3o do Rio 2C e import\u00e2ncia do seu podcast \u201cO Microfone \u00c9 Seu\u201d - LifesGo","robots":{"index":"index","follow":"follow","max-snippet":"max-snippet:-1","max-image-preview":"max-image-preview:large","max-video-preview":"max-video-preview:-1"},"canonical":"https:\/\/lifesgo.an9.com.br\/index.php\/2025\/06\/10\/guto-alves-fala-sobre-a-cobertura-da-7a-edicao-do-rio-2c-e-importancia-do-seu-podcast-o-microfone-e-seu\/","og_locale":"en_US","og_type":"article","og_title":"Guto Alves fala sobre a cobertura da 7\u00aa edi\u00e7\u00e3o do Rio 2C e import\u00e2ncia do seu podcast \u201cO Microfone \u00c9 Seu\u201d - LifesGo","og_description":"O empres\u00e1rio e palestrante Guto Alves acaba de lan\u00e7ar o...","og_url":"https:\/\/lifesgo.an9.com.br\/index.php\/2025\/06\/10\/guto-alves-fala-sobre-a-cobertura-da-7a-edicao-do-rio-2c-e-importancia-do-seu-podcast-o-microfone-e-seu\/","og_site_name":"LifesGo","article_published_time":"2025-06-10T19:40:34+00:00","og_image":[{"width":2364,"height":1330,"url":"https:\/\/lifesgo.an9.com.br\/wp-content\/uploads\/2025\/06\/Copia-de-IMG_7141.jpeg","type":"image\/jpeg"}],"author":"Fernando Braga","twitter_card":"summary_large_image","twitter_misc":{"Written by":"Fernando Braga","Est. reading time":"3 minutes"},"schema":{"@context":"https:\/\/schema.org","@graph":[{"@type":"Article","@id":"https:\/\/lifesgo.an9.com.br\/index.php\/2025\/06\/10\/guto-alves-fala-sobre-a-cobertura-da-7a-edicao-do-rio-2c-e-importancia-do-seu-podcast-o-microfone-e-seu\/#article","isPartOf":{"@id":"https:\/\/lifesgo.an9.com.br\/index.php\/2025\/06\/10\/guto-alves-fala-sobre-a-cobertura-da-7a-edicao-do-rio-2c-e-importancia-do-seu-podcast-o-microfone-e-seu\/"},"author":{"name":"Fernando Braga","@id":"https:\/\/lifesgo.an9.com.br\/#\/schema\/person\/b34bfc24fce1f5cb9dc117e2efe61a07"},"headline":"Guto Alves fala sobre a cobertura da 7\u00aa edi\u00e7\u00e3o do Rio 2C e import\u00e2ncia do seu podcast \u201cO Microfone \u00c9 Seu\u201d","datePublished":"2025-06-10T19:40:34+00:00","mainEntityOfPage":{"@id":"https:\/\/lifesgo.an9.com.br\/index.php\/2025\/06\/10\/guto-alves-fala-sobre-a-cobertura-da-7a-edicao-do-rio-2c-e-importancia-do-seu-podcast-o-microfone-e-seu\/"},"wordCount":690,"image":{"@id":"https:\/\/lifesgo.an9.com.br\/index.php\/2025\/06\/10\/guto-alves-fala-sobre-a-cobertura-da-7a-edicao-do-rio-2c-e-importancia-do-seu-podcast-o-microfone-e-seu\/#primaryimage"},"thumbnailUrl":"https:\/\/lifesgo.an9.com.br\/wp-content\/uploads\/2025\/06\/Copia-de-IMG_7141.jpeg","keywords":["comunica\u00e7\u00e3o","evento","Rio 2C"],"articleSection":["Famosos"],"inLanguage":"en-US"},{"@type":"WebPage","@id":"https:\/\/lifesgo.an9.com.br\/index.php\/2025\/06\/10\/guto-alves-fala-sobre-a-cobertura-da-7a-edicao-do-rio-2c-e-importancia-do-seu-podcast-o-microfone-e-seu\/","url":"https:\/\/lifesgo.an9.com.br\/index.php\/2025\/06\/10\/guto-alves-fala-sobre-a-cobertura-da-7a-edicao-do-rio-2c-e-importancia-do-seu-podcast-o-microfone-e-seu\/","name":"Guto Alves fala sobre a cobertura da 7\u00aa edi\u00e7\u00e3o do Rio 2C e import\u00e2ncia do seu podcast \u201cO Microfone \u00c9 Seu\u201d - LifesGo","isPartOf":{"@id":"https:\/\/lifesgo.an9.com.br\/#website"},"primaryImageOfPage":{"@id":"https:\/\/lifesgo.an9.com.br\/index.php\/2025\/06\/10\/guto-alves-fala-sobre-a-cobertura-da-7a-edicao-do-rio-2c-e-importancia-do-seu-podcast-o-microfone-e-seu\/#primaryimage"},"image":{"@id":"https:\/\/lifesgo.an9.com.br\/index.php\/2025\/06\/10\/guto-alves-fala-sobre-a-cobertura-da-7a-edicao-do-rio-2c-e-importancia-do-seu-podcast-o-microfone-e-seu\/#primaryimage"},"thumbnailUrl":"https:\/\/lifesgo.an9.com.br\/wp-content\/uploads\/2025\/06\/Copia-de-IMG_7141.jpeg","datePublished":"2025-06-10T19:40:34+00:00","author":{"@id":"https:\/\/lifesgo.an9.com.br\/#\/schema\/person\/b34bfc24fce1f5cb9dc117e2efe61a07"},"breadcrumb":{"@id":"https:\/\/lifesgo.an9.com.br\/index.php\/2025\/06\/10\/guto-alves-fala-sobre-a-cobertura-da-7a-edicao-do-rio-2c-e-importancia-do-seu-podcast-o-microfone-e-seu\/#breadcrumb"},"inLanguage":"en-US","potentialAction":[{"@type":"ReadAction","target":["https:\/\/lifesgo.an9.com.br\/index.php\/2025\/06\/10\/guto-alves-fala-sobre-a-cobertura-da-7a-edicao-do-rio-2c-e-importancia-do-seu-podcast-o-microfone-e-seu\/"]}]},{"@type":"ImageObject","inLanguage":"en-US","@id":"https:\/\/lifesgo.an9.com.br\/index.php\/2025\/06\/10\/guto-alves-fala-sobre-a-cobertura-da-7a-edicao-do-rio-2c-e-importancia-do-seu-podcast-o-microfone-e-seu\/#primaryimage","url":"https:\/\/lifesgo.an9.com.br\/wp-content\/uploads\/2025\/06\/Copia-de-IMG_7141.jpeg","contentUrl":"https:\/\/lifesgo.an9.com.br\/wp-content\/uploads\/2025\/06\/Copia-de-IMG_7141.jpeg","width":2364,"height":1330},{"@type":"BreadcrumbList","@id":"https:\/\/lifesgo.an9.com.br\/index.php\/2025\/06\/10\/guto-alves-fala-sobre-a-cobertura-da-7a-edicao-do-rio-2c-e-importancia-do-seu-podcast-o-microfone-e-seu\/#breadcrumb","itemListElement":[{"@type":"ListItem","position":1,"name":"In\u00edcio","item":"https:\/\/lifesgo.an9.com.br\/"},{"@type":"ListItem","position":2,"name":"Guto Alves fala sobre a cobertura da 7\u00aa edi\u00e7\u00e3o do Rio 2C e import\u00e2ncia do seu podcast \u201cO Microfone \u00c9 Seu\u201d"}]},{"@type":"WebSite","@id":"https:\/\/lifesgo.an9.com.br\/#website","url":"https:\/\/lifesgo.an9.com.br\/","name":"LifesGo","description":"","potentialAction":[{"@type":"SearchAction","target":{"@type":"EntryPoint","urlTemplate":"https:\/\/lifesgo.an9.com.br\/?s={search_term_string}"},"query-input":{"@type":"PropertyValueSpecification","valueRequired":true,"valueName":"search_term_string"}}],"inLanguage":"en-US"},{"@type":"Person","@id":"https:\/\/lifesgo.an9.com.br\/#\/schema\/person\/b34bfc24fce1f5cb9dc117e2efe61a07","name":"Fernando Braga","image":{"@type":"ImageObject","inLanguage":"en-US","@id":"https:\/\/secure.gravatar.com\/avatar\/ffb6c6a544d3f2aff8e0c589f1d5e9d3459aa75486bb6627d6b49b9b24c34a3e?s=96&d=mm&r=g","url":"https:\/\/secure.gravatar.com\/avatar\/ffb6c6a544d3f2aff8e0c589f1d5e9d3459aa75486bb6627d6b49b9b24c34a3e?s=96&d=mm&r=g","contentUrl":"https:\/\/secure.gravatar.com\/avatar\/ffb6c6a544d3f2aff8e0c589f1d5e9d3459aa75486bb6627d6b49b9b24c34a3e?s=96&d=mm&r=g","caption":"Fernando Braga"},"sameAs":["https:\/\/lifesgo.com.br"],"url":"https:\/\/lifesgo.an9.com.br\/index.php\/author\/lucamor\/"}]}},"_links":{"self":[{"href":"https:\/\/lifesgo.an9.com.br\/index.php\/wp-json\/wp\/v2\/posts\/63980","targetHints":{"allow":["GET"]}}],"collection":[{"href":"https:\/\/lifesgo.an9.com.br\/index.php\/wp-json\/wp\/v2\/posts"}],"about":[{"href":"https:\/\/lifesgo.an9.com.br\/index.php\/wp-json\/wp\/v2\/types\/post"}],"author":[{"embeddable":true,"href":"https:\/\/lifesgo.an9.com.br\/index.php\/wp-json\/wp\/v2\/users\/1"}],"replies":[{"embeddable":true,"href":"https:\/\/lifesgo.an9.com.br\/index.php\/wp-json\/wp\/v2\/comments?post=63980"}],"version-history":[{"count":1,"href":"https:\/\/lifesgo.an9.com.br\/index.php\/wp-json\/wp\/v2\/posts\/63980\/revisions"}],"predecessor-version":[{"id":63981,"href":"https:\/\/lifesgo.an9.com.br\/index.php\/wp-json\/wp\/v2\/posts\/63980\/revisions\/63981"}],"wp:featuredmedia":[{"embeddable":true,"href":"https:\/\/lifesgo.an9.com.br\/index.php\/wp-json\/wp\/v2\/media\/63979"}],"wp:attachment":[{"href":"https:\/\/lifesgo.an9.com.br\/index.php\/wp-json\/wp\/v2\/media?parent=63980"}],"wp:term":[{"taxonomy":"category","embeddable":true,"href":"https:\/\/lifesgo.an9.com.br\/index.php\/wp-json\/wp\/v2\/categories?post=63980"},{"taxonomy":"post_tag","embeddable":true,"href":"https:\/\/lifesgo.an9.com.br\/index.php\/wp-json\/wp\/v2\/tags?post=63980"}],"curies":[{"name":"wp","href":"https:\/\/api.w.org\/{rel}","templated":true}]}}