{"id":61635,"date":"2025-04-24T09:26:59","date_gmt":"2025-04-24T12:26:59","guid":{"rendered":"https:\/\/lifesgo.an9.com.br\/?p=61635"},"modified":"2025-04-24T09:26:59","modified_gmt":"2025-04-24T12:26:59","slug":"praca-31-de-marco-e-cotada-para-abrigar-apresentacoes-que-agitam-inhumas-go-em-2025","status":"publish","type":"post","link":"https:\/\/lifesgo.an9.com.br\/index.php\/2025\/04\/24\/praca-31-de-marco-e-cotada-para-abrigar-apresentacoes-que-agitam-inhumas-go-em-2025\/","title":{"rendered":"Pra\u00e7a 31 de Mar\u00e7o \u00e9 cotada para abrigar apresenta\u00e7\u00f5es que agitam Inhumas-GO em 2025"},"content":{"rendered":"<p>A charmosa Pra\u00e7a 31 de Mar\u00e7o, localizada em Inhumas-GO, desponta como uma das op\u00e7\u00f5es mais promissoras para receber grandes eventos culturais e musicais em 2025. Com seu ambiente amplo e hist\u00f3rico, a pra\u00e7a \u00e9 conhecida por unir a comunidade em celebra\u00e7\u00f5es marcantes, e a possibilidade de sediar apresenta\u00e7\u00f5es de destaque promete atrair ainda mais p\u00fablico e valoriza\u00e7\u00e3o local.<\/p>\n<p>Entre os nomes mais aguardados est\u00e1 o de <a href=\"https:\/\/www.youtube.com\/@wambaster\">Wam Baster<\/a>, DJ e produtor musical que vem revolucionando o cen\u00e1rio do eletrofunk no Brasil. Com uma trajet\u00f3ria s\u00f3lida e um repert\u00f3rio de sucessos, o artista \u00e9 um dos destaques da programa\u00e7\u00e3o cultural esperada para o pr\u00f3ximo ano.<\/p>\n<p><strong>Wam Baster e o Eletrofunk: Uma Revolu\u00e7\u00e3o Musical<\/strong><br \/>\nFernando Cordeiro, conhecido pelo nome art\u00edstico Wam Baster, \u00e9 um dos principais nomes do eletrofunk no pa\u00eds. Considerado o pioneiro do g\u00eanero, ele acumulou grandes sucessos como &#8220;Tropa de Goi\u00e2nia&#8221;, &#8220;Pot\u00eancia do Grave&#8221; e &#8220;40 Graus&#8221;. Sua capacidade de inova\u00e7\u00e3o e talento o levaram a colaborar com artistas de renome, como Brenno Paix\u00e3o, Jiraya Uai, DJ Danlive, MC TH, RD, Jajau e DJ Low. O apelido &#8220;zero 1 do eletrofunk&#8221; reflete sua influ\u00eancia e impacto como criador e inspirador de novos talentos no g\u00eanero.<\/p>\n<p><iframe loading=\"lazy\" title=\"Tremid\u00e3o - Brenno Paix\u00e3o , Dj Eduardo Araujo , Dj Wam Baster feat. Mr Bim , Cirurgia Moral\" width=\"640\" height=\"360\" src=\"https:\/\/www.youtube.com\/embed\/ZyVB-duiv7Q?feature=oembed\" frameborder=\"0\" allow=\"accelerometer; autoplay; clipboard-write; encrypted-media; gyroscope; picture-in-picture; web-share\" referrerpolicy=\"strict-origin-when-cross-origin\" allowfullscreen><\/iframe><\/p>\n<p>Um marco em sua carreira \u00e9 o sucesso &#8220;Depois que o Sol Raiar&#8221;, uma m\u00fasica certificada com Disco de Ouro e que j\u00e1 ultrapassou 15 milh\u00f5es de streamings. Al\u00e9m disso, Wam Baster tamb\u00e9m se destacou internacionalmente, realizando um n\u00famero recorde de turn\u00eas que consolidaram seu nome em diferentes pa\u00edses e colocaram o eletrofunk em evid\u00eancia global. Para contrata\u00e7\u00f5es, o contato dispon\u00edvel \u00e9: (62) 99941-0989.<\/p>\n<p><strong>A Origem e Evolu\u00e7\u00e3o do Eletrofunk<\/strong><br \/>\nO eletrofunk \u00e9 um g\u00eanero vibrante que combina o funk brasileiro com elementos da m\u00fasica eletr\u00f4nica, criando uma sonoridade \u00fanica e dan\u00e7ante. Com batidas en\u00e9rgicas e o uso expressivo de sintetizadores, o estilo \u00e9 uma evolu\u00e7\u00e3o do funk tradicional que reflete as tend\u00eancias contempor\u00e2neas da m\u00fasica. Artistas como <a href=\"https:\/\/www.youtube.com\/@wambaster\">Wam Baster<\/a> desempenharam um papel fundamental na expans\u00e3o do g\u00eanero, transformando-o em um fen\u00f4meno cultural que une tradi\u00e7\u00e3o e modernidade.<\/p>\n<p><strong>Expectativas para 2025 em Inhumas-GO<\/strong><br \/>\nA cidade de Inhumas j\u00e1 se organiza para um calend\u00e1rio cultural diversificado, que promete atender a todos os p\u00fablicos com shows, festivais e feiras que celebram a cultura brasileira e local. A inclus\u00e3o da Pra\u00e7a 31 de Mar\u00e7o como um dos palcos principais da programa\u00e7\u00e3o refor\u00e7a seu papel como um espa\u00e7o de uni\u00e3o e celebra\u00e7\u00e3o comunit\u00e1ria. Caso Wam Baster venha a se apresentar na pra\u00e7a, os moradores podem esperar momentos inesquec\u00edveis embalados pelo ritmo contagiante do eletrofunk.<\/p>\n<p>Ainda que a programa\u00e7\u00e3o oficial esteja em fase de defini\u00e7\u00e3o, a expectativa \u00e9 alta entre os moradores para que a Pra\u00e7a 31 de Mar\u00e7o abrigue os eventos mais emblem\u00e1ticos do pr\u00f3ximo ano. Combinando hist\u00f3ria, m\u00fasica e celebra\u00e7\u00e3o, Inhumas se posiciona como um polo cultural vibrante no interior goiano.<\/p>\n<p>Acompanhe as pr\u00f3ximas atualiza\u00e7\u00f5es sobre os eventos previstos para 2025 e prepare-se para vivenciar uma agenda repleta de arte, m\u00fasica e divers\u00e3o em Inhumas-GO!<\/p>\n","protected":false},"excerpt":{"rendered":"<p>A charmosa Pra\u00e7a 31 de Mar\u00e7o, localizada em Inhumas-GO, desponta&#8230;<\/p>\n","protected":false},"author":1,"featured_media":61634,"comment_status":"closed","ping_status":"open","sticky":false,"template":"","format":"standard","meta":{"_acf_changed":false,"footnotes":""},"categories":[27],"tags":[],"class_list":["post-61635","post","type-post","status-publish","format-standard","has-post-thumbnail","hentry","category-musica"],"acf":[],"yoast_head":"<!-- This site is optimized with the Yoast SEO plugin v28.4 - https:\/\/yoast.com\/product\/yoast-seo-wordpress\/ -->\n<title>Pra\u00e7a 31 de Mar\u00e7o \u00e9 cotada para abrigar apresenta\u00e7\u00f5es que agitam Inhumas-GO em 2025 - LifesGo<\/title>\n<meta name=\"robots\" content=\"index, follow, max-snippet:-1, max-image-preview:large, max-video-preview:-1\" \/>\n<link rel=\"canonical\" href=\"https:\/\/lifesgo.an9.com.br\/index.php\/2025\/04\/24\/praca-31-de-marco-e-cotada-para-abrigar-apresentacoes-que-agitam-inhumas-go-em-2025\/\" \/>\n<meta property=\"og:locale\" content=\"pt_BR\" \/>\n<meta property=\"og:type\" content=\"article\" \/>\n<meta property=\"og:title\" content=\"Pra\u00e7a 31 de Mar\u00e7o \u00e9 cotada para abrigar apresenta\u00e7\u00f5es que agitam Inhumas-GO em 2025 - LifesGo\" \/>\n<meta property=\"og:description\" content=\"A charmosa Pra\u00e7a 31 de Mar\u00e7o, localizada em Inhumas-GO, desponta...\" \/>\n<meta property=\"og:url\" content=\"https:\/\/lifesgo.an9.com.br\/index.php\/2025\/04\/24\/praca-31-de-marco-e-cotada-para-abrigar-apresentacoes-que-agitam-inhumas-go-em-2025\/\" \/>\n<meta property=\"og:site_name\" content=\"LifesGo\" \/>\n<meta property=\"article:published_time\" content=\"2025-04-24T12:26:59+00:00\" \/>\n<meta property=\"og:image\" content=\"https:\/\/lifesgo.an9.com.br\/wp-content\/uploads\/2025\/04\/AL-3-5.jpg\" \/>\n\t<meta property=\"og:image:width\" content=\"800\" \/>\n\t<meta property=\"og:image:height\" content=\"492\" \/>\n\t<meta property=\"og:image:type\" content=\"image\/jpeg\" \/>\n<meta name=\"author\" content=\"LifesGo\" \/>\n<meta name=\"twitter:card\" content=\"summary_large_image\" \/>\n<meta name=\"twitter:label1\" content=\"Escrito por\" \/>\n\t<meta name=\"twitter:data1\" content=\"LifesGo\" \/>\n\t<meta name=\"twitter:label2\" content=\"Est. tempo de leitura\" \/>\n\t<meta name=\"twitter:data2\" content=\"3 minutos\" \/>\n<script type=\"application\/ld+json\" class=\"yoast-schema-graph\">{\"@context\":\"https:\\\/\\\/schema.org\",\"@graph\":[{\"@type\":\"Article\",\"@id\":\"https:\\\/\\\/lifesgo.an9.com.br\\\/index.php\\\/2025\\\/04\\\/24\\\/praca-31-de-marco-e-cotada-para-abrigar-apresentacoes-que-agitam-inhumas-go-em-2025\\\/#article\",\"isPartOf\":{\"@id\":\"https:\\\/\\\/lifesgo.an9.com.br\\\/index.php\\\/2025\\\/04\\\/24\\\/praca-31-de-marco-e-cotada-para-abrigar-apresentacoes-que-agitam-inhumas-go-em-2025\\\/\"},\"author\":{\"name\":\"LifesGo\",\"@id\":\"https:\\\/\\\/lifesgo.an9.com.br\\\/#\\\/schema\\\/person\\\/b34bfc24fce1f5cb9dc117e2efe61a07\"},\"headline\":\"Pra\u00e7a 31 de Mar\u00e7o \u00e9 cotada para abrigar apresenta\u00e7\u00f5es que agitam Inhumas-GO em 2025\",\"datePublished\":\"2025-04-24T12:26:59+00:00\",\"mainEntityOfPage\":{\"@id\":\"https:\\\/\\\/lifesgo.an9.com.br\\\/index.php\\\/2025\\\/04\\\/24\\\/praca-31-de-marco-e-cotada-para-abrigar-apresentacoes-que-agitam-inhumas-go-em-2025\\\/\"},\"wordCount\":569,\"image\":{\"@id\":\"https:\\\/\\\/lifesgo.an9.com.br\\\/index.php\\\/2025\\\/04\\\/24\\\/praca-31-de-marco-e-cotada-para-abrigar-apresentacoes-que-agitam-inhumas-go-em-2025\\\/#primaryimage\"},\"thumbnailUrl\":\"https:\\\/\\\/lifesgo.an9.com.br\\\/wp-content\\\/uploads\\\/2025\\\/04\\\/AL-3-5.jpg\",\"articleSection\":[\"M\u00fasica\"],\"inLanguage\":\"pt-BR\"},{\"@type\":\"WebPage\",\"@id\":\"https:\\\/\\\/lifesgo.an9.com.br\\\/index.php\\\/2025\\\/04\\\/24\\\/praca-31-de-marco-e-cotada-para-abrigar-apresentacoes-que-agitam-inhumas-go-em-2025\\\/\",\"url\":\"https:\\\/\\\/lifesgo.an9.com.br\\\/index.php\\\/2025\\\/04\\\/24\\\/praca-31-de-marco-e-cotada-para-abrigar-apresentacoes-que-agitam-inhumas-go-em-2025\\\/\",\"name\":\"Pra\u00e7a 31 de Mar\u00e7o \u00e9 cotada para abrigar apresenta\u00e7\u00f5es que agitam Inhumas-GO em 2025 - LifesGo\",\"isPartOf\":{\"@id\":\"https:\\\/\\\/lifesgo.an9.com.br\\\/#website\"},\"primaryImageOfPage\":{\"@id\":\"https:\\\/\\\/lifesgo.an9.com.br\\\/index.php\\\/2025\\\/04\\\/24\\\/praca-31-de-marco-e-cotada-para-abrigar-apresentacoes-que-agitam-inhumas-go-em-2025\\\/#primaryimage\"},\"image\":{\"@id\":\"https:\\\/\\\/lifesgo.an9.com.br\\\/index.php\\\/2025\\\/04\\\/24\\\/praca-31-de-marco-e-cotada-para-abrigar-apresentacoes-que-agitam-inhumas-go-em-2025\\\/#primaryimage\"},\"thumbnailUrl\":\"https:\\\/\\\/lifesgo.an9.com.br\\\/wp-content\\\/uploads\\\/2025\\\/04\\\/AL-3-5.jpg\",\"datePublished\":\"2025-04-24T12:26:59+00:00\",\"author\":{\"@id\":\"https:\\\/\\\/lifesgo.an9.com.br\\\/#\\\/schema\\\/person\\\/b34bfc24fce1f5cb9dc117e2efe61a07\"},\"breadcrumb\":{\"@id\":\"https:\\\/\\\/lifesgo.an9.com.br\\\/index.php\\\/2025\\\/04\\\/24\\\/praca-31-de-marco-e-cotada-para-abrigar-apresentacoes-que-agitam-inhumas-go-em-2025\\\/#breadcrumb\"},\"inLanguage\":\"pt-BR\",\"potentialAction\":[{\"@type\":\"ReadAction\",\"target\":[\"https:\\\/\\\/lifesgo.an9.com.br\\\/index.php\\\/2025\\\/04\\\/24\\\/praca-31-de-marco-e-cotada-para-abrigar-apresentacoes-que-agitam-inhumas-go-em-2025\\\/\"]}]},{\"@type\":\"ImageObject\",\"inLanguage\":\"pt-BR\",\"@id\":\"https:\\\/\\\/lifesgo.an9.com.br\\\/index.php\\\/2025\\\/04\\\/24\\\/praca-31-de-marco-e-cotada-para-abrigar-apresentacoes-que-agitam-inhumas-go-em-2025\\\/#primaryimage\",\"url\":\"https:\\\/\\\/lifesgo.an9.com.br\\\/wp-content\\\/uploads\\\/2025\\\/04\\\/AL-3-5.jpg\",\"contentUrl\":\"https:\\\/\\\/lifesgo.an9.com.br\\\/wp-content\\\/uploads\\\/2025\\\/04\\\/AL-3-5.jpg\",\"width\":800,\"height\":492},{\"@type\":\"BreadcrumbList\",\"@id\":\"https:\\\/\\\/lifesgo.an9.com.br\\\/index.php\\\/2025\\\/04\\\/24\\\/praca-31-de-marco-e-cotada-para-abrigar-apresentacoes-que-agitam-inhumas-go-em-2025\\\/#breadcrumb\",\"itemListElement\":[{\"@type\":\"ListItem\",\"position\":1,\"name\":\"In\u00edcio\",\"item\":\"https:\\\/\\\/lifesgo.an9.com.br\\\/\"},{\"@type\":\"ListItem\",\"position\":2,\"name\":\"Pra\u00e7a 31 de Mar\u00e7o \u00e9 cotada para abrigar apresenta\u00e7\u00f5es que agitam Inhumas-GO em 2025\"}]},{\"@type\":\"WebSite\",\"@id\":\"https:\\\/\\\/lifesgo.an9.com.br\\\/#website\",\"url\":\"https:\\\/\\\/lifesgo.an9.com.br\\\/\",\"name\":\"LifesGo\",\"description\":\"\",\"potentialAction\":[{\"@type\":\"SearchAction\",\"target\":{\"@type\":\"EntryPoint\",\"urlTemplate\":\"https:\\\/\\\/lifesgo.an9.com.br\\\/?s={search_term_string}\"},\"query-input\":{\"@type\":\"PropertyValueSpecification\",\"valueRequired\":true,\"valueName\":\"search_term_string\"}}],\"inLanguage\":\"pt-BR\"},{\"@type\":\"Person\",\"@id\":\"https:\\\/\\\/lifesgo.an9.com.br\\\/#\\\/schema\\\/person\\\/b34bfc24fce1f5cb9dc117e2efe61a07\",\"name\":\"LifesGo\",\"image\":{\"@type\":\"ImageObject\",\"inLanguage\":\"pt-BR\",\"@id\":\"https:\\\/\\\/secure.gravatar.com\\\/avatar\\\/ed0fb6c2dc8ca8634274f12b6bcee558dbcb1b05612be222e7d40b115c40b4f2?s=96&d=mm&r=g\",\"url\":\"https:\\\/\\\/secure.gravatar.com\\\/avatar\\\/ed0fb6c2dc8ca8634274f12b6bcee558dbcb1b05612be222e7d40b115c40b4f2?s=96&d=mm&r=g\",\"contentUrl\":\"https:\\\/\\\/secure.gravatar.com\\\/avatar\\\/ed0fb6c2dc8ca8634274f12b6bcee558dbcb1b05612be222e7d40b115c40b4f2?s=96&d=mm&r=g\",\"caption\":\"LifesGo\"},\"sameAs\":[\"https:\\\/\\\/lifesgo.com.br\"],\"url\":\"https:\\\/\\\/lifesgo.an9.com.br\\\/index.php\\\/author\\\/lucamor\\\/\"}]}<\/script>\n<!-- \/ Yoast SEO plugin. -->","yoast_head_json":{"title":"Pra\u00e7a 31 de Mar\u00e7o \u00e9 cotada para abrigar apresenta\u00e7\u00f5es que agitam Inhumas-GO em 2025 - LifesGo","robots":{"index":"index","follow":"follow","max-snippet":"max-snippet:-1","max-image-preview":"max-image-preview:large","max-video-preview":"max-video-preview:-1"},"canonical":"https:\/\/lifesgo.an9.com.br\/index.php\/2025\/04\/24\/praca-31-de-marco-e-cotada-para-abrigar-apresentacoes-que-agitam-inhumas-go-em-2025\/","og_locale":"pt_BR","og_type":"article","og_title":"Pra\u00e7a 31 de Mar\u00e7o \u00e9 cotada para abrigar apresenta\u00e7\u00f5es que agitam Inhumas-GO em 2025 - LifesGo","og_description":"A charmosa Pra\u00e7a 31 de Mar\u00e7o, localizada em Inhumas-GO, desponta...","og_url":"https:\/\/lifesgo.an9.com.br\/index.php\/2025\/04\/24\/praca-31-de-marco-e-cotada-para-abrigar-apresentacoes-que-agitam-inhumas-go-em-2025\/","og_site_name":"LifesGo","article_published_time":"2025-04-24T12:26:59+00:00","og_image":[{"width":800,"height":492,"url":"https:\/\/lifesgo.an9.com.br\/wp-content\/uploads\/2025\/04\/AL-3-5.jpg","type":"image\/jpeg"}],"author":"LifesGo","twitter_card":"summary_large_image","twitter_misc":{"Escrito por":"LifesGo","Est. tempo de leitura":"3 minutos"},"schema":{"@context":"https:\/\/schema.org","@graph":[{"@type":"Article","@id":"https:\/\/lifesgo.an9.com.br\/index.php\/2025\/04\/24\/praca-31-de-marco-e-cotada-para-abrigar-apresentacoes-que-agitam-inhumas-go-em-2025\/#article","isPartOf":{"@id":"https:\/\/lifesgo.an9.com.br\/index.php\/2025\/04\/24\/praca-31-de-marco-e-cotada-para-abrigar-apresentacoes-que-agitam-inhumas-go-em-2025\/"},"author":{"name":"LifesGo","@id":"https:\/\/lifesgo.an9.com.br\/#\/schema\/person\/b34bfc24fce1f5cb9dc117e2efe61a07"},"headline":"Pra\u00e7a 31 de Mar\u00e7o \u00e9 cotada para abrigar apresenta\u00e7\u00f5es que agitam Inhumas-GO em 2025","datePublished":"2025-04-24T12:26:59+00:00","mainEntityOfPage":{"@id":"https:\/\/lifesgo.an9.com.br\/index.php\/2025\/04\/24\/praca-31-de-marco-e-cotada-para-abrigar-apresentacoes-que-agitam-inhumas-go-em-2025\/"},"wordCount":569,"image":{"@id":"https:\/\/lifesgo.an9.com.br\/index.php\/2025\/04\/24\/praca-31-de-marco-e-cotada-para-abrigar-apresentacoes-que-agitam-inhumas-go-em-2025\/#primaryimage"},"thumbnailUrl":"https:\/\/lifesgo.an9.com.br\/wp-content\/uploads\/2025\/04\/AL-3-5.jpg","articleSection":["M\u00fasica"],"inLanguage":"pt-BR"},{"@type":"WebPage","@id":"https:\/\/lifesgo.an9.com.br\/index.php\/2025\/04\/24\/praca-31-de-marco-e-cotada-para-abrigar-apresentacoes-que-agitam-inhumas-go-em-2025\/","url":"https:\/\/lifesgo.an9.com.br\/index.php\/2025\/04\/24\/praca-31-de-marco-e-cotada-para-abrigar-apresentacoes-que-agitam-inhumas-go-em-2025\/","name":"Pra\u00e7a 31 de Mar\u00e7o \u00e9 cotada para abrigar apresenta\u00e7\u00f5es que agitam Inhumas-GO em 2025 - LifesGo","isPartOf":{"@id":"https:\/\/lifesgo.an9.com.br\/#website"},"primaryImageOfPage":{"@id":"https:\/\/lifesgo.an9.com.br\/index.php\/2025\/04\/24\/praca-31-de-marco-e-cotada-para-abrigar-apresentacoes-que-agitam-inhumas-go-em-2025\/#primaryimage"},"image":{"@id":"https:\/\/lifesgo.an9.com.br\/index.php\/2025\/04\/24\/praca-31-de-marco-e-cotada-para-abrigar-apresentacoes-que-agitam-inhumas-go-em-2025\/#primaryimage"},"thumbnailUrl":"https:\/\/lifesgo.an9.com.br\/wp-content\/uploads\/2025\/04\/AL-3-5.jpg","datePublished":"2025-04-24T12:26:59+00:00","author":{"@id":"https:\/\/lifesgo.an9.com.br\/#\/schema\/person\/b34bfc24fce1f5cb9dc117e2efe61a07"},"breadcrumb":{"@id":"https:\/\/lifesgo.an9.com.br\/index.php\/2025\/04\/24\/praca-31-de-marco-e-cotada-para-abrigar-apresentacoes-que-agitam-inhumas-go-em-2025\/#breadcrumb"},"inLanguage":"pt-BR","potentialAction":[{"@type":"ReadAction","target":["https:\/\/lifesgo.an9.com.br\/index.php\/2025\/04\/24\/praca-31-de-marco-e-cotada-para-abrigar-apresentacoes-que-agitam-inhumas-go-em-2025\/"]}]},{"@type":"ImageObject","inLanguage":"pt-BR","@id":"https:\/\/lifesgo.an9.com.br\/index.php\/2025\/04\/24\/praca-31-de-marco-e-cotada-para-abrigar-apresentacoes-que-agitam-inhumas-go-em-2025\/#primaryimage","url":"https:\/\/lifesgo.an9.com.br\/wp-content\/uploads\/2025\/04\/AL-3-5.jpg","contentUrl":"https:\/\/lifesgo.an9.com.br\/wp-content\/uploads\/2025\/04\/AL-3-5.jpg","width":800,"height":492},{"@type":"BreadcrumbList","@id":"https:\/\/lifesgo.an9.com.br\/index.php\/2025\/04\/24\/praca-31-de-marco-e-cotada-para-abrigar-apresentacoes-que-agitam-inhumas-go-em-2025\/#breadcrumb","itemListElement":[{"@type":"ListItem","position":1,"name":"In\u00edcio","item":"https:\/\/lifesgo.an9.com.br\/"},{"@type":"ListItem","position":2,"name":"Pra\u00e7a 31 de Mar\u00e7o \u00e9 cotada para abrigar apresenta\u00e7\u00f5es que agitam Inhumas-GO em 2025"}]},{"@type":"WebSite","@id":"https:\/\/lifesgo.an9.com.br\/#website","url":"https:\/\/lifesgo.an9.com.br\/","name":"LifesGo","description":"","potentialAction":[{"@type":"SearchAction","target":{"@type":"EntryPoint","urlTemplate":"https:\/\/lifesgo.an9.com.br\/?s={search_term_string}"},"query-input":{"@type":"PropertyValueSpecification","valueRequired":true,"valueName":"search_term_string"}}],"inLanguage":"pt-BR"},{"@type":"Person","@id":"https:\/\/lifesgo.an9.com.br\/#\/schema\/person\/b34bfc24fce1f5cb9dc117e2efe61a07","name":"LifesGo","image":{"@type":"ImageObject","inLanguage":"pt-BR","@id":"https:\/\/secure.gravatar.com\/avatar\/ed0fb6c2dc8ca8634274f12b6bcee558dbcb1b05612be222e7d40b115c40b4f2?s=96&d=mm&r=g","url":"https:\/\/secure.gravatar.com\/avatar\/ed0fb6c2dc8ca8634274f12b6bcee558dbcb1b05612be222e7d40b115c40b4f2?s=96&d=mm&r=g","contentUrl":"https:\/\/secure.gravatar.com\/avatar\/ed0fb6c2dc8ca8634274f12b6bcee558dbcb1b05612be222e7d40b115c40b4f2?s=96&d=mm&r=g","caption":"LifesGo"},"sameAs":["https:\/\/lifesgo.com.br"],"url":"https:\/\/lifesgo.an9.com.br\/index.php\/author\/lucamor\/"}]}},"_links":{"self":[{"href":"https:\/\/lifesgo.an9.com.br\/index.php\/wp-json\/wp\/v2\/posts\/61635","targetHints":{"allow":["GET"]}}],"collection":[{"href":"https:\/\/lifesgo.an9.com.br\/index.php\/wp-json\/wp\/v2\/posts"}],"about":[{"href":"https:\/\/lifesgo.an9.com.br\/index.php\/wp-json\/wp\/v2\/types\/post"}],"author":[{"embeddable":true,"href":"https:\/\/lifesgo.an9.com.br\/index.php\/wp-json\/wp\/v2\/users\/1"}],"replies":[{"embeddable":true,"href":"https:\/\/lifesgo.an9.com.br\/index.php\/wp-json\/wp\/v2\/comments?post=61635"}],"version-history":[{"count":1,"href":"https:\/\/lifesgo.an9.com.br\/index.php\/wp-json\/wp\/v2\/posts\/61635\/revisions"}],"predecessor-version":[{"id":61636,"href":"https:\/\/lifesgo.an9.com.br\/index.php\/wp-json\/wp\/v2\/posts\/61635\/revisions\/61636"}],"wp:featuredmedia":[{"embeddable":true,"href":"https:\/\/lifesgo.an9.com.br\/index.php\/wp-json\/wp\/v2\/media\/61634"}],"wp:attachment":[{"href":"https:\/\/lifesgo.an9.com.br\/index.php\/wp-json\/wp\/v2\/media?parent=61635"}],"wp:term":[{"taxonomy":"category","embeddable":true,"href":"https:\/\/lifesgo.an9.com.br\/index.php\/wp-json\/wp\/v2\/categories?post=61635"},{"taxonomy":"post_tag","embeddable":true,"href":"https:\/\/lifesgo.an9.com.br\/index.php\/wp-json\/wp\/v2\/tags?post=61635"}],"curies":[{"name":"wp","href":"https:\/\/api.w.org\/{rel}","templated":true}]}}