{"id":61629,"date":"2025-04-24T09:23:05","date_gmt":"2025-04-24T12:23:05","guid":{"rendered":"https:\/\/lifesgo.an9.com.br\/?p=61629"},"modified":"2025-04-24T09:23:05","modified_gmt":"2025-04-24T12:23:05","slug":"de-graca-segunda-edicao-do-rio-pet-week-comeca-neste-domingo-27-no-shopping-nova-america","status":"publish","type":"post","link":"https:\/\/lifesgo.an9.com.br\/index.php\/2025\/04\/24\/de-graca-segunda-edicao-do-rio-pet-week-comeca-neste-domingo-27-no-shopping-nova-america\/","title":{"rendered":"DE GRA\u00c7A: Segunda edi\u00e7\u00e3o do Rio Pet Week come\u00e7a neste domingo (27), no Shopping Nova Am\u00e9rica"},"content":{"rendered":"<p><strong><em>Evento re\u00fane o mundo Pet, em um s\u00f3 lugar com v\u00e1rias atra\u00e7\u00f5es.<\/em><\/strong><\/p>\n<p>Neste domingo, dia 27 de abril, a partir das 16h, o Shopping Nova Am\u00e9rica, em Del Castilho recebe a segunda edi\u00e7\u00e3o do Rio Pet Week. O evento vai at\u00e9 dia de 4 de maio e tem entrada gr\u00e1tis. O local contar\u00e1 com um espa\u00e7o ainda mais amplo, repleto de ativa\u00e7\u00f5es, servi\u00e7os diversos, parc\u00e3o, \u00e1rea kids e gastronomia para toda a fam\u00edlia.<\/p>\n<p>Ser\u00e1 uma semana inteira dedicada ao universo pet, com experi\u00eancias \u00fanicas, com palestras, din\u00e2micas, expositores especializados e muita divers\u00e3o para quem ama e vive esse mundo. Al\u00e9m de contar com espa\u00e7o para gastr\u00f4nomia humana com food trucks, petiscos, doces e muito mais! o evento tamb\u00e9m ter\u00e1 espa\u00e7o com \u00e1rea kids.<\/p>\n<p>Realizado pela Unno Produ\u00e7\u00f5es, uma empresa com seis anos de experi\u00eancia na gest\u00e3o de iniciativas inovadoras, o Rio Pet Week chega para fortalecer a economia local, promovendo pr\u00e1ticas sustent\u00e1veis no setor pet, oferecendo espa\u00e7os e atividades especializadas, al\u00e9m de momentos de forma\u00e7\u00e3o e intera\u00e7\u00e3o especialmente selecionados para intera\u00e7\u00e3o entre fam\u00edlias e empreendedores.<\/p>\n<p style=\"text-align: center;\"><img loading=\"lazy\" decoding=\"async\" class=\"aligncenter size-full wp-image-1611\" src=\"https:\/\/publisher.mcomglobal.com\/8\/wp-content\/uploads\/2025\/04\/WhatsApp-Image-2025-04-24-at-09.12.46-1.jpg\" alt=\"\" width=\"800\" height=\"566\" \/><\/p>\n<p>Entre as principais ativa\u00e7\u00f5es, teremos espa\u00e7os exclusivos com orienta\u00e7\u00f5es sobre nutri\u00e7\u00e3o e alimenta\u00e7\u00e3o para os pets, vacina\u00e7\u00e3o, microchipagem, demonstra\u00e7\u00e3o de adestramento, encontro de ra\u00e7as dicas de socializa\u00e7\u00e3o, produtos e acess\u00f3rios inovadores, palestras e workshops com especialistas do setor, e o espa\u00e7o para ado\u00e7\u00e3o, onde as pessoas ter\u00e3o a oportunidade de se apaixonar por um novo amigo e dar um lar acolhedor para ele, promovendo a ado\u00e7\u00e3o respons\u00e1vel.<\/p>\n<p>A Unno Produ\u00e7\u00f5es convida jornalistas, fot\u00f3grafos e influenciadores a conhecerem de perto o projeto Rio Pet Week, uma iniciativa inovadora com patroc\u00ednio da Prefeitura do Rio de Janeiro, atrav\u00e9s da Secretaria Especial de Integra\u00e7\u00e3o Metropolitana &#8211; SEIM, do Projeto IntegraRio e apoio operacional da Secretaria de Prote\u00e7\u00e3o e Defesa dos Animais.<\/p>\n<p>A programa\u00e7\u00e3o variada para pets, seus tutores e empreendedores do setor, \u00e9 uma rica fonte de mat\u00e9rias para os ve\u00edculos de comunica\u00e7\u00e3o, oferecendo oportunidades para entrevistas exclusivas e registros visuais que certamente v\u00e3o encantar o p\u00fablico. Prepare-se para uma explos\u00e3o de amor, divers\u00e3o e novas possibilidades de neg\u00f3cios!<\/p>\n<p style=\"text-align: center;\"><img loading=\"lazy\" decoding=\"async\" class=\"aligncenter size-full wp-image-1612\" src=\"https:\/\/publisher.mcomglobal.com\/8\/wp-content\/uploads\/2025\/04\/WhatsApp-Image-2025-04-24-at-09.12.46.jpg\" alt=\"\" width=\"800\" height=\"600\" \/><\/p>\n<p>Os animais, hoje, s\u00e3o verdadeiros integrantes das fam\u00edlias, trazendo efeitos socializadores e at\u00e9 mesmo ben\u00e9ficos para a sa\u00fade. N\u00e3o \u00e9 \u00e0 toa que o Brasil \u00e9 considerado o terceiro pa\u00eds com a maior popula\u00e7\u00e3o de animais de estima\u00e7\u00e3o do mundo. O Rio Pet Week chega para celebrar essa conex\u00e3o junto com parceiros especialmente selecionados e impulsionar a economia da nossa cidade. Participe do Rio Pet Week com a gente! Rio Pet Week Um evento que impulsiona o mercado local, conectando pessoas e neg\u00f3cios.<\/p>\n<p><strong>SERVI\u00c7O:<\/strong> Rio Pet Week Nova Am\u00e9rica<br \/>\nLocal: Shopping Nova Am\u00e9rica Per\u00edodo: 27 de abril a 04 de maio<br \/>\nEndere\u00e7o: Avenida Pastor Martin Luther King Jr., 126 &#8211; Del Castilho, Rio de Janeiro.<br \/>\nHor\u00e1rio: das 16h \u00e0s 22h, Entrada Gratuita<br \/>\nPara a imprensa: Credenciamento antecipado para jornalistas, espa\u00e7o exclusivo para entrevistas e grava\u00e7\u00f5es, ideal para capturar os melhores momentos. CONTATOS: Telefone: (21) 2303-5062 E-mail: <a href=\"mailto:contato@riopetweek.com.br\">contato@riopetweek.com.br<\/a> e <a href=\"mailto:mkt@unno.art.br\">mkt@unno.art.br<\/a><\/p>\n","protected":false},"excerpt":{"rendered":"<p>Evento re\u00fane o mundo Pet, em um s\u00f3 lugar com&#8230;<\/p>\n","protected":false},"author":1,"featured_media":61628,"comment_status":"closed","ping_status":"open","sticky":false,"template":"","format":"standard","meta":{"_acf_changed":false,"footnotes":""},"categories":[29],"tags":[],"class_list":["post-61629","post","type-post","status-publish","format-standard","has-post-thumbnail","hentry","category-cultura"],"acf":[],"yoast_head":"<!-- This site is optimized with the Yoast SEO plugin v28.4 - https:\/\/yoast.com\/product\/yoast-seo-wordpress\/ -->\n<title>DE GRA\u00c7A: Segunda edi\u00e7\u00e3o do Rio Pet Week come\u00e7a neste domingo (27), no Shopping Nova Am\u00e9rica - LifesGo<\/title>\n<meta name=\"robots\" content=\"index, follow, max-snippet:-1, max-image-preview:large, max-video-preview:-1\" \/>\n<link rel=\"canonical\" href=\"https:\/\/lifesgo.an9.com.br\/index.php\/2025\/04\/24\/de-graca-segunda-edicao-do-rio-pet-week-comeca-neste-domingo-27-no-shopping-nova-america\/\" \/>\n<meta property=\"og:locale\" content=\"pt_BR\" \/>\n<meta property=\"og:type\" content=\"article\" \/>\n<meta property=\"og:title\" content=\"DE GRA\u00c7A: Segunda edi\u00e7\u00e3o do Rio Pet Week come\u00e7a neste domingo (27), no Shopping Nova Am\u00e9rica - LifesGo\" \/>\n<meta property=\"og:description\" content=\"Evento re\u00fane o mundo Pet, em um s\u00f3 lugar com...\" \/>\n<meta property=\"og:url\" content=\"https:\/\/lifesgo.an9.com.br\/index.php\/2025\/04\/24\/de-graca-segunda-edicao-do-rio-pet-week-comeca-neste-domingo-27-no-shopping-nova-america\/\" \/>\n<meta property=\"og:site_name\" content=\"LifesGo\" \/>\n<meta property=\"article:published_time\" content=\"2025-04-24T12:23:05+00:00\" \/>\n<meta property=\"og:image\" content=\"https:\/\/lifesgo.an9.com.br\/wp-content\/uploads\/2025\/04\/AL-1-5.jpg\" \/>\n\t<meta property=\"og:image:width\" content=\"800\" \/>\n\t<meta property=\"og:image:height\" content=\"492\" \/>\n\t<meta property=\"og:image:type\" content=\"image\/jpeg\" \/>\n<meta name=\"author\" content=\"LifesGo\" \/>\n<meta name=\"twitter:card\" content=\"summary_large_image\" \/>\n<meta name=\"twitter:label1\" content=\"Escrito por\" \/>\n\t<meta name=\"twitter:data1\" content=\"LifesGo\" \/>\n\t<meta name=\"twitter:label2\" content=\"Est. tempo de leitura\" \/>\n\t<meta name=\"twitter:data2\" content=\"3 minutos\" \/>\n<script type=\"application\/ld+json\" class=\"yoast-schema-graph\">{\"@context\":\"https:\\\/\\\/schema.org\",\"@graph\":[{\"@type\":\"Article\",\"@id\":\"https:\\\/\\\/lifesgo.an9.com.br\\\/index.php\\\/2025\\\/04\\\/24\\\/de-graca-segunda-edicao-do-rio-pet-week-comeca-neste-domingo-27-no-shopping-nova-america\\\/#article\",\"isPartOf\":{\"@id\":\"https:\\\/\\\/lifesgo.an9.com.br\\\/index.php\\\/2025\\\/04\\\/24\\\/de-graca-segunda-edicao-do-rio-pet-week-comeca-neste-domingo-27-no-shopping-nova-america\\\/\"},\"author\":{\"name\":\"LifesGo\",\"@id\":\"https:\\\/\\\/lifesgo.an9.com.br\\\/#\\\/schema\\\/person\\\/b34bfc24fce1f5cb9dc117e2efe61a07\"},\"headline\":\"DE GRA\u00c7A: Segunda edi\u00e7\u00e3o do Rio Pet Week come\u00e7a neste domingo (27), no Shopping Nova Am\u00e9rica\",\"datePublished\":\"2025-04-24T12:23:05+00:00\",\"mainEntityOfPage\":{\"@id\":\"https:\\\/\\\/lifesgo.an9.com.br\\\/index.php\\\/2025\\\/04\\\/24\\\/de-graca-segunda-edicao-do-rio-pet-week-comeca-neste-domingo-27-no-shopping-nova-america\\\/\"},\"wordCount\":583,\"image\":{\"@id\":\"https:\\\/\\\/lifesgo.an9.com.br\\\/index.php\\\/2025\\\/04\\\/24\\\/de-graca-segunda-edicao-do-rio-pet-week-comeca-neste-domingo-27-no-shopping-nova-america\\\/#primaryimage\"},\"thumbnailUrl\":\"https:\\\/\\\/lifesgo.an9.com.br\\\/wp-content\\\/uploads\\\/2025\\\/04\\\/AL-1-5.jpg\",\"articleSection\":[\"Cultura\"],\"inLanguage\":\"pt-BR\"},{\"@type\":\"WebPage\",\"@id\":\"https:\\\/\\\/lifesgo.an9.com.br\\\/index.php\\\/2025\\\/04\\\/24\\\/de-graca-segunda-edicao-do-rio-pet-week-comeca-neste-domingo-27-no-shopping-nova-america\\\/\",\"url\":\"https:\\\/\\\/lifesgo.an9.com.br\\\/index.php\\\/2025\\\/04\\\/24\\\/de-graca-segunda-edicao-do-rio-pet-week-comeca-neste-domingo-27-no-shopping-nova-america\\\/\",\"name\":\"DE GRA\u00c7A: Segunda edi\u00e7\u00e3o do Rio Pet Week come\u00e7a neste domingo (27), no Shopping Nova Am\u00e9rica - LifesGo\",\"isPartOf\":{\"@id\":\"https:\\\/\\\/lifesgo.an9.com.br\\\/#website\"},\"primaryImageOfPage\":{\"@id\":\"https:\\\/\\\/lifesgo.an9.com.br\\\/index.php\\\/2025\\\/04\\\/24\\\/de-graca-segunda-edicao-do-rio-pet-week-comeca-neste-domingo-27-no-shopping-nova-america\\\/#primaryimage\"},\"image\":{\"@id\":\"https:\\\/\\\/lifesgo.an9.com.br\\\/index.php\\\/2025\\\/04\\\/24\\\/de-graca-segunda-edicao-do-rio-pet-week-comeca-neste-domingo-27-no-shopping-nova-america\\\/#primaryimage\"},\"thumbnailUrl\":\"https:\\\/\\\/lifesgo.an9.com.br\\\/wp-content\\\/uploads\\\/2025\\\/04\\\/AL-1-5.jpg\",\"datePublished\":\"2025-04-24T12:23:05+00:00\",\"author\":{\"@id\":\"https:\\\/\\\/lifesgo.an9.com.br\\\/#\\\/schema\\\/person\\\/b34bfc24fce1f5cb9dc117e2efe61a07\"},\"breadcrumb\":{\"@id\":\"https:\\\/\\\/lifesgo.an9.com.br\\\/index.php\\\/2025\\\/04\\\/24\\\/de-graca-segunda-edicao-do-rio-pet-week-comeca-neste-domingo-27-no-shopping-nova-america\\\/#breadcrumb\"},\"inLanguage\":\"pt-BR\",\"potentialAction\":[{\"@type\":\"ReadAction\",\"target\":[\"https:\\\/\\\/lifesgo.an9.com.br\\\/index.php\\\/2025\\\/04\\\/24\\\/de-graca-segunda-edicao-do-rio-pet-week-comeca-neste-domingo-27-no-shopping-nova-america\\\/\"]}]},{\"@type\":\"ImageObject\",\"inLanguage\":\"pt-BR\",\"@id\":\"https:\\\/\\\/lifesgo.an9.com.br\\\/index.php\\\/2025\\\/04\\\/24\\\/de-graca-segunda-edicao-do-rio-pet-week-comeca-neste-domingo-27-no-shopping-nova-america\\\/#primaryimage\",\"url\":\"https:\\\/\\\/lifesgo.an9.com.br\\\/wp-content\\\/uploads\\\/2025\\\/04\\\/AL-1-5.jpg\",\"contentUrl\":\"https:\\\/\\\/lifesgo.an9.com.br\\\/wp-content\\\/uploads\\\/2025\\\/04\\\/AL-1-5.jpg\",\"width\":800,\"height\":492},{\"@type\":\"BreadcrumbList\",\"@id\":\"https:\\\/\\\/lifesgo.an9.com.br\\\/index.php\\\/2025\\\/04\\\/24\\\/de-graca-segunda-edicao-do-rio-pet-week-comeca-neste-domingo-27-no-shopping-nova-america\\\/#breadcrumb\",\"itemListElement\":[{\"@type\":\"ListItem\",\"position\":1,\"name\":\"In\u00edcio\",\"item\":\"https:\\\/\\\/lifesgo.an9.com.br\\\/\"},{\"@type\":\"ListItem\",\"position\":2,\"name\":\"DE GRA\u00c7A: Segunda edi\u00e7\u00e3o do Rio Pet Week come\u00e7a neste domingo (27), no Shopping Nova Am\u00e9rica\"}]},{\"@type\":\"WebSite\",\"@id\":\"https:\\\/\\\/lifesgo.an9.com.br\\\/#website\",\"url\":\"https:\\\/\\\/lifesgo.an9.com.br\\\/\",\"name\":\"LifesGo\",\"description\":\"\",\"potentialAction\":[{\"@type\":\"SearchAction\",\"target\":{\"@type\":\"EntryPoint\",\"urlTemplate\":\"https:\\\/\\\/lifesgo.an9.com.br\\\/?s={search_term_string}\"},\"query-input\":{\"@type\":\"PropertyValueSpecification\",\"valueRequired\":true,\"valueName\":\"search_term_string\"}}],\"inLanguage\":\"pt-BR\"},{\"@type\":\"Person\",\"@id\":\"https:\\\/\\\/lifesgo.an9.com.br\\\/#\\\/schema\\\/person\\\/b34bfc24fce1f5cb9dc117e2efe61a07\",\"name\":\"LifesGo\",\"image\":{\"@type\":\"ImageObject\",\"inLanguage\":\"pt-BR\",\"@id\":\"https:\\\/\\\/secure.gravatar.com\\\/avatar\\\/ed0fb6c2dc8ca8634274f12b6bcee558dbcb1b05612be222e7d40b115c40b4f2?s=96&d=mm&r=g\",\"url\":\"https:\\\/\\\/secure.gravatar.com\\\/avatar\\\/ed0fb6c2dc8ca8634274f12b6bcee558dbcb1b05612be222e7d40b115c40b4f2?s=96&d=mm&r=g\",\"contentUrl\":\"https:\\\/\\\/secure.gravatar.com\\\/avatar\\\/ed0fb6c2dc8ca8634274f12b6bcee558dbcb1b05612be222e7d40b115c40b4f2?s=96&d=mm&r=g\",\"caption\":\"LifesGo\"},\"sameAs\":[\"https:\\\/\\\/lifesgo.com.br\"],\"url\":\"https:\\\/\\\/lifesgo.an9.com.br\\\/index.php\\\/author\\\/lucamor\\\/\"}]}<\/script>\n<!-- \/ Yoast SEO plugin. -->","yoast_head_json":{"title":"DE GRA\u00c7A: Segunda edi\u00e7\u00e3o do Rio Pet Week come\u00e7a neste domingo (27), no Shopping Nova Am\u00e9rica - LifesGo","robots":{"index":"index","follow":"follow","max-snippet":"max-snippet:-1","max-image-preview":"max-image-preview:large","max-video-preview":"max-video-preview:-1"},"canonical":"https:\/\/lifesgo.an9.com.br\/index.php\/2025\/04\/24\/de-graca-segunda-edicao-do-rio-pet-week-comeca-neste-domingo-27-no-shopping-nova-america\/","og_locale":"pt_BR","og_type":"article","og_title":"DE GRA\u00c7A: Segunda edi\u00e7\u00e3o do Rio Pet Week come\u00e7a neste domingo (27), no Shopping Nova Am\u00e9rica - LifesGo","og_description":"Evento re\u00fane o mundo Pet, em um s\u00f3 lugar com...","og_url":"https:\/\/lifesgo.an9.com.br\/index.php\/2025\/04\/24\/de-graca-segunda-edicao-do-rio-pet-week-comeca-neste-domingo-27-no-shopping-nova-america\/","og_site_name":"LifesGo","article_published_time":"2025-04-24T12:23:05+00:00","og_image":[{"width":800,"height":492,"url":"https:\/\/lifesgo.an9.com.br\/wp-content\/uploads\/2025\/04\/AL-1-5.jpg","type":"image\/jpeg"}],"author":"LifesGo","twitter_card":"summary_large_image","twitter_misc":{"Escrito por":"LifesGo","Est. tempo de leitura":"3 minutos"},"schema":{"@context":"https:\/\/schema.org","@graph":[{"@type":"Article","@id":"https:\/\/lifesgo.an9.com.br\/index.php\/2025\/04\/24\/de-graca-segunda-edicao-do-rio-pet-week-comeca-neste-domingo-27-no-shopping-nova-america\/#article","isPartOf":{"@id":"https:\/\/lifesgo.an9.com.br\/index.php\/2025\/04\/24\/de-graca-segunda-edicao-do-rio-pet-week-comeca-neste-domingo-27-no-shopping-nova-america\/"},"author":{"name":"LifesGo","@id":"https:\/\/lifesgo.an9.com.br\/#\/schema\/person\/b34bfc24fce1f5cb9dc117e2efe61a07"},"headline":"DE GRA\u00c7A: Segunda edi\u00e7\u00e3o do Rio Pet Week come\u00e7a neste domingo (27), no Shopping Nova Am\u00e9rica","datePublished":"2025-04-24T12:23:05+00:00","mainEntityOfPage":{"@id":"https:\/\/lifesgo.an9.com.br\/index.php\/2025\/04\/24\/de-graca-segunda-edicao-do-rio-pet-week-comeca-neste-domingo-27-no-shopping-nova-america\/"},"wordCount":583,"image":{"@id":"https:\/\/lifesgo.an9.com.br\/index.php\/2025\/04\/24\/de-graca-segunda-edicao-do-rio-pet-week-comeca-neste-domingo-27-no-shopping-nova-america\/#primaryimage"},"thumbnailUrl":"https:\/\/lifesgo.an9.com.br\/wp-content\/uploads\/2025\/04\/AL-1-5.jpg","articleSection":["Cultura"],"inLanguage":"pt-BR"},{"@type":"WebPage","@id":"https:\/\/lifesgo.an9.com.br\/index.php\/2025\/04\/24\/de-graca-segunda-edicao-do-rio-pet-week-comeca-neste-domingo-27-no-shopping-nova-america\/","url":"https:\/\/lifesgo.an9.com.br\/index.php\/2025\/04\/24\/de-graca-segunda-edicao-do-rio-pet-week-comeca-neste-domingo-27-no-shopping-nova-america\/","name":"DE GRA\u00c7A: Segunda edi\u00e7\u00e3o do Rio Pet Week come\u00e7a neste domingo (27), no Shopping Nova Am\u00e9rica - LifesGo","isPartOf":{"@id":"https:\/\/lifesgo.an9.com.br\/#website"},"primaryImageOfPage":{"@id":"https:\/\/lifesgo.an9.com.br\/index.php\/2025\/04\/24\/de-graca-segunda-edicao-do-rio-pet-week-comeca-neste-domingo-27-no-shopping-nova-america\/#primaryimage"},"image":{"@id":"https:\/\/lifesgo.an9.com.br\/index.php\/2025\/04\/24\/de-graca-segunda-edicao-do-rio-pet-week-comeca-neste-domingo-27-no-shopping-nova-america\/#primaryimage"},"thumbnailUrl":"https:\/\/lifesgo.an9.com.br\/wp-content\/uploads\/2025\/04\/AL-1-5.jpg","datePublished":"2025-04-24T12:23:05+00:00","author":{"@id":"https:\/\/lifesgo.an9.com.br\/#\/schema\/person\/b34bfc24fce1f5cb9dc117e2efe61a07"},"breadcrumb":{"@id":"https:\/\/lifesgo.an9.com.br\/index.php\/2025\/04\/24\/de-graca-segunda-edicao-do-rio-pet-week-comeca-neste-domingo-27-no-shopping-nova-america\/#breadcrumb"},"inLanguage":"pt-BR","potentialAction":[{"@type":"ReadAction","target":["https:\/\/lifesgo.an9.com.br\/index.php\/2025\/04\/24\/de-graca-segunda-edicao-do-rio-pet-week-comeca-neste-domingo-27-no-shopping-nova-america\/"]}]},{"@type":"ImageObject","inLanguage":"pt-BR","@id":"https:\/\/lifesgo.an9.com.br\/index.php\/2025\/04\/24\/de-graca-segunda-edicao-do-rio-pet-week-comeca-neste-domingo-27-no-shopping-nova-america\/#primaryimage","url":"https:\/\/lifesgo.an9.com.br\/wp-content\/uploads\/2025\/04\/AL-1-5.jpg","contentUrl":"https:\/\/lifesgo.an9.com.br\/wp-content\/uploads\/2025\/04\/AL-1-5.jpg","width":800,"height":492},{"@type":"BreadcrumbList","@id":"https:\/\/lifesgo.an9.com.br\/index.php\/2025\/04\/24\/de-graca-segunda-edicao-do-rio-pet-week-comeca-neste-domingo-27-no-shopping-nova-america\/#breadcrumb","itemListElement":[{"@type":"ListItem","position":1,"name":"In\u00edcio","item":"https:\/\/lifesgo.an9.com.br\/"},{"@type":"ListItem","position":2,"name":"DE GRA\u00c7A: Segunda edi\u00e7\u00e3o do Rio Pet Week come\u00e7a neste domingo (27), no Shopping Nova Am\u00e9rica"}]},{"@type":"WebSite","@id":"https:\/\/lifesgo.an9.com.br\/#website","url":"https:\/\/lifesgo.an9.com.br\/","name":"LifesGo","description":"","potentialAction":[{"@type":"SearchAction","target":{"@type":"EntryPoint","urlTemplate":"https:\/\/lifesgo.an9.com.br\/?s={search_term_string}"},"query-input":{"@type":"PropertyValueSpecification","valueRequired":true,"valueName":"search_term_string"}}],"inLanguage":"pt-BR"},{"@type":"Person","@id":"https:\/\/lifesgo.an9.com.br\/#\/schema\/person\/b34bfc24fce1f5cb9dc117e2efe61a07","name":"LifesGo","image":{"@type":"ImageObject","inLanguage":"pt-BR","@id":"https:\/\/secure.gravatar.com\/avatar\/ed0fb6c2dc8ca8634274f12b6bcee558dbcb1b05612be222e7d40b115c40b4f2?s=96&d=mm&r=g","url":"https:\/\/secure.gravatar.com\/avatar\/ed0fb6c2dc8ca8634274f12b6bcee558dbcb1b05612be222e7d40b115c40b4f2?s=96&d=mm&r=g","contentUrl":"https:\/\/secure.gravatar.com\/avatar\/ed0fb6c2dc8ca8634274f12b6bcee558dbcb1b05612be222e7d40b115c40b4f2?s=96&d=mm&r=g","caption":"LifesGo"},"sameAs":["https:\/\/lifesgo.com.br"],"url":"https:\/\/lifesgo.an9.com.br\/index.php\/author\/lucamor\/"}]}},"_links":{"self":[{"href":"https:\/\/lifesgo.an9.com.br\/index.php\/wp-json\/wp\/v2\/posts\/61629","targetHints":{"allow":["GET"]}}],"collection":[{"href":"https:\/\/lifesgo.an9.com.br\/index.php\/wp-json\/wp\/v2\/posts"}],"about":[{"href":"https:\/\/lifesgo.an9.com.br\/index.php\/wp-json\/wp\/v2\/types\/post"}],"author":[{"embeddable":true,"href":"https:\/\/lifesgo.an9.com.br\/index.php\/wp-json\/wp\/v2\/users\/1"}],"replies":[{"embeddable":true,"href":"https:\/\/lifesgo.an9.com.br\/index.php\/wp-json\/wp\/v2\/comments?post=61629"}],"version-history":[{"count":1,"href":"https:\/\/lifesgo.an9.com.br\/index.php\/wp-json\/wp\/v2\/posts\/61629\/revisions"}],"predecessor-version":[{"id":61630,"href":"https:\/\/lifesgo.an9.com.br\/index.php\/wp-json\/wp\/v2\/posts\/61629\/revisions\/61630"}],"wp:featuredmedia":[{"embeddable":true,"href":"https:\/\/lifesgo.an9.com.br\/index.php\/wp-json\/wp\/v2\/media\/61628"}],"wp:attachment":[{"href":"https:\/\/lifesgo.an9.com.br\/index.php\/wp-json\/wp\/v2\/media?parent=61629"}],"wp:term":[{"taxonomy":"category","embeddable":true,"href":"https:\/\/lifesgo.an9.com.br\/index.php\/wp-json\/wp\/v2\/categories?post=61629"},{"taxonomy":"post_tag","embeddable":true,"href":"https:\/\/lifesgo.an9.com.br\/index.php\/wp-json\/wp\/v2\/tags?post=61629"}],"curies":[{"name":"wp","href":"https:\/\/api.w.org\/{rel}","templated":true}]}}