{"id":61611,"date":"2025-04-23T16:22:14","date_gmt":"2025-04-23T19:22:14","guid":{"rendered":"https:\/\/lifesgo.an9.com.br\/?p=61611"},"modified":"2025-04-23T16:22:14","modified_gmt":"2025-04-23T19:22:14","slug":"ana-paula-minerato-e-kt-gomez-estarao-no-mesmo-evento-esportivo-apos-polemica","status":"publish","type":"post","link":"https:\/\/lifesgo.an9.com.br\/index.php\/2025\/04\/23\/ana-paula-minerato-e-kt-gomez-estarao-no-mesmo-evento-esportivo-apos-polemica\/","title":{"rendered":"Ana Paula Minerato e KT Gomez estar\u00e3o no mesmo evento esportivo ap\u00f3s pol\u00eamica"},"content":{"rendered":"<p>O Campeonato Brasileiro de Jiu-Jitsu, marcado para o dia 26 de abril, ser\u00e1 o cen\u00e1rio do primeiro reencontro entre a atleta Ana Paula Minerato e o cantor e faixa-preta de jiu-jitsu KT Gomez desde a pol\u00eamica envolvendo os dois no ano passado.<\/p>\n<p>Ana Paula \u00e9 uma das competidoras confirmadas para esta edi\u00e7\u00e3o do campeonato, enquanto KT Gomez, mestre na arte suave e conhecido por sua trajet\u00f3ria tanto nos tatames quanto na m\u00fasica, estar\u00e1 presente acompanhando sua equipe. A presen\u00e7a de ambos no mesmo evento chama aten\u00e7\u00e3o, especialmente ap\u00f3s a repercuss\u00e3o p\u00fablica do caso envolvendo um relacionamento conturbado, al\u00e9m de acusa\u00e7\u00f5es graves de falas racistas por parte de Ana Paula contra a ex-namorada de KT a cantora Ananda do Melanina Carioca.<\/p>\n<p>Fontes ligadas \u00e0 organiza\u00e7\u00e3o confirmam que n\u00e3o h\u00e1 nenhuma restri\u00e7\u00e3o formal entre as partes. No entanto, o clima nos bastidores pode ser tenso, principalmente ap\u00f3s movimenta\u00e7\u00f5es recentes dos advogados de Ana Paula, que solicitaram a intima\u00e7\u00e3o de KT Gomez, acrescentando um novo cap\u00edtulo \u00e0 controv\u00e9rsia.<\/p>\n<p>\u00c9 importante lembrar que, ap\u00f3s o epis\u00f3dio, tanto a Gavi\u00f5es da Fiel quanto a TV Bandeirantes optaram pelo desligamento de Ana Paula Minerato. Havia uma expectativa de que a Confedera\u00e7\u00e3o Nacional de Jiu-Jitsu tomasse medida semelhante, mas at\u00e9 o momento nenhuma nota oficial foi publicada, e a atleta segue regularmente inscrita na competi\u00e7\u00e3o.<\/p>\n<p>Apesar da tens\u00e3o nos bastidores, o campeonato segue com sua programa\u00e7\u00e3o normal, reunindo nomes importantes do jiu-jitsu brasileiro, entre atletas consagrados e promessas da nova gera\u00e7\u00e3o.<\/p>\n","protected":false},"excerpt":{"rendered":"<p>O Campeonato Brasileiro de Jiu-Jitsu, marcado para o dia 26&#8230;<\/p>\n","protected":false},"author":1,"featured_media":61610,"comment_status":"closed","ping_status":"open","sticky":false,"template":"","format":"standard","meta":{"_acf_changed":false,"footnotes":""},"categories":[28],"tags":[],"class_list":["post-61611","post","type-post","status-publish","format-standard","has-post-thumbnail","hentry","category-famosos"],"acf":[],"yoast_head":"<!-- This site is optimized with the Yoast SEO plugin v28.4 - https:\/\/yoast.com\/product\/yoast-seo-wordpress\/ -->\n<title>Ana Paula Minerato e KT Gomez estar\u00e3o no mesmo evento esportivo ap\u00f3s pol\u00eamica - LifesGo<\/title>\n<meta name=\"robots\" content=\"index, follow, max-snippet:-1, max-image-preview:large, max-video-preview:-1\" \/>\n<link rel=\"canonical\" href=\"https:\/\/lifesgo.an9.com.br\/index.php\/2025\/04\/23\/ana-paula-minerato-e-kt-gomez-estarao-no-mesmo-evento-esportivo-apos-polemica\/\" \/>\n<meta property=\"og:locale\" content=\"pt_BR\" \/>\n<meta property=\"og:type\" content=\"article\" \/>\n<meta property=\"og:title\" content=\"Ana Paula Minerato e KT Gomez estar\u00e3o no mesmo evento esportivo ap\u00f3s pol\u00eamica - LifesGo\" \/>\n<meta property=\"og:description\" content=\"O Campeonato Brasileiro de Jiu-Jitsu, marcado para o dia 26...\" \/>\n<meta property=\"og:url\" content=\"https:\/\/lifesgo.an9.com.br\/index.php\/2025\/04\/23\/ana-paula-minerato-e-kt-gomez-estarao-no-mesmo-evento-esportivo-apos-polemica\/\" \/>\n<meta property=\"og:site_name\" content=\"LifesGo\" \/>\n<meta property=\"article:published_time\" content=\"2025-04-23T19:22:14+00:00\" \/>\n<meta property=\"og:image\" content=\"https:\/\/lifesgo.an9.com.br\/wp-content\/uploads\/2025\/04\/AL-23-2-3.jpg\" \/>\n\t<meta property=\"og:image:width\" content=\"800\" \/>\n\t<meta property=\"og:image:height\" content=\"492\" \/>\n\t<meta property=\"og:image:type\" content=\"image\/jpeg\" \/>\n<meta name=\"author\" content=\"LifesGo\" \/>\n<meta name=\"twitter:card\" content=\"summary_large_image\" \/>\n<meta name=\"twitter:label1\" content=\"Escrito por\" \/>\n\t<meta name=\"twitter:data1\" content=\"LifesGo\" \/>\n\t<meta name=\"twitter:label2\" content=\"Est. tempo de leitura\" \/>\n\t<meta name=\"twitter:data2\" content=\"1 minuto\" \/>\n<script type=\"application\/ld+json\" class=\"yoast-schema-graph\">{\"@context\":\"https:\\\/\\\/schema.org\",\"@graph\":[{\"@type\":\"Article\",\"@id\":\"https:\\\/\\\/lifesgo.an9.com.br\\\/index.php\\\/2025\\\/04\\\/23\\\/ana-paula-minerato-e-kt-gomez-estarao-no-mesmo-evento-esportivo-apos-polemica\\\/#article\",\"isPartOf\":{\"@id\":\"https:\\\/\\\/lifesgo.an9.com.br\\\/index.php\\\/2025\\\/04\\\/23\\\/ana-paula-minerato-e-kt-gomez-estarao-no-mesmo-evento-esportivo-apos-polemica\\\/\"},\"author\":{\"name\":\"LifesGo\",\"@id\":\"https:\\\/\\\/lifesgo.an9.com.br\\\/#\\\/schema\\\/person\\\/b34bfc24fce1f5cb9dc117e2efe61a07\"},\"headline\":\"Ana Paula Minerato e KT Gomez estar\u00e3o no mesmo evento esportivo ap\u00f3s pol\u00eamica\",\"datePublished\":\"2025-04-23T19:22:14+00:00\",\"mainEntityOfPage\":{\"@id\":\"https:\\\/\\\/lifesgo.an9.com.br\\\/index.php\\\/2025\\\/04\\\/23\\\/ana-paula-minerato-e-kt-gomez-estarao-no-mesmo-evento-esportivo-apos-polemica\\\/\"},\"wordCount\":283,\"image\":{\"@id\":\"https:\\\/\\\/lifesgo.an9.com.br\\\/index.php\\\/2025\\\/04\\\/23\\\/ana-paula-minerato-e-kt-gomez-estarao-no-mesmo-evento-esportivo-apos-polemica\\\/#primaryimage\"},\"thumbnailUrl\":\"https:\\\/\\\/lifesgo.an9.com.br\\\/wp-content\\\/uploads\\\/2025\\\/04\\\/AL-23-2-3.jpg\",\"articleSection\":[\"Famosos\"],\"inLanguage\":\"pt-BR\"},{\"@type\":\"WebPage\",\"@id\":\"https:\\\/\\\/lifesgo.an9.com.br\\\/index.php\\\/2025\\\/04\\\/23\\\/ana-paula-minerato-e-kt-gomez-estarao-no-mesmo-evento-esportivo-apos-polemica\\\/\",\"url\":\"https:\\\/\\\/lifesgo.an9.com.br\\\/index.php\\\/2025\\\/04\\\/23\\\/ana-paula-minerato-e-kt-gomez-estarao-no-mesmo-evento-esportivo-apos-polemica\\\/\",\"name\":\"Ana Paula Minerato e KT Gomez estar\u00e3o no mesmo evento esportivo ap\u00f3s pol\u00eamica - LifesGo\",\"isPartOf\":{\"@id\":\"https:\\\/\\\/lifesgo.an9.com.br\\\/#website\"},\"primaryImageOfPage\":{\"@id\":\"https:\\\/\\\/lifesgo.an9.com.br\\\/index.php\\\/2025\\\/04\\\/23\\\/ana-paula-minerato-e-kt-gomez-estarao-no-mesmo-evento-esportivo-apos-polemica\\\/#primaryimage\"},\"image\":{\"@id\":\"https:\\\/\\\/lifesgo.an9.com.br\\\/index.php\\\/2025\\\/04\\\/23\\\/ana-paula-minerato-e-kt-gomez-estarao-no-mesmo-evento-esportivo-apos-polemica\\\/#primaryimage\"},\"thumbnailUrl\":\"https:\\\/\\\/lifesgo.an9.com.br\\\/wp-content\\\/uploads\\\/2025\\\/04\\\/AL-23-2-3.jpg\",\"datePublished\":\"2025-04-23T19:22:14+00:00\",\"author\":{\"@id\":\"https:\\\/\\\/lifesgo.an9.com.br\\\/#\\\/schema\\\/person\\\/b34bfc24fce1f5cb9dc117e2efe61a07\"},\"breadcrumb\":{\"@id\":\"https:\\\/\\\/lifesgo.an9.com.br\\\/index.php\\\/2025\\\/04\\\/23\\\/ana-paula-minerato-e-kt-gomez-estarao-no-mesmo-evento-esportivo-apos-polemica\\\/#breadcrumb\"},\"inLanguage\":\"pt-BR\",\"potentialAction\":[{\"@type\":\"ReadAction\",\"target\":[\"https:\\\/\\\/lifesgo.an9.com.br\\\/index.php\\\/2025\\\/04\\\/23\\\/ana-paula-minerato-e-kt-gomez-estarao-no-mesmo-evento-esportivo-apos-polemica\\\/\"]}]},{\"@type\":\"ImageObject\",\"inLanguage\":\"pt-BR\",\"@id\":\"https:\\\/\\\/lifesgo.an9.com.br\\\/index.php\\\/2025\\\/04\\\/23\\\/ana-paula-minerato-e-kt-gomez-estarao-no-mesmo-evento-esportivo-apos-polemica\\\/#primaryimage\",\"url\":\"https:\\\/\\\/lifesgo.an9.com.br\\\/wp-content\\\/uploads\\\/2025\\\/04\\\/AL-23-2-3.jpg\",\"contentUrl\":\"https:\\\/\\\/lifesgo.an9.com.br\\\/wp-content\\\/uploads\\\/2025\\\/04\\\/AL-23-2-3.jpg\",\"width\":800,\"height\":492},{\"@type\":\"BreadcrumbList\",\"@id\":\"https:\\\/\\\/lifesgo.an9.com.br\\\/index.php\\\/2025\\\/04\\\/23\\\/ana-paula-minerato-e-kt-gomez-estarao-no-mesmo-evento-esportivo-apos-polemica\\\/#breadcrumb\",\"itemListElement\":[{\"@type\":\"ListItem\",\"position\":1,\"name\":\"In\u00edcio\",\"item\":\"https:\\\/\\\/lifesgo.an9.com.br\\\/\"},{\"@type\":\"ListItem\",\"position\":2,\"name\":\"Ana Paula Minerato e KT Gomez estar\u00e3o no mesmo evento esportivo ap\u00f3s pol\u00eamica\"}]},{\"@type\":\"WebSite\",\"@id\":\"https:\\\/\\\/lifesgo.an9.com.br\\\/#website\",\"url\":\"https:\\\/\\\/lifesgo.an9.com.br\\\/\",\"name\":\"LifesGo\",\"description\":\"\",\"potentialAction\":[{\"@type\":\"SearchAction\",\"target\":{\"@type\":\"EntryPoint\",\"urlTemplate\":\"https:\\\/\\\/lifesgo.an9.com.br\\\/?s={search_term_string}\"},\"query-input\":{\"@type\":\"PropertyValueSpecification\",\"valueRequired\":true,\"valueName\":\"search_term_string\"}}],\"inLanguage\":\"pt-BR\"},{\"@type\":\"Person\",\"@id\":\"https:\\\/\\\/lifesgo.an9.com.br\\\/#\\\/schema\\\/person\\\/b34bfc24fce1f5cb9dc117e2efe61a07\",\"name\":\"LifesGo\",\"image\":{\"@type\":\"ImageObject\",\"inLanguage\":\"pt-BR\",\"@id\":\"https:\\\/\\\/secure.gravatar.com\\\/avatar\\\/ed0fb6c2dc8ca8634274f12b6bcee558dbcb1b05612be222e7d40b115c40b4f2?s=96&d=mm&r=g\",\"url\":\"https:\\\/\\\/secure.gravatar.com\\\/avatar\\\/ed0fb6c2dc8ca8634274f12b6bcee558dbcb1b05612be222e7d40b115c40b4f2?s=96&d=mm&r=g\",\"contentUrl\":\"https:\\\/\\\/secure.gravatar.com\\\/avatar\\\/ed0fb6c2dc8ca8634274f12b6bcee558dbcb1b05612be222e7d40b115c40b4f2?s=96&d=mm&r=g\",\"caption\":\"LifesGo\"},\"sameAs\":[\"https:\\\/\\\/lifesgo.com.br\"],\"url\":\"https:\\\/\\\/lifesgo.an9.com.br\\\/index.php\\\/author\\\/lucamor\\\/\"}]}<\/script>\n<!-- \/ Yoast SEO plugin. -->","yoast_head_json":{"title":"Ana Paula Minerato e KT Gomez estar\u00e3o no mesmo evento esportivo ap\u00f3s pol\u00eamica - LifesGo","robots":{"index":"index","follow":"follow","max-snippet":"max-snippet:-1","max-image-preview":"max-image-preview:large","max-video-preview":"max-video-preview:-1"},"canonical":"https:\/\/lifesgo.an9.com.br\/index.php\/2025\/04\/23\/ana-paula-minerato-e-kt-gomez-estarao-no-mesmo-evento-esportivo-apos-polemica\/","og_locale":"pt_BR","og_type":"article","og_title":"Ana Paula Minerato e KT Gomez estar\u00e3o no mesmo evento esportivo ap\u00f3s pol\u00eamica - LifesGo","og_description":"O Campeonato Brasileiro de Jiu-Jitsu, marcado para o dia 26...","og_url":"https:\/\/lifesgo.an9.com.br\/index.php\/2025\/04\/23\/ana-paula-minerato-e-kt-gomez-estarao-no-mesmo-evento-esportivo-apos-polemica\/","og_site_name":"LifesGo","article_published_time":"2025-04-23T19:22:14+00:00","og_image":[{"width":800,"height":492,"url":"https:\/\/lifesgo.an9.com.br\/wp-content\/uploads\/2025\/04\/AL-23-2-3.jpg","type":"image\/jpeg"}],"author":"LifesGo","twitter_card":"summary_large_image","twitter_misc":{"Escrito por":"LifesGo","Est. tempo de leitura":"1 minuto"},"schema":{"@context":"https:\/\/schema.org","@graph":[{"@type":"Article","@id":"https:\/\/lifesgo.an9.com.br\/index.php\/2025\/04\/23\/ana-paula-minerato-e-kt-gomez-estarao-no-mesmo-evento-esportivo-apos-polemica\/#article","isPartOf":{"@id":"https:\/\/lifesgo.an9.com.br\/index.php\/2025\/04\/23\/ana-paula-minerato-e-kt-gomez-estarao-no-mesmo-evento-esportivo-apos-polemica\/"},"author":{"name":"LifesGo","@id":"https:\/\/lifesgo.an9.com.br\/#\/schema\/person\/b34bfc24fce1f5cb9dc117e2efe61a07"},"headline":"Ana Paula Minerato e KT Gomez estar\u00e3o no mesmo evento esportivo ap\u00f3s pol\u00eamica","datePublished":"2025-04-23T19:22:14+00:00","mainEntityOfPage":{"@id":"https:\/\/lifesgo.an9.com.br\/index.php\/2025\/04\/23\/ana-paula-minerato-e-kt-gomez-estarao-no-mesmo-evento-esportivo-apos-polemica\/"},"wordCount":283,"image":{"@id":"https:\/\/lifesgo.an9.com.br\/index.php\/2025\/04\/23\/ana-paula-minerato-e-kt-gomez-estarao-no-mesmo-evento-esportivo-apos-polemica\/#primaryimage"},"thumbnailUrl":"https:\/\/lifesgo.an9.com.br\/wp-content\/uploads\/2025\/04\/AL-23-2-3.jpg","articleSection":["Famosos"],"inLanguage":"pt-BR"},{"@type":"WebPage","@id":"https:\/\/lifesgo.an9.com.br\/index.php\/2025\/04\/23\/ana-paula-minerato-e-kt-gomez-estarao-no-mesmo-evento-esportivo-apos-polemica\/","url":"https:\/\/lifesgo.an9.com.br\/index.php\/2025\/04\/23\/ana-paula-minerato-e-kt-gomez-estarao-no-mesmo-evento-esportivo-apos-polemica\/","name":"Ana Paula Minerato e KT Gomez estar\u00e3o no mesmo evento esportivo ap\u00f3s pol\u00eamica - LifesGo","isPartOf":{"@id":"https:\/\/lifesgo.an9.com.br\/#website"},"primaryImageOfPage":{"@id":"https:\/\/lifesgo.an9.com.br\/index.php\/2025\/04\/23\/ana-paula-minerato-e-kt-gomez-estarao-no-mesmo-evento-esportivo-apos-polemica\/#primaryimage"},"image":{"@id":"https:\/\/lifesgo.an9.com.br\/index.php\/2025\/04\/23\/ana-paula-minerato-e-kt-gomez-estarao-no-mesmo-evento-esportivo-apos-polemica\/#primaryimage"},"thumbnailUrl":"https:\/\/lifesgo.an9.com.br\/wp-content\/uploads\/2025\/04\/AL-23-2-3.jpg","datePublished":"2025-04-23T19:22:14+00:00","author":{"@id":"https:\/\/lifesgo.an9.com.br\/#\/schema\/person\/b34bfc24fce1f5cb9dc117e2efe61a07"},"breadcrumb":{"@id":"https:\/\/lifesgo.an9.com.br\/index.php\/2025\/04\/23\/ana-paula-minerato-e-kt-gomez-estarao-no-mesmo-evento-esportivo-apos-polemica\/#breadcrumb"},"inLanguage":"pt-BR","potentialAction":[{"@type":"ReadAction","target":["https:\/\/lifesgo.an9.com.br\/index.php\/2025\/04\/23\/ana-paula-minerato-e-kt-gomez-estarao-no-mesmo-evento-esportivo-apos-polemica\/"]}]},{"@type":"ImageObject","inLanguage":"pt-BR","@id":"https:\/\/lifesgo.an9.com.br\/index.php\/2025\/04\/23\/ana-paula-minerato-e-kt-gomez-estarao-no-mesmo-evento-esportivo-apos-polemica\/#primaryimage","url":"https:\/\/lifesgo.an9.com.br\/wp-content\/uploads\/2025\/04\/AL-23-2-3.jpg","contentUrl":"https:\/\/lifesgo.an9.com.br\/wp-content\/uploads\/2025\/04\/AL-23-2-3.jpg","width":800,"height":492},{"@type":"BreadcrumbList","@id":"https:\/\/lifesgo.an9.com.br\/index.php\/2025\/04\/23\/ana-paula-minerato-e-kt-gomez-estarao-no-mesmo-evento-esportivo-apos-polemica\/#breadcrumb","itemListElement":[{"@type":"ListItem","position":1,"name":"In\u00edcio","item":"https:\/\/lifesgo.an9.com.br\/"},{"@type":"ListItem","position":2,"name":"Ana Paula Minerato e KT Gomez estar\u00e3o no mesmo evento esportivo ap\u00f3s pol\u00eamica"}]},{"@type":"WebSite","@id":"https:\/\/lifesgo.an9.com.br\/#website","url":"https:\/\/lifesgo.an9.com.br\/","name":"LifesGo","description":"","potentialAction":[{"@type":"SearchAction","target":{"@type":"EntryPoint","urlTemplate":"https:\/\/lifesgo.an9.com.br\/?s={search_term_string}"},"query-input":{"@type":"PropertyValueSpecification","valueRequired":true,"valueName":"search_term_string"}}],"inLanguage":"pt-BR"},{"@type":"Person","@id":"https:\/\/lifesgo.an9.com.br\/#\/schema\/person\/b34bfc24fce1f5cb9dc117e2efe61a07","name":"LifesGo","image":{"@type":"ImageObject","inLanguage":"pt-BR","@id":"https:\/\/secure.gravatar.com\/avatar\/ed0fb6c2dc8ca8634274f12b6bcee558dbcb1b05612be222e7d40b115c40b4f2?s=96&d=mm&r=g","url":"https:\/\/secure.gravatar.com\/avatar\/ed0fb6c2dc8ca8634274f12b6bcee558dbcb1b05612be222e7d40b115c40b4f2?s=96&d=mm&r=g","contentUrl":"https:\/\/secure.gravatar.com\/avatar\/ed0fb6c2dc8ca8634274f12b6bcee558dbcb1b05612be222e7d40b115c40b4f2?s=96&d=mm&r=g","caption":"LifesGo"},"sameAs":["https:\/\/lifesgo.com.br"],"url":"https:\/\/lifesgo.an9.com.br\/index.php\/author\/lucamor\/"}]}},"_links":{"self":[{"href":"https:\/\/lifesgo.an9.com.br\/index.php\/wp-json\/wp\/v2\/posts\/61611","targetHints":{"allow":["GET"]}}],"collection":[{"href":"https:\/\/lifesgo.an9.com.br\/index.php\/wp-json\/wp\/v2\/posts"}],"about":[{"href":"https:\/\/lifesgo.an9.com.br\/index.php\/wp-json\/wp\/v2\/types\/post"}],"author":[{"embeddable":true,"href":"https:\/\/lifesgo.an9.com.br\/index.php\/wp-json\/wp\/v2\/users\/1"}],"replies":[{"embeddable":true,"href":"https:\/\/lifesgo.an9.com.br\/index.php\/wp-json\/wp\/v2\/comments?post=61611"}],"version-history":[{"count":1,"href":"https:\/\/lifesgo.an9.com.br\/index.php\/wp-json\/wp\/v2\/posts\/61611\/revisions"}],"predecessor-version":[{"id":61612,"href":"https:\/\/lifesgo.an9.com.br\/index.php\/wp-json\/wp\/v2\/posts\/61611\/revisions\/61612"}],"wp:featuredmedia":[{"embeddable":true,"href":"https:\/\/lifesgo.an9.com.br\/index.php\/wp-json\/wp\/v2\/media\/61610"}],"wp:attachment":[{"href":"https:\/\/lifesgo.an9.com.br\/index.php\/wp-json\/wp\/v2\/media?parent=61611"}],"wp:term":[{"taxonomy":"category","embeddable":true,"href":"https:\/\/lifesgo.an9.com.br\/index.php\/wp-json\/wp\/v2\/categories?post=61611"},{"taxonomy":"post_tag","embeddable":true,"href":"https:\/\/lifesgo.an9.com.br\/index.php\/wp-json\/wp\/v2\/tags?post=61611"}],"curies":[{"name":"wp","href":"https:\/\/api.w.org\/{rel}","templated":true}]}}