{"id":59000,"date":"2025-02-28T10:55:43","date_gmt":"2025-02-28T13:55:43","guid":{"rendered":"https:\/\/lifesgo.an9.com.br\/?p=59000"},"modified":"2025-02-28T10:55:43","modified_gmt":"2025-02-28T13:55:43","slug":"quando-a-mente-cansa-o-trabalho-pesa-como-cuidar-da-saude-mental-no-dia-a-dia","status":"publish","type":"post","link":"https:\/\/lifesgo.an9.com.br\/index.php\/2025\/02\/28\/quando-a-mente-cansa-o-trabalho-pesa-como-cuidar-da-saude-mental-no-dia-a-dia\/","title":{"rendered":"Quando a Mente Cansa, o Trabalho Pesa: Como Cuidar da Sa\u00fade Mental no Dia a Dia"},"content":{"rendered":"<p><em>Por\u00a0<\/em><a href=\"https:\/\/www.marihalopes.com\/\"><em>*Dra.\u00a0Marih\u00e1\u00a0Lopes<\/em><\/a><em>, psic\u00f3loga cl\u00ednica, especialista em terapia cognitiva comportamental e Doutora em Psicologia Social<\/em><\/p>\n<p>Voc\u00ea j\u00e1 sentiu aquele aperto no peito s\u00f3 de pensar nas reuni\u00f5es da semana ou aquele cansa\u00e7o mental antes mesmo de come\u00e7ar o dia? No mundo de hoje, em que cada minuto conta, \u00e9 f\u00e1cil sentir que as cobran\u00e7as do trabalho nunca d\u00e3o tr\u00e9gua.<\/p>\n<p>Muita gente, s\u00f3 de pensar em entrar em uma sala de reuni\u00e3o cheia de pessoas, j\u00e1 sente o cora\u00e7\u00e3o disparar como se estivesse prestes a enfrentar um le\u00e3o. A sua mente fica cheia de &#8220;E se?&#8221; \u2013\u00a0<em>E se eu disser alguma informa\u00e7\u00e3o errada? E se me julgarem? E se eu falhar?.\u00a0<\/em>Essa \u00e9 a realidade de muitas pessoas com ansiedade social, um transtorno que vai muito al\u00e9m da timidez e que pode transformar momentos comuns para a maioria das pessoas, como uma entrevista de emprego ou uma reuni\u00e3o, em uma verdadeira maratona emocional.<\/p>\n<p>A ansiedade social n\u00e3o afeta apenas sua capacidade de se comunicar em p\u00fablico. Ela pode ser uma &#8220;barreira invis\u00edvel&#8221; que impede voc\u00ea de se candidatar \u00e0quela vaga dos sonhos, compartilhar suas ideias em reuni\u00f5es ou at\u00e9 mesmo criar conex\u00f5es valiosas com colegas. No mercado de trabalho, isso pode ser como correr uma corrida com os cadar\u00e7os amarrados: enquanto os outros seguem em frente, voc\u00ea sente que est\u00e1 preso no mesmo lugar.<\/p>\n<p>A sa\u00fade mental \u00e9 o motor da nossa vida profissional. Sem ela, tarefas simples se tornam um peso, o foco desaparece e a ansiedade cresce. N\u00e3o \u00e9 raro encontrar quem viva o famoso \u201cmedo de errar\u201d, a dificuldade de falar em p\u00fablico ou at\u00e9 mesmo a sensa\u00e7\u00e3o de estar estagnado no trabalho. S\u00e3o sinais claros de que algo precisa mudar.<\/p>\n<p>O que muitos n\u00e3o sabem \u00e9 que h\u00e1 formas eficazes de lidar com essas quest\u00f5es, como a terapia cognitivo-comportamental (TCC), que ajuda a reorganizar pensamentos e reduzir o impacto da ansiedade. Ferramentas modernas, como o uso da tecnologia, tamb\u00e9m podem fazer diferen\u00e7a, especialmente no treino de habilidades sociais e emocionais.<\/p>\n<p>Haroldo Monteiro, professor de Finan\u00e7as do Ibmec e mentor do Projeto Ibmec HUBs para startups, v\u00ea essa quest\u00e3o da ansiedade social como uma barreira na vida profissional das pessoas: \u201cJ\u00e1 trabalhei com excelentes profissionais que n\u00e3o conseguiram um lugar de destaque na empresa por terem ansiedade social\u201d. As pessoas devem se expor para constru\u00edrem sua marca pessoal, para se posicionarem dentro da empresa. At\u00e9 quando lideramos temos que nos expor, portanto as pessoas devem cuidar da sua mente para atingir seus objetivos profissionais e pessoais. A ansiedade social precisa ser tratada.<\/p>\n<p>Cuidar da mente n\u00e3o \u00e9 frescura, \u00e9 uma necessidade. Afinal, de que adianta correr atr\u00e1s de metas se a sua sa\u00fade est\u00e1 ficando para tr\u00e1s? Neste novo ano, que tal colocar a sua sa\u00fade mental como prioridade? O trabalho agradece, e voc\u00ea tamb\u00e9m.<\/p>\n<p>Para mais informa\u00e7\u00f5es, acesse\u00a0<a href=\"https:\/\/www.marihalopes.com\/\">https:\/\/www.marihalopes.com\/<\/a><\/p>\n","protected":false},"excerpt":{"rendered":"<p>Por\u00a0*Dra.\u00a0Marih\u00e1\u00a0Lopes, psic\u00f3loga cl\u00ednica, especialista em terapia cognitiva comportamental e Doutora&#8230;<\/p>\n","protected":false},"author":1,"featured_media":58999,"comment_status":"closed","ping_status":"open","sticky":false,"template":"","format":"standard","meta":{"_acf_changed":false,"footnotes":""},"categories":[31],"tags":[],"class_list":["post-59000","post","type-post","status-publish","format-standard","has-post-thumbnail","hentry","category-saude"],"acf":[],"yoast_head":"<!-- This site is optimized with the Yoast SEO plugin v27.4 - https:\/\/yoast.com\/product\/yoast-seo-wordpress\/ -->\n<title>Quando a Mente Cansa, o Trabalho Pesa: Como Cuidar da Sa\u00fade Mental no Dia a Dia - LifesGo<\/title>\n<meta name=\"robots\" content=\"index, follow, max-snippet:-1, max-image-preview:large, max-video-preview:-1\" \/>\n<link rel=\"canonical\" href=\"https:\/\/lifesgo.an9.com.br\/index.php\/2025\/02\/28\/quando-a-mente-cansa-o-trabalho-pesa-como-cuidar-da-saude-mental-no-dia-a-dia\/\" \/>\n<meta property=\"og:locale\" content=\"en_US\" \/>\n<meta property=\"og:type\" content=\"article\" \/>\n<meta property=\"og:title\" content=\"Quando a Mente Cansa, o Trabalho Pesa: Como Cuidar da Sa\u00fade Mental no Dia a Dia - LifesGo\" \/>\n<meta property=\"og:description\" content=\"Por\u00a0*Dra.\u00a0Marih\u00e1\u00a0Lopes, psic\u00f3loga cl\u00ednica, especialista em terapia cognitiva comportamental e Doutora...\" \/>\n<meta property=\"og:url\" content=\"https:\/\/lifesgo.an9.com.br\/index.php\/2025\/02\/28\/quando-a-mente-cansa-o-trabalho-pesa-como-cuidar-da-saude-mental-no-dia-a-dia\/\" \/>\n<meta property=\"og:site_name\" content=\"LifesGo\" \/>\n<meta property=\"article:published_time\" content=\"2025-02-28T13:55:43+00:00\" \/>\n<meta property=\"og:image\" content=\"https:\/\/lifesgo.an9.com.br\/wp-content\/uploads\/2025\/02\/A-3-Copy-1-2.jpg\" \/>\n\t<meta property=\"og:image:width\" content=\"1086\" \/>\n\t<meta property=\"og:image:height\" content=\"668\" \/>\n\t<meta property=\"og:image:type\" content=\"image\/jpeg\" \/>\n<meta name=\"author\" content=\"Fernando Braga\" \/>\n<meta name=\"twitter:card\" content=\"summary_large_image\" \/>\n<meta name=\"twitter:label1\" content=\"Written by\" \/>\n\t<meta name=\"twitter:data1\" content=\"Fernando Braga\" \/>\n\t<meta name=\"twitter:label2\" content=\"Est. reading time\" \/>\n\t<meta name=\"twitter:data2\" content=\"3 minutes\" \/>\n<script type=\"application\/ld+json\" class=\"yoast-schema-graph\">{\"@context\":\"https:\\\/\\\/schema.org\",\"@graph\":[{\"@type\":\"Article\",\"@id\":\"https:\\\/\\\/lifesgo.an9.com.br\\\/index.php\\\/2025\\\/02\\\/28\\\/quando-a-mente-cansa-o-trabalho-pesa-como-cuidar-da-saude-mental-no-dia-a-dia\\\/#article\",\"isPartOf\":{\"@id\":\"https:\\\/\\\/lifesgo.an9.com.br\\\/index.php\\\/2025\\\/02\\\/28\\\/quando-a-mente-cansa-o-trabalho-pesa-como-cuidar-da-saude-mental-no-dia-a-dia\\\/\"},\"author\":{\"name\":\"Fernando Braga\",\"@id\":\"https:\\\/\\\/lifesgo.an9.com.br\\\/#\\\/schema\\\/person\\\/b34bfc24fce1f5cb9dc117e2efe61a07\"},\"headline\":\"Quando a Mente Cansa, o Trabalho Pesa: Como Cuidar da Sa\u00fade Mental no Dia a Dia\",\"datePublished\":\"2025-02-28T13:55:43+00:00\",\"mainEntityOfPage\":{\"@id\":\"https:\\\/\\\/lifesgo.an9.com.br\\\/index.php\\\/2025\\\/02\\\/28\\\/quando-a-mente-cansa-o-trabalho-pesa-como-cuidar-da-saude-mental-no-dia-a-dia\\\/\"},\"wordCount\":527,\"image\":{\"@id\":\"https:\\\/\\\/lifesgo.an9.com.br\\\/index.php\\\/2025\\\/02\\\/28\\\/quando-a-mente-cansa-o-trabalho-pesa-como-cuidar-da-saude-mental-no-dia-a-dia\\\/#primaryimage\"},\"thumbnailUrl\":\"https:\\\/\\\/lifesgo.an9.com.br\\\/wp-content\\\/uploads\\\/2025\\\/02\\\/A-3-Copy-1-2.jpg\",\"articleSection\":[\"Sa\u00fade\"],\"inLanguage\":\"en-US\"},{\"@type\":\"WebPage\",\"@id\":\"https:\\\/\\\/lifesgo.an9.com.br\\\/index.php\\\/2025\\\/02\\\/28\\\/quando-a-mente-cansa-o-trabalho-pesa-como-cuidar-da-saude-mental-no-dia-a-dia\\\/\",\"url\":\"https:\\\/\\\/lifesgo.an9.com.br\\\/index.php\\\/2025\\\/02\\\/28\\\/quando-a-mente-cansa-o-trabalho-pesa-como-cuidar-da-saude-mental-no-dia-a-dia\\\/\",\"name\":\"Quando a Mente Cansa, o Trabalho Pesa: Como Cuidar da Sa\u00fade Mental no Dia a Dia - LifesGo\",\"isPartOf\":{\"@id\":\"https:\\\/\\\/lifesgo.an9.com.br\\\/#website\"},\"primaryImageOfPage\":{\"@id\":\"https:\\\/\\\/lifesgo.an9.com.br\\\/index.php\\\/2025\\\/02\\\/28\\\/quando-a-mente-cansa-o-trabalho-pesa-como-cuidar-da-saude-mental-no-dia-a-dia\\\/#primaryimage\"},\"image\":{\"@id\":\"https:\\\/\\\/lifesgo.an9.com.br\\\/index.php\\\/2025\\\/02\\\/28\\\/quando-a-mente-cansa-o-trabalho-pesa-como-cuidar-da-saude-mental-no-dia-a-dia\\\/#primaryimage\"},\"thumbnailUrl\":\"https:\\\/\\\/lifesgo.an9.com.br\\\/wp-content\\\/uploads\\\/2025\\\/02\\\/A-3-Copy-1-2.jpg\",\"datePublished\":\"2025-02-28T13:55:43+00:00\",\"author\":{\"@id\":\"https:\\\/\\\/lifesgo.an9.com.br\\\/#\\\/schema\\\/person\\\/b34bfc24fce1f5cb9dc117e2efe61a07\"},\"breadcrumb\":{\"@id\":\"https:\\\/\\\/lifesgo.an9.com.br\\\/index.php\\\/2025\\\/02\\\/28\\\/quando-a-mente-cansa-o-trabalho-pesa-como-cuidar-da-saude-mental-no-dia-a-dia\\\/#breadcrumb\"},\"inLanguage\":\"en-US\",\"potentialAction\":[{\"@type\":\"ReadAction\",\"target\":[\"https:\\\/\\\/lifesgo.an9.com.br\\\/index.php\\\/2025\\\/02\\\/28\\\/quando-a-mente-cansa-o-trabalho-pesa-como-cuidar-da-saude-mental-no-dia-a-dia\\\/\"]}]},{\"@type\":\"ImageObject\",\"inLanguage\":\"en-US\",\"@id\":\"https:\\\/\\\/lifesgo.an9.com.br\\\/index.php\\\/2025\\\/02\\\/28\\\/quando-a-mente-cansa-o-trabalho-pesa-como-cuidar-da-saude-mental-no-dia-a-dia\\\/#primaryimage\",\"url\":\"https:\\\/\\\/lifesgo.an9.com.br\\\/wp-content\\\/uploads\\\/2025\\\/02\\\/A-3-Copy-1-2.jpg\",\"contentUrl\":\"https:\\\/\\\/lifesgo.an9.com.br\\\/wp-content\\\/uploads\\\/2025\\\/02\\\/A-3-Copy-1-2.jpg\",\"width\":1086,\"height\":668},{\"@type\":\"BreadcrumbList\",\"@id\":\"https:\\\/\\\/lifesgo.an9.com.br\\\/index.php\\\/2025\\\/02\\\/28\\\/quando-a-mente-cansa-o-trabalho-pesa-como-cuidar-da-saude-mental-no-dia-a-dia\\\/#breadcrumb\",\"itemListElement\":[{\"@type\":\"ListItem\",\"position\":1,\"name\":\"In\u00edcio\",\"item\":\"https:\\\/\\\/lifesgo.an9.com.br\\\/\"},{\"@type\":\"ListItem\",\"position\":2,\"name\":\"Quando a Mente Cansa, o Trabalho Pesa: Como Cuidar da Sa\u00fade Mental no Dia a Dia\"}]},{\"@type\":\"WebSite\",\"@id\":\"https:\\\/\\\/lifesgo.an9.com.br\\\/#website\",\"url\":\"https:\\\/\\\/lifesgo.an9.com.br\\\/\",\"name\":\"LifesGo\",\"description\":\"\",\"potentialAction\":[{\"@type\":\"SearchAction\",\"target\":{\"@type\":\"EntryPoint\",\"urlTemplate\":\"https:\\\/\\\/lifesgo.an9.com.br\\\/?s={search_term_string}\"},\"query-input\":{\"@type\":\"PropertyValueSpecification\",\"valueRequired\":true,\"valueName\":\"search_term_string\"}}],\"inLanguage\":\"en-US\"},{\"@type\":\"Person\",\"@id\":\"https:\\\/\\\/lifesgo.an9.com.br\\\/#\\\/schema\\\/person\\\/b34bfc24fce1f5cb9dc117e2efe61a07\",\"name\":\"Fernando Braga\",\"image\":{\"@type\":\"ImageObject\",\"inLanguage\":\"en-US\",\"@id\":\"https:\\\/\\\/secure.gravatar.com\\\/avatar\\\/ffb6c6a544d3f2aff8e0c589f1d5e9d3459aa75486bb6627d6b49b9b24c34a3e?s=96&d=mm&r=g\",\"url\":\"https:\\\/\\\/secure.gravatar.com\\\/avatar\\\/ffb6c6a544d3f2aff8e0c589f1d5e9d3459aa75486bb6627d6b49b9b24c34a3e?s=96&d=mm&r=g\",\"contentUrl\":\"https:\\\/\\\/secure.gravatar.com\\\/avatar\\\/ffb6c6a544d3f2aff8e0c589f1d5e9d3459aa75486bb6627d6b49b9b24c34a3e?s=96&d=mm&r=g\",\"caption\":\"Fernando Braga\"},\"sameAs\":[\"https:\\\/\\\/lifesgo.com.br\"],\"url\":\"https:\\\/\\\/lifesgo.an9.com.br\\\/index.php\\\/author\\\/lucamor\\\/\"}]}<\/script>\n<!-- \/ Yoast SEO plugin. -->","yoast_head_json":{"title":"Quando a Mente Cansa, o Trabalho Pesa: Como Cuidar da Sa\u00fade Mental no Dia a Dia - LifesGo","robots":{"index":"index","follow":"follow","max-snippet":"max-snippet:-1","max-image-preview":"max-image-preview:large","max-video-preview":"max-video-preview:-1"},"canonical":"https:\/\/lifesgo.an9.com.br\/index.php\/2025\/02\/28\/quando-a-mente-cansa-o-trabalho-pesa-como-cuidar-da-saude-mental-no-dia-a-dia\/","og_locale":"en_US","og_type":"article","og_title":"Quando a Mente Cansa, o Trabalho Pesa: Como Cuidar da Sa\u00fade Mental no Dia a Dia - LifesGo","og_description":"Por\u00a0*Dra.\u00a0Marih\u00e1\u00a0Lopes, psic\u00f3loga cl\u00ednica, especialista em terapia cognitiva comportamental e Doutora...","og_url":"https:\/\/lifesgo.an9.com.br\/index.php\/2025\/02\/28\/quando-a-mente-cansa-o-trabalho-pesa-como-cuidar-da-saude-mental-no-dia-a-dia\/","og_site_name":"LifesGo","article_published_time":"2025-02-28T13:55:43+00:00","og_image":[{"width":1086,"height":668,"url":"https:\/\/lifesgo.an9.com.br\/wp-content\/uploads\/2025\/02\/A-3-Copy-1-2.jpg","type":"image\/jpeg"}],"author":"Fernando Braga","twitter_card":"summary_large_image","twitter_misc":{"Written by":"Fernando Braga","Est. reading time":"3 minutes"},"schema":{"@context":"https:\/\/schema.org","@graph":[{"@type":"Article","@id":"https:\/\/lifesgo.an9.com.br\/index.php\/2025\/02\/28\/quando-a-mente-cansa-o-trabalho-pesa-como-cuidar-da-saude-mental-no-dia-a-dia\/#article","isPartOf":{"@id":"https:\/\/lifesgo.an9.com.br\/index.php\/2025\/02\/28\/quando-a-mente-cansa-o-trabalho-pesa-como-cuidar-da-saude-mental-no-dia-a-dia\/"},"author":{"name":"Fernando Braga","@id":"https:\/\/lifesgo.an9.com.br\/#\/schema\/person\/b34bfc24fce1f5cb9dc117e2efe61a07"},"headline":"Quando a Mente Cansa, o Trabalho Pesa: Como Cuidar da Sa\u00fade Mental no Dia a Dia","datePublished":"2025-02-28T13:55:43+00:00","mainEntityOfPage":{"@id":"https:\/\/lifesgo.an9.com.br\/index.php\/2025\/02\/28\/quando-a-mente-cansa-o-trabalho-pesa-como-cuidar-da-saude-mental-no-dia-a-dia\/"},"wordCount":527,"image":{"@id":"https:\/\/lifesgo.an9.com.br\/index.php\/2025\/02\/28\/quando-a-mente-cansa-o-trabalho-pesa-como-cuidar-da-saude-mental-no-dia-a-dia\/#primaryimage"},"thumbnailUrl":"https:\/\/lifesgo.an9.com.br\/wp-content\/uploads\/2025\/02\/A-3-Copy-1-2.jpg","articleSection":["Sa\u00fade"],"inLanguage":"en-US"},{"@type":"WebPage","@id":"https:\/\/lifesgo.an9.com.br\/index.php\/2025\/02\/28\/quando-a-mente-cansa-o-trabalho-pesa-como-cuidar-da-saude-mental-no-dia-a-dia\/","url":"https:\/\/lifesgo.an9.com.br\/index.php\/2025\/02\/28\/quando-a-mente-cansa-o-trabalho-pesa-como-cuidar-da-saude-mental-no-dia-a-dia\/","name":"Quando a Mente Cansa, o Trabalho Pesa: Como Cuidar da Sa\u00fade Mental no Dia a Dia - LifesGo","isPartOf":{"@id":"https:\/\/lifesgo.an9.com.br\/#website"},"primaryImageOfPage":{"@id":"https:\/\/lifesgo.an9.com.br\/index.php\/2025\/02\/28\/quando-a-mente-cansa-o-trabalho-pesa-como-cuidar-da-saude-mental-no-dia-a-dia\/#primaryimage"},"image":{"@id":"https:\/\/lifesgo.an9.com.br\/index.php\/2025\/02\/28\/quando-a-mente-cansa-o-trabalho-pesa-como-cuidar-da-saude-mental-no-dia-a-dia\/#primaryimage"},"thumbnailUrl":"https:\/\/lifesgo.an9.com.br\/wp-content\/uploads\/2025\/02\/A-3-Copy-1-2.jpg","datePublished":"2025-02-28T13:55:43+00:00","author":{"@id":"https:\/\/lifesgo.an9.com.br\/#\/schema\/person\/b34bfc24fce1f5cb9dc117e2efe61a07"},"breadcrumb":{"@id":"https:\/\/lifesgo.an9.com.br\/index.php\/2025\/02\/28\/quando-a-mente-cansa-o-trabalho-pesa-como-cuidar-da-saude-mental-no-dia-a-dia\/#breadcrumb"},"inLanguage":"en-US","potentialAction":[{"@type":"ReadAction","target":["https:\/\/lifesgo.an9.com.br\/index.php\/2025\/02\/28\/quando-a-mente-cansa-o-trabalho-pesa-como-cuidar-da-saude-mental-no-dia-a-dia\/"]}]},{"@type":"ImageObject","inLanguage":"en-US","@id":"https:\/\/lifesgo.an9.com.br\/index.php\/2025\/02\/28\/quando-a-mente-cansa-o-trabalho-pesa-como-cuidar-da-saude-mental-no-dia-a-dia\/#primaryimage","url":"https:\/\/lifesgo.an9.com.br\/wp-content\/uploads\/2025\/02\/A-3-Copy-1-2.jpg","contentUrl":"https:\/\/lifesgo.an9.com.br\/wp-content\/uploads\/2025\/02\/A-3-Copy-1-2.jpg","width":1086,"height":668},{"@type":"BreadcrumbList","@id":"https:\/\/lifesgo.an9.com.br\/index.php\/2025\/02\/28\/quando-a-mente-cansa-o-trabalho-pesa-como-cuidar-da-saude-mental-no-dia-a-dia\/#breadcrumb","itemListElement":[{"@type":"ListItem","position":1,"name":"In\u00edcio","item":"https:\/\/lifesgo.an9.com.br\/"},{"@type":"ListItem","position":2,"name":"Quando a Mente Cansa, o Trabalho Pesa: Como Cuidar da Sa\u00fade Mental no Dia a Dia"}]},{"@type":"WebSite","@id":"https:\/\/lifesgo.an9.com.br\/#website","url":"https:\/\/lifesgo.an9.com.br\/","name":"LifesGo","description":"","potentialAction":[{"@type":"SearchAction","target":{"@type":"EntryPoint","urlTemplate":"https:\/\/lifesgo.an9.com.br\/?s={search_term_string}"},"query-input":{"@type":"PropertyValueSpecification","valueRequired":true,"valueName":"search_term_string"}}],"inLanguage":"en-US"},{"@type":"Person","@id":"https:\/\/lifesgo.an9.com.br\/#\/schema\/person\/b34bfc24fce1f5cb9dc117e2efe61a07","name":"Fernando Braga","image":{"@type":"ImageObject","inLanguage":"en-US","@id":"https:\/\/secure.gravatar.com\/avatar\/ffb6c6a544d3f2aff8e0c589f1d5e9d3459aa75486bb6627d6b49b9b24c34a3e?s=96&d=mm&r=g","url":"https:\/\/secure.gravatar.com\/avatar\/ffb6c6a544d3f2aff8e0c589f1d5e9d3459aa75486bb6627d6b49b9b24c34a3e?s=96&d=mm&r=g","contentUrl":"https:\/\/secure.gravatar.com\/avatar\/ffb6c6a544d3f2aff8e0c589f1d5e9d3459aa75486bb6627d6b49b9b24c34a3e?s=96&d=mm&r=g","caption":"Fernando Braga"},"sameAs":["https:\/\/lifesgo.com.br"],"url":"https:\/\/lifesgo.an9.com.br\/index.php\/author\/lucamor\/"}]}},"_links":{"self":[{"href":"https:\/\/lifesgo.an9.com.br\/index.php\/wp-json\/wp\/v2\/posts\/59000","targetHints":{"allow":["GET"]}}],"collection":[{"href":"https:\/\/lifesgo.an9.com.br\/index.php\/wp-json\/wp\/v2\/posts"}],"about":[{"href":"https:\/\/lifesgo.an9.com.br\/index.php\/wp-json\/wp\/v2\/types\/post"}],"author":[{"embeddable":true,"href":"https:\/\/lifesgo.an9.com.br\/index.php\/wp-json\/wp\/v2\/users\/1"}],"replies":[{"embeddable":true,"href":"https:\/\/lifesgo.an9.com.br\/index.php\/wp-json\/wp\/v2\/comments?post=59000"}],"version-history":[{"count":1,"href":"https:\/\/lifesgo.an9.com.br\/index.php\/wp-json\/wp\/v2\/posts\/59000\/revisions"}],"predecessor-version":[{"id":59001,"href":"https:\/\/lifesgo.an9.com.br\/index.php\/wp-json\/wp\/v2\/posts\/59000\/revisions\/59001"}],"wp:featuredmedia":[{"embeddable":true,"href":"https:\/\/lifesgo.an9.com.br\/index.php\/wp-json\/wp\/v2\/media\/58999"}],"wp:attachment":[{"href":"https:\/\/lifesgo.an9.com.br\/index.php\/wp-json\/wp\/v2\/media?parent=59000"}],"wp:term":[{"taxonomy":"category","embeddable":true,"href":"https:\/\/lifesgo.an9.com.br\/index.php\/wp-json\/wp\/v2\/categories?post=59000"},{"taxonomy":"post_tag","embeddable":true,"href":"https:\/\/lifesgo.an9.com.br\/index.php\/wp-json\/wp\/v2\/tags?post=59000"}],"curies":[{"name":"wp","href":"https:\/\/api.w.org\/{rel}","templated":true}]}}