{"id":57813,"date":"2025-02-06T00:00:02","date_gmt":"2025-02-06T03:00:02","guid":{"rendered":"https:\/\/lifesgo.an9.com.br\/?p=57813"},"modified":"2025-02-06T00:00:02","modified_gmt":"2025-02-06T03:00:02","slug":"por-do-sol-em-fortaleza-thiago-carvalho-conquista-nordeste-com-gravacao-de-novo-dvd","status":"publish","type":"post","link":"https:\/\/lifesgo.an9.com.br\/index.php\/2025\/02\/06\/por-do-sol-em-fortaleza-thiago-carvalho-conquista-nordeste-com-gravacao-de-novo-dvd\/","title":{"rendered":"P\u00f4r do sol em Fortaleza: Thiago Carvalho conquista Nordeste com grava\u00e7\u00e3o de novo DVD"},"content":{"rendered":"<p><strong><i>Com arrocha, forr\u00f3 e vaneira, artista contou com participa\u00e7\u00f5es de Eric Land, Marcynho Sensa\u00e7\u00e3o, Michele Andrade, Natanzinho Lima e Z\u00e9 Cantor<\/i><\/strong><\/p>\n<div>\n<p><strong>Thiago Carvalho<\/strong>\u00a0est\u00e1 pronto para conquistar o nordeste! Ap\u00f3s o grande sucesso do single\u00a0<strong>\u201cCachorro\u201d<\/strong>, o cantor gravou um DVD em Fortaleza, CE, nesta ter\u00e7a-feira (04) com participa\u00e7\u00f5es especiais de\u00a0<strong>Eric Land<\/strong>,\u00a0<strong>Marcynho Sensa\u00e7\u00e3o<\/strong>,\u00a0<strong>Michele Andrade,\u00a0<\/strong><strong>Natanzinho Lima e Z\u00e9 Cantor<\/strong>. O artista embalou o Complexo do Beach Park com muita m\u00fasica boa no fim da tarde.<\/p>\n<p style=\"text-align: center;\"><img loading=\"lazy\" decoding=\"async\" class=\"aligncenter size-full wp-image-668\" src=\"https:\/\/publisher.mcomglobal.com\/7\/wp-content\/uploads\/2025\/02\/PAM-4660.jpg\" alt=\"\" width=\"1002\" height=\"668\" \/><\/p>\n<p>Intitulado \u201cBora\u201d, o projeto audiovisual contou com 17 m\u00fasicas divididas entre in\u00e9ditas e regrava\u00e7\u00f5es de grandes sucessos, mesclando arrocha, forr\u00f3 e vaneira. \u201cFoi uma energia surreal estar em Fortaleza gravando meu novo DVD. estou muito feliz com o resultado, tenho certeza que vai ser um DVD incr\u00edvel, que vai romper fronteiras\u201d, comenta Thiago.<\/p>\n<p style=\"text-align: center;\"><img loading=\"lazy\" decoding=\"async\" class=\"aligncenter size-full wp-image-669\" src=\"https:\/\/publisher.mcomglobal.com\/7\/wp-content\/uploads\/2025\/02\/PAM-4950.jpg\" alt=\"\" width=\"1002\" height=\"668\" \/><\/p>\n<p>Sobre o repert\u00f3rio, o artista revela que recebeu diversas m\u00fasicas e foi escolhendo qual m\u00fasica combinava mais com cada uma das participa\u00e7\u00f5es. \u201cA gente vai recebendo muitas m\u00fasicas e avaliando, fui vendo qual combinava com cada um e foi maravilhoso demais, foram participa\u00e7\u00f5es mais que especiais, estou feliz demais\u201d, completa o artista. \u201cEu tenho tr\u00eas grandes apostas para este trabalho: &#8216;Mil Bocas&#8217;, &#8216;Vagabundo Nato&#8217; e &#8216;Tem Rapariga no Meio&#8217;, tenho certeza que v\u00e3o ser sucesso em todo o Brasil\u201d, finaliza.<\/p>\n<p style=\"text-align: center;\"><img loading=\"lazy\" decoding=\"async\" class=\"aligncenter size-full wp-image-670\" src=\"https:\/\/publisher.mcomglobal.com\/7\/wp-content\/uploads\/2025\/02\/PAM-5249.jpg\" alt=\"\" width=\"1002\" height=\"668\" \/><\/p>\n<p>Este foi o primeiro projeto do artista ap\u00f3s assinar com a Warner Music Group. Thiago Carvalho vem ganhando destaque e se consagrando como uma das grandes apostas do sertanejo atual. A grande virada em sua carreira aconteceu em 2023, quando foi anunciado como o novo agenciado da Talism\u00e3 Music, empresa liderada por Leonardo.<\/p>\n<p style=\"text-align: center;\"><img loading=\"lazy\" decoding=\"async\" class=\"aligncenter size-full wp-image-671\" src=\"https:\/\/publisher.mcomglobal.com\/7\/wp-content\/uploads\/2025\/02\/WhatsApp-Image-2025-02-05-at-14.25.58.jpg\" alt=\"\" width=\"1003\" height=\"668\" \/> <img loading=\"lazy\" decoding=\"async\" class=\"aligncenter size-full wp-image-672\" src=\"https:\/\/publisher.mcomglobal.com\/7\/wp-content\/uploads\/2025\/02\/PAM-5384.jpg\" alt=\"\" width=\"1002\" height=\"668\" \/> <img loading=\"lazy\" decoding=\"async\" class=\"aligncenter size-full wp-image-673\" src=\"https:\/\/publisher.mcomglobal.com\/7\/wp-content\/uploads\/2025\/02\/WhatsApp-Image-2025-02-05-at-14.25.57.jpg\" alt=\"\" width=\"1003\" height=\"668\" \/><\/p>\n<p><strong>Confira o setlist:<\/strong><\/p>\n<ol>\n<li aria-level=\"1\">Mente Pra Mim<\/li>\n<li aria-level=\"1\">O Cara Errado\/Esse Algu\u00e9m Sou Eu<\/li>\n<li aria-level=\"1\">\u00c9 Tarde Demais<\/li>\n<li aria-level=\"1\">Se Ainda Existe Amor<\/li>\n<li aria-level=\"1\">Mil Bocas feat Natanzinho Lima<\/li>\n<li aria-level=\"1\">Passou da Conta<\/li>\n<li aria-level=\"1\">Pam Pam Pam<\/li>\n<li aria-level=\"1\">Sujeito Homem<\/li>\n<li aria-level=\"1\">Quero N\u00e3o feat Marcynho Sensa\u00e7\u00e3o<\/li>\n<li aria-level=\"1\">Homem Chora Sim<\/li>\n<li aria-level=\"1\">Pulador de Cama<\/li>\n<li aria-level=\"1\">Vagabundo Nato feat Eric Land<\/li>\n<li aria-level=\"1\">Cachorro<\/li>\n<li aria-level=\"1\">Olhadinha feat Michele Andrade<\/li>\n<li aria-level=\"1\">Charada<\/li>\n<li aria-level=\"1\">Tem Rapariga No Meio feat Z\u00e9 Cantor<\/li>\n<li aria-level=\"1\">Voc\u00ea Mente<\/li>\n<\/ol>\n<p>(Fotos: @superafter)<\/p>\n<\/div>\n","protected":false},"excerpt":{"rendered":"<p>Com arrocha, forr\u00f3 e vaneira, artista contou com participa\u00e7\u00f5es de&#8230;<\/p>\n","protected":false},"author":1,"featured_media":57812,"comment_status":"closed","ping_status":"open","sticky":false,"template":"","format":"standard","meta":{"_acf_changed":false,"footnotes":""},"categories":[27],"tags":[],"class_list":["post-57813","post","type-post","status-publish","format-standard","has-post-thumbnail","hentry","category-musica"],"acf":[],"yoast_head":"<!-- This site is optimized with the Yoast SEO plugin v28.3 - https:\/\/yoast.com\/product\/yoast-seo-wordpress\/ -->\n<title>P\u00f4r do sol em Fortaleza: Thiago Carvalho conquista Nordeste com grava\u00e7\u00e3o de novo DVD - LifesGo<\/title>\n<meta name=\"robots\" content=\"index, follow, max-snippet:-1, max-image-preview:large, max-video-preview:-1\" \/>\n<link rel=\"canonical\" href=\"https:\/\/lifesgo.an9.com.br\/index.php\/2025\/02\/06\/por-do-sol-em-fortaleza-thiago-carvalho-conquista-nordeste-com-gravacao-de-novo-dvd\/\" \/>\n<meta property=\"og:locale\" content=\"pt_BR\" \/>\n<meta property=\"og:type\" content=\"article\" \/>\n<meta property=\"og:title\" content=\"P\u00f4r do sol em Fortaleza: Thiago Carvalho conquista Nordeste com grava\u00e7\u00e3o de novo DVD - LifesGo\" \/>\n<meta property=\"og:description\" content=\"Com arrocha, forr\u00f3 e vaneira, artista contou com participa\u00e7\u00f5es de...\" \/>\n<meta property=\"og:url\" content=\"https:\/\/lifesgo.an9.com.br\/index.php\/2025\/02\/06\/por-do-sol-em-fortaleza-thiago-carvalho-conquista-nordeste-com-gravacao-de-novo-dvd\/\" \/>\n<meta property=\"og:site_name\" content=\"LifesGo\" \/>\n<meta property=\"article:published_time\" content=\"2025-02-06T03:00:02+00:00\" \/>\n<meta property=\"og:image\" content=\"https:\/\/lifesgo.an9.com.br\/wp-content\/uploads\/2025\/02\/A-1-2.jpg\" \/>\n\t<meta property=\"og:image:width\" content=\"1086\" \/>\n\t<meta property=\"og:image:height\" content=\"668\" \/>\n\t<meta property=\"og:image:type\" content=\"image\/jpeg\" \/>\n<meta name=\"author\" content=\"LifesGo\" \/>\n<meta name=\"twitter:card\" content=\"summary_large_image\" \/>\n<meta name=\"twitter:label1\" content=\"Escrito por\" \/>\n\t<meta name=\"twitter:data1\" content=\"LifesGo\" \/>\n\t<meta name=\"twitter:label2\" content=\"Est. tempo de leitura\" \/>\n\t<meta name=\"twitter:data2\" content=\"2 minutos\" \/>\n<script type=\"application\/ld+json\" class=\"yoast-schema-graph\">{\"@context\":\"https:\\\/\\\/schema.org\",\"@graph\":[{\"@type\":\"Article\",\"@id\":\"https:\\\/\\\/lifesgo.an9.com.br\\\/index.php\\\/2025\\\/02\\\/06\\\/por-do-sol-em-fortaleza-thiago-carvalho-conquista-nordeste-com-gravacao-de-novo-dvd\\\/#article\",\"isPartOf\":{\"@id\":\"https:\\\/\\\/lifesgo.an9.com.br\\\/index.php\\\/2025\\\/02\\\/06\\\/por-do-sol-em-fortaleza-thiago-carvalho-conquista-nordeste-com-gravacao-de-novo-dvd\\\/\"},\"author\":{\"name\":\"LifesGo\",\"@id\":\"https:\\\/\\\/lifesgo.an9.com.br\\\/#\\\/schema\\\/person\\\/b34bfc24fce1f5cb9dc117e2efe61a07\"},\"headline\":\"P\u00f4r do sol em Fortaleza: Thiago Carvalho conquista Nordeste com grava\u00e7\u00e3o de novo DVD\",\"datePublished\":\"2025-02-06T03:00:02+00:00\",\"mainEntityOfPage\":{\"@id\":\"https:\\\/\\\/lifesgo.an9.com.br\\\/index.php\\\/2025\\\/02\\\/06\\\/por-do-sol-em-fortaleza-thiago-carvalho-conquista-nordeste-com-gravacao-de-novo-dvd\\\/\"},\"wordCount\":365,\"image\":{\"@id\":\"https:\\\/\\\/lifesgo.an9.com.br\\\/index.php\\\/2025\\\/02\\\/06\\\/por-do-sol-em-fortaleza-thiago-carvalho-conquista-nordeste-com-gravacao-de-novo-dvd\\\/#primaryimage\"},\"thumbnailUrl\":\"https:\\\/\\\/lifesgo.an9.com.br\\\/wp-content\\\/uploads\\\/2025\\\/02\\\/A-1-2.jpg\",\"articleSection\":[\"M\u00fasica\"],\"inLanguage\":\"pt-BR\"},{\"@type\":\"WebPage\",\"@id\":\"https:\\\/\\\/lifesgo.an9.com.br\\\/index.php\\\/2025\\\/02\\\/06\\\/por-do-sol-em-fortaleza-thiago-carvalho-conquista-nordeste-com-gravacao-de-novo-dvd\\\/\",\"url\":\"https:\\\/\\\/lifesgo.an9.com.br\\\/index.php\\\/2025\\\/02\\\/06\\\/por-do-sol-em-fortaleza-thiago-carvalho-conquista-nordeste-com-gravacao-de-novo-dvd\\\/\",\"name\":\"P\u00f4r do sol em Fortaleza: Thiago Carvalho conquista Nordeste com grava\u00e7\u00e3o de novo DVD - LifesGo\",\"isPartOf\":{\"@id\":\"https:\\\/\\\/lifesgo.an9.com.br\\\/#website\"},\"primaryImageOfPage\":{\"@id\":\"https:\\\/\\\/lifesgo.an9.com.br\\\/index.php\\\/2025\\\/02\\\/06\\\/por-do-sol-em-fortaleza-thiago-carvalho-conquista-nordeste-com-gravacao-de-novo-dvd\\\/#primaryimage\"},\"image\":{\"@id\":\"https:\\\/\\\/lifesgo.an9.com.br\\\/index.php\\\/2025\\\/02\\\/06\\\/por-do-sol-em-fortaleza-thiago-carvalho-conquista-nordeste-com-gravacao-de-novo-dvd\\\/#primaryimage\"},\"thumbnailUrl\":\"https:\\\/\\\/lifesgo.an9.com.br\\\/wp-content\\\/uploads\\\/2025\\\/02\\\/A-1-2.jpg\",\"datePublished\":\"2025-02-06T03:00:02+00:00\",\"author\":{\"@id\":\"https:\\\/\\\/lifesgo.an9.com.br\\\/#\\\/schema\\\/person\\\/b34bfc24fce1f5cb9dc117e2efe61a07\"},\"breadcrumb\":{\"@id\":\"https:\\\/\\\/lifesgo.an9.com.br\\\/index.php\\\/2025\\\/02\\\/06\\\/por-do-sol-em-fortaleza-thiago-carvalho-conquista-nordeste-com-gravacao-de-novo-dvd\\\/#breadcrumb\"},\"inLanguage\":\"pt-BR\",\"potentialAction\":[{\"@type\":\"ReadAction\",\"target\":[\"https:\\\/\\\/lifesgo.an9.com.br\\\/index.php\\\/2025\\\/02\\\/06\\\/por-do-sol-em-fortaleza-thiago-carvalho-conquista-nordeste-com-gravacao-de-novo-dvd\\\/\"]}]},{\"@type\":\"ImageObject\",\"inLanguage\":\"pt-BR\",\"@id\":\"https:\\\/\\\/lifesgo.an9.com.br\\\/index.php\\\/2025\\\/02\\\/06\\\/por-do-sol-em-fortaleza-thiago-carvalho-conquista-nordeste-com-gravacao-de-novo-dvd\\\/#primaryimage\",\"url\":\"https:\\\/\\\/lifesgo.an9.com.br\\\/wp-content\\\/uploads\\\/2025\\\/02\\\/A-1-2.jpg\",\"contentUrl\":\"https:\\\/\\\/lifesgo.an9.com.br\\\/wp-content\\\/uploads\\\/2025\\\/02\\\/A-1-2.jpg\",\"width\":1086,\"height\":668},{\"@type\":\"BreadcrumbList\",\"@id\":\"https:\\\/\\\/lifesgo.an9.com.br\\\/index.php\\\/2025\\\/02\\\/06\\\/por-do-sol-em-fortaleza-thiago-carvalho-conquista-nordeste-com-gravacao-de-novo-dvd\\\/#breadcrumb\",\"itemListElement\":[{\"@type\":\"ListItem\",\"position\":1,\"name\":\"In\u00edcio\",\"item\":\"https:\\\/\\\/lifesgo.an9.com.br\\\/\"},{\"@type\":\"ListItem\",\"position\":2,\"name\":\"P\u00f4r do sol em Fortaleza: Thiago Carvalho conquista Nordeste com grava\u00e7\u00e3o de novo DVD\"}]},{\"@type\":\"WebSite\",\"@id\":\"https:\\\/\\\/lifesgo.an9.com.br\\\/#website\",\"url\":\"https:\\\/\\\/lifesgo.an9.com.br\\\/\",\"name\":\"LifesGo\",\"description\":\"\",\"potentialAction\":[{\"@type\":\"SearchAction\",\"target\":{\"@type\":\"EntryPoint\",\"urlTemplate\":\"https:\\\/\\\/lifesgo.an9.com.br\\\/?s={search_term_string}\"},\"query-input\":{\"@type\":\"PropertyValueSpecification\",\"valueRequired\":true,\"valueName\":\"search_term_string\"}}],\"inLanguage\":\"pt-BR\"},{\"@type\":\"Person\",\"@id\":\"https:\\\/\\\/lifesgo.an9.com.br\\\/#\\\/schema\\\/person\\\/b34bfc24fce1f5cb9dc117e2efe61a07\",\"name\":\"LifesGo\",\"image\":{\"@type\":\"ImageObject\",\"inLanguage\":\"pt-BR\",\"@id\":\"https:\\\/\\\/secure.gravatar.com\\\/avatar\\\/ed0fb6c2dc8ca8634274f12b6bcee558dbcb1b05612be222e7d40b115c40b4f2?s=96&d=mm&r=g\",\"url\":\"https:\\\/\\\/secure.gravatar.com\\\/avatar\\\/ed0fb6c2dc8ca8634274f12b6bcee558dbcb1b05612be222e7d40b115c40b4f2?s=96&d=mm&r=g\",\"contentUrl\":\"https:\\\/\\\/secure.gravatar.com\\\/avatar\\\/ed0fb6c2dc8ca8634274f12b6bcee558dbcb1b05612be222e7d40b115c40b4f2?s=96&d=mm&r=g\",\"caption\":\"LifesGo\"},\"sameAs\":[\"https:\\\/\\\/lifesgo.com.br\"],\"url\":\"https:\\\/\\\/lifesgo.an9.com.br\\\/index.php\\\/author\\\/lucamor\\\/\"}]}<\/script>\n<!-- \/ Yoast SEO plugin. -->","yoast_head_json":{"title":"P\u00f4r do sol em Fortaleza: Thiago Carvalho conquista Nordeste com grava\u00e7\u00e3o de novo DVD - LifesGo","robots":{"index":"index","follow":"follow","max-snippet":"max-snippet:-1","max-image-preview":"max-image-preview:large","max-video-preview":"max-video-preview:-1"},"canonical":"https:\/\/lifesgo.an9.com.br\/index.php\/2025\/02\/06\/por-do-sol-em-fortaleza-thiago-carvalho-conquista-nordeste-com-gravacao-de-novo-dvd\/","og_locale":"pt_BR","og_type":"article","og_title":"P\u00f4r do sol em Fortaleza: Thiago Carvalho conquista Nordeste com grava\u00e7\u00e3o de novo DVD - LifesGo","og_description":"Com arrocha, forr\u00f3 e vaneira, artista contou com participa\u00e7\u00f5es de...","og_url":"https:\/\/lifesgo.an9.com.br\/index.php\/2025\/02\/06\/por-do-sol-em-fortaleza-thiago-carvalho-conquista-nordeste-com-gravacao-de-novo-dvd\/","og_site_name":"LifesGo","article_published_time":"2025-02-06T03:00:02+00:00","og_image":[{"width":1086,"height":668,"url":"https:\/\/lifesgo.an9.com.br\/wp-content\/uploads\/2025\/02\/A-1-2.jpg","type":"image\/jpeg"}],"author":"LifesGo","twitter_card":"summary_large_image","twitter_misc":{"Escrito por":"LifesGo","Est. tempo de leitura":"2 minutos"},"schema":{"@context":"https:\/\/schema.org","@graph":[{"@type":"Article","@id":"https:\/\/lifesgo.an9.com.br\/index.php\/2025\/02\/06\/por-do-sol-em-fortaleza-thiago-carvalho-conquista-nordeste-com-gravacao-de-novo-dvd\/#article","isPartOf":{"@id":"https:\/\/lifesgo.an9.com.br\/index.php\/2025\/02\/06\/por-do-sol-em-fortaleza-thiago-carvalho-conquista-nordeste-com-gravacao-de-novo-dvd\/"},"author":{"name":"LifesGo","@id":"https:\/\/lifesgo.an9.com.br\/#\/schema\/person\/b34bfc24fce1f5cb9dc117e2efe61a07"},"headline":"P\u00f4r do sol em Fortaleza: Thiago Carvalho conquista Nordeste com grava\u00e7\u00e3o de novo DVD","datePublished":"2025-02-06T03:00:02+00:00","mainEntityOfPage":{"@id":"https:\/\/lifesgo.an9.com.br\/index.php\/2025\/02\/06\/por-do-sol-em-fortaleza-thiago-carvalho-conquista-nordeste-com-gravacao-de-novo-dvd\/"},"wordCount":365,"image":{"@id":"https:\/\/lifesgo.an9.com.br\/index.php\/2025\/02\/06\/por-do-sol-em-fortaleza-thiago-carvalho-conquista-nordeste-com-gravacao-de-novo-dvd\/#primaryimage"},"thumbnailUrl":"https:\/\/lifesgo.an9.com.br\/wp-content\/uploads\/2025\/02\/A-1-2.jpg","articleSection":["M\u00fasica"],"inLanguage":"pt-BR"},{"@type":"WebPage","@id":"https:\/\/lifesgo.an9.com.br\/index.php\/2025\/02\/06\/por-do-sol-em-fortaleza-thiago-carvalho-conquista-nordeste-com-gravacao-de-novo-dvd\/","url":"https:\/\/lifesgo.an9.com.br\/index.php\/2025\/02\/06\/por-do-sol-em-fortaleza-thiago-carvalho-conquista-nordeste-com-gravacao-de-novo-dvd\/","name":"P\u00f4r do sol em Fortaleza: Thiago Carvalho conquista Nordeste com grava\u00e7\u00e3o de novo DVD - LifesGo","isPartOf":{"@id":"https:\/\/lifesgo.an9.com.br\/#website"},"primaryImageOfPage":{"@id":"https:\/\/lifesgo.an9.com.br\/index.php\/2025\/02\/06\/por-do-sol-em-fortaleza-thiago-carvalho-conquista-nordeste-com-gravacao-de-novo-dvd\/#primaryimage"},"image":{"@id":"https:\/\/lifesgo.an9.com.br\/index.php\/2025\/02\/06\/por-do-sol-em-fortaleza-thiago-carvalho-conquista-nordeste-com-gravacao-de-novo-dvd\/#primaryimage"},"thumbnailUrl":"https:\/\/lifesgo.an9.com.br\/wp-content\/uploads\/2025\/02\/A-1-2.jpg","datePublished":"2025-02-06T03:00:02+00:00","author":{"@id":"https:\/\/lifesgo.an9.com.br\/#\/schema\/person\/b34bfc24fce1f5cb9dc117e2efe61a07"},"breadcrumb":{"@id":"https:\/\/lifesgo.an9.com.br\/index.php\/2025\/02\/06\/por-do-sol-em-fortaleza-thiago-carvalho-conquista-nordeste-com-gravacao-de-novo-dvd\/#breadcrumb"},"inLanguage":"pt-BR","potentialAction":[{"@type":"ReadAction","target":["https:\/\/lifesgo.an9.com.br\/index.php\/2025\/02\/06\/por-do-sol-em-fortaleza-thiago-carvalho-conquista-nordeste-com-gravacao-de-novo-dvd\/"]}]},{"@type":"ImageObject","inLanguage":"pt-BR","@id":"https:\/\/lifesgo.an9.com.br\/index.php\/2025\/02\/06\/por-do-sol-em-fortaleza-thiago-carvalho-conquista-nordeste-com-gravacao-de-novo-dvd\/#primaryimage","url":"https:\/\/lifesgo.an9.com.br\/wp-content\/uploads\/2025\/02\/A-1-2.jpg","contentUrl":"https:\/\/lifesgo.an9.com.br\/wp-content\/uploads\/2025\/02\/A-1-2.jpg","width":1086,"height":668},{"@type":"BreadcrumbList","@id":"https:\/\/lifesgo.an9.com.br\/index.php\/2025\/02\/06\/por-do-sol-em-fortaleza-thiago-carvalho-conquista-nordeste-com-gravacao-de-novo-dvd\/#breadcrumb","itemListElement":[{"@type":"ListItem","position":1,"name":"In\u00edcio","item":"https:\/\/lifesgo.an9.com.br\/"},{"@type":"ListItem","position":2,"name":"P\u00f4r do sol em Fortaleza: Thiago Carvalho conquista Nordeste com grava\u00e7\u00e3o de novo DVD"}]},{"@type":"WebSite","@id":"https:\/\/lifesgo.an9.com.br\/#website","url":"https:\/\/lifesgo.an9.com.br\/","name":"LifesGo","description":"","potentialAction":[{"@type":"SearchAction","target":{"@type":"EntryPoint","urlTemplate":"https:\/\/lifesgo.an9.com.br\/?s={search_term_string}"},"query-input":{"@type":"PropertyValueSpecification","valueRequired":true,"valueName":"search_term_string"}}],"inLanguage":"pt-BR"},{"@type":"Person","@id":"https:\/\/lifesgo.an9.com.br\/#\/schema\/person\/b34bfc24fce1f5cb9dc117e2efe61a07","name":"LifesGo","image":{"@type":"ImageObject","inLanguage":"pt-BR","@id":"https:\/\/secure.gravatar.com\/avatar\/ed0fb6c2dc8ca8634274f12b6bcee558dbcb1b05612be222e7d40b115c40b4f2?s=96&d=mm&r=g","url":"https:\/\/secure.gravatar.com\/avatar\/ed0fb6c2dc8ca8634274f12b6bcee558dbcb1b05612be222e7d40b115c40b4f2?s=96&d=mm&r=g","contentUrl":"https:\/\/secure.gravatar.com\/avatar\/ed0fb6c2dc8ca8634274f12b6bcee558dbcb1b05612be222e7d40b115c40b4f2?s=96&d=mm&r=g","caption":"LifesGo"},"sameAs":["https:\/\/lifesgo.com.br"],"url":"https:\/\/lifesgo.an9.com.br\/index.php\/author\/lucamor\/"}]}},"_links":{"self":[{"href":"https:\/\/lifesgo.an9.com.br\/index.php\/wp-json\/wp\/v2\/posts\/57813","targetHints":{"allow":["GET"]}}],"collection":[{"href":"https:\/\/lifesgo.an9.com.br\/index.php\/wp-json\/wp\/v2\/posts"}],"about":[{"href":"https:\/\/lifesgo.an9.com.br\/index.php\/wp-json\/wp\/v2\/types\/post"}],"author":[{"embeddable":true,"href":"https:\/\/lifesgo.an9.com.br\/index.php\/wp-json\/wp\/v2\/users\/1"}],"replies":[{"embeddable":true,"href":"https:\/\/lifesgo.an9.com.br\/index.php\/wp-json\/wp\/v2\/comments?post=57813"}],"version-history":[{"count":1,"href":"https:\/\/lifesgo.an9.com.br\/index.php\/wp-json\/wp\/v2\/posts\/57813\/revisions"}],"predecessor-version":[{"id":57814,"href":"https:\/\/lifesgo.an9.com.br\/index.php\/wp-json\/wp\/v2\/posts\/57813\/revisions\/57814"}],"wp:featuredmedia":[{"embeddable":true,"href":"https:\/\/lifesgo.an9.com.br\/index.php\/wp-json\/wp\/v2\/media\/57812"}],"wp:attachment":[{"href":"https:\/\/lifesgo.an9.com.br\/index.php\/wp-json\/wp\/v2\/media?parent=57813"}],"wp:term":[{"taxonomy":"category","embeddable":true,"href":"https:\/\/lifesgo.an9.com.br\/index.php\/wp-json\/wp\/v2\/categories?post=57813"},{"taxonomy":"post_tag","embeddable":true,"href":"https:\/\/lifesgo.an9.com.br\/index.php\/wp-json\/wp\/v2\/tags?post=57813"}],"curies":[{"name":"wp","href":"https:\/\/api.w.org\/{rel}","templated":true}]}}