{"id":57801,"date":"2025-02-05T13:05:30","date_gmt":"2025-02-05T16:05:30","guid":{"rendered":"https:\/\/lifesgo.an9.com.br\/?p=57801"},"modified":"2025-02-05T13:05:30","modified_gmt":"2025-02-05T16:05:30","slug":"bloquinho-popmax-agita-o-carnaval-da-criancada-em-sao-paulo","status":"publish","type":"post","link":"https:\/\/lifesgo.an9.com.br\/index.php\/2025\/02\/05\/bloquinho-popmax-agita-o-carnaval-da-criancada-em-sao-paulo\/","title":{"rendered":"Bloquinho POP+Max agita o Carnaval da crian\u00e7ada em S\u00e3o Paulo"},"content":{"rendered":"<h3><strong>Evento acontece no Shopping Light e promete muita divers\u00e3o com atividades gratuitas e sorteios especiais<\/strong><\/h3>\n<p>O Carnaval das crian\u00e7as vai ser pura alegria no Bloquinho POP+Max! No dia 12 de fevereiro de 2025, a Pop School e a ag\u00eancia de modelos Max Fama se unem para organizar um evento especial, cheio de brincadeiras, m\u00fasica e atividades interativas. A festa acontece das 14h \u00e0s 17h, na sede da Pop School, localizada no Shopping Light, no centro de S\u00e3o Paulo.<\/p>\n<p>Com uma programa\u00e7\u00e3o recheada de atra\u00e7\u00f5es, o Bloquinho POP+Max ter\u00e1\u00a0 a\u00e7\u00f5es especiais com o grupo Digibela, que traz espa\u00e7os para uma make divertida das crian\u00e7as com o Hello Kitty By Digibela, MC Divertida By Digibela e Magia de Princesa. O evento tamb\u00e9m ter\u00e1 um concurso de cabelo maluco, promovido pela marca Tr\u00e1 L\u00e1 L\u00e1, al\u00e9m de uma oficina de cupcake, oferecida pela Art e Gula. Para deixar tudo ainda mais animado, um DJ estar\u00e1 no comando da m\u00fasica, garantindo que ningu\u00e9m fique parado.<\/p>\n<p>Os sorteios prometem ser um grande destaque do evento! A marca Kookabu ir\u00e1 distribuir kits exclusivos, enquanto as mam\u00e3es das crian\u00e7as tamb\u00e9m poder\u00e3o aproveitar o dia com um super pr\u00eamio: um sorteio especial para serem maquiadas, arrumarem o cabelo e ganharem uma sess\u00e3o fotogr\u00e1fica exclusiva. As fotos ser\u00e3o feitas por profissionais da ag\u00eancia Max Fama p\u00f3s-evento.<\/p>\n<p style=\"text-align: center;\"><img loading=\"lazy\" decoding=\"async\" class=\"aligncenter size-full wp-image-655\" src=\"https:\/\/publisher.mcomglobal.com\/7\/wp-content\/uploads\/2025\/02\/Evento-acontece-no-Shopping-Light-e-promete-muita-diversao-com-atividades-gratuitas-e-sorteios-especiais.jpg\" alt=\"\" width=\"1002\" height=\"668\" \/><\/p>\n<p>\u201cA ideia do Bloquinho POP+Max \u00e9 oferecer um Carnaval l\u00fadico e divertido para as crian\u00e7as, reunindo atividades que estimulem a criatividade e a intera\u00e7\u00e3o. Ser\u00e1 um dia de muita alegria, brincadeiras e momentos especiais para toda a fam\u00edlia\u201d, afirma Tatiana Roberto, s\u00f3cia na Pop School.<\/p>\n<p>O evento contar\u00e1 com a participa\u00e7\u00e3o de alunos da Pop School, agenciados da Max Fama e da Models Black, al\u00e9m de alunos da Escola de Modelo e influenciadores. Mas a festa n\u00e3o ser\u00e1 exclusiva para convidados, o p\u00fablico geral tamb\u00e9m poder\u00e1 participar. Para isso, basta realizar uma inscri\u00e7\u00e3o pr\u00e9via atrav\u00e9s de um link que ser\u00e1 disponibilizado nas redes sociais da Pop School (@popschooloficial), em parceria com o Shopping Light (@shoppinglightoficial). As vagas s\u00e3o limitadas.<\/p>\n<p>Al\u00e9m das brincadeiras, o evento ainda ter\u00e1 comidinhas e muitas surpresas para garantir a divers\u00e3o da garotada. O Bloquinho POP+Max \u00e9 gratuito e voltado para crian\u00e7as de 6 a 12 anos. Como apoio das marcas Tr\u00e1 L\u00e1 L\u00e1, Magia de Princesa, Kookabu, Fetes, grupo Digibela e Art e Gula e Shopping Light, o evento \u00e9 a oportunidade perfeita para os pequenos aproveitarem o Carnaval de forma leve, segura e cheia de anima\u00e7\u00e3o!<\/p>\n<h3><strong>Servi\u00e7o<\/strong><\/h3>\n<p><strong>Bloquinho POP+Max<br \/>\nData:<\/strong> 12 de fevereiro de 2025<br \/>\n<strong>Hor\u00e1rio:<\/strong> 14h \u00e0s 17h<br \/>\n<strong>Local:<\/strong> Pop School \u2013 Shopping Light<\/p>\n<p><strong>Endere\u00e7o:<\/strong> Rua Cel. Xavier de Toledo, 23 &#8211; Rep\u00fablica, S\u00e3o Paulo &#8211; SP, 01048-000<br \/>\n<strong>Evento gratuito<\/strong> (Inscri\u00e7\u00f5es limitadas pelo link nas redes sociais da Pop School e Shopping Light)<br \/>\n<strong>P\u00fablico-alvo:<\/strong> Crian\u00e7as de 6 a 12 anos<br \/>\n<strong>Atividades:<\/strong> Concurso de cabelo maluco, oficina de cupcake, a\u00e7\u00f5es interativas, DJ, sorteios e muito mais!<\/p>\n<p><strong>Empresas parceiras:<\/strong> Shopping Light, grupo Digibela, Tr\u00e1 L\u00e1 L\u00e1, Magia de Princesa, Kookabu, Fetes e Art e Gula.<\/p>\n","protected":false},"excerpt":{"rendered":"<p>Evento acontece no Shopping Light e promete muita divers\u00e3o com&#8230;<\/p>\n","protected":false},"author":1,"featured_media":57800,"comment_status":"closed","ping_status":"open","sticky":false,"template":"","format":"standard","meta":{"_acf_changed":false,"footnotes":""},"categories":[27],"tags":[],"class_list":["post-57801","post","type-post","status-publish","format-standard","has-post-thumbnail","hentry","category-musica"],"acf":[],"yoast_head":"<!-- This site is optimized with the Yoast SEO plugin v28.3 - https:\/\/yoast.com\/product\/yoast-seo-wordpress\/ -->\n<title>Bloquinho POP+Max agita o Carnaval da crian\u00e7ada em S\u00e3o Paulo - LifesGo<\/title>\n<meta name=\"robots\" content=\"index, follow, max-snippet:-1, max-image-preview:large, max-video-preview:-1\" \/>\n<link rel=\"canonical\" href=\"https:\/\/lifesgo.an9.com.br\/index.php\/2025\/02\/05\/bloquinho-popmax-agita-o-carnaval-da-criancada-em-sao-paulo\/\" \/>\n<meta property=\"og:locale\" content=\"pt_BR\" \/>\n<meta property=\"og:type\" content=\"article\" \/>\n<meta property=\"og:title\" content=\"Bloquinho POP+Max agita o Carnaval da crian\u00e7ada em S\u00e3o Paulo - LifesGo\" \/>\n<meta property=\"og:description\" content=\"Evento acontece no Shopping Light e promete muita divers\u00e3o com...\" \/>\n<meta property=\"og:url\" content=\"https:\/\/lifesgo.an9.com.br\/index.php\/2025\/02\/05\/bloquinho-popmax-agita-o-carnaval-da-criancada-em-sao-paulo\/\" \/>\n<meta property=\"og:site_name\" content=\"LifesGo\" \/>\n<meta property=\"article:published_time\" content=\"2025-02-05T16:05:30+00:00\" \/>\n<meta property=\"og:image\" content=\"https:\/\/lifesgo.an9.com.br\/wp-content\/uploads\/2025\/02\/A-19-2.jpg\" \/>\n\t<meta property=\"og:image:width\" content=\"1086\" \/>\n\t<meta property=\"og:image:height\" content=\"668\" \/>\n\t<meta property=\"og:image:type\" content=\"image\/jpeg\" \/>\n<meta name=\"author\" content=\"LifesGo\" \/>\n<meta name=\"twitter:card\" content=\"summary_large_image\" \/>\n<meta name=\"twitter:label1\" content=\"Escrito por\" \/>\n\t<meta name=\"twitter:data1\" content=\"LifesGo\" \/>\n\t<meta name=\"twitter:label2\" content=\"Est. tempo de leitura\" \/>\n\t<meta name=\"twitter:data2\" content=\"3 minutos\" \/>\n<script type=\"application\/ld+json\" class=\"yoast-schema-graph\">{\"@context\":\"https:\\\/\\\/schema.org\",\"@graph\":[{\"@type\":\"Article\",\"@id\":\"https:\\\/\\\/lifesgo.an9.com.br\\\/index.php\\\/2025\\\/02\\\/05\\\/bloquinho-popmax-agita-o-carnaval-da-criancada-em-sao-paulo\\\/#article\",\"isPartOf\":{\"@id\":\"https:\\\/\\\/lifesgo.an9.com.br\\\/index.php\\\/2025\\\/02\\\/05\\\/bloquinho-popmax-agita-o-carnaval-da-criancada-em-sao-paulo\\\/\"},\"author\":{\"name\":\"LifesGo\",\"@id\":\"https:\\\/\\\/lifesgo.an9.com.br\\\/#\\\/schema\\\/person\\\/b34bfc24fce1f5cb9dc117e2efe61a07\"},\"headline\":\"Bloquinho POP+Max agita o Carnaval da crian\u00e7ada em S\u00e3o Paulo\",\"datePublished\":\"2025-02-05T16:05:30+00:00\",\"mainEntityOfPage\":{\"@id\":\"https:\\\/\\\/lifesgo.an9.com.br\\\/index.php\\\/2025\\\/02\\\/05\\\/bloquinho-popmax-agita-o-carnaval-da-criancada-em-sao-paulo\\\/\"},\"wordCount\":552,\"image\":{\"@id\":\"https:\\\/\\\/lifesgo.an9.com.br\\\/index.php\\\/2025\\\/02\\\/05\\\/bloquinho-popmax-agita-o-carnaval-da-criancada-em-sao-paulo\\\/#primaryimage\"},\"thumbnailUrl\":\"https:\\\/\\\/lifesgo.an9.com.br\\\/wp-content\\\/uploads\\\/2025\\\/02\\\/A-19-2.jpg\",\"articleSection\":[\"M\u00fasica\"],\"inLanguage\":\"pt-BR\"},{\"@type\":\"WebPage\",\"@id\":\"https:\\\/\\\/lifesgo.an9.com.br\\\/index.php\\\/2025\\\/02\\\/05\\\/bloquinho-popmax-agita-o-carnaval-da-criancada-em-sao-paulo\\\/\",\"url\":\"https:\\\/\\\/lifesgo.an9.com.br\\\/index.php\\\/2025\\\/02\\\/05\\\/bloquinho-popmax-agita-o-carnaval-da-criancada-em-sao-paulo\\\/\",\"name\":\"Bloquinho POP+Max agita o Carnaval da crian\u00e7ada em S\u00e3o Paulo - LifesGo\",\"isPartOf\":{\"@id\":\"https:\\\/\\\/lifesgo.an9.com.br\\\/#website\"},\"primaryImageOfPage\":{\"@id\":\"https:\\\/\\\/lifesgo.an9.com.br\\\/index.php\\\/2025\\\/02\\\/05\\\/bloquinho-popmax-agita-o-carnaval-da-criancada-em-sao-paulo\\\/#primaryimage\"},\"image\":{\"@id\":\"https:\\\/\\\/lifesgo.an9.com.br\\\/index.php\\\/2025\\\/02\\\/05\\\/bloquinho-popmax-agita-o-carnaval-da-criancada-em-sao-paulo\\\/#primaryimage\"},\"thumbnailUrl\":\"https:\\\/\\\/lifesgo.an9.com.br\\\/wp-content\\\/uploads\\\/2025\\\/02\\\/A-19-2.jpg\",\"datePublished\":\"2025-02-05T16:05:30+00:00\",\"author\":{\"@id\":\"https:\\\/\\\/lifesgo.an9.com.br\\\/#\\\/schema\\\/person\\\/b34bfc24fce1f5cb9dc117e2efe61a07\"},\"breadcrumb\":{\"@id\":\"https:\\\/\\\/lifesgo.an9.com.br\\\/index.php\\\/2025\\\/02\\\/05\\\/bloquinho-popmax-agita-o-carnaval-da-criancada-em-sao-paulo\\\/#breadcrumb\"},\"inLanguage\":\"pt-BR\",\"potentialAction\":[{\"@type\":\"ReadAction\",\"target\":[\"https:\\\/\\\/lifesgo.an9.com.br\\\/index.php\\\/2025\\\/02\\\/05\\\/bloquinho-popmax-agita-o-carnaval-da-criancada-em-sao-paulo\\\/\"]}]},{\"@type\":\"ImageObject\",\"inLanguage\":\"pt-BR\",\"@id\":\"https:\\\/\\\/lifesgo.an9.com.br\\\/index.php\\\/2025\\\/02\\\/05\\\/bloquinho-popmax-agita-o-carnaval-da-criancada-em-sao-paulo\\\/#primaryimage\",\"url\":\"https:\\\/\\\/lifesgo.an9.com.br\\\/wp-content\\\/uploads\\\/2025\\\/02\\\/A-19-2.jpg\",\"contentUrl\":\"https:\\\/\\\/lifesgo.an9.com.br\\\/wp-content\\\/uploads\\\/2025\\\/02\\\/A-19-2.jpg\",\"width\":1086,\"height\":668},{\"@type\":\"BreadcrumbList\",\"@id\":\"https:\\\/\\\/lifesgo.an9.com.br\\\/index.php\\\/2025\\\/02\\\/05\\\/bloquinho-popmax-agita-o-carnaval-da-criancada-em-sao-paulo\\\/#breadcrumb\",\"itemListElement\":[{\"@type\":\"ListItem\",\"position\":1,\"name\":\"In\u00edcio\",\"item\":\"https:\\\/\\\/lifesgo.an9.com.br\\\/\"},{\"@type\":\"ListItem\",\"position\":2,\"name\":\"Bloquinho POP+Max agita o Carnaval da crian\u00e7ada em S\u00e3o Paulo\"}]},{\"@type\":\"WebSite\",\"@id\":\"https:\\\/\\\/lifesgo.an9.com.br\\\/#website\",\"url\":\"https:\\\/\\\/lifesgo.an9.com.br\\\/\",\"name\":\"LifesGo\",\"description\":\"\",\"potentialAction\":[{\"@type\":\"SearchAction\",\"target\":{\"@type\":\"EntryPoint\",\"urlTemplate\":\"https:\\\/\\\/lifesgo.an9.com.br\\\/?s={search_term_string}\"},\"query-input\":{\"@type\":\"PropertyValueSpecification\",\"valueRequired\":true,\"valueName\":\"search_term_string\"}}],\"inLanguage\":\"pt-BR\"},{\"@type\":\"Person\",\"@id\":\"https:\\\/\\\/lifesgo.an9.com.br\\\/#\\\/schema\\\/person\\\/b34bfc24fce1f5cb9dc117e2efe61a07\",\"name\":\"LifesGo\",\"image\":{\"@type\":\"ImageObject\",\"inLanguage\":\"pt-BR\",\"@id\":\"https:\\\/\\\/secure.gravatar.com\\\/avatar\\\/ed0fb6c2dc8ca8634274f12b6bcee558dbcb1b05612be222e7d40b115c40b4f2?s=96&d=mm&r=g\",\"url\":\"https:\\\/\\\/secure.gravatar.com\\\/avatar\\\/ed0fb6c2dc8ca8634274f12b6bcee558dbcb1b05612be222e7d40b115c40b4f2?s=96&d=mm&r=g\",\"contentUrl\":\"https:\\\/\\\/secure.gravatar.com\\\/avatar\\\/ed0fb6c2dc8ca8634274f12b6bcee558dbcb1b05612be222e7d40b115c40b4f2?s=96&d=mm&r=g\",\"caption\":\"LifesGo\"},\"sameAs\":[\"https:\\\/\\\/lifesgo.com.br\"],\"url\":\"https:\\\/\\\/lifesgo.an9.com.br\\\/index.php\\\/author\\\/lucamor\\\/\"}]}<\/script>\n<!-- \/ Yoast SEO plugin. -->","yoast_head_json":{"title":"Bloquinho POP+Max agita o Carnaval da crian\u00e7ada em S\u00e3o Paulo - LifesGo","robots":{"index":"index","follow":"follow","max-snippet":"max-snippet:-1","max-image-preview":"max-image-preview:large","max-video-preview":"max-video-preview:-1"},"canonical":"https:\/\/lifesgo.an9.com.br\/index.php\/2025\/02\/05\/bloquinho-popmax-agita-o-carnaval-da-criancada-em-sao-paulo\/","og_locale":"pt_BR","og_type":"article","og_title":"Bloquinho POP+Max agita o Carnaval da crian\u00e7ada em S\u00e3o Paulo - LifesGo","og_description":"Evento acontece no Shopping Light e promete muita divers\u00e3o com...","og_url":"https:\/\/lifesgo.an9.com.br\/index.php\/2025\/02\/05\/bloquinho-popmax-agita-o-carnaval-da-criancada-em-sao-paulo\/","og_site_name":"LifesGo","article_published_time":"2025-02-05T16:05:30+00:00","og_image":[{"width":1086,"height":668,"url":"https:\/\/lifesgo.an9.com.br\/wp-content\/uploads\/2025\/02\/A-19-2.jpg","type":"image\/jpeg"}],"author":"LifesGo","twitter_card":"summary_large_image","twitter_misc":{"Escrito por":"LifesGo","Est. tempo de leitura":"3 minutos"},"schema":{"@context":"https:\/\/schema.org","@graph":[{"@type":"Article","@id":"https:\/\/lifesgo.an9.com.br\/index.php\/2025\/02\/05\/bloquinho-popmax-agita-o-carnaval-da-criancada-em-sao-paulo\/#article","isPartOf":{"@id":"https:\/\/lifesgo.an9.com.br\/index.php\/2025\/02\/05\/bloquinho-popmax-agita-o-carnaval-da-criancada-em-sao-paulo\/"},"author":{"name":"LifesGo","@id":"https:\/\/lifesgo.an9.com.br\/#\/schema\/person\/b34bfc24fce1f5cb9dc117e2efe61a07"},"headline":"Bloquinho POP+Max agita o Carnaval da crian\u00e7ada em S\u00e3o Paulo","datePublished":"2025-02-05T16:05:30+00:00","mainEntityOfPage":{"@id":"https:\/\/lifesgo.an9.com.br\/index.php\/2025\/02\/05\/bloquinho-popmax-agita-o-carnaval-da-criancada-em-sao-paulo\/"},"wordCount":552,"image":{"@id":"https:\/\/lifesgo.an9.com.br\/index.php\/2025\/02\/05\/bloquinho-popmax-agita-o-carnaval-da-criancada-em-sao-paulo\/#primaryimage"},"thumbnailUrl":"https:\/\/lifesgo.an9.com.br\/wp-content\/uploads\/2025\/02\/A-19-2.jpg","articleSection":["M\u00fasica"],"inLanguage":"pt-BR"},{"@type":"WebPage","@id":"https:\/\/lifesgo.an9.com.br\/index.php\/2025\/02\/05\/bloquinho-popmax-agita-o-carnaval-da-criancada-em-sao-paulo\/","url":"https:\/\/lifesgo.an9.com.br\/index.php\/2025\/02\/05\/bloquinho-popmax-agita-o-carnaval-da-criancada-em-sao-paulo\/","name":"Bloquinho POP+Max agita o Carnaval da crian\u00e7ada em S\u00e3o Paulo - LifesGo","isPartOf":{"@id":"https:\/\/lifesgo.an9.com.br\/#website"},"primaryImageOfPage":{"@id":"https:\/\/lifesgo.an9.com.br\/index.php\/2025\/02\/05\/bloquinho-popmax-agita-o-carnaval-da-criancada-em-sao-paulo\/#primaryimage"},"image":{"@id":"https:\/\/lifesgo.an9.com.br\/index.php\/2025\/02\/05\/bloquinho-popmax-agita-o-carnaval-da-criancada-em-sao-paulo\/#primaryimage"},"thumbnailUrl":"https:\/\/lifesgo.an9.com.br\/wp-content\/uploads\/2025\/02\/A-19-2.jpg","datePublished":"2025-02-05T16:05:30+00:00","author":{"@id":"https:\/\/lifesgo.an9.com.br\/#\/schema\/person\/b34bfc24fce1f5cb9dc117e2efe61a07"},"breadcrumb":{"@id":"https:\/\/lifesgo.an9.com.br\/index.php\/2025\/02\/05\/bloquinho-popmax-agita-o-carnaval-da-criancada-em-sao-paulo\/#breadcrumb"},"inLanguage":"pt-BR","potentialAction":[{"@type":"ReadAction","target":["https:\/\/lifesgo.an9.com.br\/index.php\/2025\/02\/05\/bloquinho-popmax-agita-o-carnaval-da-criancada-em-sao-paulo\/"]}]},{"@type":"ImageObject","inLanguage":"pt-BR","@id":"https:\/\/lifesgo.an9.com.br\/index.php\/2025\/02\/05\/bloquinho-popmax-agita-o-carnaval-da-criancada-em-sao-paulo\/#primaryimage","url":"https:\/\/lifesgo.an9.com.br\/wp-content\/uploads\/2025\/02\/A-19-2.jpg","contentUrl":"https:\/\/lifesgo.an9.com.br\/wp-content\/uploads\/2025\/02\/A-19-2.jpg","width":1086,"height":668},{"@type":"BreadcrumbList","@id":"https:\/\/lifesgo.an9.com.br\/index.php\/2025\/02\/05\/bloquinho-popmax-agita-o-carnaval-da-criancada-em-sao-paulo\/#breadcrumb","itemListElement":[{"@type":"ListItem","position":1,"name":"In\u00edcio","item":"https:\/\/lifesgo.an9.com.br\/"},{"@type":"ListItem","position":2,"name":"Bloquinho POP+Max agita o Carnaval da crian\u00e7ada em S\u00e3o Paulo"}]},{"@type":"WebSite","@id":"https:\/\/lifesgo.an9.com.br\/#website","url":"https:\/\/lifesgo.an9.com.br\/","name":"LifesGo","description":"","potentialAction":[{"@type":"SearchAction","target":{"@type":"EntryPoint","urlTemplate":"https:\/\/lifesgo.an9.com.br\/?s={search_term_string}"},"query-input":{"@type":"PropertyValueSpecification","valueRequired":true,"valueName":"search_term_string"}}],"inLanguage":"pt-BR"},{"@type":"Person","@id":"https:\/\/lifesgo.an9.com.br\/#\/schema\/person\/b34bfc24fce1f5cb9dc117e2efe61a07","name":"LifesGo","image":{"@type":"ImageObject","inLanguage":"pt-BR","@id":"https:\/\/secure.gravatar.com\/avatar\/ed0fb6c2dc8ca8634274f12b6bcee558dbcb1b05612be222e7d40b115c40b4f2?s=96&d=mm&r=g","url":"https:\/\/secure.gravatar.com\/avatar\/ed0fb6c2dc8ca8634274f12b6bcee558dbcb1b05612be222e7d40b115c40b4f2?s=96&d=mm&r=g","contentUrl":"https:\/\/secure.gravatar.com\/avatar\/ed0fb6c2dc8ca8634274f12b6bcee558dbcb1b05612be222e7d40b115c40b4f2?s=96&d=mm&r=g","caption":"LifesGo"},"sameAs":["https:\/\/lifesgo.com.br"],"url":"https:\/\/lifesgo.an9.com.br\/index.php\/author\/lucamor\/"}]}},"_links":{"self":[{"href":"https:\/\/lifesgo.an9.com.br\/index.php\/wp-json\/wp\/v2\/posts\/57801","targetHints":{"allow":["GET"]}}],"collection":[{"href":"https:\/\/lifesgo.an9.com.br\/index.php\/wp-json\/wp\/v2\/posts"}],"about":[{"href":"https:\/\/lifesgo.an9.com.br\/index.php\/wp-json\/wp\/v2\/types\/post"}],"author":[{"embeddable":true,"href":"https:\/\/lifesgo.an9.com.br\/index.php\/wp-json\/wp\/v2\/users\/1"}],"replies":[{"embeddable":true,"href":"https:\/\/lifesgo.an9.com.br\/index.php\/wp-json\/wp\/v2\/comments?post=57801"}],"version-history":[{"count":1,"href":"https:\/\/lifesgo.an9.com.br\/index.php\/wp-json\/wp\/v2\/posts\/57801\/revisions"}],"predecessor-version":[{"id":57802,"href":"https:\/\/lifesgo.an9.com.br\/index.php\/wp-json\/wp\/v2\/posts\/57801\/revisions\/57802"}],"wp:featuredmedia":[{"embeddable":true,"href":"https:\/\/lifesgo.an9.com.br\/index.php\/wp-json\/wp\/v2\/media\/57800"}],"wp:attachment":[{"href":"https:\/\/lifesgo.an9.com.br\/index.php\/wp-json\/wp\/v2\/media?parent=57801"}],"wp:term":[{"taxonomy":"category","embeddable":true,"href":"https:\/\/lifesgo.an9.com.br\/index.php\/wp-json\/wp\/v2\/categories?post=57801"},{"taxonomy":"post_tag","embeddable":true,"href":"https:\/\/lifesgo.an9.com.br\/index.php\/wp-json\/wp\/v2\/tags?post=57801"}],"curies":[{"name":"wp","href":"https:\/\/api.w.org\/{rel}","templated":true}]}}