{"id":57793,"date":"2025-02-05T12:29:43","date_gmt":"2025-02-05T15:29:43","guid":{"rendered":"https:\/\/lifesgo.an9.com.br\/?p=57793"},"modified":"2025-02-05T12:29:43","modified_gmt":"2025-02-05T15:29:43","slug":"fundacao-abrinq-vai-reconhecer-gestores-municipais-comprometidos-com-a-infancia","status":"publish","type":"post","link":"https:\/\/lifesgo.an9.com.br\/index.php\/2025\/02\/05\/fundacao-abrinq-vai-reconhecer-gestores-municipais-comprometidos-com-a-infancia\/","title":{"rendered":"Funda\u00e7\u00e3o Abrinq vai reconhecer gestores municipais comprometidos com a inf\u00e2ncia"},"content":{"rendered":"<p>A Funda\u00e7\u00e3o Abrinq abriu as inscri\u00e7\u00f5es para a nova edi\u00e7\u00e3o do Programa Prefeitas e Prefeitos Amigos da Crian\u00e7a (PPAC), que ser\u00e1 implementado durante a gest\u00e3o 2025-2028. A iniciativa busca reconhecer gestores municipais comprometidos com a promo\u00e7\u00e3o dos direitos da inf\u00e2ncia e adolesc\u00eancia, oferecendo suporte t\u00e9cnico para fortalecer pol\u00edticas p\u00fablicas essenciais.<\/p>\n<p>Desde 1996, o programa j\u00e1 envolveu mais de 11 mil prefeitos e prefeitas em todo o Brasil, contribuindo para avan\u00e7os significativos, como a redu\u00e7\u00e3o da mortalidade infantil, a amplia\u00e7\u00e3o do acesso \u00e0 educa\u00e7\u00e3o infantil e o aprimoramento das pol\u00edticas voltadas \u00e0 prote\u00e7\u00e3o e ao bem-estar das crian\u00e7as e adolescentes.<\/p>\n<p><strong>Apoio t\u00e9cnico e monitoramento<\/strong><\/p>\n<p>O PPAC oferece suporte t\u00e9cnico aos munic\u00edpios, avaliando a realidade local e orientando a implementa\u00e7\u00e3o de a\u00e7\u00f5es nas \u00e1reas de sa\u00fade, educa\u00e7\u00e3o e prote\u00e7\u00e3o social. Al\u00e9m disso, incentiva o interc\u00e2mbio de boas pr\u00e1ticas entre as cidades participantes e monitora os resultados ao longo do mandato.<\/p>\n<p><strong>Benef\u00edcios do programa<\/strong><\/p>\n<p>Os munic\u00edpios que aderem ao programa t\u00eam a oportunidade de fortalecer suas pol\u00edticas p\u00fablicas, priorizando a\u00e7\u00f5es voltadas \u00e0 inf\u00e2ncia e adolesc\u00eancia, al\u00e9m de qualificar a gest\u00e3o municipal com o desenvolvimento de estrat\u00e9gias mais eficientes. Al\u00e9m disso, os gestores que alcan\u00e7am resultados expressivos podem receber o reconhecimento nacional com o t\u00edtulo de Prefeita ou Prefeito Amigo da Crian\u00e7a.<\/p>\n<p><strong>Como funciona a ades\u00e3o<\/strong><\/p>\n<p>A participa\u00e7\u00e3o no PPAC \u00e9 gratuita, volunt\u00e1ria e aberta a todas as prefeitas e prefeitos do Brasil. Para aderir, os gestores devem realizar a inscri\u00e7\u00e3o at\u00e9 o m\u00eas de abril no site oficial do programa (<a href=\"https:\/\/ppac.org.br\/adesao\">https:\/\/ppac.org.br\/adesao<\/a>), preenchendo um formul\u00e1rio online e enviando o Termo de Ades\u00e3o assinado.<\/p>\n","protected":false},"excerpt":{"rendered":"<p>A Funda\u00e7\u00e3o Abrinq abriu as inscri\u00e7\u00f5es para a nova edi\u00e7\u00e3o&#8230;<\/p>\n","protected":false},"author":1,"featured_media":57792,"comment_status":"closed","ping_status":"open","sticky":false,"template":"","format":"standard","meta":{"_acf_changed":false,"footnotes":""},"categories":[32],"tags":[],"class_list":["post-57793","post","type-post","status-publish","format-standard","has-post-thumbnail","hentry","category-negocios"],"acf":[],"yoast_head":"<!-- This site is optimized with the Yoast SEO plugin v28.3 - https:\/\/yoast.com\/product\/yoast-seo-wordpress\/ -->\n<title>Funda\u00e7\u00e3o Abrinq vai reconhecer gestores municipais comprometidos com a inf\u00e2ncia - LifesGo<\/title>\n<meta name=\"robots\" content=\"index, follow, max-snippet:-1, max-image-preview:large, max-video-preview:-1\" \/>\n<link rel=\"canonical\" href=\"https:\/\/lifesgo.an9.com.br\/index.php\/2025\/02\/05\/fundacao-abrinq-vai-reconhecer-gestores-municipais-comprometidos-com-a-infancia\/\" \/>\n<meta property=\"og:locale\" content=\"pt_BR\" \/>\n<meta property=\"og:type\" content=\"article\" \/>\n<meta property=\"og:title\" content=\"Funda\u00e7\u00e3o Abrinq vai reconhecer gestores municipais comprometidos com a inf\u00e2ncia - LifesGo\" \/>\n<meta property=\"og:description\" content=\"A Funda\u00e7\u00e3o Abrinq abriu as inscri\u00e7\u00f5es para a nova edi\u00e7\u00e3o...\" \/>\n<meta property=\"og:url\" content=\"https:\/\/lifesgo.an9.com.br\/index.php\/2025\/02\/05\/fundacao-abrinq-vai-reconhecer-gestores-municipais-comprometidos-com-a-infancia\/\" \/>\n<meta property=\"og:site_name\" content=\"LifesGo\" \/>\n<meta property=\"article:published_time\" content=\"2025-02-05T15:29:43+00:00\" \/>\n<meta property=\"og:image\" content=\"https:\/\/lifesgo.an9.com.br\/wp-content\/uploads\/2025\/02\/A-17-2.jpg\" \/>\n\t<meta property=\"og:image:width\" content=\"1086\" \/>\n\t<meta property=\"og:image:height\" content=\"668\" \/>\n\t<meta property=\"og:image:type\" content=\"image\/jpeg\" \/>\n<meta name=\"author\" content=\"LifesGo\" \/>\n<meta name=\"twitter:card\" content=\"summary_large_image\" \/>\n<meta name=\"twitter:label1\" content=\"Escrito por\" \/>\n\t<meta name=\"twitter:data1\" content=\"LifesGo\" \/>\n\t<meta name=\"twitter:label2\" content=\"Est. tempo de leitura\" \/>\n\t<meta name=\"twitter:data2\" content=\"2 minutos\" \/>\n<script type=\"application\/ld+json\" class=\"yoast-schema-graph\">{\"@context\":\"https:\\\/\\\/schema.org\",\"@graph\":[{\"@type\":\"Article\",\"@id\":\"https:\\\/\\\/lifesgo.an9.com.br\\\/index.php\\\/2025\\\/02\\\/05\\\/fundacao-abrinq-vai-reconhecer-gestores-municipais-comprometidos-com-a-infancia\\\/#article\",\"isPartOf\":{\"@id\":\"https:\\\/\\\/lifesgo.an9.com.br\\\/index.php\\\/2025\\\/02\\\/05\\\/fundacao-abrinq-vai-reconhecer-gestores-municipais-comprometidos-com-a-infancia\\\/\"},\"author\":{\"name\":\"LifesGo\",\"@id\":\"https:\\\/\\\/lifesgo.an9.com.br\\\/#\\\/schema\\\/person\\\/b34bfc24fce1f5cb9dc117e2efe61a07\"},\"headline\":\"Funda\u00e7\u00e3o Abrinq vai reconhecer gestores municipais comprometidos com a inf\u00e2ncia\",\"datePublished\":\"2025-02-05T15:29:43+00:00\",\"mainEntityOfPage\":{\"@id\":\"https:\\\/\\\/lifesgo.an9.com.br\\\/index.php\\\/2025\\\/02\\\/05\\\/fundacao-abrinq-vai-reconhecer-gestores-municipais-comprometidos-com-a-infancia\\\/\"},\"wordCount\":320,\"image\":{\"@id\":\"https:\\\/\\\/lifesgo.an9.com.br\\\/index.php\\\/2025\\\/02\\\/05\\\/fundacao-abrinq-vai-reconhecer-gestores-municipais-comprometidos-com-a-infancia\\\/#primaryimage\"},\"thumbnailUrl\":\"https:\\\/\\\/lifesgo.an9.com.br\\\/wp-content\\\/uploads\\\/2025\\\/02\\\/A-17-2.jpg\",\"articleSection\":[\"Neg\u00f3cios\"],\"inLanguage\":\"pt-BR\"},{\"@type\":\"WebPage\",\"@id\":\"https:\\\/\\\/lifesgo.an9.com.br\\\/index.php\\\/2025\\\/02\\\/05\\\/fundacao-abrinq-vai-reconhecer-gestores-municipais-comprometidos-com-a-infancia\\\/\",\"url\":\"https:\\\/\\\/lifesgo.an9.com.br\\\/index.php\\\/2025\\\/02\\\/05\\\/fundacao-abrinq-vai-reconhecer-gestores-municipais-comprometidos-com-a-infancia\\\/\",\"name\":\"Funda\u00e7\u00e3o Abrinq vai reconhecer gestores municipais comprometidos com a inf\u00e2ncia - LifesGo\",\"isPartOf\":{\"@id\":\"https:\\\/\\\/lifesgo.an9.com.br\\\/#website\"},\"primaryImageOfPage\":{\"@id\":\"https:\\\/\\\/lifesgo.an9.com.br\\\/index.php\\\/2025\\\/02\\\/05\\\/fundacao-abrinq-vai-reconhecer-gestores-municipais-comprometidos-com-a-infancia\\\/#primaryimage\"},\"image\":{\"@id\":\"https:\\\/\\\/lifesgo.an9.com.br\\\/index.php\\\/2025\\\/02\\\/05\\\/fundacao-abrinq-vai-reconhecer-gestores-municipais-comprometidos-com-a-infancia\\\/#primaryimage\"},\"thumbnailUrl\":\"https:\\\/\\\/lifesgo.an9.com.br\\\/wp-content\\\/uploads\\\/2025\\\/02\\\/A-17-2.jpg\",\"datePublished\":\"2025-02-05T15:29:43+00:00\",\"author\":{\"@id\":\"https:\\\/\\\/lifesgo.an9.com.br\\\/#\\\/schema\\\/person\\\/b34bfc24fce1f5cb9dc117e2efe61a07\"},\"breadcrumb\":{\"@id\":\"https:\\\/\\\/lifesgo.an9.com.br\\\/index.php\\\/2025\\\/02\\\/05\\\/fundacao-abrinq-vai-reconhecer-gestores-municipais-comprometidos-com-a-infancia\\\/#breadcrumb\"},\"inLanguage\":\"pt-BR\",\"potentialAction\":[{\"@type\":\"ReadAction\",\"target\":[\"https:\\\/\\\/lifesgo.an9.com.br\\\/index.php\\\/2025\\\/02\\\/05\\\/fundacao-abrinq-vai-reconhecer-gestores-municipais-comprometidos-com-a-infancia\\\/\"]}]},{\"@type\":\"ImageObject\",\"inLanguage\":\"pt-BR\",\"@id\":\"https:\\\/\\\/lifesgo.an9.com.br\\\/index.php\\\/2025\\\/02\\\/05\\\/fundacao-abrinq-vai-reconhecer-gestores-municipais-comprometidos-com-a-infancia\\\/#primaryimage\",\"url\":\"https:\\\/\\\/lifesgo.an9.com.br\\\/wp-content\\\/uploads\\\/2025\\\/02\\\/A-17-2.jpg\",\"contentUrl\":\"https:\\\/\\\/lifesgo.an9.com.br\\\/wp-content\\\/uploads\\\/2025\\\/02\\\/A-17-2.jpg\",\"width\":1086,\"height\":668},{\"@type\":\"BreadcrumbList\",\"@id\":\"https:\\\/\\\/lifesgo.an9.com.br\\\/index.php\\\/2025\\\/02\\\/05\\\/fundacao-abrinq-vai-reconhecer-gestores-municipais-comprometidos-com-a-infancia\\\/#breadcrumb\",\"itemListElement\":[{\"@type\":\"ListItem\",\"position\":1,\"name\":\"In\u00edcio\",\"item\":\"https:\\\/\\\/lifesgo.an9.com.br\\\/\"},{\"@type\":\"ListItem\",\"position\":2,\"name\":\"Funda\u00e7\u00e3o Abrinq vai reconhecer gestores municipais comprometidos com a inf\u00e2ncia\"}]},{\"@type\":\"WebSite\",\"@id\":\"https:\\\/\\\/lifesgo.an9.com.br\\\/#website\",\"url\":\"https:\\\/\\\/lifesgo.an9.com.br\\\/\",\"name\":\"LifesGo\",\"description\":\"\",\"potentialAction\":[{\"@type\":\"SearchAction\",\"target\":{\"@type\":\"EntryPoint\",\"urlTemplate\":\"https:\\\/\\\/lifesgo.an9.com.br\\\/?s={search_term_string}\"},\"query-input\":{\"@type\":\"PropertyValueSpecification\",\"valueRequired\":true,\"valueName\":\"search_term_string\"}}],\"inLanguage\":\"pt-BR\"},{\"@type\":\"Person\",\"@id\":\"https:\\\/\\\/lifesgo.an9.com.br\\\/#\\\/schema\\\/person\\\/b34bfc24fce1f5cb9dc117e2efe61a07\",\"name\":\"LifesGo\",\"image\":{\"@type\":\"ImageObject\",\"inLanguage\":\"pt-BR\",\"@id\":\"https:\\\/\\\/secure.gravatar.com\\\/avatar\\\/ed0fb6c2dc8ca8634274f12b6bcee558dbcb1b05612be222e7d40b115c40b4f2?s=96&d=mm&r=g\",\"url\":\"https:\\\/\\\/secure.gravatar.com\\\/avatar\\\/ed0fb6c2dc8ca8634274f12b6bcee558dbcb1b05612be222e7d40b115c40b4f2?s=96&d=mm&r=g\",\"contentUrl\":\"https:\\\/\\\/secure.gravatar.com\\\/avatar\\\/ed0fb6c2dc8ca8634274f12b6bcee558dbcb1b05612be222e7d40b115c40b4f2?s=96&d=mm&r=g\",\"caption\":\"LifesGo\"},\"sameAs\":[\"https:\\\/\\\/lifesgo.com.br\"],\"url\":\"https:\\\/\\\/lifesgo.an9.com.br\\\/index.php\\\/author\\\/lucamor\\\/\"}]}<\/script>\n<!-- \/ Yoast SEO plugin. -->","yoast_head_json":{"title":"Funda\u00e7\u00e3o Abrinq vai reconhecer gestores municipais comprometidos com a inf\u00e2ncia - LifesGo","robots":{"index":"index","follow":"follow","max-snippet":"max-snippet:-1","max-image-preview":"max-image-preview:large","max-video-preview":"max-video-preview:-1"},"canonical":"https:\/\/lifesgo.an9.com.br\/index.php\/2025\/02\/05\/fundacao-abrinq-vai-reconhecer-gestores-municipais-comprometidos-com-a-infancia\/","og_locale":"pt_BR","og_type":"article","og_title":"Funda\u00e7\u00e3o Abrinq vai reconhecer gestores municipais comprometidos com a inf\u00e2ncia - LifesGo","og_description":"A Funda\u00e7\u00e3o Abrinq abriu as inscri\u00e7\u00f5es para a nova edi\u00e7\u00e3o...","og_url":"https:\/\/lifesgo.an9.com.br\/index.php\/2025\/02\/05\/fundacao-abrinq-vai-reconhecer-gestores-municipais-comprometidos-com-a-infancia\/","og_site_name":"LifesGo","article_published_time":"2025-02-05T15:29:43+00:00","og_image":[{"width":1086,"height":668,"url":"https:\/\/lifesgo.an9.com.br\/wp-content\/uploads\/2025\/02\/A-17-2.jpg","type":"image\/jpeg"}],"author":"LifesGo","twitter_card":"summary_large_image","twitter_misc":{"Escrito por":"LifesGo","Est. tempo de leitura":"2 minutos"},"schema":{"@context":"https:\/\/schema.org","@graph":[{"@type":"Article","@id":"https:\/\/lifesgo.an9.com.br\/index.php\/2025\/02\/05\/fundacao-abrinq-vai-reconhecer-gestores-municipais-comprometidos-com-a-infancia\/#article","isPartOf":{"@id":"https:\/\/lifesgo.an9.com.br\/index.php\/2025\/02\/05\/fundacao-abrinq-vai-reconhecer-gestores-municipais-comprometidos-com-a-infancia\/"},"author":{"name":"LifesGo","@id":"https:\/\/lifesgo.an9.com.br\/#\/schema\/person\/b34bfc24fce1f5cb9dc117e2efe61a07"},"headline":"Funda\u00e7\u00e3o Abrinq vai reconhecer gestores municipais comprometidos com a inf\u00e2ncia","datePublished":"2025-02-05T15:29:43+00:00","mainEntityOfPage":{"@id":"https:\/\/lifesgo.an9.com.br\/index.php\/2025\/02\/05\/fundacao-abrinq-vai-reconhecer-gestores-municipais-comprometidos-com-a-infancia\/"},"wordCount":320,"image":{"@id":"https:\/\/lifesgo.an9.com.br\/index.php\/2025\/02\/05\/fundacao-abrinq-vai-reconhecer-gestores-municipais-comprometidos-com-a-infancia\/#primaryimage"},"thumbnailUrl":"https:\/\/lifesgo.an9.com.br\/wp-content\/uploads\/2025\/02\/A-17-2.jpg","articleSection":["Neg\u00f3cios"],"inLanguage":"pt-BR"},{"@type":"WebPage","@id":"https:\/\/lifesgo.an9.com.br\/index.php\/2025\/02\/05\/fundacao-abrinq-vai-reconhecer-gestores-municipais-comprometidos-com-a-infancia\/","url":"https:\/\/lifesgo.an9.com.br\/index.php\/2025\/02\/05\/fundacao-abrinq-vai-reconhecer-gestores-municipais-comprometidos-com-a-infancia\/","name":"Funda\u00e7\u00e3o Abrinq vai reconhecer gestores municipais comprometidos com a inf\u00e2ncia - LifesGo","isPartOf":{"@id":"https:\/\/lifesgo.an9.com.br\/#website"},"primaryImageOfPage":{"@id":"https:\/\/lifesgo.an9.com.br\/index.php\/2025\/02\/05\/fundacao-abrinq-vai-reconhecer-gestores-municipais-comprometidos-com-a-infancia\/#primaryimage"},"image":{"@id":"https:\/\/lifesgo.an9.com.br\/index.php\/2025\/02\/05\/fundacao-abrinq-vai-reconhecer-gestores-municipais-comprometidos-com-a-infancia\/#primaryimage"},"thumbnailUrl":"https:\/\/lifesgo.an9.com.br\/wp-content\/uploads\/2025\/02\/A-17-2.jpg","datePublished":"2025-02-05T15:29:43+00:00","author":{"@id":"https:\/\/lifesgo.an9.com.br\/#\/schema\/person\/b34bfc24fce1f5cb9dc117e2efe61a07"},"breadcrumb":{"@id":"https:\/\/lifesgo.an9.com.br\/index.php\/2025\/02\/05\/fundacao-abrinq-vai-reconhecer-gestores-municipais-comprometidos-com-a-infancia\/#breadcrumb"},"inLanguage":"pt-BR","potentialAction":[{"@type":"ReadAction","target":["https:\/\/lifesgo.an9.com.br\/index.php\/2025\/02\/05\/fundacao-abrinq-vai-reconhecer-gestores-municipais-comprometidos-com-a-infancia\/"]}]},{"@type":"ImageObject","inLanguage":"pt-BR","@id":"https:\/\/lifesgo.an9.com.br\/index.php\/2025\/02\/05\/fundacao-abrinq-vai-reconhecer-gestores-municipais-comprometidos-com-a-infancia\/#primaryimage","url":"https:\/\/lifesgo.an9.com.br\/wp-content\/uploads\/2025\/02\/A-17-2.jpg","contentUrl":"https:\/\/lifesgo.an9.com.br\/wp-content\/uploads\/2025\/02\/A-17-2.jpg","width":1086,"height":668},{"@type":"BreadcrumbList","@id":"https:\/\/lifesgo.an9.com.br\/index.php\/2025\/02\/05\/fundacao-abrinq-vai-reconhecer-gestores-municipais-comprometidos-com-a-infancia\/#breadcrumb","itemListElement":[{"@type":"ListItem","position":1,"name":"In\u00edcio","item":"https:\/\/lifesgo.an9.com.br\/"},{"@type":"ListItem","position":2,"name":"Funda\u00e7\u00e3o Abrinq vai reconhecer gestores municipais comprometidos com a inf\u00e2ncia"}]},{"@type":"WebSite","@id":"https:\/\/lifesgo.an9.com.br\/#website","url":"https:\/\/lifesgo.an9.com.br\/","name":"LifesGo","description":"","potentialAction":[{"@type":"SearchAction","target":{"@type":"EntryPoint","urlTemplate":"https:\/\/lifesgo.an9.com.br\/?s={search_term_string}"},"query-input":{"@type":"PropertyValueSpecification","valueRequired":true,"valueName":"search_term_string"}}],"inLanguage":"pt-BR"},{"@type":"Person","@id":"https:\/\/lifesgo.an9.com.br\/#\/schema\/person\/b34bfc24fce1f5cb9dc117e2efe61a07","name":"LifesGo","image":{"@type":"ImageObject","inLanguage":"pt-BR","@id":"https:\/\/secure.gravatar.com\/avatar\/ed0fb6c2dc8ca8634274f12b6bcee558dbcb1b05612be222e7d40b115c40b4f2?s=96&d=mm&r=g","url":"https:\/\/secure.gravatar.com\/avatar\/ed0fb6c2dc8ca8634274f12b6bcee558dbcb1b05612be222e7d40b115c40b4f2?s=96&d=mm&r=g","contentUrl":"https:\/\/secure.gravatar.com\/avatar\/ed0fb6c2dc8ca8634274f12b6bcee558dbcb1b05612be222e7d40b115c40b4f2?s=96&d=mm&r=g","caption":"LifesGo"},"sameAs":["https:\/\/lifesgo.com.br"],"url":"https:\/\/lifesgo.an9.com.br\/index.php\/author\/lucamor\/"}]}},"_links":{"self":[{"href":"https:\/\/lifesgo.an9.com.br\/index.php\/wp-json\/wp\/v2\/posts\/57793","targetHints":{"allow":["GET"]}}],"collection":[{"href":"https:\/\/lifesgo.an9.com.br\/index.php\/wp-json\/wp\/v2\/posts"}],"about":[{"href":"https:\/\/lifesgo.an9.com.br\/index.php\/wp-json\/wp\/v2\/types\/post"}],"author":[{"embeddable":true,"href":"https:\/\/lifesgo.an9.com.br\/index.php\/wp-json\/wp\/v2\/users\/1"}],"replies":[{"embeddable":true,"href":"https:\/\/lifesgo.an9.com.br\/index.php\/wp-json\/wp\/v2\/comments?post=57793"}],"version-history":[{"count":1,"href":"https:\/\/lifesgo.an9.com.br\/index.php\/wp-json\/wp\/v2\/posts\/57793\/revisions"}],"predecessor-version":[{"id":57794,"href":"https:\/\/lifesgo.an9.com.br\/index.php\/wp-json\/wp\/v2\/posts\/57793\/revisions\/57794"}],"wp:featuredmedia":[{"embeddable":true,"href":"https:\/\/lifesgo.an9.com.br\/index.php\/wp-json\/wp\/v2\/media\/57792"}],"wp:attachment":[{"href":"https:\/\/lifesgo.an9.com.br\/index.php\/wp-json\/wp\/v2\/media?parent=57793"}],"wp:term":[{"taxonomy":"category","embeddable":true,"href":"https:\/\/lifesgo.an9.com.br\/index.php\/wp-json\/wp\/v2\/categories?post=57793"},{"taxonomy":"post_tag","embeddable":true,"href":"https:\/\/lifesgo.an9.com.br\/index.php\/wp-json\/wp\/v2\/tags?post=57793"}],"curies":[{"name":"wp","href":"https:\/\/api.w.org\/{rel}","templated":true}]}}