{"id":54463,"date":"2024-11-13T14:58:27","date_gmt":"2024-11-13T17:58:27","guid":{"rendered":"https:\/\/lifesgo.an9.com.br\/?p=54463"},"modified":"2024-11-13T14:58:27","modified_gmt":"2024-11-13T17:58:27","slug":"matuzalem-eduardo-firme-na-alianca-com-deus-apos-24-anos-de-ministerio","status":"publish","type":"post","link":"https:\/\/lifesgo.an9.com.br\/index.php\/2024\/11\/13\/matuzalem-eduardo-firme-na-alianca-com-deus-apos-24-anos-de-ministerio\/","title":{"rendered":"Matuzal\u00e9m Eduardo: Firme na Alian\u00e7a com Deus ap\u00f3s 24 Anos de Minist\u00e9rio"},"content":{"rendered":"<p>Matuzal\u00e9m Eduardo, nascido em 12 de abril de 1983 em Cachoeiro de Itapemirim, Esp\u00edrito Santo, possui uma trajet\u00f3ria marcada pela dedica\u00e7\u00e3o e compromisso com a f\u00e9, somando mais de 24 anos no minist\u00e9rio gospel. Criado em Itapemirim, foi l\u00e1 que iniciou sua jornada ministerial, levando sua mensagem a diversas comunidades do interior do estado. Ao longo de sua caminhada, tamb\u00e9m viveu no Rio de Janeiro e em S\u00e3o Paulo, onde adquiriu experi\u00eancias que moldaram sua atua\u00e7\u00e3o no minist\u00e9rio.<\/p>\n<p><img loading=\"lazy\" decoding=\"async\" class=\"aligncenter size-full wp-image-4421\" src=\"http:\/\/publisher.moreiracomunicacao.com\/wp-content\/uploads\/2024\/11\/WhatsApp-Image-2024-11-13-at-14.43.39.jpg\" alt=\"\" width=\"612\" height=\"600\" \/><\/p>\n<p>Atualmente, Matuzal\u00e9m reside em Jaguar\u00e9, Esp\u00edrito Santo, e \u00e9 membro da Assembleia de Deus, Minist\u00e9rio Campo de S\u00e3o Mateus, sob a lideran\u00e7a do pastor Jo\u00e3o Luiz e da pastora Laudiceia. Fiel aos princ\u00edpios de sua congrega\u00e7\u00e3o, ele continua servindo a comunidade com a mesma dedica\u00e7\u00e3o de sempre.<\/p>\n<p><img loading=\"lazy\" decoding=\"async\" class=\"aligncenter size-full wp-image-4422\" src=\"http:\/\/publisher.moreiracomunicacao.com\/wp-content\/uploads\/2024\/11\/WhatsApp-Image-2024-11-13-at-14.43.39-1.jpg\" alt=\"\" width=\"800\" height=\"533\" \/><\/p>\n<p>Recentemente, recebeu uma proposta tentadora de um empres\u00e1rio para gravar m\u00fasicas seculares, mas permaneceu firme em sua decis\u00e3o de n\u00e3o abrir m\u00e3o de sua alian\u00e7a com Deus. Este m\u00eas, Matuzal\u00e9m lan\u00e7ar\u00e1 um novo louvor que celebra sua f\u00e9, expressando gratid\u00e3o e entusiasmo em compartilhar essa mensagem com seus seguidores.<\/p>\n<p>Matuzal\u00e9m reflete sobre a import\u00e2ncia de manter-se fiel \u00e0s suas convic\u00e7\u00f5es, mesmo em um mundo repleto de distra\u00e7\u00f5es, e encoraja outros artistas e seguidores a valorizar e respeitar sua f\u00e9, mantendo-se firmes em seus princ\u00edpios.<\/p>\n","protected":false},"excerpt":{"rendered":"<p>Matuzal\u00e9m Eduardo, nascido em 12 de abril de 1983 em&#8230;<\/p>\n","protected":false},"author":1,"featured_media":54462,"comment_status":"closed","ping_status":"open","sticky":false,"template":"","format":"standard","meta":{"_acf_changed":false,"footnotes":""},"categories":[27],"tags":[],"class_list":["post-54463","post","type-post","status-publish","format-standard","has-post-thumbnail","hentry","category-musica"],"acf":[],"yoast_head":"<!-- This site is optimized with the Yoast SEO plugin v28.3 - https:\/\/yoast.com\/product\/yoast-seo-wordpress\/ -->\n<title>Matuzal\u00e9m Eduardo: Firme na Alian\u00e7a com Deus ap\u00f3s 24 Anos de Minist\u00e9rio - LifesGo<\/title>\n<meta name=\"robots\" content=\"index, follow, max-snippet:-1, max-image-preview:large, max-video-preview:-1\" \/>\n<link rel=\"canonical\" href=\"https:\/\/lifesgo.an9.com.br\/index.php\/2024\/11\/13\/matuzalem-eduardo-firme-na-alianca-com-deus-apos-24-anos-de-ministerio\/\" \/>\n<meta property=\"og:locale\" content=\"pt_BR\" \/>\n<meta property=\"og:type\" content=\"article\" \/>\n<meta property=\"og:title\" content=\"Matuzal\u00e9m Eduardo: Firme na Alian\u00e7a com Deus ap\u00f3s 24 Anos de Minist\u00e9rio - LifesGo\" \/>\n<meta property=\"og:description\" content=\"Matuzal\u00e9m Eduardo, nascido em 12 de abril de 1983 em...\" \/>\n<meta property=\"og:url\" content=\"https:\/\/lifesgo.an9.com.br\/index.php\/2024\/11\/13\/matuzalem-eduardo-firme-na-alianca-com-deus-apos-24-anos-de-ministerio\/\" \/>\n<meta property=\"og:site_name\" content=\"LifesGo\" \/>\n<meta property=\"article:published_time\" content=\"2024-11-13T17:58:27+00:00\" \/>\n<meta property=\"og:image\" content=\"https:\/\/lifesgo.an9.com.br\/wp-content\/uploads\/2024\/11\/4146-17-3-1.jpg\" \/>\n\t<meta property=\"og:image:width\" content=\"800\" \/>\n\t<meta property=\"og:image:height\" content=\"451\" \/>\n\t<meta property=\"og:image:type\" content=\"image\/jpeg\" \/>\n<meta name=\"author\" content=\"LifesGo\" \/>\n<meta name=\"twitter:card\" content=\"summary_large_image\" \/>\n<meta name=\"twitter:label1\" content=\"Escrito por\" \/>\n\t<meta name=\"twitter:data1\" content=\"LifesGo\" \/>\n\t<meta name=\"twitter:label2\" content=\"Est. tempo de leitura\" \/>\n\t<meta name=\"twitter:data2\" content=\"1 minuto\" \/>\n<script type=\"application\/ld+json\" class=\"yoast-schema-graph\">{\"@context\":\"https:\\\/\\\/schema.org\",\"@graph\":[{\"@type\":\"Article\",\"@id\":\"https:\\\/\\\/lifesgo.an9.com.br\\\/index.php\\\/2024\\\/11\\\/13\\\/matuzalem-eduardo-firme-na-alianca-com-deus-apos-24-anos-de-ministerio\\\/#article\",\"isPartOf\":{\"@id\":\"https:\\\/\\\/lifesgo.an9.com.br\\\/index.php\\\/2024\\\/11\\\/13\\\/matuzalem-eduardo-firme-na-alianca-com-deus-apos-24-anos-de-ministerio\\\/\"},\"author\":{\"name\":\"LifesGo\",\"@id\":\"https:\\\/\\\/lifesgo.an9.com.br\\\/#\\\/schema\\\/person\\\/b34bfc24fce1f5cb9dc117e2efe61a07\"},\"headline\":\"Matuzal\u00e9m Eduardo: Firme na Alian\u00e7a com Deus ap\u00f3s 24 Anos de Minist\u00e9rio\",\"datePublished\":\"2024-11-13T17:58:27+00:00\",\"mainEntityOfPage\":{\"@id\":\"https:\\\/\\\/lifesgo.an9.com.br\\\/index.php\\\/2024\\\/11\\\/13\\\/matuzalem-eduardo-firme-na-alianca-com-deus-apos-24-anos-de-ministerio\\\/\"},\"wordCount\":254,\"image\":{\"@id\":\"https:\\\/\\\/lifesgo.an9.com.br\\\/index.php\\\/2024\\\/11\\\/13\\\/matuzalem-eduardo-firme-na-alianca-com-deus-apos-24-anos-de-ministerio\\\/#primaryimage\"},\"thumbnailUrl\":\"https:\\\/\\\/lifesgo.an9.com.br\\\/wp-content\\\/uploads\\\/2024\\\/11\\\/4146-17-3-1.jpg\",\"articleSection\":[\"M\u00fasica\"],\"inLanguage\":\"pt-BR\"},{\"@type\":\"WebPage\",\"@id\":\"https:\\\/\\\/lifesgo.an9.com.br\\\/index.php\\\/2024\\\/11\\\/13\\\/matuzalem-eduardo-firme-na-alianca-com-deus-apos-24-anos-de-ministerio\\\/\",\"url\":\"https:\\\/\\\/lifesgo.an9.com.br\\\/index.php\\\/2024\\\/11\\\/13\\\/matuzalem-eduardo-firme-na-alianca-com-deus-apos-24-anos-de-ministerio\\\/\",\"name\":\"Matuzal\u00e9m Eduardo: Firme na Alian\u00e7a com Deus ap\u00f3s 24 Anos de Minist\u00e9rio - LifesGo\",\"isPartOf\":{\"@id\":\"https:\\\/\\\/lifesgo.an9.com.br\\\/#website\"},\"primaryImageOfPage\":{\"@id\":\"https:\\\/\\\/lifesgo.an9.com.br\\\/index.php\\\/2024\\\/11\\\/13\\\/matuzalem-eduardo-firme-na-alianca-com-deus-apos-24-anos-de-ministerio\\\/#primaryimage\"},\"image\":{\"@id\":\"https:\\\/\\\/lifesgo.an9.com.br\\\/index.php\\\/2024\\\/11\\\/13\\\/matuzalem-eduardo-firme-na-alianca-com-deus-apos-24-anos-de-ministerio\\\/#primaryimage\"},\"thumbnailUrl\":\"https:\\\/\\\/lifesgo.an9.com.br\\\/wp-content\\\/uploads\\\/2024\\\/11\\\/4146-17-3-1.jpg\",\"datePublished\":\"2024-11-13T17:58:27+00:00\",\"author\":{\"@id\":\"https:\\\/\\\/lifesgo.an9.com.br\\\/#\\\/schema\\\/person\\\/b34bfc24fce1f5cb9dc117e2efe61a07\"},\"breadcrumb\":{\"@id\":\"https:\\\/\\\/lifesgo.an9.com.br\\\/index.php\\\/2024\\\/11\\\/13\\\/matuzalem-eduardo-firme-na-alianca-com-deus-apos-24-anos-de-ministerio\\\/#breadcrumb\"},\"inLanguage\":\"pt-BR\",\"potentialAction\":[{\"@type\":\"ReadAction\",\"target\":[\"https:\\\/\\\/lifesgo.an9.com.br\\\/index.php\\\/2024\\\/11\\\/13\\\/matuzalem-eduardo-firme-na-alianca-com-deus-apos-24-anos-de-ministerio\\\/\"]}]},{\"@type\":\"ImageObject\",\"inLanguage\":\"pt-BR\",\"@id\":\"https:\\\/\\\/lifesgo.an9.com.br\\\/index.php\\\/2024\\\/11\\\/13\\\/matuzalem-eduardo-firme-na-alianca-com-deus-apos-24-anos-de-ministerio\\\/#primaryimage\",\"url\":\"https:\\\/\\\/lifesgo.an9.com.br\\\/wp-content\\\/uploads\\\/2024\\\/11\\\/4146-17-3-1.jpg\",\"contentUrl\":\"https:\\\/\\\/lifesgo.an9.com.br\\\/wp-content\\\/uploads\\\/2024\\\/11\\\/4146-17-3-1.jpg\",\"width\":800,\"height\":451},{\"@type\":\"BreadcrumbList\",\"@id\":\"https:\\\/\\\/lifesgo.an9.com.br\\\/index.php\\\/2024\\\/11\\\/13\\\/matuzalem-eduardo-firme-na-alianca-com-deus-apos-24-anos-de-ministerio\\\/#breadcrumb\",\"itemListElement\":[{\"@type\":\"ListItem\",\"position\":1,\"name\":\"In\u00edcio\",\"item\":\"https:\\\/\\\/lifesgo.an9.com.br\\\/\"},{\"@type\":\"ListItem\",\"position\":2,\"name\":\"Matuzal\u00e9m Eduardo: Firme na Alian\u00e7a com Deus ap\u00f3s 24 Anos de Minist\u00e9rio\"}]},{\"@type\":\"WebSite\",\"@id\":\"https:\\\/\\\/lifesgo.an9.com.br\\\/#website\",\"url\":\"https:\\\/\\\/lifesgo.an9.com.br\\\/\",\"name\":\"LifesGo\",\"description\":\"\",\"potentialAction\":[{\"@type\":\"SearchAction\",\"target\":{\"@type\":\"EntryPoint\",\"urlTemplate\":\"https:\\\/\\\/lifesgo.an9.com.br\\\/?s={search_term_string}\"},\"query-input\":{\"@type\":\"PropertyValueSpecification\",\"valueRequired\":true,\"valueName\":\"search_term_string\"}}],\"inLanguage\":\"pt-BR\"},{\"@type\":\"Person\",\"@id\":\"https:\\\/\\\/lifesgo.an9.com.br\\\/#\\\/schema\\\/person\\\/b34bfc24fce1f5cb9dc117e2efe61a07\",\"name\":\"LifesGo\",\"image\":{\"@type\":\"ImageObject\",\"inLanguage\":\"pt-BR\",\"@id\":\"https:\\\/\\\/secure.gravatar.com\\\/avatar\\\/ed0fb6c2dc8ca8634274f12b6bcee558dbcb1b05612be222e7d40b115c40b4f2?s=96&d=mm&r=g\",\"url\":\"https:\\\/\\\/secure.gravatar.com\\\/avatar\\\/ed0fb6c2dc8ca8634274f12b6bcee558dbcb1b05612be222e7d40b115c40b4f2?s=96&d=mm&r=g\",\"contentUrl\":\"https:\\\/\\\/secure.gravatar.com\\\/avatar\\\/ed0fb6c2dc8ca8634274f12b6bcee558dbcb1b05612be222e7d40b115c40b4f2?s=96&d=mm&r=g\",\"caption\":\"LifesGo\"},\"sameAs\":[\"https:\\\/\\\/lifesgo.com.br\"],\"url\":\"https:\\\/\\\/lifesgo.an9.com.br\\\/index.php\\\/author\\\/lucamor\\\/\"}]}<\/script>\n<!-- \/ Yoast SEO plugin. -->","yoast_head_json":{"title":"Matuzal\u00e9m Eduardo: Firme na Alian\u00e7a com Deus ap\u00f3s 24 Anos de Minist\u00e9rio - LifesGo","robots":{"index":"index","follow":"follow","max-snippet":"max-snippet:-1","max-image-preview":"max-image-preview:large","max-video-preview":"max-video-preview:-1"},"canonical":"https:\/\/lifesgo.an9.com.br\/index.php\/2024\/11\/13\/matuzalem-eduardo-firme-na-alianca-com-deus-apos-24-anos-de-ministerio\/","og_locale":"pt_BR","og_type":"article","og_title":"Matuzal\u00e9m Eduardo: Firme na Alian\u00e7a com Deus ap\u00f3s 24 Anos de Minist\u00e9rio - LifesGo","og_description":"Matuzal\u00e9m Eduardo, nascido em 12 de abril de 1983 em...","og_url":"https:\/\/lifesgo.an9.com.br\/index.php\/2024\/11\/13\/matuzalem-eduardo-firme-na-alianca-com-deus-apos-24-anos-de-ministerio\/","og_site_name":"LifesGo","article_published_time":"2024-11-13T17:58:27+00:00","og_image":[{"width":800,"height":451,"url":"https:\/\/lifesgo.an9.com.br\/wp-content\/uploads\/2024\/11\/4146-17-3-1.jpg","type":"image\/jpeg"}],"author":"LifesGo","twitter_card":"summary_large_image","twitter_misc":{"Escrito por":"LifesGo","Est. tempo de leitura":"1 minuto"},"schema":{"@context":"https:\/\/schema.org","@graph":[{"@type":"Article","@id":"https:\/\/lifesgo.an9.com.br\/index.php\/2024\/11\/13\/matuzalem-eduardo-firme-na-alianca-com-deus-apos-24-anos-de-ministerio\/#article","isPartOf":{"@id":"https:\/\/lifesgo.an9.com.br\/index.php\/2024\/11\/13\/matuzalem-eduardo-firme-na-alianca-com-deus-apos-24-anos-de-ministerio\/"},"author":{"name":"LifesGo","@id":"https:\/\/lifesgo.an9.com.br\/#\/schema\/person\/b34bfc24fce1f5cb9dc117e2efe61a07"},"headline":"Matuzal\u00e9m Eduardo: Firme na Alian\u00e7a com Deus ap\u00f3s 24 Anos de Minist\u00e9rio","datePublished":"2024-11-13T17:58:27+00:00","mainEntityOfPage":{"@id":"https:\/\/lifesgo.an9.com.br\/index.php\/2024\/11\/13\/matuzalem-eduardo-firme-na-alianca-com-deus-apos-24-anos-de-ministerio\/"},"wordCount":254,"image":{"@id":"https:\/\/lifesgo.an9.com.br\/index.php\/2024\/11\/13\/matuzalem-eduardo-firme-na-alianca-com-deus-apos-24-anos-de-ministerio\/#primaryimage"},"thumbnailUrl":"https:\/\/lifesgo.an9.com.br\/wp-content\/uploads\/2024\/11\/4146-17-3-1.jpg","articleSection":["M\u00fasica"],"inLanguage":"pt-BR"},{"@type":"WebPage","@id":"https:\/\/lifesgo.an9.com.br\/index.php\/2024\/11\/13\/matuzalem-eduardo-firme-na-alianca-com-deus-apos-24-anos-de-ministerio\/","url":"https:\/\/lifesgo.an9.com.br\/index.php\/2024\/11\/13\/matuzalem-eduardo-firme-na-alianca-com-deus-apos-24-anos-de-ministerio\/","name":"Matuzal\u00e9m Eduardo: Firme na Alian\u00e7a com Deus ap\u00f3s 24 Anos de Minist\u00e9rio - LifesGo","isPartOf":{"@id":"https:\/\/lifesgo.an9.com.br\/#website"},"primaryImageOfPage":{"@id":"https:\/\/lifesgo.an9.com.br\/index.php\/2024\/11\/13\/matuzalem-eduardo-firme-na-alianca-com-deus-apos-24-anos-de-ministerio\/#primaryimage"},"image":{"@id":"https:\/\/lifesgo.an9.com.br\/index.php\/2024\/11\/13\/matuzalem-eduardo-firme-na-alianca-com-deus-apos-24-anos-de-ministerio\/#primaryimage"},"thumbnailUrl":"https:\/\/lifesgo.an9.com.br\/wp-content\/uploads\/2024\/11\/4146-17-3-1.jpg","datePublished":"2024-11-13T17:58:27+00:00","author":{"@id":"https:\/\/lifesgo.an9.com.br\/#\/schema\/person\/b34bfc24fce1f5cb9dc117e2efe61a07"},"breadcrumb":{"@id":"https:\/\/lifesgo.an9.com.br\/index.php\/2024\/11\/13\/matuzalem-eduardo-firme-na-alianca-com-deus-apos-24-anos-de-ministerio\/#breadcrumb"},"inLanguage":"pt-BR","potentialAction":[{"@type":"ReadAction","target":["https:\/\/lifesgo.an9.com.br\/index.php\/2024\/11\/13\/matuzalem-eduardo-firme-na-alianca-com-deus-apos-24-anos-de-ministerio\/"]}]},{"@type":"ImageObject","inLanguage":"pt-BR","@id":"https:\/\/lifesgo.an9.com.br\/index.php\/2024\/11\/13\/matuzalem-eduardo-firme-na-alianca-com-deus-apos-24-anos-de-ministerio\/#primaryimage","url":"https:\/\/lifesgo.an9.com.br\/wp-content\/uploads\/2024\/11\/4146-17-3-1.jpg","contentUrl":"https:\/\/lifesgo.an9.com.br\/wp-content\/uploads\/2024\/11\/4146-17-3-1.jpg","width":800,"height":451},{"@type":"BreadcrumbList","@id":"https:\/\/lifesgo.an9.com.br\/index.php\/2024\/11\/13\/matuzalem-eduardo-firme-na-alianca-com-deus-apos-24-anos-de-ministerio\/#breadcrumb","itemListElement":[{"@type":"ListItem","position":1,"name":"In\u00edcio","item":"https:\/\/lifesgo.an9.com.br\/"},{"@type":"ListItem","position":2,"name":"Matuzal\u00e9m Eduardo: Firme na Alian\u00e7a com Deus ap\u00f3s 24 Anos de Minist\u00e9rio"}]},{"@type":"WebSite","@id":"https:\/\/lifesgo.an9.com.br\/#website","url":"https:\/\/lifesgo.an9.com.br\/","name":"LifesGo","description":"","potentialAction":[{"@type":"SearchAction","target":{"@type":"EntryPoint","urlTemplate":"https:\/\/lifesgo.an9.com.br\/?s={search_term_string}"},"query-input":{"@type":"PropertyValueSpecification","valueRequired":true,"valueName":"search_term_string"}}],"inLanguage":"pt-BR"},{"@type":"Person","@id":"https:\/\/lifesgo.an9.com.br\/#\/schema\/person\/b34bfc24fce1f5cb9dc117e2efe61a07","name":"LifesGo","image":{"@type":"ImageObject","inLanguage":"pt-BR","@id":"https:\/\/secure.gravatar.com\/avatar\/ed0fb6c2dc8ca8634274f12b6bcee558dbcb1b05612be222e7d40b115c40b4f2?s=96&d=mm&r=g","url":"https:\/\/secure.gravatar.com\/avatar\/ed0fb6c2dc8ca8634274f12b6bcee558dbcb1b05612be222e7d40b115c40b4f2?s=96&d=mm&r=g","contentUrl":"https:\/\/secure.gravatar.com\/avatar\/ed0fb6c2dc8ca8634274f12b6bcee558dbcb1b05612be222e7d40b115c40b4f2?s=96&d=mm&r=g","caption":"LifesGo"},"sameAs":["https:\/\/lifesgo.com.br"],"url":"https:\/\/lifesgo.an9.com.br\/index.php\/author\/lucamor\/"}]}},"_links":{"self":[{"href":"https:\/\/lifesgo.an9.com.br\/index.php\/wp-json\/wp\/v2\/posts\/54463","targetHints":{"allow":["GET"]}}],"collection":[{"href":"https:\/\/lifesgo.an9.com.br\/index.php\/wp-json\/wp\/v2\/posts"}],"about":[{"href":"https:\/\/lifesgo.an9.com.br\/index.php\/wp-json\/wp\/v2\/types\/post"}],"author":[{"embeddable":true,"href":"https:\/\/lifesgo.an9.com.br\/index.php\/wp-json\/wp\/v2\/users\/1"}],"replies":[{"embeddable":true,"href":"https:\/\/lifesgo.an9.com.br\/index.php\/wp-json\/wp\/v2\/comments?post=54463"}],"version-history":[{"count":1,"href":"https:\/\/lifesgo.an9.com.br\/index.php\/wp-json\/wp\/v2\/posts\/54463\/revisions"}],"predecessor-version":[{"id":54464,"href":"https:\/\/lifesgo.an9.com.br\/index.php\/wp-json\/wp\/v2\/posts\/54463\/revisions\/54464"}],"wp:featuredmedia":[{"embeddable":true,"href":"https:\/\/lifesgo.an9.com.br\/index.php\/wp-json\/wp\/v2\/media\/54462"}],"wp:attachment":[{"href":"https:\/\/lifesgo.an9.com.br\/index.php\/wp-json\/wp\/v2\/media?parent=54463"}],"wp:term":[{"taxonomy":"category","embeddable":true,"href":"https:\/\/lifesgo.an9.com.br\/index.php\/wp-json\/wp\/v2\/categories?post=54463"},{"taxonomy":"post_tag","embeddable":true,"href":"https:\/\/lifesgo.an9.com.br\/index.php\/wp-json\/wp\/v2\/tags?post=54463"}],"curies":[{"name":"wp","href":"https:\/\/api.w.org\/{rel}","templated":true}]}}