{"id":54448,"date":"2024-11-13T13:43:50","date_gmt":"2024-11-13T16:43:50","guid":{"rendered":"https:\/\/lifesgo.an9.com.br\/?p=54448"},"modified":"2024-11-13T13:43:50","modified_gmt":"2024-11-13T16:43:50","slug":"cantor-e-compositor-polako-lanca-ep-ao-vivo-no-la-iglesia-gravado-em-sao-paulo","status":"publish","type":"post","link":"https:\/\/lifesgo.an9.com.br\/index.php\/2024\/11\/13\/cantor-e-compositor-polako-lanca-ep-ao-vivo-no-la-iglesia-gravado-em-sao-paulo\/","title":{"rendered":"Cantor e compositor Polako lan\u00e7a EP \u201cAo Vivo no La Iglesia\u201d, gravado em S\u00e3o Paulo"},"content":{"rendered":"<ul>\n<li><i><span style=\"font-weight: 400;\">Polako tem conquistado destaque nas principais r\u00e1dios do segmento rock no Brasil, como 89FM a R\u00e1dio Rock, Transam\u00e9rica FM, Kiss FM, Difusora de Ribeir\u00e3o Preto, entre outras. Seu som aut\u00eantico na pegada indie rock com refr\u00f5es marcantes tem cativado um p\u00fablico crescente, refletindo-se em n\u00fameros de plays e visualiza\u00e7\u00f5es nas plataformas digitais<\/span><\/i><\/li>\n<li><i><span style=\"font-weight: 400;\">Neste EP, Polako escolheu cuidadosamente tr\u00eas faixas que ainda n\u00e3o contavam com grava\u00e7\u00f5es ao vivo, levando-as para o est\u00fadio ap\u00f3s o show e descobrindo uma nova forma de transmitir a intensidade de sua apresenta\u00e7\u00e3o<\/span><\/i><\/li>\n<\/ul>\n<p><a href=\"https:\/\/onerpm.link\/polakoaovivonoilgesia\"><b><i>Ou\u00e7a agora o EP<\/i><\/b><\/a><\/p>\n<p><span style=\"font-weight: 400;\">O cantor e compositor paulistano<\/span><b> Polako<\/b><span style=\"font-weight: 400;\"> apresenta um lan\u00e7amento especial neste m\u00eas de novembro: o EP <\/span><b>&#8220;Polako Ao Vivo no La Iglesia&#8221;<\/b><span style=\"font-weight: 400;\">, <\/span><a href=\"https:\/\/onerpm.link\/polakoaovivonoilgesia\"><span style=\"font-weight: 400;\">que chega aos aplicativos de m\u00fasica<\/span><\/a><span style=\"font-weight: 400;\"> no dia <\/span><b>15, pela Mar\u00e3 M\u00fasica<\/b><span style=\"font-weight: 400;\">. O trabalho traz uma amostra poderosa da performance ao vivo do artista, capturada durante o show de lan\u00e7amento do single <\/span><b>&#8220;Perfume de Gasolina&#8221;<\/b><span style=\"font-weight: 400;\">, realizado em 16 de agosto deste ano, no ic\u00f4nico La Iglesia, uma casa de shows reconhecida por sua atmosfera punk underground em S\u00e3o Paulo, onde a energia do p\u00fablico e a autenticidade do espa\u00e7o se uniram para criar uma noite memor\u00e1vel.<\/span><\/p>\n<p><span style=\"font-weight: 400;\">Neste EP, Polako escolheu cuidadosamente tr\u00eas faixas que ainda n\u00e3o contavam com grava\u00e7\u00f5es ao vivo, levando-as para o est\u00fadio ap\u00f3s o show e descobrindo uma nova forma de transmitir a intensidade de sua apresenta\u00e7\u00e3o.<\/span><i><span style=\"font-weight: 400;\"> \u201cGostamos tanto do que ouvimos que resolvemos lan\u00e7ar. Acho que as faixas passam essa energia que rolou durante o show, e a capta\u00e7\u00e3o capturou uma vibra\u00e7\u00e3o especial\u201d<\/span><\/i><span style=\"font-weight: 400;\">, explica o artista. O projeto explora seu som \u00fanico, um indie rock vibrante, com refr\u00f5es marcantes e um toque pop que promete n\u00e3o deixar ningu\u00e9m parado.<\/span><\/p>\n<p><span style=\"font-weight: 400;\">Para dar ainda mais autenticidade ao lan\u00e7amento, Polako planeja um clipe em formato de mini document\u00e1rio, com cenas dos bastidores, registrando desde a prepara\u00e7\u00e3o antes do show at\u00e9 o \u00eaxtase dos momentos finais. O mini doc incluir\u00e1 imagens da performance ao vivo de &#8220;Perfume de Gasolina&#8221; na \u00edntegra, proporcionando ao p\u00fablico uma experi\u00eancia completa de como \u00e9 estar em um show do cantor. <\/span><i><span style=\"font-weight: 400;\">\u201cAcho interessante que as pessoas vejam n\u00e3o s\u00f3 a m\u00fasica, mas o que acontece em torno dela, as trocas que rolam com o p\u00fablico, e esse show capturou isso de forma incr\u00edvel.\u201d<\/span><\/i><\/p>\n<p><span style=\"font-weight: 400;\">Com seu vocal cheio de atitude e uma presen\u00e7a de palco cativante, Polako se destaca no cen\u00e1rio musical, alcan\u00e7ando n\u00fameros expressivos nas principais r\u00e1dios rock do pa\u00eds, como 89FM a R\u00e1dio Rock, Transam\u00e9rica FM, Kiss FM, Difusora de Ribeir\u00e3o Preto e muitas outras. Essa visibilidade crescente tamb\u00e9m tem impulsionado sua audi\u00eancia nas plataformas de <\/span><i><span style=\"font-weight: 400;\">streaming<\/span><\/i><span style=\"font-weight: 400;\">, e sua agenda de shows est\u00e1 cada vez mais movimentada, atraindo um p\u00fablico fiel e novos f\u00e3s a cada apresenta\u00e7\u00e3o.<\/span><\/p>\n<p><span style=\"font-weight: 400;\">Al\u00e9m disso, o artista j\u00e1 vem conquistando espa\u00e7o em festivais importantes, como o HackTown, e eventos de destaque no meio musical, como a Music Show. A oportunidade de abrir shows para nomes j\u00e1 estabelecidos na cena e as novas conex\u00f5es que vem surgindo s\u00e3o reflexo do talento e da energia que Polako traz para o palco. O La Iglesia, com sua proposta democr\u00e1tica e receptiva para o rock, foi o cen\u00e1rio perfeito para eternizar esse momento \u2013 e o EP &#8220;Polako Ao Vivo no La Iglesia&#8221; chega para celebrar e compartilhar essa experi\u00eancia com todos os seus seguidores e admiradores da m\u00fasica de atitude.<\/span><\/p>\n<p><b>CONFIRA A TRACKLIST DO EP:\u00a0<\/b><\/p>\n<p><span style=\"font-weight: 400;\">1- Perfume de Gasolina\u00a0<\/span><\/p>\n<p><span style=\"font-weight: 400;\">2- Daremos as M\u00e3os\u00a0<\/span><\/p>\n<p><span style=\"font-weight: 400;\">3- \u00c9 S\u00f3 Voc\u00ea Querer<\/span><\/p>\n<p><b>Sobre Polako:<\/b><\/p>\n<p><span style=\"font-weight: 400;\">O cantor e compositor paulistano POLAKO conta com execu\u00e7\u00f5es nas principais r\u00e1dios do segmento no Brasil: 89FM a R\u00e1dio Rock, Transam\u00e9rica FM, Kiss FM, Difusora de Ribeir\u00e3o Preto e outras. Os n\u00fameros de plays e visualiza\u00e7\u00f5es nas principais plataformas digitais tamb\u00e9m vem crescendo exponencialmente, logo o aumento do p\u00fablico e da agenda de shows vem chamando a aten\u00e7\u00e3o.\u00a0<\/span><\/p>\n<p><span style=\"font-weight: 400;\">Com muita atitude ao microfone e um vocal cheio de personalidade, seu som na pegada indie rock com refr\u00f5es marcantes que flertam com o pop comp\u00f5em um show perfeito para n\u00e3o deixar ningu\u00e9m parado.<\/span><\/p>\n<p><span style=\"font-weight: 400;\">Convites para importantes Festivais como o Hack Town, eventos do meio musical como a Music Show, aberturas de shows para artistas j\u00e1 consagrados e novas oportunidades t\u00eam surgido na carreira de Polako que n\u00e3o para de tocar e ganhar seguidores por onde passa.<\/span><\/p>\n<p><b>Sobre Mar\u00e3 M\u00fasica:<\/b><\/p>\n<p><span style=\"font-weight: 400;\">Empresa especializada em Marketing e Rela\u00e7\u00f5es P\u00fablicas, dentro do mercado da m\u00fasica, fundada em janeiro de 2018 na cidade de Jundia\u00ed, no estado de S\u00e3o Paulo. Idealizada e gerenciada por Henrique Roncoletta, vocalista e compositor da banda NDK, a Mar\u00e3 M\u00fasica atua na conex\u00e3o de artistas com marcas e empresas, al\u00e9m de atuar tamb\u00e9m na gest\u00e3o de imagem, carreiras, projetos, produ\u00e7\u00f5es art\u00edsticas e eventos culturais.<\/span><\/p>\n<p><b>Links Polako:<\/b><\/p>\n<p><a href=\"http:\/\/www.youtube.com\/eupolako\"><b>Youtube<\/b><\/a><\/p>\n<p><a href=\"https:\/\/www.instagram.com\/eupolako\/\"><b>Instagram\u00a0<\/b><\/a><\/p>\n<p><b>Links Mar\u00e3 M\u00fasica:<\/b><\/p>\n<p><a href=\"https:\/\/maramusicamkt.com.br\"><b>Site Oficial<\/b><\/a><\/p>\n<p><a href=\"https:\/\/www.facebook.com\/maramusicamkt\/\"><b>Facebook<\/b><\/a><\/p>\n<p><a href=\"https:\/\/www.instagram.com\/maramusicamkt\/\"><b>Instagram<\/b><\/a><b>\u00a0<\/b><\/p>\n<p><a href=\"https:\/\/www.youtube.com\/@MaraMusicamkt\"><b>YouTube<\/b><\/a><\/p>\n","protected":false},"excerpt":{"rendered":"<p>Polako tem conquistado destaque nas principais r\u00e1dios do segmento rock&#8230;<\/p>\n","protected":false},"author":1,"featured_media":54447,"comment_status":"closed","ping_status":"open","sticky":false,"template":"","format":"standard","meta":{"_acf_changed":false,"footnotes":""},"categories":[27],"tags":[],"class_list":["post-54448","post","type-post","status-publish","format-standard","has-post-thumbnail","hentry","category-musica"],"acf":[],"yoast_head":"<!-- This site is optimized with the Yoast SEO plugin v28.3 - https:\/\/yoast.com\/product\/yoast-seo-wordpress\/ -->\n<title>Cantor e compositor Polako lan\u00e7a EP \u201cAo Vivo no La Iglesia\u201d, gravado em S\u00e3o Paulo - LifesGo<\/title>\n<meta name=\"robots\" content=\"index, follow, max-snippet:-1, max-image-preview:large, max-video-preview:-1\" \/>\n<link rel=\"canonical\" href=\"https:\/\/lifesgo.an9.com.br\/index.php\/2024\/11\/13\/cantor-e-compositor-polako-lanca-ep-ao-vivo-no-la-iglesia-gravado-em-sao-paulo\/\" \/>\n<meta property=\"og:locale\" content=\"pt_BR\" \/>\n<meta property=\"og:type\" content=\"article\" \/>\n<meta property=\"og:title\" content=\"Cantor e compositor Polako lan\u00e7a EP \u201cAo Vivo no La Iglesia\u201d, gravado em S\u00e3o Paulo - LifesGo\" \/>\n<meta property=\"og:description\" content=\"Polako tem conquistado destaque nas principais r\u00e1dios do segmento rock...\" \/>\n<meta property=\"og:url\" content=\"https:\/\/lifesgo.an9.com.br\/index.php\/2024\/11\/13\/cantor-e-compositor-polako-lanca-ep-ao-vivo-no-la-iglesia-gravado-em-sao-paulo\/\" \/>\n<meta property=\"og:site_name\" content=\"LifesGo\" \/>\n<meta property=\"article:published_time\" content=\"2024-11-13T16:43:50+00:00\" \/>\n<meta property=\"og:image\" content=\"https:\/\/lifesgo.an9.com.br\/wp-content\/uploads\/2024\/11\/4146-13-1-2.jpg\" \/>\n\t<meta property=\"og:image:width\" content=\"800\" \/>\n\t<meta property=\"og:image:height\" content=\"451\" \/>\n\t<meta property=\"og:image:type\" content=\"image\/jpeg\" \/>\n<meta name=\"author\" content=\"LifesGo\" \/>\n<meta name=\"twitter:card\" content=\"summary_large_image\" \/>\n<meta name=\"twitter:label1\" content=\"Escrito por\" \/>\n\t<meta name=\"twitter:data1\" content=\"LifesGo\" \/>\n\t<meta name=\"twitter:label2\" content=\"Est. tempo de leitura\" \/>\n\t<meta name=\"twitter:data2\" content=\"4 minutos\" \/>\n<script type=\"application\/ld+json\" class=\"yoast-schema-graph\">{\"@context\":\"https:\\\/\\\/schema.org\",\"@graph\":[{\"@type\":\"Article\",\"@id\":\"https:\\\/\\\/lifesgo.an9.com.br\\\/index.php\\\/2024\\\/11\\\/13\\\/cantor-e-compositor-polako-lanca-ep-ao-vivo-no-la-iglesia-gravado-em-sao-paulo\\\/#article\",\"isPartOf\":{\"@id\":\"https:\\\/\\\/lifesgo.an9.com.br\\\/index.php\\\/2024\\\/11\\\/13\\\/cantor-e-compositor-polako-lanca-ep-ao-vivo-no-la-iglesia-gravado-em-sao-paulo\\\/\"},\"author\":{\"name\":\"LifesGo\",\"@id\":\"https:\\\/\\\/lifesgo.an9.com.br\\\/#\\\/schema\\\/person\\\/b34bfc24fce1f5cb9dc117e2efe61a07\"},\"headline\":\"Cantor e compositor Polako lan\u00e7a EP \u201cAo Vivo no La Iglesia\u201d, gravado em S\u00e3o Paulo\",\"datePublished\":\"2024-11-13T16:43:50+00:00\",\"mainEntityOfPage\":{\"@id\":\"https:\\\/\\\/lifesgo.an9.com.br\\\/index.php\\\/2024\\\/11\\\/13\\\/cantor-e-compositor-polako-lanca-ep-ao-vivo-no-la-iglesia-gravado-em-sao-paulo\\\/\"},\"wordCount\":894,\"image\":{\"@id\":\"https:\\\/\\\/lifesgo.an9.com.br\\\/index.php\\\/2024\\\/11\\\/13\\\/cantor-e-compositor-polako-lanca-ep-ao-vivo-no-la-iglesia-gravado-em-sao-paulo\\\/#primaryimage\"},\"thumbnailUrl\":\"https:\\\/\\\/lifesgo.an9.com.br\\\/wp-content\\\/uploads\\\/2024\\\/11\\\/4146-13-1-2.jpg\",\"articleSection\":[\"M\u00fasica\"],\"inLanguage\":\"pt-BR\"},{\"@type\":\"WebPage\",\"@id\":\"https:\\\/\\\/lifesgo.an9.com.br\\\/index.php\\\/2024\\\/11\\\/13\\\/cantor-e-compositor-polako-lanca-ep-ao-vivo-no-la-iglesia-gravado-em-sao-paulo\\\/\",\"url\":\"https:\\\/\\\/lifesgo.an9.com.br\\\/index.php\\\/2024\\\/11\\\/13\\\/cantor-e-compositor-polako-lanca-ep-ao-vivo-no-la-iglesia-gravado-em-sao-paulo\\\/\",\"name\":\"Cantor e compositor Polako lan\u00e7a EP \u201cAo Vivo no La Iglesia\u201d, gravado em S\u00e3o Paulo - LifesGo\",\"isPartOf\":{\"@id\":\"https:\\\/\\\/lifesgo.an9.com.br\\\/#website\"},\"primaryImageOfPage\":{\"@id\":\"https:\\\/\\\/lifesgo.an9.com.br\\\/index.php\\\/2024\\\/11\\\/13\\\/cantor-e-compositor-polako-lanca-ep-ao-vivo-no-la-iglesia-gravado-em-sao-paulo\\\/#primaryimage\"},\"image\":{\"@id\":\"https:\\\/\\\/lifesgo.an9.com.br\\\/index.php\\\/2024\\\/11\\\/13\\\/cantor-e-compositor-polako-lanca-ep-ao-vivo-no-la-iglesia-gravado-em-sao-paulo\\\/#primaryimage\"},\"thumbnailUrl\":\"https:\\\/\\\/lifesgo.an9.com.br\\\/wp-content\\\/uploads\\\/2024\\\/11\\\/4146-13-1-2.jpg\",\"datePublished\":\"2024-11-13T16:43:50+00:00\",\"author\":{\"@id\":\"https:\\\/\\\/lifesgo.an9.com.br\\\/#\\\/schema\\\/person\\\/b34bfc24fce1f5cb9dc117e2efe61a07\"},\"breadcrumb\":{\"@id\":\"https:\\\/\\\/lifesgo.an9.com.br\\\/index.php\\\/2024\\\/11\\\/13\\\/cantor-e-compositor-polako-lanca-ep-ao-vivo-no-la-iglesia-gravado-em-sao-paulo\\\/#breadcrumb\"},\"inLanguage\":\"pt-BR\",\"potentialAction\":[{\"@type\":\"ReadAction\",\"target\":[\"https:\\\/\\\/lifesgo.an9.com.br\\\/index.php\\\/2024\\\/11\\\/13\\\/cantor-e-compositor-polako-lanca-ep-ao-vivo-no-la-iglesia-gravado-em-sao-paulo\\\/\"]}]},{\"@type\":\"ImageObject\",\"inLanguage\":\"pt-BR\",\"@id\":\"https:\\\/\\\/lifesgo.an9.com.br\\\/index.php\\\/2024\\\/11\\\/13\\\/cantor-e-compositor-polako-lanca-ep-ao-vivo-no-la-iglesia-gravado-em-sao-paulo\\\/#primaryimage\",\"url\":\"https:\\\/\\\/lifesgo.an9.com.br\\\/wp-content\\\/uploads\\\/2024\\\/11\\\/4146-13-1-2.jpg\",\"contentUrl\":\"https:\\\/\\\/lifesgo.an9.com.br\\\/wp-content\\\/uploads\\\/2024\\\/11\\\/4146-13-1-2.jpg\",\"width\":800,\"height\":451},{\"@type\":\"BreadcrumbList\",\"@id\":\"https:\\\/\\\/lifesgo.an9.com.br\\\/index.php\\\/2024\\\/11\\\/13\\\/cantor-e-compositor-polako-lanca-ep-ao-vivo-no-la-iglesia-gravado-em-sao-paulo\\\/#breadcrumb\",\"itemListElement\":[{\"@type\":\"ListItem\",\"position\":1,\"name\":\"In\u00edcio\",\"item\":\"https:\\\/\\\/lifesgo.an9.com.br\\\/\"},{\"@type\":\"ListItem\",\"position\":2,\"name\":\"Cantor e compositor Polako lan\u00e7a EP \u201cAo Vivo no La Iglesia\u201d, gravado em S\u00e3o Paulo\"}]},{\"@type\":\"WebSite\",\"@id\":\"https:\\\/\\\/lifesgo.an9.com.br\\\/#website\",\"url\":\"https:\\\/\\\/lifesgo.an9.com.br\\\/\",\"name\":\"LifesGo\",\"description\":\"\",\"potentialAction\":[{\"@type\":\"SearchAction\",\"target\":{\"@type\":\"EntryPoint\",\"urlTemplate\":\"https:\\\/\\\/lifesgo.an9.com.br\\\/?s={search_term_string}\"},\"query-input\":{\"@type\":\"PropertyValueSpecification\",\"valueRequired\":true,\"valueName\":\"search_term_string\"}}],\"inLanguage\":\"pt-BR\"},{\"@type\":\"Person\",\"@id\":\"https:\\\/\\\/lifesgo.an9.com.br\\\/#\\\/schema\\\/person\\\/b34bfc24fce1f5cb9dc117e2efe61a07\",\"name\":\"LifesGo\",\"image\":{\"@type\":\"ImageObject\",\"inLanguage\":\"pt-BR\",\"@id\":\"https:\\\/\\\/secure.gravatar.com\\\/avatar\\\/ed0fb6c2dc8ca8634274f12b6bcee558dbcb1b05612be222e7d40b115c40b4f2?s=96&d=mm&r=g\",\"url\":\"https:\\\/\\\/secure.gravatar.com\\\/avatar\\\/ed0fb6c2dc8ca8634274f12b6bcee558dbcb1b05612be222e7d40b115c40b4f2?s=96&d=mm&r=g\",\"contentUrl\":\"https:\\\/\\\/secure.gravatar.com\\\/avatar\\\/ed0fb6c2dc8ca8634274f12b6bcee558dbcb1b05612be222e7d40b115c40b4f2?s=96&d=mm&r=g\",\"caption\":\"LifesGo\"},\"sameAs\":[\"https:\\\/\\\/lifesgo.com.br\"],\"url\":\"https:\\\/\\\/lifesgo.an9.com.br\\\/index.php\\\/author\\\/lucamor\\\/\"}]}<\/script>\n<!-- \/ Yoast SEO plugin. -->","yoast_head_json":{"title":"Cantor e compositor Polako lan\u00e7a EP \u201cAo Vivo no La Iglesia\u201d, gravado em S\u00e3o Paulo - LifesGo","robots":{"index":"index","follow":"follow","max-snippet":"max-snippet:-1","max-image-preview":"max-image-preview:large","max-video-preview":"max-video-preview:-1"},"canonical":"https:\/\/lifesgo.an9.com.br\/index.php\/2024\/11\/13\/cantor-e-compositor-polako-lanca-ep-ao-vivo-no-la-iglesia-gravado-em-sao-paulo\/","og_locale":"pt_BR","og_type":"article","og_title":"Cantor e compositor Polako lan\u00e7a EP \u201cAo Vivo no La Iglesia\u201d, gravado em S\u00e3o Paulo - LifesGo","og_description":"Polako tem conquistado destaque nas principais r\u00e1dios do segmento rock...","og_url":"https:\/\/lifesgo.an9.com.br\/index.php\/2024\/11\/13\/cantor-e-compositor-polako-lanca-ep-ao-vivo-no-la-iglesia-gravado-em-sao-paulo\/","og_site_name":"LifesGo","article_published_time":"2024-11-13T16:43:50+00:00","og_image":[{"width":800,"height":451,"url":"https:\/\/lifesgo.an9.com.br\/wp-content\/uploads\/2024\/11\/4146-13-1-2.jpg","type":"image\/jpeg"}],"author":"LifesGo","twitter_card":"summary_large_image","twitter_misc":{"Escrito por":"LifesGo","Est. tempo de leitura":"4 minutos"},"schema":{"@context":"https:\/\/schema.org","@graph":[{"@type":"Article","@id":"https:\/\/lifesgo.an9.com.br\/index.php\/2024\/11\/13\/cantor-e-compositor-polako-lanca-ep-ao-vivo-no-la-iglesia-gravado-em-sao-paulo\/#article","isPartOf":{"@id":"https:\/\/lifesgo.an9.com.br\/index.php\/2024\/11\/13\/cantor-e-compositor-polako-lanca-ep-ao-vivo-no-la-iglesia-gravado-em-sao-paulo\/"},"author":{"name":"LifesGo","@id":"https:\/\/lifesgo.an9.com.br\/#\/schema\/person\/b34bfc24fce1f5cb9dc117e2efe61a07"},"headline":"Cantor e compositor Polako lan\u00e7a EP \u201cAo Vivo no La Iglesia\u201d, gravado em S\u00e3o Paulo","datePublished":"2024-11-13T16:43:50+00:00","mainEntityOfPage":{"@id":"https:\/\/lifesgo.an9.com.br\/index.php\/2024\/11\/13\/cantor-e-compositor-polako-lanca-ep-ao-vivo-no-la-iglesia-gravado-em-sao-paulo\/"},"wordCount":894,"image":{"@id":"https:\/\/lifesgo.an9.com.br\/index.php\/2024\/11\/13\/cantor-e-compositor-polako-lanca-ep-ao-vivo-no-la-iglesia-gravado-em-sao-paulo\/#primaryimage"},"thumbnailUrl":"https:\/\/lifesgo.an9.com.br\/wp-content\/uploads\/2024\/11\/4146-13-1-2.jpg","articleSection":["M\u00fasica"],"inLanguage":"pt-BR"},{"@type":"WebPage","@id":"https:\/\/lifesgo.an9.com.br\/index.php\/2024\/11\/13\/cantor-e-compositor-polako-lanca-ep-ao-vivo-no-la-iglesia-gravado-em-sao-paulo\/","url":"https:\/\/lifesgo.an9.com.br\/index.php\/2024\/11\/13\/cantor-e-compositor-polako-lanca-ep-ao-vivo-no-la-iglesia-gravado-em-sao-paulo\/","name":"Cantor e compositor Polako lan\u00e7a EP \u201cAo Vivo no La Iglesia\u201d, gravado em S\u00e3o Paulo - LifesGo","isPartOf":{"@id":"https:\/\/lifesgo.an9.com.br\/#website"},"primaryImageOfPage":{"@id":"https:\/\/lifesgo.an9.com.br\/index.php\/2024\/11\/13\/cantor-e-compositor-polako-lanca-ep-ao-vivo-no-la-iglesia-gravado-em-sao-paulo\/#primaryimage"},"image":{"@id":"https:\/\/lifesgo.an9.com.br\/index.php\/2024\/11\/13\/cantor-e-compositor-polako-lanca-ep-ao-vivo-no-la-iglesia-gravado-em-sao-paulo\/#primaryimage"},"thumbnailUrl":"https:\/\/lifesgo.an9.com.br\/wp-content\/uploads\/2024\/11\/4146-13-1-2.jpg","datePublished":"2024-11-13T16:43:50+00:00","author":{"@id":"https:\/\/lifesgo.an9.com.br\/#\/schema\/person\/b34bfc24fce1f5cb9dc117e2efe61a07"},"breadcrumb":{"@id":"https:\/\/lifesgo.an9.com.br\/index.php\/2024\/11\/13\/cantor-e-compositor-polako-lanca-ep-ao-vivo-no-la-iglesia-gravado-em-sao-paulo\/#breadcrumb"},"inLanguage":"pt-BR","potentialAction":[{"@type":"ReadAction","target":["https:\/\/lifesgo.an9.com.br\/index.php\/2024\/11\/13\/cantor-e-compositor-polako-lanca-ep-ao-vivo-no-la-iglesia-gravado-em-sao-paulo\/"]}]},{"@type":"ImageObject","inLanguage":"pt-BR","@id":"https:\/\/lifesgo.an9.com.br\/index.php\/2024\/11\/13\/cantor-e-compositor-polako-lanca-ep-ao-vivo-no-la-iglesia-gravado-em-sao-paulo\/#primaryimage","url":"https:\/\/lifesgo.an9.com.br\/wp-content\/uploads\/2024\/11\/4146-13-1-2.jpg","contentUrl":"https:\/\/lifesgo.an9.com.br\/wp-content\/uploads\/2024\/11\/4146-13-1-2.jpg","width":800,"height":451},{"@type":"BreadcrumbList","@id":"https:\/\/lifesgo.an9.com.br\/index.php\/2024\/11\/13\/cantor-e-compositor-polako-lanca-ep-ao-vivo-no-la-iglesia-gravado-em-sao-paulo\/#breadcrumb","itemListElement":[{"@type":"ListItem","position":1,"name":"In\u00edcio","item":"https:\/\/lifesgo.an9.com.br\/"},{"@type":"ListItem","position":2,"name":"Cantor e compositor Polako lan\u00e7a EP \u201cAo Vivo no La Iglesia\u201d, gravado em S\u00e3o Paulo"}]},{"@type":"WebSite","@id":"https:\/\/lifesgo.an9.com.br\/#website","url":"https:\/\/lifesgo.an9.com.br\/","name":"LifesGo","description":"","potentialAction":[{"@type":"SearchAction","target":{"@type":"EntryPoint","urlTemplate":"https:\/\/lifesgo.an9.com.br\/?s={search_term_string}"},"query-input":{"@type":"PropertyValueSpecification","valueRequired":true,"valueName":"search_term_string"}}],"inLanguage":"pt-BR"},{"@type":"Person","@id":"https:\/\/lifesgo.an9.com.br\/#\/schema\/person\/b34bfc24fce1f5cb9dc117e2efe61a07","name":"LifesGo","image":{"@type":"ImageObject","inLanguage":"pt-BR","@id":"https:\/\/secure.gravatar.com\/avatar\/ed0fb6c2dc8ca8634274f12b6bcee558dbcb1b05612be222e7d40b115c40b4f2?s=96&d=mm&r=g","url":"https:\/\/secure.gravatar.com\/avatar\/ed0fb6c2dc8ca8634274f12b6bcee558dbcb1b05612be222e7d40b115c40b4f2?s=96&d=mm&r=g","contentUrl":"https:\/\/secure.gravatar.com\/avatar\/ed0fb6c2dc8ca8634274f12b6bcee558dbcb1b05612be222e7d40b115c40b4f2?s=96&d=mm&r=g","caption":"LifesGo"},"sameAs":["https:\/\/lifesgo.com.br"],"url":"https:\/\/lifesgo.an9.com.br\/index.php\/author\/lucamor\/"}]}},"_links":{"self":[{"href":"https:\/\/lifesgo.an9.com.br\/index.php\/wp-json\/wp\/v2\/posts\/54448","targetHints":{"allow":["GET"]}}],"collection":[{"href":"https:\/\/lifesgo.an9.com.br\/index.php\/wp-json\/wp\/v2\/posts"}],"about":[{"href":"https:\/\/lifesgo.an9.com.br\/index.php\/wp-json\/wp\/v2\/types\/post"}],"author":[{"embeddable":true,"href":"https:\/\/lifesgo.an9.com.br\/index.php\/wp-json\/wp\/v2\/users\/1"}],"replies":[{"embeddable":true,"href":"https:\/\/lifesgo.an9.com.br\/index.php\/wp-json\/wp\/v2\/comments?post=54448"}],"version-history":[{"count":1,"href":"https:\/\/lifesgo.an9.com.br\/index.php\/wp-json\/wp\/v2\/posts\/54448\/revisions"}],"predecessor-version":[{"id":54449,"href":"https:\/\/lifesgo.an9.com.br\/index.php\/wp-json\/wp\/v2\/posts\/54448\/revisions\/54449"}],"wp:featuredmedia":[{"embeddable":true,"href":"https:\/\/lifesgo.an9.com.br\/index.php\/wp-json\/wp\/v2\/media\/54447"}],"wp:attachment":[{"href":"https:\/\/lifesgo.an9.com.br\/index.php\/wp-json\/wp\/v2\/media?parent=54448"}],"wp:term":[{"taxonomy":"category","embeddable":true,"href":"https:\/\/lifesgo.an9.com.br\/index.php\/wp-json\/wp\/v2\/categories?post=54448"},{"taxonomy":"post_tag","embeddable":true,"href":"https:\/\/lifesgo.an9.com.br\/index.php\/wp-json\/wp\/v2\/tags?post=54448"}],"curies":[{"name":"wp","href":"https:\/\/api.w.org\/{rel}","templated":true}]}}