{"id":52224,"date":"2024-10-01T15:36:09","date_gmt":"2024-10-01T18:36:09","guid":{"rendered":"https:\/\/lifesgo.an9.com.br\/?p=52224"},"modified":"2024-10-01T15:36:09","modified_gmt":"2024-10-01T18:36:09","slug":"contacao-de-historias-assustadoras-oficinas-de-petecas-e-pecas-em-argila-agitam-o-mes-da-crianca-no-museu-das-culturas-indigenas","status":"publish","type":"post","link":"https:\/\/lifesgo.an9.com.br\/index.php\/2024\/10\/01\/contacao-de-historias-assustadoras-oficinas-de-petecas-e-pecas-em-argila-agitam-o-mes-da-crianca-no-museu-das-culturas-indigenas\/","title":{"rendered":"Conta\u00e7\u00e3o de hist\u00f3rias assustadoras, oficinas de petecas e pe\u00e7as em argila agitam o m\u00eas da crian\u00e7a no Museu das Culturas Ind\u00edgenas"},"content":{"rendered":"<p><strong><em>Em celebra\u00e7\u00e3o a data, atividades gratuitas ensinam o p\u00fablico infantil a criar petecas e a moldar acess\u00f3rios em argila; programa\u00e7\u00e3o mensal conta com curso para educadores e narra\u00e7\u00e3o de contos apavorantes<\/em><\/strong><\/p>\n<p>Para celebrar o Dia das Crian\u00e7as, o Museu das Culturas Ind\u00edgenas (MCI) oferecer\u00e1 oficinas gratuitas inspiradas na cultura Guarani. O p\u00fablico infantil poder\u00e1 criar petecas e pe\u00e7as em argila, aprender varia\u00e7\u00f5es da brincadeira e hist\u00f3rias tradicionais. A agenda de atividades ainda prev\u00ea a narra\u00e7\u00e3o de mitologias assustadoras e o curso de forma\u00e7\u00e3o em tem\u00e1ticas dos povos origin\u00e1rios para educadores. O MCI \u00e9 uma institui\u00e7\u00e3o da Secretaria da Cultura, Economia e Ind\u00fastria Criativas do Estado de S\u00e3o Paulo, gerida pela ACAM Portinari (Associa\u00e7\u00e3o Cultural de Apoio ao Museu Casa de Portinari), em parceria com o Instituto Marac\u00e1 e o Conselho Ind\u00edgena Aty Mirim.<\/p>\n<p>A divers\u00e3o em <strong>12 de outubro <\/strong>tem in\u00edcio <strong>\u00e0s 10h<\/strong> com a oficina de cria\u00e7\u00e3o de petecas. Jaxuk\u00e1 Mirim, mulher ind\u00edgena Guarani Nhandeva, ensinar\u00e1 t\u00e9cnicas com materiais utilizados pelo seu povo para a confec\u00e7\u00e3o do objeto, como penas de aves e fibras naturais \u2013 como cascas de bananeira e palhas de milho.<\/p>\n<p>Com varia\u00e7\u00f5es na forma de brincar, a peteca \u00e9 culturalmente conhecida em diversas regi\u00f5es da Am\u00e9rica Latina. Nas comunidades tradicionais Guaranis, o jogo desempenha um papel importante na sociabilidade.<\/p>\n<p>A cria\u00e7\u00e3o de pe\u00e7as em argila come\u00e7ar\u00e1 <strong>\u00e0s 14h<\/strong>, com a oficina conduzida por Vilmar Kuaray, artes\u00e3o Tupi-Guarani. A partir da observa\u00e7\u00e3o de objetos esculpidos em galhos e troncos, o p\u00fablico colocar\u00e1 a \u201cm\u00e3o na massa\u201d para criar seus modelos e aprender\u00e1 o uso tradicional da mat\u00e9ria-prima na cultura Guarani.<\/p>\n<p style=\"text-align: center;\"><img loading=\"lazy\" decoding=\"async\" class=\"aligncenter size-full wp-image-3520\" src=\"http:\/\/publisher.moreiracomunicacao.com\/wp-content\/uploads\/2024\/10\/WhatsApp-Image-2024-10-01-at-15.29.21.jpg\" alt=\"\" width=\"800\" height=\"533\" \/><\/p>\n<p style=\"text-align: center;\"><em>(Material \u00e9 tradicionalmente utilizado pelos Guaranis para a confec\u00e7\u00e3o de cer\u00e2micas. <\/em><em>Foto: acervo MCI)<\/em><\/p>\n<p><em>\u00a0<\/em>Extra\u00edda de locais como o fundo de igarap\u00e9s, a argila \u00e9 fundamental para a confec\u00e7\u00e3o de pe\u00e7as em cer\u00e2mica. \u00c9 considerada de valor inestim\u00e1vel para diversas culturas ind\u00edgenas, pois seu uso est\u00e1 presente em rituais e no cotidiano das comunidades.<\/p>\n<p><strong>Curso para educadores: \u201couvir as belas palavras\u201d<\/strong><\/p>\n<p>Para descontruir vis\u00f5es estereotipada e preconceitos em rela\u00e7\u00e3o aos povos ind\u00edgenas, o MCI oferecer\u00e1 uma forma\u00e7\u00e3o presencial em tem\u00e1ticas ind\u00edgenas na educa\u00e7\u00e3o, com a participa\u00e7\u00e3o de mestres e lideran\u00e7as origin\u00e1rias, al\u00e9m de uma viv\u00eancia no territ\u00f3rio Guarani Mbya em S\u00e3o Paulo (SP). Os encontros acontecer\u00e3o na sede da institui\u00e7\u00e3o entre 19 de outubro e 9 de novembro, \u00e0s 10h.<\/p>\n<p>Os encontros promover\u00e3o reflex\u00f5es sobre pr\u00e1ticas pedag\u00f3gicas e apresentar\u00e3o diferentes conhecimentos tradicionais e perspectivas ind\u00edgenas para que sejam ensinados nos ambientes escolares. A expectativa \u00e9 estimular as futuras gera\u00e7\u00f5es a respeitarem \u00e0s diferentes formas de saber e de viver dos povos origin\u00e1rios.<\/p>\n<p><strong>Conta\u00e7\u00e3o de hist\u00f3rias<\/strong><\/p>\n<p>Para trazer brasilidade e identidade \u00e0 celebra\u00e7\u00e3o do \u201challoween\u201d, o MCI narrar\u00e1 mitologias assustadoras de diferentes etnias repleta de entidades sobrenaturais regionais. Durante a atividade, o p\u00fablico conhecer\u00e1 a defini\u00e7\u00e3o de \u201clenda\u201d sob a perspectiva dos povos origin\u00e1rios brasileiros. \u00a0Esses elementos assustadores cumprem um papel social na cultura e s\u00e3o inerentes ao cotidiano.<\/p>\n<p><strong>SERVI\u00c7O<\/strong><\/p>\n<p>Dia das Crian\u00e7as no MCI: Oficina de Cria\u00e7\u00e3o de Petecas, com Jaxuk\u00e1 Mirim<\/p>\n<p><strong>Data e hor\u00e1rio: <\/strong>12\/10\/2024, das 10h \u00e0s 12h<\/p>\n<p>Dia das Crian\u00e7as no MCI: Oficina de Argila, com Vilmar Kuaray<\/p>\n<p><strong>Data e hor\u00e1rio: <\/strong>12\/10\/2024, das 14h \u00e0s 16h<\/p>\n<p><strong>Curso para Educadores: ouvir belas palavras \u2013 tem\u00e1ticas ind\u00edgenas para a educa\u00e7\u00e3o<\/strong><\/p>\n<p><strong>Data e hor\u00e1rio: <\/strong>19\/10\/2024, das 10h \u00e0s 18h; e 26\/10, 02 e 09\/11\/2024, das 10h \u00e0s 17h<\/p>\n<p><strong>Conta\u00e7\u00e3o de Hist\u00f3rias MCI: Hist\u00f3rias Assustadoras Ind\u00edgenas<\/strong><\/p>\n<p><strong>Data e hor\u00e1rio: <\/strong>31\/10\/2024, das 19h \u00e0s 20h<\/p>\n<p><strong>Museu das Culturas Ind\u00edgenas<\/strong><\/p>\n<p><strong>Endere\u00e7o: <\/strong>Rua Dona Germaine Burchard, 451, \u00c1gua Branca \u2013 S\u00e3o Paulo\/SP<\/p>\n<p><strong>Telefone:<\/strong> (11) 3873-1541<\/p>\n<p><strong>E-mail:<\/strong> <a href=\"mailto:contato@museudasculturasindigenas.org.br\">contato@museudasculturasindigenas.org.br\u00a0<\/a><\/p>\n<p><strong>Site<\/strong>:<a href=\"http:\/\/www.museudasculturasindigenas.org.br\/\"> www.museudasculturasindigenas.org.br<\/a><\/p>\n<p><strong>Redes sociais<\/strong><\/p>\n<p>Instagram (<a href=\"http:\/\/instagram.com\/museudasculturasindigenas\">@museudasculturasindigenas<\/a>)<\/p>\n<p>Facebook (<a href=\"http:\/\/facebook.com\/museudasculturasindigenas\">\/museudasculturasindigenas<\/a>)<\/p>\n<p>Twitter (<a href=\"http:\/\/twitter.com\/mcindigenas\">@mcindigenas<\/a>)<\/p>\n<p>YouTube (<a href=\"http:\/\/youtube.com\/channel\/UCYgc3AXP0-UfQye5pgbVloQ\">@museudasculturasindigenas<\/a>)<\/p>\n","protected":false},"excerpt":{"rendered":"<p>Em celebra\u00e7\u00e3o a data, atividades gratuitas ensinam o p\u00fablico infantil&#8230;<\/p>\n","protected":false},"author":1,"featured_media":52223,"comment_status":"closed","ping_status":"open","sticky":false,"template":"","format":"standard","meta":{"_acf_changed":false,"footnotes":""},"categories":[29],"tags":[],"class_list":["post-52224","post","type-post","status-publish","format-standard","has-post-thumbnail","hentry","category-cultura"],"acf":[],"yoast_head":"<!-- This site is optimized with the Yoast SEO plugin v27.5 - https:\/\/yoast.com\/product\/yoast-seo-wordpress\/ -->\n<title>Conta\u00e7\u00e3o de hist\u00f3rias assustadoras, oficinas de petecas e pe\u00e7as em argila agitam o m\u00eas da crian\u00e7a no Museu das Culturas Ind\u00edgenas - LifesGo<\/title>\n<meta name=\"robots\" content=\"index, follow, max-snippet:-1, max-image-preview:large, max-video-preview:-1\" \/>\n<link rel=\"canonical\" href=\"https:\/\/lifesgo.an9.com.br\/index.php\/2024\/10\/01\/contacao-de-historias-assustadoras-oficinas-de-petecas-e-pecas-em-argila-agitam-o-mes-da-crianca-no-museu-das-culturas-indigenas\/\" \/>\n<meta property=\"og:locale\" content=\"en_US\" \/>\n<meta property=\"og:type\" content=\"article\" \/>\n<meta property=\"og:title\" content=\"Conta\u00e7\u00e3o de hist\u00f3rias assustadoras, oficinas de petecas e pe\u00e7as em argila agitam o m\u00eas da crian\u00e7a no Museu das Culturas Ind\u00edgenas - LifesGo\" \/>\n<meta property=\"og:description\" content=\"Em celebra\u00e7\u00e3o a data, atividades gratuitas ensinam o p\u00fablico infantil...\" \/>\n<meta property=\"og:url\" content=\"https:\/\/lifesgo.an9.com.br\/index.php\/2024\/10\/01\/contacao-de-historias-assustadoras-oficinas-de-petecas-e-pecas-em-argila-agitam-o-mes-da-crianca-no-museu-das-culturas-indigenas\/\" \/>\n<meta property=\"og:site_name\" content=\"LifesGo\" \/>\n<meta property=\"article:published_time\" content=\"2024-10-01T18:36:09+00:00\" \/>\n<meta property=\"og:image\" content=\"https:\/\/lifesgo.an9.com.br\/wp-content\/uploads\/2024\/10\/4146-3-3.jpg\" \/>\n\t<meta property=\"og:image:width\" content=\"800\" \/>\n\t<meta property=\"og:image:height\" content=\"451\" \/>\n\t<meta property=\"og:image:type\" content=\"image\/jpeg\" \/>\n<meta name=\"author\" content=\"Fernando Braga\" \/>\n<meta name=\"twitter:card\" content=\"summary_large_image\" \/>\n<meta name=\"twitter:label1\" content=\"Written by\" \/>\n\t<meta name=\"twitter:data1\" content=\"Fernando Braga\" \/>\n\t<meta name=\"twitter:label2\" content=\"Est. reading time\" \/>\n\t<meta name=\"twitter:data2\" content=\"3 minutes\" \/>\n<script type=\"application\/ld+json\" class=\"yoast-schema-graph\">{\"@context\":\"https:\\\/\\\/schema.org\",\"@graph\":[{\"@type\":\"Article\",\"@id\":\"https:\\\/\\\/lifesgo.an9.com.br\\\/index.php\\\/2024\\\/10\\\/01\\\/contacao-de-historias-assustadoras-oficinas-de-petecas-e-pecas-em-argila-agitam-o-mes-da-crianca-no-museu-das-culturas-indigenas\\\/#article\",\"isPartOf\":{\"@id\":\"https:\\\/\\\/lifesgo.an9.com.br\\\/index.php\\\/2024\\\/10\\\/01\\\/contacao-de-historias-assustadoras-oficinas-de-petecas-e-pecas-em-argila-agitam-o-mes-da-crianca-no-museu-das-culturas-indigenas\\\/\"},\"author\":{\"name\":\"Fernando Braga\",\"@id\":\"https:\\\/\\\/lifesgo.an9.com.br\\\/#\\\/schema\\\/person\\\/b34bfc24fce1f5cb9dc117e2efe61a07\"},\"headline\":\"Conta\u00e7\u00e3o de hist\u00f3rias assustadoras, oficinas de petecas e pe\u00e7as em argila agitam o m\u00eas da crian\u00e7a no Museu das Culturas Ind\u00edgenas\",\"datePublished\":\"2024-10-01T18:36:09+00:00\",\"mainEntityOfPage\":{\"@id\":\"https:\\\/\\\/lifesgo.an9.com.br\\\/index.php\\\/2024\\\/10\\\/01\\\/contacao-de-historias-assustadoras-oficinas-de-petecas-e-pecas-em-argila-agitam-o-mes-da-crianca-no-museu-das-culturas-indigenas\\\/\"},\"wordCount\":706,\"image\":{\"@id\":\"https:\\\/\\\/lifesgo.an9.com.br\\\/index.php\\\/2024\\\/10\\\/01\\\/contacao-de-historias-assustadoras-oficinas-de-petecas-e-pecas-em-argila-agitam-o-mes-da-crianca-no-museu-das-culturas-indigenas\\\/#primaryimage\"},\"thumbnailUrl\":\"https:\\\/\\\/lifesgo.an9.com.br\\\/wp-content\\\/uploads\\\/2024\\\/10\\\/4146-3-3.jpg\",\"articleSection\":[\"Cultura\"],\"inLanguage\":\"en-US\"},{\"@type\":\"WebPage\",\"@id\":\"https:\\\/\\\/lifesgo.an9.com.br\\\/index.php\\\/2024\\\/10\\\/01\\\/contacao-de-historias-assustadoras-oficinas-de-petecas-e-pecas-em-argila-agitam-o-mes-da-crianca-no-museu-das-culturas-indigenas\\\/\",\"url\":\"https:\\\/\\\/lifesgo.an9.com.br\\\/index.php\\\/2024\\\/10\\\/01\\\/contacao-de-historias-assustadoras-oficinas-de-petecas-e-pecas-em-argila-agitam-o-mes-da-crianca-no-museu-das-culturas-indigenas\\\/\",\"name\":\"Conta\u00e7\u00e3o de hist\u00f3rias assustadoras, oficinas de petecas e pe\u00e7as em argila agitam o m\u00eas da crian\u00e7a no Museu das Culturas Ind\u00edgenas - LifesGo\",\"isPartOf\":{\"@id\":\"https:\\\/\\\/lifesgo.an9.com.br\\\/#website\"},\"primaryImageOfPage\":{\"@id\":\"https:\\\/\\\/lifesgo.an9.com.br\\\/index.php\\\/2024\\\/10\\\/01\\\/contacao-de-historias-assustadoras-oficinas-de-petecas-e-pecas-em-argila-agitam-o-mes-da-crianca-no-museu-das-culturas-indigenas\\\/#primaryimage\"},\"image\":{\"@id\":\"https:\\\/\\\/lifesgo.an9.com.br\\\/index.php\\\/2024\\\/10\\\/01\\\/contacao-de-historias-assustadoras-oficinas-de-petecas-e-pecas-em-argila-agitam-o-mes-da-crianca-no-museu-das-culturas-indigenas\\\/#primaryimage\"},\"thumbnailUrl\":\"https:\\\/\\\/lifesgo.an9.com.br\\\/wp-content\\\/uploads\\\/2024\\\/10\\\/4146-3-3.jpg\",\"datePublished\":\"2024-10-01T18:36:09+00:00\",\"author\":{\"@id\":\"https:\\\/\\\/lifesgo.an9.com.br\\\/#\\\/schema\\\/person\\\/b34bfc24fce1f5cb9dc117e2efe61a07\"},\"breadcrumb\":{\"@id\":\"https:\\\/\\\/lifesgo.an9.com.br\\\/index.php\\\/2024\\\/10\\\/01\\\/contacao-de-historias-assustadoras-oficinas-de-petecas-e-pecas-em-argila-agitam-o-mes-da-crianca-no-museu-das-culturas-indigenas\\\/#breadcrumb\"},\"inLanguage\":\"en-US\",\"potentialAction\":[{\"@type\":\"ReadAction\",\"target\":[\"https:\\\/\\\/lifesgo.an9.com.br\\\/index.php\\\/2024\\\/10\\\/01\\\/contacao-de-historias-assustadoras-oficinas-de-petecas-e-pecas-em-argila-agitam-o-mes-da-crianca-no-museu-das-culturas-indigenas\\\/\"]}]},{\"@type\":\"ImageObject\",\"inLanguage\":\"en-US\",\"@id\":\"https:\\\/\\\/lifesgo.an9.com.br\\\/index.php\\\/2024\\\/10\\\/01\\\/contacao-de-historias-assustadoras-oficinas-de-petecas-e-pecas-em-argila-agitam-o-mes-da-crianca-no-museu-das-culturas-indigenas\\\/#primaryimage\",\"url\":\"https:\\\/\\\/lifesgo.an9.com.br\\\/wp-content\\\/uploads\\\/2024\\\/10\\\/4146-3-3.jpg\",\"contentUrl\":\"https:\\\/\\\/lifesgo.an9.com.br\\\/wp-content\\\/uploads\\\/2024\\\/10\\\/4146-3-3.jpg\",\"width\":800,\"height\":451},{\"@type\":\"BreadcrumbList\",\"@id\":\"https:\\\/\\\/lifesgo.an9.com.br\\\/index.php\\\/2024\\\/10\\\/01\\\/contacao-de-historias-assustadoras-oficinas-de-petecas-e-pecas-em-argila-agitam-o-mes-da-crianca-no-museu-das-culturas-indigenas\\\/#breadcrumb\",\"itemListElement\":[{\"@type\":\"ListItem\",\"position\":1,\"name\":\"In\u00edcio\",\"item\":\"https:\\\/\\\/lifesgo.an9.com.br\\\/\"},{\"@type\":\"ListItem\",\"position\":2,\"name\":\"Conta\u00e7\u00e3o de hist\u00f3rias assustadoras, oficinas de petecas e pe\u00e7as em argila agitam o m\u00eas da crian\u00e7a no Museu das Culturas Ind\u00edgenas\"}]},{\"@type\":\"WebSite\",\"@id\":\"https:\\\/\\\/lifesgo.an9.com.br\\\/#website\",\"url\":\"https:\\\/\\\/lifesgo.an9.com.br\\\/\",\"name\":\"LifesGo\",\"description\":\"\",\"potentialAction\":[{\"@type\":\"SearchAction\",\"target\":{\"@type\":\"EntryPoint\",\"urlTemplate\":\"https:\\\/\\\/lifesgo.an9.com.br\\\/?s={search_term_string}\"},\"query-input\":{\"@type\":\"PropertyValueSpecification\",\"valueRequired\":true,\"valueName\":\"search_term_string\"}}],\"inLanguage\":\"en-US\"},{\"@type\":\"Person\",\"@id\":\"https:\\\/\\\/lifesgo.an9.com.br\\\/#\\\/schema\\\/person\\\/b34bfc24fce1f5cb9dc117e2efe61a07\",\"name\":\"Fernando Braga\",\"image\":{\"@type\":\"ImageObject\",\"inLanguage\":\"en-US\",\"@id\":\"https:\\\/\\\/secure.gravatar.com\\\/avatar\\\/ffb6c6a544d3f2aff8e0c589f1d5e9d3459aa75486bb6627d6b49b9b24c34a3e?s=96&d=mm&r=g\",\"url\":\"https:\\\/\\\/secure.gravatar.com\\\/avatar\\\/ffb6c6a544d3f2aff8e0c589f1d5e9d3459aa75486bb6627d6b49b9b24c34a3e?s=96&d=mm&r=g\",\"contentUrl\":\"https:\\\/\\\/secure.gravatar.com\\\/avatar\\\/ffb6c6a544d3f2aff8e0c589f1d5e9d3459aa75486bb6627d6b49b9b24c34a3e?s=96&d=mm&r=g\",\"caption\":\"Fernando Braga\"},\"sameAs\":[\"https:\\\/\\\/lifesgo.com.br\"],\"url\":\"https:\\\/\\\/lifesgo.an9.com.br\\\/index.php\\\/author\\\/lucamor\\\/\"}]}<\/script>\n<!-- \/ Yoast SEO plugin. -->","yoast_head_json":{"title":"Conta\u00e7\u00e3o de hist\u00f3rias assustadoras, oficinas de petecas e pe\u00e7as em argila agitam o m\u00eas da crian\u00e7a no Museu das Culturas Ind\u00edgenas - LifesGo","robots":{"index":"index","follow":"follow","max-snippet":"max-snippet:-1","max-image-preview":"max-image-preview:large","max-video-preview":"max-video-preview:-1"},"canonical":"https:\/\/lifesgo.an9.com.br\/index.php\/2024\/10\/01\/contacao-de-historias-assustadoras-oficinas-de-petecas-e-pecas-em-argila-agitam-o-mes-da-crianca-no-museu-das-culturas-indigenas\/","og_locale":"en_US","og_type":"article","og_title":"Conta\u00e7\u00e3o de hist\u00f3rias assustadoras, oficinas de petecas e pe\u00e7as em argila agitam o m\u00eas da crian\u00e7a no Museu das Culturas Ind\u00edgenas - LifesGo","og_description":"Em celebra\u00e7\u00e3o a data, atividades gratuitas ensinam o p\u00fablico infantil...","og_url":"https:\/\/lifesgo.an9.com.br\/index.php\/2024\/10\/01\/contacao-de-historias-assustadoras-oficinas-de-petecas-e-pecas-em-argila-agitam-o-mes-da-crianca-no-museu-das-culturas-indigenas\/","og_site_name":"LifesGo","article_published_time":"2024-10-01T18:36:09+00:00","og_image":[{"width":800,"height":451,"url":"https:\/\/lifesgo.an9.com.br\/wp-content\/uploads\/2024\/10\/4146-3-3.jpg","type":"image\/jpeg"}],"author":"Fernando Braga","twitter_card":"summary_large_image","twitter_misc":{"Written by":"Fernando Braga","Est. reading time":"3 minutes"},"schema":{"@context":"https:\/\/schema.org","@graph":[{"@type":"Article","@id":"https:\/\/lifesgo.an9.com.br\/index.php\/2024\/10\/01\/contacao-de-historias-assustadoras-oficinas-de-petecas-e-pecas-em-argila-agitam-o-mes-da-crianca-no-museu-das-culturas-indigenas\/#article","isPartOf":{"@id":"https:\/\/lifesgo.an9.com.br\/index.php\/2024\/10\/01\/contacao-de-historias-assustadoras-oficinas-de-petecas-e-pecas-em-argila-agitam-o-mes-da-crianca-no-museu-das-culturas-indigenas\/"},"author":{"name":"Fernando Braga","@id":"https:\/\/lifesgo.an9.com.br\/#\/schema\/person\/b34bfc24fce1f5cb9dc117e2efe61a07"},"headline":"Conta\u00e7\u00e3o de hist\u00f3rias assustadoras, oficinas de petecas e pe\u00e7as em argila agitam o m\u00eas da crian\u00e7a no Museu das Culturas Ind\u00edgenas","datePublished":"2024-10-01T18:36:09+00:00","mainEntityOfPage":{"@id":"https:\/\/lifesgo.an9.com.br\/index.php\/2024\/10\/01\/contacao-de-historias-assustadoras-oficinas-de-petecas-e-pecas-em-argila-agitam-o-mes-da-crianca-no-museu-das-culturas-indigenas\/"},"wordCount":706,"image":{"@id":"https:\/\/lifesgo.an9.com.br\/index.php\/2024\/10\/01\/contacao-de-historias-assustadoras-oficinas-de-petecas-e-pecas-em-argila-agitam-o-mes-da-crianca-no-museu-das-culturas-indigenas\/#primaryimage"},"thumbnailUrl":"https:\/\/lifesgo.an9.com.br\/wp-content\/uploads\/2024\/10\/4146-3-3.jpg","articleSection":["Cultura"],"inLanguage":"en-US"},{"@type":"WebPage","@id":"https:\/\/lifesgo.an9.com.br\/index.php\/2024\/10\/01\/contacao-de-historias-assustadoras-oficinas-de-petecas-e-pecas-em-argila-agitam-o-mes-da-crianca-no-museu-das-culturas-indigenas\/","url":"https:\/\/lifesgo.an9.com.br\/index.php\/2024\/10\/01\/contacao-de-historias-assustadoras-oficinas-de-petecas-e-pecas-em-argila-agitam-o-mes-da-crianca-no-museu-das-culturas-indigenas\/","name":"Conta\u00e7\u00e3o de hist\u00f3rias assustadoras, oficinas de petecas e pe\u00e7as em argila agitam o m\u00eas da crian\u00e7a no Museu das Culturas Ind\u00edgenas - LifesGo","isPartOf":{"@id":"https:\/\/lifesgo.an9.com.br\/#website"},"primaryImageOfPage":{"@id":"https:\/\/lifesgo.an9.com.br\/index.php\/2024\/10\/01\/contacao-de-historias-assustadoras-oficinas-de-petecas-e-pecas-em-argila-agitam-o-mes-da-crianca-no-museu-das-culturas-indigenas\/#primaryimage"},"image":{"@id":"https:\/\/lifesgo.an9.com.br\/index.php\/2024\/10\/01\/contacao-de-historias-assustadoras-oficinas-de-petecas-e-pecas-em-argila-agitam-o-mes-da-crianca-no-museu-das-culturas-indigenas\/#primaryimage"},"thumbnailUrl":"https:\/\/lifesgo.an9.com.br\/wp-content\/uploads\/2024\/10\/4146-3-3.jpg","datePublished":"2024-10-01T18:36:09+00:00","author":{"@id":"https:\/\/lifesgo.an9.com.br\/#\/schema\/person\/b34bfc24fce1f5cb9dc117e2efe61a07"},"breadcrumb":{"@id":"https:\/\/lifesgo.an9.com.br\/index.php\/2024\/10\/01\/contacao-de-historias-assustadoras-oficinas-de-petecas-e-pecas-em-argila-agitam-o-mes-da-crianca-no-museu-das-culturas-indigenas\/#breadcrumb"},"inLanguage":"en-US","potentialAction":[{"@type":"ReadAction","target":["https:\/\/lifesgo.an9.com.br\/index.php\/2024\/10\/01\/contacao-de-historias-assustadoras-oficinas-de-petecas-e-pecas-em-argila-agitam-o-mes-da-crianca-no-museu-das-culturas-indigenas\/"]}]},{"@type":"ImageObject","inLanguage":"en-US","@id":"https:\/\/lifesgo.an9.com.br\/index.php\/2024\/10\/01\/contacao-de-historias-assustadoras-oficinas-de-petecas-e-pecas-em-argila-agitam-o-mes-da-crianca-no-museu-das-culturas-indigenas\/#primaryimage","url":"https:\/\/lifesgo.an9.com.br\/wp-content\/uploads\/2024\/10\/4146-3-3.jpg","contentUrl":"https:\/\/lifesgo.an9.com.br\/wp-content\/uploads\/2024\/10\/4146-3-3.jpg","width":800,"height":451},{"@type":"BreadcrumbList","@id":"https:\/\/lifesgo.an9.com.br\/index.php\/2024\/10\/01\/contacao-de-historias-assustadoras-oficinas-de-petecas-e-pecas-em-argila-agitam-o-mes-da-crianca-no-museu-das-culturas-indigenas\/#breadcrumb","itemListElement":[{"@type":"ListItem","position":1,"name":"In\u00edcio","item":"https:\/\/lifesgo.an9.com.br\/"},{"@type":"ListItem","position":2,"name":"Conta\u00e7\u00e3o de hist\u00f3rias assustadoras, oficinas de petecas e pe\u00e7as em argila agitam o m\u00eas da crian\u00e7a no Museu das Culturas Ind\u00edgenas"}]},{"@type":"WebSite","@id":"https:\/\/lifesgo.an9.com.br\/#website","url":"https:\/\/lifesgo.an9.com.br\/","name":"LifesGo","description":"","potentialAction":[{"@type":"SearchAction","target":{"@type":"EntryPoint","urlTemplate":"https:\/\/lifesgo.an9.com.br\/?s={search_term_string}"},"query-input":{"@type":"PropertyValueSpecification","valueRequired":true,"valueName":"search_term_string"}}],"inLanguage":"en-US"},{"@type":"Person","@id":"https:\/\/lifesgo.an9.com.br\/#\/schema\/person\/b34bfc24fce1f5cb9dc117e2efe61a07","name":"Fernando Braga","image":{"@type":"ImageObject","inLanguage":"en-US","@id":"https:\/\/secure.gravatar.com\/avatar\/ffb6c6a544d3f2aff8e0c589f1d5e9d3459aa75486bb6627d6b49b9b24c34a3e?s=96&d=mm&r=g","url":"https:\/\/secure.gravatar.com\/avatar\/ffb6c6a544d3f2aff8e0c589f1d5e9d3459aa75486bb6627d6b49b9b24c34a3e?s=96&d=mm&r=g","contentUrl":"https:\/\/secure.gravatar.com\/avatar\/ffb6c6a544d3f2aff8e0c589f1d5e9d3459aa75486bb6627d6b49b9b24c34a3e?s=96&d=mm&r=g","caption":"Fernando Braga"},"sameAs":["https:\/\/lifesgo.com.br"],"url":"https:\/\/lifesgo.an9.com.br\/index.php\/author\/lucamor\/"}]}},"_links":{"self":[{"href":"https:\/\/lifesgo.an9.com.br\/index.php\/wp-json\/wp\/v2\/posts\/52224","targetHints":{"allow":["GET"]}}],"collection":[{"href":"https:\/\/lifesgo.an9.com.br\/index.php\/wp-json\/wp\/v2\/posts"}],"about":[{"href":"https:\/\/lifesgo.an9.com.br\/index.php\/wp-json\/wp\/v2\/types\/post"}],"author":[{"embeddable":true,"href":"https:\/\/lifesgo.an9.com.br\/index.php\/wp-json\/wp\/v2\/users\/1"}],"replies":[{"embeddable":true,"href":"https:\/\/lifesgo.an9.com.br\/index.php\/wp-json\/wp\/v2\/comments?post=52224"}],"version-history":[{"count":1,"href":"https:\/\/lifesgo.an9.com.br\/index.php\/wp-json\/wp\/v2\/posts\/52224\/revisions"}],"predecessor-version":[{"id":52225,"href":"https:\/\/lifesgo.an9.com.br\/index.php\/wp-json\/wp\/v2\/posts\/52224\/revisions\/52225"}],"wp:featuredmedia":[{"embeddable":true,"href":"https:\/\/lifesgo.an9.com.br\/index.php\/wp-json\/wp\/v2\/media\/52223"}],"wp:attachment":[{"href":"https:\/\/lifesgo.an9.com.br\/index.php\/wp-json\/wp\/v2\/media?parent=52224"}],"wp:term":[{"taxonomy":"category","embeddable":true,"href":"https:\/\/lifesgo.an9.com.br\/index.php\/wp-json\/wp\/v2\/categories?post=52224"},{"taxonomy":"post_tag","embeddable":true,"href":"https:\/\/lifesgo.an9.com.br\/index.php\/wp-json\/wp\/v2\/tags?post=52224"}],"curies":[{"name":"wp","href":"https:\/\/api.w.org\/{rel}","templated":true}]}}