{"id":52209,"date":"2024-10-01T14:18:22","date_gmt":"2024-10-01T17:18:22","guid":{"rendered":"https:\/\/lifesgo.an9.com.br\/?p=52209"},"modified":"2024-10-01T14:18:22","modified_gmt":"2024-10-01T17:18:22","slug":"edy-britto-e-samuel-deslumbram-luiz-eduardo-magalhaes-ba-uma-festa-particular","status":"publish","type":"post","link":"https:\/\/lifesgo.an9.com.br\/index.php\/2024\/10\/01\/edy-britto-e-samuel-deslumbram-luiz-eduardo-magalhaes-ba-uma-festa-particular\/","title":{"rendered":"Edy Britto e Samuel Deslumbram Luiz Eduardo Magalh\u00e3es-BA: Uma Festa Particular"},"content":{"rendered":"<p><strong><em>A dupla trouxe seu som contagiante e uma energia vibrante para o evento na Bahia<\/em><\/strong><\/p>\n<p>No dia 21 de setembro, <a href=\"https:\/\/www.instagram.com\/edybrittoesamuel\/\">Edy Britto e Samuel<\/a> fizeram um show inesquec\u00edvel em Luiz Eduardo Magalh\u00e3es-BA, em um evento particular que celebrou a m\u00fasica sertaneja com muita alegria. A dupla, conhecida por seu carisma e talento, encantou o p\u00fablico com um repert\u00f3rio variado que agradou a todos os presentes.<\/p>\n<p>Desde o in\u00edcio da apresenta\u00e7\u00e3o, Edy e Samuel cativaram o p\u00fablico com sucessos como <em>\u201cO Amor N\u00e3o Tem Hora\u201d<\/em>. A intera\u00e7\u00e3o entre os artistas e a plateia foi marcante, criando um clima de festa que envolveu a todos. As hist\u00f3rias compartilhadas e as risadas fizeram a noite ainda mais especial, mostrando que a m\u00fasica sertaneja \u00e9 tamb\u00e9m uma forma de celebrar a vida.<\/p>\n<p>O show incluiu can\u00e7\u00f5es do novo \u00e1lbum da dupla, que foram recebidas com entusiasmo. Os f\u00e3s vibraram a cada nova m\u00fasica, e a energia positiva no ar era ineg\u00e1vel. A presen\u00e7a de convidados especiais durante o evento trouxe mais emo\u00e7\u00e3o \u00e0 apresenta\u00e7\u00e3o, unindo for\u00e7as e talentos em um momento de pura celebra\u00e7\u00e3o da m\u00fasica.<\/p>\n<p><img loading=\"lazy\" decoding=\"async\" class=\"aligncenter size-full wp-image-1433\" src=\"https:\/\/publisher.moreiracomunicacao.com\/3\/wp-content\/uploads\/2024\/10\/WhatsApp-Image-2024-10-01-at-13.41.48.jpg\" alt=\"\" width=\"338\" height=\"600\" \/><\/p>\n<p>Os momentos de emo\u00e7\u00e3o n\u00e3o ficaram de fora, com <a href=\"https:\/\/www.instagram.com\/edybrittoesamuel\/\">Edy Britto e Samuel<\/a> apresentando baladas que tocaram o cora\u00e7\u00e3o de muitos. O p\u00fablico se deixou levar pelas letras que falavam de amor, saudade e supera\u00e7\u00e3o, criando uma conex\u00e3o genu\u00edna entre os artistas e seus f\u00e3s. A autenticidade e a paix\u00e3o da dupla pela m\u00fasica foram evidentes em cada acorde e em cada verso.<\/p>\n<p>O encerramento do show foi repleto de agradecimentos e uma chamada \u00e0 uni\u00e3o, com Edy e Samuel reafirmando seu compromisso com a m\u00fasica sertaneja e com o p\u00fablico. O clamor por mais m\u00fasicas fez com que a dupla retornasse ao palco para um bis emocionante, finalizando a noite de maneira espetacular.<\/p>\n<p>Com a apresenta\u00e7\u00e3o em Luiz Eduardo Magalh\u00e3es, <a href=\"https:\/\/www.instagram.com\/edybrittoesamuel\/\">Edy Britto e Samuel<\/a> demonstraram mais uma vez sua for\u00e7a e influ\u00eancia na m\u00fasica sertaneja. Os f\u00e3s sa\u00edram do evento com o cora\u00e7\u00e3o cheio de alegria e mem\u00f3rias que durar\u00e3o por muito tempo.<\/p>\n<p><a href=\"https:\/\/www.instagram.com\/edybrittoesamuel\/\">Edy Britto e Samuel<\/a> seguem sua turn\u00ea, preparados para encantar mais cidades e fortalecer suas ra\u00edzes na m\u00fasica sertaneja. A expectativa para os pr\u00f3ximos shows \u00e9 alta, e os f\u00e3s podem esperar mais momentos especiais que celebram a paix\u00e3o pela m\u00fasica.<\/p>\n<p><em>Ag\u00eancia: SEO NOT\u00cdCIAS <\/em><a href=\"https:\/\/www.instagram.com\/googlenoticias\/\"><em>@googlenoticias<\/em><\/a><\/p>\n","protected":false},"excerpt":{"rendered":"<p>A dupla trouxe seu som contagiante e uma energia vibrante&#8230;<\/p>\n","protected":false},"author":1,"featured_media":52208,"comment_status":"closed","ping_status":"open","sticky":false,"template":"","format":"standard","meta":{"_acf_changed":false,"footnotes":""},"categories":[27],"tags":[],"class_list":["post-52209","post","type-post","status-publish","format-standard","has-post-thumbnail","hentry","category-musica"],"acf":[],"yoast_head":"<!-- This site is optimized with the Yoast SEO plugin v27.5 - https:\/\/yoast.com\/product\/yoast-seo-wordpress\/ -->\n<title>Edy Britto e Samuel Deslumbram Luiz Eduardo Magalh\u00e3es-BA: Uma Festa Particular - LifesGo<\/title>\n<meta name=\"robots\" content=\"index, follow, max-snippet:-1, max-image-preview:large, max-video-preview:-1\" \/>\n<link rel=\"canonical\" href=\"https:\/\/lifesgo.an9.com.br\/index.php\/2024\/10\/01\/edy-britto-e-samuel-deslumbram-luiz-eduardo-magalhaes-ba-uma-festa-particular\/\" \/>\n<meta property=\"og:locale\" content=\"en_US\" \/>\n<meta property=\"og:type\" content=\"article\" \/>\n<meta property=\"og:title\" content=\"Edy Britto e Samuel Deslumbram Luiz Eduardo Magalh\u00e3es-BA: Uma Festa Particular - LifesGo\" \/>\n<meta property=\"og:description\" content=\"A dupla trouxe seu som contagiante e uma energia vibrante...\" \/>\n<meta property=\"og:url\" content=\"https:\/\/lifesgo.an9.com.br\/index.php\/2024\/10\/01\/edy-britto-e-samuel-deslumbram-luiz-eduardo-magalhaes-ba-uma-festa-particular\/\" \/>\n<meta property=\"og:site_name\" content=\"LifesGo\" \/>\n<meta property=\"article:published_time\" content=\"2024-10-01T17:18:22+00:00\" \/>\n<meta property=\"og:image\" content=\"https:\/\/lifesgo.an9.com.br\/wp-content\/uploads\/2024\/10\/4146-6.jpg\" \/>\n\t<meta property=\"og:image:width\" content=\"800\" \/>\n\t<meta property=\"og:image:height\" content=\"451\" \/>\n\t<meta property=\"og:image:type\" content=\"image\/jpeg\" \/>\n<meta name=\"author\" content=\"Fernando Braga\" \/>\n<meta name=\"twitter:card\" content=\"summary_large_image\" \/>\n<meta name=\"twitter:label1\" content=\"Written by\" \/>\n\t<meta name=\"twitter:data1\" content=\"Fernando Braga\" \/>\n\t<meta name=\"twitter:label2\" content=\"Est. reading time\" \/>\n\t<meta name=\"twitter:data2\" content=\"2 minutes\" \/>\n<script type=\"application\/ld+json\" class=\"yoast-schema-graph\">{\"@context\":\"https:\\\/\\\/schema.org\",\"@graph\":[{\"@type\":\"Article\",\"@id\":\"https:\\\/\\\/lifesgo.an9.com.br\\\/index.php\\\/2024\\\/10\\\/01\\\/edy-britto-e-samuel-deslumbram-luiz-eduardo-magalhaes-ba-uma-festa-particular\\\/#article\",\"isPartOf\":{\"@id\":\"https:\\\/\\\/lifesgo.an9.com.br\\\/index.php\\\/2024\\\/10\\\/01\\\/edy-britto-e-samuel-deslumbram-luiz-eduardo-magalhaes-ba-uma-festa-particular\\\/\"},\"author\":{\"name\":\"Fernando Braga\",\"@id\":\"https:\\\/\\\/lifesgo.an9.com.br\\\/#\\\/schema\\\/person\\\/b34bfc24fce1f5cb9dc117e2efe61a07\"},\"headline\":\"Edy Britto e Samuel Deslumbram Luiz Eduardo Magalh\u00e3es-BA: Uma Festa Particular\",\"datePublished\":\"2024-10-01T17:18:22+00:00\",\"mainEntityOfPage\":{\"@id\":\"https:\\\/\\\/lifesgo.an9.com.br\\\/index.php\\\/2024\\\/10\\\/01\\\/edy-britto-e-samuel-deslumbram-luiz-eduardo-magalhaes-ba-uma-festa-particular\\\/\"},\"wordCount\":443,\"image\":{\"@id\":\"https:\\\/\\\/lifesgo.an9.com.br\\\/index.php\\\/2024\\\/10\\\/01\\\/edy-britto-e-samuel-deslumbram-luiz-eduardo-magalhaes-ba-uma-festa-particular\\\/#primaryimage\"},\"thumbnailUrl\":\"https:\\\/\\\/lifesgo.an9.com.br\\\/wp-content\\\/uploads\\\/2024\\\/10\\\/4146-6.jpg\",\"articleSection\":[\"M\u00fasica\"],\"inLanguage\":\"en-US\"},{\"@type\":\"WebPage\",\"@id\":\"https:\\\/\\\/lifesgo.an9.com.br\\\/index.php\\\/2024\\\/10\\\/01\\\/edy-britto-e-samuel-deslumbram-luiz-eduardo-magalhaes-ba-uma-festa-particular\\\/\",\"url\":\"https:\\\/\\\/lifesgo.an9.com.br\\\/index.php\\\/2024\\\/10\\\/01\\\/edy-britto-e-samuel-deslumbram-luiz-eduardo-magalhaes-ba-uma-festa-particular\\\/\",\"name\":\"Edy Britto e Samuel Deslumbram Luiz Eduardo Magalh\u00e3es-BA: Uma Festa Particular - LifesGo\",\"isPartOf\":{\"@id\":\"https:\\\/\\\/lifesgo.an9.com.br\\\/#website\"},\"primaryImageOfPage\":{\"@id\":\"https:\\\/\\\/lifesgo.an9.com.br\\\/index.php\\\/2024\\\/10\\\/01\\\/edy-britto-e-samuel-deslumbram-luiz-eduardo-magalhaes-ba-uma-festa-particular\\\/#primaryimage\"},\"image\":{\"@id\":\"https:\\\/\\\/lifesgo.an9.com.br\\\/index.php\\\/2024\\\/10\\\/01\\\/edy-britto-e-samuel-deslumbram-luiz-eduardo-magalhaes-ba-uma-festa-particular\\\/#primaryimage\"},\"thumbnailUrl\":\"https:\\\/\\\/lifesgo.an9.com.br\\\/wp-content\\\/uploads\\\/2024\\\/10\\\/4146-6.jpg\",\"datePublished\":\"2024-10-01T17:18:22+00:00\",\"author\":{\"@id\":\"https:\\\/\\\/lifesgo.an9.com.br\\\/#\\\/schema\\\/person\\\/b34bfc24fce1f5cb9dc117e2efe61a07\"},\"breadcrumb\":{\"@id\":\"https:\\\/\\\/lifesgo.an9.com.br\\\/index.php\\\/2024\\\/10\\\/01\\\/edy-britto-e-samuel-deslumbram-luiz-eduardo-magalhaes-ba-uma-festa-particular\\\/#breadcrumb\"},\"inLanguage\":\"en-US\",\"potentialAction\":[{\"@type\":\"ReadAction\",\"target\":[\"https:\\\/\\\/lifesgo.an9.com.br\\\/index.php\\\/2024\\\/10\\\/01\\\/edy-britto-e-samuel-deslumbram-luiz-eduardo-magalhaes-ba-uma-festa-particular\\\/\"]}]},{\"@type\":\"ImageObject\",\"inLanguage\":\"en-US\",\"@id\":\"https:\\\/\\\/lifesgo.an9.com.br\\\/index.php\\\/2024\\\/10\\\/01\\\/edy-britto-e-samuel-deslumbram-luiz-eduardo-magalhaes-ba-uma-festa-particular\\\/#primaryimage\",\"url\":\"https:\\\/\\\/lifesgo.an9.com.br\\\/wp-content\\\/uploads\\\/2024\\\/10\\\/4146-6.jpg\",\"contentUrl\":\"https:\\\/\\\/lifesgo.an9.com.br\\\/wp-content\\\/uploads\\\/2024\\\/10\\\/4146-6.jpg\",\"width\":800,\"height\":451},{\"@type\":\"BreadcrumbList\",\"@id\":\"https:\\\/\\\/lifesgo.an9.com.br\\\/index.php\\\/2024\\\/10\\\/01\\\/edy-britto-e-samuel-deslumbram-luiz-eduardo-magalhaes-ba-uma-festa-particular\\\/#breadcrumb\",\"itemListElement\":[{\"@type\":\"ListItem\",\"position\":1,\"name\":\"In\u00edcio\",\"item\":\"https:\\\/\\\/lifesgo.an9.com.br\\\/\"},{\"@type\":\"ListItem\",\"position\":2,\"name\":\"Edy Britto e Samuel Deslumbram Luiz Eduardo Magalh\u00e3es-BA: Uma Festa Particular\"}]},{\"@type\":\"WebSite\",\"@id\":\"https:\\\/\\\/lifesgo.an9.com.br\\\/#website\",\"url\":\"https:\\\/\\\/lifesgo.an9.com.br\\\/\",\"name\":\"LifesGo\",\"description\":\"\",\"potentialAction\":[{\"@type\":\"SearchAction\",\"target\":{\"@type\":\"EntryPoint\",\"urlTemplate\":\"https:\\\/\\\/lifesgo.an9.com.br\\\/?s={search_term_string}\"},\"query-input\":{\"@type\":\"PropertyValueSpecification\",\"valueRequired\":true,\"valueName\":\"search_term_string\"}}],\"inLanguage\":\"en-US\"},{\"@type\":\"Person\",\"@id\":\"https:\\\/\\\/lifesgo.an9.com.br\\\/#\\\/schema\\\/person\\\/b34bfc24fce1f5cb9dc117e2efe61a07\",\"name\":\"Fernando Braga\",\"image\":{\"@type\":\"ImageObject\",\"inLanguage\":\"en-US\",\"@id\":\"https:\\\/\\\/secure.gravatar.com\\\/avatar\\\/ffb6c6a544d3f2aff8e0c589f1d5e9d3459aa75486bb6627d6b49b9b24c34a3e?s=96&d=mm&r=g\",\"url\":\"https:\\\/\\\/secure.gravatar.com\\\/avatar\\\/ffb6c6a544d3f2aff8e0c589f1d5e9d3459aa75486bb6627d6b49b9b24c34a3e?s=96&d=mm&r=g\",\"contentUrl\":\"https:\\\/\\\/secure.gravatar.com\\\/avatar\\\/ffb6c6a544d3f2aff8e0c589f1d5e9d3459aa75486bb6627d6b49b9b24c34a3e?s=96&d=mm&r=g\",\"caption\":\"Fernando Braga\"},\"sameAs\":[\"https:\\\/\\\/lifesgo.com.br\"],\"url\":\"https:\\\/\\\/lifesgo.an9.com.br\\\/index.php\\\/author\\\/lucamor\\\/\"}]}<\/script>\n<!-- \/ Yoast SEO plugin. -->","yoast_head_json":{"title":"Edy Britto e Samuel Deslumbram Luiz Eduardo Magalh\u00e3es-BA: Uma Festa Particular - LifesGo","robots":{"index":"index","follow":"follow","max-snippet":"max-snippet:-1","max-image-preview":"max-image-preview:large","max-video-preview":"max-video-preview:-1"},"canonical":"https:\/\/lifesgo.an9.com.br\/index.php\/2024\/10\/01\/edy-britto-e-samuel-deslumbram-luiz-eduardo-magalhaes-ba-uma-festa-particular\/","og_locale":"en_US","og_type":"article","og_title":"Edy Britto e Samuel Deslumbram Luiz Eduardo Magalh\u00e3es-BA: Uma Festa Particular - LifesGo","og_description":"A dupla trouxe seu som contagiante e uma energia vibrante...","og_url":"https:\/\/lifesgo.an9.com.br\/index.php\/2024\/10\/01\/edy-britto-e-samuel-deslumbram-luiz-eduardo-magalhaes-ba-uma-festa-particular\/","og_site_name":"LifesGo","article_published_time":"2024-10-01T17:18:22+00:00","og_image":[{"width":800,"height":451,"url":"https:\/\/lifesgo.an9.com.br\/wp-content\/uploads\/2024\/10\/4146-6.jpg","type":"image\/jpeg"}],"author":"Fernando Braga","twitter_card":"summary_large_image","twitter_misc":{"Written by":"Fernando Braga","Est. reading time":"2 minutes"},"schema":{"@context":"https:\/\/schema.org","@graph":[{"@type":"Article","@id":"https:\/\/lifesgo.an9.com.br\/index.php\/2024\/10\/01\/edy-britto-e-samuel-deslumbram-luiz-eduardo-magalhaes-ba-uma-festa-particular\/#article","isPartOf":{"@id":"https:\/\/lifesgo.an9.com.br\/index.php\/2024\/10\/01\/edy-britto-e-samuel-deslumbram-luiz-eduardo-magalhaes-ba-uma-festa-particular\/"},"author":{"name":"Fernando Braga","@id":"https:\/\/lifesgo.an9.com.br\/#\/schema\/person\/b34bfc24fce1f5cb9dc117e2efe61a07"},"headline":"Edy Britto e Samuel Deslumbram Luiz Eduardo Magalh\u00e3es-BA: Uma Festa Particular","datePublished":"2024-10-01T17:18:22+00:00","mainEntityOfPage":{"@id":"https:\/\/lifesgo.an9.com.br\/index.php\/2024\/10\/01\/edy-britto-e-samuel-deslumbram-luiz-eduardo-magalhaes-ba-uma-festa-particular\/"},"wordCount":443,"image":{"@id":"https:\/\/lifesgo.an9.com.br\/index.php\/2024\/10\/01\/edy-britto-e-samuel-deslumbram-luiz-eduardo-magalhaes-ba-uma-festa-particular\/#primaryimage"},"thumbnailUrl":"https:\/\/lifesgo.an9.com.br\/wp-content\/uploads\/2024\/10\/4146-6.jpg","articleSection":["M\u00fasica"],"inLanguage":"en-US"},{"@type":"WebPage","@id":"https:\/\/lifesgo.an9.com.br\/index.php\/2024\/10\/01\/edy-britto-e-samuel-deslumbram-luiz-eduardo-magalhaes-ba-uma-festa-particular\/","url":"https:\/\/lifesgo.an9.com.br\/index.php\/2024\/10\/01\/edy-britto-e-samuel-deslumbram-luiz-eduardo-magalhaes-ba-uma-festa-particular\/","name":"Edy Britto e Samuel Deslumbram Luiz Eduardo Magalh\u00e3es-BA: Uma Festa Particular - LifesGo","isPartOf":{"@id":"https:\/\/lifesgo.an9.com.br\/#website"},"primaryImageOfPage":{"@id":"https:\/\/lifesgo.an9.com.br\/index.php\/2024\/10\/01\/edy-britto-e-samuel-deslumbram-luiz-eduardo-magalhaes-ba-uma-festa-particular\/#primaryimage"},"image":{"@id":"https:\/\/lifesgo.an9.com.br\/index.php\/2024\/10\/01\/edy-britto-e-samuel-deslumbram-luiz-eduardo-magalhaes-ba-uma-festa-particular\/#primaryimage"},"thumbnailUrl":"https:\/\/lifesgo.an9.com.br\/wp-content\/uploads\/2024\/10\/4146-6.jpg","datePublished":"2024-10-01T17:18:22+00:00","author":{"@id":"https:\/\/lifesgo.an9.com.br\/#\/schema\/person\/b34bfc24fce1f5cb9dc117e2efe61a07"},"breadcrumb":{"@id":"https:\/\/lifesgo.an9.com.br\/index.php\/2024\/10\/01\/edy-britto-e-samuel-deslumbram-luiz-eduardo-magalhaes-ba-uma-festa-particular\/#breadcrumb"},"inLanguage":"en-US","potentialAction":[{"@type":"ReadAction","target":["https:\/\/lifesgo.an9.com.br\/index.php\/2024\/10\/01\/edy-britto-e-samuel-deslumbram-luiz-eduardo-magalhaes-ba-uma-festa-particular\/"]}]},{"@type":"ImageObject","inLanguage":"en-US","@id":"https:\/\/lifesgo.an9.com.br\/index.php\/2024\/10\/01\/edy-britto-e-samuel-deslumbram-luiz-eduardo-magalhaes-ba-uma-festa-particular\/#primaryimage","url":"https:\/\/lifesgo.an9.com.br\/wp-content\/uploads\/2024\/10\/4146-6.jpg","contentUrl":"https:\/\/lifesgo.an9.com.br\/wp-content\/uploads\/2024\/10\/4146-6.jpg","width":800,"height":451},{"@type":"BreadcrumbList","@id":"https:\/\/lifesgo.an9.com.br\/index.php\/2024\/10\/01\/edy-britto-e-samuel-deslumbram-luiz-eduardo-magalhaes-ba-uma-festa-particular\/#breadcrumb","itemListElement":[{"@type":"ListItem","position":1,"name":"In\u00edcio","item":"https:\/\/lifesgo.an9.com.br\/"},{"@type":"ListItem","position":2,"name":"Edy Britto e Samuel Deslumbram Luiz Eduardo Magalh\u00e3es-BA: Uma Festa Particular"}]},{"@type":"WebSite","@id":"https:\/\/lifesgo.an9.com.br\/#website","url":"https:\/\/lifesgo.an9.com.br\/","name":"LifesGo","description":"","potentialAction":[{"@type":"SearchAction","target":{"@type":"EntryPoint","urlTemplate":"https:\/\/lifesgo.an9.com.br\/?s={search_term_string}"},"query-input":{"@type":"PropertyValueSpecification","valueRequired":true,"valueName":"search_term_string"}}],"inLanguage":"en-US"},{"@type":"Person","@id":"https:\/\/lifesgo.an9.com.br\/#\/schema\/person\/b34bfc24fce1f5cb9dc117e2efe61a07","name":"Fernando Braga","image":{"@type":"ImageObject","inLanguage":"en-US","@id":"https:\/\/secure.gravatar.com\/avatar\/ffb6c6a544d3f2aff8e0c589f1d5e9d3459aa75486bb6627d6b49b9b24c34a3e?s=96&d=mm&r=g","url":"https:\/\/secure.gravatar.com\/avatar\/ffb6c6a544d3f2aff8e0c589f1d5e9d3459aa75486bb6627d6b49b9b24c34a3e?s=96&d=mm&r=g","contentUrl":"https:\/\/secure.gravatar.com\/avatar\/ffb6c6a544d3f2aff8e0c589f1d5e9d3459aa75486bb6627d6b49b9b24c34a3e?s=96&d=mm&r=g","caption":"Fernando Braga"},"sameAs":["https:\/\/lifesgo.com.br"],"url":"https:\/\/lifesgo.an9.com.br\/index.php\/author\/lucamor\/"}]}},"_links":{"self":[{"href":"https:\/\/lifesgo.an9.com.br\/index.php\/wp-json\/wp\/v2\/posts\/52209","targetHints":{"allow":["GET"]}}],"collection":[{"href":"https:\/\/lifesgo.an9.com.br\/index.php\/wp-json\/wp\/v2\/posts"}],"about":[{"href":"https:\/\/lifesgo.an9.com.br\/index.php\/wp-json\/wp\/v2\/types\/post"}],"author":[{"embeddable":true,"href":"https:\/\/lifesgo.an9.com.br\/index.php\/wp-json\/wp\/v2\/users\/1"}],"replies":[{"embeddable":true,"href":"https:\/\/lifesgo.an9.com.br\/index.php\/wp-json\/wp\/v2\/comments?post=52209"}],"version-history":[{"count":1,"href":"https:\/\/lifesgo.an9.com.br\/index.php\/wp-json\/wp\/v2\/posts\/52209\/revisions"}],"predecessor-version":[{"id":52210,"href":"https:\/\/lifesgo.an9.com.br\/index.php\/wp-json\/wp\/v2\/posts\/52209\/revisions\/52210"}],"wp:featuredmedia":[{"embeddable":true,"href":"https:\/\/lifesgo.an9.com.br\/index.php\/wp-json\/wp\/v2\/media\/52208"}],"wp:attachment":[{"href":"https:\/\/lifesgo.an9.com.br\/index.php\/wp-json\/wp\/v2\/media?parent=52209"}],"wp:term":[{"taxonomy":"category","embeddable":true,"href":"https:\/\/lifesgo.an9.com.br\/index.php\/wp-json\/wp\/v2\/categories?post=52209"},{"taxonomy":"post_tag","embeddable":true,"href":"https:\/\/lifesgo.an9.com.br\/index.php\/wp-json\/wp\/v2\/tags?post=52209"}],"curies":[{"name":"wp","href":"https:\/\/api.w.org\/{rel}","templated":true}]}}