{"id":52197,"date":"2024-10-01T13:10:20","date_gmt":"2024-10-01T16:10:20","guid":{"rendered":"https:\/\/lifesgo.an9.com.br\/?p=52197"},"modified":"2024-10-01T13:10:20","modified_gmt":"2024-10-01T16:10:20","slug":"icone-da-guitarra-no-mundo-victor-biglione-lanca-loja-virtual-em-evento-gratuito-no-rio-de-janeiro","status":"publish","type":"post","link":"https:\/\/lifesgo.an9.com.br\/index.php\/2024\/10\/01\/icone-da-guitarra-no-mundo-victor-biglione-lanca-loja-virtual-em-evento-gratuito-no-rio-de-janeiro\/","title":{"rendered":"\u00cdcone da guitarra no mundo, Victor Biglione lan\u00e7a loja virtual em evento gratuito no Rio de Janeiro"},"content":{"rendered":"<p><strong><em>Plataforma ser\u00e1 lan\u00e7ada na Promusic, em Copacabana, e reunir\u00e1 diversos itens do acervo do consagrado artista <\/em><\/strong><\/p>\n<p>Victor Biglione, guitarrista, violonista, arranjador e compositor, detentor de 25 pr\u00eamios em sua carreira de seis d\u00e9cadas na MPB e na m\u00fasica internacional, incluindo dois Grammys e dois Kikitos de Ouro em Gramado, lan\u00e7a no dia 05 de outubro, s\u00e1bado, em evento gratuito, das 10h \u00e0s 16h, na prestigiada loja Promusic, em Copacabana, a sua loja virtual \u201cVictor Biglione CD Shop\u201d. A plataforma reunir\u00e1 mais de 20 t\u00edtulos, incluindo compila\u00e7\u00f5es tem\u00e1ticas de sua carreira art\u00edstica com mais de 55 excurs\u00f5es internacionais por 25 pa\u00edses. O acervo tamb\u00e9m contar\u00e1 com livros, songbooks, camisas personalizadas e objetos de memorab\u00edlia.<\/p>\n<p><img loading=\"lazy\" decoding=\"async\" class=\"aligncenter size-full wp-image-2331\" src=\"https:\/\/publisher.moreiracomunicacao.com\/2\/wp-content\/uploads\/2024\/10\/WhatsApp-Image-2024-10-01-at-12.44.06.jpg\" alt=\"\" width=\"569\" height=\"600\" \/><\/p>\n<p>Biglione atuou com mais de 300 nomes da m\u00fasica brasileira e cerca de 50 da m\u00fasica internacional. Os \u00e1lbuns incluem parcerias com Andy Summers, Marcos Ariel, Z\u00e9 Renato, Marcos Valle, Wagner Tiso, Carlos Malta, Marcos Suzano, Arthur Maia, Jane Duboc, entre outros grandes artistas mundiais.<\/p>\n<p><strong>Tributo a Gal Costa<\/strong><\/p>\n<p>O evento ainda ter\u00e1 de forma exclusiva a pr\u00e9-audi\u00e7\u00e3o do tributo a Gal Costa que Biglione est\u00e1 fazendo ao lado de Renata Puntel, Jorge Pescara e Guto Goffi (Bar\u00e3o vermelho), al\u00e9m da presen\u00e7a divertida da mascote do guitarrista, o Agapornis Marada Biglione, que faz a alegria dos seus seguidores nas redes sociais.<\/p>\n<p>A Promusic fica na Avenida Nossa Senhora de Copacabana, 1.072, cobertura, esquina com a rua Djalma Ulrich.<\/p>\n<p>Mais informa\u00e7\u00f5es em <a href=\"https:\/\/www.instagram.com\/victorbiglione\/\">https:\/\/www.instagram.com\/victorbiglione\/<\/a><\/p>\n","protected":false},"excerpt":{"rendered":"<p>Plataforma ser\u00e1 lan\u00e7ada na Promusic, em Copacabana, e reunir\u00e1 diversos&#8230;<\/p>\n","protected":false},"author":1,"featured_media":52196,"comment_status":"closed","ping_status":"open","sticky":false,"template":"","format":"standard","meta":{"_acf_changed":false,"footnotes":""},"categories":[27],"tags":[],"class_list":["post-52197","post","type-post","status-publish","format-standard","has-post-thumbnail","hentry","category-musica"],"acf":[],"yoast_head":"<!-- This site is optimized with the Yoast SEO plugin v27.5 - https:\/\/yoast.com\/product\/yoast-seo-wordpress\/ -->\n<title>\u00cdcone da guitarra no mundo, Victor Biglione lan\u00e7a loja virtual em evento gratuito no Rio de Janeiro - LifesGo<\/title>\n<meta name=\"robots\" content=\"index, follow, max-snippet:-1, max-image-preview:large, max-video-preview:-1\" \/>\n<link rel=\"canonical\" href=\"https:\/\/lifesgo.an9.com.br\/index.php\/2024\/10\/01\/icone-da-guitarra-no-mundo-victor-biglione-lanca-loja-virtual-em-evento-gratuito-no-rio-de-janeiro\/\" \/>\n<meta property=\"og:locale\" content=\"en_US\" \/>\n<meta property=\"og:type\" content=\"article\" \/>\n<meta property=\"og:title\" content=\"\u00cdcone da guitarra no mundo, Victor Biglione lan\u00e7a loja virtual em evento gratuito no Rio de Janeiro - LifesGo\" \/>\n<meta property=\"og:description\" content=\"Plataforma ser\u00e1 lan\u00e7ada na Promusic, em Copacabana, e reunir\u00e1 diversos...\" \/>\n<meta property=\"og:url\" content=\"https:\/\/lifesgo.an9.com.br\/index.php\/2024\/10\/01\/icone-da-guitarra-no-mundo-victor-biglione-lanca-loja-virtual-em-evento-gratuito-no-rio-de-janeiro\/\" \/>\n<meta property=\"og:site_name\" content=\"LifesGo\" \/>\n<meta property=\"article:published_time\" content=\"2024-10-01T16:10:20+00:00\" \/>\n<meta property=\"og:image\" content=\"https:\/\/lifesgo.an9.com.br\/wp-content\/uploads\/2024\/10\/4146-3-1.jpg\" \/>\n\t<meta property=\"og:image:width\" content=\"800\" \/>\n\t<meta property=\"og:image:height\" content=\"451\" \/>\n\t<meta property=\"og:image:type\" content=\"image\/jpeg\" \/>\n<meta name=\"author\" content=\"Fernando Braga\" \/>\n<meta name=\"twitter:card\" content=\"summary_large_image\" \/>\n<meta name=\"twitter:label1\" content=\"Written by\" \/>\n\t<meta name=\"twitter:data1\" content=\"Fernando Braga\" \/>\n\t<meta name=\"twitter:label2\" content=\"Est. reading time\" \/>\n\t<meta name=\"twitter:data2\" content=\"1 minute\" \/>\n<script type=\"application\/ld+json\" class=\"yoast-schema-graph\">{\"@context\":\"https:\\\/\\\/schema.org\",\"@graph\":[{\"@type\":\"Article\",\"@id\":\"https:\\\/\\\/lifesgo.an9.com.br\\\/index.php\\\/2024\\\/10\\\/01\\\/icone-da-guitarra-no-mundo-victor-biglione-lanca-loja-virtual-em-evento-gratuito-no-rio-de-janeiro\\\/#article\",\"isPartOf\":{\"@id\":\"https:\\\/\\\/lifesgo.an9.com.br\\\/index.php\\\/2024\\\/10\\\/01\\\/icone-da-guitarra-no-mundo-victor-biglione-lanca-loja-virtual-em-evento-gratuito-no-rio-de-janeiro\\\/\"},\"author\":{\"name\":\"Fernando Braga\",\"@id\":\"https:\\\/\\\/lifesgo.an9.com.br\\\/#\\\/schema\\\/person\\\/b34bfc24fce1f5cb9dc117e2efe61a07\"},\"headline\":\"\u00cdcone da guitarra no mundo, Victor Biglione lan\u00e7a loja virtual em evento gratuito no Rio de Janeiro\",\"datePublished\":\"2024-10-01T16:10:20+00:00\",\"mainEntityOfPage\":{\"@id\":\"https:\\\/\\\/lifesgo.an9.com.br\\\/index.php\\\/2024\\\/10\\\/01\\\/icone-da-guitarra-no-mundo-victor-biglione-lanca-loja-virtual-em-evento-gratuito-no-rio-de-janeiro\\\/\"},\"wordCount\":271,\"image\":{\"@id\":\"https:\\\/\\\/lifesgo.an9.com.br\\\/index.php\\\/2024\\\/10\\\/01\\\/icone-da-guitarra-no-mundo-victor-biglione-lanca-loja-virtual-em-evento-gratuito-no-rio-de-janeiro\\\/#primaryimage\"},\"thumbnailUrl\":\"https:\\\/\\\/lifesgo.an9.com.br\\\/wp-content\\\/uploads\\\/2024\\\/10\\\/4146-3-1.jpg\",\"articleSection\":[\"M\u00fasica\"],\"inLanguage\":\"en-US\"},{\"@type\":\"WebPage\",\"@id\":\"https:\\\/\\\/lifesgo.an9.com.br\\\/index.php\\\/2024\\\/10\\\/01\\\/icone-da-guitarra-no-mundo-victor-biglione-lanca-loja-virtual-em-evento-gratuito-no-rio-de-janeiro\\\/\",\"url\":\"https:\\\/\\\/lifesgo.an9.com.br\\\/index.php\\\/2024\\\/10\\\/01\\\/icone-da-guitarra-no-mundo-victor-biglione-lanca-loja-virtual-em-evento-gratuito-no-rio-de-janeiro\\\/\",\"name\":\"\u00cdcone da guitarra no mundo, Victor Biglione lan\u00e7a loja virtual em evento gratuito no Rio de Janeiro - LifesGo\",\"isPartOf\":{\"@id\":\"https:\\\/\\\/lifesgo.an9.com.br\\\/#website\"},\"primaryImageOfPage\":{\"@id\":\"https:\\\/\\\/lifesgo.an9.com.br\\\/index.php\\\/2024\\\/10\\\/01\\\/icone-da-guitarra-no-mundo-victor-biglione-lanca-loja-virtual-em-evento-gratuito-no-rio-de-janeiro\\\/#primaryimage\"},\"image\":{\"@id\":\"https:\\\/\\\/lifesgo.an9.com.br\\\/index.php\\\/2024\\\/10\\\/01\\\/icone-da-guitarra-no-mundo-victor-biglione-lanca-loja-virtual-em-evento-gratuito-no-rio-de-janeiro\\\/#primaryimage\"},\"thumbnailUrl\":\"https:\\\/\\\/lifesgo.an9.com.br\\\/wp-content\\\/uploads\\\/2024\\\/10\\\/4146-3-1.jpg\",\"datePublished\":\"2024-10-01T16:10:20+00:00\",\"author\":{\"@id\":\"https:\\\/\\\/lifesgo.an9.com.br\\\/#\\\/schema\\\/person\\\/b34bfc24fce1f5cb9dc117e2efe61a07\"},\"breadcrumb\":{\"@id\":\"https:\\\/\\\/lifesgo.an9.com.br\\\/index.php\\\/2024\\\/10\\\/01\\\/icone-da-guitarra-no-mundo-victor-biglione-lanca-loja-virtual-em-evento-gratuito-no-rio-de-janeiro\\\/#breadcrumb\"},\"inLanguage\":\"en-US\",\"potentialAction\":[{\"@type\":\"ReadAction\",\"target\":[\"https:\\\/\\\/lifesgo.an9.com.br\\\/index.php\\\/2024\\\/10\\\/01\\\/icone-da-guitarra-no-mundo-victor-biglione-lanca-loja-virtual-em-evento-gratuito-no-rio-de-janeiro\\\/\"]}]},{\"@type\":\"ImageObject\",\"inLanguage\":\"en-US\",\"@id\":\"https:\\\/\\\/lifesgo.an9.com.br\\\/index.php\\\/2024\\\/10\\\/01\\\/icone-da-guitarra-no-mundo-victor-biglione-lanca-loja-virtual-em-evento-gratuito-no-rio-de-janeiro\\\/#primaryimage\",\"url\":\"https:\\\/\\\/lifesgo.an9.com.br\\\/wp-content\\\/uploads\\\/2024\\\/10\\\/4146-3-1.jpg\",\"contentUrl\":\"https:\\\/\\\/lifesgo.an9.com.br\\\/wp-content\\\/uploads\\\/2024\\\/10\\\/4146-3-1.jpg\",\"width\":800,\"height\":451},{\"@type\":\"BreadcrumbList\",\"@id\":\"https:\\\/\\\/lifesgo.an9.com.br\\\/index.php\\\/2024\\\/10\\\/01\\\/icone-da-guitarra-no-mundo-victor-biglione-lanca-loja-virtual-em-evento-gratuito-no-rio-de-janeiro\\\/#breadcrumb\",\"itemListElement\":[{\"@type\":\"ListItem\",\"position\":1,\"name\":\"In\u00edcio\",\"item\":\"https:\\\/\\\/lifesgo.an9.com.br\\\/\"},{\"@type\":\"ListItem\",\"position\":2,\"name\":\"\u00cdcone da guitarra no mundo, Victor Biglione lan\u00e7a loja virtual em evento gratuito no Rio de Janeiro\"}]},{\"@type\":\"WebSite\",\"@id\":\"https:\\\/\\\/lifesgo.an9.com.br\\\/#website\",\"url\":\"https:\\\/\\\/lifesgo.an9.com.br\\\/\",\"name\":\"LifesGo\",\"description\":\"\",\"potentialAction\":[{\"@type\":\"SearchAction\",\"target\":{\"@type\":\"EntryPoint\",\"urlTemplate\":\"https:\\\/\\\/lifesgo.an9.com.br\\\/?s={search_term_string}\"},\"query-input\":{\"@type\":\"PropertyValueSpecification\",\"valueRequired\":true,\"valueName\":\"search_term_string\"}}],\"inLanguage\":\"en-US\"},{\"@type\":\"Person\",\"@id\":\"https:\\\/\\\/lifesgo.an9.com.br\\\/#\\\/schema\\\/person\\\/b34bfc24fce1f5cb9dc117e2efe61a07\",\"name\":\"Fernando Braga\",\"image\":{\"@type\":\"ImageObject\",\"inLanguage\":\"en-US\",\"@id\":\"https:\\\/\\\/secure.gravatar.com\\\/avatar\\\/ffb6c6a544d3f2aff8e0c589f1d5e9d3459aa75486bb6627d6b49b9b24c34a3e?s=96&d=mm&r=g\",\"url\":\"https:\\\/\\\/secure.gravatar.com\\\/avatar\\\/ffb6c6a544d3f2aff8e0c589f1d5e9d3459aa75486bb6627d6b49b9b24c34a3e?s=96&d=mm&r=g\",\"contentUrl\":\"https:\\\/\\\/secure.gravatar.com\\\/avatar\\\/ffb6c6a544d3f2aff8e0c589f1d5e9d3459aa75486bb6627d6b49b9b24c34a3e?s=96&d=mm&r=g\",\"caption\":\"Fernando Braga\"},\"sameAs\":[\"https:\\\/\\\/lifesgo.com.br\"],\"url\":\"https:\\\/\\\/lifesgo.an9.com.br\\\/index.php\\\/author\\\/lucamor\\\/\"}]}<\/script>\n<!-- \/ Yoast SEO plugin. -->","yoast_head_json":{"title":"\u00cdcone da guitarra no mundo, Victor Biglione lan\u00e7a loja virtual em evento gratuito no Rio de Janeiro - LifesGo","robots":{"index":"index","follow":"follow","max-snippet":"max-snippet:-1","max-image-preview":"max-image-preview:large","max-video-preview":"max-video-preview:-1"},"canonical":"https:\/\/lifesgo.an9.com.br\/index.php\/2024\/10\/01\/icone-da-guitarra-no-mundo-victor-biglione-lanca-loja-virtual-em-evento-gratuito-no-rio-de-janeiro\/","og_locale":"en_US","og_type":"article","og_title":"\u00cdcone da guitarra no mundo, Victor Biglione lan\u00e7a loja virtual em evento gratuito no Rio de Janeiro - LifesGo","og_description":"Plataforma ser\u00e1 lan\u00e7ada na Promusic, em Copacabana, e reunir\u00e1 diversos...","og_url":"https:\/\/lifesgo.an9.com.br\/index.php\/2024\/10\/01\/icone-da-guitarra-no-mundo-victor-biglione-lanca-loja-virtual-em-evento-gratuito-no-rio-de-janeiro\/","og_site_name":"LifesGo","article_published_time":"2024-10-01T16:10:20+00:00","og_image":[{"width":800,"height":451,"url":"https:\/\/lifesgo.an9.com.br\/wp-content\/uploads\/2024\/10\/4146-3-1.jpg","type":"image\/jpeg"}],"author":"Fernando Braga","twitter_card":"summary_large_image","twitter_misc":{"Written by":"Fernando Braga","Est. reading time":"1 minute"},"schema":{"@context":"https:\/\/schema.org","@graph":[{"@type":"Article","@id":"https:\/\/lifesgo.an9.com.br\/index.php\/2024\/10\/01\/icone-da-guitarra-no-mundo-victor-biglione-lanca-loja-virtual-em-evento-gratuito-no-rio-de-janeiro\/#article","isPartOf":{"@id":"https:\/\/lifesgo.an9.com.br\/index.php\/2024\/10\/01\/icone-da-guitarra-no-mundo-victor-biglione-lanca-loja-virtual-em-evento-gratuito-no-rio-de-janeiro\/"},"author":{"name":"Fernando Braga","@id":"https:\/\/lifesgo.an9.com.br\/#\/schema\/person\/b34bfc24fce1f5cb9dc117e2efe61a07"},"headline":"\u00cdcone da guitarra no mundo, Victor Biglione lan\u00e7a loja virtual em evento gratuito no Rio de Janeiro","datePublished":"2024-10-01T16:10:20+00:00","mainEntityOfPage":{"@id":"https:\/\/lifesgo.an9.com.br\/index.php\/2024\/10\/01\/icone-da-guitarra-no-mundo-victor-biglione-lanca-loja-virtual-em-evento-gratuito-no-rio-de-janeiro\/"},"wordCount":271,"image":{"@id":"https:\/\/lifesgo.an9.com.br\/index.php\/2024\/10\/01\/icone-da-guitarra-no-mundo-victor-biglione-lanca-loja-virtual-em-evento-gratuito-no-rio-de-janeiro\/#primaryimage"},"thumbnailUrl":"https:\/\/lifesgo.an9.com.br\/wp-content\/uploads\/2024\/10\/4146-3-1.jpg","articleSection":["M\u00fasica"],"inLanguage":"en-US"},{"@type":"WebPage","@id":"https:\/\/lifesgo.an9.com.br\/index.php\/2024\/10\/01\/icone-da-guitarra-no-mundo-victor-biglione-lanca-loja-virtual-em-evento-gratuito-no-rio-de-janeiro\/","url":"https:\/\/lifesgo.an9.com.br\/index.php\/2024\/10\/01\/icone-da-guitarra-no-mundo-victor-biglione-lanca-loja-virtual-em-evento-gratuito-no-rio-de-janeiro\/","name":"\u00cdcone da guitarra no mundo, Victor Biglione lan\u00e7a loja virtual em evento gratuito no Rio de Janeiro - LifesGo","isPartOf":{"@id":"https:\/\/lifesgo.an9.com.br\/#website"},"primaryImageOfPage":{"@id":"https:\/\/lifesgo.an9.com.br\/index.php\/2024\/10\/01\/icone-da-guitarra-no-mundo-victor-biglione-lanca-loja-virtual-em-evento-gratuito-no-rio-de-janeiro\/#primaryimage"},"image":{"@id":"https:\/\/lifesgo.an9.com.br\/index.php\/2024\/10\/01\/icone-da-guitarra-no-mundo-victor-biglione-lanca-loja-virtual-em-evento-gratuito-no-rio-de-janeiro\/#primaryimage"},"thumbnailUrl":"https:\/\/lifesgo.an9.com.br\/wp-content\/uploads\/2024\/10\/4146-3-1.jpg","datePublished":"2024-10-01T16:10:20+00:00","author":{"@id":"https:\/\/lifesgo.an9.com.br\/#\/schema\/person\/b34bfc24fce1f5cb9dc117e2efe61a07"},"breadcrumb":{"@id":"https:\/\/lifesgo.an9.com.br\/index.php\/2024\/10\/01\/icone-da-guitarra-no-mundo-victor-biglione-lanca-loja-virtual-em-evento-gratuito-no-rio-de-janeiro\/#breadcrumb"},"inLanguage":"en-US","potentialAction":[{"@type":"ReadAction","target":["https:\/\/lifesgo.an9.com.br\/index.php\/2024\/10\/01\/icone-da-guitarra-no-mundo-victor-biglione-lanca-loja-virtual-em-evento-gratuito-no-rio-de-janeiro\/"]}]},{"@type":"ImageObject","inLanguage":"en-US","@id":"https:\/\/lifesgo.an9.com.br\/index.php\/2024\/10\/01\/icone-da-guitarra-no-mundo-victor-biglione-lanca-loja-virtual-em-evento-gratuito-no-rio-de-janeiro\/#primaryimage","url":"https:\/\/lifesgo.an9.com.br\/wp-content\/uploads\/2024\/10\/4146-3-1.jpg","contentUrl":"https:\/\/lifesgo.an9.com.br\/wp-content\/uploads\/2024\/10\/4146-3-1.jpg","width":800,"height":451},{"@type":"BreadcrumbList","@id":"https:\/\/lifesgo.an9.com.br\/index.php\/2024\/10\/01\/icone-da-guitarra-no-mundo-victor-biglione-lanca-loja-virtual-em-evento-gratuito-no-rio-de-janeiro\/#breadcrumb","itemListElement":[{"@type":"ListItem","position":1,"name":"In\u00edcio","item":"https:\/\/lifesgo.an9.com.br\/"},{"@type":"ListItem","position":2,"name":"\u00cdcone da guitarra no mundo, Victor Biglione lan\u00e7a loja virtual em evento gratuito no Rio de Janeiro"}]},{"@type":"WebSite","@id":"https:\/\/lifesgo.an9.com.br\/#website","url":"https:\/\/lifesgo.an9.com.br\/","name":"LifesGo","description":"","potentialAction":[{"@type":"SearchAction","target":{"@type":"EntryPoint","urlTemplate":"https:\/\/lifesgo.an9.com.br\/?s={search_term_string}"},"query-input":{"@type":"PropertyValueSpecification","valueRequired":true,"valueName":"search_term_string"}}],"inLanguage":"en-US"},{"@type":"Person","@id":"https:\/\/lifesgo.an9.com.br\/#\/schema\/person\/b34bfc24fce1f5cb9dc117e2efe61a07","name":"Fernando Braga","image":{"@type":"ImageObject","inLanguage":"en-US","@id":"https:\/\/secure.gravatar.com\/avatar\/ffb6c6a544d3f2aff8e0c589f1d5e9d3459aa75486bb6627d6b49b9b24c34a3e?s=96&d=mm&r=g","url":"https:\/\/secure.gravatar.com\/avatar\/ffb6c6a544d3f2aff8e0c589f1d5e9d3459aa75486bb6627d6b49b9b24c34a3e?s=96&d=mm&r=g","contentUrl":"https:\/\/secure.gravatar.com\/avatar\/ffb6c6a544d3f2aff8e0c589f1d5e9d3459aa75486bb6627d6b49b9b24c34a3e?s=96&d=mm&r=g","caption":"Fernando Braga"},"sameAs":["https:\/\/lifesgo.com.br"],"url":"https:\/\/lifesgo.an9.com.br\/index.php\/author\/lucamor\/"}]}},"_links":{"self":[{"href":"https:\/\/lifesgo.an9.com.br\/index.php\/wp-json\/wp\/v2\/posts\/52197","targetHints":{"allow":["GET"]}}],"collection":[{"href":"https:\/\/lifesgo.an9.com.br\/index.php\/wp-json\/wp\/v2\/posts"}],"about":[{"href":"https:\/\/lifesgo.an9.com.br\/index.php\/wp-json\/wp\/v2\/types\/post"}],"author":[{"embeddable":true,"href":"https:\/\/lifesgo.an9.com.br\/index.php\/wp-json\/wp\/v2\/users\/1"}],"replies":[{"embeddable":true,"href":"https:\/\/lifesgo.an9.com.br\/index.php\/wp-json\/wp\/v2\/comments?post=52197"}],"version-history":[{"count":1,"href":"https:\/\/lifesgo.an9.com.br\/index.php\/wp-json\/wp\/v2\/posts\/52197\/revisions"}],"predecessor-version":[{"id":52198,"href":"https:\/\/lifesgo.an9.com.br\/index.php\/wp-json\/wp\/v2\/posts\/52197\/revisions\/52198"}],"wp:featuredmedia":[{"embeddable":true,"href":"https:\/\/lifesgo.an9.com.br\/index.php\/wp-json\/wp\/v2\/media\/52196"}],"wp:attachment":[{"href":"https:\/\/lifesgo.an9.com.br\/index.php\/wp-json\/wp\/v2\/media?parent=52197"}],"wp:term":[{"taxonomy":"category","embeddable":true,"href":"https:\/\/lifesgo.an9.com.br\/index.php\/wp-json\/wp\/v2\/categories?post=52197"},{"taxonomy":"post_tag","embeddable":true,"href":"https:\/\/lifesgo.an9.com.br\/index.php\/wp-json\/wp\/v2\/tags?post=52197"}],"curies":[{"name":"wp","href":"https:\/\/api.w.org\/{rel}","templated":true}]}}