{"id":50480,"date":"2024-08-30T13:48:31","date_gmt":"2024-08-30T16:48:31","guid":{"rendered":"https:\/\/lifesgo.an9.com.br\/?p=50480"},"modified":"2024-08-30T13:48:31","modified_gmt":"2024-08-30T16:48:31","slug":"juliana-nalu-agencia-mix-models-envolvidos-no-projeto-favela-seeds-prometem-revelar-novos-talentos-em-comunidade-carioca","status":"publish","type":"post","link":"https:\/\/lifesgo.an9.com.br\/index.php\/2024\/08\/30\/juliana-nalu-agencia-mix-models-envolvidos-no-projeto-favela-seeds-prometem-revelar-novos-talentos-em-comunidade-carioca\/","title":{"rendered":"Juliana Nal\u00fa + Ag\u00eancia Mix Models envolvidos no Projeto FAVELA SEEDS prometem revelar novos talentos em comunidade carioca!"},"content":{"rendered":"<p>No cora\u00e7\u00e3o da comunidade do Complexo do Chapad\u00e3o, no Rio de Janeiro, surge uma iniciativa que promete transformar vidas.<br \/>\nJuliana Nal\u00fa, modelo preta brasileira que foi descoberta em uma a\u00e7\u00e3o feita na globo por Luciano Huck, e que j\u00e1 estampou capas de revistas como Elle Brasil e Sch\u00f6n Magazine, \u00e9 o rosto por tr\u00e1s dessa a\u00e7\u00e3o de impacto social. Nascida e criada no morro carioca, Juliana enfrentou in\u00fameros desafios antes de conquistar o mundo e o mercado da moda. Amiga de grandes celebridades, ela mora h\u00e1 trabalho fora do pa\u00eds e est\u00e1 diariamente em contato com grandes marcas internacionais como Pucci, SKIMS, YSL, entre outras. Estabilizada em sua carreira, ela decide retornar \u00e0s suas ra\u00edzes com a cria\u00e7\u00e3o do projeto Favela Seeds; uma iniciativa que conta apenas com recursos da pr\u00f3pria modelo e de incentivadores, trazendo uma plataforma dedicada a descobrir e apoiar jovens talentos da comunidade, dando-lhes estudos e oportunidades com o objetivo de retribuir ao seu lugar de origem.<\/p>\n<p><img loading=\"lazy\" decoding=\"async\" class=\"aligncenter size-full wp-image-493\" src=\"https:\/\/publisher.moreiracomunicacao.com\/6\/wp-content\/uploads\/2024\/08\/WhatsApp-Image-2024-08-30-at-13.24.46-1.jpg\" alt=\"\" width=\"800\" height=\"450\" \/><\/p>\n<p>Em parceria com a ag\u00eancia que cuida de sua carreira como modelo &#8211; Mix Models, lan\u00e7am o evento FAVELA SEEDS + MIX MODELS, numa Sele\u00e7\u00e3o de New Faces que busca apresentar novos rostos para o mercado da moda. Com a colabora\u00e7\u00e3o da Mix Models, uma ag\u00eancia boutique de destaque no eixo Rio\/Sp, unem-se com o foco em amparar e apoiar essas jovens, oferecendo-lhes novas oportunidades para desbravarem tanto no cen\u00e1rio nacional quanto internacional da moda e tamb\u00e9m do entretenimento.<\/p>\n<p><img loading=\"lazy\" decoding=\"async\" class=\"aligncenter size-full wp-image-494\" src=\"https:\/\/publisher.moreiracomunicacao.com\/6\/wp-content\/uploads\/2024\/08\/WhatsApp-Image-2024-08-30-at-13.24.46.jpg\" alt=\"\" width=\"399\" height=\"600\" \/><\/p>\n<p>A sele\u00e7\u00e3o ser\u00e1 dividida em duas fases: a primeira fase ser\u00e1 online e com inscri\u00e7\u00f5es at\u00e9 o dia 1\u00ba de setembro &#8211; para se inscrever a candidata deve entrar no link <a href=\"https:\/\/favelaseeds.rds.land\/favela-seeds-mix-casting\">https:\/\/favelaseeds.rds.land\/favela-seeds-mix-casting<\/a> que tamb\u00e9m esta na bio do perfil @favelaseeds&#8230;<br \/>\nJ\u00e1 a segunda fase da a\u00e7\u00e3o, acontecer\u00e1 de forma presencial, com as pr\u00e9-selecionadas no dia 4 de setembro no Complexo do Chapad\u00e3o que ser\u00e3o recebidas por Juliana e o time da ag\u00eancia!<\/p>\n<p><img loading=\"lazy\" decoding=\"async\" class=\"aligncenter size-full wp-image-495\" src=\"https:\/\/publisher.moreiracomunicacao.com\/6\/wp-content\/uploads\/2024\/08\/WhatsApp-Image-2024-08-30-at-13.24.47.jpg\" alt=\"\" width=\"800\" height=\"419\" \/><\/p>\n<p>Embora o evento seja centrado no Complexo do Chapad\u00e3o, jovens de outras comunidades do Rio de Janeiro tamb\u00e9m podem se inscrever. Essa a\u00e7\u00e3o representa mais do que uma simples sele\u00e7\u00e3o de modelos; \u00e9 uma oportunidade de transforma\u00e7\u00e3o social e econ\u00f4mica, proporcionando a jovens talentos uma chance de construir carreiras promissoras.<\/p>\n<p><img loading=\"lazy\" decoding=\"async\" class=\"aligncenter size-full wp-image-496\" src=\"https:\/\/publisher.moreiracomunicacao.com\/6\/wp-content\/uploads\/2024\/08\/WhatsApp-Image-2024-08-30-at-13.24.48-1.jpg\" alt=\"\" width=\"800\" height=\"418\" \/><\/p>\n<p>O FAVELA SEEDS + MIX MODELS \u00e9 uma iniciativa que une a miss\u00e3o de inclus\u00e3o e diversidade do Favela Seeds com a expertise da Mix Models Agency, criando uma ponte para o futuro de muitas jovens brasileiras vindas da comunidade.<\/p>\n<p><img loading=\"lazy\" decoding=\"async\" class=\"aligncenter size-full wp-image-497\" src=\"https:\/\/publisher.moreiracomunicacao.com\/6\/wp-content\/uploads\/2024\/08\/WhatsApp-Image-2024-08-30-at-13.24.48.jpg\" alt=\"\" width=\"480\" height=\"600\" \/><\/p>\n<p>@favelaseeds<br \/>\n@mixmodelsagency<br \/>\n@juliananalu<\/p>\n","protected":false},"excerpt":{"rendered":"<p>No cora\u00e7\u00e3o da comunidade do Complexo do Chapad\u00e3o, no Rio&#8230;<\/p>\n","protected":false},"author":1,"featured_media":50479,"comment_status":"closed","ping_status":"open","sticky":false,"template":"","format":"standard","meta":{"_acf_changed":false,"footnotes":""},"categories":[29],"tags":[],"class_list":["post-50480","post","type-post","status-publish","format-standard","has-post-thumbnail","hentry","category-cultura"],"acf":[],"yoast_head":"<!-- This site is optimized with the Yoast SEO plugin v27.4 - https:\/\/yoast.com\/product\/yoast-seo-wordpress\/ -->\n<title>Juliana Nal\u00fa + Ag\u00eancia Mix Models envolvidos no Projeto FAVELA SEEDS prometem revelar novos talentos em comunidade carioca! - LifesGo<\/title>\n<meta name=\"robots\" content=\"index, follow, max-snippet:-1, max-image-preview:large, max-video-preview:-1\" \/>\n<link rel=\"canonical\" href=\"https:\/\/lifesgo.an9.com.br\/index.php\/2024\/08\/30\/juliana-nalu-agencia-mix-models-envolvidos-no-projeto-favela-seeds-prometem-revelar-novos-talentos-em-comunidade-carioca\/\" \/>\n<meta property=\"og:locale\" content=\"en_US\" \/>\n<meta property=\"og:type\" content=\"article\" \/>\n<meta property=\"og:title\" content=\"Juliana Nal\u00fa + Ag\u00eancia Mix Models envolvidos no Projeto FAVELA SEEDS prometem revelar novos talentos em comunidade carioca! - LifesGo\" \/>\n<meta property=\"og:description\" content=\"No cora\u00e7\u00e3o da comunidade do Complexo do Chapad\u00e3o, no Rio...\" \/>\n<meta property=\"og:url\" content=\"https:\/\/lifesgo.an9.com.br\/index.php\/2024\/08\/30\/juliana-nalu-agencia-mix-models-envolvidos-no-projeto-favela-seeds-prometem-revelar-novos-talentos-em-comunidade-carioca\/\" \/>\n<meta property=\"og:site_name\" content=\"LifesGo\" \/>\n<meta property=\"article:published_time\" content=\"2024-08-30T16:48:31+00:00\" \/>\n<meta property=\"og:image\" content=\"https:\/\/lifesgo.an9.com.br\/wp-content\/uploads\/2024\/08\/4146-39.jpg\" \/>\n\t<meta property=\"og:image:width\" content=\"800\" \/>\n\t<meta property=\"og:image:height\" content=\"451\" \/>\n\t<meta property=\"og:image:type\" content=\"image\/jpeg\" \/>\n<meta name=\"author\" content=\"Fernando Braga\" \/>\n<meta name=\"twitter:card\" content=\"summary_large_image\" \/>\n<meta name=\"twitter:label1\" content=\"Written by\" \/>\n\t<meta name=\"twitter:data1\" content=\"Fernando Braga\" \/>\n\t<meta name=\"twitter:label2\" content=\"Est. reading time\" \/>\n\t<meta name=\"twitter:data2\" content=\"2 minutes\" \/>\n<script type=\"application\/ld+json\" class=\"yoast-schema-graph\">{\"@context\":\"https:\\\/\\\/schema.org\",\"@graph\":[{\"@type\":\"Article\",\"@id\":\"https:\\\/\\\/lifesgo.an9.com.br\\\/index.php\\\/2024\\\/08\\\/30\\\/juliana-nalu-agencia-mix-models-envolvidos-no-projeto-favela-seeds-prometem-revelar-novos-talentos-em-comunidade-carioca\\\/#article\",\"isPartOf\":{\"@id\":\"https:\\\/\\\/lifesgo.an9.com.br\\\/index.php\\\/2024\\\/08\\\/30\\\/juliana-nalu-agencia-mix-models-envolvidos-no-projeto-favela-seeds-prometem-revelar-novos-talentos-em-comunidade-carioca\\\/\"},\"author\":{\"name\":\"Fernando Braga\",\"@id\":\"https:\\\/\\\/lifesgo.an9.com.br\\\/#\\\/schema\\\/person\\\/b34bfc24fce1f5cb9dc117e2efe61a07\"},\"headline\":\"Juliana Nal\u00fa + Ag\u00eancia Mix Models envolvidos no Projeto FAVELA SEEDS prometem revelar novos talentos em comunidade carioca!\",\"datePublished\":\"2024-08-30T16:48:31+00:00\",\"mainEntityOfPage\":{\"@id\":\"https:\\\/\\\/lifesgo.an9.com.br\\\/index.php\\\/2024\\\/08\\\/30\\\/juliana-nalu-agencia-mix-models-envolvidos-no-projeto-favela-seeds-prometem-revelar-novos-talentos-em-comunidade-carioca\\\/\"},\"wordCount\":455,\"image\":{\"@id\":\"https:\\\/\\\/lifesgo.an9.com.br\\\/index.php\\\/2024\\\/08\\\/30\\\/juliana-nalu-agencia-mix-models-envolvidos-no-projeto-favela-seeds-prometem-revelar-novos-talentos-em-comunidade-carioca\\\/#primaryimage\"},\"thumbnailUrl\":\"https:\\\/\\\/lifesgo.an9.com.br\\\/wp-content\\\/uploads\\\/2024\\\/08\\\/4146-39.jpg\",\"articleSection\":[\"Cultura\"],\"inLanguage\":\"en-US\"},{\"@type\":\"WebPage\",\"@id\":\"https:\\\/\\\/lifesgo.an9.com.br\\\/index.php\\\/2024\\\/08\\\/30\\\/juliana-nalu-agencia-mix-models-envolvidos-no-projeto-favela-seeds-prometem-revelar-novos-talentos-em-comunidade-carioca\\\/\",\"url\":\"https:\\\/\\\/lifesgo.an9.com.br\\\/index.php\\\/2024\\\/08\\\/30\\\/juliana-nalu-agencia-mix-models-envolvidos-no-projeto-favela-seeds-prometem-revelar-novos-talentos-em-comunidade-carioca\\\/\",\"name\":\"Juliana Nal\u00fa + Ag\u00eancia Mix Models envolvidos no Projeto FAVELA SEEDS prometem revelar novos talentos em comunidade carioca! - LifesGo\",\"isPartOf\":{\"@id\":\"https:\\\/\\\/lifesgo.an9.com.br\\\/#website\"},\"primaryImageOfPage\":{\"@id\":\"https:\\\/\\\/lifesgo.an9.com.br\\\/index.php\\\/2024\\\/08\\\/30\\\/juliana-nalu-agencia-mix-models-envolvidos-no-projeto-favela-seeds-prometem-revelar-novos-talentos-em-comunidade-carioca\\\/#primaryimage\"},\"image\":{\"@id\":\"https:\\\/\\\/lifesgo.an9.com.br\\\/index.php\\\/2024\\\/08\\\/30\\\/juliana-nalu-agencia-mix-models-envolvidos-no-projeto-favela-seeds-prometem-revelar-novos-talentos-em-comunidade-carioca\\\/#primaryimage\"},\"thumbnailUrl\":\"https:\\\/\\\/lifesgo.an9.com.br\\\/wp-content\\\/uploads\\\/2024\\\/08\\\/4146-39.jpg\",\"datePublished\":\"2024-08-30T16:48:31+00:00\",\"author\":{\"@id\":\"https:\\\/\\\/lifesgo.an9.com.br\\\/#\\\/schema\\\/person\\\/b34bfc24fce1f5cb9dc117e2efe61a07\"},\"breadcrumb\":{\"@id\":\"https:\\\/\\\/lifesgo.an9.com.br\\\/index.php\\\/2024\\\/08\\\/30\\\/juliana-nalu-agencia-mix-models-envolvidos-no-projeto-favela-seeds-prometem-revelar-novos-talentos-em-comunidade-carioca\\\/#breadcrumb\"},\"inLanguage\":\"en-US\",\"potentialAction\":[{\"@type\":\"ReadAction\",\"target\":[\"https:\\\/\\\/lifesgo.an9.com.br\\\/index.php\\\/2024\\\/08\\\/30\\\/juliana-nalu-agencia-mix-models-envolvidos-no-projeto-favela-seeds-prometem-revelar-novos-talentos-em-comunidade-carioca\\\/\"]}]},{\"@type\":\"ImageObject\",\"inLanguage\":\"en-US\",\"@id\":\"https:\\\/\\\/lifesgo.an9.com.br\\\/index.php\\\/2024\\\/08\\\/30\\\/juliana-nalu-agencia-mix-models-envolvidos-no-projeto-favela-seeds-prometem-revelar-novos-talentos-em-comunidade-carioca\\\/#primaryimage\",\"url\":\"https:\\\/\\\/lifesgo.an9.com.br\\\/wp-content\\\/uploads\\\/2024\\\/08\\\/4146-39.jpg\",\"contentUrl\":\"https:\\\/\\\/lifesgo.an9.com.br\\\/wp-content\\\/uploads\\\/2024\\\/08\\\/4146-39.jpg\",\"width\":800,\"height\":451},{\"@type\":\"BreadcrumbList\",\"@id\":\"https:\\\/\\\/lifesgo.an9.com.br\\\/index.php\\\/2024\\\/08\\\/30\\\/juliana-nalu-agencia-mix-models-envolvidos-no-projeto-favela-seeds-prometem-revelar-novos-talentos-em-comunidade-carioca\\\/#breadcrumb\",\"itemListElement\":[{\"@type\":\"ListItem\",\"position\":1,\"name\":\"In\u00edcio\",\"item\":\"https:\\\/\\\/lifesgo.an9.com.br\\\/\"},{\"@type\":\"ListItem\",\"position\":2,\"name\":\"Juliana Nal\u00fa + Ag\u00eancia Mix Models envolvidos no Projeto FAVELA SEEDS prometem revelar novos talentos em comunidade carioca!\"}]},{\"@type\":\"WebSite\",\"@id\":\"https:\\\/\\\/lifesgo.an9.com.br\\\/#website\",\"url\":\"https:\\\/\\\/lifesgo.an9.com.br\\\/\",\"name\":\"LifesGo\",\"description\":\"\",\"potentialAction\":[{\"@type\":\"SearchAction\",\"target\":{\"@type\":\"EntryPoint\",\"urlTemplate\":\"https:\\\/\\\/lifesgo.an9.com.br\\\/?s={search_term_string}\"},\"query-input\":{\"@type\":\"PropertyValueSpecification\",\"valueRequired\":true,\"valueName\":\"search_term_string\"}}],\"inLanguage\":\"en-US\"},{\"@type\":\"Person\",\"@id\":\"https:\\\/\\\/lifesgo.an9.com.br\\\/#\\\/schema\\\/person\\\/b34bfc24fce1f5cb9dc117e2efe61a07\",\"name\":\"Fernando Braga\",\"image\":{\"@type\":\"ImageObject\",\"inLanguage\":\"en-US\",\"@id\":\"https:\\\/\\\/secure.gravatar.com\\\/avatar\\\/ffb6c6a544d3f2aff8e0c589f1d5e9d3459aa75486bb6627d6b49b9b24c34a3e?s=96&d=mm&r=g\",\"url\":\"https:\\\/\\\/secure.gravatar.com\\\/avatar\\\/ffb6c6a544d3f2aff8e0c589f1d5e9d3459aa75486bb6627d6b49b9b24c34a3e?s=96&d=mm&r=g\",\"contentUrl\":\"https:\\\/\\\/secure.gravatar.com\\\/avatar\\\/ffb6c6a544d3f2aff8e0c589f1d5e9d3459aa75486bb6627d6b49b9b24c34a3e?s=96&d=mm&r=g\",\"caption\":\"Fernando Braga\"},\"sameAs\":[\"https:\\\/\\\/lifesgo.com.br\"],\"url\":\"https:\\\/\\\/lifesgo.an9.com.br\\\/index.php\\\/author\\\/lucamor\\\/\"}]}<\/script>\n<!-- \/ Yoast SEO plugin. -->","yoast_head_json":{"title":"Juliana Nal\u00fa + Ag\u00eancia Mix Models envolvidos no Projeto FAVELA SEEDS prometem revelar novos talentos em comunidade carioca! - LifesGo","robots":{"index":"index","follow":"follow","max-snippet":"max-snippet:-1","max-image-preview":"max-image-preview:large","max-video-preview":"max-video-preview:-1"},"canonical":"https:\/\/lifesgo.an9.com.br\/index.php\/2024\/08\/30\/juliana-nalu-agencia-mix-models-envolvidos-no-projeto-favela-seeds-prometem-revelar-novos-talentos-em-comunidade-carioca\/","og_locale":"en_US","og_type":"article","og_title":"Juliana Nal\u00fa + Ag\u00eancia Mix Models envolvidos no Projeto FAVELA SEEDS prometem revelar novos talentos em comunidade carioca! - LifesGo","og_description":"No cora\u00e7\u00e3o da comunidade do Complexo do Chapad\u00e3o, no Rio...","og_url":"https:\/\/lifesgo.an9.com.br\/index.php\/2024\/08\/30\/juliana-nalu-agencia-mix-models-envolvidos-no-projeto-favela-seeds-prometem-revelar-novos-talentos-em-comunidade-carioca\/","og_site_name":"LifesGo","article_published_time":"2024-08-30T16:48:31+00:00","og_image":[{"width":800,"height":451,"url":"https:\/\/lifesgo.an9.com.br\/wp-content\/uploads\/2024\/08\/4146-39.jpg","type":"image\/jpeg"}],"author":"Fernando Braga","twitter_card":"summary_large_image","twitter_misc":{"Written by":"Fernando Braga","Est. reading time":"2 minutes"},"schema":{"@context":"https:\/\/schema.org","@graph":[{"@type":"Article","@id":"https:\/\/lifesgo.an9.com.br\/index.php\/2024\/08\/30\/juliana-nalu-agencia-mix-models-envolvidos-no-projeto-favela-seeds-prometem-revelar-novos-talentos-em-comunidade-carioca\/#article","isPartOf":{"@id":"https:\/\/lifesgo.an9.com.br\/index.php\/2024\/08\/30\/juliana-nalu-agencia-mix-models-envolvidos-no-projeto-favela-seeds-prometem-revelar-novos-talentos-em-comunidade-carioca\/"},"author":{"name":"Fernando Braga","@id":"https:\/\/lifesgo.an9.com.br\/#\/schema\/person\/b34bfc24fce1f5cb9dc117e2efe61a07"},"headline":"Juliana Nal\u00fa + Ag\u00eancia Mix Models envolvidos no Projeto FAVELA SEEDS prometem revelar novos talentos em comunidade carioca!","datePublished":"2024-08-30T16:48:31+00:00","mainEntityOfPage":{"@id":"https:\/\/lifesgo.an9.com.br\/index.php\/2024\/08\/30\/juliana-nalu-agencia-mix-models-envolvidos-no-projeto-favela-seeds-prometem-revelar-novos-talentos-em-comunidade-carioca\/"},"wordCount":455,"image":{"@id":"https:\/\/lifesgo.an9.com.br\/index.php\/2024\/08\/30\/juliana-nalu-agencia-mix-models-envolvidos-no-projeto-favela-seeds-prometem-revelar-novos-talentos-em-comunidade-carioca\/#primaryimage"},"thumbnailUrl":"https:\/\/lifesgo.an9.com.br\/wp-content\/uploads\/2024\/08\/4146-39.jpg","articleSection":["Cultura"],"inLanguage":"en-US"},{"@type":"WebPage","@id":"https:\/\/lifesgo.an9.com.br\/index.php\/2024\/08\/30\/juliana-nalu-agencia-mix-models-envolvidos-no-projeto-favela-seeds-prometem-revelar-novos-talentos-em-comunidade-carioca\/","url":"https:\/\/lifesgo.an9.com.br\/index.php\/2024\/08\/30\/juliana-nalu-agencia-mix-models-envolvidos-no-projeto-favela-seeds-prometem-revelar-novos-talentos-em-comunidade-carioca\/","name":"Juliana Nal\u00fa + Ag\u00eancia Mix Models envolvidos no Projeto FAVELA SEEDS prometem revelar novos talentos em comunidade carioca! - LifesGo","isPartOf":{"@id":"https:\/\/lifesgo.an9.com.br\/#website"},"primaryImageOfPage":{"@id":"https:\/\/lifesgo.an9.com.br\/index.php\/2024\/08\/30\/juliana-nalu-agencia-mix-models-envolvidos-no-projeto-favela-seeds-prometem-revelar-novos-talentos-em-comunidade-carioca\/#primaryimage"},"image":{"@id":"https:\/\/lifesgo.an9.com.br\/index.php\/2024\/08\/30\/juliana-nalu-agencia-mix-models-envolvidos-no-projeto-favela-seeds-prometem-revelar-novos-talentos-em-comunidade-carioca\/#primaryimage"},"thumbnailUrl":"https:\/\/lifesgo.an9.com.br\/wp-content\/uploads\/2024\/08\/4146-39.jpg","datePublished":"2024-08-30T16:48:31+00:00","author":{"@id":"https:\/\/lifesgo.an9.com.br\/#\/schema\/person\/b34bfc24fce1f5cb9dc117e2efe61a07"},"breadcrumb":{"@id":"https:\/\/lifesgo.an9.com.br\/index.php\/2024\/08\/30\/juliana-nalu-agencia-mix-models-envolvidos-no-projeto-favela-seeds-prometem-revelar-novos-talentos-em-comunidade-carioca\/#breadcrumb"},"inLanguage":"en-US","potentialAction":[{"@type":"ReadAction","target":["https:\/\/lifesgo.an9.com.br\/index.php\/2024\/08\/30\/juliana-nalu-agencia-mix-models-envolvidos-no-projeto-favela-seeds-prometem-revelar-novos-talentos-em-comunidade-carioca\/"]}]},{"@type":"ImageObject","inLanguage":"en-US","@id":"https:\/\/lifesgo.an9.com.br\/index.php\/2024\/08\/30\/juliana-nalu-agencia-mix-models-envolvidos-no-projeto-favela-seeds-prometem-revelar-novos-talentos-em-comunidade-carioca\/#primaryimage","url":"https:\/\/lifesgo.an9.com.br\/wp-content\/uploads\/2024\/08\/4146-39.jpg","contentUrl":"https:\/\/lifesgo.an9.com.br\/wp-content\/uploads\/2024\/08\/4146-39.jpg","width":800,"height":451},{"@type":"BreadcrumbList","@id":"https:\/\/lifesgo.an9.com.br\/index.php\/2024\/08\/30\/juliana-nalu-agencia-mix-models-envolvidos-no-projeto-favela-seeds-prometem-revelar-novos-talentos-em-comunidade-carioca\/#breadcrumb","itemListElement":[{"@type":"ListItem","position":1,"name":"In\u00edcio","item":"https:\/\/lifesgo.an9.com.br\/"},{"@type":"ListItem","position":2,"name":"Juliana Nal\u00fa + Ag\u00eancia Mix Models envolvidos no Projeto FAVELA SEEDS prometem revelar novos talentos em comunidade carioca!"}]},{"@type":"WebSite","@id":"https:\/\/lifesgo.an9.com.br\/#website","url":"https:\/\/lifesgo.an9.com.br\/","name":"LifesGo","description":"","potentialAction":[{"@type":"SearchAction","target":{"@type":"EntryPoint","urlTemplate":"https:\/\/lifesgo.an9.com.br\/?s={search_term_string}"},"query-input":{"@type":"PropertyValueSpecification","valueRequired":true,"valueName":"search_term_string"}}],"inLanguage":"en-US"},{"@type":"Person","@id":"https:\/\/lifesgo.an9.com.br\/#\/schema\/person\/b34bfc24fce1f5cb9dc117e2efe61a07","name":"Fernando Braga","image":{"@type":"ImageObject","inLanguage":"en-US","@id":"https:\/\/secure.gravatar.com\/avatar\/ffb6c6a544d3f2aff8e0c589f1d5e9d3459aa75486bb6627d6b49b9b24c34a3e?s=96&d=mm&r=g","url":"https:\/\/secure.gravatar.com\/avatar\/ffb6c6a544d3f2aff8e0c589f1d5e9d3459aa75486bb6627d6b49b9b24c34a3e?s=96&d=mm&r=g","contentUrl":"https:\/\/secure.gravatar.com\/avatar\/ffb6c6a544d3f2aff8e0c589f1d5e9d3459aa75486bb6627d6b49b9b24c34a3e?s=96&d=mm&r=g","caption":"Fernando Braga"},"sameAs":["https:\/\/lifesgo.com.br"],"url":"https:\/\/lifesgo.an9.com.br\/index.php\/author\/lucamor\/"}]}},"_links":{"self":[{"href":"https:\/\/lifesgo.an9.com.br\/index.php\/wp-json\/wp\/v2\/posts\/50480","targetHints":{"allow":["GET"]}}],"collection":[{"href":"https:\/\/lifesgo.an9.com.br\/index.php\/wp-json\/wp\/v2\/posts"}],"about":[{"href":"https:\/\/lifesgo.an9.com.br\/index.php\/wp-json\/wp\/v2\/types\/post"}],"author":[{"embeddable":true,"href":"https:\/\/lifesgo.an9.com.br\/index.php\/wp-json\/wp\/v2\/users\/1"}],"replies":[{"embeddable":true,"href":"https:\/\/lifesgo.an9.com.br\/index.php\/wp-json\/wp\/v2\/comments?post=50480"}],"version-history":[{"count":1,"href":"https:\/\/lifesgo.an9.com.br\/index.php\/wp-json\/wp\/v2\/posts\/50480\/revisions"}],"predecessor-version":[{"id":50481,"href":"https:\/\/lifesgo.an9.com.br\/index.php\/wp-json\/wp\/v2\/posts\/50480\/revisions\/50481"}],"wp:featuredmedia":[{"embeddable":true,"href":"https:\/\/lifesgo.an9.com.br\/index.php\/wp-json\/wp\/v2\/media\/50479"}],"wp:attachment":[{"href":"https:\/\/lifesgo.an9.com.br\/index.php\/wp-json\/wp\/v2\/media?parent=50480"}],"wp:term":[{"taxonomy":"category","embeddable":true,"href":"https:\/\/lifesgo.an9.com.br\/index.php\/wp-json\/wp\/v2\/categories?post=50480"},{"taxonomy":"post_tag","embeddable":true,"href":"https:\/\/lifesgo.an9.com.br\/index.php\/wp-json\/wp\/v2\/tags?post=50480"}],"curies":[{"name":"wp","href":"https:\/\/api.w.org\/{rel}","templated":true}]}}