{"id":50474,"date":"2024-08-30T12:23:15","date_gmt":"2024-08-30T15:23:15","guid":{"rendered":"https:\/\/lifesgo.an9.com.br\/?p=50474"},"modified":"2024-08-30T12:23:15","modified_gmt":"2024-08-30T15:23:15","slug":"uso-de-carro-proprio-e-de-apps-para-ir-ao-trabalho-cresce-e-consolida-tendencia-do-beneficio-flexivel","status":"publish","type":"post","link":"https:\/\/lifesgo.an9.com.br\/index.php\/2024\/08\/30\/uso-de-carro-proprio-e-de-apps-para-ir-ao-trabalho-cresce-e-consolida-tendencia-do-beneficio-flexivel\/","title":{"rendered":"Uso de carro pr\u00f3prio e de apps para ir ao trabalho cresce e consolida tend\u00eancia do benef\u00edcio flex\u00edvel"},"content":{"rendered":"<p><strong><em>Pesquisa CNT de Mobilidade da Popula\u00e7\u00e3o Urbana mostra queda na prefer\u00eancia por modais subsidiados pelo Vale-Transporte como \u00f4nibus e metr\u00f4<\/em><\/strong><\/p>\n<p>Nos \u00faltimos sete anos, a prefer\u00eancia do brasileiro pelo uso de \u00f4nibus para ir ao trabalho teve uma redu\u00e7\u00e3o de 14,3 pontos percentuais, caindo de 42,5% em 2027 para 30,9% este ano. O fen\u00f4meno demonstrado pela Pesquisa CNT de Mobilidade da Popula\u00e7\u00e3o Urbana 2024, realizada pela Confedera\u00e7\u00e3o Nacional do Transporte (CNT), com apoio da Associa\u00e7\u00e3o Nacional das Empresas de Transportes Urbanos (NTU) \u00e9 apontado por especialistas como mais um forte argumento no sentido da intensifica\u00e7\u00e3o dos esfor\u00e7os pela flexibiliza\u00e7\u00e3o na forma de concess\u00e3o de benef\u00edcios ao trabalhador no pa\u00eds.<\/p>\n<p>O estudo, divulgado em agosto, mostrou que, com esses 30,9% de cita\u00e7\u00f5es, o \u00f4nibus ainda \u00e9 o meio de transporte de uso predominante pela popula\u00e7\u00e3o brasileira, mas essa escolha j\u00e1 est\u00e1 muito pr\u00f3xima, por exemplo, do carro pr\u00f3prio, que j\u00e1 acumula 29,6% das men\u00e7\u00f5es. A op\u00e7\u00e3o de se deslocar at\u00e9 o local de trabalho com seu pr\u00f3prio ve\u00edculo era a alternativa adotada por apenas 22,2% das pessoas em 2017.<\/p>\n<p>Enquanto isso, a realiza\u00e7\u00e3o deste trajeto a bordo da moto pr\u00f3pria mais que dobrou, saindo de 5,1% para 10,9% no per\u00edodo. O quadro da transforma\u00e7\u00e3o do comportamento do trabalhador fica ainda mais claro quando se observa o que aconteceu com a op\u00e7\u00e3o dos servi\u00e7os oferecidos por aplicativos. Em 2017 este modal registrava uma participa\u00e7\u00e3o apenas residual de 1%. J\u00e1 em 2024 essa alternativa alcan\u00e7ou o patamar de 11,1%.<\/p>\n<p>Para Anderson Belem, CEO da Otimiza Benef\u00edcios, worktech brasileira de Intelig\u00eancia Artificial (IA) focada em solu\u00e7\u00f5es para benef\u00edcios corporativos, n\u00fameros como esses mostram a necessidade de as empresas intensificarem o uso de benef\u00edcios cada vez mais flex\u00edveis para atender \u00e0s necessidades de seus times de colaboradores como forma de atrair e reter talentos. \u201cApesar de ser extremamente \u00fatil para uma parcela da popula\u00e7\u00e3o, a simples oferta do Vale-Transporte certamente n\u00e3o consegue ser um atrativo para profissionais que simplesmente n\u00e3o usam ou n\u00e3o querem usar \u00f4nibus, metr\u00f4 ou qualquer forma de transporte p\u00fablico para ir ao trabalho\u201d, afirma.<\/p>\n<p>A pr\u00f3pria pesquisa da CNT oferece ainda outros ind\u00edcios que remetem \u00e0 consolida\u00e7\u00e3o desta tend\u00eancia de benef\u00edcios flex\u00edveis j\u00e1 que, apesar de a maior parte dos benefici\u00e1rios do Vale-Transporte preferir receber o recurso em cart\u00e3o eletr\u00f4nico\/magn\u00e9tico (59,6%), existe uma parcela bastante significativa de 28,3% cuja opini\u00e3o \u00e9 de que a melhor forma de ter acesso a este benef\u00edcio \u00e9 por meio do recebimento em dinheiro.<\/p>\n<p>\u201cEste entendimento n\u00e3o se refere ao instrumento (papel moeda) em si, mas remete a um desejo de poder usar o recurso com liberdade, ou seja; O trabalhador pode n\u00e3o usar o dinheiro para pagar o \u00f4nibus, mas pode, por exemplo, aplicar o recurso no combust\u00edvel ou em outra necessidade qualquer. Para isso ele n\u00e3o precisa receber em dinheiro, que \u00e9 uma forma mais insegura de movimenta\u00e7\u00e3o de valor. Ele pode, por exemplo, ter um cart\u00e3o que o permita tanto usar o benef\u00edcio no \u00f4nibus, se for mais conveniente em um dia da semana, como em qualquer outro estabelecimento comercial. Este \u00e9 o conceito de benef\u00edcio flex\u00edvel muito mais pr\u00f3ximo da realidade das pessoas que est\u00e1 sendo adotado em todo o mundo e que as empresas mais modernas est\u00e3o incorporando tamb\u00e9m no Brasil\u201d, afirma.<\/p>\n<p><strong>Cuidados legais<\/strong><\/p>\n<p>De acordo com o Artigo 1\u00ba da Lei n\u00ba 7.418\/1985, o vale-transporte \u00e9 um benef\u00edcio que o empregador deve antecipar ao empregado para cobrir as despesas com deslocamento entre a resid\u00eancia e o local de trabalho, utilizando transporte coletivo p\u00fablico. Este benef\u00edcio \u00e9 obrigat\u00f3rio para todos os empregados que optarem formalmente por ele, e deve ser utilizado exclusivamente para essa finalidade.<\/p>\n<p>Andersom Belem ressalta que ferramentas como o Cart\u00e3o Otimiza Benef\u00edcios Flex\u00edveis, adotados por clientes da worktech, ajudam a manter as empresas em conformidade com a legisla\u00e7\u00e3o trabalhista. \u201cRecentemente, o departamento jur\u00eddico de uma empresa do setor de beleza, que \u00e9 cliente da Otimiza, identificou um risco significativo ao continuar permitindo que colaboradores, que optaram pelo vale-transporte, recebessem o vale-mobilidade no lugar. Isso ocorre porque, legalmente, esses colaboradores n\u00e3o estariam recebendo o benef\u00edcio ao qual t\u00eam direito, o que pode expor a empresa a a\u00e7\u00f5es trabalhistas e penalidades legais. Prontamente atuamos em conjunto e orientamos a migra\u00e7\u00e3o desses colaboradores do vale-mobilidade para o vale-transporte tradicional, cumprindo assim o que a legisla\u00e7\u00e3o exige\u201d, explica o CEO da Otimiza.<\/p>\n","protected":false},"excerpt":{"rendered":"<p>Pesquisa CNT de Mobilidade da Popula\u00e7\u00e3o Urbana mostra queda na&#8230;<\/p>\n","protected":false},"author":1,"featured_media":50473,"comment_status":"closed","ping_status":"open","sticky":false,"template":"","format":"standard","meta":{"_acf_changed":false,"footnotes":""},"categories":[32],"tags":[],"class_list":["post-50474","post","type-post","status-publish","format-standard","has-post-thumbnail","hentry","category-negocios"],"acf":[],"yoast_head":"<!-- This site is optimized with the Yoast SEO plugin v27.5 - https:\/\/yoast.com\/product\/yoast-seo-wordpress\/ -->\n<title>Uso de carro pr\u00f3prio e de apps para ir ao trabalho cresce e consolida tend\u00eancia do benef\u00edcio flex\u00edvel - LifesGo<\/title>\n<meta name=\"robots\" content=\"index, follow, max-snippet:-1, max-image-preview:large, max-video-preview:-1\" \/>\n<link rel=\"canonical\" href=\"https:\/\/lifesgo.an9.com.br\/index.php\/2024\/08\/30\/uso-de-carro-proprio-e-de-apps-para-ir-ao-trabalho-cresce-e-consolida-tendencia-do-beneficio-flexivel\/\" \/>\n<meta property=\"og:locale\" content=\"en_US\" \/>\n<meta property=\"og:type\" content=\"article\" \/>\n<meta property=\"og:title\" content=\"Uso de carro pr\u00f3prio e de apps para ir ao trabalho cresce e consolida tend\u00eancia do benef\u00edcio flex\u00edvel - LifesGo\" \/>\n<meta property=\"og:description\" content=\"Pesquisa CNT de Mobilidade da Popula\u00e7\u00e3o Urbana mostra queda na...\" \/>\n<meta property=\"og:url\" content=\"https:\/\/lifesgo.an9.com.br\/index.php\/2024\/08\/30\/uso-de-carro-proprio-e-de-apps-para-ir-ao-trabalho-cresce-e-consolida-tendencia-do-beneficio-flexivel\/\" \/>\n<meta property=\"og:site_name\" content=\"LifesGo\" \/>\n<meta property=\"article:published_time\" content=\"2024-08-30T15:23:15+00:00\" \/>\n<meta property=\"og:image\" content=\"https:\/\/lifesgo.an9.com.br\/wp-content\/uploads\/2024\/08\/4146-36.jpg\" \/>\n\t<meta property=\"og:image:width\" content=\"800\" \/>\n\t<meta property=\"og:image:height\" content=\"451\" \/>\n\t<meta property=\"og:image:type\" content=\"image\/jpeg\" \/>\n<meta name=\"author\" content=\"Fernando Braga\" \/>\n<meta name=\"twitter:card\" content=\"summary_large_image\" \/>\n<meta name=\"twitter:label1\" content=\"Written by\" \/>\n\t<meta name=\"twitter:data1\" content=\"Fernando Braga\" \/>\n\t<meta name=\"twitter:label2\" content=\"Est. reading time\" \/>\n\t<meta name=\"twitter:data2\" content=\"4 minutes\" \/>\n<script type=\"application\/ld+json\" class=\"yoast-schema-graph\">{\"@context\":\"https:\\\/\\\/schema.org\",\"@graph\":[{\"@type\":\"Article\",\"@id\":\"https:\\\/\\\/lifesgo.an9.com.br\\\/index.php\\\/2024\\\/08\\\/30\\\/uso-de-carro-proprio-e-de-apps-para-ir-ao-trabalho-cresce-e-consolida-tendencia-do-beneficio-flexivel\\\/#article\",\"isPartOf\":{\"@id\":\"https:\\\/\\\/lifesgo.an9.com.br\\\/index.php\\\/2024\\\/08\\\/30\\\/uso-de-carro-proprio-e-de-apps-para-ir-ao-trabalho-cresce-e-consolida-tendencia-do-beneficio-flexivel\\\/\"},\"author\":{\"name\":\"Fernando Braga\",\"@id\":\"https:\\\/\\\/lifesgo.an9.com.br\\\/#\\\/schema\\\/person\\\/b34bfc24fce1f5cb9dc117e2efe61a07\"},\"headline\":\"Uso de carro pr\u00f3prio e de apps para ir ao trabalho cresce e consolida tend\u00eancia do benef\u00edcio flex\u00edvel\",\"datePublished\":\"2024-08-30T15:23:15+00:00\",\"mainEntityOfPage\":{\"@id\":\"https:\\\/\\\/lifesgo.an9.com.br\\\/index.php\\\/2024\\\/08\\\/30\\\/uso-de-carro-proprio-e-de-apps-para-ir-ao-trabalho-cresce-e-consolida-tendencia-do-beneficio-flexivel\\\/\"},\"wordCount\":796,\"image\":{\"@id\":\"https:\\\/\\\/lifesgo.an9.com.br\\\/index.php\\\/2024\\\/08\\\/30\\\/uso-de-carro-proprio-e-de-apps-para-ir-ao-trabalho-cresce-e-consolida-tendencia-do-beneficio-flexivel\\\/#primaryimage\"},\"thumbnailUrl\":\"https:\\\/\\\/lifesgo.an9.com.br\\\/wp-content\\\/uploads\\\/2024\\\/08\\\/4146-36.jpg\",\"articleSection\":[\"Neg\u00f3cios\"],\"inLanguage\":\"en-US\"},{\"@type\":\"WebPage\",\"@id\":\"https:\\\/\\\/lifesgo.an9.com.br\\\/index.php\\\/2024\\\/08\\\/30\\\/uso-de-carro-proprio-e-de-apps-para-ir-ao-trabalho-cresce-e-consolida-tendencia-do-beneficio-flexivel\\\/\",\"url\":\"https:\\\/\\\/lifesgo.an9.com.br\\\/index.php\\\/2024\\\/08\\\/30\\\/uso-de-carro-proprio-e-de-apps-para-ir-ao-trabalho-cresce-e-consolida-tendencia-do-beneficio-flexivel\\\/\",\"name\":\"Uso de carro pr\u00f3prio e de apps para ir ao trabalho cresce e consolida tend\u00eancia do benef\u00edcio flex\u00edvel - LifesGo\",\"isPartOf\":{\"@id\":\"https:\\\/\\\/lifesgo.an9.com.br\\\/#website\"},\"primaryImageOfPage\":{\"@id\":\"https:\\\/\\\/lifesgo.an9.com.br\\\/index.php\\\/2024\\\/08\\\/30\\\/uso-de-carro-proprio-e-de-apps-para-ir-ao-trabalho-cresce-e-consolida-tendencia-do-beneficio-flexivel\\\/#primaryimage\"},\"image\":{\"@id\":\"https:\\\/\\\/lifesgo.an9.com.br\\\/index.php\\\/2024\\\/08\\\/30\\\/uso-de-carro-proprio-e-de-apps-para-ir-ao-trabalho-cresce-e-consolida-tendencia-do-beneficio-flexivel\\\/#primaryimage\"},\"thumbnailUrl\":\"https:\\\/\\\/lifesgo.an9.com.br\\\/wp-content\\\/uploads\\\/2024\\\/08\\\/4146-36.jpg\",\"datePublished\":\"2024-08-30T15:23:15+00:00\",\"author\":{\"@id\":\"https:\\\/\\\/lifesgo.an9.com.br\\\/#\\\/schema\\\/person\\\/b34bfc24fce1f5cb9dc117e2efe61a07\"},\"breadcrumb\":{\"@id\":\"https:\\\/\\\/lifesgo.an9.com.br\\\/index.php\\\/2024\\\/08\\\/30\\\/uso-de-carro-proprio-e-de-apps-para-ir-ao-trabalho-cresce-e-consolida-tendencia-do-beneficio-flexivel\\\/#breadcrumb\"},\"inLanguage\":\"en-US\",\"potentialAction\":[{\"@type\":\"ReadAction\",\"target\":[\"https:\\\/\\\/lifesgo.an9.com.br\\\/index.php\\\/2024\\\/08\\\/30\\\/uso-de-carro-proprio-e-de-apps-para-ir-ao-trabalho-cresce-e-consolida-tendencia-do-beneficio-flexivel\\\/\"]}]},{\"@type\":\"ImageObject\",\"inLanguage\":\"en-US\",\"@id\":\"https:\\\/\\\/lifesgo.an9.com.br\\\/index.php\\\/2024\\\/08\\\/30\\\/uso-de-carro-proprio-e-de-apps-para-ir-ao-trabalho-cresce-e-consolida-tendencia-do-beneficio-flexivel\\\/#primaryimage\",\"url\":\"https:\\\/\\\/lifesgo.an9.com.br\\\/wp-content\\\/uploads\\\/2024\\\/08\\\/4146-36.jpg\",\"contentUrl\":\"https:\\\/\\\/lifesgo.an9.com.br\\\/wp-content\\\/uploads\\\/2024\\\/08\\\/4146-36.jpg\",\"width\":800,\"height\":451},{\"@type\":\"BreadcrumbList\",\"@id\":\"https:\\\/\\\/lifesgo.an9.com.br\\\/index.php\\\/2024\\\/08\\\/30\\\/uso-de-carro-proprio-e-de-apps-para-ir-ao-trabalho-cresce-e-consolida-tendencia-do-beneficio-flexivel\\\/#breadcrumb\",\"itemListElement\":[{\"@type\":\"ListItem\",\"position\":1,\"name\":\"In\u00edcio\",\"item\":\"https:\\\/\\\/lifesgo.an9.com.br\\\/\"},{\"@type\":\"ListItem\",\"position\":2,\"name\":\"Uso de carro pr\u00f3prio e de apps para ir ao trabalho cresce e consolida tend\u00eancia do benef\u00edcio flex\u00edvel\"}]},{\"@type\":\"WebSite\",\"@id\":\"https:\\\/\\\/lifesgo.an9.com.br\\\/#website\",\"url\":\"https:\\\/\\\/lifesgo.an9.com.br\\\/\",\"name\":\"LifesGo\",\"description\":\"\",\"potentialAction\":[{\"@type\":\"SearchAction\",\"target\":{\"@type\":\"EntryPoint\",\"urlTemplate\":\"https:\\\/\\\/lifesgo.an9.com.br\\\/?s={search_term_string}\"},\"query-input\":{\"@type\":\"PropertyValueSpecification\",\"valueRequired\":true,\"valueName\":\"search_term_string\"}}],\"inLanguage\":\"en-US\"},{\"@type\":\"Person\",\"@id\":\"https:\\\/\\\/lifesgo.an9.com.br\\\/#\\\/schema\\\/person\\\/b34bfc24fce1f5cb9dc117e2efe61a07\",\"name\":\"Fernando Braga\",\"image\":{\"@type\":\"ImageObject\",\"inLanguage\":\"en-US\",\"@id\":\"https:\\\/\\\/secure.gravatar.com\\\/avatar\\\/ffb6c6a544d3f2aff8e0c589f1d5e9d3459aa75486bb6627d6b49b9b24c34a3e?s=96&d=mm&r=g\",\"url\":\"https:\\\/\\\/secure.gravatar.com\\\/avatar\\\/ffb6c6a544d3f2aff8e0c589f1d5e9d3459aa75486bb6627d6b49b9b24c34a3e?s=96&d=mm&r=g\",\"contentUrl\":\"https:\\\/\\\/secure.gravatar.com\\\/avatar\\\/ffb6c6a544d3f2aff8e0c589f1d5e9d3459aa75486bb6627d6b49b9b24c34a3e?s=96&d=mm&r=g\",\"caption\":\"Fernando Braga\"},\"sameAs\":[\"https:\\\/\\\/lifesgo.com.br\"],\"url\":\"https:\\\/\\\/lifesgo.an9.com.br\\\/index.php\\\/author\\\/lucamor\\\/\"}]}<\/script>\n<!-- \/ Yoast SEO plugin. -->","yoast_head_json":{"title":"Uso de carro pr\u00f3prio e de apps para ir ao trabalho cresce e consolida tend\u00eancia do benef\u00edcio flex\u00edvel - LifesGo","robots":{"index":"index","follow":"follow","max-snippet":"max-snippet:-1","max-image-preview":"max-image-preview:large","max-video-preview":"max-video-preview:-1"},"canonical":"https:\/\/lifesgo.an9.com.br\/index.php\/2024\/08\/30\/uso-de-carro-proprio-e-de-apps-para-ir-ao-trabalho-cresce-e-consolida-tendencia-do-beneficio-flexivel\/","og_locale":"en_US","og_type":"article","og_title":"Uso de carro pr\u00f3prio e de apps para ir ao trabalho cresce e consolida tend\u00eancia do benef\u00edcio flex\u00edvel - LifesGo","og_description":"Pesquisa CNT de Mobilidade da Popula\u00e7\u00e3o Urbana mostra queda na...","og_url":"https:\/\/lifesgo.an9.com.br\/index.php\/2024\/08\/30\/uso-de-carro-proprio-e-de-apps-para-ir-ao-trabalho-cresce-e-consolida-tendencia-do-beneficio-flexivel\/","og_site_name":"LifesGo","article_published_time":"2024-08-30T15:23:15+00:00","og_image":[{"width":800,"height":451,"url":"https:\/\/lifesgo.an9.com.br\/wp-content\/uploads\/2024\/08\/4146-36.jpg","type":"image\/jpeg"}],"author":"Fernando Braga","twitter_card":"summary_large_image","twitter_misc":{"Written by":"Fernando Braga","Est. reading time":"4 minutes"},"schema":{"@context":"https:\/\/schema.org","@graph":[{"@type":"Article","@id":"https:\/\/lifesgo.an9.com.br\/index.php\/2024\/08\/30\/uso-de-carro-proprio-e-de-apps-para-ir-ao-trabalho-cresce-e-consolida-tendencia-do-beneficio-flexivel\/#article","isPartOf":{"@id":"https:\/\/lifesgo.an9.com.br\/index.php\/2024\/08\/30\/uso-de-carro-proprio-e-de-apps-para-ir-ao-trabalho-cresce-e-consolida-tendencia-do-beneficio-flexivel\/"},"author":{"name":"Fernando Braga","@id":"https:\/\/lifesgo.an9.com.br\/#\/schema\/person\/b34bfc24fce1f5cb9dc117e2efe61a07"},"headline":"Uso de carro pr\u00f3prio e de apps para ir ao trabalho cresce e consolida tend\u00eancia do benef\u00edcio flex\u00edvel","datePublished":"2024-08-30T15:23:15+00:00","mainEntityOfPage":{"@id":"https:\/\/lifesgo.an9.com.br\/index.php\/2024\/08\/30\/uso-de-carro-proprio-e-de-apps-para-ir-ao-trabalho-cresce-e-consolida-tendencia-do-beneficio-flexivel\/"},"wordCount":796,"image":{"@id":"https:\/\/lifesgo.an9.com.br\/index.php\/2024\/08\/30\/uso-de-carro-proprio-e-de-apps-para-ir-ao-trabalho-cresce-e-consolida-tendencia-do-beneficio-flexivel\/#primaryimage"},"thumbnailUrl":"https:\/\/lifesgo.an9.com.br\/wp-content\/uploads\/2024\/08\/4146-36.jpg","articleSection":["Neg\u00f3cios"],"inLanguage":"en-US"},{"@type":"WebPage","@id":"https:\/\/lifesgo.an9.com.br\/index.php\/2024\/08\/30\/uso-de-carro-proprio-e-de-apps-para-ir-ao-trabalho-cresce-e-consolida-tendencia-do-beneficio-flexivel\/","url":"https:\/\/lifesgo.an9.com.br\/index.php\/2024\/08\/30\/uso-de-carro-proprio-e-de-apps-para-ir-ao-trabalho-cresce-e-consolida-tendencia-do-beneficio-flexivel\/","name":"Uso de carro pr\u00f3prio e de apps para ir ao trabalho cresce e consolida tend\u00eancia do benef\u00edcio flex\u00edvel - LifesGo","isPartOf":{"@id":"https:\/\/lifesgo.an9.com.br\/#website"},"primaryImageOfPage":{"@id":"https:\/\/lifesgo.an9.com.br\/index.php\/2024\/08\/30\/uso-de-carro-proprio-e-de-apps-para-ir-ao-trabalho-cresce-e-consolida-tendencia-do-beneficio-flexivel\/#primaryimage"},"image":{"@id":"https:\/\/lifesgo.an9.com.br\/index.php\/2024\/08\/30\/uso-de-carro-proprio-e-de-apps-para-ir-ao-trabalho-cresce-e-consolida-tendencia-do-beneficio-flexivel\/#primaryimage"},"thumbnailUrl":"https:\/\/lifesgo.an9.com.br\/wp-content\/uploads\/2024\/08\/4146-36.jpg","datePublished":"2024-08-30T15:23:15+00:00","author":{"@id":"https:\/\/lifesgo.an9.com.br\/#\/schema\/person\/b34bfc24fce1f5cb9dc117e2efe61a07"},"breadcrumb":{"@id":"https:\/\/lifesgo.an9.com.br\/index.php\/2024\/08\/30\/uso-de-carro-proprio-e-de-apps-para-ir-ao-trabalho-cresce-e-consolida-tendencia-do-beneficio-flexivel\/#breadcrumb"},"inLanguage":"en-US","potentialAction":[{"@type":"ReadAction","target":["https:\/\/lifesgo.an9.com.br\/index.php\/2024\/08\/30\/uso-de-carro-proprio-e-de-apps-para-ir-ao-trabalho-cresce-e-consolida-tendencia-do-beneficio-flexivel\/"]}]},{"@type":"ImageObject","inLanguage":"en-US","@id":"https:\/\/lifesgo.an9.com.br\/index.php\/2024\/08\/30\/uso-de-carro-proprio-e-de-apps-para-ir-ao-trabalho-cresce-e-consolida-tendencia-do-beneficio-flexivel\/#primaryimage","url":"https:\/\/lifesgo.an9.com.br\/wp-content\/uploads\/2024\/08\/4146-36.jpg","contentUrl":"https:\/\/lifesgo.an9.com.br\/wp-content\/uploads\/2024\/08\/4146-36.jpg","width":800,"height":451},{"@type":"BreadcrumbList","@id":"https:\/\/lifesgo.an9.com.br\/index.php\/2024\/08\/30\/uso-de-carro-proprio-e-de-apps-para-ir-ao-trabalho-cresce-e-consolida-tendencia-do-beneficio-flexivel\/#breadcrumb","itemListElement":[{"@type":"ListItem","position":1,"name":"In\u00edcio","item":"https:\/\/lifesgo.an9.com.br\/"},{"@type":"ListItem","position":2,"name":"Uso de carro pr\u00f3prio e de apps para ir ao trabalho cresce e consolida tend\u00eancia do benef\u00edcio flex\u00edvel"}]},{"@type":"WebSite","@id":"https:\/\/lifesgo.an9.com.br\/#website","url":"https:\/\/lifesgo.an9.com.br\/","name":"LifesGo","description":"","potentialAction":[{"@type":"SearchAction","target":{"@type":"EntryPoint","urlTemplate":"https:\/\/lifesgo.an9.com.br\/?s={search_term_string}"},"query-input":{"@type":"PropertyValueSpecification","valueRequired":true,"valueName":"search_term_string"}}],"inLanguage":"en-US"},{"@type":"Person","@id":"https:\/\/lifesgo.an9.com.br\/#\/schema\/person\/b34bfc24fce1f5cb9dc117e2efe61a07","name":"Fernando Braga","image":{"@type":"ImageObject","inLanguage":"en-US","@id":"https:\/\/secure.gravatar.com\/avatar\/ffb6c6a544d3f2aff8e0c589f1d5e9d3459aa75486bb6627d6b49b9b24c34a3e?s=96&d=mm&r=g","url":"https:\/\/secure.gravatar.com\/avatar\/ffb6c6a544d3f2aff8e0c589f1d5e9d3459aa75486bb6627d6b49b9b24c34a3e?s=96&d=mm&r=g","contentUrl":"https:\/\/secure.gravatar.com\/avatar\/ffb6c6a544d3f2aff8e0c589f1d5e9d3459aa75486bb6627d6b49b9b24c34a3e?s=96&d=mm&r=g","caption":"Fernando Braga"},"sameAs":["https:\/\/lifesgo.com.br"],"url":"https:\/\/lifesgo.an9.com.br\/index.php\/author\/lucamor\/"}]}},"_links":{"self":[{"href":"https:\/\/lifesgo.an9.com.br\/index.php\/wp-json\/wp\/v2\/posts\/50474","targetHints":{"allow":["GET"]}}],"collection":[{"href":"https:\/\/lifesgo.an9.com.br\/index.php\/wp-json\/wp\/v2\/posts"}],"about":[{"href":"https:\/\/lifesgo.an9.com.br\/index.php\/wp-json\/wp\/v2\/types\/post"}],"author":[{"embeddable":true,"href":"https:\/\/lifesgo.an9.com.br\/index.php\/wp-json\/wp\/v2\/users\/1"}],"replies":[{"embeddable":true,"href":"https:\/\/lifesgo.an9.com.br\/index.php\/wp-json\/wp\/v2\/comments?post=50474"}],"version-history":[{"count":1,"href":"https:\/\/lifesgo.an9.com.br\/index.php\/wp-json\/wp\/v2\/posts\/50474\/revisions"}],"predecessor-version":[{"id":50475,"href":"https:\/\/lifesgo.an9.com.br\/index.php\/wp-json\/wp\/v2\/posts\/50474\/revisions\/50475"}],"wp:featuredmedia":[{"embeddable":true,"href":"https:\/\/lifesgo.an9.com.br\/index.php\/wp-json\/wp\/v2\/media\/50473"}],"wp:attachment":[{"href":"https:\/\/lifesgo.an9.com.br\/index.php\/wp-json\/wp\/v2\/media?parent=50474"}],"wp:term":[{"taxonomy":"category","embeddable":true,"href":"https:\/\/lifesgo.an9.com.br\/index.php\/wp-json\/wp\/v2\/categories?post=50474"},{"taxonomy":"post_tag","embeddable":true,"href":"https:\/\/lifesgo.an9.com.br\/index.php\/wp-json\/wp\/v2\/tags?post=50474"}],"curies":[{"name":"wp","href":"https:\/\/api.w.org\/{rel}","templated":true}]}}