{"id":49807,"date":"2024-08-18T20:31:16","date_gmt":"2024-08-18T23:31:16","guid":{"rendered":"https:\/\/lifesgo.an9.com.br\/?p=49807"},"modified":"2024-08-18T20:31:16","modified_gmt":"2024-08-18T23:31:16","slug":"will-santt-lanca-o-album-meu-caminho-pela-alma-music-e-anuncia-turne-europeia","status":"publish","type":"post","link":"https:\/\/lifesgo.an9.com.br\/index.php\/2024\/08\/18\/will-santt-lanca-o-album-meu-caminho-pela-alma-music-e-anuncia-turne-europeia\/","title":{"rendered":"Will Santt lan\u00e7a o \u00e1lbum &#8220;Meu Caminho&#8221; pela Alma Music e anuncia turn\u00ea europeia"},"content":{"rendered":"<ul>\n<li><i><span style=\"font-weight: 400;\">Com influ\u00eancias de MPB e Bossa Nova, Will Santt aborda temas sociais, pol\u00edticos e sentimentais em suas can\u00e7\u00f5es. A sonoridade de &#8220;Meu Caminho&#8221; \u00e9 um mix de MPB, m\u00fasica latina e Bossa Nova<\/span><\/i><\/li>\n<li><i><span style=\"font-weight: 400;\">Com o apoio de grandes nomes da m\u00fasica popular brasileira, como Roberto Menescal, e influ\u00eancias de Gilberto Gil, Caetano Veloso e Djavan, Will Santt atingiu mais de 250 mil seguidores nas redes sociais<\/span><\/i><\/li>\n<\/ul>\n<p><a href=\"https:\/\/bfan.link\/meu-caminho\"><b><i>Ou\u00e7a \u201cMeu Caminho\u201d em todas as plataformas digitais<\/i><\/b><\/a><\/p>\n<p><span style=\"font-weight: 400;\">A Alma Music tem o prazer de anunciar o lan\u00e7amento do primeiro \u00e1lbum do cantor e compositor <\/span><b>Will Santt<\/b><span style=\"font-weight: 400;\">, intitulado <\/span><b>&#8220;Meu Caminho&#8221;<\/b><span style=\"font-weight: 400;\">, j\u00e1 dispon\u00edvel em todas as plataformas de m\u00fasica.<\/span><\/p>\n<p><span style=\"font-weight: 400;\">Gravado no renomado est\u00fadio <\/span><b>Trama<\/b><span style=\"font-weight: 400;\">, o \u00e1lbum &#8220;Meu Caminho&#8221; \u00e9 fruto de uma parceria entre Will Santt e o produtor <\/span><b>Jo\u00e3o Marcelo B\u00f4scoli<\/b><span style=\"font-weight: 400;\">. &#8220;Jo\u00e3o Marcelo B\u00f4scoli me convidou para gravar um projeto dele, mas antes me perguntou se eu j\u00e1 tinha um disco gravado. Eu disse que n\u00e3o, ent\u00e3o ele me prop\u00f4s gravar meu primeiro disco ali em seu est\u00fadio, com todo o suporte profissional de sua equipe. Foi o melhor presente que eu recebi em minha trajet\u00f3ria musical&#8221;, revelou Will Santt. A experi\u00eancia de gravar em um est\u00fadio profissional pela primeira vez foi um marco na carreira do artista.<\/span><\/p>\n<p><span style=\"font-weight: 400;\">Com influ\u00eancias de MPB e Bossa Nova, Will Santt aborda temas sociais, pol\u00edticos e sentimentais em suas can\u00e7\u00f5es. <\/span><b>A sonoridade de &#8220;Meu Caminho&#8221; \u00e9 um mix de MPB, m\u00fasica latina e Bossa Nova.<\/b><span style=\"font-weight: 400;\"> Will Santt explicou: &#8220;Este disco \u00e9 composto por can\u00e7\u00f5es que eu escrevi ao longo de um in\u00edcio muito importante para mim, que foi o in\u00edcio das primeiras can\u00e7\u00f5es que escrevi. Ent\u00e3o, peguei algumas de minhas can\u00e7\u00f5es favoritas para estruturar este \u00e1lbum, que por mera coincid\u00eancia, todas as can\u00e7\u00f5es continham dentro de si uma particularidade \u00fanica e, sobretudo, dialogavam entre si.&#8221;<\/span><\/p>\n<p><span style=\"font-weight: 400;\">O processo de composi\u00e7\u00e3o e produ\u00e7\u00e3o das faixas foi despretensioso e org\u00e2nico. &#8220;Foi divertido juntar minhas can\u00e7\u00f5es j\u00e1 escritas para compor um \u00e1lbum. E o processo de produ\u00e7\u00e3o foi bem simples e n\u00e3o teve nenhum trabalho \u00e1rduo. Foi apenas eu, um banquinho e um viol\u00e3o e dois pares de microfones. A produ\u00e7\u00e3o saiu enquanto eu cantava e tocava ao mesmo tempo, processo que eu fa\u00e7o, por exemplo, durante a grava\u00e7\u00e3o de algum v\u00eddeo para redes sociais. Com sonoridades e arranjos j\u00e1 mentalizados, foi f\u00e1cil produzir este disco&#8221;, compartilhou o artista.<\/span><\/p>\n<p><span style=\"font-weight: 400;\">O primeiro single de trabalho ser\u00e1 a faixa-t\u00edtulo <\/span><b>&#8220;Meu Caminho&#8221;<\/b><span style=\"font-weight: 400;\">. Sobre a inspira\u00e7\u00e3o para a letra, Will Santt comentou: &#8220;A can\u00e7\u00e3o &#8216;Meu Caminho&#8217; \u00e9 uma can\u00e7\u00e3o que escrevi me baseando em uma imagem que eu tinha de Caetano Veloso, como um menino, genu\u00edno, esperto e aventureiro. Sendo assim, \u00e9 uma can\u00e7\u00e3o que tenho como objetivo retratar em letra, a imagem do que poderia ser Caetano Veloso j\u00e1 com os seus 82 anos, com uma alma de um menino. Uma can\u00e7\u00e3o que expressa a genuinidade, o amor e o frescor de ser amado e cuidado.&#8221;<\/span><\/p>\n<p><span style=\"font-weight: 400;\">Com o apoio de grandes nomes da m\u00fasica popular brasileira, como Roberto Menescal, e influ\u00eancias de Gilberto Gil, Caetano Veloso e Djavan, Will Santt atingiu mais de 250 mil seguidores nas redes sociais. Ele constantemente publica suas can\u00e7\u00f5es e releituras cl\u00e1ssicas, conquistando um p\u00fablico fiel. Suas apresenta\u00e7\u00f5es s\u00e3o intimistas e carregam suas ra\u00edzes e refer\u00eancias, com performances em pa\u00edses como Bulg\u00e1ria, Espanha, It\u00e1lia e Su\u00ed\u00e7a.<\/span><\/p>\n<p><span style=\"font-weight: 400;\">As expectativas para o lan\u00e7amento do \u00e1lbum s\u00e3o altas. &#8220;Apesar da vers\u00e3o ao vivo do \u00e1lbum j\u00e1 ter sido lan\u00e7ada, acredito que \u00e9 um disco com can\u00e7\u00f5es muito familiares ao sentimento pessoal de cada um, e sobretudo; profundas e reflexivas, como exatamente quis expressar quando compus cada can\u00e7\u00e3o&#8221;, disse Will Santt.<\/span><\/p>\n<p><span style=\"font-weight: 400;\">Al\u00e9m do lan\u00e7amento do \u00e1lbum, o artista embarcar\u00e1 em uma<\/span><b> turn\u00ea europeia em setembro<\/b><span style=\"font-weight: 400;\">, a quarta de sua carreira. &#8220;Estou com uma expectativa muito boa para esta pequena turn\u00ea na Europa em setembro. \u00c9 a minha quarta turn\u00ea que irei realizar e estou muito contente por isto. O p\u00fablico europeu sempre recebe com muito amor e entusiasmo a minha m\u00fasica; e por mais que eu j\u00e1 tenha ido algumas vezes \u00e0 Europa, isto \u00e9 algo que sempre me surpreende e me emociona. Esta \u00e9 a minha \u00faltima turn\u00ea de 2024 pela Europa e acredito que ser\u00e1 a melhor dentre as tr\u00eas que eu fiz!&#8221;, afirmou o cantor.<\/span><\/p>\n<p><span style=\"font-weight: 400;\">Confira as datas da turn\u00ea europeia de Will Santt:<\/span><\/p>\n<ul>\n<li style=\"font-weight: 400;\" aria-level=\"1\"><span style=\"font-weight: 400;\">7 de setembro &#8211; Maiorca<\/span><\/li>\n<li style=\"font-weight: 400;\" aria-level=\"1\"><span style=\"font-weight: 400;\">14 de setembro &#8211; Barcelona<\/span><\/li>\n<li style=\"font-weight: 400;\" aria-level=\"1\"><span style=\"font-weight: 400;\">15 de setembro &#8211; Barcelona<\/span><\/li>\n<li style=\"font-weight: 400;\" aria-level=\"1\"><span style=\"font-weight: 400;\">18 de setembro &#8211; Dinamarca<\/span><\/li>\n<li style=\"font-weight: 400;\" aria-level=\"1\"><span style=\"font-weight: 400;\">19 de setembro &#8211; Pol\u00f4nia<\/span><\/li>\n<li style=\"font-weight: 400;\" aria-level=\"1\"><span style=\"font-weight: 400;\">20 de setembro &#8211; Ilhas Can\u00e1rias<\/span><\/li>\n<li style=\"font-weight: 400;\" aria-level=\"1\"><span style=\"font-weight: 400;\">21 de setembro &#8211; Tenerife<\/span><\/li>\n<li style=\"font-weight: 400;\" aria-level=\"1\"><span style=\"font-weight: 400;\">22 de setembro &#8211; Londres<\/span><\/li>\n<li style=\"font-weight: 400;\" aria-level=\"1\"><span style=\"font-weight: 400;\">23 de setembro &#8211; Roma<\/span><\/li>\n<li style=\"font-weight: 400;\" aria-level=\"1\"><span style=\"font-weight: 400;\">24 de setembro &#8211; Mil\u00e3o<\/span><\/li>\n<li style=\"font-weight: 400;\" aria-level=\"1\"><span style=\"font-weight: 400;\">25 de setembro &#8211; Berlim<\/span><\/li>\n<\/ul>\n<p><span style=\"font-weight: 400;\">N\u00e3o perca o lan\u00e7amento do \u00e1lbum &#8220;Meu Caminho&#8221; e acompanhe Will Santt em sua emocionante turn\u00ea pela Europa!<\/span><\/p>\n<p><b>Sobre Will Santt:\u00a0<\/b><\/p>\n<p><span style=\"font-weight: 400;\">Will Santt, cantautor e multi-instrumentista, tem conquistado cada vez mais ouvintes e seguidores com suas releituras de cl\u00e1ssicos e seu repert\u00f3rio autoral. Fen\u00f4meno nas redes sociais, Will resgata para sua musicalidade uma est\u00e9tica plena de ra\u00edzes e refer\u00eancias dos artistas que revolucionaram a m\u00fasica popular brasileira, com um toque moderno e um cantar suave, trazendo ares de contemporaneidade \u00e0 Bossa Nova. \u00a0 Com apenas 21 anos de idade, o jovem artista j\u00e1 realizou tr\u00eas turn\u00eas pela Europa (e est\u00e1 prestes a embarcar em mais uma), das quais colheu elogios da cr\u00edtica especializada e apresentou o repert\u00f3rio do seu novo \u00e1lbum \u201cMeu Caminho\u201d, lan\u00e7ado em 2023. Em seu trabalho autoral, Will faz reflex\u00f5es sobre temas cotidianos, mas tamb\u00e9m fala de seu amor pela m\u00fasica, pela verdade e genuinidade.<\/span><\/p>\n<p><b>Links Will Santt:<\/b><\/p>\n<p><a href=\"https:\/\/www.instagram.com\/Will.santt\"><b>Instagram<\/b><\/a><\/p>\n<p><a href=\"https:\/\/www.facebook.com\/people\/Will-Santt\/100086516588724\/?mibextid=LQQJ4d\"><b>Facebook<\/b><\/a><\/p>\n<p><a href=\"https:\/\/open.spotify.com\/intl-pt\/artist\/2J5kGt31JhdKBo24MDBT0m?si=fdSgxr9RTFqi0K89V9w4Iw\"><b>Spotify<\/b><\/a><\/p>\n","protected":false},"excerpt":{"rendered":"<p>Com influ\u00eancias de MPB e Bossa Nova, Will Santt aborda&#8230;<\/p>\n","protected":false},"author":1,"featured_media":49806,"comment_status":"closed","ping_status":"open","sticky":false,"template":"","format":"standard","meta":{"_acf_changed":false,"footnotes":""},"categories":[27],"tags":[],"class_list":["post-49807","post","type-post","status-publish","format-standard","has-post-thumbnail","hentry","category-musica"],"acf":[],"yoast_head":"<!-- This site is optimized with the Yoast SEO plugin v28.3 - https:\/\/yoast.com\/product\/yoast-seo-wordpress\/ -->\n<title>Will Santt lan\u00e7a o \u00e1lbum &quot;Meu Caminho&quot; pela Alma Music e anuncia turn\u00ea europeia - LifesGo<\/title>\n<meta name=\"robots\" content=\"index, follow, max-snippet:-1, max-image-preview:large, max-video-preview:-1\" \/>\n<link rel=\"canonical\" href=\"https:\/\/lifesgo.an9.com.br\/index.php\/2024\/08\/18\/will-santt-lanca-o-album-meu-caminho-pela-alma-music-e-anuncia-turne-europeia\/\" \/>\n<meta property=\"og:locale\" content=\"pt_BR\" \/>\n<meta property=\"og:type\" content=\"article\" \/>\n<meta property=\"og:title\" content=\"Will Santt lan\u00e7a o \u00e1lbum &quot;Meu Caminho&quot; pela Alma Music e anuncia turn\u00ea europeia - LifesGo\" \/>\n<meta property=\"og:description\" content=\"Com influ\u00eancias de MPB e Bossa Nova, Will Santt aborda...\" \/>\n<meta property=\"og:url\" content=\"https:\/\/lifesgo.an9.com.br\/index.php\/2024\/08\/18\/will-santt-lanca-o-album-meu-caminho-pela-alma-music-e-anuncia-turne-europeia\/\" \/>\n<meta property=\"og:site_name\" content=\"LifesGo\" \/>\n<meta property=\"article:published_time\" content=\"2024-08-18T23:31:16+00:00\" \/>\n<meta property=\"og:image\" content=\"https:\/\/lifesgo.an9.com.br\/wp-content\/uploads\/2024\/08\/4146-7-Copy-6.jpg\" \/>\n\t<meta property=\"og:image:width\" content=\"800\" \/>\n\t<meta property=\"og:image:height\" content=\"451\" \/>\n\t<meta property=\"og:image:type\" content=\"image\/jpeg\" \/>\n<meta name=\"author\" content=\"LifesGo\" \/>\n<meta name=\"twitter:card\" content=\"summary_large_image\" \/>\n<meta name=\"twitter:label1\" content=\"Escrito por\" \/>\n\t<meta name=\"twitter:data1\" content=\"LifesGo\" \/>\n\t<meta name=\"twitter:label2\" content=\"Est. tempo de leitura\" \/>\n\t<meta name=\"twitter:data2\" content=\"5 minutos\" \/>\n<script type=\"application\/ld+json\" class=\"yoast-schema-graph\">{\"@context\":\"https:\\\/\\\/schema.org\",\"@graph\":[{\"@type\":\"Article\",\"@id\":\"https:\\\/\\\/lifesgo.an9.com.br\\\/index.php\\\/2024\\\/08\\\/18\\\/will-santt-lanca-o-album-meu-caminho-pela-alma-music-e-anuncia-turne-europeia\\\/#article\",\"isPartOf\":{\"@id\":\"https:\\\/\\\/lifesgo.an9.com.br\\\/index.php\\\/2024\\\/08\\\/18\\\/will-santt-lanca-o-album-meu-caminho-pela-alma-music-e-anuncia-turne-europeia\\\/\"},\"author\":{\"name\":\"LifesGo\",\"@id\":\"https:\\\/\\\/lifesgo.an9.com.br\\\/#\\\/schema\\\/person\\\/b34bfc24fce1f5cb9dc117e2efe61a07\"},\"headline\":\"Will Santt lan\u00e7a o \u00e1lbum &#8220;Meu Caminho&#8221; pela Alma Music e anuncia turn\u00ea europeia\",\"datePublished\":\"2024-08-18T23:31:16+00:00\",\"mainEntityOfPage\":{\"@id\":\"https:\\\/\\\/lifesgo.an9.com.br\\\/index.php\\\/2024\\\/08\\\/18\\\/will-santt-lanca-o-album-meu-caminho-pela-alma-music-e-anuncia-turne-europeia\\\/\"},\"wordCount\":1005,\"image\":{\"@id\":\"https:\\\/\\\/lifesgo.an9.com.br\\\/index.php\\\/2024\\\/08\\\/18\\\/will-santt-lanca-o-album-meu-caminho-pela-alma-music-e-anuncia-turne-europeia\\\/#primaryimage\"},\"thumbnailUrl\":\"https:\\\/\\\/lifesgo.an9.com.br\\\/wp-content\\\/uploads\\\/2024\\\/08\\\/4146-7-Copy-6.jpg\",\"articleSection\":[\"M\u00fasica\"],\"inLanguage\":\"pt-BR\"},{\"@type\":\"WebPage\",\"@id\":\"https:\\\/\\\/lifesgo.an9.com.br\\\/index.php\\\/2024\\\/08\\\/18\\\/will-santt-lanca-o-album-meu-caminho-pela-alma-music-e-anuncia-turne-europeia\\\/\",\"url\":\"https:\\\/\\\/lifesgo.an9.com.br\\\/index.php\\\/2024\\\/08\\\/18\\\/will-santt-lanca-o-album-meu-caminho-pela-alma-music-e-anuncia-turne-europeia\\\/\",\"name\":\"Will Santt lan\u00e7a o \u00e1lbum \\\"Meu Caminho\\\" pela Alma Music e anuncia turn\u00ea europeia - LifesGo\",\"isPartOf\":{\"@id\":\"https:\\\/\\\/lifesgo.an9.com.br\\\/#website\"},\"primaryImageOfPage\":{\"@id\":\"https:\\\/\\\/lifesgo.an9.com.br\\\/index.php\\\/2024\\\/08\\\/18\\\/will-santt-lanca-o-album-meu-caminho-pela-alma-music-e-anuncia-turne-europeia\\\/#primaryimage\"},\"image\":{\"@id\":\"https:\\\/\\\/lifesgo.an9.com.br\\\/index.php\\\/2024\\\/08\\\/18\\\/will-santt-lanca-o-album-meu-caminho-pela-alma-music-e-anuncia-turne-europeia\\\/#primaryimage\"},\"thumbnailUrl\":\"https:\\\/\\\/lifesgo.an9.com.br\\\/wp-content\\\/uploads\\\/2024\\\/08\\\/4146-7-Copy-6.jpg\",\"datePublished\":\"2024-08-18T23:31:16+00:00\",\"author\":{\"@id\":\"https:\\\/\\\/lifesgo.an9.com.br\\\/#\\\/schema\\\/person\\\/b34bfc24fce1f5cb9dc117e2efe61a07\"},\"breadcrumb\":{\"@id\":\"https:\\\/\\\/lifesgo.an9.com.br\\\/index.php\\\/2024\\\/08\\\/18\\\/will-santt-lanca-o-album-meu-caminho-pela-alma-music-e-anuncia-turne-europeia\\\/#breadcrumb\"},\"inLanguage\":\"pt-BR\",\"potentialAction\":[{\"@type\":\"ReadAction\",\"target\":[\"https:\\\/\\\/lifesgo.an9.com.br\\\/index.php\\\/2024\\\/08\\\/18\\\/will-santt-lanca-o-album-meu-caminho-pela-alma-music-e-anuncia-turne-europeia\\\/\"]}]},{\"@type\":\"ImageObject\",\"inLanguage\":\"pt-BR\",\"@id\":\"https:\\\/\\\/lifesgo.an9.com.br\\\/index.php\\\/2024\\\/08\\\/18\\\/will-santt-lanca-o-album-meu-caminho-pela-alma-music-e-anuncia-turne-europeia\\\/#primaryimage\",\"url\":\"https:\\\/\\\/lifesgo.an9.com.br\\\/wp-content\\\/uploads\\\/2024\\\/08\\\/4146-7-Copy-6.jpg\",\"contentUrl\":\"https:\\\/\\\/lifesgo.an9.com.br\\\/wp-content\\\/uploads\\\/2024\\\/08\\\/4146-7-Copy-6.jpg\",\"width\":800,\"height\":451},{\"@type\":\"BreadcrumbList\",\"@id\":\"https:\\\/\\\/lifesgo.an9.com.br\\\/index.php\\\/2024\\\/08\\\/18\\\/will-santt-lanca-o-album-meu-caminho-pela-alma-music-e-anuncia-turne-europeia\\\/#breadcrumb\",\"itemListElement\":[{\"@type\":\"ListItem\",\"position\":1,\"name\":\"In\u00edcio\",\"item\":\"https:\\\/\\\/lifesgo.an9.com.br\\\/\"},{\"@type\":\"ListItem\",\"position\":2,\"name\":\"Will Santt lan\u00e7a o \u00e1lbum &#8220;Meu Caminho&#8221; pela Alma Music e anuncia turn\u00ea europeia\"}]},{\"@type\":\"WebSite\",\"@id\":\"https:\\\/\\\/lifesgo.an9.com.br\\\/#website\",\"url\":\"https:\\\/\\\/lifesgo.an9.com.br\\\/\",\"name\":\"LifesGo\",\"description\":\"\",\"potentialAction\":[{\"@type\":\"SearchAction\",\"target\":{\"@type\":\"EntryPoint\",\"urlTemplate\":\"https:\\\/\\\/lifesgo.an9.com.br\\\/?s={search_term_string}\"},\"query-input\":{\"@type\":\"PropertyValueSpecification\",\"valueRequired\":true,\"valueName\":\"search_term_string\"}}],\"inLanguage\":\"pt-BR\"},{\"@type\":\"Person\",\"@id\":\"https:\\\/\\\/lifesgo.an9.com.br\\\/#\\\/schema\\\/person\\\/b34bfc24fce1f5cb9dc117e2efe61a07\",\"name\":\"LifesGo\",\"image\":{\"@type\":\"ImageObject\",\"inLanguage\":\"pt-BR\",\"@id\":\"https:\\\/\\\/secure.gravatar.com\\\/avatar\\\/ed0fb6c2dc8ca8634274f12b6bcee558dbcb1b05612be222e7d40b115c40b4f2?s=96&d=mm&r=g\",\"url\":\"https:\\\/\\\/secure.gravatar.com\\\/avatar\\\/ed0fb6c2dc8ca8634274f12b6bcee558dbcb1b05612be222e7d40b115c40b4f2?s=96&d=mm&r=g\",\"contentUrl\":\"https:\\\/\\\/secure.gravatar.com\\\/avatar\\\/ed0fb6c2dc8ca8634274f12b6bcee558dbcb1b05612be222e7d40b115c40b4f2?s=96&d=mm&r=g\",\"caption\":\"LifesGo\"},\"sameAs\":[\"https:\\\/\\\/lifesgo.com.br\"],\"url\":\"https:\\\/\\\/lifesgo.an9.com.br\\\/index.php\\\/author\\\/lucamor\\\/\"}]}<\/script>\n<!-- \/ Yoast SEO plugin. -->","yoast_head_json":{"title":"Will Santt lan\u00e7a o \u00e1lbum \"Meu Caminho\" pela Alma Music e anuncia turn\u00ea europeia - LifesGo","robots":{"index":"index","follow":"follow","max-snippet":"max-snippet:-1","max-image-preview":"max-image-preview:large","max-video-preview":"max-video-preview:-1"},"canonical":"https:\/\/lifesgo.an9.com.br\/index.php\/2024\/08\/18\/will-santt-lanca-o-album-meu-caminho-pela-alma-music-e-anuncia-turne-europeia\/","og_locale":"pt_BR","og_type":"article","og_title":"Will Santt lan\u00e7a o \u00e1lbum \"Meu Caminho\" pela Alma Music e anuncia turn\u00ea europeia - LifesGo","og_description":"Com influ\u00eancias de MPB e Bossa Nova, Will Santt aborda...","og_url":"https:\/\/lifesgo.an9.com.br\/index.php\/2024\/08\/18\/will-santt-lanca-o-album-meu-caminho-pela-alma-music-e-anuncia-turne-europeia\/","og_site_name":"LifesGo","article_published_time":"2024-08-18T23:31:16+00:00","og_image":[{"width":800,"height":451,"url":"https:\/\/lifesgo.an9.com.br\/wp-content\/uploads\/2024\/08\/4146-7-Copy-6.jpg","type":"image\/jpeg"}],"author":"LifesGo","twitter_card":"summary_large_image","twitter_misc":{"Escrito por":"LifesGo","Est. tempo de leitura":"5 minutos"},"schema":{"@context":"https:\/\/schema.org","@graph":[{"@type":"Article","@id":"https:\/\/lifesgo.an9.com.br\/index.php\/2024\/08\/18\/will-santt-lanca-o-album-meu-caminho-pela-alma-music-e-anuncia-turne-europeia\/#article","isPartOf":{"@id":"https:\/\/lifesgo.an9.com.br\/index.php\/2024\/08\/18\/will-santt-lanca-o-album-meu-caminho-pela-alma-music-e-anuncia-turne-europeia\/"},"author":{"name":"LifesGo","@id":"https:\/\/lifesgo.an9.com.br\/#\/schema\/person\/b34bfc24fce1f5cb9dc117e2efe61a07"},"headline":"Will Santt lan\u00e7a o \u00e1lbum &#8220;Meu Caminho&#8221; pela Alma Music e anuncia turn\u00ea europeia","datePublished":"2024-08-18T23:31:16+00:00","mainEntityOfPage":{"@id":"https:\/\/lifesgo.an9.com.br\/index.php\/2024\/08\/18\/will-santt-lanca-o-album-meu-caminho-pela-alma-music-e-anuncia-turne-europeia\/"},"wordCount":1005,"image":{"@id":"https:\/\/lifesgo.an9.com.br\/index.php\/2024\/08\/18\/will-santt-lanca-o-album-meu-caminho-pela-alma-music-e-anuncia-turne-europeia\/#primaryimage"},"thumbnailUrl":"https:\/\/lifesgo.an9.com.br\/wp-content\/uploads\/2024\/08\/4146-7-Copy-6.jpg","articleSection":["M\u00fasica"],"inLanguage":"pt-BR"},{"@type":"WebPage","@id":"https:\/\/lifesgo.an9.com.br\/index.php\/2024\/08\/18\/will-santt-lanca-o-album-meu-caminho-pela-alma-music-e-anuncia-turne-europeia\/","url":"https:\/\/lifesgo.an9.com.br\/index.php\/2024\/08\/18\/will-santt-lanca-o-album-meu-caminho-pela-alma-music-e-anuncia-turne-europeia\/","name":"Will Santt lan\u00e7a o \u00e1lbum \"Meu Caminho\" pela Alma Music e anuncia turn\u00ea europeia - LifesGo","isPartOf":{"@id":"https:\/\/lifesgo.an9.com.br\/#website"},"primaryImageOfPage":{"@id":"https:\/\/lifesgo.an9.com.br\/index.php\/2024\/08\/18\/will-santt-lanca-o-album-meu-caminho-pela-alma-music-e-anuncia-turne-europeia\/#primaryimage"},"image":{"@id":"https:\/\/lifesgo.an9.com.br\/index.php\/2024\/08\/18\/will-santt-lanca-o-album-meu-caminho-pela-alma-music-e-anuncia-turne-europeia\/#primaryimage"},"thumbnailUrl":"https:\/\/lifesgo.an9.com.br\/wp-content\/uploads\/2024\/08\/4146-7-Copy-6.jpg","datePublished":"2024-08-18T23:31:16+00:00","author":{"@id":"https:\/\/lifesgo.an9.com.br\/#\/schema\/person\/b34bfc24fce1f5cb9dc117e2efe61a07"},"breadcrumb":{"@id":"https:\/\/lifesgo.an9.com.br\/index.php\/2024\/08\/18\/will-santt-lanca-o-album-meu-caminho-pela-alma-music-e-anuncia-turne-europeia\/#breadcrumb"},"inLanguage":"pt-BR","potentialAction":[{"@type":"ReadAction","target":["https:\/\/lifesgo.an9.com.br\/index.php\/2024\/08\/18\/will-santt-lanca-o-album-meu-caminho-pela-alma-music-e-anuncia-turne-europeia\/"]}]},{"@type":"ImageObject","inLanguage":"pt-BR","@id":"https:\/\/lifesgo.an9.com.br\/index.php\/2024\/08\/18\/will-santt-lanca-o-album-meu-caminho-pela-alma-music-e-anuncia-turne-europeia\/#primaryimage","url":"https:\/\/lifesgo.an9.com.br\/wp-content\/uploads\/2024\/08\/4146-7-Copy-6.jpg","contentUrl":"https:\/\/lifesgo.an9.com.br\/wp-content\/uploads\/2024\/08\/4146-7-Copy-6.jpg","width":800,"height":451},{"@type":"BreadcrumbList","@id":"https:\/\/lifesgo.an9.com.br\/index.php\/2024\/08\/18\/will-santt-lanca-o-album-meu-caminho-pela-alma-music-e-anuncia-turne-europeia\/#breadcrumb","itemListElement":[{"@type":"ListItem","position":1,"name":"In\u00edcio","item":"https:\/\/lifesgo.an9.com.br\/"},{"@type":"ListItem","position":2,"name":"Will Santt lan\u00e7a o \u00e1lbum &#8220;Meu Caminho&#8221; pela Alma Music e anuncia turn\u00ea europeia"}]},{"@type":"WebSite","@id":"https:\/\/lifesgo.an9.com.br\/#website","url":"https:\/\/lifesgo.an9.com.br\/","name":"LifesGo","description":"","potentialAction":[{"@type":"SearchAction","target":{"@type":"EntryPoint","urlTemplate":"https:\/\/lifesgo.an9.com.br\/?s={search_term_string}"},"query-input":{"@type":"PropertyValueSpecification","valueRequired":true,"valueName":"search_term_string"}}],"inLanguage":"pt-BR"},{"@type":"Person","@id":"https:\/\/lifesgo.an9.com.br\/#\/schema\/person\/b34bfc24fce1f5cb9dc117e2efe61a07","name":"LifesGo","image":{"@type":"ImageObject","inLanguage":"pt-BR","@id":"https:\/\/secure.gravatar.com\/avatar\/ed0fb6c2dc8ca8634274f12b6bcee558dbcb1b05612be222e7d40b115c40b4f2?s=96&d=mm&r=g","url":"https:\/\/secure.gravatar.com\/avatar\/ed0fb6c2dc8ca8634274f12b6bcee558dbcb1b05612be222e7d40b115c40b4f2?s=96&d=mm&r=g","contentUrl":"https:\/\/secure.gravatar.com\/avatar\/ed0fb6c2dc8ca8634274f12b6bcee558dbcb1b05612be222e7d40b115c40b4f2?s=96&d=mm&r=g","caption":"LifesGo"},"sameAs":["https:\/\/lifesgo.com.br"],"url":"https:\/\/lifesgo.an9.com.br\/index.php\/author\/lucamor\/"}]}},"_links":{"self":[{"href":"https:\/\/lifesgo.an9.com.br\/index.php\/wp-json\/wp\/v2\/posts\/49807","targetHints":{"allow":["GET"]}}],"collection":[{"href":"https:\/\/lifesgo.an9.com.br\/index.php\/wp-json\/wp\/v2\/posts"}],"about":[{"href":"https:\/\/lifesgo.an9.com.br\/index.php\/wp-json\/wp\/v2\/types\/post"}],"author":[{"embeddable":true,"href":"https:\/\/lifesgo.an9.com.br\/index.php\/wp-json\/wp\/v2\/users\/1"}],"replies":[{"embeddable":true,"href":"https:\/\/lifesgo.an9.com.br\/index.php\/wp-json\/wp\/v2\/comments?post=49807"}],"version-history":[{"count":1,"href":"https:\/\/lifesgo.an9.com.br\/index.php\/wp-json\/wp\/v2\/posts\/49807\/revisions"}],"predecessor-version":[{"id":49808,"href":"https:\/\/lifesgo.an9.com.br\/index.php\/wp-json\/wp\/v2\/posts\/49807\/revisions\/49808"}],"wp:featuredmedia":[{"embeddable":true,"href":"https:\/\/lifesgo.an9.com.br\/index.php\/wp-json\/wp\/v2\/media\/49806"}],"wp:attachment":[{"href":"https:\/\/lifesgo.an9.com.br\/index.php\/wp-json\/wp\/v2\/media?parent=49807"}],"wp:term":[{"taxonomy":"category","embeddable":true,"href":"https:\/\/lifesgo.an9.com.br\/index.php\/wp-json\/wp\/v2\/categories?post=49807"},{"taxonomy":"post_tag","embeddable":true,"href":"https:\/\/lifesgo.an9.com.br\/index.php\/wp-json\/wp\/v2\/tags?post=49807"}],"curies":[{"name":"wp","href":"https:\/\/api.w.org\/{rel}","templated":true}]}}