{"id":49803,"date":"2024-08-17T10:47:13","date_gmt":"2024-08-17T13:47:13","guid":{"rendered":"https:\/\/lifesgo.an9.com.br\/?p=49803"},"modified":"2024-08-17T10:47:25","modified_gmt":"2024-08-17T13:47:25","slug":"duda-real-relembra-as-gravacoes-de-seu-ep-foi-um-otimo-trabalho","status":"publish","type":"post","link":"https:\/\/lifesgo.an9.com.br\/index.php\/2024\/08\/17\/duda-real-relembra-as-gravacoes-de-seu-ep-foi-um-otimo-trabalho\/","title":{"rendered":"Duda Real relembra as grava\u00e7\u00f5es\u00a0 de seu EP; \u201cFoi um \u00f3timo trabalho!\u201d"},"content":{"rendered":"\n<p class=\"wp-block-paragraph\"><\/p>\n\n\n\n<p class=\"wp-block-paragraph\">Em julho, a artista de Fortaleza, Duda Real, lan\u00e7ou seu primeiro EP intitulado \u201c<strong>Agora \u00c9 Real<\/strong>\u201d e obteve milh\u00f5es de visualiza\u00e7\u00f5es com suas can\u00e7\u00f5es originais.<\/p>\n\n\n\n<p class=\"wp-block-paragraph\"><strong>Duda Real <\/strong>tem 16 anos, e j\u00e1 acumula mais de 200 milh\u00f5es de visualiza\u00e7\u00f5es em suas produ\u00e7\u00f5es musicais. Os singles &#8220;<strong>Olha A\u00ed<\/strong>&#8221; e &#8220;<strong>Me B\u00e9lica<\/strong>&#8221; superaram a marca de 50 milh\u00f5es de visualiza\u00e7\u00f5es cada um, somente no YouTube. A artista colaborou com a cantora de forr\u00f3 <strong><em>Solange Almeida <\/em><\/strong>e participou do evento &#8220;<strong>Mari Sem Fim<\/strong>&#8220;, da cantora <strong><em>Mari Fernandez<\/em><\/strong>, al\u00e9m de ter conquistado o apre\u00e7o de v\u00e1rios jurados no programa &#8220;<strong>Canta Comigo<\/strong>&#8220;, da <strong>Record<\/strong>.<\/p>\n\n\n\n<p class=\"wp-block-paragraph\"><\/p>\n\n\n\n<p class=\"wp-block-paragraph\"><a href=\"https:\/\/www.instagram.com\/p\/C-lYpcQy4_8\/\">https:\/\/www.instagram.com\/p\/C-lYpcQy4_8\/<\/a><\/p>\n\n\n\n<p class=\"wp-block-paragraph\">Atualmente, <strong>Duda<\/strong> produz covers e conte\u00fados humor\u00edsticos para suas redes sociais, conquistando uma variedade de f\u00e3s e admiradores, junto com o influenciador <strong>Ryan Mateus<\/strong>. Produzido pela <strong>Play Hits<\/strong>, o EP da <strong>Duda<\/strong> cont\u00e9m quatro faixas autorais dispon\u00edveis nas plataformas digitais. Al\u00e9m disso, as empresas &#8220;<strong>PG Folhagens<\/strong>&#8220;, &#8220;<strong>Neon Fortaleza<\/strong>&#8221; e &#8220;<strong>Use Savana<\/strong>&#8221; foram as patrocinadoras oficiais do EP intitulado \u201c<strong><em>Agora \u00c9 Real<\/em><\/strong>\u201d.<\/p>\n\n\n\n<p class=\"wp-block-paragraph\">O primeiro EP da artista, j\u00e1 encontra-se dispon\u00edvel nas plataformas digitais, e soma com mais de 1 milh\u00e3o de visualiza\u00e7\u00f5es em poucas semanas.&nbsp;<\/p>\n\n\n\n<p class=\"wp-block-paragraph\"><a href=\"https:\/\/open.spotify.com\/album\/14UCZ1ZQfdPCnqgdW73gfu?si=PkrNiItLQXynECywzNAb6w\"><strong><em>OU\u00c7A AGORA!<\/em><\/strong><\/a><\/p>\n","protected":false},"excerpt":{"rendered":"<p>Em julho, a artista de Fortaleza, Duda Real, lan\u00e7ou seu&#8230;<\/p>\n","protected":false},"author":1,"featured_media":49804,"comment_status":"open","ping_status":"open","sticky":false,"template":"","format":"standard","meta":{"_acf_changed":false,"footnotes":""},"categories":[78],"tags":[],"class_list":["post-49803","post","type-post","status-publish","format-standard","has-post-thumbnail","hentry","category-faixa-cultural"],"acf":[],"yoast_head":"<!-- This site is optimized with the Yoast SEO plugin v28.3 - https:\/\/yoast.com\/product\/yoast-seo-wordpress\/ -->\n<title>Duda Real relembra as grava\u00e7\u00f5es\u00a0 de seu EP; \u201cFoi um \u00f3timo trabalho!\u201d - LifesGo<\/title>\n<meta name=\"robots\" content=\"index, follow, max-snippet:-1, max-image-preview:large, max-video-preview:-1\" \/>\n<link rel=\"canonical\" href=\"https:\/\/lifesgo.an9.com.br\/index.php\/2024\/08\/17\/duda-real-relembra-as-gravacoes-de-seu-ep-foi-um-otimo-trabalho\/\" \/>\n<meta property=\"og:locale\" content=\"pt_BR\" \/>\n<meta property=\"og:type\" content=\"article\" \/>\n<meta property=\"og:title\" content=\"Duda Real relembra as grava\u00e7\u00f5es\u00a0 de seu EP; \u201cFoi um \u00f3timo trabalho!\u201d - LifesGo\" \/>\n<meta property=\"og:description\" content=\"Em julho, a artista de Fortaleza, Duda Real, lan\u00e7ou seu...\" \/>\n<meta property=\"og:url\" content=\"https:\/\/lifesgo.an9.com.br\/index.php\/2024\/08\/17\/duda-real-relembra-as-gravacoes-de-seu-ep-foi-um-otimo-trabalho\/\" \/>\n<meta property=\"og:site_name\" content=\"LifesGo\" \/>\n<meta property=\"article:published_time\" content=\"2024-08-17T13:47:13+00:00\" \/>\n<meta property=\"article:modified_time\" content=\"2024-08-17T13:47:25+00:00\" \/>\n<meta property=\"og:image\" content=\"https:\/\/lifesgo.an9.com.br\/wp-content\/uploads\/2024\/08\/IMG-20240817-WA0011.jpg\" \/>\n\t<meta property=\"og:image:width\" content=\"1068\" \/>\n\t<meta property=\"og:image:height\" content=\"1600\" \/>\n\t<meta property=\"og:image:type\" content=\"image\/jpeg\" \/>\n<meta name=\"author\" content=\"LifesGo\" \/>\n<meta name=\"twitter:card\" content=\"summary_large_image\" \/>\n<meta name=\"twitter:label1\" content=\"Escrito por\" \/>\n\t<meta name=\"twitter:data1\" content=\"LifesGo\" \/>\n\t<meta name=\"twitter:label2\" content=\"Est. tempo de leitura\" \/>\n\t<meta name=\"twitter:data2\" content=\"2 minutos\" \/>\n<script type=\"application\/ld+json\" class=\"yoast-schema-graph\">{\"@context\":\"https:\\\/\\\/schema.org\",\"@graph\":[{\"@type\":\"Article\",\"@id\":\"https:\\\/\\\/lifesgo.an9.com.br\\\/index.php\\\/2024\\\/08\\\/17\\\/duda-real-relembra-as-gravacoes-de-seu-ep-foi-um-otimo-trabalho\\\/#article\",\"isPartOf\":{\"@id\":\"https:\\\/\\\/lifesgo.an9.com.br\\\/index.php\\\/2024\\\/08\\\/17\\\/duda-real-relembra-as-gravacoes-de-seu-ep-foi-um-otimo-trabalho\\\/\"},\"author\":{\"name\":\"LifesGo\",\"@id\":\"https:\\\/\\\/lifesgo.an9.com.br\\\/#\\\/schema\\\/person\\\/b34bfc24fce1f5cb9dc117e2efe61a07\"},\"headline\":\"Duda Real relembra as grava\u00e7\u00f5es\u00a0 de seu EP; \u201cFoi um \u00f3timo trabalho!\u201d\",\"datePublished\":\"2024-08-17T13:47:13+00:00\",\"dateModified\":\"2024-08-17T13:47:25+00:00\",\"mainEntityOfPage\":{\"@id\":\"https:\\\/\\\/lifesgo.an9.com.br\\\/index.php\\\/2024\\\/08\\\/17\\\/duda-real-relembra-as-gravacoes-de-seu-ep-foi-um-otimo-trabalho\\\/\"},\"wordCount\":222,\"commentCount\":0,\"image\":{\"@id\":\"https:\\\/\\\/lifesgo.an9.com.br\\\/index.php\\\/2024\\\/08\\\/17\\\/duda-real-relembra-as-gravacoes-de-seu-ep-foi-um-otimo-trabalho\\\/#primaryimage\"},\"thumbnailUrl\":\"https:\\\/\\\/lifesgo.an9.com.br\\\/wp-content\\\/uploads\\\/2024\\\/08\\\/IMG-20240817-WA0011.jpg\",\"articleSection\":[\"Faixa Cultural\"],\"inLanguage\":\"pt-BR\",\"potentialAction\":[{\"@type\":\"CommentAction\",\"name\":\"Comment\",\"target\":[\"https:\\\/\\\/lifesgo.an9.com.br\\\/index.php\\\/2024\\\/08\\\/17\\\/duda-real-relembra-as-gravacoes-de-seu-ep-foi-um-otimo-trabalho\\\/#respond\"]}]},{\"@type\":\"WebPage\",\"@id\":\"https:\\\/\\\/lifesgo.an9.com.br\\\/index.php\\\/2024\\\/08\\\/17\\\/duda-real-relembra-as-gravacoes-de-seu-ep-foi-um-otimo-trabalho\\\/\",\"url\":\"https:\\\/\\\/lifesgo.an9.com.br\\\/index.php\\\/2024\\\/08\\\/17\\\/duda-real-relembra-as-gravacoes-de-seu-ep-foi-um-otimo-trabalho\\\/\",\"name\":\"Duda Real relembra as grava\u00e7\u00f5es\u00a0 de seu EP; \u201cFoi um \u00f3timo trabalho!\u201d - LifesGo\",\"isPartOf\":{\"@id\":\"https:\\\/\\\/lifesgo.an9.com.br\\\/#website\"},\"primaryImageOfPage\":{\"@id\":\"https:\\\/\\\/lifesgo.an9.com.br\\\/index.php\\\/2024\\\/08\\\/17\\\/duda-real-relembra-as-gravacoes-de-seu-ep-foi-um-otimo-trabalho\\\/#primaryimage\"},\"image\":{\"@id\":\"https:\\\/\\\/lifesgo.an9.com.br\\\/index.php\\\/2024\\\/08\\\/17\\\/duda-real-relembra-as-gravacoes-de-seu-ep-foi-um-otimo-trabalho\\\/#primaryimage\"},\"thumbnailUrl\":\"https:\\\/\\\/lifesgo.an9.com.br\\\/wp-content\\\/uploads\\\/2024\\\/08\\\/IMG-20240817-WA0011.jpg\",\"datePublished\":\"2024-08-17T13:47:13+00:00\",\"dateModified\":\"2024-08-17T13:47:25+00:00\",\"author\":{\"@id\":\"https:\\\/\\\/lifesgo.an9.com.br\\\/#\\\/schema\\\/person\\\/b34bfc24fce1f5cb9dc117e2efe61a07\"},\"breadcrumb\":{\"@id\":\"https:\\\/\\\/lifesgo.an9.com.br\\\/index.php\\\/2024\\\/08\\\/17\\\/duda-real-relembra-as-gravacoes-de-seu-ep-foi-um-otimo-trabalho\\\/#breadcrumb\"},\"inLanguage\":\"pt-BR\",\"potentialAction\":[{\"@type\":\"ReadAction\",\"target\":[\"https:\\\/\\\/lifesgo.an9.com.br\\\/index.php\\\/2024\\\/08\\\/17\\\/duda-real-relembra-as-gravacoes-de-seu-ep-foi-um-otimo-trabalho\\\/\"]}]},{\"@type\":\"ImageObject\",\"inLanguage\":\"pt-BR\",\"@id\":\"https:\\\/\\\/lifesgo.an9.com.br\\\/index.php\\\/2024\\\/08\\\/17\\\/duda-real-relembra-as-gravacoes-de-seu-ep-foi-um-otimo-trabalho\\\/#primaryimage\",\"url\":\"https:\\\/\\\/lifesgo.an9.com.br\\\/wp-content\\\/uploads\\\/2024\\\/08\\\/IMG-20240817-WA0011.jpg\",\"contentUrl\":\"https:\\\/\\\/lifesgo.an9.com.br\\\/wp-content\\\/uploads\\\/2024\\\/08\\\/IMG-20240817-WA0011.jpg\",\"width\":1068,\"height\":1600},{\"@type\":\"BreadcrumbList\",\"@id\":\"https:\\\/\\\/lifesgo.an9.com.br\\\/index.php\\\/2024\\\/08\\\/17\\\/duda-real-relembra-as-gravacoes-de-seu-ep-foi-um-otimo-trabalho\\\/#breadcrumb\",\"itemListElement\":[{\"@type\":\"ListItem\",\"position\":1,\"name\":\"In\u00edcio\",\"item\":\"https:\\\/\\\/lifesgo.an9.com.br\\\/\"},{\"@type\":\"ListItem\",\"position\":2,\"name\":\"Duda Real relembra as grava\u00e7\u00f5es\u00a0 de seu EP; \u201cFoi um \u00f3timo trabalho!\u201d\"}]},{\"@type\":\"WebSite\",\"@id\":\"https:\\\/\\\/lifesgo.an9.com.br\\\/#website\",\"url\":\"https:\\\/\\\/lifesgo.an9.com.br\\\/\",\"name\":\"LifesGo\",\"description\":\"\",\"potentialAction\":[{\"@type\":\"SearchAction\",\"target\":{\"@type\":\"EntryPoint\",\"urlTemplate\":\"https:\\\/\\\/lifesgo.an9.com.br\\\/?s={search_term_string}\"},\"query-input\":{\"@type\":\"PropertyValueSpecification\",\"valueRequired\":true,\"valueName\":\"search_term_string\"}}],\"inLanguage\":\"pt-BR\"},{\"@type\":\"Person\",\"@id\":\"https:\\\/\\\/lifesgo.an9.com.br\\\/#\\\/schema\\\/person\\\/b34bfc24fce1f5cb9dc117e2efe61a07\",\"name\":\"LifesGo\",\"image\":{\"@type\":\"ImageObject\",\"inLanguage\":\"pt-BR\",\"@id\":\"https:\\\/\\\/secure.gravatar.com\\\/avatar\\\/ed0fb6c2dc8ca8634274f12b6bcee558dbcb1b05612be222e7d40b115c40b4f2?s=96&d=mm&r=g\",\"url\":\"https:\\\/\\\/secure.gravatar.com\\\/avatar\\\/ed0fb6c2dc8ca8634274f12b6bcee558dbcb1b05612be222e7d40b115c40b4f2?s=96&d=mm&r=g\",\"contentUrl\":\"https:\\\/\\\/secure.gravatar.com\\\/avatar\\\/ed0fb6c2dc8ca8634274f12b6bcee558dbcb1b05612be222e7d40b115c40b4f2?s=96&d=mm&r=g\",\"caption\":\"LifesGo\"},\"sameAs\":[\"https:\\\/\\\/lifesgo.com.br\"],\"url\":\"https:\\\/\\\/lifesgo.an9.com.br\\\/index.php\\\/author\\\/lucamor\\\/\"}]}<\/script>\n<!-- \/ Yoast SEO plugin. -->","yoast_head_json":{"title":"Duda Real relembra as grava\u00e7\u00f5es\u00a0 de seu EP; \u201cFoi um \u00f3timo trabalho!\u201d - LifesGo","robots":{"index":"index","follow":"follow","max-snippet":"max-snippet:-1","max-image-preview":"max-image-preview:large","max-video-preview":"max-video-preview:-1"},"canonical":"https:\/\/lifesgo.an9.com.br\/index.php\/2024\/08\/17\/duda-real-relembra-as-gravacoes-de-seu-ep-foi-um-otimo-trabalho\/","og_locale":"pt_BR","og_type":"article","og_title":"Duda Real relembra as grava\u00e7\u00f5es\u00a0 de seu EP; \u201cFoi um \u00f3timo trabalho!\u201d - LifesGo","og_description":"Em julho, a artista de Fortaleza, Duda Real, lan\u00e7ou seu...","og_url":"https:\/\/lifesgo.an9.com.br\/index.php\/2024\/08\/17\/duda-real-relembra-as-gravacoes-de-seu-ep-foi-um-otimo-trabalho\/","og_site_name":"LifesGo","article_published_time":"2024-08-17T13:47:13+00:00","article_modified_time":"2024-08-17T13:47:25+00:00","og_image":[{"width":1068,"height":1600,"url":"https:\/\/lifesgo.an9.com.br\/wp-content\/uploads\/2024\/08\/IMG-20240817-WA0011.jpg","type":"image\/jpeg"}],"author":"LifesGo","twitter_card":"summary_large_image","twitter_misc":{"Escrito por":"LifesGo","Est. tempo de leitura":"2 minutos"},"schema":{"@context":"https:\/\/schema.org","@graph":[{"@type":"Article","@id":"https:\/\/lifesgo.an9.com.br\/index.php\/2024\/08\/17\/duda-real-relembra-as-gravacoes-de-seu-ep-foi-um-otimo-trabalho\/#article","isPartOf":{"@id":"https:\/\/lifesgo.an9.com.br\/index.php\/2024\/08\/17\/duda-real-relembra-as-gravacoes-de-seu-ep-foi-um-otimo-trabalho\/"},"author":{"name":"LifesGo","@id":"https:\/\/lifesgo.an9.com.br\/#\/schema\/person\/b34bfc24fce1f5cb9dc117e2efe61a07"},"headline":"Duda Real relembra as grava\u00e7\u00f5es\u00a0 de seu EP; \u201cFoi um \u00f3timo trabalho!\u201d","datePublished":"2024-08-17T13:47:13+00:00","dateModified":"2024-08-17T13:47:25+00:00","mainEntityOfPage":{"@id":"https:\/\/lifesgo.an9.com.br\/index.php\/2024\/08\/17\/duda-real-relembra-as-gravacoes-de-seu-ep-foi-um-otimo-trabalho\/"},"wordCount":222,"commentCount":0,"image":{"@id":"https:\/\/lifesgo.an9.com.br\/index.php\/2024\/08\/17\/duda-real-relembra-as-gravacoes-de-seu-ep-foi-um-otimo-trabalho\/#primaryimage"},"thumbnailUrl":"https:\/\/lifesgo.an9.com.br\/wp-content\/uploads\/2024\/08\/IMG-20240817-WA0011.jpg","articleSection":["Faixa Cultural"],"inLanguage":"pt-BR","potentialAction":[{"@type":"CommentAction","name":"Comment","target":["https:\/\/lifesgo.an9.com.br\/index.php\/2024\/08\/17\/duda-real-relembra-as-gravacoes-de-seu-ep-foi-um-otimo-trabalho\/#respond"]}]},{"@type":"WebPage","@id":"https:\/\/lifesgo.an9.com.br\/index.php\/2024\/08\/17\/duda-real-relembra-as-gravacoes-de-seu-ep-foi-um-otimo-trabalho\/","url":"https:\/\/lifesgo.an9.com.br\/index.php\/2024\/08\/17\/duda-real-relembra-as-gravacoes-de-seu-ep-foi-um-otimo-trabalho\/","name":"Duda Real relembra as grava\u00e7\u00f5es\u00a0 de seu EP; \u201cFoi um \u00f3timo trabalho!\u201d - LifesGo","isPartOf":{"@id":"https:\/\/lifesgo.an9.com.br\/#website"},"primaryImageOfPage":{"@id":"https:\/\/lifesgo.an9.com.br\/index.php\/2024\/08\/17\/duda-real-relembra-as-gravacoes-de-seu-ep-foi-um-otimo-trabalho\/#primaryimage"},"image":{"@id":"https:\/\/lifesgo.an9.com.br\/index.php\/2024\/08\/17\/duda-real-relembra-as-gravacoes-de-seu-ep-foi-um-otimo-trabalho\/#primaryimage"},"thumbnailUrl":"https:\/\/lifesgo.an9.com.br\/wp-content\/uploads\/2024\/08\/IMG-20240817-WA0011.jpg","datePublished":"2024-08-17T13:47:13+00:00","dateModified":"2024-08-17T13:47:25+00:00","author":{"@id":"https:\/\/lifesgo.an9.com.br\/#\/schema\/person\/b34bfc24fce1f5cb9dc117e2efe61a07"},"breadcrumb":{"@id":"https:\/\/lifesgo.an9.com.br\/index.php\/2024\/08\/17\/duda-real-relembra-as-gravacoes-de-seu-ep-foi-um-otimo-trabalho\/#breadcrumb"},"inLanguage":"pt-BR","potentialAction":[{"@type":"ReadAction","target":["https:\/\/lifesgo.an9.com.br\/index.php\/2024\/08\/17\/duda-real-relembra-as-gravacoes-de-seu-ep-foi-um-otimo-trabalho\/"]}]},{"@type":"ImageObject","inLanguage":"pt-BR","@id":"https:\/\/lifesgo.an9.com.br\/index.php\/2024\/08\/17\/duda-real-relembra-as-gravacoes-de-seu-ep-foi-um-otimo-trabalho\/#primaryimage","url":"https:\/\/lifesgo.an9.com.br\/wp-content\/uploads\/2024\/08\/IMG-20240817-WA0011.jpg","contentUrl":"https:\/\/lifesgo.an9.com.br\/wp-content\/uploads\/2024\/08\/IMG-20240817-WA0011.jpg","width":1068,"height":1600},{"@type":"BreadcrumbList","@id":"https:\/\/lifesgo.an9.com.br\/index.php\/2024\/08\/17\/duda-real-relembra-as-gravacoes-de-seu-ep-foi-um-otimo-trabalho\/#breadcrumb","itemListElement":[{"@type":"ListItem","position":1,"name":"In\u00edcio","item":"https:\/\/lifesgo.an9.com.br\/"},{"@type":"ListItem","position":2,"name":"Duda Real relembra as grava\u00e7\u00f5es\u00a0 de seu EP; \u201cFoi um \u00f3timo trabalho!\u201d"}]},{"@type":"WebSite","@id":"https:\/\/lifesgo.an9.com.br\/#website","url":"https:\/\/lifesgo.an9.com.br\/","name":"LifesGo","description":"","potentialAction":[{"@type":"SearchAction","target":{"@type":"EntryPoint","urlTemplate":"https:\/\/lifesgo.an9.com.br\/?s={search_term_string}"},"query-input":{"@type":"PropertyValueSpecification","valueRequired":true,"valueName":"search_term_string"}}],"inLanguage":"pt-BR"},{"@type":"Person","@id":"https:\/\/lifesgo.an9.com.br\/#\/schema\/person\/b34bfc24fce1f5cb9dc117e2efe61a07","name":"LifesGo","image":{"@type":"ImageObject","inLanguage":"pt-BR","@id":"https:\/\/secure.gravatar.com\/avatar\/ed0fb6c2dc8ca8634274f12b6bcee558dbcb1b05612be222e7d40b115c40b4f2?s=96&d=mm&r=g","url":"https:\/\/secure.gravatar.com\/avatar\/ed0fb6c2dc8ca8634274f12b6bcee558dbcb1b05612be222e7d40b115c40b4f2?s=96&d=mm&r=g","contentUrl":"https:\/\/secure.gravatar.com\/avatar\/ed0fb6c2dc8ca8634274f12b6bcee558dbcb1b05612be222e7d40b115c40b4f2?s=96&d=mm&r=g","caption":"LifesGo"},"sameAs":["https:\/\/lifesgo.com.br"],"url":"https:\/\/lifesgo.an9.com.br\/index.php\/author\/lucamor\/"}]}},"_links":{"self":[{"href":"https:\/\/lifesgo.an9.com.br\/index.php\/wp-json\/wp\/v2\/posts\/49803","targetHints":{"allow":["GET"]}}],"collection":[{"href":"https:\/\/lifesgo.an9.com.br\/index.php\/wp-json\/wp\/v2\/posts"}],"about":[{"href":"https:\/\/lifesgo.an9.com.br\/index.php\/wp-json\/wp\/v2\/types\/post"}],"author":[{"embeddable":true,"href":"https:\/\/lifesgo.an9.com.br\/index.php\/wp-json\/wp\/v2\/users\/1"}],"replies":[{"embeddable":true,"href":"https:\/\/lifesgo.an9.com.br\/index.php\/wp-json\/wp\/v2\/comments?post=49803"}],"version-history":[{"count":1,"href":"https:\/\/lifesgo.an9.com.br\/index.php\/wp-json\/wp\/v2\/posts\/49803\/revisions"}],"predecessor-version":[{"id":49805,"href":"https:\/\/lifesgo.an9.com.br\/index.php\/wp-json\/wp\/v2\/posts\/49803\/revisions\/49805"}],"wp:featuredmedia":[{"embeddable":true,"href":"https:\/\/lifesgo.an9.com.br\/index.php\/wp-json\/wp\/v2\/media\/49804"}],"wp:attachment":[{"href":"https:\/\/lifesgo.an9.com.br\/index.php\/wp-json\/wp\/v2\/media?parent=49803"}],"wp:term":[{"taxonomy":"category","embeddable":true,"href":"https:\/\/lifesgo.an9.com.br\/index.php\/wp-json\/wp\/v2\/categories?post=49803"},{"taxonomy":"post_tag","embeddable":true,"href":"https:\/\/lifesgo.an9.com.br\/index.php\/wp-json\/wp\/v2\/tags?post=49803"}],"curies":[{"name":"wp","href":"https:\/\/api.w.org\/{rel}","templated":true}]}}