{"id":48260,"date":"2024-07-15T18:18:36","date_gmt":"2024-07-15T21:18:36","guid":{"rendered":"https:\/\/lifesgo.an9.com.br\/?p=48260"},"modified":"2024-07-15T18:18:56","modified_gmt":"2024-07-15T21:18:56","slug":"vinicius-salvador-estreara-na-sapucai-no-cargo-de-muso-no-carnaval-2025","status":"publish","type":"post","link":"https:\/\/lifesgo.an9.com.br\/index.php\/2024\/07\/15\/vinicius-salvador-estreara-na-sapucai-no-cargo-de-muso-no-carnaval-2025\/","title":{"rendered":"Vinicius Salvador estrear\u00e1 na Sapuca\u00ed no cargo de muso no Carnaval 2025"},"content":{"rendered":"\n<p class=\"wp-block-paragraph\"><\/p>\n\n\n\n<p class=\"wp-block-paragraph\"><br>O sambista Vinicius Pinto Salvador ser\u00e1 muso ( destaque de ch\u00e3o) no pr\u00f3ximo Carnaval 2025. Apaixonado pelo carnaval desde crian\u00e7a, natural de mag\u00e9 o sambista sempre sonhou em desfilar nas escolas do Rio de Janeiro, iniciando sua trajet\u00f3ria carnavalesca no Rio na escola Unidos de Padre Miguel em 2018, j\u00e1 em sua estr\u00e9ia no primeiro de desfile na Sapuca\u00ed o foli\u00e3o desfilou em grandes escolas como Grande Rio, Beija-Flor, Vila Isabel, o amor foi t\u00e3o grande que ele nunca mais parou de desfilar.<br>&#8220;Sempre tive vontade de vir de muso em alguma escola ou Rei de Bateria, e agora estou conseguindo realizar esse sonho de vim como muso pela primeira vez no pr\u00f3ximo carnaval 2025, carnaval passado em 2024 desfilei como destaque na Vig\u00e1rio Geral, foi maravilhoso e inesquec\u00edvel, agora ser muso na s\u00e9rie Ouro ser\u00e1 muito especial para mim, j\u00e1 estou amando tudo isso&#8221;. comemora @viniciuspintosavador<br>O sambista realizar\u00e1 o sonho de ser uma das estrelas do carnaval carioca na s\u00e9rie Ouro na Marques de Sapuca\u00ed, solo sagrado do samba carioca com o apoio de dois padrinhos instruindo para fazer o melhor durante essa nova trajet\u00f3ria.<\/p>\n\n\n\n<p class=\"wp-block-paragraph\"><br>O muso e sua assessoria de imprensa @assessoriacinco est\u00e3o decidindo a escola para ter um bom desempenho e fazer o melhor para o carnaval carioca.<\/p>\n\n\n\n<p class=\"wp-block-paragraph\"><br><strong>Por Jeferson Kim<\/strong><br>@assessoriacinco<\/p>\n","protected":false},"excerpt":{"rendered":"<p>O sambista Vinicius Pinto Salvador ser\u00e1 muso ( destaque de&#8230;<\/p>\n","protected":false},"author":1,"featured_media":48261,"comment_status":"open","ping_status":"open","sticky":false,"template":"","format":"standard","meta":{"_acf_changed":false,"footnotes":""},"categories":[1],"tags":[],"class_list":["post-48260","post","type-post","status-publish","format-standard","has-post-thumbnail","hentry","category-blog"],"acf":[],"yoast_head":"<!-- This site is optimized with the Yoast SEO plugin v28.3 - https:\/\/yoast.com\/product\/yoast-seo-wordpress\/ -->\n<title>Vinicius Salvador estrear\u00e1 na Sapuca\u00ed no cargo de muso no Carnaval 2025 - LifesGo<\/title>\n<meta name=\"robots\" content=\"index, follow, max-snippet:-1, max-image-preview:large, max-video-preview:-1\" \/>\n<link rel=\"canonical\" href=\"https:\/\/lifesgo.an9.com.br\/index.php\/2024\/07\/15\/vinicius-salvador-estreara-na-sapucai-no-cargo-de-muso-no-carnaval-2025\/\" \/>\n<meta property=\"og:locale\" content=\"pt_BR\" \/>\n<meta property=\"og:type\" content=\"article\" \/>\n<meta property=\"og:title\" content=\"Vinicius Salvador estrear\u00e1 na Sapuca\u00ed no cargo de muso no Carnaval 2025 - LifesGo\" \/>\n<meta property=\"og:description\" content=\"O sambista Vinicius Pinto Salvador ser\u00e1 muso ( destaque de...\" \/>\n<meta property=\"og:url\" content=\"https:\/\/lifesgo.an9.com.br\/index.php\/2024\/07\/15\/vinicius-salvador-estreara-na-sapucai-no-cargo-de-muso-no-carnaval-2025\/\" \/>\n<meta property=\"og:site_name\" content=\"LifesGo\" \/>\n<meta property=\"article:published_time\" content=\"2024-07-15T21:18:36+00:00\" \/>\n<meta property=\"article:modified_time\" content=\"2024-07-15T21:18:56+00:00\" \/>\n<meta property=\"og:image\" content=\"https:\/\/lifesgo.an9.com.br\/wp-content\/uploads\/2024\/07\/IMG-20240715-WA0049.jpg\" \/>\n\t<meta property=\"og:image:width\" content=\"959\" \/>\n\t<meta property=\"og:image:height\" content=\"1280\" \/>\n\t<meta property=\"og:image:type\" content=\"image\/jpeg\" \/>\n<meta name=\"author\" content=\"LifesGo\" \/>\n<meta name=\"twitter:card\" content=\"summary_large_image\" \/>\n<meta name=\"twitter:label1\" content=\"Escrito por\" \/>\n\t<meta name=\"twitter:data1\" content=\"LifesGo\" \/>\n\t<meta name=\"twitter:label2\" content=\"Est. tempo de leitura\" \/>\n\t<meta name=\"twitter:data2\" content=\"2 minutos\" \/>\n<script type=\"application\/ld+json\" class=\"yoast-schema-graph\">{\"@context\":\"https:\\\/\\\/schema.org\",\"@graph\":[{\"@type\":\"Article\",\"@id\":\"https:\\\/\\\/lifesgo.an9.com.br\\\/index.php\\\/2024\\\/07\\\/15\\\/vinicius-salvador-estreara-na-sapucai-no-cargo-de-muso-no-carnaval-2025\\\/#article\",\"isPartOf\":{\"@id\":\"https:\\\/\\\/lifesgo.an9.com.br\\\/index.php\\\/2024\\\/07\\\/15\\\/vinicius-salvador-estreara-na-sapucai-no-cargo-de-muso-no-carnaval-2025\\\/\"},\"author\":{\"name\":\"LifesGo\",\"@id\":\"https:\\\/\\\/lifesgo.an9.com.br\\\/#\\\/schema\\\/person\\\/b34bfc24fce1f5cb9dc117e2efe61a07\"},\"headline\":\"Vinicius Salvador estrear\u00e1 na Sapuca\u00ed no cargo de muso no Carnaval 2025\",\"datePublished\":\"2024-07-15T21:18:36+00:00\",\"dateModified\":\"2024-07-15T21:18:56+00:00\",\"mainEntityOfPage\":{\"@id\":\"https:\\\/\\\/lifesgo.an9.com.br\\\/index.php\\\/2024\\\/07\\\/15\\\/vinicius-salvador-estreara-na-sapucai-no-cargo-de-muso-no-carnaval-2025\\\/\"},\"wordCount\":235,\"commentCount\":0,\"image\":{\"@id\":\"https:\\\/\\\/lifesgo.an9.com.br\\\/index.php\\\/2024\\\/07\\\/15\\\/vinicius-salvador-estreara-na-sapucai-no-cargo-de-muso-no-carnaval-2025\\\/#primaryimage\"},\"thumbnailUrl\":\"https:\\\/\\\/lifesgo.an9.com.br\\\/wp-content\\\/uploads\\\/2024\\\/07\\\/IMG-20240715-WA0049.jpg\",\"articleSection\":[\"Blog\"],\"inLanguage\":\"pt-BR\",\"potentialAction\":[{\"@type\":\"CommentAction\",\"name\":\"Comment\",\"target\":[\"https:\\\/\\\/lifesgo.an9.com.br\\\/index.php\\\/2024\\\/07\\\/15\\\/vinicius-salvador-estreara-na-sapucai-no-cargo-de-muso-no-carnaval-2025\\\/#respond\"]}]},{\"@type\":\"WebPage\",\"@id\":\"https:\\\/\\\/lifesgo.an9.com.br\\\/index.php\\\/2024\\\/07\\\/15\\\/vinicius-salvador-estreara-na-sapucai-no-cargo-de-muso-no-carnaval-2025\\\/\",\"url\":\"https:\\\/\\\/lifesgo.an9.com.br\\\/index.php\\\/2024\\\/07\\\/15\\\/vinicius-salvador-estreara-na-sapucai-no-cargo-de-muso-no-carnaval-2025\\\/\",\"name\":\"Vinicius Salvador estrear\u00e1 na Sapuca\u00ed no cargo de muso no Carnaval 2025 - LifesGo\",\"isPartOf\":{\"@id\":\"https:\\\/\\\/lifesgo.an9.com.br\\\/#website\"},\"primaryImageOfPage\":{\"@id\":\"https:\\\/\\\/lifesgo.an9.com.br\\\/index.php\\\/2024\\\/07\\\/15\\\/vinicius-salvador-estreara-na-sapucai-no-cargo-de-muso-no-carnaval-2025\\\/#primaryimage\"},\"image\":{\"@id\":\"https:\\\/\\\/lifesgo.an9.com.br\\\/index.php\\\/2024\\\/07\\\/15\\\/vinicius-salvador-estreara-na-sapucai-no-cargo-de-muso-no-carnaval-2025\\\/#primaryimage\"},\"thumbnailUrl\":\"https:\\\/\\\/lifesgo.an9.com.br\\\/wp-content\\\/uploads\\\/2024\\\/07\\\/IMG-20240715-WA0049.jpg\",\"datePublished\":\"2024-07-15T21:18:36+00:00\",\"dateModified\":\"2024-07-15T21:18:56+00:00\",\"author\":{\"@id\":\"https:\\\/\\\/lifesgo.an9.com.br\\\/#\\\/schema\\\/person\\\/b34bfc24fce1f5cb9dc117e2efe61a07\"},\"breadcrumb\":{\"@id\":\"https:\\\/\\\/lifesgo.an9.com.br\\\/index.php\\\/2024\\\/07\\\/15\\\/vinicius-salvador-estreara-na-sapucai-no-cargo-de-muso-no-carnaval-2025\\\/#breadcrumb\"},\"inLanguage\":\"pt-BR\",\"potentialAction\":[{\"@type\":\"ReadAction\",\"target\":[\"https:\\\/\\\/lifesgo.an9.com.br\\\/index.php\\\/2024\\\/07\\\/15\\\/vinicius-salvador-estreara-na-sapucai-no-cargo-de-muso-no-carnaval-2025\\\/\"]}]},{\"@type\":\"ImageObject\",\"inLanguage\":\"pt-BR\",\"@id\":\"https:\\\/\\\/lifesgo.an9.com.br\\\/index.php\\\/2024\\\/07\\\/15\\\/vinicius-salvador-estreara-na-sapucai-no-cargo-de-muso-no-carnaval-2025\\\/#primaryimage\",\"url\":\"https:\\\/\\\/lifesgo.an9.com.br\\\/wp-content\\\/uploads\\\/2024\\\/07\\\/IMG-20240715-WA0049.jpg\",\"contentUrl\":\"https:\\\/\\\/lifesgo.an9.com.br\\\/wp-content\\\/uploads\\\/2024\\\/07\\\/IMG-20240715-WA0049.jpg\",\"width\":959,\"height\":1280},{\"@type\":\"BreadcrumbList\",\"@id\":\"https:\\\/\\\/lifesgo.an9.com.br\\\/index.php\\\/2024\\\/07\\\/15\\\/vinicius-salvador-estreara-na-sapucai-no-cargo-de-muso-no-carnaval-2025\\\/#breadcrumb\",\"itemListElement\":[{\"@type\":\"ListItem\",\"position\":1,\"name\":\"In\u00edcio\",\"item\":\"https:\\\/\\\/lifesgo.an9.com.br\\\/\"},{\"@type\":\"ListItem\",\"position\":2,\"name\":\"Vinicius Salvador estrear\u00e1 na Sapuca\u00ed no cargo de muso no Carnaval 2025\"}]},{\"@type\":\"WebSite\",\"@id\":\"https:\\\/\\\/lifesgo.an9.com.br\\\/#website\",\"url\":\"https:\\\/\\\/lifesgo.an9.com.br\\\/\",\"name\":\"LifesGo\",\"description\":\"\",\"potentialAction\":[{\"@type\":\"SearchAction\",\"target\":{\"@type\":\"EntryPoint\",\"urlTemplate\":\"https:\\\/\\\/lifesgo.an9.com.br\\\/?s={search_term_string}\"},\"query-input\":{\"@type\":\"PropertyValueSpecification\",\"valueRequired\":true,\"valueName\":\"search_term_string\"}}],\"inLanguage\":\"pt-BR\"},{\"@type\":\"Person\",\"@id\":\"https:\\\/\\\/lifesgo.an9.com.br\\\/#\\\/schema\\\/person\\\/b34bfc24fce1f5cb9dc117e2efe61a07\",\"name\":\"LifesGo\",\"image\":{\"@type\":\"ImageObject\",\"inLanguage\":\"pt-BR\",\"@id\":\"https:\\\/\\\/secure.gravatar.com\\\/avatar\\\/ed0fb6c2dc8ca8634274f12b6bcee558dbcb1b05612be222e7d40b115c40b4f2?s=96&d=mm&r=g\",\"url\":\"https:\\\/\\\/secure.gravatar.com\\\/avatar\\\/ed0fb6c2dc8ca8634274f12b6bcee558dbcb1b05612be222e7d40b115c40b4f2?s=96&d=mm&r=g\",\"contentUrl\":\"https:\\\/\\\/secure.gravatar.com\\\/avatar\\\/ed0fb6c2dc8ca8634274f12b6bcee558dbcb1b05612be222e7d40b115c40b4f2?s=96&d=mm&r=g\",\"caption\":\"LifesGo\"},\"sameAs\":[\"https:\\\/\\\/lifesgo.com.br\"],\"url\":\"https:\\\/\\\/lifesgo.an9.com.br\\\/index.php\\\/author\\\/lucamor\\\/\"}]}<\/script>\n<!-- \/ Yoast SEO plugin. -->","yoast_head_json":{"title":"Vinicius Salvador estrear\u00e1 na Sapuca\u00ed no cargo de muso no Carnaval 2025 - LifesGo","robots":{"index":"index","follow":"follow","max-snippet":"max-snippet:-1","max-image-preview":"max-image-preview:large","max-video-preview":"max-video-preview:-1"},"canonical":"https:\/\/lifesgo.an9.com.br\/index.php\/2024\/07\/15\/vinicius-salvador-estreara-na-sapucai-no-cargo-de-muso-no-carnaval-2025\/","og_locale":"pt_BR","og_type":"article","og_title":"Vinicius Salvador estrear\u00e1 na Sapuca\u00ed no cargo de muso no Carnaval 2025 - LifesGo","og_description":"O sambista Vinicius Pinto Salvador ser\u00e1 muso ( destaque de...","og_url":"https:\/\/lifesgo.an9.com.br\/index.php\/2024\/07\/15\/vinicius-salvador-estreara-na-sapucai-no-cargo-de-muso-no-carnaval-2025\/","og_site_name":"LifesGo","article_published_time":"2024-07-15T21:18:36+00:00","article_modified_time":"2024-07-15T21:18:56+00:00","og_image":[{"width":959,"height":1280,"url":"https:\/\/lifesgo.an9.com.br\/wp-content\/uploads\/2024\/07\/IMG-20240715-WA0049.jpg","type":"image\/jpeg"}],"author":"LifesGo","twitter_card":"summary_large_image","twitter_misc":{"Escrito por":"LifesGo","Est. tempo de leitura":"2 minutos"},"schema":{"@context":"https:\/\/schema.org","@graph":[{"@type":"Article","@id":"https:\/\/lifesgo.an9.com.br\/index.php\/2024\/07\/15\/vinicius-salvador-estreara-na-sapucai-no-cargo-de-muso-no-carnaval-2025\/#article","isPartOf":{"@id":"https:\/\/lifesgo.an9.com.br\/index.php\/2024\/07\/15\/vinicius-salvador-estreara-na-sapucai-no-cargo-de-muso-no-carnaval-2025\/"},"author":{"name":"LifesGo","@id":"https:\/\/lifesgo.an9.com.br\/#\/schema\/person\/b34bfc24fce1f5cb9dc117e2efe61a07"},"headline":"Vinicius Salvador estrear\u00e1 na Sapuca\u00ed no cargo de muso no Carnaval 2025","datePublished":"2024-07-15T21:18:36+00:00","dateModified":"2024-07-15T21:18:56+00:00","mainEntityOfPage":{"@id":"https:\/\/lifesgo.an9.com.br\/index.php\/2024\/07\/15\/vinicius-salvador-estreara-na-sapucai-no-cargo-de-muso-no-carnaval-2025\/"},"wordCount":235,"commentCount":0,"image":{"@id":"https:\/\/lifesgo.an9.com.br\/index.php\/2024\/07\/15\/vinicius-salvador-estreara-na-sapucai-no-cargo-de-muso-no-carnaval-2025\/#primaryimage"},"thumbnailUrl":"https:\/\/lifesgo.an9.com.br\/wp-content\/uploads\/2024\/07\/IMG-20240715-WA0049.jpg","articleSection":["Blog"],"inLanguage":"pt-BR","potentialAction":[{"@type":"CommentAction","name":"Comment","target":["https:\/\/lifesgo.an9.com.br\/index.php\/2024\/07\/15\/vinicius-salvador-estreara-na-sapucai-no-cargo-de-muso-no-carnaval-2025\/#respond"]}]},{"@type":"WebPage","@id":"https:\/\/lifesgo.an9.com.br\/index.php\/2024\/07\/15\/vinicius-salvador-estreara-na-sapucai-no-cargo-de-muso-no-carnaval-2025\/","url":"https:\/\/lifesgo.an9.com.br\/index.php\/2024\/07\/15\/vinicius-salvador-estreara-na-sapucai-no-cargo-de-muso-no-carnaval-2025\/","name":"Vinicius Salvador estrear\u00e1 na Sapuca\u00ed no cargo de muso no Carnaval 2025 - LifesGo","isPartOf":{"@id":"https:\/\/lifesgo.an9.com.br\/#website"},"primaryImageOfPage":{"@id":"https:\/\/lifesgo.an9.com.br\/index.php\/2024\/07\/15\/vinicius-salvador-estreara-na-sapucai-no-cargo-de-muso-no-carnaval-2025\/#primaryimage"},"image":{"@id":"https:\/\/lifesgo.an9.com.br\/index.php\/2024\/07\/15\/vinicius-salvador-estreara-na-sapucai-no-cargo-de-muso-no-carnaval-2025\/#primaryimage"},"thumbnailUrl":"https:\/\/lifesgo.an9.com.br\/wp-content\/uploads\/2024\/07\/IMG-20240715-WA0049.jpg","datePublished":"2024-07-15T21:18:36+00:00","dateModified":"2024-07-15T21:18:56+00:00","author":{"@id":"https:\/\/lifesgo.an9.com.br\/#\/schema\/person\/b34bfc24fce1f5cb9dc117e2efe61a07"},"breadcrumb":{"@id":"https:\/\/lifesgo.an9.com.br\/index.php\/2024\/07\/15\/vinicius-salvador-estreara-na-sapucai-no-cargo-de-muso-no-carnaval-2025\/#breadcrumb"},"inLanguage":"pt-BR","potentialAction":[{"@type":"ReadAction","target":["https:\/\/lifesgo.an9.com.br\/index.php\/2024\/07\/15\/vinicius-salvador-estreara-na-sapucai-no-cargo-de-muso-no-carnaval-2025\/"]}]},{"@type":"ImageObject","inLanguage":"pt-BR","@id":"https:\/\/lifesgo.an9.com.br\/index.php\/2024\/07\/15\/vinicius-salvador-estreara-na-sapucai-no-cargo-de-muso-no-carnaval-2025\/#primaryimage","url":"https:\/\/lifesgo.an9.com.br\/wp-content\/uploads\/2024\/07\/IMG-20240715-WA0049.jpg","contentUrl":"https:\/\/lifesgo.an9.com.br\/wp-content\/uploads\/2024\/07\/IMG-20240715-WA0049.jpg","width":959,"height":1280},{"@type":"BreadcrumbList","@id":"https:\/\/lifesgo.an9.com.br\/index.php\/2024\/07\/15\/vinicius-salvador-estreara-na-sapucai-no-cargo-de-muso-no-carnaval-2025\/#breadcrumb","itemListElement":[{"@type":"ListItem","position":1,"name":"In\u00edcio","item":"https:\/\/lifesgo.an9.com.br\/"},{"@type":"ListItem","position":2,"name":"Vinicius Salvador estrear\u00e1 na Sapuca\u00ed no cargo de muso no Carnaval 2025"}]},{"@type":"WebSite","@id":"https:\/\/lifesgo.an9.com.br\/#website","url":"https:\/\/lifesgo.an9.com.br\/","name":"LifesGo","description":"","potentialAction":[{"@type":"SearchAction","target":{"@type":"EntryPoint","urlTemplate":"https:\/\/lifesgo.an9.com.br\/?s={search_term_string}"},"query-input":{"@type":"PropertyValueSpecification","valueRequired":true,"valueName":"search_term_string"}}],"inLanguage":"pt-BR"},{"@type":"Person","@id":"https:\/\/lifesgo.an9.com.br\/#\/schema\/person\/b34bfc24fce1f5cb9dc117e2efe61a07","name":"LifesGo","image":{"@type":"ImageObject","inLanguage":"pt-BR","@id":"https:\/\/secure.gravatar.com\/avatar\/ed0fb6c2dc8ca8634274f12b6bcee558dbcb1b05612be222e7d40b115c40b4f2?s=96&d=mm&r=g","url":"https:\/\/secure.gravatar.com\/avatar\/ed0fb6c2dc8ca8634274f12b6bcee558dbcb1b05612be222e7d40b115c40b4f2?s=96&d=mm&r=g","contentUrl":"https:\/\/secure.gravatar.com\/avatar\/ed0fb6c2dc8ca8634274f12b6bcee558dbcb1b05612be222e7d40b115c40b4f2?s=96&d=mm&r=g","caption":"LifesGo"},"sameAs":["https:\/\/lifesgo.com.br"],"url":"https:\/\/lifesgo.an9.com.br\/index.php\/author\/lucamor\/"}]}},"_links":{"self":[{"href":"https:\/\/lifesgo.an9.com.br\/index.php\/wp-json\/wp\/v2\/posts\/48260","targetHints":{"allow":["GET"]}}],"collection":[{"href":"https:\/\/lifesgo.an9.com.br\/index.php\/wp-json\/wp\/v2\/posts"}],"about":[{"href":"https:\/\/lifesgo.an9.com.br\/index.php\/wp-json\/wp\/v2\/types\/post"}],"author":[{"embeddable":true,"href":"https:\/\/lifesgo.an9.com.br\/index.php\/wp-json\/wp\/v2\/users\/1"}],"replies":[{"embeddable":true,"href":"https:\/\/lifesgo.an9.com.br\/index.php\/wp-json\/wp\/v2\/comments?post=48260"}],"version-history":[{"count":1,"href":"https:\/\/lifesgo.an9.com.br\/index.php\/wp-json\/wp\/v2\/posts\/48260\/revisions"}],"predecessor-version":[{"id":48262,"href":"https:\/\/lifesgo.an9.com.br\/index.php\/wp-json\/wp\/v2\/posts\/48260\/revisions\/48262"}],"wp:featuredmedia":[{"embeddable":true,"href":"https:\/\/lifesgo.an9.com.br\/index.php\/wp-json\/wp\/v2\/media\/48261"}],"wp:attachment":[{"href":"https:\/\/lifesgo.an9.com.br\/index.php\/wp-json\/wp\/v2\/media?parent=48260"}],"wp:term":[{"taxonomy":"category","embeddable":true,"href":"https:\/\/lifesgo.an9.com.br\/index.php\/wp-json\/wp\/v2\/categories?post=48260"},{"taxonomy":"post_tag","embeddable":true,"href":"https:\/\/lifesgo.an9.com.br\/index.php\/wp-json\/wp\/v2\/tags?post=48260"}],"curies":[{"name":"wp","href":"https:\/\/api.w.org\/{rel}","templated":true}]}}