{"id":45542,"date":"2023-12-14T13:37:00","date_gmt":"2023-12-14T16:37:00","guid":{"rendered":"https:\/\/lifesgo.an9.com.br\/?p=45542"},"modified":"2024-05-16T13:46:16","modified_gmt":"2024-05-16T16:46:16","slug":"ermelino-matarazzo-tera-desfile-de-natal-orquestra-e-banda-gratis-nesta-sexta-15-e-domingo-17-as-20h","status":"publish","type":"post","link":"https:\/\/lifesgo.an9.com.br\/index.php\/2023\/12\/14\/ermelino-matarazzo-tera-desfile-de-natal-orquestra-e-banda-gratis-nesta-sexta-15-e-domingo-17-as-20h\/","title":{"rendered":"Ermelino Matarazzo ter\u00e1 desfile de natal, orquestra e banda, gr\u00e1tis, nesta sexta (15) e domingo (17), \u00e0s 20h"},"content":{"rendered":"\n<p class=\"wp-block-paragraph\">Pelo terceiro ano consecutivo, os moradores do bairro de Ermelino Matarazzo, na zona Leste da capital, v\u00e3o entrar no clima do Natal antecipado e se preparam para receber o Papai Noel e assistir o espet\u00e1culo de magia e encantamento do desfile natalino. Todo espet\u00e1culo \u00e9 proporcionado pela empresa de vidro Owens-Illinois<\/p>\n\n\n\n<p class=\"wp-block-paragraph\">Semelhante a um desfile de escola de samba, o cortejo que apresentar\u00e1 todo encantamento da festa do Natal \u00e9 uma produ\u00e7\u00e3o do Polifun Produ\u00e7\u00f5es Art\u00edsticas Gale Assessoria. A apresenta\u00e7\u00e3o ser\u00e1 na rua, gratuitamente para os moradores do entorno na empresa de vidro Owens-Illinois, l\u00edder mundial na fabrica\u00e7\u00e3o de embalagens e maior recicladora no Brasil, que patrocinou o espet\u00e1culo, atrav\u00e9s da Lei Rouanet.<\/p>\n\n\n<div class=\"wp-block-image\">\n<figure class=\"aligncenter\"><img decoding=\"async\" src=\"https:\/\/lifefashionmag.com\/wp-content\/uploads\/2024\/05\/WhatsApp-Image-2024-05-16-at-12.00.39-1-Copy.jpg\" alt=\"\" class=\"wp-image-19812\"\/><\/figure>\n<\/div>\n\n\n<p class=\"wp-block-paragraph\">\u201cTemos uma experi\u00eancia bastante positiva dos anos anteriores com a Parada de Natal por encantar a comunidade situada no entorno da nossa f\u00e1brica em Ermelino Matarazzo. As fam\u00edlias participam com muita alegria, desfrutando de momentos de felicidade e de lazer. Estas ocasi\u00f5es n\u00e3o apenas promovem a divers\u00e3o, mas tamb\u00e9m criam uma atmosfera de uni\u00e3o entre os participantes, fortalecendo os la\u00e7os comunit\u00e1rios\u201d, enfatiza Hugo Ladeira, CEO da Owens-Illinois Americas South.<\/p>\n\n\n<div class=\"wp-block-image\">\n<figure class=\"aligncenter\"><img decoding=\"async\" src=\"https:\/\/lifefashionmag.com\/wp-content\/uploads\/2024\/05\/WhatsApp-Image-2024-05-16-at-12.00.39-Copy.jpg\" alt=\"\" class=\"wp-image-19813\"\/><\/figure>\n<\/div>\n\n\n<p class=\"wp-block-paragraph\">Para isso, o espet\u00e1culo contar\u00e1 com um elenco de 120 desfilantes divididos em 15 alas, compostas por sambistas, ginastas e acrobatas, fantasiados de soldadinhos, \u00e1rvores de natal, bonecos de biscoitos, caixa de presentes, flocos de neve, cozinheiros, guirlanda, entre outros. Al\u00e9m das cinco alegorias com esculturas que trazem o pres\u00e9pio, a casinha de doces, o tradicional boneco de gelo que solta neve que a crian\u00e7ada ama e o tren\u00f3 com renas e presentes.<\/p>\n\n\n\n<p class=\"wp-block-paragraph\">O core\u00f3grafo Alexandre Pollini, promete surpresas e interatividade ao p\u00fablico. \u201cInclu\u00edmos no elenco bailarinos cl\u00e1ssicos, ginastas e acrobatas perform\u00e1ticos para impactar o p\u00fablico e abrilhantar o cortejo. O ponto alto \u00e9 a chegada do Papai Noel, que encerra o desfile\u201d, conta.<\/p>\n\n\n<div class=\"wp-block-image\">\n<figure class=\"aligncenter\"><img decoding=\"async\" src=\"https:\/\/lifefashionmag.com\/wp-content\/uploads\/2024\/05\/WhatsApp-Image-2024-05-16-at-12.00.40-Copy.jpg\" alt=\"\" class=\"wp-image-19814\"\/><\/figure>\n<\/div>\n\n\n<p class=\"wp-block-paragraph\">As fantasias s\u00e3o um show \u00e0 parte que enchem os olhos com a beleza, o colorido, o brilho e, claro, a criatividade do artista Carlos Augusto, que coordenou a produ\u00e7\u00e3o dos figurinos. Todas as alegorias, esculturas e adere\u00e7os foram produzidas no barrac\u00e3o da escola de samba Acad\u00eamicos do Tucuruvi, sob a coordena\u00e7\u00e3o de Ricardo Segatin, tamb\u00e9m respons\u00e1vel pela log\u00edstica.<\/p>\n\n\n\n<p class=\"wp-block-paragraph\"><strong>Orquestra, Banda e Cantores<\/strong><\/p>\n\n\n\n<p class=\"wp-block-paragraph\">O mega show abrir\u00e1 as noites especiais das apresenta\u00e7\u00f5es do cortejo. O concerto conta com a orquestra, dirigida pelo maestro Rog\u00e9rio Brito, composta por 30 m\u00fasicos, acompanhado pela banda com instrumentistas de cordas e percussionistas renomados que atuam no Carnaval como os violinistas Chanel Rigolon e Cicinho e o mestre de bateria da Estrela do Terceiro Mil\u00eanio, Vitor Velloso.<\/p>\n\n\n\n<p class=\"wp-block-paragraph\">O pesado time de canto \u00e9 formado por quatro profissionais do Carnaval, entre eles, os renomados int\u00e9rpretes de escola de samba Darlan Alves, da Estrela do Terceiro Mil\u00eanio, Fredy Vianna, da Mancha Verde e Raphael Raspada e Tamy Uch\u00f4a, ambos da Drag\u00f5es da Real. Completam o grupo as cantoras Thayn\u00e1 Brito e Tha\u00edssa Barreto, que juntos interpretam cl\u00e1ssicos natalinos da MPB como \u201cJesus Cristo\u201d, \u201cEnt\u00e3o \u00e9 Natal\u201d, e \u201cAnuncia\u00e7\u00e3o\u201d e relembram as tradicionais can\u00e7\u00f5es que nos fazem viajar no tempo como: \u201cBoas Festas\u201d, \u201cNoite Feliz\u201d e \u201c Aleluia\u201d<\/p>\n\n\n\n<p class=\"wp-block-paragraph\"><strong>Servi\u00e7o:<\/strong><br>15\/12 &#8211; sexta-feira<br>Local: Rua Cai\u00e7ara do Rio do Vento, 215, (Parque C\u00edsper), Ermelino Matarazzo<br>Hor\u00e1rio: A partir das 20h<br>17\/12 &#8211; domingo<br>Local: Rua Francisco Mairink, 45, (Vila Constan\u00e7a) Ermelino Matarazzo<br>Hor\u00e1rio: A partir das 20h<\/p>\n","protected":false},"excerpt":{"rendered":"<p>Pelo terceiro ano consecutivo, os moradores do bairro de Ermelino&#8230;<\/p>\n","protected":false},"author":1,"featured_media":45547,"comment_status":"open","ping_status":"open","sticky":false,"template":"","format":"standard","meta":{"_acf_changed":false,"footnotes":""},"categories":[29],"tags":[],"class_list":["post-45542","post","type-post","status-publish","format-standard","has-post-thumbnail","hentry","category-cultura"],"acf":[],"yoast_head":"<!-- This site is optimized with the Yoast SEO plugin v28.3 - https:\/\/yoast.com\/product\/yoast-seo-wordpress\/ -->\n<title>Ermelino Matarazzo ter\u00e1 desfile de natal, orquestra e banda, gr\u00e1tis, nesta sexta (15) e domingo (17), \u00e0s 20h - LifesGo<\/title>\n<meta name=\"robots\" content=\"index, follow, max-snippet:-1, max-image-preview:large, max-video-preview:-1\" \/>\n<link rel=\"canonical\" href=\"https:\/\/lifesgo.an9.com.br\/index.php\/2023\/12\/14\/ermelino-matarazzo-tera-desfile-de-natal-orquestra-e-banda-gratis-nesta-sexta-15-e-domingo-17-as-20h\/\" \/>\n<meta property=\"og:locale\" content=\"pt_BR\" \/>\n<meta property=\"og:type\" content=\"article\" \/>\n<meta property=\"og:title\" content=\"Ermelino Matarazzo ter\u00e1 desfile de natal, orquestra e banda, gr\u00e1tis, nesta sexta (15) e domingo (17), \u00e0s 20h - LifesGo\" \/>\n<meta property=\"og:description\" content=\"Pelo terceiro ano consecutivo, os moradores do bairro de Ermelino...\" \/>\n<meta property=\"og:url\" content=\"https:\/\/lifesgo.an9.com.br\/index.php\/2023\/12\/14\/ermelino-matarazzo-tera-desfile-de-natal-orquestra-e-banda-gratis-nesta-sexta-15-e-domingo-17-as-20h\/\" \/>\n<meta property=\"og:site_name\" content=\"LifesGo\" \/>\n<meta property=\"article:published_time\" content=\"2023-12-14T16:37:00+00:00\" \/>\n<meta property=\"article:modified_time\" content=\"2024-05-16T16:46:16+00:00\" \/>\n<meta property=\"og:image\" content=\"https:\/\/lifesgo.an9.com.br\/wp-content\/uploads\/2024\/05\/4146-15-Copy-6.jpg\" \/>\n\t<meta property=\"og:image:width\" content=\"800\" \/>\n\t<meta property=\"og:image:height\" content=\"451\" \/>\n\t<meta property=\"og:image:type\" content=\"image\/jpeg\" \/>\n<meta name=\"author\" content=\"LifesGo\" \/>\n<meta name=\"twitter:card\" content=\"summary_large_image\" \/>\n<meta name=\"twitter:label1\" content=\"Escrito por\" \/>\n\t<meta name=\"twitter:data1\" content=\"LifesGo\" \/>\n\t<meta name=\"twitter:label2\" content=\"Est. tempo de leitura\" \/>\n\t<meta name=\"twitter:data2\" content=\"3 minutos\" \/>\n<script type=\"application\/ld+json\" class=\"yoast-schema-graph\">{\"@context\":\"https:\\\/\\\/schema.org\",\"@graph\":[{\"@type\":\"Article\",\"@id\":\"https:\\\/\\\/lifesgo.an9.com.br\\\/index.php\\\/2023\\\/12\\\/14\\\/ermelino-matarazzo-tera-desfile-de-natal-orquestra-e-banda-gratis-nesta-sexta-15-e-domingo-17-as-20h\\\/#article\",\"isPartOf\":{\"@id\":\"https:\\\/\\\/lifesgo.an9.com.br\\\/index.php\\\/2023\\\/12\\\/14\\\/ermelino-matarazzo-tera-desfile-de-natal-orquestra-e-banda-gratis-nesta-sexta-15-e-domingo-17-as-20h\\\/\"},\"author\":{\"name\":\"LifesGo\",\"@id\":\"https:\\\/\\\/lifesgo.an9.com.br\\\/#\\\/schema\\\/person\\\/b34bfc24fce1f5cb9dc117e2efe61a07\"},\"headline\":\"Ermelino Matarazzo ter\u00e1 desfile de natal, orquestra e banda, gr\u00e1tis, nesta sexta (15) e domingo (17), \u00e0s 20h\",\"datePublished\":\"2023-12-14T16:37:00+00:00\",\"dateModified\":\"2024-05-16T16:46:16+00:00\",\"mainEntityOfPage\":{\"@id\":\"https:\\\/\\\/lifesgo.an9.com.br\\\/index.php\\\/2023\\\/12\\\/14\\\/ermelino-matarazzo-tera-desfile-de-natal-orquestra-e-banda-gratis-nesta-sexta-15-e-domingo-17-as-20h\\\/\"},\"wordCount\":602,\"commentCount\":0,\"image\":{\"@id\":\"https:\\\/\\\/lifesgo.an9.com.br\\\/index.php\\\/2023\\\/12\\\/14\\\/ermelino-matarazzo-tera-desfile-de-natal-orquestra-e-banda-gratis-nesta-sexta-15-e-domingo-17-as-20h\\\/#primaryimage\"},\"thumbnailUrl\":\"https:\\\/\\\/lifesgo.an9.com.br\\\/wp-content\\\/uploads\\\/2024\\\/05\\\/4146-15-Copy-6.jpg\",\"articleSection\":[\"Cultura\"],\"inLanguage\":\"pt-BR\",\"potentialAction\":[{\"@type\":\"CommentAction\",\"name\":\"Comment\",\"target\":[\"https:\\\/\\\/lifesgo.an9.com.br\\\/index.php\\\/2023\\\/12\\\/14\\\/ermelino-matarazzo-tera-desfile-de-natal-orquestra-e-banda-gratis-nesta-sexta-15-e-domingo-17-as-20h\\\/#respond\"]}]},{\"@type\":\"WebPage\",\"@id\":\"https:\\\/\\\/lifesgo.an9.com.br\\\/index.php\\\/2023\\\/12\\\/14\\\/ermelino-matarazzo-tera-desfile-de-natal-orquestra-e-banda-gratis-nesta-sexta-15-e-domingo-17-as-20h\\\/\",\"url\":\"https:\\\/\\\/lifesgo.an9.com.br\\\/index.php\\\/2023\\\/12\\\/14\\\/ermelino-matarazzo-tera-desfile-de-natal-orquestra-e-banda-gratis-nesta-sexta-15-e-domingo-17-as-20h\\\/\",\"name\":\"Ermelino Matarazzo ter\u00e1 desfile de natal, orquestra e banda, gr\u00e1tis, nesta sexta (15) e domingo (17), \u00e0s 20h - LifesGo\",\"isPartOf\":{\"@id\":\"https:\\\/\\\/lifesgo.an9.com.br\\\/#website\"},\"primaryImageOfPage\":{\"@id\":\"https:\\\/\\\/lifesgo.an9.com.br\\\/index.php\\\/2023\\\/12\\\/14\\\/ermelino-matarazzo-tera-desfile-de-natal-orquestra-e-banda-gratis-nesta-sexta-15-e-domingo-17-as-20h\\\/#primaryimage\"},\"image\":{\"@id\":\"https:\\\/\\\/lifesgo.an9.com.br\\\/index.php\\\/2023\\\/12\\\/14\\\/ermelino-matarazzo-tera-desfile-de-natal-orquestra-e-banda-gratis-nesta-sexta-15-e-domingo-17-as-20h\\\/#primaryimage\"},\"thumbnailUrl\":\"https:\\\/\\\/lifesgo.an9.com.br\\\/wp-content\\\/uploads\\\/2024\\\/05\\\/4146-15-Copy-6.jpg\",\"datePublished\":\"2023-12-14T16:37:00+00:00\",\"dateModified\":\"2024-05-16T16:46:16+00:00\",\"author\":{\"@id\":\"https:\\\/\\\/lifesgo.an9.com.br\\\/#\\\/schema\\\/person\\\/b34bfc24fce1f5cb9dc117e2efe61a07\"},\"breadcrumb\":{\"@id\":\"https:\\\/\\\/lifesgo.an9.com.br\\\/index.php\\\/2023\\\/12\\\/14\\\/ermelino-matarazzo-tera-desfile-de-natal-orquestra-e-banda-gratis-nesta-sexta-15-e-domingo-17-as-20h\\\/#breadcrumb\"},\"inLanguage\":\"pt-BR\",\"potentialAction\":[{\"@type\":\"ReadAction\",\"target\":[\"https:\\\/\\\/lifesgo.an9.com.br\\\/index.php\\\/2023\\\/12\\\/14\\\/ermelino-matarazzo-tera-desfile-de-natal-orquestra-e-banda-gratis-nesta-sexta-15-e-domingo-17-as-20h\\\/\"]}]},{\"@type\":\"ImageObject\",\"inLanguage\":\"pt-BR\",\"@id\":\"https:\\\/\\\/lifesgo.an9.com.br\\\/index.php\\\/2023\\\/12\\\/14\\\/ermelino-matarazzo-tera-desfile-de-natal-orquestra-e-banda-gratis-nesta-sexta-15-e-domingo-17-as-20h\\\/#primaryimage\",\"url\":\"https:\\\/\\\/lifesgo.an9.com.br\\\/wp-content\\\/uploads\\\/2024\\\/05\\\/4146-15-Copy-6.jpg\",\"contentUrl\":\"https:\\\/\\\/lifesgo.an9.com.br\\\/wp-content\\\/uploads\\\/2024\\\/05\\\/4146-15-Copy-6.jpg\",\"width\":800,\"height\":451},{\"@type\":\"BreadcrumbList\",\"@id\":\"https:\\\/\\\/lifesgo.an9.com.br\\\/index.php\\\/2023\\\/12\\\/14\\\/ermelino-matarazzo-tera-desfile-de-natal-orquestra-e-banda-gratis-nesta-sexta-15-e-domingo-17-as-20h\\\/#breadcrumb\",\"itemListElement\":[{\"@type\":\"ListItem\",\"position\":1,\"name\":\"In\u00edcio\",\"item\":\"https:\\\/\\\/lifesgo.an9.com.br\\\/\"},{\"@type\":\"ListItem\",\"position\":2,\"name\":\"Ermelino Matarazzo ter\u00e1 desfile de natal, orquestra e banda, gr\u00e1tis, nesta sexta (15) e domingo (17), \u00e0s 20h\"}]},{\"@type\":\"WebSite\",\"@id\":\"https:\\\/\\\/lifesgo.an9.com.br\\\/#website\",\"url\":\"https:\\\/\\\/lifesgo.an9.com.br\\\/\",\"name\":\"LifesGo\",\"description\":\"\",\"potentialAction\":[{\"@type\":\"SearchAction\",\"target\":{\"@type\":\"EntryPoint\",\"urlTemplate\":\"https:\\\/\\\/lifesgo.an9.com.br\\\/?s={search_term_string}\"},\"query-input\":{\"@type\":\"PropertyValueSpecification\",\"valueRequired\":true,\"valueName\":\"search_term_string\"}}],\"inLanguage\":\"pt-BR\"},{\"@type\":\"Person\",\"@id\":\"https:\\\/\\\/lifesgo.an9.com.br\\\/#\\\/schema\\\/person\\\/b34bfc24fce1f5cb9dc117e2efe61a07\",\"name\":\"LifesGo\",\"image\":{\"@type\":\"ImageObject\",\"inLanguage\":\"pt-BR\",\"@id\":\"https:\\\/\\\/secure.gravatar.com\\\/avatar\\\/ed0fb6c2dc8ca8634274f12b6bcee558dbcb1b05612be222e7d40b115c40b4f2?s=96&d=mm&r=g\",\"url\":\"https:\\\/\\\/secure.gravatar.com\\\/avatar\\\/ed0fb6c2dc8ca8634274f12b6bcee558dbcb1b05612be222e7d40b115c40b4f2?s=96&d=mm&r=g\",\"contentUrl\":\"https:\\\/\\\/secure.gravatar.com\\\/avatar\\\/ed0fb6c2dc8ca8634274f12b6bcee558dbcb1b05612be222e7d40b115c40b4f2?s=96&d=mm&r=g\",\"caption\":\"LifesGo\"},\"sameAs\":[\"https:\\\/\\\/lifesgo.com.br\"],\"url\":\"https:\\\/\\\/lifesgo.an9.com.br\\\/index.php\\\/author\\\/lucamor\\\/\"}]}<\/script>\n<!-- \/ Yoast SEO plugin. -->","yoast_head_json":{"title":"Ermelino Matarazzo ter\u00e1 desfile de natal, orquestra e banda, gr\u00e1tis, nesta sexta (15) e domingo (17), \u00e0s 20h - LifesGo","robots":{"index":"index","follow":"follow","max-snippet":"max-snippet:-1","max-image-preview":"max-image-preview:large","max-video-preview":"max-video-preview:-1"},"canonical":"https:\/\/lifesgo.an9.com.br\/index.php\/2023\/12\/14\/ermelino-matarazzo-tera-desfile-de-natal-orquestra-e-banda-gratis-nesta-sexta-15-e-domingo-17-as-20h\/","og_locale":"pt_BR","og_type":"article","og_title":"Ermelino Matarazzo ter\u00e1 desfile de natal, orquestra e banda, gr\u00e1tis, nesta sexta (15) e domingo (17), \u00e0s 20h - LifesGo","og_description":"Pelo terceiro ano consecutivo, os moradores do bairro de Ermelino...","og_url":"https:\/\/lifesgo.an9.com.br\/index.php\/2023\/12\/14\/ermelino-matarazzo-tera-desfile-de-natal-orquestra-e-banda-gratis-nesta-sexta-15-e-domingo-17-as-20h\/","og_site_name":"LifesGo","article_published_time":"2023-12-14T16:37:00+00:00","article_modified_time":"2024-05-16T16:46:16+00:00","og_image":[{"width":800,"height":451,"url":"https:\/\/lifesgo.an9.com.br\/wp-content\/uploads\/2024\/05\/4146-15-Copy-6.jpg","type":"image\/jpeg"}],"author":"LifesGo","twitter_card":"summary_large_image","twitter_misc":{"Escrito por":"LifesGo","Est. tempo de leitura":"3 minutos"},"schema":{"@context":"https:\/\/schema.org","@graph":[{"@type":"Article","@id":"https:\/\/lifesgo.an9.com.br\/index.php\/2023\/12\/14\/ermelino-matarazzo-tera-desfile-de-natal-orquestra-e-banda-gratis-nesta-sexta-15-e-domingo-17-as-20h\/#article","isPartOf":{"@id":"https:\/\/lifesgo.an9.com.br\/index.php\/2023\/12\/14\/ermelino-matarazzo-tera-desfile-de-natal-orquestra-e-banda-gratis-nesta-sexta-15-e-domingo-17-as-20h\/"},"author":{"name":"LifesGo","@id":"https:\/\/lifesgo.an9.com.br\/#\/schema\/person\/b34bfc24fce1f5cb9dc117e2efe61a07"},"headline":"Ermelino Matarazzo ter\u00e1 desfile de natal, orquestra e banda, gr\u00e1tis, nesta sexta (15) e domingo (17), \u00e0s 20h","datePublished":"2023-12-14T16:37:00+00:00","dateModified":"2024-05-16T16:46:16+00:00","mainEntityOfPage":{"@id":"https:\/\/lifesgo.an9.com.br\/index.php\/2023\/12\/14\/ermelino-matarazzo-tera-desfile-de-natal-orquestra-e-banda-gratis-nesta-sexta-15-e-domingo-17-as-20h\/"},"wordCount":602,"commentCount":0,"image":{"@id":"https:\/\/lifesgo.an9.com.br\/index.php\/2023\/12\/14\/ermelino-matarazzo-tera-desfile-de-natal-orquestra-e-banda-gratis-nesta-sexta-15-e-domingo-17-as-20h\/#primaryimage"},"thumbnailUrl":"https:\/\/lifesgo.an9.com.br\/wp-content\/uploads\/2024\/05\/4146-15-Copy-6.jpg","articleSection":["Cultura"],"inLanguage":"pt-BR","potentialAction":[{"@type":"CommentAction","name":"Comment","target":["https:\/\/lifesgo.an9.com.br\/index.php\/2023\/12\/14\/ermelino-matarazzo-tera-desfile-de-natal-orquestra-e-banda-gratis-nesta-sexta-15-e-domingo-17-as-20h\/#respond"]}]},{"@type":"WebPage","@id":"https:\/\/lifesgo.an9.com.br\/index.php\/2023\/12\/14\/ermelino-matarazzo-tera-desfile-de-natal-orquestra-e-banda-gratis-nesta-sexta-15-e-domingo-17-as-20h\/","url":"https:\/\/lifesgo.an9.com.br\/index.php\/2023\/12\/14\/ermelino-matarazzo-tera-desfile-de-natal-orquestra-e-banda-gratis-nesta-sexta-15-e-domingo-17-as-20h\/","name":"Ermelino Matarazzo ter\u00e1 desfile de natal, orquestra e banda, gr\u00e1tis, nesta sexta (15) e domingo (17), \u00e0s 20h - LifesGo","isPartOf":{"@id":"https:\/\/lifesgo.an9.com.br\/#website"},"primaryImageOfPage":{"@id":"https:\/\/lifesgo.an9.com.br\/index.php\/2023\/12\/14\/ermelino-matarazzo-tera-desfile-de-natal-orquestra-e-banda-gratis-nesta-sexta-15-e-domingo-17-as-20h\/#primaryimage"},"image":{"@id":"https:\/\/lifesgo.an9.com.br\/index.php\/2023\/12\/14\/ermelino-matarazzo-tera-desfile-de-natal-orquestra-e-banda-gratis-nesta-sexta-15-e-domingo-17-as-20h\/#primaryimage"},"thumbnailUrl":"https:\/\/lifesgo.an9.com.br\/wp-content\/uploads\/2024\/05\/4146-15-Copy-6.jpg","datePublished":"2023-12-14T16:37:00+00:00","dateModified":"2024-05-16T16:46:16+00:00","author":{"@id":"https:\/\/lifesgo.an9.com.br\/#\/schema\/person\/b34bfc24fce1f5cb9dc117e2efe61a07"},"breadcrumb":{"@id":"https:\/\/lifesgo.an9.com.br\/index.php\/2023\/12\/14\/ermelino-matarazzo-tera-desfile-de-natal-orquestra-e-banda-gratis-nesta-sexta-15-e-domingo-17-as-20h\/#breadcrumb"},"inLanguage":"pt-BR","potentialAction":[{"@type":"ReadAction","target":["https:\/\/lifesgo.an9.com.br\/index.php\/2023\/12\/14\/ermelino-matarazzo-tera-desfile-de-natal-orquestra-e-banda-gratis-nesta-sexta-15-e-domingo-17-as-20h\/"]}]},{"@type":"ImageObject","inLanguage":"pt-BR","@id":"https:\/\/lifesgo.an9.com.br\/index.php\/2023\/12\/14\/ermelino-matarazzo-tera-desfile-de-natal-orquestra-e-banda-gratis-nesta-sexta-15-e-domingo-17-as-20h\/#primaryimage","url":"https:\/\/lifesgo.an9.com.br\/wp-content\/uploads\/2024\/05\/4146-15-Copy-6.jpg","contentUrl":"https:\/\/lifesgo.an9.com.br\/wp-content\/uploads\/2024\/05\/4146-15-Copy-6.jpg","width":800,"height":451},{"@type":"BreadcrumbList","@id":"https:\/\/lifesgo.an9.com.br\/index.php\/2023\/12\/14\/ermelino-matarazzo-tera-desfile-de-natal-orquestra-e-banda-gratis-nesta-sexta-15-e-domingo-17-as-20h\/#breadcrumb","itemListElement":[{"@type":"ListItem","position":1,"name":"In\u00edcio","item":"https:\/\/lifesgo.an9.com.br\/"},{"@type":"ListItem","position":2,"name":"Ermelino Matarazzo ter\u00e1 desfile de natal, orquestra e banda, gr\u00e1tis, nesta sexta (15) e domingo (17), \u00e0s 20h"}]},{"@type":"WebSite","@id":"https:\/\/lifesgo.an9.com.br\/#website","url":"https:\/\/lifesgo.an9.com.br\/","name":"LifesGo","description":"","potentialAction":[{"@type":"SearchAction","target":{"@type":"EntryPoint","urlTemplate":"https:\/\/lifesgo.an9.com.br\/?s={search_term_string}"},"query-input":{"@type":"PropertyValueSpecification","valueRequired":true,"valueName":"search_term_string"}}],"inLanguage":"pt-BR"},{"@type":"Person","@id":"https:\/\/lifesgo.an9.com.br\/#\/schema\/person\/b34bfc24fce1f5cb9dc117e2efe61a07","name":"LifesGo","image":{"@type":"ImageObject","inLanguage":"pt-BR","@id":"https:\/\/secure.gravatar.com\/avatar\/ed0fb6c2dc8ca8634274f12b6bcee558dbcb1b05612be222e7d40b115c40b4f2?s=96&d=mm&r=g","url":"https:\/\/secure.gravatar.com\/avatar\/ed0fb6c2dc8ca8634274f12b6bcee558dbcb1b05612be222e7d40b115c40b4f2?s=96&d=mm&r=g","contentUrl":"https:\/\/secure.gravatar.com\/avatar\/ed0fb6c2dc8ca8634274f12b6bcee558dbcb1b05612be222e7d40b115c40b4f2?s=96&d=mm&r=g","caption":"LifesGo"},"sameAs":["https:\/\/lifesgo.com.br"],"url":"https:\/\/lifesgo.an9.com.br\/index.php\/author\/lucamor\/"}]}},"_links":{"self":[{"href":"https:\/\/lifesgo.an9.com.br\/index.php\/wp-json\/wp\/v2\/posts\/45542","targetHints":{"allow":["GET"]}}],"collection":[{"href":"https:\/\/lifesgo.an9.com.br\/index.php\/wp-json\/wp\/v2\/posts"}],"about":[{"href":"https:\/\/lifesgo.an9.com.br\/index.php\/wp-json\/wp\/v2\/types\/post"}],"author":[{"embeddable":true,"href":"https:\/\/lifesgo.an9.com.br\/index.php\/wp-json\/wp\/v2\/users\/1"}],"replies":[{"embeddable":true,"href":"https:\/\/lifesgo.an9.com.br\/index.php\/wp-json\/wp\/v2\/comments?post=45542"}],"version-history":[{"count":1,"href":"https:\/\/lifesgo.an9.com.br\/index.php\/wp-json\/wp\/v2\/posts\/45542\/revisions"}],"predecessor-version":[{"id":45548,"href":"https:\/\/lifesgo.an9.com.br\/index.php\/wp-json\/wp\/v2\/posts\/45542\/revisions\/45548"}],"wp:featuredmedia":[{"embeddable":true,"href":"https:\/\/lifesgo.an9.com.br\/index.php\/wp-json\/wp\/v2\/media\/45547"}],"wp:attachment":[{"href":"https:\/\/lifesgo.an9.com.br\/index.php\/wp-json\/wp\/v2\/media?parent=45542"}],"wp:term":[{"taxonomy":"category","embeddable":true,"href":"https:\/\/lifesgo.an9.com.br\/index.php\/wp-json\/wp\/v2\/categories?post=45542"},{"taxonomy":"post_tag","embeddable":true,"href":"https:\/\/lifesgo.an9.com.br\/index.php\/wp-json\/wp\/v2\/tags?post=45542"}],"curies":[{"name":"wp","href":"https:\/\/api.w.org\/{rel}","templated":true}]}}