{"id":45114,"date":"2024-05-08T11:02:48","date_gmt":"2024-05-08T14:02:48","guid":{"rendered":"https:\/\/lifesgo.an9.com.br\/?p=45114"},"modified":"2024-05-08T11:02:48","modified_gmt":"2024-05-08T14:02:48","slug":"mes-das-maes-casa-raca-apresenta-dia-com-desfile-palestra-e-networking","status":"publish","type":"post","link":"https:\/\/lifesgo.an9.com.br\/index.php\/2024\/05\/08\/mes-das-maes-casa-raca-apresenta-dia-com-desfile-palestra-e-networking\/","title":{"rendered":"M\u00eas das M\u00e3es: Casa Ra\u00e7a apresenta dia com desfile, palestra e networking"},"content":{"rendered":"<p><strong><em>Evento realizado pela ag\u00eancia de modelos Models Black em parceria com a Revista Ra\u00e7a aconteceu nesta ter\u00e7a-feira (07), em S\u00e3o Paulo<\/em><\/strong><\/p>\n<p>A\u00a0 ag\u00eancia de modelos Models Black, em parceria com a Revista Ra\u00e7a, maior revista de conte\u00fado negro da Am\u00e9rica Latina, preparou um espa\u00e7o seguro para debater e celebrar a transforma\u00e7\u00e3o que a\u00a0 maternidade traz para a vida da mulher brasileira. Em homenagem ao Dia das M\u00e3es, a Casa Ra\u00e7a abriu as portas nesta ter\u00e7a-feira (07) e apresentou ao p\u00fablico um dia especial com muito autocuidado, networking, desfile com marcas de afroempreendedores e uma palestra incr\u00edvel realizada pela pedagoga e psic\u00f3loga, Vilma Lima, que falou sobre como \u00e9 ser m\u00e3e de uma crian\u00e7a preta nos dias atuais.<\/p>\n<p>\u201cReceber mulheres que\u00a0 vivem esse desafio t\u00e3o poderoso e intenso que \u00e9 a maternidade, e poder oferecer um espa\u00e7o de discuss\u00e3o respons\u00e1vel e com escuta ativa, \u00e9 um ato de respeito e amor que n\u00f3s temos orgulho de proporcionar\u201d, relata\u00a0 o diretor da ag\u00eancia de modelos Models Black, Felipe Monteiro. \u201cSabemos que ser m\u00e3e de uma crian\u00e7a preta carrega em si um peso que vai al\u00e9m da maternidade. T\u00f3picos como preconceito, aceita\u00e7\u00e3o e autocuidado s\u00e3o fundamentais para uma gera\u00e7\u00e3o de m\u00e3es e filhos mais saud\u00e1veis. E hoje conseguimos debater sobre este tema importante com bastante responsabilidade\u201d, finaliza.<\/p>\n<p>Para a pedagoga e psic\u00f3loga, Vilma Lima, a experi\u00eancia de troca com outras m\u00e3es foi \u00edmpar \u201cA tarde foi incr\u00edvel no sentido da garantia de informa\u00e7\u00e3o e de tamb\u00e9m fazer com que as pessoas se vissem enquanto m\u00e3es, enquanto respons\u00e1veis e o papel fundamental que elas t\u00eam na forma\u00e7\u00e3o das pessoas, porque \u00e0s vezes a gente n\u00e3o consegue ver, a gente vai s\u00f3 fazendo as a\u00e7\u00f5es e n\u00e3o consegue ver o tamanho da grandiosidade delas. E a minha ideia era essa fazer com que elas se sentissem no lugar de pertencimento que elas t\u00eam\u201d, relata. \u201cEu espero que as m\u00e3es que participaram v\u00e3o pra casa assim como eu estou, muito felizes e conscientes de que elas s\u00e3o incr\u00edveis e potentes demais\u201d, finaliza.<\/p>\n<p>Al\u00e9m da palestra o evento contou com um desfile especial com modelos da ag\u00eancia de modelos Models Black, composto pelas marcas de afroempreendedores As Vieiras Black (@as.vieirasblack), Lolli Box (@lolli.box), Toyl\u00e9 Toyf\u00e9 (@toyletoyfemarca) e Papoulas Biju (@joiaspapoulas_bijus), que apresentaram ao p\u00fablico suas novas cole\u00e7\u00f5es. Os convidados tamb\u00e9m foram presenteados com kits da Vult Cosm\u00e9ticos. Para garantir a anima\u00e7\u00e3o do evento, a Casa Ra\u00e7a teve como trilha sonora do incr\u00edvel DJ Cadu Apenas, que foi o respons\u00e1vel pela discotecagem do dia. Os convidados tamb\u00e9m dispuseram de um espa\u00e7o aberto para bate papo e\u00a0 ainda se deliciaram com os sorvetes fornecidos pela marca M\u00e1quina Champs (@maquinas_champs).<\/p>\n<p>Vale lembrar que a programa\u00e7\u00e3o da Casa Ra\u00e7a \u00e9 gratuita e divulgada nas redes sociais da Revista Ra\u00e7a (@revistaraca) e da ag\u00eancia de modelos Models Black (@agenciamodelsblack).<\/p>\n<p><em><strong>Fotos: Wesley Felipe (@wesleyfeefotografia)<\/strong><\/em><\/p>\n<p style=\"text-align: center;\"><img loading=\"lazy\" decoding=\"async\" class=\"aligncenter size-full wp-image-151306\" src=\"https:\/\/lucamoreira.com.br\/wp-content\/uploads\/2024\/05\/Ana-Paula-Fernandes-Vilma-Lima-e-Felipe-Monteiro-Copy.jpg\" alt=\"\" width=\"400\" height=\"600\" \/> <img loading=\"lazy\" decoding=\"async\" class=\"aligncenter size-full wp-image-151307\" src=\"https:\/\/lucamoreira.com.br\/wp-content\/uploads\/2024\/05\/Felipe-Monteiro-apresentou-mais-uma-edicao-da-Casa-Raca-Copy.jpg\" alt=\"\" width=\"400\" height=\"600\" \/> <img loading=\"lazy\" decoding=\"async\" class=\"aligncenter size-full wp-image-151308\" src=\"https:\/\/lucamoreira.com.br\/wp-content\/uploads\/2024\/05\/IMG_8011-Copy.jpg\" alt=\"\" width=\"800\" height=\"533\" \/> <img loading=\"lazy\" decoding=\"async\" class=\"aligncenter size-full wp-image-151309\" src=\"https:\/\/lucamoreira.com.br\/wp-content\/uploads\/2024\/05\/IMG_8040-Copy.jpg\" alt=\"\" width=\"800\" height=\"533\" \/> <img loading=\"lazy\" decoding=\"async\" class=\"aligncenter size-full wp-image-151310\" src=\"https:\/\/lucamoreira.com.br\/wp-content\/uploads\/2024\/05\/IMG_8198-Copy.jpg\" alt=\"\" width=\"800\" height=\"533\" \/> <img loading=\"lazy\" decoding=\"async\" class=\"aligncenter size-full wp-image-151311\" src=\"https:\/\/lucamoreira.com.br\/wp-content\/uploads\/2024\/05\/IMG_8256-Copy.jpg\" alt=\"\" width=\"400\" height=\"600\" \/> <img loading=\"lazy\" decoding=\"async\" class=\"aligncenter size-full wp-image-151312\" src=\"https:\/\/lucamoreira.com.br\/wp-content\/uploads\/2024\/05\/IMG_8259-Copy.jpg\" alt=\"\" width=\"400\" height=\"600\" \/> <img loading=\"lazy\" decoding=\"async\" class=\"aligncenter size-full wp-image-151313\" src=\"https:\/\/lucamoreira.com.br\/wp-content\/uploads\/2024\/05\/IMG_8266-Copy.jpg\" alt=\"\" width=\"400\" height=\"600\" \/> <img loading=\"lazy\" decoding=\"async\" class=\"aligncenter size-full wp-image-151314\" src=\"https:\/\/lucamoreira.com.br\/wp-content\/uploads\/2024\/05\/IMG_8269-Copy.jpg\" alt=\"\" width=\"400\" height=\"600\" \/> <img loading=\"lazy\" decoding=\"async\" class=\"aligncenter size-full wp-image-151315\" src=\"https:\/\/lucamoreira.com.br\/wp-content\/uploads\/2024\/05\/IMG_8274-Copy.jpg\" alt=\"\" width=\"400\" height=\"600\" \/> <img loading=\"lazy\" decoding=\"async\" class=\"aligncenter size-full wp-image-151316\" src=\"https:\/\/lucamoreira.com.br\/wp-content\/uploads\/2024\/05\/IMG_8289-Copy.jpg\" alt=\"\" width=\"400\" height=\"600\" \/> <img loading=\"lazy\" decoding=\"async\" class=\"aligncenter size-full wp-image-151317\" src=\"https:\/\/lucamoreira.com.br\/wp-content\/uploads\/2024\/05\/IMG_8293-Copy.jpg\" alt=\"\" width=\"400\" height=\"600\" \/> <img loading=\"lazy\" decoding=\"async\" class=\"aligncenter size-full wp-image-151318\" src=\"https:\/\/lucamoreira.com.br\/wp-content\/uploads\/2024\/05\/IMG_8297-Copy.jpg\" alt=\"\" width=\"400\" height=\"600\" \/> <img loading=\"lazy\" decoding=\"async\" class=\"aligncenter size-full wp-image-151319\" src=\"https:\/\/lucamoreira.com.br\/wp-content\/uploads\/2024\/05\/IMG_8302-Copy.jpg\" alt=\"\" width=\"400\" height=\"600\" \/> <img loading=\"lazy\" decoding=\"async\" class=\"aligncenter size-full wp-image-151320\" src=\"https:\/\/lucamoreira.com.br\/wp-content\/uploads\/2024\/05\/IMG_8310-Copy.jpg\" alt=\"\" width=\"400\" height=\"600\" \/> <img loading=\"lazy\" decoding=\"async\" class=\"aligncenter size-full wp-image-151321\" src=\"https:\/\/lucamoreira.com.br\/wp-content\/uploads\/2024\/05\/IMG_8322-Copy.jpg\" alt=\"\" width=\"400\" height=\"600\" \/> <img loading=\"lazy\" decoding=\"async\" class=\"aligncenter size-full wp-image-151322\" src=\"https:\/\/lucamoreira.com.br\/wp-content\/uploads\/2024\/05\/IMG_8332-Copy.jpg\" alt=\"\" width=\"800\" height=\"533\" \/> <img loading=\"lazy\" decoding=\"async\" class=\"aligncenter size-full wp-image-151323\" src=\"https:\/\/lucamoreira.com.br\/wp-content\/uploads\/2024\/05\/IMG_8339-Copy.jpg\" alt=\"\" width=\"400\" height=\"600\" \/> <img loading=\"lazy\" decoding=\"async\" class=\"aligncenter size-full wp-image-151324\" src=\"https:\/\/lucamoreira.com.br\/wp-content\/uploads\/2024\/05\/IMG_8357-Copy.jpg\" alt=\"\" width=\"800\" height=\"533\" \/> <img loading=\"lazy\" decoding=\"async\" class=\"aligncenter size-full wp-image-151325\" src=\"https:\/\/lucamoreira.com.br\/wp-content\/uploads\/2024\/05\/O-publico-presente-tambem-ganhou-um-kit-com-produtos-da-Vult-Cosmeticos-Copy.jpg\" alt=\"\" width=\"400\" height=\"600\" \/> <img loading=\"lazy\" decoding=\"async\" class=\"aligncenter size-full wp-image-151326\" src=\"https:\/\/lucamoreira.com.br\/wp-content\/uploads\/2024\/05\/O-publico-se-refrescou-com-os-sorvetes-fornecidos-pela-marca-Maquina-Champs-@maquinas_champs-Copy.jpg\" alt=\"\" width=\"800\" height=\"533\" \/><\/p>\n","protected":false},"excerpt":{"rendered":"<p>Evento realizado pela ag\u00eancia de modelos Models Black em parceria&#8230;<\/p>\n","protected":false},"author":1,"featured_media":45113,"comment_status":"closed","ping_status":"open","sticky":false,"template":"","format":"standard","meta":{"_acf_changed":false,"footnotes":""},"categories":[39],"tags":[],"class_list":["post-45114","post","type-post","status-publish","format-standard","has-post-thumbnail","hentry","category-moda"],"acf":[],"yoast_head":"<!-- This site is optimized with the Yoast SEO plugin v27.5 - https:\/\/yoast.com\/product\/yoast-seo-wordpress\/ -->\n<title>M\u00eas das M\u00e3es: Casa Ra\u00e7a apresenta dia com desfile, palestra e networking - LifesGo<\/title>\n<meta name=\"robots\" content=\"index, follow, max-snippet:-1, max-image-preview:large, max-video-preview:-1\" \/>\n<link rel=\"canonical\" href=\"https:\/\/lifesgo.an9.com.br\/index.php\/2024\/05\/08\/mes-das-maes-casa-raca-apresenta-dia-com-desfile-palestra-e-networking\/\" \/>\n<meta property=\"og:locale\" content=\"en_US\" \/>\n<meta property=\"og:type\" content=\"article\" \/>\n<meta property=\"og:title\" content=\"M\u00eas das M\u00e3es: Casa Ra\u00e7a apresenta dia com desfile, palestra e networking - LifesGo\" \/>\n<meta property=\"og:description\" content=\"Evento realizado pela ag\u00eancia de modelos Models Black em parceria...\" \/>\n<meta property=\"og:url\" content=\"https:\/\/lifesgo.an9.com.br\/index.php\/2024\/05\/08\/mes-das-maes-casa-raca-apresenta-dia-com-desfile-palestra-e-networking\/\" \/>\n<meta property=\"og:site_name\" content=\"LifesGo\" \/>\n<meta property=\"article:published_time\" content=\"2024-05-08T14:02:48+00:00\" \/>\n<meta property=\"og:image\" content=\"https:\/\/lifesgo.an9.com.br\/wp-content\/uploads\/2024\/05\/4146-10-Copy-2.jpg\" \/>\n\t<meta property=\"og:image:width\" content=\"800\" \/>\n\t<meta property=\"og:image:height\" content=\"451\" \/>\n\t<meta property=\"og:image:type\" content=\"image\/jpeg\" \/>\n<meta name=\"author\" content=\"Fernando Braga\" \/>\n<meta name=\"twitter:card\" content=\"summary_large_image\" \/>\n<meta name=\"twitter:label1\" content=\"Written by\" \/>\n\t<meta name=\"twitter:data1\" content=\"Fernando Braga\" \/>\n\t<meta name=\"twitter:label2\" content=\"Est. reading time\" \/>\n\t<meta name=\"twitter:data2\" content=\"3 minutes\" \/>\n<script type=\"application\/ld+json\" class=\"yoast-schema-graph\">{\"@context\":\"https:\\\/\\\/schema.org\",\"@graph\":[{\"@type\":\"Article\",\"@id\":\"https:\\\/\\\/lifesgo.an9.com.br\\\/index.php\\\/2024\\\/05\\\/08\\\/mes-das-maes-casa-raca-apresenta-dia-com-desfile-palestra-e-networking\\\/#article\",\"isPartOf\":{\"@id\":\"https:\\\/\\\/lifesgo.an9.com.br\\\/index.php\\\/2024\\\/05\\\/08\\\/mes-das-maes-casa-raca-apresenta-dia-com-desfile-palestra-e-networking\\\/\"},\"author\":{\"name\":\"Fernando Braga\",\"@id\":\"https:\\\/\\\/lifesgo.an9.com.br\\\/#\\\/schema\\\/person\\\/b34bfc24fce1f5cb9dc117e2efe61a07\"},\"headline\":\"M\u00eas das M\u00e3es: Casa Ra\u00e7a apresenta dia com desfile, palestra e networking\",\"datePublished\":\"2024-05-08T14:02:48+00:00\",\"mainEntityOfPage\":{\"@id\":\"https:\\\/\\\/lifesgo.an9.com.br\\\/index.php\\\/2024\\\/05\\\/08\\\/mes-das-maes-casa-raca-apresenta-dia-com-desfile-palestra-e-networking\\\/\"},\"wordCount\":552,\"image\":{\"@id\":\"https:\\\/\\\/lifesgo.an9.com.br\\\/index.php\\\/2024\\\/05\\\/08\\\/mes-das-maes-casa-raca-apresenta-dia-com-desfile-palestra-e-networking\\\/#primaryimage\"},\"thumbnailUrl\":\"https:\\\/\\\/lifesgo.an9.com.br\\\/wp-content\\\/uploads\\\/2024\\\/05\\\/4146-10-Copy-2.jpg\",\"articleSection\":[\"Moda\"],\"inLanguage\":\"en-US\"},{\"@type\":\"WebPage\",\"@id\":\"https:\\\/\\\/lifesgo.an9.com.br\\\/index.php\\\/2024\\\/05\\\/08\\\/mes-das-maes-casa-raca-apresenta-dia-com-desfile-palestra-e-networking\\\/\",\"url\":\"https:\\\/\\\/lifesgo.an9.com.br\\\/index.php\\\/2024\\\/05\\\/08\\\/mes-das-maes-casa-raca-apresenta-dia-com-desfile-palestra-e-networking\\\/\",\"name\":\"M\u00eas das M\u00e3es: Casa Ra\u00e7a apresenta dia com desfile, palestra e networking - LifesGo\",\"isPartOf\":{\"@id\":\"https:\\\/\\\/lifesgo.an9.com.br\\\/#website\"},\"primaryImageOfPage\":{\"@id\":\"https:\\\/\\\/lifesgo.an9.com.br\\\/index.php\\\/2024\\\/05\\\/08\\\/mes-das-maes-casa-raca-apresenta-dia-com-desfile-palestra-e-networking\\\/#primaryimage\"},\"image\":{\"@id\":\"https:\\\/\\\/lifesgo.an9.com.br\\\/index.php\\\/2024\\\/05\\\/08\\\/mes-das-maes-casa-raca-apresenta-dia-com-desfile-palestra-e-networking\\\/#primaryimage\"},\"thumbnailUrl\":\"https:\\\/\\\/lifesgo.an9.com.br\\\/wp-content\\\/uploads\\\/2024\\\/05\\\/4146-10-Copy-2.jpg\",\"datePublished\":\"2024-05-08T14:02:48+00:00\",\"author\":{\"@id\":\"https:\\\/\\\/lifesgo.an9.com.br\\\/#\\\/schema\\\/person\\\/b34bfc24fce1f5cb9dc117e2efe61a07\"},\"breadcrumb\":{\"@id\":\"https:\\\/\\\/lifesgo.an9.com.br\\\/index.php\\\/2024\\\/05\\\/08\\\/mes-das-maes-casa-raca-apresenta-dia-com-desfile-palestra-e-networking\\\/#breadcrumb\"},\"inLanguage\":\"en-US\",\"potentialAction\":[{\"@type\":\"ReadAction\",\"target\":[\"https:\\\/\\\/lifesgo.an9.com.br\\\/index.php\\\/2024\\\/05\\\/08\\\/mes-das-maes-casa-raca-apresenta-dia-com-desfile-palestra-e-networking\\\/\"]}]},{\"@type\":\"ImageObject\",\"inLanguage\":\"en-US\",\"@id\":\"https:\\\/\\\/lifesgo.an9.com.br\\\/index.php\\\/2024\\\/05\\\/08\\\/mes-das-maes-casa-raca-apresenta-dia-com-desfile-palestra-e-networking\\\/#primaryimage\",\"url\":\"https:\\\/\\\/lifesgo.an9.com.br\\\/wp-content\\\/uploads\\\/2024\\\/05\\\/4146-10-Copy-2.jpg\",\"contentUrl\":\"https:\\\/\\\/lifesgo.an9.com.br\\\/wp-content\\\/uploads\\\/2024\\\/05\\\/4146-10-Copy-2.jpg\",\"width\":800,\"height\":451},{\"@type\":\"BreadcrumbList\",\"@id\":\"https:\\\/\\\/lifesgo.an9.com.br\\\/index.php\\\/2024\\\/05\\\/08\\\/mes-das-maes-casa-raca-apresenta-dia-com-desfile-palestra-e-networking\\\/#breadcrumb\",\"itemListElement\":[{\"@type\":\"ListItem\",\"position\":1,\"name\":\"In\u00edcio\",\"item\":\"https:\\\/\\\/lifesgo.an9.com.br\\\/\"},{\"@type\":\"ListItem\",\"position\":2,\"name\":\"M\u00eas das M\u00e3es: Casa Ra\u00e7a apresenta dia com desfile, palestra e networking\"}]},{\"@type\":\"WebSite\",\"@id\":\"https:\\\/\\\/lifesgo.an9.com.br\\\/#website\",\"url\":\"https:\\\/\\\/lifesgo.an9.com.br\\\/\",\"name\":\"LifesGo\",\"description\":\"\",\"potentialAction\":[{\"@type\":\"SearchAction\",\"target\":{\"@type\":\"EntryPoint\",\"urlTemplate\":\"https:\\\/\\\/lifesgo.an9.com.br\\\/?s={search_term_string}\"},\"query-input\":{\"@type\":\"PropertyValueSpecification\",\"valueRequired\":true,\"valueName\":\"search_term_string\"}}],\"inLanguage\":\"en-US\"},{\"@type\":\"Person\",\"@id\":\"https:\\\/\\\/lifesgo.an9.com.br\\\/#\\\/schema\\\/person\\\/b34bfc24fce1f5cb9dc117e2efe61a07\",\"name\":\"Fernando Braga\",\"image\":{\"@type\":\"ImageObject\",\"inLanguage\":\"en-US\",\"@id\":\"https:\\\/\\\/secure.gravatar.com\\\/avatar\\\/ffb6c6a544d3f2aff8e0c589f1d5e9d3459aa75486bb6627d6b49b9b24c34a3e?s=96&d=mm&r=g\",\"url\":\"https:\\\/\\\/secure.gravatar.com\\\/avatar\\\/ffb6c6a544d3f2aff8e0c589f1d5e9d3459aa75486bb6627d6b49b9b24c34a3e?s=96&d=mm&r=g\",\"contentUrl\":\"https:\\\/\\\/secure.gravatar.com\\\/avatar\\\/ffb6c6a544d3f2aff8e0c589f1d5e9d3459aa75486bb6627d6b49b9b24c34a3e?s=96&d=mm&r=g\",\"caption\":\"Fernando Braga\"},\"sameAs\":[\"https:\\\/\\\/lifesgo.com.br\"],\"url\":\"https:\\\/\\\/lifesgo.an9.com.br\\\/index.php\\\/author\\\/lucamor\\\/\"}]}<\/script>\n<!-- \/ Yoast SEO plugin. -->","yoast_head_json":{"title":"M\u00eas das M\u00e3es: Casa Ra\u00e7a apresenta dia com desfile, palestra e networking - LifesGo","robots":{"index":"index","follow":"follow","max-snippet":"max-snippet:-1","max-image-preview":"max-image-preview:large","max-video-preview":"max-video-preview:-1"},"canonical":"https:\/\/lifesgo.an9.com.br\/index.php\/2024\/05\/08\/mes-das-maes-casa-raca-apresenta-dia-com-desfile-palestra-e-networking\/","og_locale":"en_US","og_type":"article","og_title":"M\u00eas das M\u00e3es: Casa Ra\u00e7a apresenta dia com desfile, palestra e networking - LifesGo","og_description":"Evento realizado pela ag\u00eancia de modelos Models Black em parceria...","og_url":"https:\/\/lifesgo.an9.com.br\/index.php\/2024\/05\/08\/mes-das-maes-casa-raca-apresenta-dia-com-desfile-palestra-e-networking\/","og_site_name":"LifesGo","article_published_time":"2024-05-08T14:02:48+00:00","og_image":[{"width":800,"height":451,"url":"https:\/\/lifesgo.an9.com.br\/wp-content\/uploads\/2024\/05\/4146-10-Copy-2.jpg","type":"image\/jpeg"}],"author":"Fernando Braga","twitter_card":"summary_large_image","twitter_misc":{"Written by":"Fernando Braga","Est. reading time":"3 minutes"},"schema":{"@context":"https:\/\/schema.org","@graph":[{"@type":"Article","@id":"https:\/\/lifesgo.an9.com.br\/index.php\/2024\/05\/08\/mes-das-maes-casa-raca-apresenta-dia-com-desfile-palestra-e-networking\/#article","isPartOf":{"@id":"https:\/\/lifesgo.an9.com.br\/index.php\/2024\/05\/08\/mes-das-maes-casa-raca-apresenta-dia-com-desfile-palestra-e-networking\/"},"author":{"name":"Fernando Braga","@id":"https:\/\/lifesgo.an9.com.br\/#\/schema\/person\/b34bfc24fce1f5cb9dc117e2efe61a07"},"headline":"M\u00eas das M\u00e3es: Casa Ra\u00e7a apresenta dia com desfile, palestra e networking","datePublished":"2024-05-08T14:02:48+00:00","mainEntityOfPage":{"@id":"https:\/\/lifesgo.an9.com.br\/index.php\/2024\/05\/08\/mes-das-maes-casa-raca-apresenta-dia-com-desfile-palestra-e-networking\/"},"wordCount":552,"image":{"@id":"https:\/\/lifesgo.an9.com.br\/index.php\/2024\/05\/08\/mes-das-maes-casa-raca-apresenta-dia-com-desfile-palestra-e-networking\/#primaryimage"},"thumbnailUrl":"https:\/\/lifesgo.an9.com.br\/wp-content\/uploads\/2024\/05\/4146-10-Copy-2.jpg","articleSection":["Moda"],"inLanguage":"en-US"},{"@type":"WebPage","@id":"https:\/\/lifesgo.an9.com.br\/index.php\/2024\/05\/08\/mes-das-maes-casa-raca-apresenta-dia-com-desfile-palestra-e-networking\/","url":"https:\/\/lifesgo.an9.com.br\/index.php\/2024\/05\/08\/mes-das-maes-casa-raca-apresenta-dia-com-desfile-palestra-e-networking\/","name":"M\u00eas das M\u00e3es: Casa Ra\u00e7a apresenta dia com desfile, palestra e networking - LifesGo","isPartOf":{"@id":"https:\/\/lifesgo.an9.com.br\/#website"},"primaryImageOfPage":{"@id":"https:\/\/lifesgo.an9.com.br\/index.php\/2024\/05\/08\/mes-das-maes-casa-raca-apresenta-dia-com-desfile-palestra-e-networking\/#primaryimage"},"image":{"@id":"https:\/\/lifesgo.an9.com.br\/index.php\/2024\/05\/08\/mes-das-maes-casa-raca-apresenta-dia-com-desfile-palestra-e-networking\/#primaryimage"},"thumbnailUrl":"https:\/\/lifesgo.an9.com.br\/wp-content\/uploads\/2024\/05\/4146-10-Copy-2.jpg","datePublished":"2024-05-08T14:02:48+00:00","author":{"@id":"https:\/\/lifesgo.an9.com.br\/#\/schema\/person\/b34bfc24fce1f5cb9dc117e2efe61a07"},"breadcrumb":{"@id":"https:\/\/lifesgo.an9.com.br\/index.php\/2024\/05\/08\/mes-das-maes-casa-raca-apresenta-dia-com-desfile-palestra-e-networking\/#breadcrumb"},"inLanguage":"en-US","potentialAction":[{"@type":"ReadAction","target":["https:\/\/lifesgo.an9.com.br\/index.php\/2024\/05\/08\/mes-das-maes-casa-raca-apresenta-dia-com-desfile-palestra-e-networking\/"]}]},{"@type":"ImageObject","inLanguage":"en-US","@id":"https:\/\/lifesgo.an9.com.br\/index.php\/2024\/05\/08\/mes-das-maes-casa-raca-apresenta-dia-com-desfile-palestra-e-networking\/#primaryimage","url":"https:\/\/lifesgo.an9.com.br\/wp-content\/uploads\/2024\/05\/4146-10-Copy-2.jpg","contentUrl":"https:\/\/lifesgo.an9.com.br\/wp-content\/uploads\/2024\/05\/4146-10-Copy-2.jpg","width":800,"height":451},{"@type":"BreadcrumbList","@id":"https:\/\/lifesgo.an9.com.br\/index.php\/2024\/05\/08\/mes-das-maes-casa-raca-apresenta-dia-com-desfile-palestra-e-networking\/#breadcrumb","itemListElement":[{"@type":"ListItem","position":1,"name":"In\u00edcio","item":"https:\/\/lifesgo.an9.com.br\/"},{"@type":"ListItem","position":2,"name":"M\u00eas das M\u00e3es: Casa Ra\u00e7a apresenta dia com desfile, palestra e networking"}]},{"@type":"WebSite","@id":"https:\/\/lifesgo.an9.com.br\/#website","url":"https:\/\/lifesgo.an9.com.br\/","name":"LifesGo","description":"","potentialAction":[{"@type":"SearchAction","target":{"@type":"EntryPoint","urlTemplate":"https:\/\/lifesgo.an9.com.br\/?s={search_term_string}"},"query-input":{"@type":"PropertyValueSpecification","valueRequired":true,"valueName":"search_term_string"}}],"inLanguage":"en-US"},{"@type":"Person","@id":"https:\/\/lifesgo.an9.com.br\/#\/schema\/person\/b34bfc24fce1f5cb9dc117e2efe61a07","name":"Fernando Braga","image":{"@type":"ImageObject","inLanguage":"en-US","@id":"https:\/\/secure.gravatar.com\/avatar\/ffb6c6a544d3f2aff8e0c589f1d5e9d3459aa75486bb6627d6b49b9b24c34a3e?s=96&d=mm&r=g","url":"https:\/\/secure.gravatar.com\/avatar\/ffb6c6a544d3f2aff8e0c589f1d5e9d3459aa75486bb6627d6b49b9b24c34a3e?s=96&d=mm&r=g","contentUrl":"https:\/\/secure.gravatar.com\/avatar\/ffb6c6a544d3f2aff8e0c589f1d5e9d3459aa75486bb6627d6b49b9b24c34a3e?s=96&d=mm&r=g","caption":"Fernando Braga"},"sameAs":["https:\/\/lifesgo.com.br"],"url":"https:\/\/lifesgo.an9.com.br\/index.php\/author\/lucamor\/"}]}},"_links":{"self":[{"href":"https:\/\/lifesgo.an9.com.br\/index.php\/wp-json\/wp\/v2\/posts\/45114","targetHints":{"allow":["GET"]}}],"collection":[{"href":"https:\/\/lifesgo.an9.com.br\/index.php\/wp-json\/wp\/v2\/posts"}],"about":[{"href":"https:\/\/lifesgo.an9.com.br\/index.php\/wp-json\/wp\/v2\/types\/post"}],"author":[{"embeddable":true,"href":"https:\/\/lifesgo.an9.com.br\/index.php\/wp-json\/wp\/v2\/users\/1"}],"replies":[{"embeddable":true,"href":"https:\/\/lifesgo.an9.com.br\/index.php\/wp-json\/wp\/v2\/comments?post=45114"}],"version-history":[{"count":1,"href":"https:\/\/lifesgo.an9.com.br\/index.php\/wp-json\/wp\/v2\/posts\/45114\/revisions"}],"predecessor-version":[{"id":45115,"href":"https:\/\/lifesgo.an9.com.br\/index.php\/wp-json\/wp\/v2\/posts\/45114\/revisions\/45115"}],"wp:featuredmedia":[{"embeddable":true,"href":"https:\/\/lifesgo.an9.com.br\/index.php\/wp-json\/wp\/v2\/media\/45113"}],"wp:attachment":[{"href":"https:\/\/lifesgo.an9.com.br\/index.php\/wp-json\/wp\/v2\/media?parent=45114"}],"wp:term":[{"taxonomy":"category","embeddable":true,"href":"https:\/\/lifesgo.an9.com.br\/index.php\/wp-json\/wp\/v2\/categories?post=45114"},{"taxonomy":"post_tag","embeddable":true,"href":"https:\/\/lifesgo.an9.com.br\/index.php\/wp-json\/wp\/v2\/tags?post=45114"}],"curies":[{"name":"wp","href":"https:\/\/api.w.org\/{rel}","templated":true}]}}