{"id":44642,"date":"2024-04-26T10:02:31","date_gmt":"2024-04-26T13:02:31","guid":{"rendered":"https:\/\/lifesgo.an9.com.br\/?p=44642"},"modified":"2024-04-26T10:02:31","modified_gmt":"2024-04-26T13:02:31","slug":"karyn-garcia-celebra-triunfo-pessoal-com-o-lancamento-do-album-perfeito-pra-mim","status":"publish","type":"post","link":"https:\/\/lifesgo.an9.com.br\/index.php\/2024\/04\/26\/karyn-garcia-celebra-triunfo-pessoal-com-o-lancamento-do-album-perfeito-pra-mim\/","title":{"rendered":"Karyn Garcia celebra triunfo pessoal com o lan\u00e7amento do \u00e1lbum &#8220;Perfeito Pra Mim&#8221;"},"content":{"rendered":"<p style=\"text-align: center;\"><strong><i>O \u00e1lbum n\u00e3o apenas representa um marco na carreira de Karyn, mas tamb\u00e9m reflete sua jornada pessoal. Ele \u00e9 um compilado de sete singles j\u00e1 lan\u00e7ados pela artista nas plataformas, incluindo o destaque &#8220;Perfeito Pra Mim&#8221;, uma bela releitura de &#8220;Perfect&#8221;, sucesso do aclamado cantor Ed Sheeran<\/i><\/strong><\/p>\n<p style=\"text-align: center;\"><a href=\"https:\/\/bfan.link\/perfeito-pra-mim\"><b><i>Ou\u00e7a \u201cPerfeito Pra Mim\u201d em todas as plataformas digitais<\/i><\/b><\/a><\/p>\n<p><b><\/b><span style=\"font-weight: 400;\">A Alma Music tem a honra de anunciar o lan\u00e7amento do \u00e1lbum <\/span><b>&#8220;Perfeito Pra Mim&#8221;<\/b><span style=\"font-weight: 400;\">, da renomada cantora e compositora paulistana <\/span><b>Karyn Garcia<\/b><span style=\"font-weight: 400;\">. O trabalho j\u00e1 est\u00e1 dispon\u00edvel em <\/span><a href=\"https:\/\/bfan.link\/perfeito-pra-mim\"><span style=\"font-weight: 400;\">todos os apps de m\u00fasica<\/span><\/a><span style=\"font-weight: 400;\">.<\/span><\/p>\n<p><span style=\"font-weight: 400;\">Este \u00e1lbum emocionante \u00e9 um compilado de sete singles j\u00e1 lan\u00e7ados pela artista nas plataformas, incluindo o destaque <\/span><b>&#8220;Perfeito Pra Mim&#8221;<\/b><span style=\"font-weight: 400;\">, uma bela releitura de <\/span><b>&#8220;Perfect&#8221;<\/b><span style=\"font-weight: 400;\">, sucesso do aclamado cantor <\/span><b>Ed Sheeran<\/b><span style=\"font-weight: 400;\">. Ao ser questionada sobre o motivo da escolha desta faixa, Karyn compartilhou: <\/span><i><span style=\"font-weight: 400;\">&#8220;Eu sempre amei essa m\u00fasica, desde a primeira vez que ouvi. Um dia eu estava tocando ela no viol\u00e3o e comecei a cantar em portugu\u00eas\u2026 imaginei cada palavra sendo cantada pro cara que seria o amor da minha vida no dia do nosso casamento. Assim nasceu a vers\u00e3o\u2026 da\u00ed pedi autoriza\u00e7\u00e3o pro Ed Sheeran pra gravar e lan\u00e7ar aqui no Brasil, e deu certo!&#8221;<\/span><\/i><\/p>\n<p><span style=\"font-weight: 400;\">O \u00e1lbum n\u00e3o apenas representa um marco na carreira de Karyn, mas tamb\u00e9m reflete sua jornada pessoal. Em rela\u00e7\u00e3o a isso, ela expressou: &#8220;Eu estou muito orgulhosa desse \u00e1lbum! S\u00f3 eu sei o qu\u00e3o dif\u00edcil foram os \u00faltimos tr\u00eas anos da minha vida, lutando contra a depress\u00e3o, superando o luto do meu tio&#8230; por in\u00fameras vezes eu pensei em n\u00e3o cantar mais, apesar de ser a minha maior paix\u00e3o e prop\u00f3sito de vida. E mesmo assim tive for\u00e7as pra no meio dessas turbul\u00eancias, produzir essas can\u00e7\u00f5es. Ent\u00e3o olho para esse \u00e1lbum como uma grande vit\u00f3ria. E elas s\u00e3o muito verdadeiras pra mim.&#8221;<\/span><\/p>\n<p><span style=\"font-weight: 400;\">Karyn Garcia, conhecida por sua voz suave e marcante, tem uma carreira que abrange diversos estilos musicais, desde <\/span><b>pop at\u00e9 reggaeton, sertanejo e gospel.<\/b><span style=\"font-weight: 400;\"> Sobre seus futuros projetos, ela compartilhou: &#8220;Estilo, j\u00e1 gravei todos que mais gosto! Eu quero gravar mais m\u00fasicas no estilo pop eletr\u00f4nico, assim como meu EP Reset e tamb\u00e9m m\u00fasicas em espanhol no reggaeton!&#8221;<\/span><\/p>\n<p><span style=\"font-weight: 400;\">Karyn Garcia, uma artista que iniciou sua carreira nos anos 2000, alcan\u00e7ando reconhecimento internacional com lan\u00e7amentos em ingl\u00eas e espanhol, tem sido aclamada por sua dedica\u00e7\u00e3o e talento. Seu retorno ao cen\u00e1rio musical em 2021, ap\u00f3s um per\u00edodo de projetos pessoais, tem sido marcado por uma s\u00e9rie de lan\u00e7amentos de sucesso, como &#8220;Meia Saudade&#8221;, &#8220;Prometeu Nada e Entregou Tudo&#8221; e &#8220;Antes do Caf\u00e9&#8221;, todos sob o selo da Alma Music.<\/span><\/p>\n<p><span style=\"font-weight: 400;\">O \u00e1lbum &#8220;Perfeito Pra Mim&#8221; promete cativar os cora\u00e7\u00f5es dos f\u00e3s de m\u00fasica. O trabalho j\u00e1 est\u00e1 dispon\u00edvel em todas as plataformas digitais.<\/span><\/p>\n<p><b>TRACKLIST &#8220;PERFEITO PRA MIM&#8221;:<\/b><\/p>\n<ol>\n<li style=\"font-weight: 400;\" aria-level=\"1\"><span style=\"font-weight: 400;\">Perfeito Pra Mim<\/span><\/li>\n<li style=\"font-weight: 400;\" aria-level=\"1\"><span style=\"font-weight: 400;\">Meia Saudade<\/span><\/li>\n<li style=\"font-weight: 400;\" aria-level=\"1\"><span style=\"font-weight: 400;\">Antes do Caf\u00e9<\/span><\/li>\n<li style=\"font-weight: 400;\" aria-level=\"1\"><span style=\"font-weight: 400;\">Sentimento M\u00fatuo<\/span><\/li>\n<li style=\"font-weight: 400;\" aria-level=\"1\"><span style=\"font-weight: 400;\">Dist\u00e2ncia Chata<\/span><\/li>\n<li style=\"font-weight: 400;\" aria-level=\"1\"><span style=\"font-weight: 400;\">Faltou Pouco<\/span><\/li>\n<li style=\"font-weight: 400;\" aria-level=\"1\"><span style=\"font-weight: 400;\">Prometeu Nada e Entregou Tudo<\/span><\/li>\n<\/ol>\n<p><b>Sobre Karyn Garcia:<\/b><\/p>\n<p><span style=\"font-weight: 400;\">Karyn Garcia \u00e9 uma cantora e compositora paulistana que esteve envolvida com a m\u00fasica desde a inf\u00e2ncia. A artista iniciou sua carreira nos anos 2000 com diversos lan\u00e7amentos em ingl\u00eas e espanhol, fazendo com que Karyn alcan\u00e7asse tamb\u00e9m os pa\u00edses latinos.\u00a0<\/span><\/p>\n<p><span style=\"font-weight: 400;\">Nos \u00faltimos anos, a cantora esteve envolvida em projetos pessoais, mas decidiu voltar ao meio art\u00edstico em 2021 para produzir novos trabalhos.\u00a0<\/span><\/p>\n<p><span style=\"font-weight: 400;\">Com uma voz suave e marcante, em 2022 Karyn assinou com a Alma Music. Com esta parceria, a artista est\u00e1 lan\u00e7ando diversos singles e se aprimorando ainda mais na m\u00fasica. Seu primeiro trabalho pelo selo, <\/span><a href=\"https:\/\/open.spotify.com\/intl-pt\/album\/1dvrRENUuHvxfXiNBQ1s1O?si=P3YmUCHaT2aCxD23SNhedQ\"><span style=\"font-weight: 400;\">&#8220;Meia Saudade&#8221;<\/span><\/a><span style=\"font-weight: 400;\">, foi lan\u00e7ado em outubro daquele ano, seguido de <\/span><a href=\"https:\/\/open.spotify.com\/intl-pt\/album\/5ph8vU8vtP9ZusJQH1q8NN?si=h2822ao-QGCfcwexLGkbQQ\"><span style=\"font-weight: 400;\">&#8220;Prometeu Nada e Entregou Tudo&#8221;<\/span><\/a><span style=\"font-weight: 400;\">, <\/span><a href=\"https:\/\/open.spotify.com\/intl-pt\/album\/1GIuNXI0wzwirQGtwI9KuO?si=0mBMuQbrSdywFCMMQMatdQ\"><span style=\"font-weight: 400;\">&#8220;Antes do Caf\u00e9&#8221;<\/span><\/a><span style=\"font-weight: 400;\">, <\/span><a href=\"https:\/\/open.spotify.com\/intl-pt\/album\/2qk8yBmMUwFrvdgnhahUbB?si=FSx8lIHITiuqkJrYUQHrGg\"><span style=\"font-weight: 400;\">&#8220;Dist\u00e2ncia Chata&#8221;<\/span> <\/a><span style=\"font-weight: 400;\">e <\/span><a href=\"https:\/\/open.spotify.com\/intl-pt\/album\/1GvemJwtTuzVoJvNH298dv?si=MotB_AjlSzKIYfNrmYy9Jw\"><span style=\"font-weight: 400;\">&#8220;Faltou Pouco&#8221;<\/span><\/a><span style=\"font-weight: 400;\">.<\/span><\/p>\n<p><b>Redes Sociais Karyn Garcia:<\/b><\/p>\n<p><a href=\"https:\/\/www.instagram.com\/soukaryn\"><b>Instagram<\/b><\/a><\/p>\n<p><a href=\"https:\/\/www.youtube.com\/@soukaryn\"><b>YouTube<\/b><\/a><\/p>\n<p><a href=\"https:\/\/open.spotify.com\/intl-pt\/artist\/4kKCfQbfrSn6Jdsca1hzTr?si=DCHyVv3oTwe6XmbjS_GMlA\"><b>Spotify<\/b><\/a><\/p>\n","protected":false},"excerpt":{"rendered":"<p>O \u00e1lbum n\u00e3o apenas representa um marco na carreira de&#8230;<\/p>\n","protected":false},"author":1,"featured_media":44641,"comment_status":"closed","ping_status":"open","sticky":false,"template":"","format":"standard","meta":{"_acf_changed":false,"footnotes":""},"categories":[27],"tags":[],"class_list":["post-44642","post","type-post","status-publish","format-standard","has-post-thumbnail","hentry","category-musica"],"acf":[],"yoast_head":"<!-- This site is optimized with the Yoast SEO plugin v28.3 - https:\/\/yoast.com\/product\/yoast-seo-wordpress\/ -->\n<title>Karyn Garcia celebra triunfo pessoal com o lan\u00e7amento do \u00e1lbum &quot;Perfeito Pra Mim&quot; - LifesGo<\/title>\n<meta name=\"robots\" content=\"index, follow, max-snippet:-1, max-image-preview:large, max-video-preview:-1\" \/>\n<link rel=\"canonical\" href=\"https:\/\/lifesgo.an9.com.br\/index.php\/2024\/04\/26\/karyn-garcia-celebra-triunfo-pessoal-com-o-lancamento-do-album-perfeito-pra-mim\/\" \/>\n<meta property=\"og:locale\" content=\"pt_BR\" \/>\n<meta property=\"og:type\" content=\"article\" \/>\n<meta property=\"og:title\" content=\"Karyn Garcia celebra triunfo pessoal com o lan\u00e7amento do \u00e1lbum &quot;Perfeito Pra Mim&quot; - LifesGo\" \/>\n<meta property=\"og:description\" content=\"O \u00e1lbum n\u00e3o apenas representa um marco na carreira de...\" \/>\n<meta property=\"og:url\" content=\"https:\/\/lifesgo.an9.com.br\/index.php\/2024\/04\/26\/karyn-garcia-celebra-triunfo-pessoal-com-o-lancamento-do-album-perfeito-pra-mim\/\" \/>\n<meta property=\"og:site_name\" content=\"LifesGo\" \/>\n<meta property=\"article:published_time\" content=\"2024-04-26T13:02:31+00:00\" \/>\n<meta property=\"og:image\" content=\"https:\/\/lifesgo.an9.com.br\/wp-content\/uploads\/2024\/04\/4146-1-Copy-23.jpg\" \/>\n\t<meta property=\"og:image:width\" content=\"800\" \/>\n\t<meta property=\"og:image:height\" content=\"451\" \/>\n\t<meta property=\"og:image:type\" content=\"image\/jpeg\" \/>\n<meta name=\"author\" content=\"LifesGo\" \/>\n<meta name=\"twitter:card\" content=\"summary_large_image\" \/>\n<meta name=\"twitter:label1\" content=\"Escrito por\" \/>\n\t<meta name=\"twitter:data1\" content=\"LifesGo\" \/>\n\t<meta name=\"twitter:label2\" content=\"Est. tempo de leitura\" \/>\n\t<meta name=\"twitter:data2\" content=\"3 minutos\" \/>\n<script type=\"application\/ld+json\" class=\"yoast-schema-graph\">{\"@context\":\"https:\\\/\\\/schema.org\",\"@graph\":[{\"@type\":\"Article\",\"@id\":\"https:\\\/\\\/lifesgo.an9.com.br\\\/index.php\\\/2024\\\/04\\\/26\\\/karyn-garcia-celebra-triunfo-pessoal-com-o-lancamento-do-album-perfeito-pra-mim\\\/#article\",\"isPartOf\":{\"@id\":\"https:\\\/\\\/lifesgo.an9.com.br\\\/index.php\\\/2024\\\/04\\\/26\\\/karyn-garcia-celebra-triunfo-pessoal-com-o-lancamento-do-album-perfeito-pra-mim\\\/\"},\"author\":{\"name\":\"LifesGo\",\"@id\":\"https:\\\/\\\/lifesgo.an9.com.br\\\/#\\\/schema\\\/person\\\/b34bfc24fce1f5cb9dc117e2efe61a07\"},\"headline\":\"Karyn Garcia celebra triunfo pessoal com o lan\u00e7amento do \u00e1lbum &#8220;Perfeito Pra Mim&#8221;\",\"datePublished\":\"2024-04-26T13:02:31+00:00\",\"mainEntityOfPage\":{\"@id\":\"https:\\\/\\\/lifesgo.an9.com.br\\\/index.php\\\/2024\\\/04\\\/26\\\/karyn-garcia-celebra-triunfo-pessoal-com-o-lancamento-do-album-perfeito-pra-mim\\\/\"},\"wordCount\":673,\"image\":{\"@id\":\"https:\\\/\\\/lifesgo.an9.com.br\\\/index.php\\\/2024\\\/04\\\/26\\\/karyn-garcia-celebra-triunfo-pessoal-com-o-lancamento-do-album-perfeito-pra-mim\\\/#primaryimage\"},\"thumbnailUrl\":\"https:\\\/\\\/lifesgo.an9.com.br\\\/wp-content\\\/uploads\\\/2024\\\/04\\\/4146-1-Copy-23.jpg\",\"articleSection\":[\"M\u00fasica\"],\"inLanguage\":\"pt-BR\"},{\"@type\":\"WebPage\",\"@id\":\"https:\\\/\\\/lifesgo.an9.com.br\\\/index.php\\\/2024\\\/04\\\/26\\\/karyn-garcia-celebra-triunfo-pessoal-com-o-lancamento-do-album-perfeito-pra-mim\\\/\",\"url\":\"https:\\\/\\\/lifesgo.an9.com.br\\\/index.php\\\/2024\\\/04\\\/26\\\/karyn-garcia-celebra-triunfo-pessoal-com-o-lancamento-do-album-perfeito-pra-mim\\\/\",\"name\":\"Karyn Garcia celebra triunfo pessoal com o lan\u00e7amento do \u00e1lbum \\\"Perfeito Pra Mim\\\" - LifesGo\",\"isPartOf\":{\"@id\":\"https:\\\/\\\/lifesgo.an9.com.br\\\/#website\"},\"primaryImageOfPage\":{\"@id\":\"https:\\\/\\\/lifesgo.an9.com.br\\\/index.php\\\/2024\\\/04\\\/26\\\/karyn-garcia-celebra-triunfo-pessoal-com-o-lancamento-do-album-perfeito-pra-mim\\\/#primaryimage\"},\"image\":{\"@id\":\"https:\\\/\\\/lifesgo.an9.com.br\\\/index.php\\\/2024\\\/04\\\/26\\\/karyn-garcia-celebra-triunfo-pessoal-com-o-lancamento-do-album-perfeito-pra-mim\\\/#primaryimage\"},\"thumbnailUrl\":\"https:\\\/\\\/lifesgo.an9.com.br\\\/wp-content\\\/uploads\\\/2024\\\/04\\\/4146-1-Copy-23.jpg\",\"datePublished\":\"2024-04-26T13:02:31+00:00\",\"author\":{\"@id\":\"https:\\\/\\\/lifesgo.an9.com.br\\\/#\\\/schema\\\/person\\\/b34bfc24fce1f5cb9dc117e2efe61a07\"},\"breadcrumb\":{\"@id\":\"https:\\\/\\\/lifesgo.an9.com.br\\\/index.php\\\/2024\\\/04\\\/26\\\/karyn-garcia-celebra-triunfo-pessoal-com-o-lancamento-do-album-perfeito-pra-mim\\\/#breadcrumb\"},\"inLanguage\":\"pt-BR\",\"potentialAction\":[{\"@type\":\"ReadAction\",\"target\":[\"https:\\\/\\\/lifesgo.an9.com.br\\\/index.php\\\/2024\\\/04\\\/26\\\/karyn-garcia-celebra-triunfo-pessoal-com-o-lancamento-do-album-perfeito-pra-mim\\\/\"]}]},{\"@type\":\"ImageObject\",\"inLanguage\":\"pt-BR\",\"@id\":\"https:\\\/\\\/lifesgo.an9.com.br\\\/index.php\\\/2024\\\/04\\\/26\\\/karyn-garcia-celebra-triunfo-pessoal-com-o-lancamento-do-album-perfeito-pra-mim\\\/#primaryimage\",\"url\":\"https:\\\/\\\/lifesgo.an9.com.br\\\/wp-content\\\/uploads\\\/2024\\\/04\\\/4146-1-Copy-23.jpg\",\"contentUrl\":\"https:\\\/\\\/lifesgo.an9.com.br\\\/wp-content\\\/uploads\\\/2024\\\/04\\\/4146-1-Copy-23.jpg\",\"width\":800,\"height\":451},{\"@type\":\"BreadcrumbList\",\"@id\":\"https:\\\/\\\/lifesgo.an9.com.br\\\/index.php\\\/2024\\\/04\\\/26\\\/karyn-garcia-celebra-triunfo-pessoal-com-o-lancamento-do-album-perfeito-pra-mim\\\/#breadcrumb\",\"itemListElement\":[{\"@type\":\"ListItem\",\"position\":1,\"name\":\"In\u00edcio\",\"item\":\"https:\\\/\\\/lifesgo.an9.com.br\\\/\"},{\"@type\":\"ListItem\",\"position\":2,\"name\":\"Karyn Garcia celebra triunfo pessoal com o lan\u00e7amento do \u00e1lbum &#8220;Perfeito Pra Mim&#8221;\"}]},{\"@type\":\"WebSite\",\"@id\":\"https:\\\/\\\/lifesgo.an9.com.br\\\/#website\",\"url\":\"https:\\\/\\\/lifesgo.an9.com.br\\\/\",\"name\":\"LifesGo\",\"description\":\"\",\"potentialAction\":[{\"@type\":\"SearchAction\",\"target\":{\"@type\":\"EntryPoint\",\"urlTemplate\":\"https:\\\/\\\/lifesgo.an9.com.br\\\/?s={search_term_string}\"},\"query-input\":{\"@type\":\"PropertyValueSpecification\",\"valueRequired\":true,\"valueName\":\"search_term_string\"}}],\"inLanguage\":\"pt-BR\"},{\"@type\":\"Person\",\"@id\":\"https:\\\/\\\/lifesgo.an9.com.br\\\/#\\\/schema\\\/person\\\/b34bfc24fce1f5cb9dc117e2efe61a07\",\"name\":\"LifesGo\",\"image\":{\"@type\":\"ImageObject\",\"inLanguage\":\"pt-BR\",\"@id\":\"https:\\\/\\\/secure.gravatar.com\\\/avatar\\\/ed0fb6c2dc8ca8634274f12b6bcee558dbcb1b05612be222e7d40b115c40b4f2?s=96&d=mm&r=g\",\"url\":\"https:\\\/\\\/secure.gravatar.com\\\/avatar\\\/ed0fb6c2dc8ca8634274f12b6bcee558dbcb1b05612be222e7d40b115c40b4f2?s=96&d=mm&r=g\",\"contentUrl\":\"https:\\\/\\\/secure.gravatar.com\\\/avatar\\\/ed0fb6c2dc8ca8634274f12b6bcee558dbcb1b05612be222e7d40b115c40b4f2?s=96&d=mm&r=g\",\"caption\":\"LifesGo\"},\"sameAs\":[\"https:\\\/\\\/lifesgo.com.br\"],\"url\":\"https:\\\/\\\/lifesgo.an9.com.br\\\/index.php\\\/author\\\/lucamor\\\/\"}]}<\/script>\n<!-- \/ Yoast SEO plugin. -->","yoast_head_json":{"title":"Karyn Garcia celebra triunfo pessoal com o lan\u00e7amento do \u00e1lbum \"Perfeito Pra Mim\" - LifesGo","robots":{"index":"index","follow":"follow","max-snippet":"max-snippet:-1","max-image-preview":"max-image-preview:large","max-video-preview":"max-video-preview:-1"},"canonical":"https:\/\/lifesgo.an9.com.br\/index.php\/2024\/04\/26\/karyn-garcia-celebra-triunfo-pessoal-com-o-lancamento-do-album-perfeito-pra-mim\/","og_locale":"pt_BR","og_type":"article","og_title":"Karyn Garcia celebra triunfo pessoal com o lan\u00e7amento do \u00e1lbum \"Perfeito Pra Mim\" - LifesGo","og_description":"O \u00e1lbum n\u00e3o apenas representa um marco na carreira de...","og_url":"https:\/\/lifesgo.an9.com.br\/index.php\/2024\/04\/26\/karyn-garcia-celebra-triunfo-pessoal-com-o-lancamento-do-album-perfeito-pra-mim\/","og_site_name":"LifesGo","article_published_time":"2024-04-26T13:02:31+00:00","og_image":[{"width":800,"height":451,"url":"https:\/\/lifesgo.an9.com.br\/wp-content\/uploads\/2024\/04\/4146-1-Copy-23.jpg","type":"image\/jpeg"}],"author":"LifesGo","twitter_card":"summary_large_image","twitter_misc":{"Escrito por":"LifesGo","Est. tempo de leitura":"3 minutos"},"schema":{"@context":"https:\/\/schema.org","@graph":[{"@type":"Article","@id":"https:\/\/lifesgo.an9.com.br\/index.php\/2024\/04\/26\/karyn-garcia-celebra-triunfo-pessoal-com-o-lancamento-do-album-perfeito-pra-mim\/#article","isPartOf":{"@id":"https:\/\/lifesgo.an9.com.br\/index.php\/2024\/04\/26\/karyn-garcia-celebra-triunfo-pessoal-com-o-lancamento-do-album-perfeito-pra-mim\/"},"author":{"name":"LifesGo","@id":"https:\/\/lifesgo.an9.com.br\/#\/schema\/person\/b34bfc24fce1f5cb9dc117e2efe61a07"},"headline":"Karyn Garcia celebra triunfo pessoal com o lan\u00e7amento do \u00e1lbum &#8220;Perfeito Pra Mim&#8221;","datePublished":"2024-04-26T13:02:31+00:00","mainEntityOfPage":{"@id":"https:\/\/lifesgo.an9.com.br\/index.php\/2024\/04\/26\/karyn-garcia-celebra-triunfo-pessoal-com-o-lancamento-do-album-perfeito-pra-mim\/"},"wordCount":673,"image":{"@id":"https:\/\/lifesgo.an9.com.br\/index.php\/2024\/04\/26\/karyn-garcia-celebra-triunfo-pessoal-com-o-lancamento-do-album-perfeito-pra-mim\/#primaryimage"},"thumbnailUrl":"https:\/\/lifesgo.an9.com.br\/wp-content\/uploads\/2024\/04\/4146-1-Copy-23.jpg","articleSection":["M\u00fasica"],"inLanguage":"pt-BR"},{"@type":"WebPage","@id":"https:\/\/lifesgo.an9.com.br\/index.php\/2024\/04\/26\/karyn-garcia-celebra-triunfo-pessoal-com-o-lancamento-do-album-perfeito-pra-mim\/","url":"https:\/\/lifesgo.an9.com.br\/index.php\/2024\/04\/26\/karyn-garcia-celebra-triunfo-pessoal-com-o-lancamento-do-album-perfeito-pra-mim\/","name":"Karyn Garcia celebra triunfo pessoal com o lan\u00e7amento do \u00e1lbum \"Perfeito Pra Mim\" - LifesGo","isPartOf":{"@id":"https:\/\/lifesgo.an9.com.br\/#website"},"primaryImageOfPage":{"@id":"https:\/\/lifesgo.an9.com.br\/index.php\/2024\/04\/26\/karyn-garcia-celebra-triunfo-pessoal-com-o-lancamento-do-album-perfeito-pra-mim\/#primaryimage"},"image":{"@id":"https:\/\/lifesgo.an9.com.br\/index.php\/2024\/04\/26\/karyn-garcia-celebra-triunfo-pessoal-com-o-lancamento-do-album-perfeito-pra-mim\/#primaryimage"},"thumbnailUrl":"https:\/\/lifesgo.an9.com.br\/wp-content\/uploads\/2024\/04\/4146-1-Copy-23.jpg","datePublished":"2024-04-26T13:02:31+00:00","author":{"@id":"https:\/\/lifesgo.an9.com.br\/#\/schema\/person\/b34bfc24fce1f5cb9dc117e2efe61a07"},"breadcrumb":{"@id":"https:\/\/lifesgo.an9.com.br\/index.php\/2024\/04\/26\/karyn-garcia-celebra-triunfo-pessoal-com-o-lancamento-do-album-perfeito-pra-mim\/#breadcrumb"},"inLanguage":"pt-BR","potentialAction":[{"@type":"ReadAction","target":["https:\/\/lifesgo.an9.com.br\/index.php\/2024\/04\/26\/karyn-garcia-celebra-triunfo-pessoal-com-o-lancamento-do-album-perfeito-pra-mim\/"]}]},{"@type":"ImageObject","inLanguage":"pt-BR","@id":"https:\/\/lifesgo.an9.com.br\/index.php\/2024\/04\/26\/karyn-garcia-celebra-triunfo-pessoal-com-o-lancamento-do-album-perfeito-pra-mim\/#primaryimage","url":"https:\/\/lifesgo.an9.com.br\/wp-content\/uploads\/2024\/04\/4146-1-Copy-23.jpg","contentUrl":"https:\/\/lifesgo.an9.com.br\/wp-content\/uploads\/2024\/04\/4146-1-Copy-23.jpg","width":800,"height":451},{"@type":"BreadcrumbList","@id":"https:\/\/lifesgo.an9.com.br\/index.php\/2024\/04\/26\/karyn-garcia-celebra-triunfo-pessoal-com-o-lancamento-do-album-perfeito-pra-mim\/#breadcrumb","itemListElement":[{"@type":"ListItem","position":1,"name":"In\u00edcio","item":"https:\/\/lifesgo.an9.com.br\/"},{"@type":"ListItem","position":2,"name":"Karyn Garcia celebra triunfo pessoal com o lan\u00e7amento do \u00e1lbum &#8220;Perfeito Pra Mim&#8221;"}]},{"@type":"WebSite","@id":"https:\/\/lifesgo.an9.com.br\/#website","url":"https:\/\/lifesgo.an9.com.br\/","name":"LifesGo","description":"","potentialAction":[{"@type":"SearchAction","target":{"@type":"EntryPoint","urlTemplate":"https:\/\/lifesgo.an9.com.br\/?s={search_term_string}"},"query-input":{"@type":"PropertyValueSpecification","valueRequired":true,"valueName":"search_term_string"}}],"inLanguage":"pt-BR"},{"@type":"Person","@id":"https:\/\/lifesgo.an9.com.br\/#\/schema\/person\/b34bfc24fce1f5cb9dc117e2efe61a07","name":"LifesGo","image":{"@type":"ImageObject","inLanguage":"pt-BR","@id":"https:\/\/secure.gravatar.com\/avatar\/ed0fb6c2dc8ca8634274f12b6bcee558dbcb1b05612be222e7d40b115c40b4f2?s=96&d=mm&r=g","url":"https:\/\/secure.gravatar.com\/avatar\/ed0fb6c2dc8ca8634274f12b6bcee558dbcb1b05612be222e7d40b115c40b4f2?s=96&d=mm&r=g","contentUrl":"https:\/\/secure.gravatar.com\/avatar\/ed0fb6c2dc8ca8634274f12b6bcee558dbcb1b05612be222e7d40b115c40b4f2?s=96&d=mm&r=g","caption":"LifesGo"},"sameAs":["https:\/\/lifesgo.com.br"],"url":"https:\/\/lifesgo.an9.com.br\/index.php\/author\/lucamor\/"}]}},"_links":{"self":[{"href":"https:\/\/lifesgo.an9.com.br\/index.php\/wp-json\/wp\/v2\/posts\/44642","targetHints":{"allow":["GET"]}}],"collection":[{"href":"https:\/\/lifesgo.an9.com.br\/index.php\/wp-json\/wp\/v2\/posts"}],"about":[{"href":"https:\/\/lifesgo.an9.com.br\/index.php\/wp-json\/wp\/v2\/types\/post"}],"author":[{"embeddable":true,"href":"https:\/\/lifesgo.an9.com.br\/index.php\/wp-json\/wp\/v2\/users\/1"}],"replies":[{"embeddable":true,"href":"https:\/\/lifesgo.an9.com.br\/index.php\/wp-json\/wp\/v2\/comments?post=44642"}],"version-history":[{"count":1,"href":"https:\/\/lifesgo.an9.com.br\/index.php\/wp-json\/wp\/v2\/posts\/44642\/revisions"}],"predecessor-version":[{"id":44643,"href":"https:\/\/lifesgo.an9.com.br\/index.php\/wp-json\/wp\/v2\/posts\/44642\/revisions\/44643"}],"wp:featuredmedia":[{"embeddable":true,"href":"https:\/\/lifesgo.an9.com.br\/index.php\/wp-json\/wp\/v2\/media\/44641"}],"wp:attachment":[{"href":"https:\/\/lifesgo.an9.com.br\/index.php\/wp-json\/wp\/v2\/media?parent=44642"}],"wp:term":[{"taxonomy":"category","embeddable":true,"href":"https:\/\/lifesgo.an9.com.br\/index.php\/wp-json\/wp\/v2\/categories?post=44642"},{"taxonomy":"post_tag","embeddable":true,"href":"https:\/\/lifesgo.an9.com.br\/index.php\/wp-json\/wp\/v2\/tags?post=44642"}],"curies":[{"name":"wp","href":"https:\/\/api.w.org\/{rel}","templated":true}]}}