{"id":44630,"date":"2024-04-25T15:16:52","date_gmt":"2024-04-25T18:16:52","guid":{"rendered":"https:\/\/lifesgo.an9.com.br\/?p=44630"},"modified":"2024-04-25T15:16:52","modified_gmt":"2024-04-25T18:16:52","slug":"reveillon-em-balneario-camboriu-o-cantor-e-empresario-fabricio-celebra-a-virada-no-camarote-do-marrone-com-ze-felipe-na-festa-da-virada-da-greenvalle","status":"publish","type":"post","link":"https:\/\/lifesgo.an9.com.br\/index.php\/2024\/04\/25\/reveillon-em-balneario-camboriu-o-cantor-e-empresario-fabricio-celebra-a-virada-no-camarote-do-marrone-com-ze-felipe-na-festa-da-virada-da-greenvalle\/","title":{"rendered":"Reveillon em Balne\u00e1rio Cambori\u00fa: O cantor e Empres\u00e1rio Fabricio, Celebra a Virada no Camarote do Marrone com Z\u00e9 Felipe na Festa da Virada da Greenvalle"},"content":{"rendered":"<p>O Reveillon \u00e9 um momento de celebra\u00e7\u00e3o, renova\u00e7\u00e3o e esperan\u00e7a, e em nenhum lugar isso \u00e9 mais vibrante do que em balne\u00e1rios costeiros como Cambori\u00fa, onde a festa da virada \u00e9 uma tradi\u00e7\u00e3o enraizada na cultura local. Este ano, a <a href=\"https:\/\/www.instagram.com\/greenvalleybr\/\">Greenvalle <\/a>preparou uma celebra\u00e7\u00e3o especial, e entre os convidados ilustres estava Fabricio, que teve a oportunidade de vivenciar a virada em grande estilo, no camarote do Marrone, ao lado do talentoso <a href=\"https:\/\/www.instagram.com\/zefelipecantor\/\">Z\u00e9 Felipe.<\/a><\/p>\n<p>\u00c0 medida que os primeiros raios do sol do ano novo iluminavam o horizonte de Balne\u00e1rio Cambori\u00fa, o <a href=\"https:\/\/fabricioehenrique.art\/\">Cantor Fabricio <\/a>se encontrava imerso na energia contagiante da festa da virada da <a href=\"https:\/\/www.instagram.com\/greenvalleybr\/\">Greenvalle. <\/a>Localizada em um dos destinos mais badalados do Brasil, a celebra\u00e7\u00e3o oferecia uma mistura de m\u00fasica, entretenimento e glamour que cativava os presentes desde o in\u00edcio.<\/p>\n<p><img loading=\"lazy\" decoding=\"async\" class=\"aligncenter size-full wp-image-712\" src=\"https:\/\/publisher.moreiracomunicacao.com\/2\/wp-content\/uploads\/2024\/04\/WhatsApp-Image-2024-04-25-at-14.59.51-1-Copy.jpg\" alt=\"\" width=\"461\" height=\"480\" \/><\/p>\n<p>No camarote do Marrone, o Empres\u00e1rio <a href=\"https:\/\/www.instagram.com\/fabricio\/\">Fabricio<\/a> teve a oportunidade de desfrutar de uma vista privilegiada do evento, cercado por amigos e admiradores, enquanto Z\u00e9 Felipe encantava a multid\u00e3o com suas performances eletrizantes. A energia contagiante do cantor combinava perfeitamente com a atmosfera festiva da noite, elevando ainda mais o esp\u00edrito de celebra\u00e7\u00e3o.<\/p>\n<p>Entre brindes, abra\u00e7os e momentos de descontra\u00e7\u00e3o, Fabricio refletia sobre o ano que havia passado e as esperan\u00e7as para o futuro. Para ele, estar presente em um evento t\u00e3o ic\u00f4nico como o <strong>Reveillon em Balne\u00e1rio Cambori\u00fa <\/strong>representava mais do que apenas uma festa; era uma oportunidade de renovar os votos de otimismo e determina\u00e7\u00e3o para os pr\u00f3ximos meses que estavam por vir.<\/p>\n<p>Enquanto a contagem regressiva para a meia-noite se aproximava, a antecipa\u00e7\u00e3o e a emo\u00e7\u00e3o cresciam no ar. Fabricio e os demais presentes se uniram em um momento de uni\u00e3o e gratid\u00e3o, prontos para receber o novo ano com os bra\u00e7os abertos e o cora\u00e7\u00e3o cheio de esperan\u00e7a.<\/p>\n<p>\u00c0 medida que os fogos de artif\u00edcio iluminavam o c\u00e9u e a multid\u00e3o irrompia em aplausos e comemora\u00e7\u00f5es, Fabricio sentia uma profunda sensa\u00e7\u00e3o de felicidade e gratid\u00e3o. O <a href=\"https:\/\/www.instagram.com\/greenvalleybr\/\">Reveillon em Balne\u00e1rio Cambori\u00fa, <\/a>especialmente no camarote do <a href=\"https:\/\/www.instagram.com\/marrone\/\">Marrone <\/a>com a presen\u00e7a de Z\u00e9 Felipe, havia se revelado uma experi\u00eancia verdadeiramente inesquec\u00edvel.<\/p>\n<p><a href=\"https:\/\/www.instagram.com\/googlenoticias\/\"><strong><em>@googlenoticias<\/em><\/strong><\/a><\/p>\n<p><strong><em>Whats app: <\/em><\/strong><a href=\"https:\/\/api.whatsapp.com\/send?phone=554432001392\"><strong><em>+55 44 3200-1392<\/em><\/strong><\/a><\/p>\n","protected":false},"excerpt":{"rendered":"<p>O Reveillon \u00e9 um momento de celebra\u00e7\u00e3o, renova\u00e7\u00e3o e esperan\u00e7a,&#8230;<\/p>\n","protected":false},"author":1,"featured_media":44629,"comment_status":"closed","ping_status":"open","sticky":false,"template":"","format":"standard","meta":{"_acf_changed":false,"footnotes":""},"categories":[27],"tags":[],"class_list":["post-44630","post","type-post","status-publish","format-standard","has-post-thumbnail","hentry","category-musica"],"acf":[],"yoast_head":"<!-- This site is optimized with the Yoast SEO plugin v28.3 - https:\/\/yoast.com\/product\/yoast-seo-wordpress\/ -->\n<title>Reveillon em Balne\u00e1rio Cambori\u00fa: O cantor e Empres\u00e1rio Fabricio, Celebra a Virada no Camarote do Marrone com Z\u00e9 Felipe na Festa da Virada da Greenvalle - LifesGo<\/title>\n<meta name=\"robots\" content=\"index, follow, max-snippet:-1, max-image-preview:large, max-video-preview:-1\" \/>\n<link rel=\"canonical\" href=\"https:\/\/lifesgo.an9.com.br\/index.php\/2024\/04\/25\/reveillon-em-balneario-camboriu-o-cantor-e-empresario-fabricio-celebra-a-virada-no-camarote-do-marrone-com-ze-felipe-na-festa-da-virada-da-greenvalle\/\" \/>\n<meta property=\"og:locale\" content=\"pt_BR\" \/>\n<meta property=\"og:type\" content=\"article\" \/>\n<meta property=\"og:title\" content=\"Reveillon em Balne\u00e1rio Cambori\u00fa: O cantor e Empres\u00e1rio Fabricio, Celebra a Virada no Camarote do Marrone com Z\u00e9 Felipe na Festa da Virada da Greenvalle - LifesGo\" \/>\n<meta property=\"og:description\" content=\"O Reveillon \u00e9 um momento de celebra\u00e7\u00e3o, renova\u00e7\u00e3o e esperan\u00e7a,...\" \/>\n<meta property=\"og:url\" content=\"https:\/\/lifesgo.an9.com.br\/index.php\/2024\/04\/25\/reveillon-em-balneario-camboriu-o-cantor-e-empresario-fabricio-celebra-a-virada-no-camarote-do-marrone-com-ze-felipe-na-festa-da-virada-da-greenvalle\/\" \/>\n<meta property=\"og:site_name\" content=\"LifesGo\" \/>\n<meta property=\"article:published_time\" content=\"2024-04-25T18:16:52+00:00\" \/>\n<meta property=\"og:image\" content=\"https:\/\/lifesgo.an9.com.br\/wp-content\/uploads\/2024\/04\/4146-16-Copy-2.jpg\" \/>\n\t<meta property=\"og:image:width\" content=\"640\" \/>\n\t<meta property=\"og:image:height\" content=\"361\" \/>\n\t<meta property=\"og:image:type\" content=\"image\/jpeg\" \/>\n<meta name=\"author\" content=\"LifesGo\" \/>\n<meta name=\"twitter:card\" content=\"summary_large_image\" \/>\n<meta name=\"twitter:label1\" content=\"Escrito por\" \/>\n\t<meta name=\"twitter:data1\" content=\"LifesGo\" \/>\n\t<meta name=\"twitter:label2\" content=\"Est. tempo de leitura\" \/>\n\t<meta name=\"twitter:data2\" content=\"2 minutos\" \/>\n<script type=\"application\/ld+json\" class=\"yoast-schema-graph\">{\"@context\":\"https:\\\/\\\/schema.org\",\"@graph\":[{\"@type\":\"Article\",\"@id\":\"https:\\\/\\\/lifesgo.an9.com.br\\\/index.php\\\/2024\\\/04\\\/25\\\/reveillon-em-balneario-camboriu-o-cantor-e-empresario-fabricio-celebra-a-virada-no-camarote-do-marrone-com-ze-felipe-na-festa-da-virada-da-greenvalle\\\/#article\",\"isPartOf\":{\"@id\":\"https:\\\/\\\/lifesgo.an9.com.br\\\/index.php\\\/2024\\\/04\\\/25\\\/reveillon-em-balneario-camboriu-o-cantor-e-empresario-fabricio-celebra-a-virada-no-camarote-do-marrone-com-ze-felipe-na-festa-da-virada-da-greenvalle\\\/\"},\"author\":{\"name\":\"LifesGo\",\"@id\":\"https:\\\/\\\/lifesgo.an9.com.br\\\/#\\\/schema\\\/person\\\/b34bfc24fce1f5cb9dc117e2efe61a07\"},\"headline\":\"Reveillon em Balne\u00e1rio Cambori\u00fa: O cantor e Empres\u00e1rio Fabricio, Celebra a Virada no Camarote do Marrone com Z\u00e9 Felipe na Festa da Virada da Greenvalle\",\"datePublished\":\"2024-04-25T18:16:52+00:00\",\"mainEntityOfPage\":{\"@id\":\"https:\\\/\\\/lifesgo.an9.com.br\\\/index.php\\\/2024\\\/04\\\/25\\\/reveillon-em-balneario-camboriu-o-cantor-e-empresario-fabricio-celebra-a-virada-no-camarote-do-marrone-com-ze-felipe-na-festa-da-virada-da-greenvalle\\\/\"},\"wordCount\":408,\"image\":{\"@id\":\"https:\\\/\\\/lifesgo.an9.com.br\\\/index.php\\\/2024\\\/04\\\/25\\\/reveillon-em-balneario-camboriu-o-cantor-e-empresario-fabricio-celebra-a-virada-no-camarote-do-marrone-com-ze-felipe-na-festa-da-virada-da-greenvalle\\\/#primaryimage\"},\"thumbnailUrl\":\"https:\\\/\\\/lifesgo.an9.com.br\\\/wp-content\\\/uploads\\\/2024\\\/04\\\/4146-16-Copy-2.jpg\",\"articleSection\":[\"M\u00fasica\"],\"inLanguage\":\"pt-BR\"},{\"@type\":\"WebPage\",\"@id\":\"https:\\\/\\\/lifesgo.an9.com.br\\\/index.php\\\/2024\\\/04\\\/25\\\/reveillon-em-balneario-camboriu-o-cantor-e-empresario-fabricio-celebra-a-virada-no-camarote-do-marrone-com-ze-felipe-na-festa-da-virada-da-greenvalle\\\/\",\"url\":\"https:\\\/\\\/lifesgo.an9.com.br\\\/index.php\\\/2024\\\/04\\\/25\\\/reveillon-em-balneario-camboriu-o-cantor-e-empresario-fabricio-celebra-a-virada-no-camarote-do-marrone-com-ze-felipe-na-festa-da-virada-da-greenvalle\\\/\",\"name\":\"Reveillon em Balne\u00e1rio Cambori\u00fa: O cantor e Empres\u00e1rio Fabricio, Celebra a Virada no Camarote do Marrone com Z\u00e9 Felipe na Festa da Virada da Greenvalle - LifesGo\",\"isPartOf\":{\"@id\":\"https:\\\/\\\/lifesgo.an9.com.br\\\/#website\"},\"primaryImageOfPage\":{\"@id\":\"https:\\\/\\\/lifesgo.an9.com.br\\\/index.php\\\/2024\\\/04\\\/25\\\/reveillon-em-balneario-camboriu-o-cantor-e-empresario-fabricio-celebra-a-virada-no-camarote-do-marrone-com-ze-felipe-na-festa-da-virada-da-greenvalle\\\/#primaryimage\"},\"image\":{\"@id\":\"https:\\\/\\\/lifesgo.an9.com.br\\\/index.php\\\/2024\\\/04\\\/25\\\/reveillon-em-balneario-camboriu-o-cantor-e-empresario-fabricio-celebra-a-virada-no-camarote-do-marrone-com-ze-felipe-na-festa-da-virada-da-greenvalle\\\/#primaryimage\"},\"thumbnailUrl\":\"https:\\\/\\\/lifesgo.an9.com.br\\\/wp-content\\\/uploads\\\/2024\\\/04\\\/4146-16-Copy-2.jpg\",\"datePublished\":\"2024-04-25T18:16:52+00:00\",\"author\":{\"@id\":\"https:\\\/\\\/lifesgo.an9.com.br\\\/#\\\/schema\\\/person\\\/b34bfc24fce1f5cb9dc117e2efe61a07\"},\"breadcrumb\":{\"@id\":\"https:\\\/\\\/lifesgo.an9.com.br\\\/index.php\\\/2024\\\/04\\\/25\\\/reveillon-em-balneario-camboriu-o-cantor-e-empresario-fabricio-celebra-a-virada-no-camarote-do-marrone-com-ze-felipe-na-festa-da-virada-da-greenvalle\\\/#breadcrumb\"},\"inLanguage\":\"pt-BR\",\"potentialAction\":[{\"@type\":\"ReadAction\",\"target\":[\"https:\\\/\\\/lifesgo.an9.com.br\\\/index.php\\\/2024\\\/04\\\/25\\\/reveillon-em-balneario-camboriu-o-cantor-e-empresario-fabricio-celebra-a-virada-no-camarote-do-marrone-com-ze-felipe-na-festa-da-virada-da-greenvalle\\\/\"]}]},{\"@type\":\"ImageObject\",\"inLanguage\":\"pt-BR\",\"@id\":\"https:\\\/\\\/lifesgo.an9.com.br\\\/index.php\\\/2024\\\/04\\\/25\\\/reveillon-em-balneario-camboriu-o-cantor-e-empresario-fabricio-celebra-a-virada-no-camarote-do-marrone-com-ze-felipe-na-festa-da-virada-da-greenvalle\\\/#primaryimage\",\"url\":\"https:\\\/\\\/lifesgo.an9.com.br\\\/wp-content\\\/uploads\\\/2024\\\/04\\\/4146-16-Copy-2.jpg\",\"contentUrl\":\"https:\\\/\\\/lifesgo.an9.com.br\\\/wp-content\\\/uploads\\\/2024\\\/04\\\/4146-16-Copy-2.jpg\",\"width\":640,\"height\":361},{\"@type\":\"BreadcrumbList\",\"@id\":\"https:\\\/\\\/lifesgo.an9.com.br\\\/index.php\\\/2024\\\/04\\\/25\\\/reveillon-em-balneario-camboriu-o-cantor-e-empresario-fabricio-celebra-a-virada-no-camarote-do-marrone-com-ze-felipe-na-festa-da-virada-da-greenvalle\\\/#breadcrumb\",\"itemListElement\":[{\"@type\":\"ListItem\",\"position\":1,\"name\":\"In\u00edcio\",\"item\":\"https:\\\/\\\/lifesgo.an9.com.br\\\/\"},{\"@type\":\"ListItem\",\"position\":2,\"name\":\"Reveillon em Balne\u00e1rio Cambori\u00fa: O cantor e Empres\u00e1rio Fabricio, Celebra a Virada no Camarote do Marrone com Z\u00e9 Felipe na Festa da Virada da Greenvalle\"}]},{\"@type\":\"WebSite\",\"@id\":\"https:\\\/\\\/lifesgo.an9.com.br\\\/#website\",\"url\":\"https:\\\/\\\/lifesgo.an9.com.br\\\/\",\"name\":\"LifesGo\",\"description\":\"\",\"potentialAction\":[{\"@type\":\"SearchAction\",\"target\":{\"@type\":\"EntryPoint\",\"urlTemplate\":\"https:\\\/\\\/lifesgo.an9.com.br\\\/?s={search_term_string}\"},\"query-input\":{\"@type\":\"PropertyValueSpecification\",\"valueRequired\":true,\"valueName\":\"search_term_string\"}}],\"inLanguage\":\"pt-BR\"},{\"@type\":\"Person\",\"@id\":\"https:\\\/\\\/lifesgo.an9.com.br\\\/#\\\/schema\\\/person\\\/b34bfc24fce1f5cb9dc117e2efe61a07\",\"name\":\"LifesGo\",\"image\":{\"@type\":\"ImageObject\",\"inLanguage\":\"pt-BR\",\"@id\":\"https:\\\/\\\/secure.gravatar.com\\\/avatar\\\/ed0fb6c2dc8ca8634274f12b6bcee558dbcb1b05612be222e7d40b115c40b4f2?s=96&d=mm&r=g\",\"url\":\"https:\\\/\\\/secure.gravatar.com\\\/avatar\\\/ed0fb6c2dc8ca8634274f12b6bcee558dbcb1b05612be222e7d40b115c40b4f2?s=96&d=mm&r=g\",\"contentUrl\":\"https:\\\/\\\/secure.gravatar.com\\\/avatar\\\/ed0fb6c2dc8ca8634274f12b6bcee558dbcb1b05612be222e7d40b115c40b4f2?s=96&d=mm&r=g\",\"caption\":\"LifesGo\"},\"sameAs\":[\"https:\\\/\\\/lifesgo.com.br\"],\"url\":\"https:\\\/\\\/lifesgo.an9.com.br\\\/index.php\\\/author\\\/lucamor\\\/\"}]}<\/script>\n<!-- \/ Yoast SEO plugin. -->","yoast_head_json":{"title":"Reveillon em Balne\u00e1rio Cambori\u00fa: O cantor e Empres\u00e1rio Fabricio, Celebra a Virada no Camarote do Marrone com Z\u00e9 Felipe na Festa da Virada da Greenvalle - LifesGo","robots":{"index":"index","follow":"follow","max-snippet":"max-snippet:-1","max-image-preview":"max-image-preview:large","max-video-preview":"max-video-preview:-1"},"canonical":"https:\/\/lifesgo.an9.com.br\/index.php\/2024\/04\/25\/reveillon-em-balneario-camboriu-o-cantor-e-empresario-fabricio-celebra-a-virada-no-camarote-do-marrone-com-ze-felipe-na-festa-da-virada-da-greenvalle\/","og_locale":"pt_BR","og_type":"article","og_title":"Reveillon em Balne\u00e1rio Cambori\u00fa: O cantor e Empres\u00e1rio Fabricio, Celebra a Virada no Camarote do Marrone com Z\u00e9 Felipe na Festa da Virada da Greenvalle - LifesGo","og_description":"O Reveillon \u00e9 um momento de celebra\u00e7\u00e3o, renova\u00e7\u00e3o e esperan\u00e7a,...","og_url":"https:\/\/lifesgo.an9.com.br\/index.php\/2024\/04\/25\/reveillon-em-balneario-camboriu-o-cantor-e-empresario-fabricio-celebra-a-virada-no-camarote-do-marrone-com-ze-felipe-na-festa-da-virada-da-greenvalle\/","og_site_name":"LifesGo","article_published_time":"2024-04-25T18:16:52+00:00","og_image":[{"width":640,"height":361,"url":"https:\/\/lifesgo.an9.com.br\/wp-content\/uploads\/2024\/04\/4146-16-Copy-2.jpg","type":"image\/jpeg"}],"author":"LifesGo","twitter_card":"summary_large_image","twitter_misc":{"Escrito por":"LifesGo","Est. tempo de leitura":"2 minutos"},"schema":{"@context":"https:\/\/schema.org","@graph":[{"@type":"Article","@id":"https:\/\/lifesgo.an9.com.br\/index.php\/2024\/04\/25\/reveillon-em-balneario-camboriu-o-cantor-e-empresario-fabricio-celebra-a-virada-no-camarote-do-marrone-com-ze-felipe-na-festa-da-virada-da-greenvalle\/#article","isPartOf":{"@id":"https:\/\/lifesgo.an9.com.br\/index.php\/2024\/04\/25\/reveillon-em-balneario-camboriu-o-cantor-e-empresario-fabricio-celebra-a-virada-no-camarote-do-marrone-com-ze-felipe-na-festa-da-virada-da-greenvalle\/"},"author":{"name":"LifesGo","@id":"https:\/\/lifesgo.an9.com.br\/#\/schema\/person\/b34bfc24fce1f5cb9dc117e2efe61a07"},"headline":"Reveillon em Balne\u00e1rio Cambori\u00fa: O cantor e Empres\u00e1rio Fabricio, Celebra a Virada no Camarote do Marrone com Z\u00e9 Felipe na Festa da Virada da Greenvalle","datePublished":"2024-04-25T18:16:52+00:00","mainEntityOfPage":{"@id":"https:\/\/lifesgo.an9.com.br\/index.php\/2024\/04\/25\/reveillon-em-balneario-camboriu-o-cantor-e-empresario-fabricio-celebra-a-virada-no-camarote-do-marrone-com-ze-felipe-na-festa-da-virada-da-greenvalle\/"},"wordCount":408,"image":{"@id":"https:\/\/lifesgo.an9.com.br\/index.php\/2024\/04\/25\/reveillon-em-balneario-camboriu-o-cantor-e-empresario-fabricio-celebra-a-virada-no-camarote-do-marrone-com-ze-felipe-na-festa-da-virada-da-greenvalle\/#primaryimage"},"thumbnailUrl":"https:\/\/lifesgo.an9.com.br\/wp-content\/uploads\/2024\/04\/4146-16-Copy-2.jpg","articleSection":["M\u00fasica"],"inLanguage":"pt-BR"},{"@type":"WebPage","@id":"https:\/\/lifesgo.an9.com.br\/index.php\/2024\/04\/25\/reveillon-em-balneario-camboriu-o-cantor-e-empresario-fabricio-celebra-a-virada-no-camarote-do-marrone-com-ze-felipe-na-festa-da-virada-da-greenvalle\/","url":"https:\/\/lifesgo.an9.com.br\/index.php\/2024\/04\/25\/reveillon-em-balneario-camboriu-o-cantor-e-empresario-fabricio-celebra-a-virada-no-camarote-do-marrone-com-ze-felipe-na-festa-da-virada-da-greenvalle\/","name":"Reveillon em Balne\u00e1rio Cambori\u00fa: O cantor e Empres\u00e1rio Fabricio, Celebra a Virada no Camarote do Marrone com Z\u00e9 Felipe na Festa da Virada da Greenvalle - LifesGo","isPartOf":{"@id":"https:\/\/lifesgo.an9.com.br\/#website"},"primaryImageOfPage":{"@id":"https:\/\/lifesgo.an9.com.br\/index.php\/2024\/04\/25\/reveillon-em-balneario-camboriu-o-cantor-e-empresario-fabricio-celebra-a-virada-no-camarote-do-marrone-com-ze-felipe-na-festa-da-virada-da-greenvalle\/#primaryimage"},"image":{"@id":"https:\/\/lifesgo.an9.com.br\/index.php\/2024\/04\/25\/reveillon-em-balneario-camboriu-o-cantor-e-empresario-fabricio-celebra-a-virada-no-camarote-do-marrone-com-ze-felipe-na-festa-da-virada-da-greenvalle\/#primaryimage"},"thumbnailUrl":"https:\/\/lifesgo.an9.com.br\/wp-content\/uploads\/2024\/04\/4146-16-Copy-2.jpg","datePublished":"2024-04-25T18:16:52+00:00","author":{"@id":"https:\/\/lifesgo.an9.com.br\/#\/schema\/person\/b34bfc24fce1f5cb9dc117e2efe61a07"},"breadcrumb":{"@id":"https:\/\/lifesgo.an9.com.br\/index.php\/2024\/04\/25\/reveillon-em-balneario-camboriu-o-cantor-e-empresario-fabricio-celebra-a-virada-no-camarote-do-marrone-com-ze-felipe-na-festa-da-virada-da-greenvalle\/#breadcrumb"},"inLanguage":"pt-BR","potentialAction":[{"@type":"ReadAction","target":["https:\/\/lifesgo.an9.com.br\/index.php\/2024\/04\/25\/reveillon-em-balneario-camboriu-o-cantor-e-empresario-fabricio-celebra-a-virada-no-camarote-do-marrone-com-ze-felipe-na-festa-da-virada-da-greenvalle\/"]}]},{"@type":"ImageObject","inLanguage":"pt-BR","@id":"https:\/\/lifesgo.an9.com.br\/index.php\/2024\/04\/25\/reveillon-em-balneario-camboriu-o-cantor-e-empresario-fabricio-celebra-a-virada-no-camarote-do-marrone-com-ze-felipe-na-festa-da-virada-da-greenvalle\/#primaryimage","url":"https:\/\/lifesgo.an9.com.br\/wp-content\/uploads\/2024\/04\/4146-16-Copy-2.jpg","contentUrl":"https:\/\/lifesgo.an9.com.br\/wp-content\/uploads\/2024\/04\/4146-16-Copy-2.jpg","width":640,"height":361},{"@type":"BreadcrumbList","@id":"https:\/\/lifesgo.an9.com.br\/index.php\/2024\/04\/25\/reveillon-em-balneario-camboriu-o-cantor-e-empresario-fabricio-celebra-a-virada-no-camarote-do-marrone-com-ze-felipe-na-festa-da-virada-da-greenvalle\/#breadcrumb","itemListElement":[{"@type":"ListItem","position":1,"name":"In\u00edcio","item":"https:\/\/lifesgo.an9.com.br\/"},{"@type":"ListItem","position":2,"name":"Reveillon em Balne\u00e1rio Cambori\u00fa: O cantor e Empres\u00e1rio Fabricio, Celebra a Virada no Camarote do Marrone com Z\u00e9 Felipe na Festa da Virada da Greenvalle"}]},{"@type":"WebSite","@id":"https:\/\/lifesgo.an9.com.br\/#website","url":"https:\/\/lifesgo.an9.com.br\/","name":"LifesGo","description":"","potentialAction":[{"@type":"SearchAction","target":{"@type":"EntryPoint","urlTemplate":"https:\/\/lifesgo.an9.com.br\/?s={search_term_string}"},"query-input":{"@type":"PropertyValueSpecification","valueRequired":true,"valueName":"search_term_string"}}],"inLanguage":"pt-BR"},{"@type":"Person","@id":"https:\/\/lifesgo.an9.com.br\/#\/schema\/person\/b34bfc24fce1f5cb9dc117e2efe61a07","name":"LifesGo","image":{"@type":"ImageObject","inLanguage":"pt-BR","@id":"https:\/\/secure.gravatar.com\/avatar\/ed0fb6c2dc8ca8634274f12b6bcee558dbcb1b05612be222e7d40b115c40b4f2?s=96&d=mm&r=g","url":"https:\/\/secure.gravatar.com\/avatar\/ed0fb6c2dc8ca8634274f12b6bcee558dbcb1b05612be222e7d40b115c40b4f2?s=96&d=mm&r=g","contentUrl":"https:\/\/secure.gravatar.com\/avatar\/ed0fb6c2dc8ca8634274f12b6bcee558dbcb1b05612be222e7d40b115c40b4f2?s=96&d=mm&r=g","caption":"LifesGo"},"sameAs":["https:\/\/lifesgo.com.br"],"url":"https:\/\/lifesgo.an9.com.br\/index.php\/author\/lucamor\/"}]}},"_links":{"self":[{"href":"https:\/\/lifesgo.an9.com.br\/index.php\/wp-json\/wp\/v2\/posts\/44630","targetHints":{"allow":["GET"]}}],"collection":[{"href":"https:\/\/lifesgo.an9.com.br\/index.php\/wp-json\/wp\/v2\/posts"}],"about":[{"href":"https:\/\/lifesgo.an9.com.br\/index.php\/wp-json\/wp\/v2\/types\/post"}],"author":[{"embeddable":true,"href":"https:\/\/lifesgo.an9.com.br\/index.php\/wp-json\/wp\/v2\/users\/1"}],"replies":[{"embeddable":true,"href":"https:\/\/lifesgo.an9.com.br\/index.php\/wp-json\/wp\/v2\/comments?post=44630"}],"version-history":[{"count":1,"href":"https:\/\/lifesgo.an9.com.br\/index.php\/wp-json\/wp\/v2\/posts\/44630\/revisions"}],"predecessor-version":[{"id":44631,"href":"https:\/\/lifesgo.an9.com.br\/index.php\/wp-json\/wp\/v2\/posts\/44630\/revisions\/44631"}],"wp:featuredmedia":[{"embeddable":true,"href":"https:\/\/lifesgo.an9.com.br\/index.php\/wp-json\/wp\/v2\/media\/44629"}],"wp:attachment":[{"href":"https:\/\/lifesgo.an9.com.br\/index.php\/wp-json\/wp\/v2\/media?parent=44630"}],"wp:term":[{"taxonomy":"category","embeddable":true,"href":"https:\/\/lifesgo.an9.com.br\/index.php\/wp-json\/wp\/v2\/categories?post=44630"},{"taxonomy":"post_tag","embeddable":true,"href":"https:\/\/lifesgo.an9.com.br\/index.php\/wp-json\/wp\/v2\/tags?post=44630"}],"curies":[{"name":"wp","href":"https:\/\/api.w.org\/{rel}","templated":true}]}}