{"id":44475,"date":"2024-04-22T14:14:41","date_gmt":"2024-04-22T17:14:41","guid":{"rendered":"https:\/\/lifesgo.an9.com.br\/?p=44475"},"modified":"2024-04-22T14:14:41","modified_gmt":"2024-04-22T17:14:41","slug":"a-nova-onda-do-branding-pessoal-a-chave-para-autoridade-e-aumento-de-vendas","status":"publish","type":"post","link":"https:\/\/lifesgo.an9.com.br\/index.php\/2024\/04\/22\/a-nova-onda-do-branding-pessoal-a-chave-para-autoridade-e-aumento-de-vendas\/","title":{"rendered":"A nova onda do Branding Pessoal: a chave para autoridade e aumento de vendas"},"content":{"rendered":"<p>Na era digital, a cria\u00e7\u00e3o de uma marca pessoal forte n\u00e3o \u00e9 apenas uma vantagem competitiva, mas uma necessidade para profissionais e empres\u00e1rios que desejam destacar-se no mercado. O branding pessoal envolve a defini\u00e7\u00e3o estrat\u00e9gica de quem voc\u00ea \u00e9, o que representa e como isso se alinha \u00e0s necessidades do seu p\u00fablico-alvo. Esta pr\u00e1tica n\u00e3o s\u00f3 melhora a percep\u00e7\u00e3o p\u00fablica, mas tamb\u00e9m aumenta as oportunidades de carreira, vendas e autoridade nas redes sociais.<\/p>\n<p>Anna Evans, especialista em branding da Eve Comunica, enfatiza a import\u00e2ncia de uma marca pessoal bem constru\u00edda: &#8220;A marca pessoal \u00e9 o reflexo direto de suas cren\u00e7as, valores e capacidades. Ao posicionar-se claramente, voc\u00ea n\u00e3o apenas atrai as oportunidades certas, mas tamb\u00e9m estabelece uma conex\u00e3o aut\u00eantica com seu p\u00fablico, o que \u00e9 fundamental para a constru\u00e7\u00e3o de confian\u00e7a e credibilidade.&#8221;<\/p>\n<p><strong>Impacto do Branding Pessoal nas Vendas e Redes Sociais<\/strong><\/p>\n<p>Segundo estudos recentes, da HubSpot, cerca de 77% dos compradores tendem a confiar mais e fazer neg\u00f3cios com empresas cujos l\u00edderes t\u00eam uma presen\u00e7a ativa e positiva nas redes sociais. A representa\u00e7\u00e3o aut\u00eantica de uma marca pessoal nas redes sociais n\u00e3o apenas humaniza o profissional, mas tamb\u00e9m fortalece rela\u00e7\u00f5es comerciais e aumenta as vendas de maneira significativa.<\/p>\n<p>O branding pessoal eficaz ajuda a diferenciar-se em mercados saturados, criando uma identidade \u00fanica que ressoa com o p\u00fablico. Isso se traduz em uma maior visibilidade e reconhecimento, essenciais para a capta\u00e7\u00e3o de novos clientes e para manter a fidelidade dos j\u00e1 existentes. Al\u00e9m disso, uma marca pessoal forte pode facilitar a transi\u00e7\u00e3o para o empreendedorismo, ajudando a estabelecer uma base s\u00f3lida para novos neg\u00f3cios.<\/p>\n<p>Estrat\u00e9gias para Construir uma Marca Pessoal Impactante de acordo com Anna Evans:<\/p>\n<ol>\n<li><strong>Defini\u00e7\u00e3o de Prop\u00f3sito e Valores:<\/strong> O primeiro passo para construir uma marca pessoal \u00e9 definir claramente seus valores, prop\u00f3sitos e o que voc\u00ea deseja que as pessoas associem a voc\u00ea. Isso deve refletir suas paix\u00f5es, especialidades e o impacto que deseja causar.<\/li>\n<li><strong>Consist\u00eancia Visual e Comunicacional:<\/strong> Manter uma consist\u00eancia em todos os pontos de contato com o p\u00fablico, desde a foto do perfil at\u00e9 as publica\u00e7\u00f5es nas redes sociais, \u00e9 crucial para refor\u00e7ar sua identidade de marca. Isso inclui a escolha cuidadosa de suas palavras, imagens e temas que voc\u00ea aborda<\/li>\n<li><strong>Engajamento e Autoridade:<\/strong> Estabelecer-se como uma autoridade no seu campo atrav\u00e9s de conte\u00fado relevante e educativo pode aumentar significativamente seu reconhecimento e respeitabilidade. Compartilhar insights, interagir com seguidores e participar de discuss\u00f5es s\u00e3o pr\u00e1ticas que fortalecem a percep\u00e7\u00e3o de expertise<\/li>\n<li><strong>Redes de Contato:<\/strong> Expandir sua rede de contatos e interagir com outros profissionais n\u00e3o s\u00f3 amplia sua visibilidade, mas tamb\u00e9m abre portas para novas oportunidades de neg\u00f3cios e colabora\u00e7\u00f5es.<\/li>\n<\/ol>\n<p>&#8220;Ao seguir estas estrat\u00e9gias, profissionais de todas as \u00e1reas podem aproveitar o poder do branding pessoal para impulsionar suas carreiras, aumentar suas vendas e estabelecer uma presen\u00e7a dominante nas redes sociais&#8221;, finaliza Anna Evans.<\/p>\n<p><strong>Sobre Anna Evans<\/strong><\/p>\n<p>Anna Evans \u00e9 uma especialista em branding e estrat\u00e9gia digital renomada, com um hist\u00f3rico impressionante no gerenciamento de crises e na inova\u00e7\u00e3o, incluindo reality shows. Sua habilidade em moldar a percep\u00e7\u00e3o p\u00fablica e construir marcas pessoais duradouras foi comprovada em v\u00e1rios momentos marcantes da televis\u00e3o.<\/p>\n<p>Al\u00e9m da gest\u00e3o de crises, Anna se destaca na constru\u00e7\u00e3o de narrativas que ressoam com o p\u00fablico em diversas plataformas. Seu sucesso em orientar e trabalhar com marcas, incluindo com gastronomia\u00a0 \u00e9 um testemunho de sua vis\u00e3o estrat\u00e9gica e da confian\u00e7a depositada.<\/p>\n<p>Um dos cases de sucesso foi a estrat\u00e9gia criada para a marca\u00a0 &#8220;Cenoradas&#8221;, a primeira marca de bolo de cenoura do mundo, onde criou todo o planejamento estrat\u00e9gico para levar os produtos para todo o Brasil.<\/p>\n<p>Como especialista em branding, Anna Evans traz uma riqueza de experi\u00eancia e um profundo entendimento das nuances da televis\u00e3o realidade e influ\u00eancia digital. Suas percep\u00e7\u00f5es e previs\u00e3o estrat\u00e9gica a tornam um recurso valioso para qualquer discuss\u00e3o, painel ou evento focado em m\u00eddia, entretenimento e o poder da imagem na era digital.<\/p>\n","protected":false},"excerpt":{"rendered":"<p>Na era digital, a cria\u00e7\u00e3o de uma marca pessoal forte&#8230;<\/p>\n","protected":false},"author":1,"featured_media":44474,"comment_status":"closed","ping_status":"open","sticky":false,"template":"","format":"standard","meta":{"_acf_changed":false,"footnotes":""},"categories":[32],"tags":[],"class_list":["post-44475","post","type-post","status-publish","format-standard","has-post-thumbnail","hentry","category-negocios"],"acf":[],"yoast_head":"<!-- This site is optimized with the Yoast SEO plugin v28.3 - https:\/\/yoast.com\/product\/yoast-seo-wordpress\/ -->\n<title>A nova onda do Branding Pessoal: a chave para autoridade e aumento de vendas - LifesGo<\/title>\n<meta name=\"robots\" content=\"index, follow, max-snippet:-1, max-image-preview:large, max-video-preview:-1\" \/>\n<link rel=\"canonical\" href=\"https:\/\/lifesgo.an9.com.br\/index.php\/2024\/04\/22\/a-nova-onda-do-branding-pessoal-a-chave-para-autoridade-e-aumento-de-vendas\/\" \/>\n<meta property=\"og:locale\" content=\"pt_BR\" \/>\n<meta property=\"og:type\" content=\"article\" \/>\n<meta property=\"og:title\" content=\"A nova onda do Branding Pessoal: a chave para autoridade e aumento de vendas - LifesGo\" \/>\n<meta property=\"og:description\" content=\"Na era digital, a cria\u00e7\u00e3o de uma marca pessoal forte...\" \/>\n<meta property=\"og:url\" content=\"https:\/\/lifesgo.an9.com.br\/index.php\/2024\/04\/22\/a-nova-onda-do-branding-pessoal-a-chave-para-autoridade-e-aumento-de-vendas\/\" \/>\n<meta property=\"og:site_name\" content=\"LifesGo\" \/>\n<meta property=\"article:published_time\" content=\"2024-04-22T17:14:41+00:00\" \/>\n<meta property=\"og:image\" content=\"https:\/\/lifesgo.an9.com.br\/wp-content\/uploads\/2024\/04\/4146-14-Copy-4.jpg\" \/>\n\t<meta property=\"og:image:width\" content=\"640\" \/>\n\t<meta property=\"og:image:height\" content=\"361\" \/>\n\t<meta property=\"og:image:type\" content=\"image\/jpeg\" \/>\n<meta name=\"author\" content=\"LifesGo\" \/>\n<meta name=\"twitter:card\" content=\"summary_large_image\" \/>\n<meta name=\"twitter:label1\" content=\"Escrito por\" \/>\n\t<meta name=\"twitter:data1\" content=\"LifesGo\" \/>\n\t<meta name=\"twitter:label2\" content=\"Est. tempo de leitura\" \/>\n\t<meta name=\"twitter:data2\" content=\"4 minutos\" \/>\n<script type=\"application\/ld+json\" class=\"yoast-schema-graph\">{\"@context\":\"https:\\\/\\\/schema.org\",\"@graph\":[{\"@type\":\"Article\",\"@id\":\"https:\\\/\\\/lifesgo.an9.com.br\\\/index.php\\\/2024\\\/04\\\/22\\\/a-nova-onda-do-branding-pessoal-a-chave-para-autoridade-e-aumento-de-vendas\\\/#article\",\"isPartOf\":{\"@id\":\"https:\\\/\\\/lifesgo.an9.com.br\\\/index.php\\\/2024\\\/04\\\/22\\\/a-nova-onda-do-branding-pessoal-a-chave-para-autoridade-e-aumento-de-vendas\\\/\"},\"author\":{\"name\":\"LifesGo\",\"@id\":\"https:\\\/\\\/lifesgo.an9.com.br\\\/#\\\/schema\\\/person\\\/b34bfc24fce1f5cb9dc117e2efe61a07\"},\"headline\":\"A nova onda do Branding Pessoal: a chave para autoridade e aumento de vendas\",\"datePublished\":\"2024-04-22T17:14:41+00:00\",\"mainEntityOfPage\":{\"@id\":\"https:\\\/\\\/lifesgo.an9.com.br\\\/index.php\\\/2024\\\/04\\\/22\\\/a-nova-onda-do-branding-pessoal-a-chave-para-autoridade-e-aumento-de-vendas\\\/\"},\"wordCount\":734,\"image\":{\"@id\":\"https:\\\/\\\/lifesgo.an9.com.br\\\/index.php\\\/2024\\\/04\\\/22\\\/a-nova-onda-do-branding-pessoal-a-chave-para-autoridade-e-aumento-de-vendas\\\/#primaryimage\"},\"thumbnailUrl\":\"https:\\\/\\\/lifesgo.an9.com.br\\\/wp-content\\\/uploads\\\/2024\\\/04\\\/4146-14-Copy-4.jpg\",\"articleSection\":[\"Neg\u00f3cios\"],\"inLanguage\":\"pt-BR\"},{\"@type\":\"WebPage\",\"@id\":\"https:\\\/\\\/lifesgo.an9.com.br\\\/index.php\\\/2024\\\/04\\\/22\\\/a-nova-onda-do-branding-pessoal-a-chave-para-autoridade-e-aumento-de-vendas\\\/\",\"url\":\"https:\\\/\\\/lifesgo.an9.com.br\\\/index.php\\\/2024\\\/04\\\/22\\\/a-nova-onda-do-branding-pessoal-a-chave-para-autoridade-e-aumento-de-vendas\\\/\",\"name\":\"A nova onda do Branding Pessoal: a chave para autoridade e aumento de vendas - LifesGo\",\"isPartOf\":{\"@id\":\"https:\\\/\\\/lifesgo.an9.com.br\\\/#website\"},\"primaryImageOfPage\":{\"@id\":\"https:\\\/\\\/lifesgo.an9.com.br\\\/index.php\\\/2024\\\/04\\\/22\\\/a-nova-onda-do-branding-pessoal-a-chave-para-autoridade-e-aumento-de-vendas\\\/#primaryimage\"},\"image\":{\"@id\":\"https:\\\/\\\/lifesgo.an9.com.br\\\/index.php\\\/2024\\\/04\\\/22\\\/a-nova-onda-do-branding-pessoal-a-chave-para-autoridade-e-aumento-de-vendas\\\/#primaryimage\"},\"thumbnailUrl\":\"https:\\\/\\\/lifesgo.an9.com.br\\\/wp-content\\\/uploads\\\/2024\\\/04\\\/4146-14-Copy-4.jpg\",\"datePublished\":\"2024-04-22T17:14:41+00:00\",\"author\":{\"@id\":\"https:\\\/\\\/lifesgo.an9.com.br\\\/#\\\/schema\\\/person\\\/b34bfc24fce1f5cb9dc117e2efe61a07\"},\"breadcrumb\":{\"@id\":\"https:\\\/\\\/lifesgo.an9.com.br\\\/index.php\\\/2024\\\/04\\\/22\\\/a-nova-onda-do-branding-pessoal-a-chave-para-autoridade-e-aumento-de-vendas\\\/#breadcrumb\"},\"inLanguage\":\"pt-BR\",\"potentialAction\":[{\"@type\":\"ReadAction\",\"target\":[\"https:\\\/\\\/lifesgo.an9.com.br\\\/index.php\\\/2024\\\/04\\\/22\\\/a-nova-onda-do-branding-pessoal-a-chave-para-autoridade-e-aumento-de-vendas\\\/\"]}]},{\"@type\":\"ImageObject\",\"inLanguage\":\"pt-BR\",\"@id\":\"https:\\\/\\\/lifesgo.an9.com.br\\\/index.php\\\/2024\\\/04\\\/22\\\/a-nova-onda-do-branding-pessoal-a-chave-para-autoridade-e-aumento-de-vendas\\\/#primaryimage\",\"url\":\"https:\\\/\\\/lifesgo.an9.com.br\\\/wp-content\\\/uploads\\\/2024\\\/04\\\/4146-14-Copy-4.jpg\",\"contentUrl\":\"https:\\\/\\\/lifesgo.an9.com.br\\\/wp-content\\\/uploads\\\/2024\\\/04\\\/4146-14-Copy-4.jpg\",\"width\":640,\"height\":361},{\"@type\":\"BreadcrumbList\",\"@id\":\"https:\\\/\\\/lifesgo.an9.com.br\\\/index.php\\\/2024\\\/04\\\/22\\\/a-nova-onda-do-branding-pessoal-a-chave-para-autoridade-e-aumento-de-vendas\\\/#breadcrumb\",\"itemListElement\":[{\"@type\":\"ListItem\",\"position\":1,\"name\":\"In\u00edcio\",\"item\":\"https:\\\/\\\/lifesgo.an9.com.br\\\/\"},{\"@type\":\"ListItem\",\"position\":2,\"name\":\"A nova onda do Branding Pessoal: a chave para autoridade e aumento de vendas\"}]},{\"@type\":\"WebSite\",\"@id\":\"https:\\\/\\\/lifesgo.an9.com.br\\\/#website\",\"url\":\"https:\\\/\\\/lifesgo.an9.com.br\\\/\",\"name\":\"LifesGo\",\"description\":\"\",\"potentialAction\":[{\"@type\":\"SearchAction\",\"target\":{\"@type\":\"EntryPoint\",\"urlTemplate\":\"https:\\\/\\\/lifesgo.an9.com.br\\\/?s={search_term_string}\"},\"query-input\":{\"@type\":\"PropertyValueSpecification\",\"valueRequired\":true,\"valueName\":\"search_term_string\"}}],\"inLanguage\":\"pt-BR\"},{\"@type\":\"Person\",\"@id\":\"https:\\\/\\\/lifesgo.an9.com.br\\\/#\\\/schema\\\/person\\\/b34bfc24fce1f5cb9dc117e2efe61a07\",\"name\":\"LifesGo\",\"image\":{\"@type\":\"ImageObject\",\"inLanguage\":\"pt-BR\",\"@id\":\"https:\\\/\\\/secure.gravatar.com\\\/avatar\\\/ed0fb6c2dc8ca8634274f12b6bcee558dbcb1b05612be222e7d40b115c40b4f2?s=96&d=mm&r=g\",\"url\":\"https:\\\/\\\/secure.gravatar.com\\\/avatar\\\/ed0fb6c2dc8ca8634274f12b6bcee558dbcb1b05612be222e7d40b115c40b4f2?s=96&d=mm&r=g\",\"contentUrl\":\"https:\\\/\\\/secure.gravatar.com\\\/avatar\\\/ed0fb6c2dc8ca8634274f12b6bcee558dbcb1b05612be222e7d40b115c40b4f2?s=96&d=mm&r=g\",\"caption\":\"LifesGo\"},\"sameAs\":[\"https:\\\/\\\/lifesgo.com.br\"],\"url\":\"https:\\\/\\\/lifesgo.an9.com.br\\\/index.php\\\/author\\\/lucamor\\\/\"}]}<\/script>\n<!-- \/ Yoast SEO plugin. -->","yoast_head_json":{"title":"A nova onda do Branding Pessoal: a chave para autoridade e aumento de vendas - LifesGo","robots":{"index":"index","follow":"follow","max-snippet":"max-snippet:-1","max-image-preview":"max-image-preview:large","max-video-preview":"max-video-preview:-1"},"canonical":"https:\/\/lifesgo.an9.com.br\/index.php\/2024\/04\/22\/a-nova-onda-do-branding-pessoal-a-chave-para-autoridade-e-aumento-de-vendas\/","og_locale":"pt_BR","og_type":"article","og_title":"A nova onda do Branding Pessoal: a chave para autoridade e aumento de vendas - LifesGo","og_description":"Na era digital, a cria\u00e7\u00e3o de uma marca pessoal forte...","og_url":"https:\/\/lifesgo.an9.com.br\/index.php\/2024\/04\/22\/a-nova-onda-do-branding-pessoal-a-chave-para-autoridade-e-aumento-de-vendas\/","og_site_name":"LifesGo","article_published_time":"2024-04-22T17:14:41+00:00","og_image":[{"width":640,"height":361,"url":"https:\/\/lifesgo.an9.com.br\/wp-content\/uploads\/2024\/04\/4146-14-Copy-4.jpg","type":"image\/jpeg"}],"author":"LifesGo","twitter_card":"summary_large_image","twitter_misc":{"Escrito por":"LifesGo","Est. tempo de leitura":"4 minutos"},"schema":{"@context":"https:\/\/schema.org","@graph":[{"@type":"Article","@id":"https:\/\/lifesgo.an9.com.br\/index.php\/2024\/04\/22\/a-nova-onda-do-branding-pessoal-a-chave-para-autoridade-e-aumento-de-vendas\/#article","isPartOf":{"@id":"https:\/\/lifesgo.an9.com.br\/index.php\/2024\/04\/22\/a-nova-onda-do-branding-pessoal-a-chave-para-autoridade-e-aumento-de-vendas\/"},"author":{"name":"LifesGo","@id":"https:\/\/lifesgo.an9.com.br\/#\/schema\/person\/b34bfc24fce1f5cb9dc117e2efe61a07"},"headline":"A nova onda do Branding Pessoal: a chave para autoridade e aumento de vendas","datePublished":"2024-04-22T17:14:41+00:00","mainEntityOfPage":{"@id":"https:\/\/lifesgo.an9.com.br\/index.php\/2024\/04\/22\/a-nova-onda-do-branding-pessoal-a-chave-para-autoridade-e-aumento-de-vendas\/"},"wordCount":734,"image":{"@id":"https:\/\/lifesgo.an9.com.br\/index.php\/2024\/04\/22\/a-nova-onda-do-branding-pessoal-a-chave-para-autoridade-e-aumento-de-vendas\/#primaryimage"},"thumbnailUrl":"https:\/\/lifesgo.an9.com.br\/wp-content\/uploads\/2024\/04\/4146-14-Copy-4.jpg","articleSection":["Neg\u00f3cios"],"inLanguage":"pt-BR"},{"@type":"WebPage","@id":"https:\/\/lifesgo.an9.com.br\/index.php\/2024\/04\/22\/a-nova-onda-do-branding-pessoal-a-chave-para-autoridade-e-aumento-de-vendas\/","url":"https:\/\/lifesgo.an9.com.br\/index.php\/2024\/04\/22\/a-nova-onda-do-branding-pessoal-a-chave-para-autoridade-e-aumento-de-vendas\/","name":"A nova onda do Branding Pessoal: a chave para autoridade e aumento de vendas - LifesGo","isPartOf":{"@id":"https:\/\/lifesgo.an9.com.br\/#website"},"primaryImageOfPage":{"@id":"https:\/\/lifesgo.an9.com.br\/index.php\/2024\/04\/22\/a-nova-onda-do-branding-pessoal-a-chave-para-autoridade-e-aumento-de-vendas\/#primaryimage"},"image":{"@id":"https:\/\/lifesgo.an9.com.br\/index.php\/2024\/04\/22\/a-nova-onda-do-branding-pessoal-a-chave-para-autoridade-e-aumento-de-vendas\/#primaryimage"},"thumbnailUrl":"https:\/\/lifesgo.an9.com.br\/wp-content\/uploads\/2024\/04\/4146-14-Copy-4.jpg","datePublished":"2024-04-22T17:14:41+00:00","author":{"@id":"https:\/\/lifesgo.an9.com.br\/#\/schema\/person\/b34bfc24fce1f5cb9dc117e2efe61a07"},"breadcrumb":{"@id":"https:\/\/lifesgo.an9.com.br\/index.php\/2024\/04\/22\/a-nova-onda-do-branding-pessoal-a-chave-para-autoridade-e-aumento-de-vendas\/#breadcrumb"},"inLanguage":"pt-BR","potentialAction":[{"@type":"ReadAction","target":["https:\/\/lifesgo.an9.com.br\/index.php\/2024\/04\/22\/a-nova-onda-do-branding-pessoal-a-chave-para-autoridade-e-aumento-de-vendas\/"]}]},{"@type":"ImageObject","inLanguage":"pt-BR","@id":"https:\/\/lifesgo.an9.com.br\/index.php\/2024\/04\/22\/a-nova-onda-do-branding-pessoal-a-chave-para-autoridade-e-aumento-de-vendas\/#primaryimage","url":"https:\/\/lifesgo.an9.com.br\/wp-content\/uploads\/2024\/04\/4146-14-Copy-4.jpg","contentUrl":"https:\/\/lifesgo.an9.com.br\/wp-content\/uploads\/2024\/04\/4146-14-Copy-4.jpg","width":640,"height":361},{"@type":"BreadcrumbList","@id":"https:\/\/lifesgo.an9.com.br\/index.php\/2024\/04\/22\/a-nova-onda-do-branding-pessoal-a-chave-para-autoridade-e-aumento-de-vendas\/#breadcrumb","itemListElement":[{"@type":"ListItem","position":1,"name":"In\u00edcio","item":"https:\/\/lifesgo.an9.com.br\/"},{"@type":"ListItem","position":2,"name":"A nova onda do Branding Pessoal: a chave para autoridade e aumento de vendas"}]},{"@type":"WebSite","@id":"https:\/\/lifesgo.an9.com.br\/#website","url":"https:\/\/lifesgo.an9.com.br\/","name":"LifesGo","description":"","potentialAction":[{"@type":"SearchAction","target":{"@type":"EntryPoint","urlTemplate":"https:\/\/lifesgo.an9.com.br\/?s={search_term_string}"},"query-input":{"@type":"PropertyValueSpecification","valueRequired":true,"valueName":"search_term_string"}}],"inLanguage":"pt-BR"},{"@type":"Person","@id":"https:\/\/lifesgo.an9.com.br\/#\/schema\/person\/b34bfc24fce1f5cb9dc117e2efe61a07","name":"LifesGo","image":{"@type":"ImageObject","inLanguage":"pt-BR","@id":"https:\/\/secure.gravatar.com\/avatar\/ed0fb6c2dc8ca8634274f12b6bcee558dbcb1b05612be222e7d40b115c40b4f2?s=96&d=mm&r=g","url":"https:\/\/secure.gravatar.com\/avatar\/ed0fb6c2dc8ca8634274f12b6bcee558dbcb1b05612be222e7d40b115c40b4f2?s=96&d=mm&r=g","contentUrl":"https:\/\/secure.gravatar.com\/avatar\/ed0fb6c2dc8ca8634274f12b6bcee558dbcb1b05612be222e7d40b115c40b4f2?s=96&d=mm&r=g","caption":"LifesGo"},"sameAs":["https:\/\/lifesgo.com.br"],"url":"https:\/\/lifesgo.an9.com.br\/index.php\/author\/lucamor\/"}]}},"_links":{"self":[{"href":"https:\/\/lifesgo.an9.com.br\/index.php\/wp-json\/wp\/v2\/posts\/44475","targetHints":{"allow":["GET"]}}],"collection":[{"href":"https:\/\/lifesgo.an9.com.br\/index.php\/wp-json\/wp\/v2\/posts"}],"about":[{"href":"https:\/\/lifesgo.an9.com.br\/index.php\/wp-json\/wp\/v2\/types\/post"}],"author":[{"embeddable":true,"href":"https:\/\/lifesgo.an9.com.br\/index.php\/wp-json\/wp\/v2\/users\/1"}],"replies":[{"embeddable":true,"href":"https:\/\/lifesgo.an9.com.br\/index.php\/wp-json\/wp\/v2\/comments?post=44475"}],"version-history":[{"count":1,"href":"https:\/\/lifesgo.an9.com.br\/index.php\/wp-json\/wp\/v2\/posts\/44475\/revisions"}],"predecessor-version":[{"id":44476,"href":"https:\/\/lifesgo.an9.com.br\/index.php\/wp-json\/wp\/v2\/posts\/44475\/revisions\/44476"}],"wp:featuredmedia":[{"embeddable":true,"href":"https:\/\/lifesgo.an9.com.br\/index.php\/wp-json\/wp\/v2\/media\/44474"}],"wp:attachment":[{"href":"https:\/\/lifesgo.an9.com.br\/index.php\/wp-json\/wp\/v2\/media?parent=44475"}],"wp:term":[{"taxonomy":"category","embeddable":true,"href":"https:\/\/lifesgo.an9.com.br\/index.php\/wp-json\/wp\/v2\/categories?post=44475"},{"taxonomy":"post_tag","embeddable":true,"href":"https:\/\/lifesgo.an9.com.br\/index.php\/wp-json\/wp\/v2\/tags?post=44475"}],"curies":[{"name":"wp","href":"https:\/\/api.w.org\/{rel}","templated":true}]}}