{"id":42057,"date":"2024-02-15T10:45:37","date_gmt":"2024-02-15T13:45:37","guid":{"rendered":"https:\/\/lifesgo.an9.com.br\/?p=42057"},"modified":"2024-02-15T10:45:37","modified_gmt":"2024-02-15T13:45:37","slug":"quem-e-o-jovem-thiago-silva-a-historia-de-superacao-que-e-destaque-internacional","status":"publish","type":"post","link":"https:\/\/lifesgo.an9.com.br\/index.php\/2024\/02\/15\/quem-e-o-jovem-thiago-silva-a-historia-de-superacao-que-e-destaque-internacional\/","title":{"rendered":"Quem \u00e9 o jovem Thiago Silva: A hist\u00f3ria de supera\u00e7\u00e3o que \u00e9 destaque internacional"},"content":{"rendered":"<p>De Santa Catarina para o mundo, a hist\u00f3ria de Thiago Silva dos Santos \u00e9 um testemunho poderoso de resili\u00eancia e esperan\u00e7a. Nascido em uma fam\u00edlia humilde no interior do Paran\u00e1, Thiago enfrentou desafios desde sua idade, mas nunca perdeu de vista seus sonhos e sua vontade de fazer a diferen\u00e7a na vida das pessoas.<\/p>\n<p><a href=\"https:\/\/www.instagram.com\/thiagosilvatr\">https:\/\/www.instagram.com\/thiagosilvatr<\/a><\/p>\n<p>Thiago deu in\u00edcio as suas atividades de protagonismo jovem em Joa\u00e7aba, Santa Catarina, onde abriu portas rumo ao sucesso brasileiro. Seu compromisso com a causa come\u00e7ou cedo, impulsionado por sua pr\u00f3pria experi\u00eancia de vida. Criado em uma fam\u00edlia carente, Thiago sabia desde cedo o que era enfrentar adversidades. Desde pegar latinhas nas ruas ao amanhecer para ajudar a fam\u00edlia at\u00e9 superar as dificuldades do trabalho infantil, Thiago enfrentou desafios que moldaram sua determina\u00e7\u00e3o e sua vontade de fazer a diferen\u00e7a.<\/p>\n<p><img loading=\"lazy\" decoding=\"async\" class=\"aligncenter size-full wp-image-146530\" src=\"https:\/\/lucamoreira.com.br\/wp-content\/uploads\/2024\/02\/WhatsApp-Image-2024-02-15-at-01.06.48-Copy.jpg\" alt=\"\" width=\"604\" height=\"600\" \/><\/p>\n<p>Apesar das dificuldades, Thiago sempre teve um esp\u00edrito resiliente e uma sede insaci\u00e1vel por conhecimento. Aos 15 anos se mudou para casa dos tios em Santa Catarina, em busca de melhores oportunidades e n\u00e3o olhou para tr\u00e1s desde ent\u00e3o. Com o dom da fala e uma capacidade de aproveitar as oportunidades, Thiago se destacou em suas atividades acad\u00eamicas e art\u00edsticas, conquistando reconhecimento em sua comunidade.<\/p>\n<p>Sua hist\u00f3ria e determina\u00e7\u00e3o o levou a ingresssar na universidade, onde fez interc\u00e2mbio em Portugal e em regresso ao Brasil se formou ainda aos 22 anos. Um feito que enche de orgulho n\u00e3o apenas a ele, mas a todos aqueles que o apoiaram ao longo do caminho. Em sua jornada, Thiago n\u00e3o apenas superou suas expectativas, mas tamb\u00e9m adquiriu experi\u00eancias em mais de 26 pa\u00edses pelo mundo, sendo um exemplo de supera\u00e7\u00e3o e determina\u00e7\u00e3o para muitos jovens que enfrentam adversidades semelhantes.<\/p>\n<p><img loading=\"lazy\" decoding=\"async\" class=\"aligncenter size-full wp-image-146531\" src=\"https:\/\/lucamoreira.com.br\/wp-content\/uploads\/2024\/02\/WhatsApp-Image-2024-02-15-at-01.06.48-1-Copy.jpg\" alt=\"\" width=\"600\" height=\"800\" \/><\/p>\n<p>Em suas pr\u00f3prias palavras, Thiago compartilha sua gratid\u00e3o e sua mensagem de esperan\u00e7a para todos aqueles que est\u00e3o na luta para realizar seus sonhos. Sua hist\u00f3ria \u00e9 um lembrete poderoso de que, com alegria, f\u00e9, esperan\u00e7a, foco e objetivos, \u00e9 poss\u00edvel superar qualquer obst\u00e1culo e alcan\u00e7ar os mais altos desafios.<\/p>\n<p>As latinhas que Thiago costumava pegar nas ruas se transformaram no conhecimento e na inspira\u00e7\u00e3o que ele transmite para todos n\u00f3s. Sua jornada \u00e9 um lembrete inspirador de que, n\u00e3o importa de onde venhamos ou quais obst\u00e1culos enfrentemos, sempre h\u00e1 esperan\u00e7a e oportunidades para aqueles que se recusam a desistir de seus sonhos.<\/p>\n<p>Thiago hoje aos 24 anos, vive uma temporada fora do Brasil, adquirindo experi\u00eancias e conhecimentos no \u00e2mbito internacional e pensa em retornar ao Brasil no segundo semestre de 2024 para voltar aos palcos do protagonismo. Para melhor conhecimento dessa hist\u00f3ria assista abaixo um mini document\u00e1rio narrativo \u201cHist\u00f3ria e Supera\u00e7\u00e3o de Thiago Silva dos Santos.<\/p>\n<p><iframe loading=\"lazy\" title=\"Hist\u00f3ria e Supera\u00e7\u00e3o de Thiago Silva dos Santos\" width=\"640\" height=\"360\" src=\"https:\/\/www.youtube.com\/embed\/ihhzYIJjv3Q?feature=oembed\" frameborder=\"0\" allow=\"accelerometer; autoplay; clipboard-write; encrypted-media; gyroscope; picture-in-picture; web-share\" referrerpolicy=\"strict-origin-when-cross-origin\" allowfullscreen><\/iframe><\/p>\n","protected":false},"excerpt":{"rendered":"<p>De Santa Catarina para o mundo, a hist\u00f3ria de Thiago&#8230;<\/p>\n","protected":false},"author":1,"featured_media":42056,"comment_status":"closed","ping_status":"open","sticky":false,"template":"","format":"standard","meta":{"_acf_changed":false,"footnotes":""},"categories":[28],"tags":[],"class_list":["post-42057","post","type-post","status-publish","format-standard","has-post-thumbnail","hentry","category-famosos"],"acf":[],"yoast_head":"<!-- This site is optimized with the Yoast SEO plugin v27.4 - https:\/\/yoast.com\/product\/yoast-seo-wordpress\/ -->\n<title>Quem \u00e9 o jovem Thiago Silva: A hist\u00f3ria de supera\u00e7\u00e3o que \u00e9 destaque internacional - LifesGo<\/title>\n<meta name=\"robots\" content=\"index, follow, max-snippet:-1, max-image-preview:large, max-video-preview:-1\" \/>\n<link rel=\"canonical\" href=\"https:\/\/lifesgo.an9.com.br\/index.php\/2024\/02\/15\/quem-e-o-jovem-thiago-silva-a-historia-de-superacao-que-e-destaque-internacional\/\" \/>\n<meta property=\"og:locale\" content=\"en_US\" \/>\n<meta property=\"og:type\" content=\"article\" \/>\n<meta property=\"og:title\" content=\"Quem \u00e9 o jovem Thiago Silva: A hist\u00f3ria de supera\u00e7\u00e3o que \u00e9 destaque internacional - LifesGo\" \/>\n<meta property=\"og:description\" content=\"De Santa Catarina para o mundo, a hist\u00f3ria de Thiago...\" \/>\n<meta property=\"og:url\" content=\"https:\/\/lifesgo.an9.com.br\/index.php\/2024\/02\/15\/quem-e-o-jovem-thiago-silva-a-historia-de-superacao-que-e-destaque-internacional\/\" \/>\n<meta property=\"og:site_name\" content=\"LifesGo\" \/>\n<meta property=\"article:published_time\" content=\"2024-02-15T13:45:37+00:00\" \/>\n<meta property=\"og:image\" content=\"https:\/\/lifesgo.an9.com.br\/wp-content\/uploads\/2024\/02\/4146-1-Copy-16.jpg\" \/>\n\t<meta property=\"og:image:width\" content=\"800\" \/>\n\t<meta property=\"og:image:height\" content=\"451\" \/>\n\t<meta property=\"og:image:type\" content=\"image\/jpeg\" \/>\n<meta name=\"author\" content=\"Fernando Braga\" \/>\n<meta name=\"twitter:card\" content=\"summary_large_image\" \/>\n<meta name=\"twitter:label1\" content=\"Written by\" \/>\n\t<meta name=\"twitter:data1\" content=\"Fernando Braga\" \/>\n\t<meta name=\"twitter:label2\" content=\"Est. reading time\" \/>\n\t<meta name=\"twitter:data2\" content=\"2 minutes\" \/>\n<script type=\"application\/ld+json\" class=\"yoast-schema-graph\">{\"@context\":\"https:\\\/\\\/schema.org\",\"@graph\":[{\"@type\":\"Article\",\"@id\":\"https:\\\/\\\/lifesgo.an9.com.br\\\/index.php\\\/2024\\\/02\\\/15\\\/quem-e-o-jovem-thiago-silva-a-historia-de-superacao-que-e-destaque-internacional\\\/#article\",\"isPartOf\":{\"@id\":\"https:\\\/\\\/lifesgo.an9.com.br\\\/index.php\\\/2024\\\/02\\\/15\\\/quem-e-o-jovem-thiago-silva-a-historia-de-superacao-que-e-destaque-internacional\\\/\"},\"author\":{\"name\":\"Fernando Braga\",\"@id\":\"https:\\\/\\\/lifesgo.an9.com.br\\\/#\\\/schema\\\/person\\\/b34bfc24fce1f5cb9dc117e2efe61a07\"},\"headline\":\"Quem \u00e9 o jovem Thiago Silva: A hist\u00f3ria de supera\u00e7\u00e3o que \u00e9 destaque internacional\",\"datePublished\":\"2024-02-15T13:45:37+00:00\",\"mainEntityOfPage\":{\"@id\":\"https:\\\/\\\/lifesgo.an9.com.br\\\/index.php\\\/2024\\\/02\\\/15\\\/quem-e-o-jovem-thiago-silva-a-historia-de-superacao-que-e-destaque-internacional\\\/\"},\"wordCount\":506,\"image\":{\"@id\":\"https:\\\/\\\/lifesgo.an9.com.br\\\/index.php\\\/2024\\\/02\\\/15\\\/quem-e-o-jovem-thiago-silva-a-historia-de-superacao-que-e-destaque-internacional\\\/#primaryimage\"},\"thumbnailUrl\":\"https:\\\/\\\/lifesgo.an9.com.br\\\/wp-content\\\/uploads\\\/2024\\\/02\\\/4146-1-Copy-16.jpg\",\"articleSection\":[\"Famosos\"],\"inLanguage\":\"en-US\"},{\"@type\":\"WebPage\",\"@id\":\"https:\\\/\\\/lifesgo.an9.com.br\\\/index.php\\\/2024\\\/02\\\/15\\\/quem-e-o-jovem-thiago-silva-a-historia-de-superacao-que-e-destaque-internacional\\\/\",\"url\":\"https:\\\/\\\/lifesgo.an9.com.br\\\/index.php\\\/2024\\\/02\\\/15\\\/quem-e-o-jovem-thiago-silva-a-historia-de-superacao-que-e-destaque-internacional\\\/\",\"name\":\"Quem \u00e9 o jovem Thiago Silva: A hist\u00f3ria de supera\u00e7\u00e3o que \u00e9 destaque internacional - LifesGo\",\"isPartOf\":{\"@id\":\"https:\\\/\\\/lifesgo.an9.com.br\\\/#website\"},\"primaryImageOfPage\":{\"@id\":\"https:\\\/\\\/lifesgo.an9.com.br\\\/index.php\\\/2024\\\/02\\\/15\\\/quem-e-o-jovem-thiago-silva-a-historia-de-superacao-que-e-destaque-internacional\\\/#primaryimage\"},\"image\":{\"@id\":\"https:\\\/\\\/lifesgo.an9.com.br\\\/index.php\\\/2024\\\/02\\\/15\\\/quem-e-o-jovem-thiago-silva-a-historia-de-superacao-que-e-destaque-internacional\\\/#primaryimage\"},\"thumbnailUrl\":\"https:\\\/\\\/lifesgo.an9.com.br\\\/wp-content\\\/uploads\\\/2024\\\/02\\\/4146-1-Copy-16.jpg\",\"datePublished\":\"2024-02-15T13:45:37+00:00\",\"author\":{\"@id\":\"https:\\\/\\\/lifesgo.an9.com.br\\\/#\\\/schema\\\/person\\\/b34bfc24fce1f5cb9dc117e2efe61a07\"},\"breadcrumb\":{\"@id\":\"https:\\\/\\\/lifesgo.an9.com.br\\\/index.php\\\/2024\\\/02\\\/15\\\/quem-e-o-jovem-thiago-silva-a-historia-de-superacao-que-e-destaque-internacional\\\/#breadcrumb\"},\"inLanguage\":\"en-US\",\"potentialAction\":[{\"@type\":\"ReadAction\",\"target\":[\"https:\\\/\\\/lifesgo.an9.com.br\\\/index.php\\\/2024\\\/02\\\/15\\\/quem-e-o-jovem-thiago-silva-a-historia-de-superacao-que-e-destaque-internacional\\\/\"]}]},{\"@type\":\"ImageObject\",\"inLanguage\":\"en-US\",\"@id\":\"https:\\\/\\\/lifesgo.an9.com.br\\\/index.php\\\/2024\\\/02\\\/15\\\/quem-e-o-jovem-thiago-silva-a-historia-de-superacao-que-e-destaque-internacional\\\/#primaryimage\",\"url\":\"https:\\\/\\\/lifesgo.an9.com.br\\\/wp-content\\\/uploads\\\/2024\\\/02\\\/4146-1-Copy-16.jpg\",\"contentUrl\":\"https:\\\/\\\/lifesgo.an9.com.br\\\/wp-content\\\/uploads\\\/2024\\\/02\\\/4146-1-Copy-16.jpg\",\"width\":800,\"height\":451},{\"@type\":\"BreadcrumbList\",\"@id\":\"https:\\\/\\\/lifesgo.an9.com.br\\\/index.php\\\/2024\\\/02\\\/15\\\/quem-e-o-jovem-thiago-silva-a-historia-de-superacao-que-e-destaque-internacional\\\/#breadcrumb\",\"itemListElement\":[{\"@type\":\"ListItem\",\"position\":1,\"name\":\"In\u00edcio\",\"item\":\"https:\\\/\\\/lifesgo.an9.com.br\\\/\"},{\"@type\":\"ListItem\",\"position\":2,\"name\":\"Quem \u00e9 o jovem Thiago Silva: A hist\u00f3ria de supera\u00e7\u00e3o que \u00e9 destaque internacional\"}]},{\"@type\":\"WebSite\",\"@id\":\"https:\\\/\\\/lifesgo.an9.com.br\\\/#website\",\"url\":\"https:\\\/\\\/lifesgo.an9.com.br\\\/\",\"name\":\"LifesGo\",\"description\":\"\",\"potentialAction\":[{\"@type\":\"SearchAction\",\"target\":{\"@type\":\"EntryPoint\",\"urlTemplate\":\"https:\\\/\\\/lifesgo.an9.com.br\\\/?s={search_term_string}\"},\"query-input\":{\"@type\":\"PropertyValueSpecification\",\"valueRequired\":true,\"valueName\":\"search_term_string\"}}],\"inLanguage\":\"en-US\"},{\"@type\":\"Person\",\"@id\":\"https:\\\/\\\/lifesgo.an9.com.br\\\/#\\\/schema\\\/person\\\/b34bfc24fce1f5cb9dc117e2efe61a07\",\"name\":\"Fernando Braga\",\"image\":{\"@type\":\"ImageObject\",\"inLanguage\":\"en-US\",\"@id\":\"https:\\\/\\\/secure.gravatar.com\\\/avatar\\\/ffb6c6a544d3f2aff8e0c589f1d5e9d3459aa75486bb6627d6b49b9b24c34a3e?s=96&d=mm&r=g\",\"url\":\"https:\\\/\\\/secure.gravatar.com\\\/avatar\\\/ffb6c6a544d3f2aff8e0c589f1d5e9d3459aa75486bb6627d6b49b9b24c34a3e?s=96&d=mm&r=g\",\"contentUrl\":\"https:\\\/\\\/secure.gravatar.com\\\/avatar\\\/ffb6c6a544d3f2aff8e0c589f1d5e9d3459aa75486bb6627d6b49b9b24c34a3e?s=96&d=mm&r=g\",\"caption\":\"Fernando Braga\"},\"sameAs\":[\"https:\\\/\\\/lifesgo.com.br\"],\"url\":\"https:\\\/\\\/lifesgo.an9.com.br\\\/index.php\\\/author\\\/lucamor\\\/\"}]}<\/script>\n<!-- \/ Yoast SEO plugin. -->","yoast_head_json":{"title":"Quem \u00e9 o jovem Thiago Silva: A hist\u00f3ria de supera\u00e7\u00e3o que \u00e9 destaque internacional - LifesGo","robots":{"index":"index","follow":"follow","max-snippet":"max-snippet:-1","max-image-preview":"max-image-preview:large","max-video-preview":"max-video-preview:-1"},"canonical":"https:\/\/lifesgo.an9.com.br\/index.php\/2024\/02\/15\/quem-e-o-jovem-thiago-silva-a-historia-de-superacao-que-e-destaque-internacional\/","og_locale":"en_US","og_type":"article","og_title":"Quem \u00e9 o jovem Thiago Silva: A hist\u00f3ria de supera\u00e7\u00e3o que \u00e9 destaque internacional - LifesGo","og_description":"De Santa Catarina para o mundo, a hist\u00f3ria de Thiago...","og_url":"https:\/\/lifesgo.an9.com.br\/index.php\/2024\/02\/15\/quem-e-o-jovem-thiago-silva-a-historia-de-superacao-que-e-destaque-internacional\/","og_site_name":"LifesGo","article_published_time":"2024-02-15T13:45:37+00:00","og_image":[{"width":800,"height":451,"url":"https:\/\/lifesgo.an9.com.br\/wp-content\/uploads\/2024\/02\/4146-1-Copy-16.jpg","type":"image\/jpeg"}],"author":"Fernando Braga","twitter_card":"summary_large_image","twitter_misc":{"Written by":"Fernando Braga","Est. reading time":"2 minutes"},"schema":{"@context":"https:\/\/schema.org","@graph":[{"@type":"Article","@id":"https:\/\/lifesgo.an9.com.br\/index.php\/2024\/02\/15\/quem-e-o-jovem-thiago-silva-a-historia-de-superacao-que-e-destaque-internacional\/#article","isPartOf":{"@id":"https:\/\/lifesgo.an9.com.br\/index.php\/2024\/02\/15\/quem-e-o-jovem-thiago-silva-a-historia-de-superacao-que-e-destaque-internacional\/"},"author":{"name":"Fernando Braga","@id":"https:\/\/lifesgo.an9.com.br\/#\/schema\/person\/b34bfc24fce1f5cb9dc117e2efe61a07"},"headline":"Quem \u00e9 o jovem Thiago Silva: A hist\u00f3ria de supera\u00e7\u00e3o que \u00e9 destaque internacional","datePublished":"2024-02-15T13:45:37+00:00","mainEntityOfPage":{"@id":"https:\/\/lifesgo.an9.com.br\/index.php\/2024\/02\/15\/quem-e-o-jovem-thiago-silva-a-historia-de-superacao-que-e-destaque-internacional\/"},"wordCount":506,"image":{"@id":"https:\/\/lifesgo.an9.com.br\/index.php\/2024\/02\/15\/quem-e-o-jovem-thiago-silva-a-historia-de-superacao-que-e-destaque-internacional\/#primaryimage"},"thumbnailUrl":"https:\/\/lifesgo.an9.com.br\/wp-content\/uploads\/2024\/02\/4146-1-Copy-16.jpg","articleSection":["Famosos"],"inLanguage":"en-US"},{"@type":"WebPage","@id":"https:\/\/lifesgo.an9.com.br\/index.php\/2024\/02\/15\/quem-e-o-jovem-thiago-silva-a-historia-de-superacao-que-e-destaque-internacional\/","url":"https:\/\/lifesgo.an9.com.br\/index.php\/2024\/02\/15\/quem-e-o-jovem-thiago-silva-a-historia-de-superacao-que-e-destaque-internacional\/","name":"Quem \u00e9 o jovem Thiago Silva: A hist\u00f3ria de supera\u00e7\u00e3o que \u00e9 destaque internacional - LifesGo","isPartOf":{"@id":"https:\/\/lifesgo.an9.com.br\/#website"},"primaryImageOfPage":{"@id":"https:\/\/lifesgo.an9.com.br\/index.php\/2024\/02\/15\/quem-e-o-jovem-thiago-silva-a-historia-de-superacao-que-e-destaque-internacional\/#primaryimage"},"image":{"@id":"https:\/\/lifesgo.an9.com.br\/index.php\/2024\/02\/15\/quem-e-o-jovem-thiago-silva-a-historia-de-superacao-que-e-destaque-internacional\/#primaryimage"},"thumbnailUrl":"https:\/\/lifesgo.an9.com.br\/wp-content\/uploads\/2024\/02\/4146-1-Copy-16.jpg","datePublished":"2024-02-15T13:45:37+00:00","author":{"@id":"https:\/\/lifesgo.an9.com.br\/#\/schema\/person\/b34bfc24fce1f5cb9dc117e2efe61a07"},"breadcrumb":{"@id":"https:\/\/lifesgo.an9.com.br\/index.php\/2024\/02\/15\/quem-e-o-jovem-thiago-silva-a-historia-de-superacao-que-e-destaque-internacional\/#breadcrumb"},"inLanguage":"en-US","potentialAction":[{"@type":"ReadAction","target":["https:\/\/lifesgo.an9.com.br\/index.php\/2024\/02\/15\/quem-e-o-jovem-thiago-silva-a-historia-de-superacao-que-e-destaque-internacional\/"]}]},{"@type":"ImageObject","inLanguage":"en-US","@id":"https:\/\/lifesgo.an9.com.br\/index.php\/2024\/02\/15\/quem-e-o-jovem-thiago-silva-a-historia-de-superacao-que-e-destaque-internacional\/#primaryimage","url":"https:\/\/lifesgo.an9.com.br\/wp-content\/uploads\/2024\/02\/4146-1-Copy-16.jpg","contentUrl":"https:\/\/lifesgo.an9.com.br\/wp-content\/uploads\/2024\/02\/4146-1-Copy-16.jpg","width":800,"height":451},{"@type":"BreadcrumbList","@id":"https:\/\/lifesgo.an9.com.br\/index.php\/2024\/02\/15\/quem-e-o-jovem-thiago-silva-a-historia-de-superacao-que-e-destaque-internacional\/#breadcrumb","itemListElement":[{"@type":"ListItem","position":1,"name":"In\u00edcio","item":"https:\/\/lifesgo.an9.com.br\/"},{"@type":"ListItem","position":2,"name":"Quem \u00e9 o jovem Thiago Silva: A hist\u00f3ria de supera\u00e7\u00e3o que \u00e9 destaque internacional"}]},{"@type":"WebSite","@id":"https:\/\/lifesgo.an9.com.br\/#website","url":"https:\/\/lifesgo.an9.com.br\/","name":"LifesGo","description":"","potentialAction":[{"@type":"SearchAction","target":{"@type":"EntryPoint","urlTemplate":"https:\/\/lifesgo.an9.com.br\/?s={search_term_string}"},"query-input":{"@type":"PropertyValueSpecification","valueRequired":true,"valueName":"search_term_string"}}],"inLanguage":"en-US"},{"@type":"Person","@id":"https:\/\/lifesgo.an9.com.br\/#\/schema\/person\/b34bfc24fce1f5cb9dc117e2efe61a07","name":"Fernando Braga","image":{"@type":"ImageObject","inLanguage":"en-US","@id":"https:\/\/secure.gravatar.com\/avatar\/ffb6c6a544d3f2aff8e0c589f1d5e9d3459aa75486bb6627d6b49b9b24c34a3e?s=96&d=mm&r=g","url":"https:\/\/secure.gravatar.com\/avatar\/ffb6c6a544d3f2aff8e0c589f1d5e9d3459aa75486bb6627d6b49b9b24c34a3e?s=96&d=mm&r=g","contentUrl":"https:\/\/secure.gravatar.com\/avatar\/ffb6c6a544d3f2aff8e0c589f1d5e9d3459aa75486bb6627d6b49b9b24c34a3e?s=96&d=mm&r=g","caption":"Fernando Braga"},"sameAs":["https:\/\/lifesgo.com.br"],"url":"https:\/\/lifesgo.an9.com.br\/index.php\/author\/lucamor\/"}]}},"_links":{"self":[{"href":"https:\/\/lifesgo.an9.com.br\/index.php\/wp-json\/wp\/v2\/posts\/42057","targetHints":{"allow":["GET"]}}],"collection":[{"href":"https:\/\/lifesgo.an9.com.br\/index.php\/wp-json\/wp\/v2\/posts"}],"about":[{"href":"https:\/\/lifesgo.an9.com.br\/index.php\/wp-json\/wp\/v2\/types\/post"}],"author":[{"embeddable":true,"href":"https:\/\/lifesgo.an9.com.br\/index.php\/wp-json\/wp\/v2\/users\/1"}],"replies":[{"embeddable":true,"href":"https:\/\/lifesgo.an9.com.br\/index.php\/wp-json\/wp\/v2\/comments?post=42057"}],"version-history":[{"count":1,"href":"https:\/\/lifesgo.an9.com.br\/index.php\/wp-json\/wp\/v2\/posts\/42057\/revisions"}],"predecessor-version":[{"id":42058,"href":"https:\/\/lifesgo.an9.com.br\/index.php\/wp-json\/wp\/v2\/posts\/42057\/revisions\/42058"}],"wp:featuredmedia":[{"embeddable":true,"href":"https:\/\/lifesgo.an9.com.br\/index.php\/wp-json\/wp\/v2\/media\/42056"}],"wp:attachment":[{"href":"https:\/\/lifesgo.an9.com.br\/index.php\/wp-json\/wp\/v2\/media?parent=42057"}],"wp:term":[{"taxonomy":"category","embeddable":true,"href":"https:\/\/lifesgo.an9.com.br\/index.php\/wp-json\/wp\/v2\/categories?post=42057"},{"taxonomy":"post_tag","embeddable":true,"href":"https:\/\/lifesgo.an9.com.br\/index.php\/wp-json\/wp\/v2\/tags?post=42057"}],"curies":[{"name":"wp","href":"https:\/\/api.w.org\/{rel}","templated":true}]}}