{"id":42051,"date":"2024-02-14T14:40:28","date_gmt":"2024-02-14T17:40:28","guid":{"rendered":"https:\/\/lifesgo.an9.com.br\/?p=42051"},"modified":"2024-02-14T14:40:28","modified_gmt":"2024-02-14T17:40:28","slug":"equipe-da-amebras-cria-looks-fashion-para-o-publico-dos-camarotes","status":"publish","type":"post","link":"https:\/\/lifesgo.an9.com.br\/index.php\/2024\/02\/14\/equipe-da-amebras-cria-looks-fashion-para-o-publico-dos-camarotes\/","title":{"rendered":"Equipe da Amebras cria looks fashion para o p\u00fablico dos camarotes"},"content":{"rendered":"<p><strong><em>Customiza\u00e7\u00e3o est\u00e1 em alta e agrada foli\u00f5es de todas as idades. Equipe de profissionais selecionadas por C\u00e9lia Domingues atuou em diversos camarotes da Sapuca\u00ed durante os quatro dias de folia e promete repetir a dose nas Campe\u00e3s<\/em><\/strong><\/p>\n<p>Fomentar a economia criativa e estabelecer uma conex\u00e3o cada vez maior com o carnaval s\u00e3o alguns dos objetivos da Associa\u00e7\u00e3o das Mulheres Empreendedoras do Brasil &#8211; Amebras- que, presidida por C\u00e9lia Domingues vem, h\u00e1 25 anos, ampliando sua atua\u00e7\u00e3o no intuito de capacitar m\u00e3o de obra para um mercado promissor e com oportunidades diretas e indiretas por todo o ano.<\/p>\n<p><img loading=\"lazy\" decoding=\"async\" class=\"aligncenter size-full wp-image-424\" src=\"http:\/\/publisher.moreiracomunicacao.com\/wp-content\/uploads\/2024\/02\/WhatsApp-Image-2024-02-14-at-14.06.35-Copy.jpg\" alt=\"\" width=\"800\" height=\"533\" \/><\/p>\n<p>&#8220;Este \u00e9 um momento de muitas oportunidades porque h\u00e1 muita oferta em toda a cadeia produtiva do carnaval. Ao longo do ano n\u00f3s temos os cursos de capcacita\u00e7\u00e3o justamente para quando chegue este per\u00edodo, os nossos empreendedores e as profissionais de moda estejam aptos para aumentar os seus ganhos&#8221;, diz a empreendedora social.<\/p>\n<p><img loading=\"lazy\" decoding=\"async\" class=\"aligncenter size-full wp-image-425\" src=\"http:\/\/publisher.moreiracomunicacao.com\/wp-content\/uploads\/2024\/02\/WhatsApp-Image-2024-02-14-at-14.06.45-Copy.jpg\" alt=\"\" width=\"600\" height=\"800\" \/><\/p>\n<p>Prova disto \u00e9 a necessidade de voltar os olhares para um segmento onde as oportunidades s\u00e3o diversas: os camarotes da Marqu\u00eas de Sapuca\u00ed. Independente dos tamanhos, os espa\u00e7os privados abriram um leque de op\u00e7\u00f5es para os empreendedores, entre eles, a necessidade da customiza\u00e7\u00e3o dos abad\u00e1s.<\/p>\n<p><img loading=\"lazy\" decoding=\"async\" class=\"aligncenter size-full wp-image-426\" src=\"http:\/\/publisher.moreiracomunicacao.com\/wp-content\/uploads\/2024\/02\/WhatsApp-Image-2024-02-14-at-14.06.55-Copy.jpg\" alt=\"\" width=\"800\" height=\"600\" \/><\/p>\n<p>&#8220;Carnaval \u00e9 brilho e glamour, al\u00e9m de muita criatividade e todo mundo quer um figurino diferente para brilhar. A customiza\u00e7\u00e3o promove isso ao transformar a camiseta em uma pe\u00e7a de moda. E nosso profissionais v\u00e3o respeitando o gosto do cliente, que v\u00e3o desde algo simples, at\u00e9 uma modifica\u00e7\u00e3o com mais brilho. D\u00e1 para fazer muita coisa com uma simples camisa, basta ter criatividade&#8221;, diz ela que liderou as equipes em diversos camarotes do Samb\u00f3dromo.<\/p>\n<p><img loading=\"lazy\" decoding=\"async\" class=\"aligncenter size-full wp-image-427\" src=\"http:\/\/publisher.moreiracomunicacao.com\/wp-content\/uploads\/2024\/02\/WhatsApp-Image-2024-02-14-at-14.07.20-Copy.jpg\" alt=\"\" width=\"800\" height=\"600\" \/><\/p>\n<p>Para o s\u00e1bado das Campe\u00e3s, as equipes j\u00e1 est\u00e3o prontas para uma nova maratona onde n\u00e3o podem faltar muita pedraria, gal\u00f5es, paet\u00eas, criatividade e vontade de brilhar!<\/p>\n<p style=\"text-align: center;\"><img loading=\"lazy\" decoding=\"async\" class=\"aligncenter size-full wp-image-428\" src=\"http:\/\/publisher.moreiracomunicacao.com\/wp-content\/uploads\/2024\/02\/WhatsApp-Image-2024-02-14-at-14.07.31-Copy.jpg\" alt=\"\" width=\"800\" height=\"600\" \/><\/p>\n","protected":false},"excerpt":{"rendered":"<p>Customiza\u00e7\u00e3o est\u00e1 em alta e agrada foli\u00f5es de todas as&#8230;<\/p>\n","protected":false},"author":1,"featured_media":42050,"comment_status":"closed","ping_status":"open","sticky":false,"template":"","format":"standard","meta":{"_acf_changed":false,"footnotes":""},"categories":[32],"tags":[],"class_list":["post-42051","post","type-post","status-publish","format-standard","has-post-thumbnail","hentry","category-negocios"],"acf":[],"yoast_head":"<!-- This site is optimized with the Yoast SEO plugin v27.4 - https:\/\/yoast.com\/product\/yoast-seo-wordpress\/ -->\n<title>Equipe da Amebras cria looks fashion para o p\u00fablico dos camarotes - LifesGo<\/title>\n<meta name=\"robots\" content=\"index, follow, max-snippet:-1, max-image-preview:large, max-video-preview:-1\" \/>\n<link rel=\"canonical\" href=\"https:\/\/lifesgo.an9.com.br\/index.php\/2024\/02\/14\/equipe-da-amebras-cria-looks-fashion-para-o-publico-dos-camarotes\/\" \/>\n<meta property=\"og:locale\" content=\"en_US\" \/>\n<meta property=\"og:type\" content=\"article\" \/>\n<meta property=\"og:title\" content=\"Equipe da Amebras cria looks fashion para o p\u00fablico dos camarotes - LifesGo\" \/>\n<meta property=\"og:description\" content=\"Customiza\u00e7\u00e3o est\u00e1 em alta e agrada foli\u00f5es de todas as...\" \/>\n<meta property=\"og:url\" content=\"https:\/\/lifesgo.an9.com.br\/index.php\/2024\/02\/14\/equipe-da-amebras-cria-looks-fashion-para-o-publico-dos-camarotes\/\" \/>\n<meta property=\"og:site_name\" content=\"LifesGo\" \/>\n<meta property=\"article:published_time\" content=\"2024-02-14T17:40:28+00:00\" \/>\n<meta property=\"og:image\" content=\"https:\/\/lifesgo.an9.com.br\/wp-content\/uploads\/2024\/02\/WhatsApp-Image-2024-02-14-at-14.07.08-Copy.jpg\" \/>\n\t<meta property=\"og:image:width\" content=\"800\" \/>\n\t<meta property=\"og:image:height\" content=\"600\" \/>\n\t<meta property=\"og:image:type\" content=\"image\/jpeg\" \/>\n<meta name=\"author\" content=\"Fernando Braga\" \/>\n<meta name=\"twitter:card\" content=\"summary_large_image\" \/>\n<meta name=\"twitter:label1\" content=\"Written by\" \/>\n\t<meta name=\"twitter:data1\" content=\"Fernando Braga\" \/>\n\t<meta name=\"twitter:label2\" content=\"Est. reading time\" \/>\n\t<meta name=\"twitter:data2\" content=\"2 minutes\" \/>\n<script type=\"application\/ld+json\" class=\"yoast-schema-graph\">{\"@context\":\"https:\\\/\\\/schema.org\",\"@graph\":[{\"@type\":\"Article\",\"@id\":\"https:\\\/\\\/lifesgo.an9.com.br\\\/index.php\\\/2024\\\/02\\\/14\\\/equipe-da-amebras-cria-looks-fashion-para-o-publico-dos-camarotes\\\/#article\",\"isPartOf\":{\"@id\":\"https:\\\/\\\/lifesgo.an9.com.br\\\/index.php\\\/2024\\\/02\\\/14\\\/equipe-da-amebras-cria-looks-fashion-para-o-publico-dos-camarotes\\\/\"},\"author\":{\"name\":\"Fernando Braga\",\"@id\":\"https:\\\/\\\/lifesgo.an9.com.br\\\/#\\\/schema\\\/person\\\/b34bfc24fce1f5cb9dc117e2efe61a07\"},\"headline\":\"Equipe da Amebras cria looks fashion para o p\u00fablico dos camarotes\",\"datePublished\":\"2024-02-14T17:40:28+00:00\",\"mainEntityOfPage\":{\"@id\":\"https:\\\/\\\/lifesgo.an9.com.br\\\/index.php\\\/2024\\\/02\\\/14\\\/equipe-da-amebras-cria-looks-fashion-para-o-publico-dos-camarotes\\\/\"},\"wordCount\":336,\"image\":{\"@id\":\"https:\\\/\\\/lifesgo.an9.com.br\\\/index.php\\\/2024\\\/02\\\/14\\\/equipe-da-amebras-cria-looks-fashion-para-o-publico-dos-camarotes\\\/#primaryimage\"},\"thumbnailUrl\":\"https:\\\/\\\/lifesgo.an9.com.br\\\/wp-content\\\/uploads\\\/2024\\\/02\\\/WhatsApp-Image-2024-02-14-at-14.07.08-Copy.jpg\",\"articleSection\":[\"Neg\u00f3cios\"],\"inLanguage\":\"en-US\"},{\"@type\":\"WebPage\",\"@id\":\"https:\\\/\\\/lifesgo.an9.com.br\\\/index.php\\\/2024\\\/02\\\/14\\\/equipe-da-amebras-cria-looks-fashion-para-o-publico-dos-camarotes\\\/\",\"url\":\"https:\\\/\\\/lifesgo.an9.com.br\\\/index.php\\\/2024\\\/02\\\/14\\\/equipe-da-amebras-cria-looks-fashion-para-o-publico-dos-camarotes\\\/\",\"name\":\"Equipe da Amebras cria looks fashion para o p\u00fablico dos camarotes - LifesGo\",\"isPartOf\":{\"@id\":\"https:\\\/\\\/lifesgo.an9.com.br\\\/#website\"},\"primaryImageOfPage\":{\"@id\":\"https:\\\/\\\/lifesgo.an9.com.br\\\/index.php\\\/2024\\\/02\\\/14\\\/equipe-da-amebras-cria-looks-fashion-para-o-publico-dos-camarotes\\\/#primaryimage\"},\"image\":{\"@id\":\"https:\\\/\\\/lifesgo.an9.com.br\\\/index.php\\\/2024\\\/02\\\/14\\\/equipe-da-amebras-cria-looks-fashion-para-o-publico-dos-camarotes\\\/#primaryimage\"},\"thumbnailUrl\":\"https:\\\/\\\/lifesgo.an9.com.br\\\/wp-content\\\/uploads\\\/2024\\\/02\\\/WhatsApp-Image-2024-02-14-at-14.07.08-Copy.jpg\",\"datePublished\":\"2024-02-14T17:40:28+00:00\",\"author\":{\"@id\":\"https:\\\/\\\/lifesgo.an9.com.br\\\/#\\\/schema\\\/person\\\/b34bfc24fce1f5cb9dc117e2efe61a07\"},\"breadcrumb\":{\"@id\":\"https:\\\/\\\/lifesgo.an9.com.br\\\/index.php\\\/2024\\\/02\\\/14\\\/equipe-da-amebras-cria-looks-fashion-para-o-publico-dos-camarotes\\\/#breadcrumb\"},\"inLanguage\":\"en-US\",\"potentialAction\":[{\"@type\":\"ReadAction\",\"target\":[\"https:\\\/\\\/lifesgo.an9.com.br\\\/index.php\\\/2024\\\/02\\\/14\\\/equipe-da-amebras-cria-looks-fashion-para-o-publico-dos-camarotes\\\/\"]}]},{\"@type\":\"ImageObject\",\"inLanguage\":\"en-US\",\"@id\":\"https:\\\/\\\/lifesgo.an9.com.br\\\/index.php\\\/2024\\\/02\\\/14\\\/equipe-da-amebras-cria-looks-fashion-para-o-publico-dos-camarotes\\\/#primaryimage\",\"url\":\"https:\\\/\\\/lifesgo.an9.com.br\\\/wp-content\\\/uploads\\\/2024\\\/02\\\/WhatsApp-Image-2024-02-14-at-14.07.08-Copy.jpg\",\"contentUrl\":\"https:\\\/\\\/lifesgo.an9.com.br\\\/wp-content\\\/uploads\\\/2024\\\/02\\\/WhatsApp-Image-2024-02-14-at-14.07.08-Copy.jpg\",\"width\":800,\"height\":600},{\"@type\":\"BreadcrumbList\",\"@id\":\"https:\\\/\\\/lifesgo.an9.com.br\\\/index.php\\\/2024\\\/02\\\/14\\\/equipe-da-amebras-cria-looks-fashion-para-o-publico-dos-camarotes\\\/#breadcrumb\",\"itemListElement\":[{\"@type\":\"ListItem\",\"position\":1,\"name\":\"In\u00edcio\",\"item\":\"https:\\\/\\\/lifesgo.an9.com.br\\\/\"},{\"@type\":\"ListItem\",\"position\":2,\"name\":\"Equipe da Amebras cria looks fashion para o p\u00fablico dos camarotes\"}]},{\"@type\":\"WebSite\",\"@id\":\"https:\\\/\\\/lifesgo.an9.com.br\\\/#website\",\"url\":\"https:\\\/\\\/lifesgo.an9.com.br\\\/\",\"name\":\"LifesGo\",\"description\":\"\",\"potentialAction\":[{\"@type\":\"SearchAction\",\"target\":{\"@type\":\"EntryPoint\",\"urlTemplate\":\"https:\\\/\\\/lifesgo.an9.com.br\\\/?s={search_term_string}\"},\"query-input\":{\"@type\":\"PropertyValueSpecification\",\"valueRequired\":true,\"valueName\":\"search_term_string\"}}],\"inLanguage\":\"en-US\"},{\"@type\":\"Person\",\"@id\":\"https:\\\/\\\/lifesgo.an9.com.br\\\/#\\\/schema\\\/person\\\/b34bfc24fce1f5cb9dc117e2efe61a07\",\"name\":\"Fernando Braga\",\"image\":{\"@type\":\"ImageObject\",\"inLanguage\":\"en-US\",\"@id\":\"https:\\\/\\\/secure.gravatar.com\\\/avatar\\\/ffb6c6a544d3f2aff8e0c589f1d5e9d3459aa75486bb6627d6b49b9b24c34a3e?s=96&d=mm&r=g\",\"url\":\"https:\\\/\\\/secure.gravatar.com\\\/avatar\\\/ffb6c6a544d3f2aff8e0c589f1d5e9d3459aa75486bb6627d6b49b9b24c34a3e?s=96&d=mm&r=g\",\"contentUrl\":\"https:\\\/\\\/secure.gravatar.com\\\/avatar\\\/ffb6c6a544d3f2aff8e0c589f1d5e9d3459aa75486bb6627d6b49b9b24c34a3e?s=96&d=mm&r=g\",\"caption\":\"Fernando Braga\"},\"sameAs\":[\"https:\\\/\\\/lifesgo.com.br\"],\"url\":\"https:\\\/\\\/lifesgo.an9.com.br\\\/index.php\\\/author\\\/lucamor\\\/\"}]}<\/script>\n<!-- \/ Yoast SEO plugin. -->","yoast_head_json":{"title":"Equipe da Amebras cria looks fashion para o p\u00fablico dos camarotes - LifesGo","robots":{"index":"index","follow":"follow","max-snippet":"max-snippet:-1","max-image-preview":"max-image-preview:large","max-video-preview":"max-video-preview:-1"},"canonical":"https:\/\/lifesgo.an9.com.br\/index.php\/2024\/02\/14\/equipe-da-amebras-cria-looks-fashion-para-o-publico-dos-camarotes\/","og_locale":"en_US","og_type":"article","og_title":"Equipe da Amebras cria looks fashion para o p\u00fablico dos camarotes - LifesGo","og_description":"Customiza\u00e7\u00e3o est\u00e1 em alta e agrada foli\u00f5es de todas as...","og_url":"https:\/\/lifesgo.an9.com.br\/index.php\/2024\/02\/14\/equipe-da-amebras-cria-looks-fashion-para-o-publico-dos-camarotes\/","og_site_name":"LifesGo","article_published_time":"2024-02-14T17:40:28+00:00","og_image":[{"width":800,"height":600,"url":"https:\/\/lifesgo.an9.com.br\/wp-content\/uploads\/2024\/02\/WhatsApp-Image-2024-02-14-at-14.07.08-Copy.jpg","type":"image\/jpeg"}],"author":"Fernando Braga","twitter_card":"summary_large_image","twitter_misc":{"Written by":"Fernando Braga","Est. reading time":"2 minutes"},"schema":{"@context":"https:\/\/schema.org","@graph":[{"@type":"Article","@id":"https:\/\/lifesgo.an9.com.br\/index.php\/2024\/02\/14\/equipe-da-amebras-cria-looks-fashion-para-o-publico-dos-camarotes\/#article","isPartOf":{"@id":"https:\/\/lifesgo.an9.com.br\/index.php\/2024\/02\/14\/equipe-da-amebras-cria-looks-fashion-para-o-publico-dos-camarotes\/"},"author":{"name":"Fernando Braga","@id":"https:\/\/lifesgo.an9.com.br\/#\/schema\/person\/b34bfc24fce1f5cb9dc117e2efe61a07"},"headline":"Equipe da Amebras cria looks fashion para o p\u00fablico dos camarotes","datePublished":"2024-02-14T17:40:28+00:00","mainEntityOfPage":{"@id":"https:\/\/lifesgo.an9.com.br\/index.php\/2024\/02\/14\/equipe-da-amebras-cria-looks-fashion-para-o-publico-dos-camarotes\/"},"wordCount":336,"image":{"@id":"https:\/\/lifesgo.an9.com.br\/index.php\/2024\/02\/14\/equipe-da-amebras-cria-looks-fashion-para-o-publico-dos-camarotes\/#primaryimage"},"thumbnailUrl":"https:\/\/lifesgo.an9.com.br\/wp-content\/uploads\/2024\/02\/WhatsApp-Image-2024-02-14-at-14.07.08-Copy.jpg","articleSection":["Neg\u00f3cios"],"inLanguage":"en-US"},{"@type":"WebPage","@id":"https:\/\/lifesgo.an9.com.br\/index.php\/2024\/02\/14\/equipe-da-amebras-cria-looks-fashion-para-o-publico-dos-camarotes\/","url":"https:\/\/lifesgo.an9.com.br\/index.php\/2024\/02\/14\/equipe-da-amebras-cria-looks-fashion-para-o-publico-dos-camarotes\/","name":"Equipe da Amebras cria looks fashion para o p\u00fablico dos camarotes - LifesGo","isPartOf":{"@id":"https:\/\/lifesgo.an9.com.br\/#website"},"primaryImageOfPage":{"@id":"https:\/\/lifesgo.an9.com.br\/index.php\/2024\/02\/14\/equipe-da-amebras-cria-looks-fashion-para-o-publico-dos-camarotes\/#primaryimage"},"image":{"@id":"https:\/\/lifesgo.an9.com.br\/index.php\/2024\/02\/14\/equipe-da-amebras-cria-looks-fashion-para-o-publico-dos-camarotes\/#primaryimage"},"thumbnailUrl":"https:\/\/lifesgo.an9.com.br\/wp-content\/uploads\/2024\/02\/WhatsApp-Image-2024-02-14-at-14.07.08-Copy.jpg","datePublished":"2024-02-14T17:40:28+00:00","author":{"@id":"https:\/\/lifesgo.an9.com.br\/#\/schema\/person\/b34bfc24fce1f5cb9dc117e2efe61a07"},"breadcrumb":{"@id":"https:\/\/lifesgo.an9.com.br\/index.php\/2024\/02\/14\/equipe-da-amebras-cria-looks-fashion-para-o-publico-dos-camarotes\/#breadcrumb"},"inLanguage":"en-US","potentialAction":[{"@type":"ReadAction","target":["https:\/\/lifesgo.an9.com.br\/index.php\/2024\/02\/14\/equipe-da-amebras-cria-looks-fashion-para-o-publico-dos-camarotes\/"]}]},{"@type":"ImageObject","inLanguage":"en-US","@id":"https:\/\/lifesgo.an9.com.br\/index.php\/2024\/02\/14\/equipe-da-amebras-cria-looks-fashion-para-o-publico-dos-camarotes\/#primaryimage","url":"https:\/\/lifesgo.an9.com.br\/wp-content\/uploads\/2024\/02\/WhatsApp-Image-2024-02-14-at-14.07.08-Copy.jpg","contentUrl":"https:\/\/lifesgo.an9.com.br\/wp-content\/uploads\/2024\/02\/WhatsApp-Image-2024-02-14-at-14.07.08-Copy.jpg","width":800,"height":600},{"@type":"BreadcrumbList","@id":"https:\/\/lifesgo.an9.com.br\/index.php\/2024\/02\/14\/equipe-da-amebras-cria-looks-fashion-para-o-publico-dos-camarotes\/#breadcrumb","itemListElement":[{"@type":"ListItem","position":1,"name":"In\u00edcio","item":"https:\/\/lifesgo.an9.com.br\/"},{"@type":"ListItem","position":2,"name":"Equipe da Amebras cria looks fashion para o p\u00fablico dos camarotes"}]},{"@type":"WebSite","@id":"https:\/\/lifesgo.an9.com.br\/#website","url":"https:\/\/lifesgo.an9.com.br\/","name":"LifesGo","description":"","potentialAction":[{"@type":"SearchAction","target":{"@type":"EntryPoint","urlTemplate":"https:\/\/lifesgo.an9.com.br\/?s={search_term_string}"},"query-input":{"@type":"PropertyValueSpecification","valueRequired":true,"valueName":"search_term_string"}}],"inLanguage":"en-US"},{"@type":"Person","@id":"https:\/\/lifesgo.an9.com.br\/#\/schema\/person\/b34bfc24fce1f5cb9dc117e2efe61a07","name":"Fernando Braga","image":{"@type":"ImageObject","inLanguage":"en-US","@id":"https:\/\/secure.gravatar.com\/avatar\/ffb6c6a544d3f2aff8e0c589f1d5e9d3459aa75486bb6627d6b49b9b24c34a3e?s=96&d=mm&r=g","url":"https:\/\/secure.gravatar.com\/avatar\/ffb6c6a544d3f2aff8e0c589f1d5e9d3459aa75486bb6627d6b49b9b24c34a3e?s=96&d=mm&r=g","contentUrl":"https:\/\/secure.gravatar.com\/avatar\/ffb6c6a544d3f2aff8e0c589f1d5e9d3459aa75486bb6627d6b49b9b24c34a3e?s=96&d=mm&r=g","caption":"Fernando Braga"},"sameAs":["https:\/\/lifesgo.com.br"],"url":"https:\/\/lifesgo.an9.com.br\/index.php\/author\/lucamor\/"}]}},"_links":{"self":[{"href":"https:\/\/lifesgo.an9.com.br\/index.php\/wp-json\/wp\/v2\/posts\/42051","targetHints":{"allow":["GET"]}}],"collection":[{"href":"https:\/\/lifesgo.an9.com.br\/index.php\/wp-json\/wp\/v2\/posts"}],"about":[{"href":"https:\/\/lifesgo.an9.com.br\/index.php\/wp-json\/wp\/v2\/types\/post"}],"author":[{"embeddable":true,"href":"https:\/\/lifesgo.an9.com.br\/index.php\/wp-json\/wp\/v2\/users\/1"}],"replies":[{"embeddable":true,"href":"https:\/\/lifesgo.an9.com.br\/index.php\/wp-json\/wp\/v2\/comments?post=42051"}],"version-history":[{"count":1,"href":"https:\/\/lifesgo.an9.com.br\/index.php\/wp-json\/wp\/v2\/posts\/42051\/revisions"}],"predecessor-version":[{"id":42052,"href":"https:\/\/lifesgo.an9.com.br\/index.php\/wp-json\/wp\/v2\/posts\/42051\/revisions\/42052"}],"wp:featuredmedia":[{"embeddable":true,"href":"https:\/\/lifesgo.an9.com.br\/index.php\/wp-json\/wp\/v2\/media\/42050"}],"wp:attachment":[{"href":"https:\/\/lifesgo.an9.com.br\/index.php\/wp-json\/wp\/v2\/media?parent=42051"}],"wp:term":[{"taxonomy":"category","embeddable":true,"href":"https:\/\/lifesgo.an9.com.br\/index.php\/wp-json\/wp\/v2\/categories?post=42051"},{"taxonomy":"post_tag","embeddable":true,"href":"https:\/\/lifesgo.an9.com.br\/index.php\/wp-json\/wp\/v2\/tags?post=42051"}],"curies":[{"name":"wp","href":"https:\/\/api.w.org\/{rel}","templated":true}]}}