{"id":41889,"date":"2024-02-09T09:57:03","date_gmt":"2024-02-09T12:57:03","guid":{"rendered":"https:\/\/lifesgo.an9.com.br\/?p=41889"},"modified":"2024-02-09T09:57:03","modified_gmt":"2024-02-09T12:57:03","slug":"fp-do-trem-bala-fenomeno-do-funk-150-bpm-lanca-nao-vai-falar-isso-em-parceria-com-napista-dj-ulisses-coutinho-dj-renan-sjm-e-dj-luanzinho-3","status":"publish","type":"post","link":"https:\/\/lifesgo.an9.com.br\/index.php\/2024\/02\/09\/fp-do-trem-bala-fenomeno-do-funk-150-bpm-lanca-nao-vai-falar-isso-em-parceria-com-napista-dj-ulisses-coutinho-dj-renan-sjm-e-dj-luanzinho-3\/","title":{"rendered":"FP do Trem Bala, fen\u00f4meno do Funk 150 BPM, lan\u00e7a &#8220;N\u00e3o Vai Falar Isso&#8221; em parceria com Napista, DJ Ulisses Coutinho, DJ Renan SJM e DJ Luanzinho"},"content":{"rendered":"<p><i><span style=\"font-weight: 400\">&#8220;N\u00e3o Vai Falar Isso&#8221; \u00e9 uma m\u00fasica que j\u00e1 fez parte do set <\/span><\/i><a href=\"https:\/\/www.youtube.com\/watch?v=iXnqYaqA3Us\"><i><span style=\"font-weight: 400\">&#8220;FP em Alto Mar&#8221;<\/span><\/i><\/a><i><span style=\"font-weight: 400\"> (lan\u00e7ado oficialmente nas plataformas digitais em novembro do ano passado), e tem uma performance excepcional nos shows do artista. Al\u00e9m disso, o t\u00edtulo &#8220;N\u00e3o Vai Falar Isso&#8221; vem de uma g\u00edria que est\u00e1 em alta na Baixada Fluminense, trazendo um elemento aut\u00eantico \u00e0 m\u00fasica<\/span><\/i><\/p>\n<p><a href=\"https:\/\/onerpm.link\/NaoVaiFalarIsso\"><b><i>Ou\u00e7a o single &#8220;N\u00e3o Vai Falar Isso&#8221;<\/i><\/b><\/a><\/p>\n<p><b>S\u00e3o Paulo, 08 de fevereiro de 2024 &#8211;<\/b><span style=\"font-weight: 400\"> O universo do funk brasileiro acaba de receber um novo hit com o lan\u00e7amento da faixa <\/span><a href=\"https:\/\/onerpm.link\/NaoVaiFalarIsso\"><span style=\"font-weight: 400\">&#8220;N\u00e3o Vai Falar Isso&#8221;<\/span><\/a><span style=\"font-weight: 400\">, do artista, DJ e produtor <\/span><b>FP do Trem Bala<\/b><span style=\"font-weight: 400\">. Em colabora\u00e7\u00e3o com o <\/span><b>Napista, DJ Ulisses Coutinho, DJ Renan SJM e o produtor musical DJ Luanzinho<\/b><span style=\"font-weight: 400\">, a m\u00fasica promete incendiar todas as plataformas digitais a partir de <\/span><b>8 de fevereiro<\/b><span style=\"font-weight: 400\">, exatamente nos dias que antecedem ao Carnaval, prometendo ser um dos hits do feriado.<\/span><\/p>\n<p><b>&#8220;N\u00e3o Vai Falar Isso&#8221;<\/b><span style=\"font-weight: 400\"> \u00e9 uma m\u00fasica que j\u00e1 faz parte dos sets <\/span><a href=\"https:\/\/www.youtube.com\/watch?v=W7JwBH525Jc\"><span style=\"font-weight: 400\">&#8220;Mega Ultra Mixado dos Psicotralha 2023&#8221;<\/span><\/a><span style=\"font-weight: 400\"> (lan\u00e7ado nas plataformas em maio do ano passado) e <\/span><a href=\"https:\/\/www.youtube.com\/watch?v=iXnqYaqA3Us\"><span style=\"font-weight: 400\">&#8220;FP em Alto Mar&#8221;<\/span><\/a><span style=\"font-weight: 400\"> (lan\u00e7ado oficialmente nas plataformas digitais em novembro tamb\u00e9m do ano passado), e tem uma performance excepcional nos shows do artista. Al\u00e9m disso, o t\u00edtulo &#8220;N\u00e3o Vai Falar Isso&#8221; vem de uma g\u00edria que est\u00e1 em alta na Baixada Fluminense, trazendo um elemento aut\u00eantico \u00e0 m\u00fasica. A faixa conta com a produ\u00e7\u00e3o musical de<\/span><b> DJ Luanzinho<\/b><span style=\"font-weight: 400\">, parceiro de trabalho de FP, e dos DJ&#8217;s <\/span><b>Ulisses Coutinho e Renan SJM, <\/b><span style=\"font-weight: 400\">respeitados nomes do segmento do funk.<\/span><\/p>\n<p><span style=\"font-weight: 400\">FP do Trem Bala n\u00e3o \u00e9 estranho \u00e0s paradas de sucesso. Antes mesmo do funk 150 BPM ser reconhecido nacionalmente, ele j\u00e1 dominava os bailes da favela Nova Holanda, no Rio de Janeiro. Com seu hit &#8220;Vamos Pra Gaiola&#8221;, em parceria com Kevin O Chris, FP do Trem Bala quebrou tabus e preconceitos, levando o g\u00eanero a novos patamares.<\/span><\/p>\n<p><i><span style=\"font-weight: 400\">&#8220;N\u00e3o precisa nem ser f\u00e3 de funk para conhecer esse hit que tomou conta do Brasil e todas as redes sociais&#8221;<\/span><\/i><span style=\"font-weight: 400\">, afirma Felipe Pereira, mais conhecido como FP do Trem Bala. Desde os primeiros v\u00eddeos que receberam milhares de visualiza\u00e7\u00f5es no YouTube at\u00e9 os convites para tocar em bailes locais, o sucesso de FP do Trem Bala \u00e9 indiscut\u00edvel. O jovem come\u00e7ou sua jornada aprendendo a mixar em uma lan house e utilizando o laptop de sua tia para se apresentar. Assim, ele adotou o nome FP do Trem Bala &#8211; &#8220;FP&#8221; s\u00e3o suas iniciais, enquanto &#8220;Trem Bala&#8221; reflete o ritmo acelerado que define sua m\u00fasica e sua vida.<\/span><\/p>\n<p><span style=\"font-weight: 400\">Com carisma e gingado naturais, FP do Trem Bala conquistou uma legi\u00e3o de f\u00e3s e se tornou uma figura influente no cen\u00e1rio do funk brasileiro. Agora, com <\/span><b>&#8220;N\u00e3o Vai Falar Isso&#8221;<\/b><span style=\"font-weight: 400\">, ele promete mais um sucesso arrebatador que certamente marcar\u00e1 presen\u00e7a em todos os bailes e festas do <\/span><b>Carnaval 2024<\/b><span style=\"font-weight: 400\">.<\/span><\/p>\n<p><b>Bio FP do Trem Bala:<\/b><\/p>\n<p><span style=\"font-weight: 400\">Antes do funk 150 bpm ser valorizado nacionalmente, a batida acelerada j\u00e1 tomava conta dos bailes da favela Nova Holanda, no Rio de Janeiro. FP do Trem Bala \u00e9 o dono do hit \u201cVamos Pra Gaiola\u201d, uma parceria com o cantor Kevin O Chris, que fez o g\u00eanero antes, cercado por tabus e preconceitos, al\u00e7ar v\u00f4os distantes da sua origem. N\u00e3o precisa ser f\u00e3 de funk pra conhecer esse hit que tomou conta do Brasil e todas as redes sociais.<\/span><\/p>\n<p><span style=\"font-weight: 400\">Os v\u00eddeos come\u00e7aram a receber milhares de visualiza\u00e7\u00f5es no Youtube e Felipe passou a ser convidado para tocar em bailes locais. O jovem aprendia a mixar na lan house e pegava o laptop da tia para se apresentar. Leu o nome FP do Trem Bala na internet e tomou a alcunha para si &#8211; \u201cFP\u201d s\u00e3o as iniciais de Felipe Pereira; \u201cTrem Bala\u201d \u00e9 por causa do \u201cRitmo Louco\u201d que ditava a sua m\u00fasica e a sua vida pessoal tamb\u00e9m. Da\u00ed em diante, o FP do Trem Bala viralizou e tomou conta de todas as redes sociais. O carisma e o gingado s\u00e3o naturais e conquistam todo mundo.<\/span><\/p>\n<p><b>Links FP do Trem Bala:<\/b><\/p>\n<p><a href=\"https:\/\/open.spotify.com\/intl-pt\/artist\/5hPHLE5ssifxHX5bhK8iXR?si=heqj7bLtTFivlVceZFVbYQ\"><b>Spotify\u00a0<\/b><\/a><\/p>\n<p><a href=\"https:\/\/www.instagram.com\/efipedotrembala\"><b>Instagram<\/b><\/a><\/p>\n<p><a href=\"https:\/\/www.facebook.com\/fptaai\"><b>Facebook<\/b><\/a><\/p>\n<p><a href=\"https:\/\/www.youtube.com\/channel\/UCf6yxyNv8sb5mlIJIevyihQ\"><b>Youtube\u00a0<\/b><\/a><\/p>\n<p><a href=\"https:\/\/twitter.com\/efipedotrembala\"><b>X (antigo Twitter)<\/b><\/a><\/p>\n","protected":false},"excerpt":{"rendered":"<p>\u201cN\u00e3o Vai Falar Isso\u201d \u00e9 uma m\u00fasica que j\u00e1 fez parte do set \u201cFP em Alto Mar\u201d (lan\u00e7ado oficialmente nas plataformas digitais em novembro do ano passado), e tem uma performance excepcional nos shows do artista. Al\u00e9m disso, o t\u00edtulo \u201cN\u00e3o Vai Falar Isso\u201d vem de uma g\u00edria que est\u00e1 em alta na Baixada Fluminense, trazendo um elemento aut\u00eantico \u00e0 m\u00fasica Ou\u00e7a o single \u201cN\u00e3o Vai Falar Isso\u201d S\u00e3o Paulo, 08 de fevereiro de 2024 \u2013 O universo do funk brasileiro acaba de receber um novo hit com o lan\u00e7amento da faixa \u201cN\u00e3o Vai Falar Isso\u201d, do artista, DJ e [\u2026]<\/p>\n","protected":false},"author":14,"featured_media":41888,"comment_status":"closed","ping_status":"open","sticky":false,"template":"","format":"standard","meta":{"_acf_changed":false,"footnotes":""},"categories":[27],"tags":[],"class_list":["post-41889","post","type-post","status-publish","format-standard","has-post-thumbnail","hentry","category-musica"],"acf":[],"yoast_head":"<!-- This site is optimized with the Yoast SEO plugin v27.4 - https:\/\/yoast.com\/product\/yoast-seo-wordpress\/ -->\n<title>FP do Trem Bala, fen\u00f4meno do Funk 150 BPM, lan\u00e7a &quot;N\u00e3o Vai Falar Isso&quot; em parceria com Napista, DJ Ulisses Coutinho, DJ Renan SJM e DJ Luanzinho - LifesGo<\/title>\n<meta name=\"robots\" content=\"index, follow, max-snippet:-1, max-image-preview:large, max-video-preview:-1\" \/>\n<link rel=\"canonical\" href=\"https:\/\/lifesgo.an9.com.br\/index.php\/2024\/02\/09\/fp-do-trem-bala-fenomeno-do-funk-150-bpm-lanca-nao-vai-falar-isso-em-parceria-com-napista-dj-ulisses-coutinho-dj-renan-sjm-e-dj-luanzinho-3\/\" \/>\n<meta property=\"og:locale\" content=\"en_US\" \/>\n<meta property=\"og:type\" content=\"article\" \/>\n<meta property=\"og:title\" content=\"FP do Trem Bala, fen\u00f4meno do Funk 150 BPM, lan\u00e7a &quot;N\u00e3o Vai Falar Isso&quot; em parceria com Napista, DJ Ulisses Coutinho, DJ Renan SJM e DJ Luanzinho - LifesGo\" \/>\n<meta property=\"og:description\" content=\"\u201cN\u00e3o Vai Falar Isso\u201d \u00e9 uma m\u00fasica que j\u00e1 fez parte do set \u201cFP em Alto Mar\u201d (lan\u00e7ado oficialmente nas plataformas digitais em novembro do ano passado), e tem uma performance excepcional nos shows do artista. Al\u00e9m disso, o t\u00edtulo \u201cN\u00e3o Vai Falar Isso\u201d vem de uma g\u00edria que est\u00e1 em alta na Baixada Fluminense, trazendo um elemento aut\u00eantico \u00e0 m\u00fasica Ou\u00e7a o single \u201cN\u00e3o Vai Falar Isso\u201d S\u00e3o Paulo, 08 de fevereiro de 2024 \u2013 O universo do funk brasileiro acaba de receber um novo hit com o lan\u00e7amento da faixa \u201cN\u00e3o Vai Falar Isso\u201d, do artista, DJ e [\u2026]\" \/>\n<meta property=\"og:url\" content=\"https:\/\/lifesgo.an9.com.br\/index.php\/2024\/02\/09\/fp-do-trem-bala-fenomeno-do-funk-150-bpm-lanca-nao-vai-falar-isso-em-parceria-com-napista-dj-ulisses-coutinho-dj-renan-sjm-e-dj-luanzinho-3\/\" \/>\n<meta property=\"og:site_name\" content=\"LifesGo\" \/>\n<meta property=\"article:published_time\" content=\"2024-02-09T12:57:03+00:00\" \/>\n<meta property=\"og:image\" content=\"https:\/\/lifesgo.an9.com.br\/wp-content\/uploads\/2024\/02\/4146-2-Copy-4-1.jpg\" \/>\n\t<meta property=\"og:image:width\" content=\"800\" \/>\n\t<meta property=\"og:image:height\" content=\"451\" \/>\n\t<meta property=\"og:image:type\" content=\"image\/jpeg\" \/>\n<meta name=\"author\" content=\"AmericanNews\" \/>\n<meta name=\"twitter:card\" content=\"summary_large_image\" \/>\n<meta name=\"twitter:label1\" content=\"Written by\" \/>\n\t<meta name=\"twitter:data1\" content=\"AmericanNews\" \/>\n\t<meta name=\"twitter:label2\" content=\"Est. reading time\" \/>\n\t<meta name=\"twitter:data2\" content=\"4 minutes\" \/>\n<script type=\"application\/ld+json\" class=\"yoast-schema-graph\">{\"@context\":\"https:\\\/\\\/schema.org\",\"@graph\":[{\"@type\":\"Article\",\"@id\":\"https:\\\/\\\/lifesgo.an9.com.br\\\/index.php\\\/2024\\\/02\\\/09\\\/fp-do-trem-bala-fenomeno-do-funk-150-bpm-lanca-nao-vai-falar-isso-em-parceria-com-napista-dj-ulisses-coutinho-dj-renan-sjm-e-dj-luanzinho-3\\\/#article\",\"isPartOf\":{\"@id\":\"https:\\\/\\\/lifesgo.an9.com.br\\\/index.php\\\/2024\\\/02\\\/09\\\/fp-do-trem-bala-fenomeno-do-funk-150-bpm-lanca-nao-vai-falar-isso-em-parceria-com-napista-dj-ulisses-coutinho-dj-renan-sjm-e-dj-luanzinho-3\\\/\"},\"author\":{\"name\":\"AmericanNews\",\"@id\":\"https:\\\/\\\/lifesgo.an9.com.br\\\/#\\\/schema\\\/person\\\/3bb5969e0231fd236cfaaf8fb8fa662b\"},\"headline\":\"FP do Trem Bala, fen\u00f4meno do Funk 150 BPM, lan\u00e7a &#8220;N\u00e3o Vai Falar Isso&#8221; em parceria com Napista, DJ Ulisses Coutinho, DJ Renan SJM e DJ Luanzinho\",\"datePublished\":\"2024-02-09T12:57:03+00:00\",\"mainEntityOfPage\":{\"@id\":\"https:\\\/\\\/lifesgo.an9.com.br\\\/index.php\\\/2024\\\/02\\\/09\\\/fp-do-trem-bala-fenomeno-do-funk-150-bpm-lanca-nao-vai-falar-isso-em-parceria-com-napista-dj-ulisses-coutinho-dj-renan-sjm-e-dj-luanzinho-3\\\/\"},\"wordCount\":747,\"image\":{\"@id\":\"https:\\\/\\\/lifesgo.an9.com.br\\\/index.php\\\/2024\\\/02\\\/09\\\/fp-do-trem-bala-fenomeno-do-funk-150-bpm-lanca-nao-vai-falar-isso-em-parceria-com-napista-dj-ulisses-coutinho-dj-renan-sjm-e-dj-luanzinho-3\\\/#primaryimage\"},\"thumbnailUrl\":\"https:\\\/\\\/lifesgo.an9.com.br\\\/wp-content\\\/uploads\\\/2024\\\/02\\\/4146-2-Copy-4-1.jpg\",\"articleSection\":[\"M\u00fasica\"],\"inLanguage\":\"en-US\"},{\"@type\":\"WebPage\",\"@id\":\"https:\\\/\\\/lifesgo.an9.com.br\\\/index.php\\\/2024\\\/02\\\/09\\\/fp-do-trem-bala-fenomeno-do-funk-150-bpm-lanca-nao-vai-falar-isso-em-parceria-com-napista-dj-ulisses-coutinho-dj-renan-sjm-e-dj-luanzinho-3\\\/\",\"url\":\"https:\\\/\\\/lifesgo.an9.com.br\\\/index.php\\\/2024\\\/02\\\/09\\\/fp-do-trem-bala-fenomeno-do-funk-150-bpm-lanca-nao-vai-falar-isso-em-parceria-com-napista-dj-ulisses-coutinho-dj-renan-sjm-e-dj-luanzinho-3\\\/\",\"name\":\"FP do Trem Bala, fen\u00f4meno do Funk 150 BPM, lan\u00e7a \\\"N\u00e3o Vai Falar Isso\\\" em parceria com Napista, DJ Ulisses Coutinho, DJ Renan SJM e DJ Luanzinho - LifesGo\",\"isPartOf\":{\"@id\":\"https:\\\/\\\/lifesgo.an9.com.br\\\/#website\"},\"primaryImageOfPage\":{\"@id\":\"https:\\\/\\\/lifesgo.an9.com.br\\\/index.php\\\/2024\\\/02\\\/09\\\/fp-do-trem-bala-fenomeno-do-funk-150-bpm-lanca-nao-vai-falar-isso-em-parceria-com-napista-dj-ulisses-coutinho-dj-renan-sjm-e-dj-luanzinho-3\\\/#primaryimage\"},\"image\":{\"@id\":\"https:\\\/\\\/lifesgo.an9.com.br\\\/index.php\\\/2024\\\/02\\\/09\\\/fp-do-trem-bala-fenomeno-do-funk-150-bpm-lanca-nao-vai-falar-isso-em-parceria-com-napista-dj-ulisses-coutinho-dj-renan-sjm-e-dj-luanzinho-3\\\/#primaryimage\"},\"thumbnailUrl\":\"https:\\\/\\\/lifesgo.an9.com.br\\\/wp-content\\\/uploads\\\/2024\\\/02\\\/4146-2-Copy-4-1.jpg\",\"datePublished\":\"2024-02-09T12:57:03+00:00\",\"author\":{\"@id\":\"https:\\\/\\\/lifesgo.an9.com.br\\\/#\\\/schema\\\/person\\\/3bb5969e0231fd236cfaaf8fb8fa662b\"},\"breadcrumb\":{\"@id\":\"https:\\\/\\\/lifesgo.an9.com.br\\\/index.php\\\/2024\\\/02\\\/09\\\/fp-do-trem-bala-fenomeno-do-funk-150-bpm-lanca-nao-vai-falar-isso-em-parceria-com-napista-dj-ulisses-coutinho-dj-renan-sjm-e-dj-luanzinho-3\\\/#breadcrumb\"},\"inLanguage\":\"en-US\",\"potentialAction\":[{\"@type\":\"ReadAction\",\"target\":[\"https:\\\/\\\/lifesgo.an9.com.br\\\/index.php\\\/2024\\\/02\\\/09\\\/fp-do-trem-bala-fenomeno-do-funk-150-bpm-lanca-nao-vai-falar-isso-em-parceria-com-napista-dj-ulisses-coutinho-dj-renan-sjm-e-dj-luanzinho-3\\\/\"]}]},{\"@type\":\"ImageObject\",\"inLanguage\":\"en-US\",\"@id\":\"https:\\\/\\\/lifesgo.an9.com.br\\\/index.php\\\/2024\\\/02\\\/09\\\/fp-do-trem-bala-fenomeno-do-funk-150-bpm-lanca-nao-vai-falar-isso-em-parceria-com-napista-dj-ulisses-coutinho-dj-renan-sjm-e-dj-luanzinho-3\\\/#primaryimage\",\"url\":\"https:\\\/\\\/lifesgo.an9.com.br\\\/wp-content\\\/uploads\\\/2024\\\/02\\\/4146-2-Copy-4-1.jpg\",\"contentUrl\":\"https:\\\/\\\/lifesgo.an9.com.br\\\/wp-content\\\/uploads\\\/2024\\\/02\\\/4146-2-Copy-4-1.jpg\",\"width\":800,\"height\":451},{\"@type\":\"BreadcrumbList\",\"@id\":\"https:\\\/\\\/lifesgo.an9.com.br\\\/index.php\\\/2024\\\/02\\\/09\\\/fp-do-trem-bala-fenomeno-do-funk-150-bpm-lanca-nao-vai-falar-isso-em-parceria-com-napista-dj-ulisses-coutinho-dj-renan-sjm-e-dj-luanzinho-3\\\/#breadcrumb\",\"itemListElement\":[{\"@type\":\"ListItem\",\"position\":1,\"name\":\"In\u00edcio\",\"item\":\"https:\\\/\\\/lifesgo.an9.com.br\\\/\"},{\"@type\":\"ListItem\",\"position\":2,\"name\":\"FP do Trem Bala, fen\u00f4meno do Funk 150 BPM, lan\u00e7a &#8220;N\u00e3o Vai Falar Isso&#8221; em parceria com Napista, DJ Ulisses Coutinho, DJ Renan SJM e DJ Luanzinho\"}]},{\"@type\":\"WebSite\",\"@id\":\"https:\\\/\\\/lifesgo.an9.com.br\\\/#website\",\"url\":\"https:\\\/\\\/lifesgo.an9.com.br\\\/\",\"name\":\"LifesGo\",\"description\":\"\",\"potentialAction\":[{\"@type\":\"SearchAction\",\"target\":{\"@type\":\"EntryPoint\",\"urlTemplate\":\"https:\\\/\\\/lifesgo.an9.com.br\\\/?s={search_term_string}\"},\"query-input\":{\"@type\":\"PropertyValueSpecification\",\"valueRequired\":true,\"valueName\":\"search_term_string\"}}],\"inLanguage\":\"en-US\"},{\"@type\":\"Person\",\"@id\":\"https:\\\/\\\/lifesgo.an9.com.br\\\/#\\\/schema\\\/person\\\/3bb5969e0231fd236cfaaf8fb8fa662b\",\"name\":\"AmericanNews\",\"image\":{\"@type\":\"ImageObject\",\"inLanguage\":\"en-US\",\"@id\":\"https:\\\/\\\/secure.gravatar.com\\\/avatar\\\/11840b04ec2ab13e26b28a14a6d28e4c7da009b4c3e91e74adb5caf9cdab6783?s=96&d=mm&r=g\",\"url\":\"https:\\\/\\\/secure.gravatar.com\\\/avatar\\\/11840b04ec2ab13e26b28a14a6d28e4c7da009b4c3e91e74adb5caf9cdab6783?s=96&d=mm&r=g\",\"contentUrl\":\"https:\\\/\\\/secure.gravatar.com\\\/avatar\\\/11840b04ec2ab13e26b28a14a6d28e4c7da009b4c3e91e74adb5caf9cdab6783?s=96&d=mm&r=g\",\"caption\":\"AmericanNews\"},\"url\":\"https:\\\/\\\/lifesgo.an9.com.br\\\/index.php\\\/author\\\/an9\\\/\"}]}<\/script>\n<!-- \/ Yoast SEO plugin. -->","yoast_head_json":{"title":"FP do Trem Bala, fen\u00f4meno do Funk 150 BPM, lan\u00e7a \"N\u00e3o Vai Falar Isso\" em parceria com Napista, DJ Ulisses Coutinho, DJ Renan SJM e DJ Luanzinho - LifesGo","robots":{"index":"index","follow":"follow","max-snippet":"max-snippet:-1","max-image-preview":"max-image-preview:large","max-video-preview":"max-video-preview:-1"},"canonical":"https:\/\/lifesgo.an9.com.br\/index.php\/2024\/02\/09\/fp-do-trem-bala-fenomeno-do-funk-150-bpm-lanca-nao-vai-falar-isso-em-parceria-com-napista-dj-ulisses-coutinho-dj-renan-sjm-e-dj-luanzinho-3\/","og_locale":"en_US","og_type":"article","og_title":"FP do Trem Bala, fen\u00f4meno do Funk 150 BPM, lan\u00e7a \"N\u00e3o Vai Falar Isso\" em parceria com Napista, DJ Ulisses Coutinho, DJ Renan SJM e DJ Luanzinho - LifesGo","og_description":"\u201cN\u00e3o Vai Falar Isso\u201d \u00e9 uma m\u00fasica que j\u00e1 fez parte do set \u201cFP em Alto Mar\u201d (lan\u00e7ado oficialmente nas plataformas digitais em novembro do ano passado), e tem uma performance excepcional nos shows do artista. Al\u00e9m disso, o t\u00edtulo \u201cN\u00e3o Vai Falar Isso\u201d vem de uma g\u00edria que est\u00e1 em alta na Baixada Fluminense, trazendo um elemento aut\u00eantico \u00e0 m\u00fasica Ou\u00e7a o single \u201cN\u00e3o Vai Falar Isso\u201d S\u00e3o Paulo, 08 de fevereiro de 2024 \u2013 O universo do funk brasileiro acaba de receber um novo hit com o lan\u00e7amento da faixa \u201cN\u00e3o Vai Falar Isso\u201d, do artista, DJ e [\u2026]","og_url":"https:\/\/lifesgo.an9.com.br\/index.php\/2024\/02\/09\/fp-do-trem-bala-fenomeno-do-funk-150-bpm-lanca-nao-vai-falar-isso-em-parceria-com-napista-dj-ulisses-coutinho-dj-renan-sjm-e-dj-luanzinho-3\/","og_site_name":"LifesGo","article_published_time":"2024-02-09T12:57:03+00:00","og_image":[{"width":800,"height":451,"url":"https:\/\/lifesgo.an9.com.br\/wp-content\/uploads\/2024\/02\/4146-2-Copy-4-1.jpg","type":"image\/jpeg"}],"author":"AmericanNews","twitter_card":"summary_large_image","twitter_misc":{"Written by":"AmericanNews","Est. reading time":"4 minutes"},"schema":{"@context":"https:\/\/schema.org","@graph":[{"@type":"Article","@id":"https:\/\/lifesgo.an9.com.br\/index.php\/2024\/02\/09\/fp-do-trem-bala-fenomeno-do-funk-150-bpm-lanca-nao-vai-falar-isso-em-parceria-com-napista-dj-ulisses-coutinho-dj-renan-sjm-e-dj-luanzinho-3\/#article","isPartOf":{"@id":"https:\/\/lifesgo.an9.com.br\/index.php\/2024\/02\/09\/fp-do-trem-bala-fenomeno-do-funk-150-bpm-lanca-nao-vai-falar-isso-em-parceria-com-napista-dj-ulisses-coutinho-dj-renan-sjm-e-dj-luanzinho-3\/"},"author":{"name":"AmericanNews","@id":"https:\/\/lifesgo.an9.com.br\/#\/schema\/person\/3bb5969e0231fd236cfaaf8fb8fa662b"},"headline":"FP do Trem Bala, fen\u00f4meno do Funk 150 BPM, lan\u00e7a &#8220;N\u00e3o Vai Falar Isso&#8221; em parceria com Napista, DJ Ulisses Coutinho, DJ Renan SJM e DJ Luanzinho","datePublished":"2024-02-09T12:57:03+00:00","mainEntityOfPage":{"@id":"https:\/\/lifesgo.an9.com.br\/index.php\/2024\/02\/09\/fp-do-trem-bala-fenomeno-do-funk-150-bpm-lanca-nao-vai-falar-isso-em-parceria-com-napista-dj-ulisses-coutinho-dj-renan-sjm-e-dj-luanzinho-3\/"},"wordCount":747,"image":{"@id":"https:\/\/lifesgo.an9.com.br\/index.php\/2024\/02\/09\/fp-do-trem-bala-fenomeno-do-funk-150-bpm-lanca-nao-vai-falar-isso-em-parceria-com-napista-dj-ulisses-coutinho-dj-renan-sjm-e-dj-luanzinho-3\/#primaryimage"},"thumbnailUrl":"https:\/\/lifesgo.an9.com.br\/wp-content\/uploads\/2024\/02\/4146-2-Copy-4-1.jpg","articleSection":["M\u00fasica"],"inLanguage":"en-US"},{"@type":"WebPage","@id":"https:\/\/lifesgo.an9.com.br\/index.php\/2024\/02\/09\/fp-do-trem-bala-fenomeno-do-funk-150-bpm-lanca-nao-vai-falar-isso-em-parceria-com-napista-dj-ulisses-coutinho-dj-renan-sjm-e-dj-luanzinho-3\/","url":"https:\/\/lifesgo.an9.com.br\/index.php\/2024\/02\/09\/fp-do-trem-bala-fenomeno-do-funk-150-bpm-lanca-nao-vai-falar-isso-em-parceria-com-napista-dj-ulisses-coutinho-dj-renan-sjm-e-dj-luanzinho-3\/","name":"FP do Trem Bala, fen\u00f4meno do Funk 150 BPM, lan\u00e7a \"N\u00e3o Vai Falar Isso\" em parceria com Napista, DJ Ulisses Coutinho, DJ Renan SJM e DJ Luanzinho - LifesGo","isPartOf":{"@id":"https:\/\/lifesgo.an9.com.br\/#website"},"primaryImageOfPage":{"@id":"https:\/\/lifesgo.an9.com.br\/index.php\/2024\/02\/09\/fp-do-trem-bala-fenomeno-do-funk-150-bpm-lanca-nao-vai-falar-isso-em-parceria-com-napista-dj-ulisses-coutinho-dj-renan-sjm-e-dj-luanzinho-3\/#primaryimage"},"image":{"@id":"https:\/\/lifesgo.an9.com.br\/index.php\/2024\/02\/09\/fp-do-trem-bala-fenomeno-do-funk-150-bpm-lanca-nao-vai-falar-isso-em-parceria-com-napista-dj-ulisses-coutinho-dj-renan-sjm-e-dj-luanzinho-3\/#primaryimage"},"thumbnailUrl":"https:\/\/lifesgo.an9.com.br\/wp-content\/uploads\/2024\/02\/4146-2-Copy-4-1.jpg","datePublished":"2024-02-09T12:57:03+00:00","author":{"@id":"https:\/\/lifesgo.an9.com.br\/#\/schema\/person\/3bb5969e0231fd236cfaaf8fb8fa662b"},"breadcrumb":{"@id":"https:\/\/lifesgo.an9.com.br\/index.php\/2024\/02\/09\/fp-do-trem-bala-fenomeno-do-funk-150-bpm-lanca-nao-vai-falar-isso-em-parceria-com-napista-dj-ulisses-coutinho-dj-renan-sjm-e-dj-luanzinho-3\/#breadcrumb"},"inLanguage":"en-US","potentialAction":[{"@type":"ReadAction","target":["https:\/\/lifesgo.an9.com.br\/index.php\/2024\/02\/09\/fp-do-trem-bala-fenomeno-do-funk-150-bpm-lanca-nao-vai-falar-isso-em-parceria-com-napista-dj-ulisses-coutinho-dj-renan-sjm-e-dj-luanzinho-3\/"]}]},{"@type":"ImageObject","inLanguage":"en-US","@id":"https:\/\/lifesgo.an9.com.br\/index.php\/2024\/02\/09\/fp-do-trem-bala-fenomeno-do-funk-150-bpm-lanca-nao-vai-falar-isso-em-parceria-com-napista-dj-ulisses-coutinho-dj-renan-sjm-e-dj-luanzinho-3\/#primaryimage","url":"https:\/\/lifesgo.an9.com.br\/wp-content\/uploads\/2024\/02\/4146-2-Copy-4-1.jpg","contentUrl":"https:\/\/lifesgo.an9.com.br\/wp-content\/uploads\/2024\/02\/4146-2-Copy-4-1.jpg","width":800,"height":451},{"@type":"BreadcrumbList","@id":"https:\/\/lifesgo.an9.com.br\/index.php\/2024\/02\/09\/fp-do-trem-bala-fenomeno-do-funk-150-bpm-lanca-nao-vai-falar-isso-em-parceria-com-napista-dj-ulisses-coutinho-dj-renan-sjm-e-dj-luanzinho-3\/#breadcrumb","itemListElement":[{"@type":"ListItem","position":1,"name":"In\u00edcio","item":"https:\/\/lifesgo.an9.com.br\/"},{"@type":"ListItem","position":2,"name":"FP do Trem Bala, fen\u00f4meno do Funk 150 BPM, lan\u00e7a &#8220;N\u00e3o Vai Falar Isso&#8221; em parceria com Napista, DJ Ulisses Coutinho, DJ Renan SJM e DJ Luanzinho"}]},{"@type":"WebSite","@id":"https:\/\/lifesgo.an9.com.br\/#website","url":"https:\/\/lifesgo.an9.com.br\/","name":"LifesGo","description":"","potentialAction":[{"@type":"SearchAction","target":{"@type":"EntryPoint","urlTemplate":"https:\/\/lifesgo.an9.com.br\/?s={search_term_string}"},"query-input":{"@type":"PropertyValueSpecification","valueRequired":true,"valueName":"search_term_string"}}],"inLanguage":"en-US"},{"@type":"Person","@id":"https:\/\/lifesgo.an9.com.br\/#\/schema\/person\/3bb5969e0231fd236cfaaf8fb8fa662b","name":"AmericanNews","image":{"@type":"ImageObject","inLanguage":"en-US","@id":"https:\/\/secure.gravatar.com\/avatar\/11840b04ec2ab13e26b28a14a6d28e4c7da009b4c3e91e74adb5caf9cdab6783?s=96&d=mm&r=g","url":"https:\/\/secure.gravatar.com\/avatar\/11840b04ec2ab13e26b28a14a6d28e4c7da009b4c3e91e74adb5caf9cdab6783?s=96&d=mm&r=g","contentUrl":"https:\/\/secure.gravatar.com\/avatar\/11840b04ec2ab13e26b28a14a6d28e4c7da009b4c3e91e74adb5caf9cdab6783?s=96&d=mm&r=g","caption":"AmericanNews"},"url":"https:\/\/lifesgo.an9.com.br\/index.php\/author\/an9\/"}]}},"_links":{"self":[{"href":"https:\/\/lifesgo.an9.com.br\/index.php\/wp-json\/wp\/v2\/posts\/41889","targetHints":{"allow":["GET"]}}],"collection":[{"href":"https:\/\/lifesgo.an9.com.br\/index.php\/wp-json\/wp\/v2\/posts"}],"about":[{"href":"https:\/\/lifesgo.an9.com.br\/index.php\/wp-json\/wp\/v2\/types\/post"}],"author":[{"embeddable":true,"href":"https:\/\/lifesgo.an9.com.br\/index.php\/wp-json\/wp\/v2\/users\/14"}],"replies":[{"embeddable":true,"href":"https:\/\/lifesgo.an9.com.br\/index.php\/wp-json\/wp\/v2\/comments?post=41889"}],"version-history":[{"count":1,"href":"https:\/\/lifesgo.an9.com.br\/index.php\/wp-json\/wp\/v2\/posts\/41889\/revisions"}],"predecessor-version":[{"id":41890,"href":"https:\/\/lifesgo.an9.com.br\/index.php\/wp-json\/wp\/v2\/posts\/41889\/revisions\/41890"}],"wp:featuredmedia":[{"embeddable":true,"href":"https:\/\/lifesgo.an9.com.br\/index.php\/wp-json\/wp\/v2\/media\/41888"}],"wp:attachment":[{"href":"https:\/\/lifesgo.an9.com.br\/index.php\/wp-json\/wp\/v2\/media?parent=41889"}],"wp:term":[{"taxonomy":"category","embeddable":true,"href":"https:\/\/lifesgo.an9.com.br\/index.php\/wp-json\/wp\/v2\/categories?post=41889"},{"taxonomy":"post_tag","embeddable":true,"href":"https:\/\/lifesgo.an9.com.br\/index.php\/wp-json\/wp\/v2\/tags?post=41889"}],"curies":[{"name":"wp","href":"https:\/\/api.w.org\/{rel}","templated":true}]}}