{"id":36733,"date":"2024-02-07T18:12:09","date_gmt":"2024-02-07T21:12:09","guid":{"rendered":"https:\/\/lifesgo.an9.com.br\/?p=36733"},"modified":"2024-02-07T18:12:09","modified_gmt":"2024-02-07T21:12:09","slug":"feira-da-reparacao-automotiva-acontece-em-setembro-e-deve-receber-50-mil-visitantes-na-edicao-de-2024-32","status":"publish","type":"post","link":"https:\/\/lifesgo.an9.com.br\/index.php\/2024\/02\/07\/feira-da-reparacao-automotiva-acontece-em-setembro-e-deve-receber-50-mil-visitantes-na-edicao-de-2024-32\/","title":{"rendered":"Feira da repara\u00e7\u00e3o automotiva acontece em setembro e deve receber 50 mil visitantes na edi\u00e7\u00e3o de 2024"},"content":{"rendered":"<p><b>Feira da repara\u00e7\u00e3o automotiva acontece em setembro e deve receber 50 mil visitantes na edi\u00e7\u00e3o de 2024<\/b><\/p>\n<p><span style=\"font-weight: 400\">A Expo Pe\u00e7as consolidou-se como o maior evento do segmento no Centro-Oeste e expande para tr\u00eas dias de exposi\u00e7\u00e3o de neg\u00f3cios, palestras e eventos paralelos para os amantes de carros<\/span><\/p>\n<p><span style=\"font-weight: 400\">*Goi\u00e2nia, fevereiro de 2024* &#8211; A Expo Pe\u00e7as, uma das mais importantes feiras de repara\u00e7\u00e3o automotiva do Brasil e a maior do Centro-Oeste, incrementou em 30% a propor\u00e7\u00e3o do evento que acontecer\u00e1 novamente no Centro de Conven\u00e7\u00f5es de Goi\u00e2nia. A expectativa \u00e9 a presen\u00e7a de mais de 180 estandes de expositores e um aumento para 50 mil visitantes durante os dias 5, 6 e 7 de setembro.<\/span><\/p>\n<p><img loading=\"lazy\" decoding=\"async\" class=\"aligncenter size-full wp-image-113\" src=\"https:\/\/publisher.moreiracomunicacao.com\/2\/wp-content\/uploads\/2024\/02\/WhatsApp-Image-2024-02-07-at-10.32.59-Copy.jpg\" alt=\"\" width=\"800\" height=\"533\" \/><\/p>\n<p><span style=\"font-weight: 400\">Em 2023, a Expo Pe\u00e7as atraiu mais de 30 mil visitantes em dois dias e marcou com grande sucesso a estreia no Centro de Conven\u00e7\u00f5es de Goi\u00e2nia, com mais de 6 mil participantes em suas palestras. Novamente, a feira apresenta as perspectivas e tend\u00eancias para o mercado automotivo em 2024, revelando o impacto das inova\u00e7\u00f5es e desafios enfrentados pelos empres\u00e1rios do ramo.<\/span><\/p>\n<p><img loading=\"lazy\" decoding=\"async\" class=\"aligncenter size-full wp-image-114\" src=\"https:\/\/publisher.moreiracomunicacao.com\/2\/wp-content\/uploads\/2024\/02\/WhatsApp-Image-2024-02-07-at-10.33.01-1-Copy.jpg\" alt=\"\" width=\"800\" height=\"533\" \/><\/p>\n<p><span style=\"font-weight: 400\">Segundo o diretor do evento e CEO da Expo Pe\u00e7as, Paulo Miranda, o objetivo \u00e9 mostrar as principais tend\u00eancias do mercado de repara\u00e7\u00e3o automotiva para os pr\u00f3ximos anos, reunir empresas e ind\u00fastrias, al\u00e9m de profissionais que buscam se aperfei\u00e7oar. \u201cTemos muitas novidades que incluem a ascens\u00e3o dos carros h\u00edbridos e el\u00e9tricos, refletindo a transforma\u00e7\u00e3o do panorama automotivo, evolu\u00e7\u00e3o do design dos autom\u00f3veis, efici\u00eancia de combust\u00edvel e seguran\u00e7a\u201d, pontua Miranda.<\/span><\/p>\n<p><img loading=\"lazy\" decoding=\"async\" class=\"aligncenter size-full wp-image-115\" src=\"https:\/\/publisher.moreiracomunicacao.com\/2\/wp-content\/uploads\/2024\/02\/WhatsApp-Image-2024-02-07-at-10.33.01-Copy.jpg\" alt=\"\" width=\"800\" height=\"533\" \/><\/p>\n<p><span style=\"font-weight: 400\">Paulo lembra que a tecnologia tem impactado profundamente o setor de repara\u00e7\u00e3o automotiva, com constantes inova\u00e7\u00f5es que exigem atualiza\u00e7\u00e3o e aprendizado cont\u00ednuos por parte dos profissionais. Por isso, reunir em um s\u00f3 ambiente essas diversas demandas facilita o acesso \u00e0s informa\u00e7\u00f5es e impulsiona a rede de relacionamento. \u201cOs desafios enfrentados pelos empres\u00e1rios do ramo incluem a manuten\u00e7\u00e3o de estoques diversificados e o acesso \u00e0 tecnologia, dada a natureza sigilosa das inova\u00e7\u00f5es de cada fabricante. Na Expo Pe\u00e7as, buscamos ser uma facilitadora para o mercado de repara\u00e7\u00e3o mec\u00e2nica.<\/span><\/p>\n<p><span style=\"font-weight: 400\">A Expo Pe\u00e7as destaca-se como refer\u00eancia no mercado ao manter o foco em toda a cadeia automotiva, oferecendo uma plataforma para conex\u00f5es, neg\u00f3cios e tend\u00eancias. A feira representa uma oportunidade \u00fanica para os interessados no mercado de repara\u00e7\u00e3o automotiva, permitindo a conex\u00e3o com a cadeia produtiva e a possibilidade de acompanhar as \u00faltimas tend\u00eancias. Com o mercado automotivo em constante evolu\u00e7\u00e3o, a Expo Pe\u00e7as evidencia as oportunidades lucrativas e desafiadoras que o setor oferece, preparando os profissionais para abra\u00e7ar as mudan\u00e7as e inova\u00e7\u00f5es que est\u00e3o por vir.\u00a0<\/span><\/p>\n<p><strong>Servi\u00e7o<\/strong><\/p>\n<p><span style=\"font-weight: 400\">Expo Pe\u00e7as 2024\u00a0<\/span><\/p>\n<p><span style=\"font-weight: 400\">05\/09 e 06\/09 15h \u00e0s 21h, 07\/09 13h \u00e0s 20h<\/span><\/p>\n<p><span style=\"font-weight: 400\">No Centro de Conven\u00e7\u00f5es de Goi\u00e2nia &#8211; Centro.\u00a0<\/span><\/p>\n<p><span style=\"font-weight: 400\">Informa\u00e7\u00f5es: <\/span><a href=\"https:\/\/www.expopecas.com.br\/\"><span style=\"font-weight: 400\">https:\/\/www.expopecas.com.br\/<\/span><\/a><span style=\"font-weight: 400\">\u00a0<\/span><\/p>\n<p><span style=\"font-weight: 400\">\u00a0Entrada gratuita com doa\u00e7\u00e3o de alimento n\u00e3o perec\u00edvel\u00a0<\/span><\/p>\n<p><span style=\"font-weight: 400\">Texto publicado originalmente no <\/span><a href=\"http:\/\/www.girogonoticias.com.br\"><span style=\"font-weight: 400\">www.girogonoticias.com.br<\/span><\/a><span style=\"font-weight: 400\">\u00a0<\/span><\/p>\n<p><span style=\"font-weight: 400\">Fotos: Divulga\u00e7\u00e3o\u00a0<\/span><\/p>\n","protected":false},"excerpt":{"rendered":"<p>Feira da repara\u00e7\u00e3o automotiva acontece em setembro e deve receber 50 mil visitantes na edi\u00e7\u00e3o de 2024 A Expo Pe\u00e7as consolidou-se como o maior evento do segmento no Centro-Oeste e expande para tr\u00eas dias de exposi\u00e7\u00e3o de neg\u00f3cios, palestras e eventos paralelos para os amantes de carros *Goi\u00e2nia, fevereiro de 2024* \u2013 A Expo Pe\u00e7as, uma das mais importantes feiras de repara\u00e7\u00e3o automotiva do Brasil e a maior do Centro-Oeste, incrementou em 30% a propor\u00e7\u00e3o do evento que acontecer\u00e1 novamente no Centro de Conven\u00e7\u00f5es de Goi\u00e2nia. A expectativa \u00e9 a presen\u00e7a de mais de 180 estandes de expositores e um<\/p>\n","protected":false},"author":14,"featured_media":36732,"comment_status":"closed","ping_status":"open","sticky":false,"template":"","format":"standard","meta":{"_acf_changed":false,"footnotes":""},"categories":[32],"tags":[],"class_list":["post-36733","post","type-post","status-publish","format-standard","has-post-thumbnail","hentry","category-negocios"],"acf":[],"yoast_head":"<!-- This site is optimized with the Yoast SEO plugin v27.5 - https:\/\/yoast.com\/product\/yoast-seo-wordpress\/ -->\n<title>Feira da repara\u00e7\u00e3o automotiva acontece em setembro e deve receber 50 mil visitantes na edi\u00e7\u00e3o de 2024 - LifesGo<\/title>\n<meta name=\"robots\" content=\"index, follow, max-snippet:-1, max-image-preview:large, max-video-preview:-1\" \/>\n<link rel=\"canonical\" href=\"https:\/\/lifesgo.an9.com.br\/index.php\/2024\/02\/07\/feira-da-reparacao-automotiva-acontece-em-setembro-e-deve-receber-50-mil-visitantes-na-edicao-de-2024-32\/\" \/>\n<meta property=\"og:locale\" content=\"en_US\" \/>\n<meta property=\"og:type\" content=\"article\" \/>\n<meta property=\"og:title\" content=\"Feira da repara\u00e7\u00e3o automotiva acontece em setembro e deve receber 50 mil visitantes na edi\u00e7\u00e3o de 2024 - LifesGo\" \/>\n<meta property=\"og:description\" content=\"Feira da repara\u00e7\u00e3o automotiva acontece em setembro e deve receber 50 mil visitantes na edi\u00e7\u00e3o de 2024 A Expo Pe\u00e7as consolidou-se como o maior evento do segmento no Centro-Oeste e expande para tr\u00eas dias de exposi\u00e7\u00e3o de neg\u00f3cios, palestras e eventos paralelos para os amantes de carros *Goi\u00e2nia, fevereiro de 2024* \u2013 A Expo Pe\u00e7as, uma das mais importantes feiras de repara\u00e7\u00e3o automotiva do Brasil e a maior do Centro-Oeste, incrementou em 30% a propor\u00e7\u00e3o do evento que acontecer\u00e1 novamente no Centro de Conven\u00e7\u00f5es de Goi\u00e2nia. A expectativa \u00e9 a presen\u00e7a de mais de 180 estandes de expositores e um\" \/>\n<meta property=\"og:url\" content=\"https:\/\/lifesgo.an9.com.br\/index.php\/2024\/02\/07\/feira-da-reparacao-automotiva-acontece-em-setembro-e-deve-receber-50-mil-visitantes-na-edicao-de-2024-32\/\" \/>\n<meta property=\"og:site_name\" content=\"LifesGo\" \/>\n<meta property=\"article:published_time\" content=\"2024-02-07T21:12:09+00:00\" \/>\n<meta property=\"og:image\" content=\"https:\/\/lifesgo.an9.com.br\/wp-content\/uploads\/2024\/02\/WhatsApp-Image-2024-02-07-at-10.33.02-Copy-2-1-1-1-1-1-1-1-1-1-1-1-1.jpg\" \/>\n\t<meta property=\"og:image:width\" content=\"800\" \/>\n\t<meta property=\"og:image:height\" content=\"533\" \/>\n\t<meta property=\"og:image:type\" content=\"image\/jpeg\" \/>\n<meta name=\"author\" content=\"AmericanNews\" \/>\n<meta name=\"twitter:card\" content=\"summary_large_image\" \/>\n<meta name=\"twitter:label1\" content=\"Written by\" \/>\n\t<meta name=\"twitter:data1\" content=\"AmericanNews\" \/>\n\t<meta name=\"twitter:label2\" content=\"Est. reading time\" \/>\n\t<meta name=\"twitter:data2\" content=\"3 minutes\" \/>\n<script type=\"application\/ld+json\" class=\"yoast-schema-graph\">{\"@context\":\"https:\\\/\\\/schema.org\",\"@graph\":[{\"@type\":\"Article\",\"@id\":\"https:\\\/\\\/lifesgo.an9.com.br\\\/index.php\\\/2024\\\/02\\\/07\\\/feira-da-reparacao-automotiva-acontece-em-setembro-e-deve-receber-50-mil-visitantes-na-edicao-de-2024-32\\\/#article\",\"isPartOf\":{\"@id\":\"https:\\\/\\\/lifesgo.an9.com.br\\\/index.php\\\/2024\\\/02\\\/07\\\/feira-da-reparacao-automotiva-acontece-em-setembro-e-deve-receber-50-mil-visitantes-na-edicao-de-2024-32\\\/\"},\"author\":{\"name\":\"AmericanNews\",\"@id\":\"https:\\\/\\\/lifesgo.an9.com.br\\\/#\\\/schema\\\/person\\\/3bb5969e0231fd236cfaaf8fb8fa662b\"},\"headline\":\"Feira da repara\u00e7\u00e3o automotiva acontece em setembro e deve receber 50 mil visitantes na edi\u00e7\u00e3o de 2024\",\"datePublished\":\"2024-02-07T21:12:09+00:00\",\"mainEntityOfPage\":{\"@id\":\"https:\\\/\\\/lifesgo.an9.com.br\\\/index.php\\\/2024\\\/02\\\/07\\\/feira-da-reparacao-automotiva-acontece-em-setembro-e-deve-receber-50-mil-visitantes-na-edicao-de-2024-32\\\/\"},\"wordCount\":531,\"image\":{\"@id\":\"https:\\\/\\\/lifesgo.an9.com.br\\\/index.php\\\/2024\\\/02\\\/07\\\/feira-da-reparacao-automotiva-acontece-em-setembro-e-deve-receber-50-mil-visitantes-na-edicao-de-2024-32\\\/#primaryimage\"},\"thumbnailUrl\":\"https:\\\/\\\/lifesgo.an9.com.br\\\/wp-content\\\/uploads\\\/2024\\\/02\\\/WhatsApp-Image-2024-02-07-at-10.33.02-Copy-2-1-1-1-1-1-1-1-1-1-1-1-1.jpg\",\"articleSection\":[\"Neg\u00f3cios\"],\"inLanguage\":\"en-US\"},{\"@type\":\"WebPage\",\"@id\":\"https:\\\/\\\/lifesgo.an9.com.br\\\/index.php\\\/2024\\\/02\\\/07\\\/feira-da-reparacao-automotiva-acontece-em-setembro-e-deve-receber-50-mil-visitantes-na-edicao-de-2024-32\\\/\",\"url\":\"https:\\\/\\\/lifesgo.an9.com.br\\\/index.php\\\/2024\\\/02\\\/07\\\/feira-da-reparacao-automotiva-acontece-em-setembro-e-deve-receber-50-mil-visitantes-na-edicao-de-2024-32\\\/\",\"name\":\"Feira da repara\u00e7\u00e3o automotiva acontece em setembro e deve receber 50 mil visitantes na edi\u00e7\u00e3o de 2024 - LifesGo\",\"isPartOf\":{\"@id\":\"https:\\\/\\\/lifesgo.an9.com.br\\\/#website\"},\"primaryImageOfPage\":{\"@id\":\"https:\\\/\\\/lifesgo.an9.com.br\\\/index.php\\\/2024\\\/02\\\/07\\\/feira-da-reparacao-automotiva-acontece-em-setembro-e-deve-receber-50-mil-visitantes-na-edicao-de-2024-32\\\/#primaryimage\"},\"image\":{\"@id\":\"https:\\\/\\\/lifesgo.an9.com.br\\\/index.php\\\/2024\\\/02\\\/07\\\/feira-da-reparacao-automotiva-acontece-em-setembro-e-deve-receber-50-mil-visitantes-na-edicao-de-2024-32\\\/#primaryimage\"},\"thumbnailUrl\":\"https:\\\/\\\/lifesgo.an9.com.br\\\/wp-content\\\/uploads\\\/2024\\\/02\\\/WhatsApp-Image-2024-02-07-at-10.33.02-Copy-2-1-1-1-1-1-1-1-1-1-1-1-1.jpg\",\"datePublished\":\"2024-02-07T21:12:09+00:00\",\"author\":{\"@id\":\"https:\\\/\\\/lifesgo.an9.com.br\\\/#\\\/schema\\\/person\\\/3bb5969e0231fd236cfaaf8fb8fa662b\"},\"breadcrumb\":{\"@id\":\"https:\\\/\\\/lifesgo.an9.com.br\\\/index.php\\\/2024\\\/02\\\/07\\\/feira-da-reparacao-automotiva-acontece-em-setembro-e-deve-receber-50-mil-visitantes-na-edicao-de-2024-32\\\/#breadcrumb\"},\"inLanguage\":\"en-US\",\"potentialAction\":[{\"@type\":\"ReadAction\",\"target\":[\"https:\\\/\\\/lifesgo.an9.com.br\\\/index.php\\\/2024\\\/02\\\/07\\\/feira-da-reparacao-automotiva-acontece-em-setembro-e-deve-receber-50-mil-visitantes-na-edicao-de-2024-32\\\/\"]}]},{\"@type\":\"ImageObject\",\"inLanguage\":\"en-US\",\"@id\":\"https:\\\/\\\/lifesgo.an9.com.br\\\/index.php\\\/2024\\\/02\\\/07\\\/feira-da-reparacao-automotiva-acontece-em-setembro-e-deve-receber-50-mil-visitantes-na-edicao-de-2024-32\\\/#primaryimage\",\"url\":\"https:\\\/\\\/lifesgo.an9.com.br\\\/wp-content\\\/uploads\\\/2024\\\/02\\\/WhatsApp-Image-2024-02-07-at-10.33.02-Copy-2-1-1-1-1-1-1-1-1-1-1-1-1.jpg\",\"contentUrl\":\"https:\\\/\\\/lifesgo.an9.com.br\\\/wp-content\\\/uploads\\\/2024\\\/02\\\/WhatsApp-Image-2024-02-07-at-10.33.02-Copy-2-1-1-1-1-1-1-1-1-1-1-1-1.jpg\",\"width\":800,\"height\":533},{\"@type\":\"BreadcrumbList\",\"@id\":\"https:\\\/\\\/lifesgo.an9.com.br\\\/index.php\\\/2024\\\/02\\\/07\\\/feira-da-reparacao-automotiva-acontece-em-setembro-e-deve-receber-50-mil-visitantes-na-edicao-de-2024-32\\\/#breadcrumb\",\"itemListElement\":[{\"@type\":\"ListItem\",\"position\":1,\"name\":\"In\u00edcio\",\"item\":\"https:\\\/\\\/lifesgo.an9.com.br\\\/\"},{\"@type\":\"ListItem\",\"position\":2,\"name\":\"Feira da repara\u00e7\u00e3o automotiva acontece em setembro e deve receber 50 mil visitantes na edi\u00e7\u00e3o de 2024\"}]},{\"@type\":\"WebSite\",\"@id\":\"https:\\\/\\\/lifesgo.an9.com.br\\\/#website\",\"url\":\"https:\\\/\\\/lifesgo.an9.com.br\\\/\",\"name\":\"LifesGo\",\"description\":\"\",\"potentialAction\":[{\"@type\":\"SearchAction\",\"target\":{\"@type\":\"EntryPoint\",\"urlTemplate\":\"https:\\\/\\\/lifesgo.an9.com.br\\\/?s={search_term_string}\"},\"query-input\":{\"@type\":\"PropertyValueSpecification\",\"valueRequired\":true,\"valueName\":\"search_term_string\"}}],\"inLanguage\":\"en-US\"},{\"@type\":\"Person\",\"@id\":\"https:\\\/\\\/lifesgo.an9.com.br\\\/#\\\/schema\\\/person\\\/3bb5969e0231fd236cfaaf8fb8fa662b\",\"name\":\"AmericanNews\",\"image\":{\"@type\":\"ImageObject\",\"inLanguage\":\"en-US\",\"@id\":\"https:\\\/\\\/secure.gravatar.com\\\/avatar\\\/11840b04ec2ab13e26b28a14a6d28e4c7da009b4c3e91e74adb5caf9cdab6783?s=96&d=mm&r=g\",\"url\":\"https:\\\/\\\/secure.gravatar.com\\\/avatar\\\/11840b04ec2ab13e26b28a14a6d28e4c7da009b4c3e91e74adb5caf9cdab6783?s=96&d=mm&r=g\",\"contentUrl\":\"https:\\\/\\\/secure.gravatar.com\\\/avatar\\\/11840b04ec2ab13e26b28a14a6d28e4c7da009b4c3e91e74adb5caf9cdab6783?s=96&d=mm&r=g\",\"caption\":\"AmericanNews\"},\"url\":\"https:\\\/\\\/lifesgo.an9.com.br\\\/index.php\\\/author\\\/an9\\\/\"}]}<\/script>\n<!-- \/ Yoast SEO plugin. -->","yoast_head_json":{"title":"Feira da repara\u00e7\u00e3o automotiva acontece em setembro e deve receber 50 mil visitantes na edi\u00e7\u00e3o de 2024 - LifesGo","robots":{"index":"index","follow":"follow","max-snippet":"max-snippet:-1","max-image-preview":"max-image-preview:large","max-video-preview":"max-video-preview:-1"},"canonical":"https:\/\/lifesgo.an9.com.br\/index.php\/2024\/02\/07\/feira-da-reparacao-automotiva-acontece-em-setembro-e-deve-receber-50-mil-visitantes-na-edicao-de-2024-32\/","og_locale":"en_US","og_type":"article","og_title":"Feira da repara\u00e7\u00e3o automotiva acontece em setembro e deve receber 50 mil visitantes na edi\u00e7\u00e3o de 2024 - LifesGo","og_description":"Feira da repara\u00e7\u00e3o automotiva acontece em setembro e deve receber 50 mil visitantes na edi\u00e7\u00e3o de 2024 A Expo Pe\u00e7as consolidou-se como o maior evento do segmento no Centro-Oeste e expande para tr\u00eas dias de exposi\u00e7\u00e3o de neg\u00f3cios, palestras e eventos paralelos para os amantes de carros *Goi\u00e2nia, fevereiro de 2024* \u2013 A Expo Pe\u00e7as, uma das mais importantes feiras de repara\u00e7\u00e3o automotiva do Brasil e a maior do Centro-Oeste, incrementou em 30% a propor\u00e7\u00e3o do evento que acontecer\u00e1 novamente no Centro de Conven\u00e7\u00f5es de Goi\u00e2nia. A expectativa \u00e9 a presen\u00e7a de mais de 180 estandes de expositores e um","og_url":"https:\/\/lifesgo.an9.com.br\/index.php\/2024\/02\/07\/feira-da-reparacao-automotiva-acontece-em-setembro-e-deve-receber-50-mil-visitantes-na-edicao-de-2024-32\/","og_site_name":"LifesGo","article_published_time":"2024-02-07T21:12:09+00:00","og_image":[{"width":800,"height":533,"url":"https:\/\/lifesgo.an9.com.br\/wp-content\/uploads\/2024\/02\/WhatsApp-Image-2024-02-07-at-10.33.02-Copy-2-1-1-1-1-1-1-1-1-1-1-1-1.jpg","type":"image\/jpeg"}],"author":"AmericanNews","twitter_card":"summary_large_image","twitter_misc":{"Written by":"AmericanNews","Est. reading time":"3 minutes"},"schema":{"@context":"https:\/\/schema.org","@graph":[{"@type":"Article","@id":"https:\/\/lifesgo.an9.com.br\/index.php\/2024\/02\/07\/feira-da-reparacao-automotiva-acontece-em-setembro-e-deve-receber-50-mil-visitantes-na-edicao-de-2024-32\/#article","isPartOf":{"@id":"https:\/\/lifesgo.an9.com.br\/index.php\/2024\/02\/07\/feira-da-reparacao-automotiva-acontece-em-setembro-e-deve-receber-50-mil-visitantes-na-edicao-de-2024-32\/"},"author":{"name":"AmericanNews","@id":"https:\/\/lifesgo.an9.com.br\/#\/schema\/person\/3bb5969e0231fd236cfaaf8fb8fa662b"},"headline":"Feira da repara\u00e7\u00e3o automotiva acontece em setembro e deve receber 50 mil visitantes na edi\u00e7\u00e3o de 2024","datePublished":"2024-02-07T21:12:09+00:00","mainEntityOfPage":{"@id":"https:\/\/lifesgo.an9.com.br\/index.php\/2024\/02\/07\/feira-da-reparacao-automotiva-acontece-em-setembro-e-deve-receber-50-mil-visitantes-na-edicao-de-2024-32\/"},"wordCount":531,"image":{"@id":"https:\/\/lifesgo.an9.com.br\/index.php\/2024\/02\/07\/feira-da-reparacao-automotiva-acontece-em-setembro-e-deve-receber-50-mil-visitantes-na-edicao-de-2024-32\/#primaryimage"},"thumbnailUrl":"https:\/\/lifesgo.an9.com.br\/wp-content\/uploads\/2024\/02\/WhatsApp-Image-2024-02-07-at-10.33.02-Copy-2-1-1-1-1-1-1-1-1-1-1-1-1.jpg","articleSection":["Neg\u00f3cios"],"inLanguage":"en-US"},{"@type":"WebPage","@id":"https:\/\/lifesgo.an9.com.br\/index.php\/2024\/02\/07\/feira-da-reparacao-automotiva-acontece-em-setembro-e-deve-receber-50-mil-visitantes-na-edicao-de-2024-32\/","url":"https:\/\/lifesgo.an9.com.br\/index.php\/2024\/02\/07\/feira-da-reparacao-automotiva-acontece-em-setembro-e-deve-receber-50-mil-visitantes-na-edicao-de-2024-32\/","name":"Feira da repara\u00e7\u00e3o automotiva acontece em setembro e deve receber 50 mil visitantes na edi\u00e7\u00e3o de 2024 - LifesGo","isPartOf":{"@id":"https:\/\/lifesgo.an9.com.br\/#website"},"primaryImageOfPage":{"@id":"https:\/\/lifesgo.an9.com.br\/index.php\/2024\/02\/07\/feira-da-reparacao-automotiva-acontece-em-setembro-e-deve-receber-50-mil-visitantes-na-edicao-de-2024-32\/#primaryimage"},"image":{"@id":"https:\/\/lifesgo.an9.com.br\/index.php\/2024\/02\/07\/feira-da-reparacao-automotiva-acontece-em-setembro-e-deve-receber-50-mil-visitantes-na-edicao-de-2024-32\/#primaryimage"},"thumbnailUrl":"https:\/\/lifesgo.an9.com.br\/wp-content\/uploads\/2024\/02\/WhatsApp-Image-2024-02-07-at-10.33.02-Copy-2-1-1-1-1-1-1-1-1-1-1-1-1.jpg","datePublished":"2024-02-07T21:12:09+00:00","author":{"@id":"https:\/\/lifesgo.an9.com.br\/#\/schema\/person\/3bb5969e0231fd236cfaaf8fb8fa662b"},"breadcrumb":{"@id":"https:\/\/lifesgo.an9.com.br\/index.php\/2024\/02\/07\/feira-da-reparacao-automotiva-acontece-em-setembro-e-deve-receber-50-mil-visitantes-na-edicao-de-2024-32\/#breadcrumb"},"inLanguage":"en-US","potentialAction":[{"@type":"ReadAction","target":["https:\/\/lifesgo.an9.com.br\/index.php\/2024\/02\/07\/feira-da-reparacao-automotiva-acontece-em-setembro-e-deve-receber-50-mil-visitantes-na-edicao-de-2024-32\/"]}]},{"@type":"ImageObject","inLanguage":"en-US","@id":"https:\/\/lifesgo.an9.com.br\/index.php\/2024\/02\/07\/feira-da-reparacao-automotiva-acontece-em-setembro-e-deve-receber-50-mil-visitantes-na-edicao-de-2024-32\/#primaryimage","url":"https:\/\/lifesgo.an9.com.br\/wp-content\/uploads\/2024\/02\/WhatsApp-Image-2024-02-07-at-10.33.02-Copy-2-1-1-1-1-1-1-1-1-1-1-1-1.jpg","contentUrl":"https:\/\/lifesgo.an9.com.br\/wp-content\/uploads\/2024\/02\/WhatsApp-Image-2024-02-07-at-10.33.02-Copy-2-1-1-1-1-1-1-1-1-1-1-1-1.jpg","width":800,"height":533},{"@type":"BreadcrumbList","@id":"https:\/\/lifesgo.an9.com.br\/index.php\/2024\/02\/07\/feira-da-reparacao-automotiva-acontece-em-setembro-e-deve-receber-50-mil-visitantes-na-edicao-de-2024-32\/#breadcrumb","itemListElement":[{"@type":"ListItem","position":1,"name":"In\u00edcio","item":"https:\/\/lifesgo.an9.com.br\/"},{"@type":"ListItem","position":2,"name":"Feira da repara\u00e7\u00e3o automotiva acontece em setembro e deve receber 50 mil visitantes na edi\u00e7\u00e3o de 2024"}]},{"@type":"WebSite","@id":"https:\/\/lifesgo.an9.com.br\/#website","url":"https:\/\/lifesgo.an9.com.br\/","name":"LifesGo","description":"","potentialAction":[{"@type":"SearchAction","target":{"@type":"EntryPoint","urlTemplate":"https:\/\/lifesgo.an9.com.br\/?s={search_term_string}"},"query-input":{"@type":"PropertyValueSpecification","valueRequired":true,"valueName":"search_term_string"}}],"inLanguage":"en-US"},{"@type":"Person","@id":"https:\/\/lifesgo.an9.com.br\/#\/schema\/person\/3bb5969e0231fd236cfaaf8fb8fa662b","name":"AmericanNews","image":{"@type":"ImageObject","inLanguage":"en-US","@id":"https:\/\/secure.gravatar.com\/avatar\/11840b04ec2ab13e26b28a14a6d28e4c7da009b4c3e91e74adb5caf9cdab6783?s=96&d=mm&r=g","url":"https:\/\/secure.gravatar.com\/avatar\/11840b04ec2ab13e26b28a14a6d28e4c7da009b4c3e91e74adb5caf9cdab6783?s=96&d=mm&r=g","contentUrl":"https:\/\/secure.gravatar.com\/avatar\/11840b04ec2ab13e26b28a14a6d28e4c7da009b4c3e91e74adb5caf9cdab6783?s=96&d=mm&r=g","caption":"AmericanNews"},"url":"https:\/\/lifesgo.an9.com.br\/index.php\/author\/an9\/"}]}},"_links":{"self":[{"href":"https:\/\/lifesgo.an9.com.br\/index.php\/wp-json\/wp\/v2\/posts\/36733","targetHints":{"allow":["GET"]}}],"collection":[{"href":"https:\/\/lifesgo.an9.com.br\/index.php\/wp-json\/wp\/v2\/posts"}],"about":[{"href":"https:\/\/lifesgo.an9.com.br\/index.php\/wp-json\/wp\/v2\/types\/post"}],"author":[{"embeddable":true,"href":"https:\/\/lifesgo.an9.com.br\/index.php\/wp-json\/wp\/v2\/users\/14"}],"replies":[{"embeddable":true,"href":"https:\/\/lifesgo.an9.com.br\/index.php\/wp-json\/wp\/v2\/comments?post=36733"}],"version-history":[{"count":1,"href":"https:\/\/lifesgo.an9.com.br\/index.php\/wp-json\/wp\/v2\/posts\/36733\/revisions"}],"predecessor-version":[{"id":36734,"href":"https:\/\/lifesgo.an9.com.br\/index.php\/wp-json\/wp\/v2\/posts\/36733\/revisions\/36734"}],"wp:featuredmedia":[{"embeddable":true,"href":"https:\/\/lifesgo.an9.com.br\/index.php\/wp-json\/wp\/v2\/media\/36732"}],"wp:attachment":[{"href":"https:\/\/lifesgo.an9.com.br\/index.php\/wp-json\/wp\/v2\/media?parent=36733"}],"wp:term":[{"taxonomy":"category","embeddable":true,"href":"https:\/\/lifesgo.an9.com.br\/index.php\/wp-json\/wp\/v2\/categories?post=36733"},{"taxonomy":"post_tag","embeddable":true,"href":"https:\/\/lifesgo.an9.com.br\/index.php\/wp-json\/wp\/v2\/tags?post=36733"}],"curies":[{"name":"wp","href":"https:\/\/api.w.org\/{rel}","templated":true}]}}